{"id":20758,"date":"2026-03-06T07:08:16","date_gmt":"2026-03-06T10:08:16","guid":{"rendered":"https:\/\/brasilnoticias.org\/site\/?p=20758"},"modified":"2026-03-06T07:08:16","modified_gmt":"2026-03-06T10:08:16","slug":"geddel-reage-a-pressao-sobre-geraldo-jr-fala-em-lealdade-do-mdb-e-avisa-acidente-de-percurso-nao-muda-chapa","status":"publish","type":"post","link":"https:\/\/brasilnoticias.org\/site\/geddel-reage-a-pressao-sobre-geraldo-jr-fala-em-lealdade-do-mdb-e-avisa-acidente-de-percurso-nao-muda-chapa\/","title":{"rendered":"Geddel reage \u00e0 press\u00e3o sobre Geraldo Jr., fala em lealdade do MDB e avisa: &#8216;Acidente de percurso n\u00e3o muda chapa&#8217;"},"content":{"rendered":"<p>O ex-ministro da Integra\u00e7\u00e3o Nacional e uma das principais lideran\u00e7as do MDB na Bahia, Geddel Vieira Lima, minimizou o epis\u00f3dio de gafe do vice-governador Geraldo J\u00fanior (MDB). Esta semana, ele enviou por engano uma mensagem em um grupo de WhatsApp que comparava o ministro da Casa Civil, Rui Costa (PT), a \u201cum elefante em uma loja de cristal\u201d, seguida da frase \u201cmande viralizar\u201d.<\/p>\n<p>Em conversa com o Blog do Vila, o emedebista classificou o epis\u00f3dio como um acidente e disse que o caso n\u00e3o pode servir de argumento para questionar a perman\u00eancia do MDB na vice da chapa governista.<\/p>\n<p>\u201cA vice a gente n\u00e3o senta para negociar. Sabemos o nosso tamanho e peso nacional e estadual. Como eu j\u00e1 disse, n\u00e3o vemos raz\u00e3o para mudan\u00e7a. Geraldo j\u00e1 explicou o que aconteceu. Mandou uma mensagem errada. Foi um acidente. Quem nunca mandou uma mensagem errada pelo WhatsApp?\u201d, afirmou.<\/p>\n<p>Segundo o ex-ministro, a mensagem n\u00e3o foi criada por Geraldo J\u00fanior, mas recebida por ele e encaminhada de forma equivocada.<\/p>\n<p>\u201cEle recebeu uma mensagem, n\u00e3o foi ele que criou. Ia mandar para o filho dele, Matheus [Ferreira], e acabou enviando em um grupo. Depois apagou, mas algu\u00e9m tinha dado print e vazou\u201d, disse.<\/p>\n<p>\u201cN\u00e3o \u00e9 motivo para falar em substitui\u00e7\u00e3o\u201d<\/p>\n<p>Geddel afirmou que n\u00e3o v\u00ea raz\u00e3o para que o epis\u00f3dio seja usado como justificativa para discutir uma eventual substitui\u00e7\u00e3o do MDB na chapa encabe\u00e7ada pelo governador Jer\u00f4nimo Rodrigues (PT). Nos bastidores, fala-se em uma articula\u00e7\u00e3o de Rui para entregar o posto ao seu aliado Neto Caletto, deputado federal do Avante e genro do senador Otto Alencar, presidente estadual do PSD.<\/p>\n<p>\u201cN\u00e3o quero crer que um acidente de percurso seja motivo para se falar em substitui\u00e7\u00e3o de chapa\u201d, declarou.<\/p>\n<p>O emedebista tamb\u00e9m ressaltou que o partido tem mantido postura de lealdade ao projeto pol\u00edtico liderado pelo PT na Bahia.<\/p>\n<p>Segundo ele, um exemplo disso foi a posi\u00e7\u00e3o adotada pelo MDB baiano em um manifesto nacional que defendia o rompimento da legenda com o governo do presidente Lula.<\/p>\n<p>\u201cO MDB nacional recebeu um manifesto com 17 diret\u00f3rios estaduais defendendo rompimento com o PT e a Bahia n\u00e3o assinou. A Bahia tem peso fundamental na dire\u00e7\u00e3o nacional. Quer demonstra\u00e7\u00e3o maior de lealdade do que essa?\u201d, questionou.<\/p>\n<p>Cr\u00edticas a ataques e compara\u00e7\u00e3o com Otto<\/p>\n<p>Geddel tamb\u00e9m reclamou do que considera uma sequ\u00eancia de cr\u00edticas dirigidas ao vice-governador.<\/p>\n<p>\u201cTodo dia \u00e9 um ataque. Geraldo est\u00e1 sangrando com esses ataques h\u00e1 pelo menos cinco meses. A\u00ed dizem que isso \u00e9 cortina de fuma\u00e7a para encobrir uma briga de Wagner e Rui. N\u00e3o vou vestir a carapu\u00e7a nem ser bode expiat\u00f3rio de brigas que n\u00e3o s\u00e3o nossas\u201d, disse.<\/p>\n<p>Ele citou como compara\u00e7\u00e3o um epis\u00f3dio que envolveu o senador Otto Alencar (PSD), que teria classificado a chapa governista como \u201ccarni\u00e7a\u201d em uma entrevista \u00e0 imprensa nacional, mas depois atribuiu a fala a um equ\u00edvoco da publica\u00e7\u00e3o por n\u00e3o estar familiarizada com o termo \u201ccarlista\u201d.<\/p>\n<p>\u201cOtto chamou a chapa de carni\u00e7a, depois se explicou e acabou. Por que ningu\u00e9m pediu para tirar o PSD do grupo?\u201d, afirmou.<\/p>\n<p>Defesa de Geraldo ap\u00f3s derrota em 2024<\/p>\n<p>O ex-ministro tamb\u00e9m reagiu \u00e0s cr\u00edticas relacionadas \u00e0 derrota de Geraldo J\u00fanior na elei\u00e7\u00e3o para a Prefeitura de Salvador em 2024, quando terminou o pleito na 3\u00aa coloca\u00e7\u00e3o, atr\u00e1s do prefeito Bruno Reis (Uni\u00e3o) e do postulante do PSOL, Kl\u00e9ber Rosa.<\/p>\n<p>Segundo Geddel, o resultado eleitoral n\u00e3o pode ser usado para desqualificar o vice-governador politicamente.<\/p>\n<p>\u201cAquilo foi um projeto de [Jaques] Wagner, n\u00e3o do MDB. Eu mesmo defendi que ele n\u00e3o sa\u00edsse, mas respeitei a decis\u00e3o dele\u201d, afirmou.<\/p>\n<p>Ele lembrou que derrotas eleitorais fazem parte da trajet\u00f3ria de diversos l\u00edderes pol\u00edticos.<\/p>\n<p>\u201cDesde quando uma derrota eleitoral determina anula\u00e7\u00e3o pol\u00edtica? Rui Costa n\u00e3o foi eleito vereador e depois virou secret\u00e1rio, deputado, governador e ministro. Lula perdeu quatro elei\u00e7\u00f5es antes de ser presidente. Wagner perdeu para prefeito de Cama\u00e7ari antes de virar governador\u201d, disse.<\/p>\n<p>Geddel tamb\u00e9m citou o ex-prefeito de Salvador ACM Neto (Uni\u00e3o Brasil), que ficou em terceiro lugar na disputa municipal de 2008 antes de vencer a elei\u00e7\u00e3o quatro anos depois.<\/p>\n<p>MDB mant\u00e9m reivindica\u00e7\u00e3o pela vice<\/p>\n<p>Por fim, o dirigente emedebista afirmou que o partido mant\u00e9m a expectativa de continuar na majorit\u00e1ria governista que ir\u00e1 disputar a elei\u00e7\u00e3o de outubro.<\/p>\n<p>Ele tamb\u00e9m refutou a possibilidade de o MDB ser substitu\u00eddo por outro partido, como o Avante.<\/p>\n<p>\u201cNada contra Carletto e o partido, mas acabou de sair a resolu\u00e7\u00e3o do TSE e eles n\u00e3o passaram na cl\u00e1usula de barreira e n\u00e3o t\u00eam tempo de TV\u201d, disse.<\/p>\n<p>Geddel afirmou ainda que o MDB aguarda uma defini\u00e7\u00e3o pol\u00edtica sobre o assunto.<\/p>\n<p>\u201cAt\u00e9 hoje o conselho pol\u00edtico n\u00e3o se reuniu. J\u00e1 passou da hora de se estabelecer um di\u00e1logo com clareza pelo governador Jer\u00f4nimo\u201d, cobrou.<\/p>\n<p>De acordo com Jer\u00f4nimo, a composi\u00e7\u00e3o completa ser\u00e1 anunciada ainda este m\u00eas.<\/p>\n<p>Fonte: <a href=\"https:\/\/www.blogdovila.com.br\/noticia\/geddel-pressao\">Blog do Vila<\/a><\/p>\n","protected":false},"excerpt":{"rendered":"<p>O ex-ministro da Integra\u00e7\u00e3o Nacional e uma das principais lideran\u00e7as do MDB na Bahia, Geddel Vieira Lima, minimizou o epis\u00f3dio<\/p>\n","protected":false},"author":4,"featured_media":20759,"comment_status":"open","ping_status":"open","sticky":false,"template":"","format":"standard","meta":{"colormag_page_container_layout":"default_layout","colormag_page_sidebar_layout":"default_layout","_FSMCFIC_featured_image_caption":"","_FSMCFIC_featured_image_nocaption":"","_FSMCFIC_featured_image_hide":"","footnotes":""},"categories":[5,1],"tags":[],"class_list":["post-20758","post","type-post","status-publish","format-standard","has-post-thumbnail","hentry","category-politica","category-ultimas"],"yoast_head":"<!-- This site is optimized with the Yoast SEO plugin v27.1.1 - https:\/\/yoast.com\/product\/yoast-seo-wordpress\/ -->\n<title>Geddel reage \u00e0 press\u00e3o sobre Geraldo Jr., fala em lealdade do MDB e avisa: &#039;Acidente de percurso n\u00e3o muda chapa&#039; - Brasil not\u00edcias<\/title>\n<meta name=\"robots\" content=\"index, follow, max-snippet:-1, max-image-preview:large, max-video-preview:-1\" \/>\n<link rel=\"canonical\" href=\"https:\/\/brasilnoticias.org\/site\/geddel-reage-a-pressao-sobre-geraldo-jr-fala-em-lealdade-do-mdb-e-avisa-acidente-de-percurso-nao-muda-chapa\/\" \/>\n<meta property=\"og:locale\" content=\"pt_PT\" \/>\n<meta property=\"og:type\" content=\"article\" \/>\n<meta property=\"og:title\" content=\"Geddel reage \u00e0 press\u00e3o sobre Geraldo Jr., fala em lealdade do MDB e avisa: &#039;Acidente de percurso n\u00e3o muda chapa&#039; - Brasil not\u00edcias\" \/>\n<meta property=\"og:description\" content=\"O ex-ministro da Integra\u00e7\u00e3o Nacional e uma das principais lideran\u00e7as do MDB na Bahia, Geddel Vieira Lima, minimizou o epis\u00f3dio\" \/>\n<meta property=\"og:url\" content=\"https:\/\/brasilnoticias.org\/site\/geddel-reage-a-pressao-sobre-geraldo-jr-fala-em-lealdade-do-mdb-e-avisa-acidente-de-percurso-nao-muda-chapa\/\" \/>\n<meta property=\"og:site_name\" content=\"Brasil not\u00edcias\" \/>\n<meta property=\"article:published_time\" content=\"2026-03-06T10:08:16+00:00\" \/>\n<meta property=\"og:image\" content=\"https:\/\/brasilnoticias.org\/site\/wp-content\/uploads\/2026\/03\/WhatsApp-Image-2026-03-05-at-22.46.23.jpeg\" \/>\n\t<meta property=\"og:image:width\" content=\"1600\" \/>\n\t<meta property=\"og:image:height\" content=\"900\" \/>\n\t<meta property=\"og:image:type\" content=\"image\/jpeg\" \/>\n<meta name=\"author\" content=\"Reda\u00e7\u00e3o\" \/>\n<meta name=\"twitter:card\" content=\"summary_large_image\" \/>\n<meta name=\"twitter:label1\" content=\"Escrito por\" \/>\n\t<meta name=\"twitter:data1\" content=\"Reda\u00e7\u00e3o\" \/>\n\t<meta name=\"twitter:label2\" content=\"Tempo estimado de leitura\" \/>\n\t<meta name=\"twitter:data2\" content=\"1 minuto\" \/>\n<script type=\"application\/ld+json\" class=\"yoast-schema-graph\">{\"@context\":\"https:\/\/schema.org\",\"@graph\":[{\"@type\":\"Article\",\"@id\":\"https:\/\/brasilnoticias.org\/site\/geddel-reage-a-pressao-sobre-geraldo-jr-fala-em-lealdade-do-mdb-e-avisa-acidente-de-percurso-nao-muda-chapa\/#article\",\"isPartOf\":{\"@id\":\"https:\/\/brasilnoticias.org\/site\/geddel-reage-a-pressao-sobre-geraldo-jr-fala-em-lealdade-do-mdb-e-avisa-acidente-de-percurso-nao-muda-chapa\/\"},\"author\":{\"name\":\"Reda\u00e7\u00e3o\",\"@id\":\"https:\/\/brasilnoticias.org\/site\/#\/schema\/person\/03bbbfe6c7634ad18c26444ea39049fa\"},\"headline\":\"Geddel reage \u00e0 press\u00e3o sobre Geraldo Jr., fala em lealdade do MDB e avisa: &#8216;Acidente de percurso n\u00e3o muda chapa&#8217;\",\"datePublished\":\"2026-03-06T10:08:16+00:00\",\"mainEntityOfPage\":{\"@id\":\"https:\/\/brasilnoticias.org\/site\/geddel-reage-a-pressao-sobre-geraldo-jr-fala-em-lealdade-do-mdb-e-avisa-acidente-de-percurso-nao-muda-chapa\/\"},\"wordCount\":909,\"commentCount\":0,\"publisher\":{\"@id\":\"https:\/\/brasilnoticias.org\/site\/#organization\"},\"image\":{\"@id\":\"https:\/\/brasilnoticias.org\/site\/geddel-reage-a-pressao-sobre-geraldo-jr-fala-em-lealdade-do-mdb-e-avisa-acidente-de-percurso-nao-muda-chapa\/#primaryimage\"},\"thumbnailUrl\":\"https:\/\/brasilnoticias.org\/site\/wp-content\/uploads\/2026\/03\/WhatsApp-Image-2026-03-05-at-22.46.23.jpeg\",\"articleSection\":[\"Pol\u00edtica\",\"\u00daltimas\"],\"inLanguage\":\"pt-PT\",\"potentialAction\":[{\"@type\":\"CommentAction\",\"name\":\"Comment\",\"target\":[\"https:\/\/brasilnoticias.org\/site\/geddel-reage-a-pressao-sobre-geraldo-jr-fala-em-lealdade-do-mdb-e-avisa-acidente-de-percurso-nao-muda-chapa\/#respond\"]}]},{\"@type\":\"WebPage\",\"@id\":\"https:\/\/brasilnoticias.org\/site\/geddel-reage-a-pressao-sobre-geraldo-jr-fala-em-lealdade-do-mdb-e-avisa-acidente-de-percurso-nao-muda-chapa\/\",\"url\":\"https:\/\/brasilnoticias.org\/site\/geddel-reage-a-pressao-sobre-geraldo-jr-fala-em-lealdade-do-mdb-e-avisa-acidente-de-percurso-nao-muda-chapa\/\",\"name\":\"Geddel reage \u00e0 press\u00e3o sobre Geraldo Jr., fala em lealdade do MDB e avisa: 'Acidente de percurso n\u00e3o muda chapa' - Brasil not\u00edcias\",\"isPartOf\":{\"@id\":\"https:\/\/brasilnoticias.org\/site\/#website\"},\"primaryImageOfPage\":{\"@id\":\"https:\/\/brasilnoticias.org\/site\/geddel-reage-a-pressao-sobre-geraldo-jr-fala-em-lealdade-do-mdb-e-avisa-acidente-de-percurso-nao-muda-chapa\/#primaryimage\"},\"image\":{\"@id\":\"https:\/\/brasilnoticias.org\/site\/geddel-reage-a-pressao-sobre-geraldo-jr-fala-em-lealdade-do-mdb-e-avisa-acidente-de-percurso-nao-muda-chapa\/#primaryimage\"},\"thumbnailUrl\":\"https:\/\/brasilnoticias.org\/site\/wp-content\/uploads\/2026\/03\/WhatsApp-Image-2026-03-05-at-22.46.23.jpeg\",\"datePublished\":\"2026-03-06T10:08:16+00:00\",\"breadcrumb\":{\"@id\":\"https:\/\/brasilnoticias.org\/site\/geddel-reage-a-pressao-sobre-geraldo-jr-fala-em-lealdade-do-mdb-e-avisa-acidente-de-percurso-nao-muda-chapa\/#breadcrumb\"},\"inLanguage\":\"pt-PT\",\"potentialAction\":[{\"@type\":\"ReadAction\",\"target\":[\"https:\/\/brasilnoticias.org\/site\/geddel-reage-a-pressao-sobre-geraldo-jr-fala-em-lealdade-do-mdb-e-avisa-acidente-de-percurso-nao-muda-chapa\/\"]}]},{\"@type\":\"ImageObject\",\"inLanguage\":\"pt-PT\",\"@id\":\"https:\/\/brasilnoticias.org\/site\/geddel-reage-a-pressao-sobre-geraldo-jr-fala-em-lealdade-do-mdb-e-avisa-acidente-de-percurso-nao-muda-chapa\/#primaryimage\",\"url\":\"https:\/\/brasilnoticias.org\/site\/wp-content\/uploads\/2026\/03\/WhatsApp-Image-2026-03-05-at-22.46.23.jpeg\",\"contentUrl\":\"https:\/\/brasilnoticias.org\/site\/wp-content\/uploads\/2026\/03\/WhatsApp-Image-2026-03-05-at-22.46.23.jpeg\",\"width\":1600,\"height\":900,\"caption\":\"Jo\u00e1 Souza \/ GOVBA\"},{\"@type\":\"BreadcrumbList\",\"@id\":\"https:\/\/brasilnoticias.org\/site\/geddel-reage-a-pressao-sobre-geraldo-jr-fala-em-lealdade-do-mdb-e-avisa-acidente-de-percurso-nao-muda-chapa\/#breadcrumb\",\"itemListElement\":[{\"@type\":\"ListItem\",\"position\":1,\"name\":\"In\u00edcio\",\"item\":\"https:\/\/brasilnoticias.org\/site\/\"},{\"@type\":\"ListItem\",\"position\":2,\"name\":\"Geddel reage \u00e0 press\u00e3o sobre Geraldo Jr., fala em lealdade do MDB e avisa: &#8216;Acidente de percurso n\u00e3o muda chapa&#8217;\"}]},{\"@type\":\"WebSite\",\"@id\":\"https:\/\/brasilnoticias.org\/site\/#website\",\"url\":\"https:\/\/brasilnoticias.org\/site\/\",\"name\":\"Brasil not\u00edcias\",\"description\":\"Brasil not\u00edcias\",\"publisher\":{\"@id\":\"https:\/\/brasilnoticias.org\/site\/#organization\"},\"potentialAction\":[{\"@type\":\"SearchAction\",\"target\":{\"@type\":\"EntryPoint\",\"urlTemplate\":\"https:\/\/brasilnoticias.org\/site\/?s={search_term_string}\"},\"query-input\":{\"@type\":\"PropertyValueSpecification\",\"valueRequired\":true,\"valueName\":\"search_term_string\"}}],\"inLanguage\":\"pt-PT\"},{\"@type\":\"Organization\",\"@id\":\"https:\/\/brasilnoticias.org\/site\/#organization\",\"name\":\"Brasil not\u00edcias\",\"url\":\"https:\/\/brasilnoticias.org\/site\/\",\"logo\":{\"@type\":\"ImageObject\",\"inLanguage\":\"pt-PT\",\"@id\":\"https:\/\/brasilnoticias.org\/site\/#\/schema\/logo\/image\/\",\"url\":\"https:\/\/brasilnoticias.org\/site\/wp-content\/uploads\/2022\/05\/cropped-brasilnoticias-mini.jpg\",\"contentUrl\":\"https:\/\/brasilnoticias.org\/site\/wp-content\/uploads\/2022\/05\/cropped-brasilnoticias-mini.jpg\",\"width\":314,\"height\":86,\"caption\":\"Brasil not\u00edcias\"},\"image\":{\"@id\":\"https:\/\/brasilnoticias.org\/site\/#\/schema\/logo\/image\/\"}},{\"@type\":\"Person\",\"@id\":\"https:\/\/brasilnoticias.org\/site\/#\/schema\/person\/03bbbfe6c7634ad18c26444ea39049fa\",\"name\":\"Reda\u00e7\u00e3o\",\"image\":{\"@type\":\"ImageObject\",\"inLanguage\":\"pt-PT\",\"@id\":\"https:\/\/brasilnoticias.org\/site\/#\/schema\/person\/image\/\",\"url\":\"https:\/\/secure.gravatar.com\/avatar\/9ecaf7327a696cb23ad926fedded5f1f04d7049de9e445375d55b48c001a6e42?s=96&d=mm&r=g\",\"contentUrl\":\"https:\/\/secure.gravatar.com\/avatar\/9ecaf7327a696cb23ad926fedded5f1f04d7049de9e445375d55b48c001a6e42?s=96&d=mm&r=g\",\"caption\":\"Reda\u00e7\u00e3o\"},\"url\":\"https:\/\/brasilnoticias.org\/site\/author\/henrique\/\"}]}<\/script>\n<!-- \/ Yoast SEO plugin. -->","yoast_head_json":{"title":"Geddel reage \u00e0 press\u00e3o sobre Geraldo Jr., fala em lealdade do MDB e avisa: 'Acidente de percurso n\u00e3o muda chapa' - Brasil not\u00edcias","robots":{"index":"index","follow":"follow","max-snippet":"max-snippet:-1","max-image-preview":"max-image-preview:large","max-video-preview":"max-video-preview:-1"},"canonical":"https:\/\/brasilnoticias.org\/site\/geddel-reage-a-pressao-sobre-geraldo-jr-fala-em-lealdade-do-mdb-e-avisa-acidente-de-percurso-nao-muda-chapa\/","og_locale":"pt_PT","og_type":"article","og_title":"Geddel reage \u00e0 press\u00e3o sobre Geraldo Jr., fala em lealdade do MDB e avisa: 'Acidente de percurso n\u00e3o muda chapa' - Brasil not\u00edcias","og_description":"O ex-ministro da Integra\u00e7\u00e3o Nacional e uma das principais lideran\u00e7as do MDB na Bahia, Geddel Vieira Lima, minimizou o epis\u00f3dio","og_url":"https:\/\/brasilnoticias.org\/site\/geddel-reage-a-pressao-sobre-geraldo-jr-fala-em-lealdade-do-mdb-e-avisa-acidente-de-percurso-nao-muda-chapa\/","og_site_name":"Brasil not\u00edcias","article_published_time":"2026-03-06T10:08:16+00:00","og_image":[{"width":1600,"height":900,"url":"https:\/\/brasilnoticias.org\/site\/wp-content\/uploads\/2026\/03\/WhatsApp-Image-2026-03-05-at-22.46.23.jpeg","type":"image\/jpeg"}],"author":"Reda\u00e7\u00e3o","twitter_card":"summary_large_image","twitter_misc":{"Escrito por":"Reda\u00e7\u00e3o","Tempo estimado de leitura":"1 minuto"},"schema":{"@context":"https:\/\/schema.org","@graph":[{"@type":"Article","@id":"https:\/\/brasilnoticias.org\/site\/geddel-reage-a-pressao-sobre-geraldo-jr-fala-em-lealdade-do-mdb-e-avisa-acidente-de-percurso-nao-muda-chapa\/#article","isPartOf":{"@id":"https:\/\/brasilnoticias.org\/site\/geddel-reage-a-pressao-sobre-geraldo-jr-fala-em-lealdade-do-mdb-e-avisa-acidente-de-percurso-nao-muda-chapa\/"},"author":{"name":"Reda\u00e7\u00e3o","@id":"https:\/\/brasilnoticias.org\/site\/#\/schema\/person\/03bbbfe6c7634ad18c26444ea39049fa"},"headline":"Geddel reage \u00e0 press\u00e3o sobre Geraldo Jr., fala em lealdade do MDB e avisa: &#8216;Acidente de percurso n\u00e3o muda chapa&#8217;","datePublished":"2026-03-06T10:08:16+00:00","mainEntityOfPage":{"@id":"https:\/\/brasilnoticias.org\/site\/geddel-reage-a-pressao-sobre-geraldo-jr-fala-em-lealdade-do-mdb-e-avisa-acidente-de-percurso-nao-muda-chapa\/"},"wordCount":909,"commentCount":0,"publisher":{"@id":"https:\/\/brasilnoticias.org\/site\/#organization"},"image":{"@id":"https:\/\/brasilnoticias.org\/site\/geddel-reage-a-pressao-sobre-geraldo-jr-fala-em-lealdade-do-mdb-e-avisa-acidente-de-percurso-nao-muda-chapa\/#primaryimage"},"thumbnailUrl":"https:\/\/brasilnoticias.org\/site\/wp-content\/uploads\/2026\/03\/WhatsApp-Image-2026-03-05-at-22.46.23.jpeg","articleSection":["Pol\u00edtica","\u00daltimas"],"inLanguage":"pt-PT","potentialAction":[{"@type":"CommentAction","name":"Comment","target":["https:\/\/brasilnoticias.org\/site\/geddel-reage-a-pressao-sobre-geraldo-jr-fala-em-lealdade-do-mdb-e-avisa-acidente-de-percurso-nao-muda-chapa\/#respond"]}]},{"@type":"WebPage","@id":"https:\/\/brasilnoticias.org\/site\/geddel-reage-a-pressao-sobre-geraldo-jr-fala-em-lealdade-do-mdb-e-avisa-acidente-de-percurso-nao-muda-chapa\/","url":"https:\/\/brasilnoticias.org\/site\/geddel-reage-a-pressao-sobre-geraldo-jr-fala-em-lealdade-do-mdb-e-avisa-acidente-de-percurso-nao-muda-chapa\/","name":"Geddel reage \u00e0 press\u00e3o sobre Geraldo Jr., fala em lealdade do MDB e avisa: 'Acidente de percurso n\u00e3o muda chapa' - Brasil not\u00edcias","isPartOf":{"@id":"https:\/\/brasilnoticias.org\/site\/#website"},"primaryImageOfPage":{"@id":"https:\/\/brasilnoticias.org\/site\/geddel-reage-a-pressao-sobre-geraldo-jr-fala-em-lealdade-do-mdb-e-avisa-acidente-de-percurso-nao-muda-chapa\/#primaryimage"},"image":{"@id":"https:\/\/brasilnoticias.org\/site\/geddel-reage-a-pressao-sobre-geraldo-jr-fala-em-lealdade-do-mdb-e-avisa-acidente-de-percurso-nao-muda-chapa\/#primaryimage"},"thumbnailUrl":"https:\/\/brasilnoticias.org\/site\/wp-content\/uploads\/2026\/03\/WhatsApp-Image-2026-03-05-at-22.46.23.jpeg","datePublished":"2026-03-06T10:08:16+00:00","breadcrumb":{"@id":"https:\/\/brasilnoticias.org\/site\/geddel-reage-a-pressao-sobre-geraldo-jr-fala-em-lealdade-do-mdb-e-avisa-acidente-de-percurso-nao-muda-chapa\/#breadcrumb"},"inLanguage":"pt-PT","potentialAction":[{"@type":"ReadAction","target":["https:\/\/brasilnoticias.org\/site\/geddel-reage-a-pressao-sobre-geraldo-jr-fala-em-lealdade-do-mdb-e-avisa-acidente-de-percurso-nao-muda-chapa\/"]}]},{"@type":"ImageObject","inLanguage":"pt-PT","@id":"https:\/\/brasilnoticias.org\/site\/geddel-reage-a-pressao-sobre-geraldo-jr-fala-em-lealdade-do-mdb-e-avisa-acidente-de-percurso-nao-muda-chapa\/#primaryimage","url":"https:\/\/brasilnoticias.org\/site\/wp-content\/uploads\/2026\/03\/WhatsApp-Image-2026-03-05-at-22.46.23.jpeg","contentUrl":"https:\/\/brasilnoticias.org\/site\/wp-content\/uploads\/2026\/03\/WhatsApp-Image-2026-03-05-at-22.46.23.jpeg","width":1600,"height":900,"caption":"Jo\u00e1 Souza \/ GOVBA"},{"@type":"BreadcrumbList","@id":"https:\/\/brasilnoticias.org\/site\/geddel-reage-a-pressao-sobre-geraldo-jr-fala-em-lealdade-do-mdb-e-avisa-acidente-de-percurso-nao-muda-chapa\/#breadcrumb","itemListElement":[{"@type":"ListItem","position":1,"name":"In\u00edcio","item":"https:\/\/brasilnoticias.org\/site\/"},{"@type":"ListItem","position":2,"name":"Geddel reage \u00e0 press\u00e3o sobre Geraldo Jr., fala em lealdade do MDB e avisa: &#8216;Acidente de percurso n\u00e3o muda chapa&#8217;"}]},{"@type":"WebSite","@id":"https:\/\/brasilnoticias.org\/site\/#website","url":"https:\/\/brasilnoticias.org\/site\/","name":"Brasil not\u00edcias","description":"Brasil not\u00edcias","publisher":{"@id":"https:\/\/brasilnoticias.org\/site\/#organization"},"potentialAction":[{"@type":"SearchAction","target":{"@type":"EntryPoint","urlTemplate":"https:\/\/brasilnoticias.org\/site\/?s={search_term_string}"},"query-input":{"@type":"PropertyValueSpecification","valueRequired":true,"valueName":"search_term_string"}}],"inLanguage":"pt-PT"},{"@type":"Organization","@id":"https:\/\/brasilnoticias.org\/site\/#organization","name":"Brasil not\u00edcias","url":"https:\/\/brasilnoticias.org\/site\/","logo":{"@type":"ImageObject","inLanguage":"pt-PT","@id":"https:\/\/brasilnoticias.org\/site\/#\/schema\/logo\/image\/","url":"https:\/\/brasilnoticias.org\/site\/wp-content\/uploads\/2022\/05\/cropped-brasilnoticias-mini.jpg","contentUrl":"https:\/\/brasilnoticias.org\/site\/wp-content\/uploads\/2022\/05\/cropped-brasilnoticias-mini.jpg","width":314,"height":86,"caption":"Brasil not\u00edcias"},"image":{"@id":"https:\/\/brasilnoticias.org\/site\/#\/schema\/logo\/image\/"}},{"@type":"Person","@id":"https:\/\/brasilnoticias.org\/site\/#\/schema\/person\/03bbbfe6c7634ad18c26444ea39049fa","name":"Reda\u00e7\u00e3o","image":{"@type":"ImageObject","inLanguage":"pt-PT","@id":"https:\/\/brasilnoticias.org\/site\/#\/schema\/person\/image\/","url":"https:\/\/secure.gravatar.com\/avatar\/9ecaf7327a696cb23ad926fedded5f1f04d7049de9e445375d55b48c001a6e42?s=96&d=mm&r=g","contentUrl":"https:\/\/secure.gravatar.com\/avatar\/9ecaf7327a696cb23ad926fedded5f1f04d7049de9e445375d55b48c001a6e42?s=96&d=mm&r=g","caption":"Reda\u00e7\u00e3o"},"url":"https:\/\/brasilnoticias.org\/site\/author\/henrique\/"}]}},"_links":{"self":[{"href":"https:\/\/brasilnoticias.org\/site\/wp-json\/wp\/v2\/posts\/20758","targetHints":{"allow":["GET"]}}],"collection":[{"href":"https:\/\/brasilnoticias.org\/site\/wp-json\/wp\/v2\/posts"}],"about":[{"href":"https:\/\/brasilnoticias.org\/site\/wp-json\/wp\/v2\/types\/post"}],"author":[{"embeddable":true,"href":"https:\/\/brasilnoticias.org\/site\/wp-json\/wp\/v2\/users\/4"}],"replies":[{"embeddable":true,"href":"https:\/\/brasilnoticias.org\/site\/wp-json\/wp\/v2\/comments?post=20758"}],"version-history":[{"count":1,"href":"https:\/\/brasilnoticias.org\/site\/wp-json\/wp\/v2\/posts\/20758\/revisions"}],"predecessor-version":[{"id":20760,"href":"https:\/\/brasilnoticias.org\/site\/wp-json\/wp\/v2\/posts\/20758\/revisions\/20760"}],"wp:featuredmedia":[{"embeddable":true,"href":"https:\/\/brasilnoticias.org\/site\/wp-json\/wp\/v2\/media\/20759"}],"wp:attachment":[{"href":"https:\/\/brasilnoticias.org\/site\/wp-json\/wp\/v2\/media?parent=20758"}],"wp:term":[{"taxonomy":"category","embeddable":true,"href":"https:\/\/brasilnoticias.org\/site\/wp-json\/wp\/v2\/categories?post=20758"},{"taxonomy":"post_tag","embeddable":true,"href":"https:\/\/brasilnoticias.org\/site\/wp-json\/wp\/v2\/tags?post=20758"}],"curies":[{"name":"wp","href":"https:\/\/api.w.org\/{rel}","templated":true}]}}