{"id":20774,"date":"2026-03-09T06:37:40","date_gmt":"2026-03-09T09:37:40","guid":{"rendered":"https:\/\/brasilnoticias.org\/site\/?p=20774"},"modified":"2026-03-09T06:38:14","modified_gmt":"2026-03-09T09:38:14","slug":"cruzeiro-vence-atletico-e-e-campeao-mineiro-em-final-marcada-por-briga-generalizada-no-mineirao","status":"publish","type":"post","link":"https:\/\/brasilnoticias.org\/site\/cruzeiro-vence-atletico-e-e-campeao-mineiro-em-final-marcada-por-briga-generalizada-no-mineirao\/","title":{"rendered":"Cruzeiro vence Atl\u00e9tico e \u00e9 campe\u00e3o mineiro em final marcada por briga generalizada no Mineir\u00e3o"},"content":{"rendered":"<p>O Cruzeiro conquistou o t\u00edtulo do Campeonato Mineiro de 2026 ao vencer o Atl\u00e9tico-MG por 1 a 0, neste domingo (8), no est\u00e1dio Mineir\u00e3o, em Belo Horizonte. A decis\u00e3o, por\u00e9m, terminou marcada por uma briga generalizada entre jogadores das duas equipes, que protagonizaram cenas de grande tens\u00e3o dentro de campo.<\/p>\n<p>O gol da vit\u00f3ria celeste foi marcado pelo atacante Kaio Jorge, que garantiu o resultado e confirmou a conquista do Cruzeiro diante do maior rival. A partida foi bastante disputada e teve clima de forte rivalidade durante praticamente todo o confronto.<\/p>\n<p>Confus\u00e3o no fim do jogo<\/p>\n<p>Nos minutos finais da partida, ap\u00f3s um lance que gerou discuss\u00e3o entre jogadores, a situa\u00e7\u00e3o saiu do controle. Atletas das duas equipes come\u00e7aram a trocar empurr\u00f5es e ofensas, o que rapidamente evoluiu para uma briga generalizada no gramado.<\/p>\n<p>Jogadores titulares, reservas e integrantes das comiss\u00f5es t\u00e9cnicas se envolveram no tumulto, com empurr\u00f5es, tentativas de agress\u00e3o e muita confus\u00e3o dentro de campo. A arbitragem precisou interromper o jogo por alguns minutos at\u00e9 que a situa\u00e7\u00e3o fosse parcialmente controlada.<\/p>\n<p>Seguran\u00e7a e policiais entraram em campo<\/p>\n<p>Devido \u00e0 gravidade da confus\u00e3o, seguran\u00e7as do est\u00e1dio e policiais precisaram entrar no gramado para ajudar a separar os envolvidos e evitar que a briga tomasse propor\u00e7\u00f5es ainda maiores.<\/p>\n<p>Ap\u00f3s a interven\u00e7\u00e3o e com o clima j\u00e1 bastante tenso, a arbitragem decidiu encerrar a partida. Com isso, foi confirmada a vit\u00f3ria do Cruzeiro e a conquista do t\u00edtulo estadual.<\/p>\n<p>T\u00edtulo com gosto especial<\/p>\n<p>Apesar da confus\u00e3o no final, o Cruzeiro celebrou a conquista do Campeonato Mineiro de 2026, resultado importante para o clube e para a torcida, que comemorou o triunfo sobre o maior rival.<\/p>\n<p>O epis\u00f3dio da briga generalizada rapidamente repercutiu nas redes sociais e em programas esportivos, gerando cr\u00edticas e debates sobre o comportamento dos jogadores em campo.<\/p>\n<p>V\u00eddeo da briga<\/p>\n<p>Imagens da confus\u00e3o entre jogadores de Cruzeiro e Atl\u00e9tico-MG come\u00e7aram a circular nas redes sociais e mostram o momento em que a discuss\u00e3o se transforma em pancadaria dentro do gramado do Mineir\u00e3o.<\/p>\n<p>As cenas refor\u00e7am o clima de tens\u00e3o que marcou o cl\u00e1ssico e devem ser analisadas pelas autoridades esportivas, que podem aplicar puni\u00e7\u00f5es aos atletas envolvidos ap\u00f3s an\u00e1lise do ocorrido.<\/p>\n<p>Video: <iframe loading=\"lazy\" width=\"780\" height=\"439\" src=\"https:\/\/www.youtube.com\/embed\/hG5FE-Hifvg\" title=\"BRIGA: CRUZEIRO X ATL\u00c9TICO-MG REGISTRA CENAS LAMENT\u00c1VEIS | Campeonato Mineiro | ge.globo\" frameborder=\"0\" allow=\"accelerometer; autoplay; clipboard-write; encrypted-media; gyroscope; picture-in-picture; web-share\" referrerpolicy=\"strict-origin-when-cross-origin\" allowfullscreen><\/iframe><\/p>\n","protected":false},"excerpt":{"rendered":"<p>O Cruzeiro conquistou o t\u00edtulo do Campeonato Mineiro de 2026 ao vencer o Atl\u00e9tico-MG por 1 a 0, neste domingo<\/p>\n","protected":false},"author":4,"featured_media":20775,"comment_status":"open","ping_status":"open","sticky":false,"template":"","format":"standard","meta":{"colormag_page_container_layout":"default_layout","colormag_page_sidebar_layout":"default_layout","_FSMCFIC_featured_image_caption":"","_FSMCFIC_featured_image_nocaption":"","_FSMCFIC_featured_image_hide":"","footnotes":""},"categories":[4,1],"tags":[],"class_list":["post-20774","post","type-post","status-publish","format-standard","has-post-thumbnail","hentry","category-esporte","category-ultimas"],"yoast_head":"<!-- This site is optimized with the Yoast SEO plugin v27.1.1 - https:\/\/yoast.com\/product\/yoast-seo-wordpress\/ -->\n<title>Cruzeiro vence Atl\u00e9tico e \u00e9 campe\u00e3o mineiro em final marcada por briga generalizada no Mineir\u00e3o - Brasil not\u00edcias<\/title>\n<meta name=\"robots\" content=\"index, follow, max-snippet:-1, max-image-preview:large, max-video-preview:-1\" \/>\n<link rel=\"canonical\" href=\"https:\/\/brasilnoticias.org\/site\/cruzeiro-vence-atletico-e-e-campeao-mineiro-em-final-marcada-por-briga-generalizada-no-mineirao\/\" \/>\n<meta property=\"og:locale\" content=\"pt_PT\" \/>\n<meta property=\"og:type\" content=\"article\" \/>\n<meta property=\"og:title\" content=\"Cruzeiro vence Atl\u00e9tico e \u00e9 campe\u00e3o mineiro em final marcada por briga generalizada no Mineir\u00e3o - Brasil not\u00edcias\" \/>\n<meta property=\"og:description\" content=\"O Cruzeiro conquistou o t\u00edtulo do Campeonato Mineiro de 2026 ao vencer o Atl\u00e9tico-MG por 1 a 0, neste domingo\" \/>\n<meta property=\"og:url\" content=\"https:\/\/brasilnoticias.org\/site\/cruzeiro-vence-atletico-e-e-campeao-mineiro-em-final-marcada-por-briga-generalizada-no-mineirao\/\" \/>\n<meta property=\"og:site_name\" content=\"Brasil not\u00edcias\" \/>\n<meta property=\"article:published_time\" content=\"2026-03-09T09:37:40+00:00\" \/>\n<meta property=\"article:modified_time\" content=\"2026-03-09T09:38:14+00:00\" \/>\n<meta property=\"og:image\" content=\"https:\/\/brasilnoticias.org\/site\/wp-content\/uploads\/2026\/03\/Copia-de-Copia-de-Copia-de-Copia-de-Copia-de-Copia-de-CAPA-32.png\" \/>\n\t<meta property=\"og:image:width\" content=\"878\" \/>\n\t<meta property=\"og:image:height\" content=\"526\" \/>\n\t<meta property=\"og:image:type\" content=\"image\/png\" \/>\n<meta name=\"author\" content=\"Reda\u00e7\u00e3o\" \/>\n<meta name=\"twitter:card\" content=\"summary_large_image\" \/>\n<meta name=\"twitter:label1\" content=\"Escrito por\" \/>\n\t<meta name=\"twitter:data1\" content=\"Reda\u00e7\u00e3o\" \/>\n\t<meta name=\"twitter:label2\" content=\"Tempo estimado de leitura\" \/>\n\t<meta name=\"twitter:data2\" content=\"3 minutos\" \/>\n<script type=\"application\/ld+json\" class=\"yoast-schema-graph\">{\"@context\":\"https:\/\/schema.org\",\"@graph\":[{\"@type\":\"Article\",\"@id\":\"https:\/\/brasilnoticias.org\/site\/cruzeiro-vence-atletico-e-e-campeao-mineiro-em-final-marcada-por-briga-generalizada-no-mineirao\/#article\",\"isPartOf\":{\"@id\":\"https:\/\/brasilnoticias.org\/site\/cruzeiro-vence-atletico-e-e-campeao-mineiro-em-final-marcada-por-briga-generalizada-no-mineirao\/\"},\"author\":{\"name\":\"Reda\u00e7\u00e3o\",\"@id\":\"https:\/\/brasilnoticias.org\/site\/#\/schema\/person\/03bbbfe6c7634ad18c26444ea39049fa\"},\"headline\":\"Cruzeiro vence Atl\u00e9tico e \u00e9 campe\u00e3o mineiro em final marcada por briga generalizada no Mineir\u00e3o\",\"datePublished\":\"2026-03-09T09:37:40+00:00\",\"dateModified\":\"2026-03-09T09:38:14+00:00\",\"mainEntityOfPage\":{\"@id\":\"https:\/\/brasilnoticias.org\/site\/cruzeiro-vence-atletico-e-e-campeao-mineiro-em-final-marcada-por-briga-generalizada-no-mineirao\/\"},\"wordCount\":420,\"commentCount\":0,\"publisher\":{\"@id\":\"https:\/\/brasilnoticias.org\/site\/#organization\"},\"image\":{\"@id\":\"https:\/\/brasilnoticias.org\/site\/cruzeiro-vence-atletico-e-e-campeao-mineiro-em-final-marcada-por-briga-generalizada-no-mineirao\/#primaryimage\"},\"thumbnailUrl\":\"https:\/\/brasilnoticias.org\/site\/wp-content\/uploads\/2026\/03\/Copia-de-Copia-de-Copia-de-Copia-de-Copia-de-Copia-de-CAPA-32.png\",\"articleSection\":[\"Esporte\",\"\u00daltimas\"],\"inLanguage\":\"pt-PT\",\"potentialAction\":[{\"@type\":\"CommentAction\",\"name\":\"Comment\",\"target\":[\"https:\/\/brasilnoticias.org\/site\/cruzeiro-vence-atletico-e-e-campeao-mineiro-em-final-marcada-por-briga-generalizada-no-mineirao\/#respond\"]}]},{\"@type\":\"WebPage\",\"@id\":\"https:\/\/brasilnoticias.org\/site\/cruzeiro-vence-atletico-e-e-campeao-mineiro-em-final-marcada-por-briga-generalizada-no-mineirao\/\",\"url\":\"https:\/\/brasilnoticias.org\/site\/cruzeiro-vence-atletico-e-e-campeao-mineiro-em-final-marcada-por-briga-generalizada-no-mineirao\/\",\"name\":\"Cruzeiro vence Atl\u00e9tico e \u00e9 campe\u00e3o mineiro em final marcada por briga generalizada no Mineir\u00e3o - Brasil not\u00edcias\",\"isPartOf\":{\"@id\":\"https:\/\/brasilnoticias.org\/site\/#website\"},\"primaryImageOfPage\":{\"@id\":\"https:\/\/brasilnoticias.org\/site\/cruzeiro-vence-atletico-e-e-campeao-mineiro-em-final-marcada-por-briga-generalizada-no-mineirao\/#primaryimage\"},\"image\":{\"@id\":\"https:\/\/brasilnoticias.org\/site\/cruzeiro-vence-atletico-e-e-campeao-mineiro-em-final-marcada-por-briga-generalizada-no-mineirao\/#primaryimage\"},\"thumbnailUrl\":\"https:\/\/brasilnoticias.org\/site\/wp-content\/uploads\/2026\/03\/Copia-de-Copia-de-Copia-de-Copia-de-Copia-de-Copia-de-CAPA-32.png\",\"datePublished\":\"2026-03-09T09:37:40+00:00\",\"dateModified\":\"2026-03-09T09:38:14+00:00\",\"breadcrumb\":{\"@id\":\"https:\/\/brasilnoticias.org\/site\/cruzeiro-vence-atletico-e-e-campeao-mineiro-em-final-marcada-por-briga-generalizada-no-mineirao\/#breadcrumb\"},\"inLanguage\":\"pt-PT\",\"potentialAction\":[{\"@type\":\"ReadAction\",\"target\":[\"https:\/\/brasilnoticias.org\/site\/cruzeiro-vence-atletico-e-e-campeao-mineiro-em-final-marcada-por-briga-generalizada-no-mineirao\/\"]}]},{\"@type\":\"ImageObject\",\"inLanguage\":\"pt-PT\",\"@id\":\"https:\/\/brasilnoticias.org\/site\/cruzeiro-vence-atletico-e-e-campeao-mineiro-em-final-marcada-por-briga-generalizada-no-mineirao\/#primaryimage\",\"url\":\"https:\/\/brasilnoticias.org\/site\/wp-content\/uploads\/2026\/03\/Copia-de-Copia-de-Copia-de-Copia-de-Copia-de-Copia-de-CAPA-32.png\",\"contentUrl\":\"https:\/\/brasilnoticias.org\/site\/wp-content\/uploads\/2026\/03\/Copia-de-Copia-de-Copia-de-Copia-de-Copia-de-Copia-de-CAPA-32.png\",\"width\":878,\"height\":526,\"caption\":\"Divulga\u00e7\u00e3o\"},{\"@type\":\"BreadcrumbList\",\"@id\":\"https:\/\/brasilnoticias.org\/site\/cruzeiro-vence-atletico-e-e-campeao-mineiro-em-final-marcada-por-briga-generalizada-no-mineirao\/#breadcrumb\",\"itemListElement\":[{\"@type\":\"ListItem\",\"position\":1,\"name\":\"In\u00edcio\",\"item\":\"https:\/\/brasilnoticias.org\/site\/\"},{\"@type\":\"ListItem\",\"position\":2,\"name\":\"Cruzeiro vence Atl\u00e9tico e \u00e9 campe\u00e3o mineiro em final marcada por briga generalizada no Mineir\u00e3o\"}]},{\"@type\":\"WebSite\",\"@id\":\"https:\/\/brasilnoticias.org\/site\/#website\",\"url\":\"https:\/\/brasilnoticias.org\/site\/\",\"name\":\"Brasil not\u00edcias\",\"description\":\"Brasil not\u00edcias\",\"publisher\":{\"@id\":\"https:\/\/brasilnoticias.org\/site\/#organization\"},\"potentialAction\":[{\"@type\":\"SearchAction\",\"target\":{\"@type\":\"EntryPoint\",\"urlTemplate\":\"https:\/\/brasilnoticias.org\/site\/?s={search_term_string}\"},\"query-input\":{\"@type\":\"PropertyValueSpecification\",\"valueRequired\":true,\"valueName\":\"search_term_string\"}}],\"inLanguage\":\"pt-PT\"},{\"@type\":\"Organization\",\"@id\":\"https:\/\/brasilnoticias.org\/site\/#organization\",\"name\":\"Brasil not\u00edcias\",\"url\":\"https:\/\/brasilnoticias.org\/site\/\",\"logo\":{\"@type\":\"ImageObject\",\"inLanguage\":\"pt-PT\",\"@id\":\"https:\/\/brasilnoticias.org\/site\/#\/schema\/logo\/image\/\",\"url\":\"https:\/\/brasilnoticias.org\/site\/wp-content\/uploads\/2022\/05\/cropped-brasilnoticias-mini.jpg\",\"contentUrl\":\"https:\/\/brasilnoticias.org\/site\/wp-content\/uploads\/2022\/05\/cropped-brasilnoticias-mini.jpg\",\"width\":314,\"height\":86,\"caption\":\"Brasil not\u00edcias\"},\"image\":{\"@id\":\"https:\/\/brasilnoticias.org\/site\/#\/schema\/logo\/image\/\"}},{\"@type\":\"Person\",\"@id\":\"https:\/\/brasilnoticias.org\/site\/#\/schema\/person\/03bbbfe6c7634ad18c26444ea39049fa\",\"name\":\"Reda\u00e7\u00e3o\",\"image\":{\"@type\":\"ImageObject\",\"inLanguage\":\"pt-PT\",\"@id\":\"https:\/\/brasilnoticias.org\/site\/#\/schema\/person\/image\/\",\"url\":\"https:\/\/secure.gravatar.com\/avatar\/9ecaf7327a696cb23ad926fedded5f1f04d7049de9e445375d55b48c001a6e42?s=96&d=mm&r=g\",\"contentUrl\":\"https:\/\/secure.gravatar.com\/avatar\/9ecaf7327a696cb23ad926fedded5f1f04d7049de9e445375d55b48c001a6e42?s=96&d=mm&r=g\",\"caption\":\"Reda\u00e7\u00e3o\"},\"url\":\"https:\/\/brasilnoticias.org\/site\/author\/henrique\/\"}]}<\/script>\n<!-- \/ Yoast SEO plugin. -->","yoast_head_json":{"title":"Cruzeiro vence Atl\u00e9tico e \u00e9 campe\u00e3o mineiro em final marcada por briga generalizada no Mineir\u00e3o - Brasil not\u00edcias","robots":{"index":"index","follow":"follow","max-snippet":"max-snippet:-1","max-image-preview":"max-image-preview:large","max-video-preview":"max-video-preview:-1"},"canonical":"https:\/\/brasilnoticias.org\/site\/cruzeiro-vence-atletico-e-e-campeao-mineiro-em-final-marcada-por-briga-generalizada-no-mineirao\/","og_locale":"pt_PT","og_type":"article","og_title":"Cruzeiro vence Atl\u00e9tico e \u00e9 campe\u00e3o mineiro em final marcada por briga generalizada no Mineir\u00e3o - Brasil not\u00edcias","og_description":"O Cruzeiro conquistou o t\u00edtulo do Campeonato Mineiro de 2026 ao vencer o Atl\u00e9tico-MG por 1 a 0, neste domingo","og_url":"https:\/\/brasilnoticias.org\/site\/cruzeiro-vence-atletico-e-e-campeao-mineiro-em-final-marcada-por-briga-generalizada-no-mineirao\/","og_site_name":"Brasil not\u00edcias","article_published_time":"2026-03-09T09:37:40+00:00","article_modified_time":"2026-03-09T09:38:14+00:00","og_image":[{"width":878,"height":526,"url":"https:\/\/brasilnoticias.org\/site\/wp-content\/uploads\/2026\/03\/Copia-de-Copia-de-Copia-de-Copia-de-Copia-de-Copia-de-CAPA-32.png","type":"image\/png"}],"author":"Reda\u00e7\u00e3o","twitter_card":"summary_large_image","twitter_misc":{"Escrito por":"Reda\u00e7\u00e3o","Tempo estimado de leitura":"3 minutos"},"schema":{"@context":"https:\/\/schema.org","@graph":[{"@type":"Article","@id":"https:\/\/brasilnoticias.org\/site\/cruzeiro-vence-atletico-e-e-campeao-mineiro-em-final-marcada-por-briga-generalizada-no-mineirao\/#article","isPartOf":{"@id":"https:\/\/brasilnoticias.org\/site\/cruzeiro-vence-atletico-e-e-campeao-mineiro-em-final-marcada-por-briga-generalizada-no-mineirao\/"},"author":{"name":"Reda\u00e7\u00e3o","@id":"https:\/\/brasilnoticias.org\/site\/#\/schema\/person\/03bbbfe6c7634ad18c26444ea39049fa"},"headline":"Cruzeiro vence Atl\u00e9tico e \u00e9 campe\u00e3o mineiro em final marcada por briga generalizada no Mineir\u00e3o","datePublished":"2026-03-09T09:37:40+00:00","dateModified":"2026-03-09T09:38:14+00:00","mainEntityOfPage":{"@id":"https:\/\/brasilnoticias.org\/site\/cruzeiro-vence-atletico-e-e-campeao-mineiro-em-final-marcada-por-briga-generalizada-no-mineirao\/"},"wordCount":420,"commentCount":0,"publisher":{"@id":"https:\/\/brasilnoticias.org\/site\/#organization"},"image":{"@id":"https:\/\/brasilnoticias.org\/site\/cruzeiro-vence-atletico-e-e-campeao-mineiro-em-final-marcada-por-briga-generalizada-no-mineirao\/#primaryimage"},"thumbnailUrl":"https:\/\/brasilnoticias.org\/site\/wp-content\/uploads\/2026\/03\/Copia-de-Copia-de-Copia-de-Copia-de-Copia-de-Copia-de-CAPA-32.png","articleSection":["Esporte","\u00daltimas"],"inLanguage":"pt-PT","potentialAction":[{"@type":"CommentAction","name":"Comment","target":["https:\/\/brasilnoticias.org\/site\/cruzeiro-vence-atletico-e-e-campeao-mineiro-em-final-marcada-por-briga-generalizada-no-mineirao\/#respond"]}]},{"@type":"WebPage","@id":"https:\/\/brasilnoticias.org\/site\/cruzeiro-vence-atletico-e-e-campeao-mineiro-em-final-marcada-por-briga-generalizada-no-mineirao\/","url":"https:\/\/brasilnoticias.org\/site\/cruzeiro-vence-atletico-e-e-campeao-mineiro-em-final-marcada-por-briga-generalizada-no-mineirao\/","name":"Cruzeiro vence Atl\u00e9tico e \u00e9 campe\u00e3o mineiro em final marcada por briga generalizada no Mineir\u00e3o - Brasil not\u00edcias","isPartOf":{"@id":"https:\/\/brasilnoticias.org\/site\/#website"},"primaryImageOfPage":{"@id":"https:\/\/brasilnoticias.org\/site\/cruzeiro-vence-atletico-e-e-campeao-mineiro-em-final-marcada-por-briga-generalizada-no-mineirao\/#primaryimage"},"image":{"@id":"https:\/\/brasilnoticias.org\/site\/cruzeiro-vence-atletico-e-e-campeao-mineiro-em-final-marcada-por-briga-generalizada-no-mineirao\/#primaryimage"},"thumbnailUrl":"https:\/\/brasilnoticias.org\/site\/wp-content\/uploads\/2026\/03\/Copia-de-Copia-de-Copia-de-Copia-de-Copia-de-Copia-de-CAPA-32.png","datePublished":"2026-03-09T09:37:40+00:00","dateModified":"2026-03-09T09:38:14+00:00","breadcrumb":{"@id":"https:\/\/brasilnoticias.org\/site\/cruzeiro-vence-atletico-e-e-campeao-mineiro-em-final-marcada-por-briga-generalizada-no-mineirao\/#breadcrumb"},"inLanguage":"pt-PT","potentialAction":[{"@type":"ReadAction","target":["https:\/\/brasilnoticias.org\/site\/cruzeiro-vence-atletico-e-e-campeao-mineiro-em-final-marcada-por-briga-generalizada-no-mineirao\/"]}]},{"@type":"ImageObject","inLanguage":"pt-PT","@id":"https:\/\/brasilnoticias.org\/site\/cruzeiro-vence-atletico-e-e-campeao-mineiro-em-final-marcada-por-briga-generalizada-no-mineirao\/#primaryimage","url":"https:\/\/brasilnoticias.org\/site\/wp-content\/uploads\/2026\/03\/Copia-de-Copia-de-Copia-de-Copia-de-Copia-de-Copia-de-CAPA-32.png","contentUrl":"https:\/\/brasilnoticias.org\/site\/wp-content\/uploads\/2026\/03\/Copia-de-Copia-de-Copia-de-Copia-de-Copia-de-Copia-de-CAPA-32.png","width":878,"height":526,"caption":"Divulga\u00e7\u00e3o"},{"@type":"BreadcrumbList","@id":"https:\/\/brasilnoticias.org\/site\/cruzeiro-vence-atletico-e-e-campeao-mineiro-em-final-marcada-por-briga-generalizada-no-mineirao\/#breadcrumb","itemListElement":[{"@type":"ListItem","position":1,"name":"In\u00edcio","item":"https:\/\/brasilnoticias.org\/site\/"},{"@type":"ListItem","position":2,"name":"Cruzeiro vence Atl\u00e9tico e \u00e9 campe\u00e3o mineiro em final marcada por briga generalizada no Mineir\u00e3o"}]},{"@type":"WebSite","@id":"https:\/\/brasilnoticias.org\/site\/#website","url":"https:\/\/brasilnoticias.org\/site\/","name":"Brasil not\u00edcias","description":"Brasil not\u00edcias","publisher":{"@id":"https:\/\/brasilnoticias.org\/site\/#organization"},"potentialAction":[{"@type":"SearchAction","target":{"@type":"EntryPoint","urlTemplate":"https:\/\/brasilnoticias.org\/site\/?s={search_term_string}"},"query-input":{"@type":"PropertyValueSpecification","valueRequired":true,"valueName":"search_term_string"}}],"inLanguage":"pt-PT"},{"@type":"Organization","@id":"https:\/\/brasilnoticias.org\/site\/#organization","name":"Brasil not\u00edcias","url":"https:\/\/brasilnoticias.org\/site\/","logo":{"@type":"ImageObject","inLanguage":"pt-PT","@id":"https:\/\/brasilnoticias.org\/site\/#\/schema\/logo\/image\/","url":"https:\/\/brasilnoticias.org\/site\/wp-content\/uploads\/2022\/05\/cropped-brasilnoticias-mini.jpg","contentUrl":"https:\/\/brasilnoticias.org\/site\/wp-content\/uploads\/2022\/05\/cropped-brasilnoticias-mini.jpg","width":314,"height":86,"caption":"Brasil not\u00edcias"},"image":{"@id":"https:\/\/brasilnoticias.org\/site\/#\/schema\/logo\/image\/"}},{"@type":"Person","@id":"https:\/\/brasilnoticias.org\/site\/#\/schema\/person\/03bbbfe6c7634ad18c26444ea39049fa","name":"Reda\u00e7\u00e3o","image":{"@type":"ImageObject","inLanguage":"pt-PT","@id":"https:\/\/brasilnoticias.org\/site\/#\/schema\/person\/image\/","url":"https:\/\/secure.gravatar.com\/avatar\/9ecaf7327a696cb23ad926fedded5f1f04d7049de9e445375d55b48c001a6e42?s=96&d=mm&r=g","contentUrl":"https:\/\/secure.gravatar.com\/avatar\/9ecaf7327a696cb23ad926fedded5f1f04d7049de9e445375d55b48c001a6e42?s=96&d=mm&r=g","caption":"Reda\u00e7\u00e3o"},"url":"https:\/\/brasilnoticias.org\/site\/author\/henrique\/"}]}},"_links":{"self":[{"href":"https:\/\/brasilnoticias.org\/site\/wp-json\/wp\/v2\/posts\/20774","targetHints":{"allow":["GET"]}}],"collection":[{"href":"https:\/\/brasilnoticias.org\/site\/wp-json\/wp\/v2\/posts"}],"about":[{"href":"https:\/\/brasilnoticias.org\/site\/wp-json\/wp\/v2\/types\/post"}],"author":[{"embeddable":true,"href":"https:\/\/brasilnoticias.org\/site\/wp-json\/wp\/v2\/users\/4"}],"replies":[{"embeddable":true,"href":"https:\/\/brasilnoticias.org\/site\/wp-json\/wp\/v2\/comments?post=20774"}],"version-history":[{"count":1,"href":"https:\/\/brasilnoticias.org\/site\/wp-json\/wp\/v2\/posts\/20774\/revisions"}],"predecessor-version":[{"id":20776,"href":"https:\/\/brasilnoticias.org\/site\/wp-json\/wp\/v2\/posts\/20774\/revisions\/20776"}],"wp:featuredmedia":[{"embeddable":true,"href":"https:\/\/brasilnoticias.org\/site\/wp-json\/wp\/v2\/media\/20775"}],"wp:attachment":[{"href":"https:\/\/brasilnoticias.org\/site\/wp-json\/wp\/v2\/media?parent=20774"}],"wp:term":[{"taxonomy":"category","embeddable":true,"href":"https:\/\/brasilnoticias.org\/site\/wp-json\/wp\/v2\/categories?post=20774"},{"taxonomy":"post_tag","embeddable":true,"href":"https:\/\/brasilnoticias.org\/site\/wp-json\/wp\/v2\/tags?post=20774"}],"curies":[{"name":"wp","href":"https:\/\/api.w.org\/{rel}","templated":true}]}}