{"id":20783,"date":"2026-03-09T08:33:20","date_gmt":"2026-03-09T11:33:20","guid":{"rendered":"https:\/\/brasilnoticias.org\/site\/?p=20783"},"modified":"2026-03-09T08:33:20","modified_gmt":"2026-03-09T11:33:20","slug":"associacao-alerta-para-riscos-apos-alteracao-nas-regras-de-transito","status":"publish","type":"post","link":"https:\/\/brasilnoticias.org\/site\/associacao-alerta-para-riscos-apos-alteracao-nas-regras-de-transito\/","title":{"rendered":"Associa\u00e7\u00e3o alerta para riscos ap\u00f3s altera\u00e7\u00e3o nas regras de tr\u00e2nsito"},"content":{"rendered":"<p>Especialistas apontam que mudan\u00e7as podem impactar diretamente a seguran\u00e7a nas vias e aumentar o risco de acidentes.<\/p>\n<p>A Associa\u00e7\u00e3o Brasileira de Medicina de Tr\u00e1fego (Abramet) fez um alerta sobre poss\u00edveis riscos ap\u00f3s altera\u00e7\u00f5es recentes nas regras de tr\u00e2nsito no Brasil. Segundo a entidade, mudan\u00e7as nas normas podem afetar diretamente a seguran\u00e7a nas vias e aumentar a probabilidade de acidentes.<\/p>\n<p>De acordo com especialistas da associa\u00e7\u00e3o, pequenas altera\u00e7\u00f5es em limites de velocidade, por exemplo, podem ter grande impacto no n\u00famero de mortes no tr\u00e2nsito. Estudos citados pela entidade indicam que um aumento de apenas 5% na velocidade m\u00e9dia pode elevar em at\u00e9 20% o n\u00famero de mortes em acidentes.<\/p>\n<p>Outro ponto de preocupa\u00e7\u00e3o levantado pela Abramet \u00e9 a possibilidade de renova\u00e7\u00e3o autom\u00e1tica da Carteira Nacional de Habilita\u00e7\u00e3o (CNH) sem a realiza\u00e7\u00e3o de exames m\u00e9dicos e psicol\u00f3gicos, que s\u00e3o considerados fundamentais para avaliar as condi\u00e7\u00f5es de sa\u00fade dos motoristas.<\/p>\n<p>A associa\u00e7\u00e3o destaca que fatores como envelhecimento, doen\u00e7as cr\u00f4nicas, uso de medicamentos e dist\u00farbios do sono podem comprometer a capacidade de dirigir com seguran\u00e7a.<\/p>\n<p>Para a entidade, avalia\u00e7\u00f5es m\u00e9dicas peri\u00f3dicas s\u00e3o essenciais para garantir que condutores estejam aptos a dirigir e para contribuir na redu\u00e7\u00e3o de acidentes e mortes no tr\u00e2nsito.<\/p>\n","protected":false},"excerpt":{"rendered":"<p>Especialistas apontam que mudan\u00e7as podem impactar diretamente a seguran\u00e7a nas vias e aumentar o risco de acidentes. A Associa\u00e7\u00e3o Brasileira<\/p>\n","protected":false},"author":4,"featured_media":20784,"comment_status":"open","ping_status":"open","sticky":false,"template":"","format":"standard","meta":{"colormag_page_container_layout":"default_layout","colormag_page_sidebar_layout":"default_layout","_FSMCFIC_featured_image_caption":"","_FSMCFIC_featured_image_nocaption":"","_FSMCFIC_featured_image_hide":"","footnotes":""},"categories":[2,1],"tags":[],"class_list":["post-20783","post","type-post","status-publish","format-standard","has-post-thumbnail","hentry","category-noticias","category-ultimas"],"yoast_head":"<!-- This site is optimized with the Yoast SEO plugin v27.1.1 - https:\/\/yoast.com\/product\/yoast-seo-wordpress\/ -->\n<title>Associa\u00e7\u00e3o alerta para riscos ap\u00f3s altera\u00e7\u00e3o nas regras de tr\u00e2nsito - Brasil not\u00edcias<\/title>\n<meta name=\"robots\" content=\"index, follow, max-snippet:-1, max-image-preview:large, max-video-preview:-1\" \/>\n<link rel=\"canonical\" href=\"https:\/\/brasilnoticias.org\/site\/associacao-alerta-para-riscos-apos-alteracao-nas-regras-de-transito\/\" \/>\n<meta property=\"og:locale\" content=\"pt_PT\" \/>\n<meta property=\"og:type\" content=\"article\" \/>\n<meta property=\"og:title\" content=\"Associa\u00e7\u00e3o alerta para riscos ap\u00f3s altera\u00e7\u00e3o nas regras de tr\u00e2nsito - Brasil not\u00edcias\" \/>\n<meta property=\"og:description\" content=\"Especialistas apontam que mudan\u00e7as podem impactar diretamente a seguran\u00e7a nas vias e aumentar o risco de acidentes. A Associa\u00e7\u00e3o Brasileira\" \/>\n<meta property=\"og:url\" content=\"https:\/\/brasilnoticias.org\/site\/associacao-alerta-para-riscos-apos-alteracao-nas-regras-de-transito\/\" \/>\n<meta property=\"og:site_name\" content=\"Brasil not\u00edcias\" \/>\n<meta property=\"article:published_time\" content=\"2026-03-09T11:33:20+00:00\" \/>\n<meta property=\"og:image\" content=\"https:\/\/brasilnoticias.org\/site\/wp-content\/uploads\/2026\/03\/cnh_digital_abr1305223951.webp\" \/>\n\t<meta property=\"og:image:width\" content=\"1170\" \/>\n\t<meta property=\"og:image:height\" content=\"700\" \/>\n\t<meta property=\"og:image:type\" content=\"image\/webp\" \/>\n<meta name=\"author\" content=\"Reda\u00e7\u00e3o\" \/>\n<meta name=\"twitter:card\" content=\"summary_large_image\" \/>\n<meta name=\"twitter:label1\" content=\"Escrito por\" \/>\n\t<meta name=\"twitter:data1\" content=\"Reda\u00e7\u00e3o\" \/>\n\t<meta name=\"twitter:label2\" content=\"Tempo estimado de leitura\" \/>\n\t<meta name=\"twitter:data2\" content=\"1 minuto\" \/>\n<script type=\"application\/ld+json\" class=\"yoast-schema-graph\">{\"@context\":\"https:\/\/schema.org\",\"@graph\":[{\"@type\":\"Article\",\"@id\":\"https:\/\/brasilnoticias.org\/site\/associacao-alerta-para-riscos-apos-alteracao-nas-regras-de-transito\/#article\",\"isPartOf\":{\"@id\":\"https:\/\/brasilnoticias.org\/site\/associacao-alerta-para-riscos-apos-alteracao-nas-regras-de-transito\/\"},\"author\":{\"name\":\"Reda\u00e7\u00e3o\",\"@id\":\"https:\/\/brasilnoticias.org\/site\/#\/schema\/person\/03bbbfe6c7634ad18c26444ea39049fa\"},\"headline\":\"Associa\u00e7\u00e3o alerta para riscos ap\u00f3s altera\u00e7\u00e3o nas regras de tr\u00e2nsito\",\"datePublished\":\"2026-03-09T11:33:20+00:00\",\"mainEntityOfPage\":{\"@id\":\"https:\/\/brasilnoticias.org\/site\/associacao-alerta-para-riscos-apos-alteracao-nas-regras-de-transito\/\"},\"wordCount\":246,\"commentCount\":0,\"publisher\":{\"@id\":\"https:\/\/brasilnoticias.org\/site\/#organization\"},\"image\":{\"@id\":\"https:\/\/brasilnoticias.org\/site\/associacao-alerta-para-riscos-apos-alteracao-nas-regras-de-transito\/#primaryimage\"},\"thumbnailUrl\":\"https:\/\/brasilnoticias.org\/site\/wp-content\/uploads\/2026\/03\/cnh_digital_abr1305223951.webp\",\"articleSection\":[\"Not\u00edcias\",\"\u00daltimas\"],\"inLanguage\":\"pt-PT\",\"potentialAction\":[{\"@type\":\"CommentAction\",\"name\":\"Comment\",\"target\":[\"https:\/\/brasilnoticias.org\/site\/associacao-alerta-para-riscos-apos-alteracao-nas-regras-de-transito\/#respond\"]}]},{\"@type\":\"WebPage\",\"@id\":\"https:\/\/brasilnoticias.org\/site\/associacao-alerta-para-riscos-apos-alteracao-nas-regras-de-transito\/\",\"url\":\"https:\/\/brasilnoticias.org\/site\/associacao-alerta-para-riscos-apos-alteracao-nas-regras-de-transito\/\",\"name\":\"Associa\u00e7\u00e3o alerta para riscos ap\u00f3s altera\u00e7\u00e3o nas regras de tr\u00e2nsito - Brasil not\u00edcias\",\"isPartOf\":{\"@id\":\"https:\/\/brasilnoticias.org\/site\/#website\"},\"primaryImageOfPage\":{\"@id\":\"https:\/\/brasilnoticias.org\/site\/associacao-alerta-para-riscos-apos-alteracao-nas-regras-de-transito\/#primaryimage\"},\"image\":{\"@id\":\"https:\/\/brasilnoticias.org\/site\/associacao-alerta-para-riscos-apos-alteracao-nas-regras-de-transito\/#primaryimage\"},\"thumbnailUrl\":\"https:\/\/brasilnoticias.org\/site\/wp-content\/uploads\/2026\/03\/cnh_digital_abr1305223951.webp\",\"datePublished\":\"2026-03-09T11:33:20+00:00\",\"breadcrumb\":{\"@id\":\"https:\/\/brasilnoticias.org\/site\/associacao-alerta-para-riscos-apos-alteracao-nas-regras-de-transito\/#breadcrumb\"},\"inLanguage\":\"pt-PT\",\"potentialAction\":[{\"@type\":\"ReadAction\",\"target\":[\"https:\/\/brasilnoticias.org\/site\/associacao-alerta-para-riscos-apos-alteracao-nas-regras-de-transito\/\"]}]},{\"@type\":\"ImageObject\",\"inLanguage\":\"pt-PT\",\"@id\":\"https:\/\/brasilnoticias.org\/site\/associacao-alerta-para-riscos-apos-alteracao-nas-regras-de-transito\/#primaryimage\",\"url\":\"https:\/\/brasilnoticias.org\/site\/wp-content\/uploads\/2026\/03\/cnh_digital_abr1305223951.webp\",\"contentUrl\":\"https:\/\/brasilnoticias.org\/site\/wp-content\/uploads\/2026\/03\/cnh_digital_abr1305223951.webp\",\"width\":1170,\"height\":700,\"caption\":\"Marcello Casal JrAg\u00eancia Brasil\"},{\"@type\":\"BreadcrumbList\",\"@id\":\"https:\/\/brasilnoticias.org\/site\/associacao-alerta-para-riscos-apos-alteracao-nas-regras-de-transito\/#breadcrumb\",\"itemListElement\":[{\"@type\":\"ListItem\",\"position\":1,\"name\":\"In\u00edcio\",\"item\":\"https:\/\/brasilnoticias.org\/site\/\"},{\"@type\":\"ListItem\",\"position\":2,\"name\":\"Associa\u00e7\u00e3o alerta para riscos ap\u00f3s altera\u00e7\u00e3o nas regras de tr\u00e2nsito\"}]},{\"@type\":\"WebSite\",\"@id\":\"https:\/\/brasilnoticias.org\/site\/#website\",\"url\":\"https:\/\/brasilnoticias.org\/site\/\",\"name\":\"Brasil not\u00edcias\",\"description\":\"Brasil not\u00edcias\",\"publisher\":{\"@id\":\"https:\/\/brasilnoticias.org\/site\/#organization\"},\"potentialAction\":[{\"@type\":\"SearchAction\",\"target\":{\"@type\":\"EntryPoint\",\"urlTemplate\":\"https:\/\/brasilnoticias.org\/site\/?s={search_term_string}\"},\"query-input\":{\"@type\":\"PropertyValueSpecification\",\"valueRequired\":true,\"valueName\":\"search_term_string\"}}],\"inLanguage\":\"pt-PT\"},{\"@type\":\"Organization\",\"@id\":\"https:\/\/brasilnoticias.org\/site\/#organization\",\"name\":\"Brasil not\u00edcias\",\"url\":\"https:\/\/brasilnoticias.org\/site\/\",\"logo\":{\"@type\":\"ImageObject\",\"inLanguage\":\"pt-PT\",\"@id\":\"https:\/\/brasilnoticias.org\/site\/#\/schema\/logo\/image\/\",\"url\":\"https:\/\/brasilnoticias.org\/site\/wp-content\/uploads\/2022\/05\/cropped-brasilnoticias-mini.jpg\",\"contentUrl\":\"https:\/\/brasilnoticias.org\/site\/wp-content\/uploads\/2022\/05\/cropped-brasilnoticias-mini.jpg\",\"width\":314,\"height\":86,\"caption\":\"Brasil not\u00edcias\"},\"image\":{\"@id\":\"https:\/\/brasilnoticias.org\/site\/#\/schema\/logo\/image\/\"}},{\"@type\":\"Person\",\"@id\":\"https:\/\/brasilnoticias.org\/site\/#\/schema\/person\/03bbbfe6c7634ad18c26444ea39049fa\",\"name\":\"Reda\u00e7\u00e3o\",\"image\":{\"@type\":\"ImageObject\",\"inLanguage\":\"pt-PT\",\"@id\":\"https:\/\/brasilnoticias.org\/site\/#\/schema\/person\/image\/\",\"url\":\"https:\/\/secure.gravatar.com\/avatar\/9ecaf7327a696cb23ad926fedded5f1f04d7049de9e445375d55b48c001a6e42?s=96&d=mm&r=g\",\"contentUrl\":\"https:\/\/secure.gravatar.com\/avatar\/9ecaf7327a696cb23ad926fedded5f1f04d7049de9e445375d55b48c001a6e42?s=96&d=mm&r=g\",\"caption\":\"Reda\u00e7\u00e3o\"},\"url\":\"https:\/\/brasilnoticias.org\/site\/author\/henrique\/\"}]}<\/script>\n<!-- \/ Yoast SEO plugin. -->","yoast_head_json":{"title":"Associa\u00e7\u00e3o alerta para riscos ap\u00f3s altera\u00e7\u00e3o nas regras de tr\u00e2nsito - Brasil not\u00edcias","robots":{"index":"index","follow":"follow","max-snippet":"max-snippet:-1","max-image-preview":"max-image-preview:large","max-video-preview":"max-video-preview:-1"},"canonical":"https:\/\/brasilnoticias.org\/site\/associacao-alerta-para-riscos-apos-alteracao-nas-regras-de-transito\/","og_locale":"pt_PT","og_type":"article","og_title":"Associa\u00e7\u00e3o alerta para riscos ap\u00f3s altera\u00e7\u00e3o nas regras de tr\u00e2nsito - Brasil not\u00edcias","og_description":"Especialistas apontam que mudan\u00e7as podem impactar diretamente a seguran\u00e7a nas vias e aumentar o risco de acidentes. A Associa\u00e7\u00e3o Brasileira","og_url":"https:\/\/brasilnoticias.org\/site\/associacao-alerta-para-riscos-apos-alteracao-nas-regras-de-transito\/","og_site_name":"Brasil not\u00edcias","article_published_time":"2026-03-09T11:33:20+00:00","og_image":[{"width":1170,"height":700,"url":"https:\/\/brasilnoticias.org\/site\/wp-content\/uploads\/2026\/03\/cnh_digital_abr1305223951.webp","type":"image\/webp"}],"author":"Reda\u00e7\u00e3o","twitter_card":"summary_large_image","twitter_misc":{"Escrito por":"Reda\u00e7\u00e3o","Tempo estimado de leitura":"1 minuto"},"schema":{"@context":"https:\/\/schema.org","@graph":[{"@type":"Article","@id":"https:\/\/brasilnoticias.org\/site\/associacao-alerta-para-riscos-apos-alteracao-nas-regras-de-transito\/#article","isPartOf":{"@id":"https:\/\/brasilnoticias.org\/site\/associacao-alerta-para-riscos-apos-alteracao-nas-regras-de-transito\/"},"author":{"name":"Reda\u00e7\u00e3o","@id":"https:\/\/brasilnoticias.org\/site\/#\/schema\/person\/03bbbfe6c7634ad18c26444ea39049fa"},"headline":"Associa\u00e7\u00e3o alerta para riscos ap\u00f3s altera\u00e7\u00e3o nas regras de tr\u00e2nsito","datePublished":"2026-03-09T11:33:20+00:00","mainEntityOfPage":{"@id":"https:\/\/brasilnoticias.org\/site\/associacao-alerta-para-riscos-apos-alteracao-nas-regras-de-transito\/"},"wordCount":246,"commentCount":0,"publisher":{"@id":"https:\/\/brasilnoticias.org\/site\/#organization"},"image":{"@id":"https:\/\/brasilnoticias.org\/site\/associacao-alerta-para-riscos-apos-alteracao-nas-regras-de-transito\/#primaryimage"},"thumbnailUrl":"https:\/\/brasilnoticias.org\/site\/wp-content\/uploads\/2026\/03\/cnh_digital_abr1305223951.webp","articleSection":["Not\u00edcias","\u00daltimas"],"inLanguage":"pt-PT","potentialAction":[{"@type":"CommentAction","name":"Comment","target":["https:\/\/brasilnoticias.org\/site\/associacao-alerta-para-riscos-apos-alteracao-nas-regras-de-transito\/#respond"]}]},{"@type":"WebPage","@id":"https:\/\/brasilnoticias.org\/site\/associacao-alerta-para-riscos-apos-alteracao-nas-regras-de-transito\/","url":"https:\/\/brasilnoticias.org\/site\/associacao-alerta-para-riscos-apos-alteracao-nas-regras-de-transito\/","name":"Associa\u00e7\u00e3o alerta para riscos ap\u00f3s altera\u00e7\u00e3o nas regras de tr\u00e2nsito - Brasil not\u00edcias","isPartOf":{"@id":"https:\/\/brasilnoticias.org\/site\/#website"},"primaryImageOfPage":{"@id":"https:\/\/brasilnoticias.org\/site\/associacao-alerta-para-riscos-apos-alteracao-nas-regras-de-transito\/#primaryimage"},"image":{"@id":"https:\/\/brasilnoticias.org\/site\/associacao-alerta-para-riscos-apos-alteracao-nas-regras-de-transito\/#primaryimage"},"thumbnailUrl":"https:\/\/brasilnoticias.org\/site\/wp-content\/uploads\/2026\/03\/cnh_digital_abr1305223951.webp","datePublished":"2026-03-09T11:33:20+00:00","breadcrumb":{"@id":"https:\/\/brasilnoticias.org\/site\/associacao-alerta-para-riscos-apos-alteracao-nas-regras-de-transito\/#breadcrumb"},"inLanguage":"pt-PT","potentialAction":[{"@type":"ReadAction","target":["https:\/\/brasilnoticias.org\/site\/associacao-alerta-para-riscos-apos-alteracao-nas-regras-de-transito\/"]}]},{"@type":"ImageObject","inLanguage":"pt-PT","@id":"https:\/\/brasilnoticias.org\/site\/associacao-alerta-para-riscos-apos-alteracao-nas-regras-de-transito\/#primaryimage","url":"https:\/\/brasilnoticias.org\/site\/wp-content\/uploads\/2026\/03\/cnh_digital_abr1305223951.webp","contentUrl":"https:\/\/brasilnoticias.org\/site\/wp-content\/uploads\/2026\/03\/cnh_digital_abr1305223951.webp","width":1170,"height":700,"caption":"Marcello Casal JrAg\u00eancia Brasil"},{"@type":"BreadcrumbList","@id":"https:\/\/brasilnoticias.org\/site\/associacao-alerta-para-riscos-apos-alteracao-nas-regras-de-transito\/#breadcrumb","itemListElement":[{"@type":"ListItem","position":1,"name":"In\u00edcio","item":"https:\/\/brasilnoticias.org\/site\/"},{"@type":"ListItem","position":2,"name":"Associa\u00e7\u00e3o alerta para riscos ap\u00f3s altera\u00e7\u00e3o nas regras de tr\u00e2nsito"}]},{"@type":"WebSite","@id":"https:\/\/brasilnoticias.org\/site\/#website","url":"https:\/\/brasilnoticias.org\/site\/","name":"Brasil not\u00edcias","description":"Brasil not\u00edcias","publisher":{"@id":"https:\/\/brasilnoticias.org\/site\/#organization"},"potentialAction":[{"@type":"SearchAction","target":{"@type":"EntryPoint","urlTemplate":"https:\/\/brasilnoticias.org\/site\/?s={search_term_string}"},"query-input":{"@type":"PropertyValueSpecification","valueRequired":true,"valueName":"search_term_string"}}],"inLanguage":"pt-PT"},{"@type":"Organization","@id":"https:\/\/brasilnoticias.org\/site\/#organization","name":"Brasil not\u00edcias","url":"https:\/\/brasilnoticias.org\/site\/","logo":{"@type":"ImageObject","inLanguage":"pt-PT","@id":"https:\/\/brasilnoticias.org\/site\/#\/schema\/logo\/image\/","url":"https:\/\/brasilnoticias.org\/site\/wp-content\/uploads\/2022\/05\/cropped-brasilnoticias-mini.jpg","contentUrl":"https:\/\/brasilnoticias.org\/site\/wp-content\/uploads\/2022\/05\/cropped-brasilnoticias-mini.jpg","width":314,"height":86,"caption":"Brasil not\u00edcias"},"image":{"@id":"https:\/\/brasilnoticias.org\/site\/#\/schema\/logo\/image\/"}},{"@type":"Person","@id":"https:\/\/brasilnoticias.org\/site\/#\/schema\/person\/03bbbfe6c7634ad18c26444ea39049fa","name":"Reda\u00e7\u00e3o","image":{"@type":"ImageObject","inLanguage":"pt-PT","@id":"https:\/\/brasilnoticias.org\/site\/#\/schema\/person\/image\/","url":"https:\/\/secure.gravatar.com\/avatar\/9ecaf7327a696cb23ad926fedded5f1f04d7049de9e445375d55b48c001a6e42?s=96&d=mm&r=g","contentUrl":"https:\/\/secure.gravatar.com\/avatar\/9ecaf7327a696cb23ad926fedded5f1f04d7049de9e445375d55b48c001a6e42?s=96&d=mm&r=g","caption":"Reda\u00e7\u00e3o"},"url":"https:\/\/brasilnoticias.org\/site\/author\/henrique\/"}]}},"_links":{"self":[{"href":"https:\/\/brasilnoticias.org\/site\/wp-json\/wp\/v2\/posts\/20783","targetHints":{"allow":["GET"]}}],"collection":[{"href":"https:\/\/brasilnoticias.org\/site\/wp-json\/wp\/v2\/posts"}],"about":[{"href":"https:\/\/brasilnoticias.org\/site\/wp-json\/wp\/v2\/types\/post"}],"author":[{"embeddable":true,"href":"https:\/\/brasilnoticias.org\/site\/wp-json\/wp\/v2\/users\/4"}],"replies":[{"embeddable":true,"href":"https:\/\/brasilnoticias.org\/site\/wp-json\/wp\/v2\/comments?post=20783"}],"version-history":[{"count":1,"href":"https:\/\/brasilnoticias.org\/site\/wp-json\/wp\/v2\/posts\/20783\/revisions"}],"predecessor-version":[{"id":20785,"href":"https:\/\/brasilnoticias.org\/site\/wp-json\/wp\/v2\/posts\/20783\/revisions\/20785"}],"wp:featuredmedia":[{"embeddable":true,"href":"https:\/\/brasilnoticias.org\/site\/wp-json\/wp\/v2\/media\/20784"}],"wp:attachment":[{"href":"https:\/\/brasilnoticias.org\/site\/wp-json\/wp\/v2\/media?parent=20783"}],"wp:term":[{"taxonomy":"category","embeddable":true,"href":"https:\/\/brasilnoticias.org\/site\/wp-json\/wp\/v2\/categories?post=20783"},{"taxonomy":"post_tag","embeddable":true,"href":"https:\/\/brasilnoticias.org\/site\/wp-json\/wp\/v2\/tags?post=20783"}],"curies":[{"name":"wp","href":"https:\/\/api.w.org\/{rel}","templated":true}]}}