{"id":20807,"date":"2026-03-09T14:26:22","date_gmt":"2026-03-09T17:26:22","guid":{"rendered":"https:\/\/brasilnoticias.org\/site\/?p=20807"},"modified":"2026-03-09T14:26:22","modified_gmt":"2026-03-09T17:26:22","slug":"podemos-pode-abrigar-coronel-e-romper-com-governo-samuel-junior-admite-convite-e-avalia-mudanca-partidaria","status":"publish","type":"post","link":"https:\/\/brasilnoticias.org\/site\/podemos-pode-abrigar-coronel-e-romper-com-governo-samuel-junior-admite-convite-e-avalia-mudanca-partidaria\/","title":{"rendered":"Podemos pode abrigar Coronel e romper com governo; Samuel J\u00fanior admite convite e avalia mudan\u00e7a partid\u00e1ria"},"content":{"rendered":"<p>A poss\u00edvel mudan\u00e7a de comando do Podemos na Bahia, com a chegada do senador \u00c2ngelo Coronel (sem partido) e de seu grupo pol\u00edtico, pode provocar um novo abalo na base do governador Jer\u00f4nimo Rodrigues (PT) e redesenhar o cen\u00e1rio partid\u00e1rio para as elei\u00e7\u00f5es de 2026.<\/p>\n<p>Informa\u00e7\u00f5es de bastidores obtidas pelo Blog do Vila aponta que Coronel negocia assumir o controle da legenda no estado e levar para o partido filhos, aliados e prefeitos ligados ao seu grupo, o que significaria, na pr\u00e1tica, o rompimento do Podemos com o governo estadual e sua aproxima\u00e7\u00e3o com o campo da oposi\u00e7\u00e3o liderado por ACM Neto (Uni\u00e3o Brasil). Conforme a apura\u00e7\u00e3o, a movimenta\u00e7\u00e3o depende agora de entendimento com o atual presidente da sigla Heber Santana para ser efetivada. <\/p>\n<p>O tema veio \u00e0 tona durante entrevista do deputado estadual Samuel J\u00fanior (Republicanos) \u00e0 r\u00e1dio CBN Salvador. O parlamentar confirmou que conversou recentemente com Coronel em Bras\u00edlia e revelou que recebeu um convite para acompanhar o senador em um eventual movimento partid\u00e1rio.<\/p>\n<p>Segundo ele, a conversa ocorreu h\u00e1 cerca de duas semanas.<\/p>\n<p>\u201cCoronel me fez o convite para que, no partido que ele pudesse ir, eu pudesse estar junto com ele. A gente tem uma rela\u00e7\u00e3o de amizade e ele perguntou se seria poss\u00edvel sentarmos para conversar\u201d, afirmou.<\/p>\n<p>Movimento pode tirar partido da base do governo<\/p>\n<p>Caso se confirme, a opera\u00e7\u00e3o teria peso simb\u00f3lico importante na disputa pol\u00edtica baiana.<\/p>\n<p>Hoje, o Podemos integra a base do governo Jer\u00f4nimo, mas a eventual chegada de Coronel poderia mudar o alinhamento da legenda.<\/p>\n<p>O pr\u00f3prio Samuel J\u00fanior destacou que um movimento do tipo teria impacto pol\u00edtico relevante.<\/p>\n<p>\u201cVoc\u00ea pega um partido que hoje est\u00e1 na base do governo e leva para o outro lado. Isso cria um fato pol\u00edtico importante no processo eleitoral\u201d, avaliou.<\/p>\n<p>Nos bastidores, a articula\u00e7\u00e3o envolveria tamb\u00e9m deputados e aliados pr\u00f3ximos da fam\u00edlia Coronel, o que ampliaria a presen\u00e7a do grupo na nova legenda. Nos c\u00e1lculos do senador, ser\u00e3o levados consigo cerca de cinco candidatos a deputado estadual e at\u00e9 quatro para federal.<\/p>\n<p>Deputado admite que pode avaliar ida para o Podemos<\/p>\n<p>Em meio \u00e0 reorganiza\u00e7\u00e3o partid\u00e1ria, Samuel J\u00fanior reconheceu que tamb\u00e9m avalia seu futuro pol\u00edtico e n\u00e3o descartou a possibilidade de migrar para o Podemos, caso o cen\u00e1rio se confirme.<\/p>\n<p>\u201cHoje o Podemos \u00e9 uma conversa que pode se ter. N\u00e3o descarto essa possibilidade\u201d, disse.<\/p>\n<p>O deputado explicou que seu principal foco \u00e9 garantir viabilidade eleitoral para o grupo pol\u00edtico que lidera, especialmente para a candidatura a deputado federal do vereador Abra\u00e3o Reis, de Lauro de Freitas.<\/p>\n<p>Segundo ele, esse fator \u00e9 determinante para qualquer decis\u00e3o.<\/p>\n<p>\u201cO nosso quebra-cabe\u00e7a est\u00e1 centrado em buscar um abrigo partid\u00e1rio que viabilize a candidatura de Abra\u00e3o a deputado federal\u201d, afirmou.<\/p>\n<p>PDT est\u00e1 descartado<\/p>\n<p>Se o Podemos aparece como possibilidade, o mesmo n\u00e3o ocorre com o PDT, partido pelo qual Samuel J\u00fanior j\u00e1 foi eleito deputado estadual.<\/p>\n<p>O parlamentar descartou qualquer retorno \u00e0 legenda, mesmo que a sigla aceite regressar ao grupo liderado pelo ex-prefeito ACM Neto (Uni\u00e3o).<\/p>\n<p>\u201cPara o PDT eu j\u00e1 garanto que \u00e9 um partido que a gente nem sentaria para conversar. N\u00e3o existe nenhuma possibilidade de retorno\u201d, declarou.<\/p>\n<p>A justificativa, segundo ele, est\u00e1 nas diferen\u00e7as ideol\u00f3gicas e no alinhamento nacional da sigla com setores da esquerda.<\/p>\n<p>Republicanos e PL seguem no radar<\/p>\n<p>Apesar das conversas em andamento, Samuel J\u00fanior afirmou que n\u00e3o tem motiva\u00e7\u00e3o pessoal para deixar o Republicanos, partido pelo qual foi eleito e onde foi o deputado estadual mais votado da legenda na \u00faltima elei\u00e7\u00e3o.<\/p>\n<p>Ele admitiu, no entanto, que tamb\u00e9m mant\u00e9m di\u00e1logo com o PL, partido com o qual possui proximidade pol\u00edtica e religiosa.<\/p>\n<p>\u201cHoje estou no Republicanos e n\u00e3o existe motiva\u00e7\u00e3o pessoal para sair. Mas estamos conversando com outras agremia\u00e7\u00f5es porque precisamos construir um caminho vi\u00e1vel para a elei\u00e7\u00e3o\u201d, explicou.<\/p>\n<p>Com a janela partid\u00e1ria aberta at\u00e9 4 de abril, o deputado avalia que novas movimenta\u00e7\u00f5es ainda devem ocorrer no tabuleiro pol\u00edtico baiano.<\/p>\n<p>\u201cAt\u00e9 o fechamento da janela partid\u00e1ria muitas coisas ainda v\u00e3o acontecer na pol\u00edtica da Bahia\u201d, projetou.<\/p>\n<p>Fonte: <a href=\"https:\/\/www.blogdovila.com.br\/noticia\/podemos-coronel-samuel\">Blog do Vila<\/a><\/p>\n","protected":false},"excerpt":{"rendered":"<p>A poss\u00edvel mudan\u00e7a de comando do Podemos na Bahia, com a chegada do senador \u00c2ngelo Coronel (sem partido) e de<\/p>\n","protected":false},"author":4,"featured_media":20808,"comment_status":"open","ping_status":"open","sticky":false,"template":"","format":"standard","meta":{"colormag_page_container_layout":"default_layout","colormag_page_sidebar_layout":"default_layout","_FSMCFIC_featured_image_caption":"","_FSMCFIC_featured_image_nocaption":"","_FSMCFIC_featured_image_hide":"","footnotes":""},"categories":[5,1],"tags":[],"class_list":["post-20807","post","type-post","status-publish","format-standard","has-post-thumbnail","hentry","category-politica","category-ultimas"],"yoast_head":"<!-- This site is optimized with the Yoast SEO plugin v27.1.1 - https:\/\/yoast.com\/product\/yoast-seo-wordpress\/ -->\n<title>Podemos pode abrigar Coronel e romper com governo; Samuel J\u00fanior admite convite e avalia mudan\u00e7a partid\u00e1ria - Brasil not\u00edcias<\/title>\n<meta name=\"robots\" content=\"index, follow, max-snippet:-1, max-image-preview:large, max-video-preview:-1\" \/>\n<link rel=\"canonical\" href=\"https:\/\/brasilnoticias.org\/site\/podemos-pode-abrigar-coronel-e-romper-com-governo-samuel-junior-admite-convite-e-avalia-mudanca-partidaria\/\" \/>\n<meta property=\"og:locale\" content=\"pt_PT\" \/>\n<meta property=\"og:type\" content=\"article\" \/>\n<meta property=\"og:title\" content=\"Podemos pode abrigar Coronel e romper com governo; Samuel J\u00fanior admite convite e avalia mudan\u00e7a partid\u00e1ria - Brasil not\u00edcias\" \/>\n<meta property=\"og:description\" content=\"A poss\u00edvel mudan\u00e7a de comando do Podemos na Bahia, com a chegada do senador \u00c2ngelo Coronel (sem partido) e de\" \/>\n<meta property=\"og:url\" content=\"https:\/\/brasilnoticias.org\/site\/podemos-pode-abrigar-coronel-e-romper-com-governo-samuel-junior-admite-convite-e-avalia-mudanca-partidaria\/\" \/>\n<meta property=\"og:site_name\" content=\"Brasil not\u00edcias\" \/>\n<meta property=\"article:published_time\" content=\"2026-03-09T17:26:22+00:00\" \/>\n<meta property=\"og:image\" content=\"https:\/\/brasilnoticias.org\/site\/wp-content\/uploads\/2026\/03\/WhatsApp-Image-2026-03-09-at-14.00.20.jpeg\" \/>\n\t<meta property=\"og:image:width\" content=\"1280\" \/>\n\t<meta property=\"og:image:height\" content=\"720\" \/>\n\t<meta property=\"og:image:type\" content=\"image\/jpeg\" \/>\n<meta name=\"author\" content=\"Reda\u00e7\u00e3o\" \/>\n<meta name=\"twitter:card\" content=\"summary_large_image\" \/>\n<meta name=\"twitter:label1\" content=\"Escrito por\" \/>\n\t<meta name=\"twitter:data1\" content=\"Reda\u00e7\u00e3o\" \/>\n\t<meta name=\"twitter:label2\" content=\"Tempo estimado de leitura\" \/>\n\t<meta name=\"twitter:data2\" content=\"1 minuto\" \/>\n<script type=\"application\/ld+json\" class=\"yoast-schema-graph\">{\"@context\":\"https:\/\/schema.org\",\"@graph\":[{\"@type\":\"Article\",\"@id\":\"https:\/\/brasilnoticias.org\/site\/podemos-pode-abrigar-coronel-e-romper-com-governo-samuel-junior-admite-convite-e-avalia-mudanca-partidaria\/#article\",\"isPartOf\":{\"@id\":\"https:\/\/brasilnoticias.org\/site\/podemos-pode-abrigar-coronel-e-romper-com-governo-samuel-junior-admite-convite-e-avalia-mudanca-partidaria\/\"},\"author\":{\"name\":\"Reda\u00e7\u00e3o\",\"@id\":\"https:\/\/brasilnoticias.org\/site\/#\/schema\/person\/03bbbfe6c7634ad18c26444ea39049fa\"},\"headline\":\"Podemos pode abrigar Coronel e romper com governo; Samuel J\u00fanior admite convite e avalia mudan\u00e7a partid\u00e1ria\",\"datePublished\":\"2026-03-09T17:26:22+00:00\",\"mainEntityOfPage\":{\"@id\":\"https:\/\/brasilnoticias.org\/site\/podemos-pode-abrigar-coronel-e-romper-com-governo-samuel-junior-admite-convite-e-avalia-mudanca-partidaria\/\"},\"wordCount\":753,\"commentCount\":0,\"publisher\":{\"@id\":\"https:\/\/brasilnoticias.org\/site\/#organization\"},\"image\":{\"@id\":\"https:\/\/brasilnoticias.org\/site\/podemos-pode-abrigar-coronel-e-romper-com-governo-samuel-junior-admite-convite-e-avalia-mudanca-partidaria\/#primaryimage\"},\"thumbnailUrl\":\"https:\/\/brasilnoticias.org\/site\/wp-content\/uploads\/2026\/03\/WhatsApp-Image-2026-03-09-at-14.00.20.jpeg\",\"articleSection\":[\"Pol\u00edtica\",\"\u00daltimas\"],\"inLanguage\":\"pt-PT\",\"potentialAction\":[{\"@type\":\"CommentAction\",\"name\":\"Comment\",\"target\":[\"https:\/\/brasilnoticias.org\/site\/podemos-pode-abrigar-coronel-e-romper-com-governo-samuel-junior-admite-convite-e-avalia-mudanca-partidaria\/#respond\"]}]},{\"@type\":\"WebPage\",\"@id\":\"https:\/\/brasilnoticias.org\/site\/podemos-pode-abrigar-coronel-e-romper-com-governo-samuel-junior-admite-convite-e-avalia-mudanca-partidaria\/\",\"url\":\"https:\/\/brasilnoticias.org\/site\/podemos-pode-abrigar-coronel-e-romper-com-governo-samuel-junior-admite-convite-e-avalia-mudanca-partidaria\/\",\"name\":\"Podemos pode abrigar Coronel e romper com governo; Samuel J\u00fanior admite convite e avalia mudan\u00e7a partid\u00e1ria - Brasil not\u00edcias\",\"isPartOf\":{\"@id\":\"https:\/\/brasilnoticias.org\/site\/#website\"},\"primaryImageOfPage\":{\"@id\":\"https:\/\/brasilnoticias.org\/site\/podemos-pode-abrigar-coronel-e-romper-com-governo-samuel-junior-admite-convite-e-avalia-mudanca-partidaria\/#primaryimage\"},\"image\":{\"@id\":\"https:\/\/brasilnoticias.org\/site\/podemos-pode-abrigar-coronel-e-romper-com-governo-samuel-junior-admite-convite-e-avalia-mudanca-partidaria\/#primaryimage\"},\"thumbnailUrl\":\"https:\/\/brasilnoticias.org\/site\/wp-content\/uploads\/2026\/03\/WhatsApp-Image-2026-03-09-at-14.00.20.jpeg\",\"datePublished\":\"2026-03-09T17:26:22+00:00\",\"breadcrumb\":{\"@id\":\"https:\/\/brasilnoticias.org\/site\/podemos-pode-abrigar-coronel-e-romper-com-governo-samuel-junior-admite-convite-e-avalia-mudanca-partidaria\/#breadcrumb\"},\"inLanguage\":\"pt-PT\",\"potentialAction\":[{\"@type\":\"ReadAction\",\"target\":[\"https:\/\/brasilnoticias.org\/site\/podemos-pode-abrigar-coronel-e-romper-com-governo-samuel-junior-admite-convite-e-avalia-mudanca-partidaria\/\"]}]},{\"@type\":\"ImageObject\",\"inLanguage\":\"pt-PT\",\"@id\":\"https:\/\/brasilnoticias.org\/site\/podemos-pode-abrigar-coronel-e-romper-com-governo-samuel-junior-admite-convite-e-avalia-mudanca-partidaria\/#primaryimage\",\"url\":\"https:\/\/brasilnoticias.org\/site\/wp-content\/uploads\/2026\/03\/WhatsApp-Image-2026-03-09-at-14.00.20.jpeg\",\"contentUrl\":\"https:\/\/brasilnoticias.org\/site\/wp-content\/uploads\/2026\/03\/WhatsApp-Image-2026-03-09-at-14.00.20.jpeg\",\"width\":1280,\"height\":720,\"caption\":\"Evil\u00e1sio J\u00fanior\"},{\"@type\":\"BreadcrumbList\",\"@id\":\"https:\/\/brasilnoticias.org\/site\/podemos-pode-abrigar-coronel-e-romper-com-governo-samuel-junior-admite-convite-e-avalia-mudanca-partidaria\/#breadcrumb\",\"itemListElement\":[{\"@type\":\"ListItem\",\"position\":1,\"name\":\"In\u00edcio\",\"item\":\"https:\/\/brasilnoticias.org\/site\/\"},{\"@type\":\"ListItem\",\"position\":2,\"name\":\"Podemos pode abrigar Coronel e romper com governo; Samuel J\u00fanior admite convite e avalia mudan\u00e7a partid\u00e1ria\"}]},{\"@type\":\"WebSite\",\"@id\":\"https:\/\/brasilnoticias.org\/site\/#website\",\"url\":\"https:\/\/brasilnoticias.org\/site\/\",\"name\":\"Brasil not\u00edcias\",\"description\":\"Brasil not\u00edcias\",\"publisher\":{\"@id\":\"https:\/\/brasilnoticias.org\/site\/#organization\"},\"potentialAction\":[{\"@type\":\"SearchAction\",\"target\":{\"@type\":\"EntryPoint\",\"urlTemplate\":\"https:\/\/brasilnoticias.org\/site\/?s={search_term_string}\"},\"query-input\":{\"@type\":\"PropertyValueSpecification\",\"valueRequired\":true,\"valueName\":\"search_term_string\"}}],\"inLanguage\":\"pt-PT\"},{\"@type\":\"Organization\",\"@id\":\"https:\/\/brasilnoticias.org\/site\/#organization\",\"name\":\"Brasil not\u00edcias\",\"url\":\"https:\/\/brasilnoticias.org\/site\/\",\"logo\":{\"@type\":\"ImageObject\",\"inLanguage\":\"pt-PT\",\"@id\":\"https:\/\/brasilnoticias.org\/site\/#\/schema\/logo\/image\/\",\"url\":\"https:\/\/brasilnoticias.org\/site\/wp-content\/uploads\/2022\/05\/cropped-brasilnoticias-mini.jpg\",\"contentUrl\":\"https:\/\/brasilnoticias.org\/site\/wp-content\/uploads\/2022\/05\/cropped-brasilnoticias-mini.jpg\",\"width\":314,\"height\":86,\"caption\":\"Brasil not\u00edcias\"},\"image\":{\"@id\":\"https:\/\/brasilnoticias.org\/site\/#\/schema\/logo\/image\/\"}},{\"@type\":\"Person\",\"@id\":\"https:\/\/brasilnoticias.org\/site\/#\/schema\/person\/03bbbfe6c7634ad18c26444ea39049fa\",\"name\":\"Reda\u00e7\u00e3o\",\"image\":{\"@type\":\"ImageObject\",\"inLanguage\":\"pt-PT\",\"@id\":\"https:\/\/brasilnoticias.org\/site\/#\/schema\/person\/image\/\",\"url\":\"https:\/\/secure.gravatar.com\/avatar\/9ecaf7327a696cb23ad926fedded5f1f04d7049de9e445375d55b48c001a6e42?s=96&d=mm&r=g\",\"contentUrl\":\"https:\/\/secure.gravatar.com\/avatar\/9ecaf7327a696cb23ad926fedded5f1f04d7049de9e445375d55b48c001a6e42?s=96&d=mm&r=g\",\"caption\":\"Reda\u00e7\u00e3o\"},\"url\":\"https:\/\/brasilnoticias.org\/site\/author\/henrique\/\"}]}<\/script>\n<!-- \/ Yoast SEO plugin. -->","yoast_head_json":{"title":"Podemos pode abrigar Coronel e romper com governo; Samuel J\u00fanior admite convite e avalia mudan\u00e7a partid\u00e1ria - Brasil not\u00edcias","robots":{"index":"index","follow":"follow","max-snippet":"max-snippet:-1","max-image-preview":"max-image-preview:large","max-video-preview":"max-video-preview:-1"},"canonical":"https:\/\/brasilnoticias.org\/site\/podemos-pode-abrigar-coronel-e-romper-com-governo-samuel-junior-admite-convite-e-avalia-mudanca-partidaria\/","og_locale":"pt_PT","og_type":"article","og_title":"Podemos pode abrigar Coronel e romper com governo; Samuel J\u00fanior admite convite e avalia mudan\u00e7a partid\u00e1ria - Brasil not\u00edcias","og_description":"A poss\u00edvel mudan\u00e7a de comando do Podemos na Bahia, com a chegada do senador \u00c2ngelo Coronel (sem partido) e de","og_url":"https:\/\/brasilnoticias.org\/site\/podemos-pode-abrigar-coronel-e-romper-com-governo-samuel-junior-admite-convite-e-avalia-mudanca-partidaria\/","og_site_name":"Brasil not\u00edcias","article_published_time":"2026-03-09T17:26:22+00:00","og_image":[{"width":1280,"height":720,"url":"https:\/\/brasilnoticias.org\/site\/wp-content\/uploads\/2026\/03\/WhatsApp-Image-2026-03-09-at-14.00.20.jpeg","type":"image\/jpeg"}],"author":"Reda\u00e7\u00e3o","twitter_card":"summary_large_image","twitter_misc":{"Escrito por":"Reda\u00e7\u00e3o","Tempo estimado de leitura":"1 minuto"},"schema":{"@context":"https:\/\/schema.org","@graph":[{"@type":"Article","@id":"https:\/\/brasilnoticias.org\/site\/podemos-pode-abrigar-coronel-e-romper-com-governo-samuel-junior-admite-convite-e-avalia-mudanca-partidaria\/#article","isPartOf":{"@id":"https:\/\/brasilnoticias.org\/site\/podemos-pode-abrigar-coronel-e-romper-com-governo-samuel-junior-admite-convite-e-avalia-mudanca-partidaria\/"},"author":{"name":"Reda\u00e7\u00e3o","@id":"https:\/\/brasilnoticias.org\/site\/#\/schema\/person\/03bbbfe6c7634ad18c26444ea39049fa"},"headline":"Podemos pode abrigar Coronel e romper com governo; Samuel J\u00fanior admite convite e avalia mudan\u00e7a partid\u00e1ria","datePublished":"2026-03-09T17:26:22+00:00","mainEntityOfPage":{"@id":"https:\/\/brasilnoticias.org\/site\/podemos-pode-abrigar-coronel-e-romper-com-governo-samuel-junior-admite-convite-e-avalia-mudanca-partidaria\/"},"wordCount":753,"commentCount":0,"publisher":{"@id":"https:\/\/brasilnoticias.org\/site\/#organization"},"image":{"@id":"https:\/\/brasilnoticias.org\/site\/podemos-pode-abrigar-coronel-e-romper-com-governo-samuel-junior-admite-convite-e-avalia-mudanca-partidaria\/#primaryimage"},"thumbnailUrl":"https:\/\/brasilnoticias.org\/site\/wp-content\/uploads\/2026\/03\/WhatsApp-Image-2026-03-09-at-14.00.20.jpeg","articleSection":["Pol\u00edtica","\u00daltimas"],"inLanguage":"pt-PT","potentialAction":[{"@type":"CommentAction","name":"Comment","target":["https:\/\/brasilnoticias.org\/site\/podemos-pode-abrigar-coronel-e-romper-com-governo-samuel-junior-admite-convite-e-avalia-mudanca-partidaria\/#respond"]}]},{"@type":"WebPage","@id":"https:\/\/brasilnoticias.org\/site\/podemos-pode-abrigar-coronel-e-romper-com-governo-samuel-junior-admite-convite-e-avalia-mudanca-partidaria\/","url":"https:\/\/brasilnoticias.org\/site\/podemos-pode-abrigar-coronel-e-romper-com-governo-samuel-junior-admite-convite-e-avalia-mudanca-partidaria\/","name":"Podemos pode abrigar Coronel e romper com governo; Samuel J\u00fanior admite convite e avalia mudan\u00e7a partid\u00e1ria - Brasil not\u00edcias","isPartOf":{"@id":"https:\/\/brasilnoticias.org\/site\/#website"},"primaryImageOfPage":{"@id":"https:\/\/brasilnoticias.org\/site\/podemos-pode-abrigar-coronel-e-romper-com-governo-samuel-junior-admite-convite-e-avalia-mudanca-partidaria\/#primaryimage"},"image":{"@id":"https:\/\/brasilnoticias.org\/site\/podemos-pode-abrigar-coronel-e-romper-com-governo-samuel-junior-admite-convite-e-avalia-mudanca-partidaria\/#primaryimage"},"thumbnailUrl":"https:\/\/brasilnoticias.org\/site\/wp-content\/uploads\/2026\/03\/WhatsApp-Image-2026-03-09-at-14.00.20.jpeg","datePublished":"2026-03-09T17:26:22+00:00","breadcrumb":{"@id":"https:\/\/brasilnoticias.org\/site\/podemos-pode-abrigar-coronel-e-romper-com-governo-samuel-junior-admite-convite-e-avalia-mudanca-partidaria\/#breadcrumb"},"inLanguage":"pt-PT","potentialAction":[{"@type":"ReadAction","target":["https:\/\/brasilnoticias.org\/site\/podemos-pode-abrigar-coronel-e-romper-com-governo-samuel-junior-admite-convite-e-avalia-mudanca-partidaria\/"]}]},{"@type":"ImageObject","inLanguage":"pt-PT","@id":"https:\/\/brasilnoticias.org\/site\/podemos-pode-abrigar-coronel-e-romper-com-governo-samuel-junior-admite-convite-e-avalia-mudanca-partidaria\/#primaryimage","url":"https:\/\/brasilnoticias.org\/site\/wp-content\/uploads\/2026\/03\/WhatsApp-Image-2026-03-09-at-14.00.20.jpeg","contentUrl":"https:\/\/brasilnoticias.org\/site\/wp-content\/uploads\/2026\/03\/WhatsApp-Image-2026-03-09-at-14.00.20.jpeg","width":1280,"height":720,"caption":"Evil\u00e1sio J\u00fanior"},{"@type":"BreadcrumbList","@id":"https:\/\/brasilnoticias.org\/site\/podemos-pode-abrigar-coronel-e-romper-com-governo-samuel-junior-admite-convite-e-avalia-mudanca-partidaria\/#breadcrumb","itemListElement":[{"@type":"ListItem","position":1,"name":"In\u00edcio","item":"https:\/\/brasilnoticias.org\/site\/"},{"@type":"ListItem","position":2,"name":"Podemos pode abrigar Coronel e romper com governo; Samuel J\u00fanior admite convite e avalia mudan\u00e7a partid\u00e1ria"}]},{"@type":"WebSite","@id":"https:\/\/brasilnoticias.org\/site\/#website","url":"https:\/\/brasilnoticias.org\/site\/","name":"Brasil not\u00edcias","description":"Brasil not\u00edcias","publisher":{"@id":"https:\/\/brasilnoticias.org\/site\/#organization"},"potentialAction":[{"@type":"SearchAction","target":{"@type":"EntryPoint","urlTemplate":"https:\/\/brasilnoticias.org\/site\/?s={search_term_string}"},"query-input":{"@type":"PropertyValueSpecification","valueRequired":true,"valueName":"search_term_string"}}],"inLanguage":"pt-PT"},{"@type":"Organization","@id":"https:\/\/brasilnoticias.org\/site\/#organization","name":"Brasil not\u00edcias","url":"https:\/\/brasilnoticias.org\/site\/","logo":{"@type":"ImageObject","inLanguage":"pt-PT","@id":"https:\/\/brasilnoticias.org\/site\/#\/schema\/logo\/image\/","url":"https:\/\/brasilnoticias.org\/site\/wp-content\/uploads\/2022\/05\/cropped-brasilnoticias-mini.jpg","contentUrl":"https:\/\/brasilnoticias.org\/site\/wp-content\/uploads\/2022\/05\/cropped-brasilnoticias-mini.jpg","width":314,"height":86,"caption":"Brasil not\u00edcias"},"image":{"@id":"https:\/\/brasilnoticias.org\/site\/#\/schema\/logo\/image\/"}},{"@type":"Person","@id":"https:\/\/brasilnoticias.org\/site\/#\/schema\/person\/03bbbfe6c7634ad18c26444ea39049fa","name":"Reda\u00e7\u00e3o","image":{"@type":"ImageObject","inLanguage":"pt-PT","@id":"https:\/\/brasilnoticias.org\/site\/#\/schema\/person\/image\/","url":"https:\/\/secure.gravatar.com\/avatar\/9ecaf7327a696cb23ad926fedded5f1f04d7049de9e445375d55b48c001a6e42?s=96&d=mm&r=g","contentUrl":"https:\/\/secure.gravatar.com\/avatar\/9ecaf7327a696cb23ad926fedded5f1f04d7049de9e445375d55b48c001a6e42?s=96&d=mm&r=g","caption":"Reda\u00e7\u00e3o"},"url":"https:\/\/brasilnoticias.org\/site\/author\/henrique\/"}]}},"_links":{"self":[{"href":"https:\/\/brasilnoticias.org\/site\/wp-json\/wp\/v2\/posts\/20807","targetHints":{"allow":["GET"]}}],"collection":[{"href":"https:\/\/brasilnoticias.org\/site\/wp-json\/wp\/v2\/posts"}],"about":[{"href":"https:\/\/brasilnoticias.org\/site\/wp-json\/wp\/v2\/types\/post"}],"author":[{"embeddable":true,"href":"https:\/\/brasilnoticias.org\/site\/wp-json\/wp\/v2\/users\/4"}],"replies":[{"embeddable":true,"href":"https:\/\/brasilnoticias.org\/site\/wp-json\/wp\/v2\/comments?post=20807"}],"version-history":[{"count":1,"href":"https:\/\/brasilnoticias.org\/site\/wp-json\/wp\/v2\/posts\/20807\/revisions"}],"predecessor-version":[{"id":20809,"href":"https:\/\/brasilnoticias.org\/site\/wp-json\/wp\/v2\/posts\/20807\/revisions\/20809"}],"wp:featuredmedia":[{"embeddable":true,"href":"https:\/\/brasilnoticias.org\/site\/wp-json\/wp\/v2\/media\/20808"}],"wp:attachment":[{"href":"https:\/\/brasilnoticias.org\/site\/wp-json\/wp\/v2\/media?parent=20807"}],"wp:term":[{"taxonomy":"category","embeddable":true,"href":"https:\/\/brasilnoticias.org\/site\/wp-json\/wp\/v2\/categories?post=20807"},{"taxonomy":"post_tag","embeddable":true,"href":"https:\/\/brasilnoticias.org\/site\/wp-json\/wp\/v2\/tags?post=20807"}],"curies":[{"name":"wp","href":"https:\/\/api.w.org\/{rel}","templated":true}]}}