{"id":20835,"date":"2026-03-10T09:16:08","date_gmt":"2026-03-10T12:16:08","guid":{"rendered":"https:\/\/brasilnoticias.org\/site\/?p=20835"},"modified":"2026-03-10T09:16:08","modified_gmt":"2026-03-10T12:16:08","slug":"casos-de-mpox-no-brasil-sobem-para-140-em-2026-aponta-ministerio-da-saude","status":"publish","type":"post","link":"https:\/\/brasilnoticias.org\/site\/casos-de-mpox-no-brasil-sobem-para-140-em-2026-aponta-ministerio-da-saude\/","title":{"rendered":"Casos de Mpox no Brasil sobem para 140 em 2026, aponta Minist\u00e9rio da Sa\u00fade"},"content":{"rendered":"<p>Doen\u00e7a viral j\u00e1 tem registros em diversos estados, mas n\u00e3o h\u00e1 mortes confirmadas no pa\u00eds neste ano<\/p>\n<p>O Brasil registrou 140 casos confirmados de Mpox desde o in\u00edcio de 2026, segundo dados atualizados pelo Minist\u00e9rio da Sa\u00fade divulgados nesta segunda-feira (9). Apesar do aumento nas notifica\u00e7\u00f5es, n\u00e3o houve registro de mortes relacionadas \u00e0 doen\u00e7a no per\u00edodo.<\/p>\n<p>Al\u00e9m dos casos confirmados, o pa\u00eds tamb\u00e9m monitora 539 casos suspeitos e outros 9 classificados como prov\u00e1veis, de acordo com o boletim epidemiol\u00f3gico mais recente.<\/p>\n<p>Estados com mais registros<\/p>\n<p>Os dados mostram que S\u00e3o Paulo concentra a maior parte dos casos, com 93 confirma\u00e7\u00f5es da doen\u00e7a. Em seguida aparecem Rio de Janeiro, com 18 registros, e Rond\u00f4nia, com 11 casos confirmados.<\/p>\n<p>A evolu\u00e7\u00e3o mensal indica crescimento gradual nas notifica\u00e7\u00f5es ao longo do ano. Em janeiro, o pa\u00eds registrou 68 casos confirmados e prov\u00e1veis. O n\u00famero subiu para 70 em fevereiro, enquanto mar\u00e7o j\u00e1 contabiliza novos registros nos primeiros dias do m\u00eas.<\/p>\n<p>O que \u00e9 a Mpox<\/p>\n<p>A Mpox \u00e9 uma doen\u00e7a viral do mesmo grupo da var\u00edola humana, causada por um v\u00edrus do g\u00eanero Orthopoxvirus. Embora geralmente apresente menor taxa de mortalidade, a infec\u00e7\u00e3o pode causar sintomas que exigem acompanhamento m\u00e9dico.<\/p>\n<p>Entre os principais sintomas est\u00e3o:<\/p>\n<p>erup\u00e7\u00f5es ou les\u00f5es na pele<\/p>\n<p>febre<\/p>\n<p>dor de cabe\u00e7a<\/p>\n<p>dores no corpo<\/p>\n<p>calafrios<\/p>\n<p>fraqueza<\/p>\n<p>incha\u00e7o dos linfonodos (\u00ednguas)<\/p>\n<p>A transmiss\u00e3o ocorre principalmente pelo contato direto com pessoas infectadas, materiais contaminados ou animais portadores do v\u00edrus.<\/p>\n<p>Monitoramento das autoridades<\/p>\n<p>O Minist\u00e9rio da Sa\u00fade informou que segue monitorando a evolu\u00e7\u00e3o da doen\u00e7a no pa\u00eds e refor\u00e7ando as medidas de vigil\u00e2ncia epidemiol\u00f3gica. Apesar do aumento nas notifica\u00e7\u00f5es, a maioria dos casos registrados apresenta quadro cl\u00ednico leve ou moderado.<\/p>\n<p>Autoridades de sa\u00fade recomendam que pessoas com sintomas suspeitos procurem atendimento m\u00e9dico e evitem contato pr\u00f3ximo com outras pessoas at\u00e9 a confirma\u00e7\u00e3o do diagn\u00f3stico.<\/p>\n","protected":false},"excerpt":{"rendered":"<p>Doen\u00e7a viral j\u00e1 tem registros em diversos estados, mas n\u00e3o h\u00e1 mortes confirmadas no pa\u00eds neste ano O Brasil registrou<\/p>\n","protected":false},"author":4,"featured_media":20836,"comment_status":"open","ping_status":"open","sticky":false,"template":"","format":"standard","meta":{"colormag_page_container_layout":"default_layout","colormag_page_sidebar_layout":"default_layout","_FSMCFIC_featured_image_caption":"","_FSMCFIC_featured_image_nocaption":"","_FSMCFIC_featured_image_hide":"","footnotes":""},"categories":[2,1],"tags":[],"class_list":["post-20835","post","type-post","status-publish","format-standard","has-post-thumbnail","hentry","category-noticias","category-ultimas"],"yoast_head":"<!-- This site is optimized with the Yoast SEO plugin v27.1.1 - https:\/\/yoast.com\/product\/yoast-seo-wordpress\/ -->\n<title>Casos de Mpox no Brasil sobem para 140 em 2026, aponta Minist\u00e9rio da Sa\u00fade - Brasil not\u00edcias<\/title>\n<meta name=\"robots\" content=\"index, follow, max-snippet:-1, max-image-preview:large, max-video-preview:-1\" \/>\n<link rel=\"canonical\" href=\"https:\/\/brasilnoticias.org\/site\/casos-de-mpox-no-brasil-sobem-para-140-em-2026-aponta-ministerio-da-saude\/\" \/>\n<meta property=\"og:locale\" content=\"pt_PT\" \/>\n<meta property=\"og:type\" content=\"article\" \/>\n<meta property=\"og:title\" content=\"Casos de Mpox no Brasil sobem para 140 em 2026, aponta Minist\u00e9rio da Sa\u00fade - Brasil not\u00edcias\" \/>\n<meta property=\"og:description\" content=\"Doen\u00e7a viral j\u00e1 tem registros em diversos estados, mas n\u00e3o h\u00e1 mortes confirmadas no pa\u00eds neste ano O Brasil registrou\" \/>\n<meta property=\"og:url\" content=\"https:\/\/brasilnoticias.org\/site\/casos-de-mpox-no-brasil-sobem-para-140-em-2026-aponta-ministerio-da-saude\/\" \/>\n<meta property=\"og:site_name\" content=\"Brasil not\u00edcias\" \/>\n<meta property=\"article:published_time\" content=\"2026-03-10T12:16:08+00:00\" \/>\n<meta property=\"og:image\" content=\"https:\/\/brasilnoticias.org\/site\/wp-content\/uploads\/2026\/03\/mpox-numero-de-casos-confirmados-no-pais-sobe-para0138211600202603100641-ScaleDownProportional.webp\" \/>\n\t<meta property=\"og:image:width\" content=\"800\" \/>\n\t<meta property=\"og:image:height\" content=\"400\" \/>\n\t<meta property=\"og:image:type\" content=\"image\/webp\" \/>\n<meta name=\"author\" content=\"Reda\u00e7\u00e3o\" \/>\n<meta name=\"twitter:card\" content=\"summary_large_image\" \/>\n<meta name=\"twitter:label1\" content=\"Escrito por\" \/>\n\t<meta name=\"twitter:data1\" content=\"Reda\u00e7\u00e3o\" \/>\n\t<meta name=\"twitter:label2\" content=\"Tempo estimado de leitura\" \/>\n\t<meta name=\"twitter:data2\" content=\"1 minuto\" \/>\n<script type=\"application\/ld+json\" class=\"yoast-schema-graph\">{\"@context\":\"https:\/\/schema.org\",\"@graph\":[{\"@type\":\"Article\",\"@id\":\"https:\/\/brasilnoticias.org\/site\/casos-de-mpox-no-brasil-sobem-para-140-em-2026-aponta-ministerio-da-saude\/#article\",\"isPartOf\":{\"@id\":\"https:\/\/brasilnoticias.org\/site\/casos-de-mpox-no-brasil-sobem-para-140-em-2026-aponta-ministerio-da-saude\/\"},\"author\":{\"name\":\"Reda\u00e7\u00e3o\",\"@id\":\"https:\/\/brasilnoticias.org\/site\/#\/schema\/person\/03bbbfe6c7634ad18c26444ea39049fa\"},\"headline\":\"Casos de Mpox no Brasil sobem para 140 em 2026, aponta Minist\u00e9rio da Sa\u00fade\",\"datePublished\":\"2026-03-10T12:16:08+00:00\",\"mainEntityOfPage\":{\"@id\":\"https:\/\/brasilnoticias.org\/site\/casos-de-mpox-no-brasil-sobem-para-140-em-2026-aponta-ministerio-da-saude\/\"},\"wordCount\":356,\"commentCount\":0,\"publisher\":{\"@id\":\"https:\/\/brasilnoticias.org\/site\/#organization\"},\"image\":{\"@id\":\"https:\/\/brasilnoticias.org\/site\/casos-de-mpox-no-brasil-sobem-para-140-em-2026-aponta-ministerio-da-saude\/#primaryimage\"},\"thumbnailUrl\":\"https:\/\/brasilnoticias.org\/site\/wp-content\/uploads\/2026\/03\/mpox-numero-de-casos-confirmados-no-pais-sobe-para0138211600202603100641-ScaleDownProportional.webp\",\"articleSection\":[\"Not\u00edcias\",\"\u00daltimas\"],\"inLanguage\":\"pt-PT\",\"potentialAction\":[{\"@type\":\"CommentAction\",\"name\":\"Comment\",\"target\":[\"https:\/\/brasilnoticias.org\/site\/casos-de-mpox-no-brasil-sobem-para-140-em-2026-aponta-ministerio-da-saude\/#respond\"]}]},{\"@type\":\"WebPage\",\"@id\":\"https:\/\/brasilnoticias.org\/site\/casos-de-mpox-no-brasil-sobem-para-140-em-2026-aponta-ministerio-da-saude\/\",\"url\":\"https:\/\/brasilnoticias.org\/site\/casos-de-mpox-no-brasil-sobem-para-140-em-2026-aponta-ministerio-da-saude\/\",\"name\":\"Casos de Mpox no Brasil sobem para 140 em 2026, aponta Minist\u00e9rio da Sa\u00fade - Brasil not\u00edcias\",\"isPartOf\":{\"@id\":\"https:\/\/brasilnoticias.org\/site\/#website\"},\"primaryImageOfPage\":{\"@id\":\"https:\/\/brasilnoticias.org\/site\/casos-de-mpox-no-brasil-sobem-para-140-em-2026-aponta-ministerio-da-saude\/#primaryimage\"},\"image\":{\"@id\":\"https:\/\/brasilnoticias.org\/site\/casos-de-mpox-no-brasil-sobem-para-140-em-2026-aponta-ministerio-da-saude\/#primaryimage\"},\"thumbnailUrl\":\"https:\/\/brasilnoticias.org\/site\/wp-content\/uploads\/2026\/03\/mpox-numero-de-casos-confirmados-no-pais-sobe-para0138211600202603100641-ScaleDownProportional.webp\",\"datePublished\":\"2026-03-10T12:16:08+00:00\",\"breadcrumb\":{\"@id\":\"https:\/\/brasilnoticias.org\/site\/casos-de-mpox-no-brasil-sobem-para-140-em-2026-aponta-ministerio-da-saude\/#breadcrumb\"},\"inLanguage\":\"pt-PT\",\"potentialAction\":[{\"@type\":\"ReadAction\",\"target\":[\"https:\/\/brasilnoticias.org\/site\/casos-de-mpox-no-brasil-sobem-para-140-em-2026-aponta-ministerio-da-saude\/\"]}]},{\"@type\":\"ImageObject\",\"inLanguage\":\"pt-PT\",\"@id\":\"https:\/\/brasilnoticias.org\/site\/casos-de-mpox-no-brasil-sobem-para-140-em-2026-aponta-ministerio-da-saude\/#primaryimage\",\"url\":\"https:\/\/brasilnoticias.org\/site\/wp-content\/uploads\/2026\/03\/mpox-numero-de-casos-confirmados-no-pais-sobe-para0138211600202603100641-ScaleDownProportional.webp\",\"contentUrl\":\"https:\/\/brasilnoticias.org\/site\/wp-content\/uploads\/2026\/03\/mpox-numero-de-casos-confirmados-no-pais-sobe-para0138211600202603100641-ScaleDownProportional.webp\",\"width\":800,\"height\":400,\"caption\":\"Foto: Reprodu\u00e7\u00e3o\"},{\"@type\":\"BreadcrumbList\",\"@id\":\"https:\/\/brasilnoticias.org\/site\/casos-de-mpox-no-brasil-sobem-para-140-em-2026-aponta-ministerio-da-saude\/#breadcrumb\",\"itemListElement\":[{\"@type\":\"ListItem\",\"position\":1,\"name\":\"In\u00edcio\",\"item\":\"https:\/\/brasilnoticias.org\/site\/\"},{\"@type\":\"ListItem\",\"position\":2,\"name\":\"Casos de Mpox no Brasil sobem para 140 em 2026, aponta Minist\u00e9rio da Sa\u00fade\"}]},{\"@type\":\"WebSite\",\"@id\":\"https:\/\/brasilnoticias.org\/site\/#website\",\"url\":\"https:\/\/brasilnoticias.org\/site\/\",\"name\":\"Brasil not\u00edcias\",\"description\":\"Brasil not\u00edcias\",\"publisher\":{\"@id\":\"https:\/\/brasilnoticias.org\/site\/#organization\"},\"potentialAction\":[{\"@type\":\"SearchAction\",\"target\":{\"@type\":\"EntryPoint\",\"urlTemplate\":\"https:\/\/brasilnoticias.org\/site\/?s={search_term_string}\"},\"query-input\":{\"@type\":\"PropertyValueSpecification\",\"valueRequired\":true,\"valueName\":\"search_term_string\"}}],\"inLanguage\":\"pt-PT\"},{\"@type\":\"Organization\",\"@id\":\"https:\/\/brasilnoticias.org\/site\/#organization\",\"name\":\"Brasil not\u00edcias\",\"url\":\"https:\/\/brasilnoticias.org\/site\/\",\"logo\":{\"@type\":\"ImageObject\",\"inLanguage\":\"pt-PT\",\"@id\":\"https:\/\/brasilnoticias.org\/site\/#\/schema\/logo\/image\/\",\"url\":\"https:\/\/brasilnoticias.org\/site\/wp-content\/uploads\/2022\/05\/cropped-brasilnoticias-mini.jpg\",\"contentUrl\":\"https:\/\/brasilnoticias.org\/site\/wp-content\/uploads\/2022\/05\/cropped-brasilnoticias-mini.jpg\",\"width\":314,\"height\":86,\"caption\":\"Brasil not\u00edcias\"},\"image\":{\"@id\":\"https:\/\/brasilnoticias.org\/site\/#\/schema\/logo\/image\/\"}},{\"@type\":\"Person\",\"@id\":\"https:\/\/brasilnoticias.org\/site\/#\/schema\/person\/03bbbfe6c7634ad18c26444ea39049fa\",\"name\":\"Reda\u00e7\u00e3o\",\"image\":{\"@type\":\"ImageObject\",\"inLanguage\":\"pt-PT\",\"@id\":\"https:\/\/brasilnoticias.org\/site\/#\/schema\/person\/image\/\",\"url\":\"https:\/\/secure.gravatar.com\/avatar\/9ecaf7327a696cb23ad926fedded5f1f04d7049de9e445375d55b48c001a6e42?s=96&d=mm&r=g\",\"contentUrl\":\"https:\/\/secure.gravatar.com\/avatar\/9ecaf7327a696cb23ad926fedded5f1f04d7049de9e445375d55b48c001a6e42?s=96&d=mm&r=g\",\"caption\":\"Reda\u00e7\u00e3o\"},\"url\":\"https:\/\/brasilnoticias.org\/site\/author\/henrique\/\"}]}<\/script>\n<!-- \/ Yoast SEO plugin. -->","yoast_head_json":{"title":"Casos de Mpox no Brasil sobem para 140 em 2026, aponta Minist\u00e9rio da Sa\u00fade - Brasil not\u00edcias","robots":{"index":"index","follow":"follow","max-snippet":"max-snippet:-1","max-image-preview":"max-image-preview:large","max-video-preview":"max-video-preview:-1"},"canonical":"https:\/\/brasilnoticias.org\/site\/casos-de-mpox-no-brasil-sobem-para-140-em-2026-aponta-ministerio-da-saude\/","og_locale":"pt_PT","og_type":"article","og_title":"Casos de Mpox no Brasil sobem para 140 em 2026, aponta Minist\u00e9rio da Sa\u00fade - Brasil not\u00edcias","og_description":"Doen\u00e7a viral j\u00e1 tem registros em diversos estados, mas n\u00e3o h\u00e1 mortes confirmadas no pa\u00eds neste ano O Brasil registrou","og_url":"https:\/\/brasilnoticias.org\/site\/casos-de-mpox-no-brasil-sobem-para-140-em-2026-aponta-ministerio-da-saude\/","og_site_name":"Brasil not\u00edcias","article_published_time":"2026-03-10T12:16:08+00:00","og_image":[{"width":800,"height":400,"url":"https:\/\/brasilnoticias.org\/site\/wp-content\/uploads\/2026\/03\/mpox-numero-de-casos-confirmados-no-pais-sobe-para0138211600202603100641-ScaleDownProportional.webp","type":"image\/webp"}],"author":"Reda\u00e7\u00e3o","twitter_card":"summary_large_image","twitter_misc":{"Escrito por":"Reda\u00e7\u00e3o","Tempo estimado de leitura":"1 minuto"},"schema":{"@context":"https:\/\/schema.org","@graph":[{"@type":"Article","@id":"https:\/\/brasilnoticias.org\/site\/casos-de-mpox-no-brasil-sobem-para-140-em-2026-aponta-ministerio-da-saude\/#article","isPartOf":{"@id":"https:\/\/brasilnoticias.org\/site\/casos-de-mpox-no-brasil-sobem-para-140-em-2026-aponta-ministerio-da-saude\/"},"author":{"name":"Reda\u00e7\u00e3o","@id":"https:\/\/brasilnoticias.org\/site\/#\/schema\/person\/03bbbfe6c7634ad18c26444ea39049fa"},"headline":"Casos de Mpox no Brasil sobem para 140 em 2026, aponta Minist\u00e9rio da Sa\u00fade","datePublished":"2026-03-10T12:16:08+00:00","mainEntityOfPage":{"@id":"https:\/\/brasilnoticias.org\/site\/casos-de-mpox-no-brasil-sobem-para-140-em-2026-aponta-ministerio-da-saude\/"},"wordCount":356,"commentCount":0,"publisher":{"@id":"https:\/\/brasilnoticias.org\/site\/#organization"},"image":{"@id":"https:\/\/brasilnoticias.org\/site\/casos-de-mpox-no-brasil-sobem-para-140-em-2026-aponta-ministerio-da-saude\/#primaryimage"},"thumbnailUrl":"https:\/\/brasilnoticias.org\/site\/wp-content\/uploads\/2026\/03\/mpox-numero-de-casos-confirmados-no-pais-sobe-para0138211600202603100641-ScaleDownProportional.webp","articleSection":["Not\u00edcias","\u00daltimas"],"inLanguage":"pt-PT","potentialAction":[{"@type":"CommentAction","name":"Comment","target":["https:\/\/brasilnoticias.org\/site\/casos-de-mpox-no-brasil-sobem-para-140-em-2026-aponta-ministerio-da-saude\/#respond"]}]},{"@type":"WebPage","@id":"https:\/\/brasilnoticias.org\/site\/casos-de-mpox-no-brasil-sobem-para-140-em-2026-aponta-ministerio-da-saude\/","url":"https:\/\/brasilnoticias.org\/site\/casos-de-mpox-no-brasil-sobem-para-140-em-2026-aponta-ministerio-da-saude\/","name":"Casos de Mpox no Brasil sobem para 140 em 2026, aponta Minist\u00e9rio da Sa\u00fade - Brasil not\u00edcias","isPartOf":{"@id":"https:\/\/brasilnoticias.org\/site\/#website"},"primaryImageOfPage":{"@id":"https:\/\/brasilnoticias.org\/site\/casos-de-mpox-no-brasil-sobem-para-140-em-2026-aponta-ministerio-da-saude\/#primaryimage"},"image":{"@id":"https:\/\/brasilnoticias.org\/site\/casos-de-mpox-no-brasil-sobem-para-140-em-2026-aponta-ministerio-da-saude\/#primaryimage"},"thumbnailUrl":"https:\/\/brasilnoticias.org\/site\/wp-content\/uploads\/2026\/03\/mpox-numero-de-casos-confirmados-no-pais-sobe-para0138211600202603100641-ScaleDownProportional.webp","datePublished":"2026-03-10T12:16:08+00:00","breadcrumb":{"@id":"https:\/\/brasilnoticias.org\/site\/casos-de-mpox-no-brasil-sobem-para-140-em-2026-aponta-ministerio-da-saude\/#breadcrumb"},"inLanguage":"pt-PT","potentialAction":[{"@type":"ReadAction","target":["https:\/\/brasilnoticias.org\/site\/casos-de-mpox-no-brasil-sobem-para-140-em-2026-aponta-ministerio-da-saude\/"]}]},{"@type":"ImageObject","inLanguage":"pt-PT","@id":"https:\/\/brasilnoticias.org\/site\/casos-de-mpox-no-brasil-sobem-para-140-em-2026-aponta-ministerio-da-saude\/#primaryimage","url":"https:\/\/brasilnoticias.org\/site\/wp-content\/uploads\/2026\/03\/mpox-numero-de-casos-confirmados-no-pais-sobe-para0138211600202603100641-ScaleDownProportional.webp","contentUrl":"https:\/\/brasilnoticias.org\/site\/wp-content\/uploads\/2026\/03\/mpox-numero-de-casos-confirmados-no-pais-sobe-para0138211600202603100641-ScaleDownProportional.webp","width":800,"height":400,"caption":"Foto: Reprodu\u00e7\u00e3o"},{"@type":"BreadcrumbList","@id":"https:\/\/brasilnoticias.org\/site\/casos-de-mpox-no-brasil-sobem-para-140-em-2026-aponta-ministerio-da-saude\/#breadcrumb","itemListElement":[{"@type":"ListItem","position":1,"name":"In\u00edcio","item":"https:\/\/brasilnoticias.org\/site\/"},{"@type":"ListItem","position":2,"name":"Casos de Mpox no Brasil sobem para 140 em 2026, aponta Minist\u00e9rio da Sa\u00fade"}]},{"@type":"WebSite","@id":"https:\/\/brasilnoticias.org\/site\/#website","url":"https:\/\/brasilnoticias.org\/site\/","name":"Brasil not\u00edcias","description":"Brasil not\u00edcias","publisher":{"@id":"https:\/\/brasilnoticias.org\/site\/#organization"},"potentialAction":[{"@type":"SearchAction","target":{"@type":"EntryPoint","urlTemplate":"https:\/\/brasilnoticias.org\/site\/?s={search_term_string}"},"query-input":{"@type":"PropertyValueSpecification","valueRequired":true,"valueName":"search_term_string"}}],"inLanguage":"pt-PT"},{"@type":"Organization","@id":"https:\/\/brasilnoticias.org\/site\/#organization","name":"Brasil not\u00edcias","url":"https:\/\/brasilnoticias.org\/site\/","logo":{"@type":"ImageObject","inLanguage":"pt-PT","@id":"https:\/\/brasilnoticias.org\/site\/#\/schema\/logo\/image\/","url":"https:\/\/brasilnoticias.org\/site\/wp-content\/uploads\/2022\/05\/cropped-brasilnoticias-mini.jpg","contentUrl":"https:\/\/brasilnoticias.org\/site\/wp-content\/uploads\/2022\/05\/cropped-brasilnoticias-mini.jpg","width":314,"height":86,"caption":"Brasil not\u00edcias"},"image":{"@id":"https:\/\/brasilnoticias.org\/site\/#\/schema\/logo\/image\/"}},{"@type":"Person","@id":"https:\/\/brasilnoticias.org\/site\/#\/schema\/person\/03bbbfe6c7634ad18c26444ea39049fa","name":"Reda\u00e7\u00e3o","image":{"@type":"ImageObject","inLanguage":"pt-PT","@id":"https:\/\/brasilnoticias.org\/site\/#\/schema\/person\/image\/","url":"https:\/\/secure.gravatar.com\/avatar\/9ecaf7327a696cb23ad926fedded5f1f04d7049de9e445375d55b48c001a6e42?s=96&d=mm&r=g","contentUrl":"https:\/\/secure.gravatar.com\/avatar\/9ecaf7327a696cb23ad926fedded5f1f04d7049de9e445375d55b48c001a6e42?s=96&d=mm&r=g","caption":"Reda\u00e7\u00e3o"},"url":"https:\/\/brasilnoticias.org\/site\/author\/henrique\/"}]}},"_links":{"self":[{"href":"https:\/\/brasilnoticias.org\/site\/wp-json\/wp\/v2\/posts\/20835","targetHints":{"allow":["GET"]}}],"collection":[{"href":"https:\/\/brasilnoticias.org\/site\/wp-json\/wp\/v2\/posts"}],"about":[{"href":"https:\/\/brasilnoticias.org\/site\/wp-json\/wp\/v2\/types\/post"}],"author":[{"embeddable":true,"href":"https:\/\/brasilnoticias.org\/site\/wp-json\/wp\/v2\/users\/4"}],"replies":[{"embeddable":true,"href":"https:\/\/brasilnoticias.org\/site\/wp-json\/wp\/v2\/comments?post=20835"}],"version-history":[{"count":1,"href":"https:\/\/brasilnoticias.org\/site\/wp-json\/wp\/v2\/posts\/20835\/revisions"}],"predecessor-version":[{"id":20837,"href":"https:\/\/brasilnoticias.org\/site\/wp-json\/wp\/v2\/posts\/20835\/revisions\/20837"}],"wp:featuredmedia":[{"embeddable":true,"href":"https:\/\/brasilnoticias.org\/site\/wp-json\/wp\/v2\/media\/20836"}],"wp:attachment":[{"href":"https:\/\/brasilnoticias.org\/site\/wp-json\/wp\/v2\/media?parent=20835"}],"wp:term":[{"taxonomy":"category","embeddable":true,"href":"https:\/\/brasilnoticias.org\/site\/wp-json\/wp\/v2\/categories?post=20835"},{"taxonomy":"post_tag","embeddable":true,"href":"https:\/\/brasilnoticias.org\/site\/wp-json\/wp\/v2\/tags?post=20835"}],"curies":[{"name":"wp","href":"https:\/\/api.w.org\/{rel}","templated":true}]}}