{"id":2084,"date":"2022-11-01T18:24:47","date_gmt":"2022-11-01T21:24:47","guid":{"rendered":"https:\/\/brasilnoticias.org\/site\/?p=2084"},"modified":"2022-11-01T18:24:47","modified_gmt":"2022-11-01T21:24:47","slug":"irmao-mata-irmao-a-facadas-dentro-de-emergencia-de-hospital","status":"publish","type":"post","link":"https:\/\/brasilnoticias.org\/site\/irmao-mata-irmao-a-facadas-dentro-de-emergencia-de-hospital\/","title":{"rendered":"Irm\u00e3o mata irm\u00e3o a facadas dentro de emerg\u00eancia de hospital"},"content":{"rendered":"<p>Um irm\u00e3o assassinou o outro a facadas dentro do Hospital Manoel Carola, em S\u00e3o Francisco de Itabapoana, na <a href=\"https:\/\/www.bnews.com.br\/noticias\/crime-e-justica-bahia\/apos-chamar-paciente-de-gostosa-medico-de-famosos-e-investigado-por-assedio.html\" target=\"_blank\" rel=\"noopener\">Regi\u00e3o Norte do Estado do Rio de Janeiro<\/a>, na \u00faltima segunda-feira (31). O autor foi preso em flagrante, mas a motiva\u00e7\u00e3o do crime ainda n\u00e3o foi revelada. A briga entre os irm\u00e3os Rafael Gomes Rodrigues, 33 anos e Leandro Rodrigues, 42 anos, teve in\u00edcio no interior de uma casa na Rua Am\u00e9lia Buechem, no Centro. Ambos entraram em luta corporal. Rafael teve um bra\u00e7o quebrado e levou facadas na perna. As v\u00edtimas foram socorridas e pol\u00edcia militar acionada.<\/p>\n<p>Um terceiro irm\u00e3o que estaria na Praia do A\u00e7u, em S\u00e3o Jo\u00e3o da Barra, logo depois chegou ao hospital e pediu para visitar os feridos; em seguida, sacou de uma faca e cometeu o crime, tendo sido preso em flagrante e conduzido \u00e0 147\u00ba Delegacia de Pol\u00edcia da Cidade. No momento do crime, havia uma guarni\u00e7\u00e3o da pol\u00edcia, al\u00e9m de Guardas Civis Municipais, em frente ao hospital. Em nota oficial, a Secretaria de Sa\u00fade de S\u00e3o Francisco de Itabapoana esclarece o caso.<br \/>\nDiante das not\u00edcias veiculadas na imprensa, referente ao incidente ocorrido nas depend\u00eancias do Pronto Socorro do Hospital Municipal Manoel Carola, informamos que eles foram admitidos no Pronto Socorro do Hospital Municipal Manoel Carola, trazidos pelo Servi\u00e7o Municipal de Resgate, sob escolta da Pol\u00edcia Militar, apresentando les\u00f5es corporais, provocadas por desentendimento, ocorrido na resid\u00eancia dos mesmos, localizada no Centro de S\u00e3o Francisco de Itabapoana. Enquanto eram prestados os primeiros atendimentos na referida unidade de sa\u00fade, um terceiro irm\u00e3o dos socorridos, de iniciais L.G.R., 38 anos, entrou na emerg\u00eancia e deferiu golpes de faca contra o irm\u00e3o que veio a \u00f3bito no local&#8221;, explicou a nota.<\/p>\n<p>A Secretaria de Sa\u00fade informou ainda que est\u00e1 mantendo contato permanente e prestando todas as informa\u00e7\u00f5es \u00e0 147\u00aa Delegacia de Pol\u00edcia Civil, que ser\u00e1 respons\u00e1vel pela investiga\u00e7\u00e3o do caso.<\/p>\n<p>&nbsp;<\/p>\n<p>&nbsp;<\/p>\n<p>Bnews<\/p>\n","protected":false},"excerpt":{"rendered":"<p>Um irm\u00e3o assassinou o outro a facadas dentro do Hospital Manoel Carola, em S\u00e3o Francisco de Itabapoana, na Regi\u00e3o Norte<\/p>\n","protected":false},"author":2,"featured_media":2085,"comment_status":"open","ping_status":"open","sticky":false,"template":"","format":"standard","meta":{"colormag_page_container_layout":"default_layout","colormag_page_sidebar_layout":"default_layout","_FSMCFIC_featured_image_caption":"","_FSMCFIC_featured_image_nocaption":"","_FSMCFIC_featured_image_hide":"","footnotes":""},"categories":[3,1],"tags":[],"class_list":["post-2084","post","type-post","status-publish","format-standard","has-post-thumbnail","hentry","category-policia","category-ultimas"],"yoast_head":"<!-- This site is optimized with the Yoast SEO plugin v27.1.1 - https:\/\/yoast.com\/product\/yoast-seo-wordpress\/ -->\n<title>Irm\u00e3o mata irm\u00e3o a facadas dentro de emerg\u00eancia de hospital - Brasil not\u00edcias<\/title>\n<meta name=\"robots\" content=\"index, follow, max-snippet:-1, max-image-preview:large, max-video-preview:-1\" \/>\n<link rel=\"canonical\" href=\"https:\/\/brasilnoticias.org\/site\/irmao-mata-irmao-a-facadas-dentro-de-emergencia-de-hospital\/\" \/>\n<meta property=\"og:locale\" content=\"pt_PT\" \/>\n<meta property=\"og:type\" content=\"article\" \/>\n<meta property=\"og:title\" content=\"Irm\u00e3o mata irm\u00e3o a facadas dentro de emerg\u00eancia de hospital - Brasil not\u00edcias\" \/>\n<meta property=\"og:description\" content=\"Um irm\u00e3o assassinou o outro a facadas dentro do Hospital Manoel Carola, em S\u00e3o Francisco de Itabapoana, na Regi\u00e3o Norte\" \/>\n<meta property=\"og:url\" content=\"https:\/\/brasilnoticias.org\/site\/irmao-mata-irmao-a-facadas-dentro-de-emergencia-de-hospital\/\" \/>\n<meta property=\"og:site_name\" content=\"Brasil not\u00edcias\" \/>\n<meta property=\"article:published_time\" content=\"2022-11-01T21:24:47+00:00\" \/>\n<meta property=\"og:image\" content=\"https:\/\/brasilnoticias.org\/site\/wp-content\/uploads\/2022\/11\/371963DD-702D-44AF-A5EE-8ED836155D67.jpeg\" \/>\n\t<meta property=\"og:image:width\" content=\"800\" \/>\n\t<meta property=\"og:image:height\" content=\"450\" \/>\n\t<meta property=\"og:image:type\" content=\"image\/jpeg\" \/>\n<meta name=\"author\" content=\"Reda\u00e7\u00e3o\" \/>\n<meta name=\"twitter:card\" content=\"summary_large_image\" \/>\n<meta name=\"twitter:label1\" content=\"Escrito por\" \/>\n\t<meta name=\"twitter:data1\" content=\"Reda\u00e7\u00e3o\" \/>\n\t<meta name=\"twitter:label2\" content=\"Tempo estimado de leitura\" \/>\n\t<meta name=\"twitter:data2\" content=\"2 minutos\" \/>\n<script type=\"application\/ld+json\" class=\"yoast-schema-graph\">{\"@context\":\"https:\/\/schema.org\",\"@graph\":[{\"@type\":\"Article\",\"@id\":\"https:\/\/brasilnoticias.org\/site\/irmao-mata-irmao-a-facadas-dentro-de-emergencia-de-hospital\/#article\",\"isPartOf\":{\"@id\":\"https:\/\/brasilnoticias.org\/site\/irmao-mata-irmao-a-facadas-dentro-de-emergencia-de-hospital\/\"},\"author\":{\"name\":\"Reda\u00e7\u00e3o\",\"@id\":\"https:\/\/brasilnoticias.org\/site\/#\/schema\/person\/f609fa847b5314f1c8b983342f34c798\"},\"headline\":\"Irm\u00e3o mata irm\u00e3o a facadas dentro de emerg\u00eancia de hospital\",\"datePublished\":\"2022-11-01T21:24:47+00:00\",\"mainEntityOfPage\":{\"@id\":\"https:\/\/brasilnoticias.org\/site\/irmao-mata-irmao-a-facadas-dentro-de-emergencia-de-hospital\/\"},\"wordCount\":358,\"commentCount\":0,\"publisher\":{\"@id\":\"https:\/\/brasilnoticias.org\/site\/#organization\"},\"image\":{\"@id\":\"https:\/\/brasilnoticias.org\/site\/irmao-mata-irmao-a-facadas-dentro-de-emergencia-de-hospital\/#primaryimage\"},\"thumbnailUrl\":\"https:\/\/brasilnoticias.org\/site\/wp-content\/uploads\/2022\/11\/371963DD-702D-44AF-A5EE-8ED836155D67.jpeg\",\"articleSection\":[\"Pol\u00edcia\",\"\u00daltimas\"],\"inLanguage\":\"pt-PT\",\"potentialAction\":[{\"@type\":\"CommentAction\",\"name\":\"Comment\",\"target\":[\"https:\/\/brasilnoticias.org\/site\/irmao-mata-irmao-a-facadas-dentro-de-emergencia-de-hospital\/#respond\"]}]},{\"@type\":\"WebPage\",\"@id\":\"https:\/\/brasilnoticias.org\/site\/irmao-mata-irmao-a-facadas-dentro-de-emergencia-de-hospital\/\",\"url\":\"https:\/\/brasilnoticias.org\/site\/irmao-mata-irmao-a-facadas-dentro-de-emergencia-de-hospital\/\",\"name\":\"Irm\u00e3o mata irm\u00e3o a facadas dentro de emerg\u00eancia de hospital - Brasil not\u00edcias\",\"isPartOf\":{\"@id\":\"https:\/\/brasilnoticias.org\/site\/#website\"},\"primaryImageOfPage\":{\"@id\":\"https:\/\/brasilnoticias.org\/site\/irmao-mata-irmao-a-facadas-dentro-de-emergencia-de-hospital\/#primaryimage\"},\"image\":{\"@id\":\"https:\/\/brasilnoticias.org\/site\/irmao-mata-irmao-a-facadas-dentro-de-emergencia-de-hospital\/#primaryimage\"},\"thumbnailUrl\":\"https:\/\/brasilnoticias.org\/site\/wp-content\/uploads\/2022\/11\/371963DD-702D-44AF-A5EE-8ED836155D67.jpeg\",\"datePublished\":\"2022-11-01T21:24:47+00:00\",\"breadcrumb\":{\"@id\":\"https:\/\/brasilnoticias.org\/site\/irmao-mata-irmao-a-facadas-dentro-de-emergencia-de-hospital\/#breadcrumb\"},\"inLanguage\":\"pt-PT\",\"potentialAction\":[{\"@type\":\"ReadAction\",\"target\":[\"https:\/\/brasilnoticias.org\/site\/irmao-mata-irmao-a-facadas-dentro-de-emergencia-de-hospital\/\"]}]},{\"@type\":\"ImageObject\",\"inLanguage\":\"pt-PT\",\"@id\":\"https:\/\/brasilnoticias.org\/site\/irmao-mata-irmao-a-facadas-dentro-de-emergencia-de-hospital\/#primaryimage\",\"url\":\"https:\/\/brasilnoticias.org\/site\/wp-content\/uploads\/2022\/11\/371963DD-702D-44AF-A5EE-8ED836155D67.jpeg\",\"contentUrl\":\"https:\/\/brasilnoticias.org\/site\/wp-content\/uploads\/2022\/11\/371963DD-702D-44AF-A5EE-8ED836155D67.jpeg\",\"width\":800,\"height\":450},{\"@type\":\"BreadcrumbList\",\"@id\":\"https:\/\/brasilnoticias.org\/site\/irmao-mata-irmao-a-facadas-dentro-de-emergencia-de-hospital\/#breadcrumb\",\"itemListElement\":[{\"@type\":\"ListItem\",\"position\":1,\"name\":\"In\u00edcio\",\"item\":\"https:\/\/brasilnoticias.org\/site\/\"},{\"@type\":\"ListItem\",\"position\":2,\"name\":\"Irm\u00e3o mata irm\u00e3o a facadas dentro de emerg\u00eancia de hospital\"}]},{\"@type\":\"WebSite\",\"@id\":\"https:\/\/brasilnoticias.org\/site\/#website\",\"url\":\"https:\/\/brasilnoticias.org\/site\/\",\"name\":\"Brasil not\u00edcias\",\"description\":\"Brasil not\u00edcias\",\"publisher\":{\"@id\":\"https:\/\/brasilnoticias.org\/site\/#organization\"},\"potentialAction\":[{\"@type\":\"SearchAction\",\"target\":{\"@type\":\"EntryPoint\",\"urlTemplate\":\"https:\/\/brasilnoticias.org\/site\/?s={search_term_string}\"},\"query-input\":{\"@type\":\"PropertyValueSpecification\",\"valueRequired\":true,\"valueName\":\"search_term_string\"}}],\"inLanguage\":\"pt-PT\"},{\"@type\":\"Organization\",\"@id\":\"https:\/\/brasilnoticias.org\/site\/#organization\",\"name\":\"Brasil not\u00edcias\",\"url\":\"https:\/\/brasilnoticias.org\/site\/\",\"logo\":{\"@type\":\"ImageObject\",\"inLanguage\":\"pt-PT\",\"@id\":\"https:\/\/brasilnoticias.org\/site\/#\/schema\/logo\/image\/\",\"url\":\"https:\/\/brasilnoticias.org\/site\/wp-content\/uploads\/2022\/05\/cropped-brasilnoticias-mini.jpg\",\"contentUrl\":\"https:\/\/brasilnoticias.org\/site\/wp-content\/uploads\/2022\/05\/cropped-brasilnoticias-mini.jpg\",\"width\":314,\"height\":86,\"caption\":\"Brasil not\u00edcias\"},\"image\":{\"@id\":\"https:\/\/brasilnoticias.org\/site\/#\/schema\/logo\/image\/\"}},{\"@type\":\"Person\",\"@id\":\"https:\/\/brasilnoticias.org\/site\/#\/schema\/person\/f609fa847b5314f1c8b983342f34c798\",\"name\":\"Reda\u00e7\u00e3o\",\"image\":{\"@type\":\"ImageObject\",\"inLanguage\":\"pt-PT\",\"@id\":\"https:\/\/brasilnoticias.org\/site\/#\/schema\/person\/image\/\",\"url\":\"https:\/\/secure.gravatar.com\/avatar\/447284c06c1ad8b46465a36de9cd0d8326b73387a22799b8b1ffb1fbcff2ed0c?s=96&d=mm&r=g\",\"contentUrl\":\"https:\/\/secure.gravatar.com\/avatar\/447284c06c1ad8b46465a36de9cd0d8326b73387a22799b8b1ffb1fbcff2ed0c?s=96&d=mm&r=g\",\"caption\":\"Reda\u00e7\u00e3o\"},\"url\":\"https:\/\/brasilnoticias.org\/site\/author\/redacao\/\"}]}<\/script>\n<!-- \/ Yoast SEO plugin. -->","yoast_head_json":{"title":"Irm\u00e3o mata irm\u00e3o a facadas dentro de emerg\u00eancia de hospital - Brasil not\u00edcias","robots":{"index":"index","follow":"follow","max-snippet":"max-snippet:-1","max-image-preview":"max-image-preview:large","max-video-preview":"max-video-preview:-1"},"canonical":"https:\/\/brasilnoticias.org\/site\/irmao-mata-irmao-a-facadas-dentro-de-emergencia-de-hospital\/","og_locale":"pt_PT","og_type":"article","og_title":"Irm\u00e3o mata irm\u00e3o a facadas dentro de emerg\u00eancia de hospital - Brasil not\u00edcias","og_description":"Um irm\u00e3o assassinou o outro a facadas dentro do Hospital Manoel Carola, em S\u00e3o Francisco de Itabapoana, na Regi\u00e3o Norte","og_url":"https:\/\/brasilnoticias.org\/site\/irmao-mata-irmao-a-facadas-dentro-de-emergencia-de-hospital\/","og_site_name":"Brasil not\u00edcias","article_published_time":"2022-11-01T21:24:47+00:00","og_image":[{"width":800,"height":450,"url":"https:\/\/brasilnoticias.org\/site\/wp-content\/uploads\/2022\/11\/371963DD-702D-44AF-A5EE-8ED836155D67.jpeg","type":"image\/jpeg"}],"author":"Reda\u00e7\u00e3o","twitter_card":"summary_large_image","twitter_misc":{"Escrito por":"Reda\u00e7\u00e3o","Tempo estimado de leitura":"2 minutos"},"schema":{"@context":"https:\/\/schema.org","@graph":[{"@type":"Article","@id":"https:\/\/brasilnoticias.org\/site\/irmao-mata-irmao-a-facadas-dentro-de-emergencia-de-hospital\/#article","isPartOf":{"@id":"https:\/\/brasilnoticias.org\/site\/irmao-mata-irmao-a-facadas-dentro-de-emergencia-de-hospital\/"},"author":{"name":"Reda\u00e7\u00e3o","@id":"https:\/\/brasilnoticias.org\/site\/#\/schema\/person\/f609fa847b5314f1c8b983342f34c798"},"headline":"Irm\u00e3o mata irm\u00e3o a facadas dentro de emerg\u00eancia de hospital","datePublished":"2022-11-01T21:24:47+00:00","mainEntityOfPage":{"@id":"https:\/\/brasilnoticias.org\/site\/irmao-mata-irmao-a-facadas-dentro-de-emergencia-de-hospital\/"},"wordCount":358,"commentCount":0,"publisher":{"@id":"https:\/\/brasilnoticias.org\/site\/#organization"},"image":{"@id":"https:\/\/brasilnoticias.org\/site\/irmao-mata-irmao-a-facadas-dentro-de-emergencia-de-hospital\/#primaryimage"},"thumbnailUrl":"https:\/\/brasilnoticias.org\/site\/wp-content\/uploads\/2022\/11\/371963DD-702D-44AF-A5EE-8ED836155D67.jpeg","articleSection":["Pol\u00edcia","\u00daltimas"],"inLanguage":"pt-PT","potentialAction":[{"@type":"CommentAction","name":"Comment","target":["https:\/\/brasilnoticias.org\/site\/irmao-mata-irmao-a-facadas-dentro-de-emergencia-de-hospital\/#respond"]}]},{"@type":"WebPage","@id":"https:\/\/brasilnoticias.org\/site\/irmao-mata-irmao-a-facadas-dentro-de-emergencia-de-hospital\/","url":"https:\/\/brasilnoticias.org\/site\/irmao-mata-irmao-a-facadas-dentro-de-emergencia-de-hospital\/","name":"Irm\u00e3o mata irm\u00e3o a facadas dentro de emerg\u00eancia de hospital - Brasil not\u00edcias","isPartOf":{"@id":"https:\/\/brasilnoticias.org\/site\/#website"},"primaryImageOfPage":{"@id":"https:\/\/brasilnoticias.org\/site\/irmao-mata-irmao-a-facadas-dentro-de-emergencia-de-hospital\/#primaryimage"},"image":{"@id":"https:\/\/brasilnoticias.org\/site\/irmao-mata-irmao-a-facadas-dentro-de-emergencia-de-hospital\/#primaryimage"},"thumbnailUrl":"https:\/\/brasilnoticias.org\/site\/wp-content\/uploads\/2022\/11\/371963DD-702D-44AF-A5EE-8ED836155D67.jpeg","datePublished":"2022-11-01T21:24:47+00:00","breadcrumb":{"@id":"https:\/\/brasilnoticias.org\/site\/irmao-mata-irmao-a-facadas-dentro-de-emergencia-de-hospital\/#breadcrumb"},"inLanguage":"pt-PT","potentialAction":[{"@type":"ReadAction","target":["https:\/\/brasilnoticias.org\/site\/irmao-mata-irmao-a-facadas-dentro-de-emergencia-de-hospital\/"]}]},{"@type":"ImageObject","inLanguage":"pt-PT","@id":"https:\/\/brasilnoticias.org\/site\/irmao-mata-irmao-a-facadas-dentro-de-emergencia-de-hospital\/#primaryimage","url":"https:\/\/brasilnoticias.org\/site\/wp-content\/uploads\/2022\/11\/371963DD-702D-44AF-A5EE-8ED836155D67.jpeg","contentUrl":"https:\/\/brasilnoticias.org\/site\/wp-content\/uploads\/2022\/11\/371963DD-702D-44AF-A5EE-8ED836155D67.jpeg","width":800,"height":450},{"@type":"BreadcrumbList","@id":"https:\/\/brasilnoticias.org\/site\/irmao-mata-irmao-a-facadas-dentro-de-emergencia-de-hospital\/#breadcrumb","itemListElement":[{"@type":"ListItem","position":1,"name":"In\u00edcio","item":"https:\/\/brasilnoticias.org\/site\/"},{"@type":"ListItem","position":2,"name":"Irm\u00e3o mata irm\u00e3o a facadas dentro de emerg\u00eancia de hospital"}]},{"@type":"WebSite","@id":"https:\/\/brasilnoticias.org\/site\/#website","url":"https:\/\/brasilnoticias.org\/site\/","name":"Brasil not\u00edcias","description":"Brasil not\u00edcias","publisher":{"@id":"https:\/\/brasilnoticias.org\/site\/#organization"},"potentialAction":[{"@type":"SearchAction","target":{"@type":"EntryPoint","urlTemplate":"https:\/\/brasilnoticias.org\/site\/?s={search_term_string}"},"query-input":{"@type":"PropertyValueSpecification","valueRequired":true,"valueName":"search_term_string"}}],"inLanguage":"pt-PT"},{"@type":"Organization","@id":"https:\/\/brasilnoticias.org\/site\/#organization","name":"Brasil not\u00edcias","url":"https:\/\/brasilnoticias.org\/site\/","logo":{"@type":"ImageObject","inLanguage":"pt-PT","@id":"https:\/\/brasilnoticias.org\/site\/#\/schema\/logo\/image\/","url":"https:\/\/brasilnoticias.org\/site\/wp-content\/uploads\/2022\/05\/cropped-brasilnoticias-mini.jpg","contentUrl":"https:\/\/brasilnoticias.org\/site\/wp-content\/uploads\/2022\/05\/cropped-brasilnoticias-mini.jpg","width":314,"height":86,"caption":"Brasil not\u00edcias"},"image":{"@id":"https:\/\/brasilnoticias.org\/site\/#\/schema\/logo\/image\/"}},{"@type":"Person","@id":"https:\/\/brasilnoticias.org\/site\/#\/schema\/person\/f609fa847b5314f1c8b983342f34c798","name":"Reda\u00e7\u00e3o","image":{"@type":"ImageObject","inLanguage":"pt-PT","@id":"https:\/\/brasilnoticias.org\/site\/#\/schema\/person\/image\/","url":"https:\/\/secure.gravatar.com\/avatar\/447284c06c1ad8b46465a36de9cd0d8326b73387a22799b8b1ffb1fbcff2ed0c?s=96&d=mm&r=g","contentUrl":"https:\/\/secure.gravatar.com\/avatar\/447284c06c1ad8b46465a36de9cd0d8326b73387a22799b8b1ffb1fbcff2ed0c?s=96&d=mm&r=g","caption":"Reda\u00e7\u00e3o"},"url":"https:\/\/brasilnoticias.org\/site\/author\/redacao\/"}]}},"_links":{"self":[{"href":"https:\/\/brasilnoticias.org\/site\/wp-json\/wp\/v2\/posts\/2084","targetHints":{"allow":["GET"]}}],"collection":[{"href":"https:\/\/brasilnoticias.org\/site\/wp-json\/wp\/v2\/posts"}],"about":[{"href":"https:\/\/brasilnoticias.org\/site\/wp-json\/wp\/v2\/types\/post"}],"author":[{"embeddable":true,"href":"https:\/\/brasilnoticias.org\/site\/wp-json\/wp\/v2\/users\/2"}],"replies":[{"embeddable":true,"href":"https:\/\/brasilnoticias.org\/site\/wp-json\/wp\/v2\/comments?post=2084"}],"version-history":[{"count":1,"href":"https:\/\/brasilnoticias.org\/site\/wp-json\/wp\/v2\/posts\/2084\/revisions"}],"predecessor-version":[{"id":2086,"href":"https:\/\/brasilnoticias.org\/site\/wp-json\/wp\/v2\/posts\/2084\/revisions\/2086"}],"wp:featuredmedia":[{"embeddable":true,"href":"https:\/\/brasilnoticias.org\/site\/wp-json\/wp\/v2\/media\/2085"}],"wp:attachment":[{"href":"https:\/\/brasilnoticias.org\/site\/wp-json\/wp\/v2\/media?parent=2084"}],"wp:term":[{"taxonomy":"category","embeddable":true,"href":"https:\/\/brasilnoticias.org\/site\/wp-json\/wp\/v2\/categories?post=2084"},{"taxonomy":"post_tag","embeddable":true,"href":"https:\/\/brasilnoticias.org\/site\/wp-json\/wp\/v2\/tags?post=2084"}],"curies":[{"name":"wp","href":"https:\/\/api.w.org\/{rel}","templated":true}]}}