{"id":20844,"date":"2026-03-10T09:57:46","date_gmt":"2026-03-10T12:57:46","guid":{"rendered":"https:\/\/brasilnoticias.org\/site\/?p=20844"},"modified":"2026-03-10T09:57:46","modified_gmt":"2026-03-10T12:57:46","slug":"possivel-classificacao-de-pcc-e-cv-como-terroristas-pelos-eua-pode-gerar-tensao-e-ate-acoes-militares","status":"publish","type":"post","link":"https:\/\/brasilnoticias.org\/site\/possivel-classificacao-de-pcc-e-cv-como-terroristas-pelos-eua-pode-gerar-tensao-e-ate-acoes-militares\/","title":{"rendered":"Poss\u00edvel classifica\u00e7\u00e3o de PCC e CV como terroristas pelos EUA pode gerar tens\u00e3o e at\u00e9 a\u00e7\u00f5es militares"},"content":{"rendered":"<p data-start=\"212\" data-end=\"346\"><strong data-start=\"212\" data-end=\"346\">Especialistas alertam para impactos diplom\u00e1ticos, econ\u00f4micos e de seguran\u00e7a caso fac\u00e7\u00f5es brasileiras entrem em lista de terrorismo<\/strong><\/p>\n<p data-start=\"348\" data-end=\"733\">A poss\u00edvel decis\u00e3o dos Estados Unidos de classificar as fac\u00e7\u00f5es criminosas <strong data-start=\"423\" data-end=\"460\">Primeiro Comando da Capital (PCC)<\/strong> e <strong data-start=\"463\" data-end=\"488\">Comando Vermelho (CV)<\/strong> como organiza\u00e7\u00f5es terroristas pode trazer consequ\u00eancias significativas para o Brasil, incluindo san\u00e7\u00f5es financeiras, press\u00f5es diplom\u00e1ticas e at\u00e9 o risco de a\u00e7\u00f5es militares internacionais contra os grupos.<\/p>\n<p data-start=\"735\" data-end=\"1032\">A medida vem sendo discutida dentro do governo norte-americano e pode incluir as duas fac\u00e7\u00f5es na lista de <strong data-start=\"841\" data-end=\"888\">Organiza\u00e7\u00f5es Terroristas Estrangeiras (FTO)<\/strong>, mecanismo jur\u00eddico usado por Washington para combater grupos considerados amea\u00e7a \u00e0 seguran\u00e7a nacional.<\/p>\n<h2 data-section-id=\"m0vegz\" data-start=\"1034\" data-end=\"1067\">San\u00e7\u00f5es e bloqueio de recursos<\/h2>\n<p data-start=\"1069\" data-end=\"1414\">Se a classifica\u00e7\u00e3o for confirmada, uma das primeiras consequ\u00eancias seria a aplica\u00e7\u00e3o de san\u00e7\u00f5es econ\u00f4micas. Nesse caso, autoridades dos Estados Unidos poderiam <strong data-start=\"1229\" data-end=\"1349\">congelar ativos financeiros ligados \u00e0s fac\u00e7\u00f5es, bloquear transa\u00e7\u00f5es e criminalizar qualquer tipo de apoio aos grupos<\/strong> em territ\u00f3rio americano.<\/p>\n<p data-start=\"1416\" data-end=\"1637\">Al\u00e9m disso, integrantes dessas organiza\u00e7\u00f5es poderiam ter <strong data-start=\"1473\" data-end=\"1555\">vistos negados, deporta\u00e7\u00f5es aceleradas e restri\u00e7\u00f5es financeiras internacionais<\/strong>, dificultando movimenta\u00e7\u00f5es de dinheiro em bancos e empresas com liga\u00e7\u00e3o aos EUA.<\/p>\n<h2 data-section-id=\"10q2wuu\" data-start=\"1639\" data-end=\"1693\">Possibilidade de a\u00e7\u00f5es fora do territ\u00f3rio americano<\/h2>\n<p data-start=\"1695\" data-end=\"2020\">Outro ponto que preocupa especialistas \u00e9 que, ao classificar um grupo como terrorista, o governo norte-americano passa a ter <strong data-start=\"1820\" data-end=\"1915\">base legal para realizar opera\u00e7\u00f5es contra essas organiza\u00e7\u00f5es fora de seu pr\u00f3prio territ\u00f3rio<\/strong>, caso considere que elas representem amea\u00e7a \u00e0 seguran\u00e7a do pa\u00eds.<\/p>\n<p data-start=\"2022\" data-end=\"2275\">Em teoria, isso poderia permitir a\u00e7\u00f5es de intelig\u00eancia, opera\u00e7\u00f5es policiais internacionais ou at\u00e9 <strong data-start=\"2120\" data-end=\"2189\">interven\u00e7\u00f5es militares direcionadas contra estruturas das fac\u00e7\u00f5es<\/strong>, o que levanta debates sobre soberania nacional e rela\u00e7\u00f5es diplom\u00e1ticas com o Brasil.<\/p>\n<h2 data-section-id=\"5ishue\" data-start=\"2277\" data-end=\"2321\">Governo brasileiro \u00e9 contra classifica\u00e7\u00e3o<\/h2>\n<p data-start=\"2323\" data-end=\"2664\">Autoridades brasileiras argumentam que PCC e Comando Vermelho <strong data-start=\"2385\" data-end=\"2433\">s\u00e3o organiza\u00e7\u00f5es criminosas, n\u00e3o terroristas<\/strong>, j\u00e1 que a legisla\u00e7\u00e3o brasileira associa terrorismo a motiva\u00e7\u00f5es ideol\u00f3gicas, religiosas ou pol\u00edticas \u2014 algo que n\u00e3o se aplica diretamente \u00e0s fac\u00e7\u00f5es ligadas ao tr\u00e1fico e ao crime organizado.<\/p>\n<p data-start=\"2666\" data-end=\"2782\">Por isso, o governo brasileiro tem atuado diplomaticamente para tentar evitar que a classifica\u00e7\u00e3o seja oficializada.<\/p>\n<h2 data-section-id=\"1hzc9tv\" data-start=\"2784\" data-end=\"2820\">Fac\u00e7\u00f5es com atua\u00e7\u00e3o internacional<\/h2>\n<p data-start=\"2822\" data-end=\"3065\">O <strong data-start=\"2824\" data-end=\"2852\">PCC e o Comando Vermelho<\/strong> est\u00e3o entre as maiores organiza\u00e7\u00f5es criminosas da Am\u00e9rica Latina, com atua\u00e7\u00e3o em diversas regi\u00f5es do Brasil e presen\u00e7a em rotas internacionais do tr\u00e1fico de drogas e armas.<\/p>\n<p data-start=\"3067\" data-end=\"3338\">Nos \u00faltimos anos, alguns pa\u00edses da Am\u00e9rica do Sul j\u00e1 passaram a tratar essas fac\u00e7\u00f5es como organiza\u00e7\u00f5es ligadas ao narcoterrorismo. Argentina e Paraguai, por exemplo, inclu\u00edram os grupos em listas nacionais de entidades terroristas.<\/p>\n<h2 data-section-id=\"8qdv9b\" data-start=\"3340\" data-end=\"3372\">Debate pol\u00edtico e diplom\u00e1tico<\/h2>\n<p data-start=\"3374\" data-end=\"3723\">A possibilidade de classifica\u00e7\u00e3o tem provocado discuss\u00f5es dentro do Brasil e tamb\u00e9m nos Estados Unidos. Parlamentares e especialistas avaliam que a decis\u00e3o pode alterar o cen\u00e1rio da seguran\u00e7a p\u00fablica e das rela\u00e7\u00f5es internacionais, ampliando a coopera\u00e7\u00e3o no combate ao crime \u2014 mas tamb\u00e9m abrindo espa\u00e7o para tens\u00f5es diplom\u00e1ticas entre os dois pa\u00edses.<\/p>\n<p data-start=\"3725\" data-end=\"3872\">A decis\u00e3o final depender\u00e1 de an\u00e1lises pol\u00edticas e jur\u00eddicas dentro do governo norte-americano e de eventuais negocia\u00e7\u00f5es diplom\u00e1ticas com o Brasil.<\/p>\n<p data-start=\"3725\" data-end=\"3872\">\n<p data-start=\"3725\" data-end=\"3872\">Fonte: A Tarde<\/p>\n","protected":false},"excerpt":{"rendered":"<p>Especialistas alertam para impactos diplom\u00e1ticos, econ\u00f4micos e de seguran\u00e7a caso fac\u00e7\u00f5es brasileiras entrem em lista de terrorismo A poss\u00edvel decis\u00e3o<\/p>\n","protected":false},"author":4,"featured_media":20845,"comment_status":"open","ping_status":"open","sticky":false,"template":"","format":"standard","meta":{"colormag_page_container_layout":"default_layout","colormag_page_sidebar_layout":"default_layout","_FSMCFIC_featured_image_caption":"","_FSMCFIC_featured_image_nocaption":"","_FSMCFIC_featured_image_hide":"","footnotes":""},"categories":[6,1],"tags":[],"class_list":["post-20844","post","type-post","status-publish","format-standard","has-post-thumbnail","hentry","category-mundo","category-ultimas"],"yoast_head":"<!-- This site is optimized with the Yoast SEO plugin v27.1.1 - https:\/\/yoast.com\/product\/yoast-seo-wordpress\/ -->\n<title>Poss\u00edvel classifica\u00e7\u00e3o de PCC e CV como terroristas pelos EUA pode gerar tens\u00e3o e at\u00e9 a\u00e7\u00f5es militares - Brasil not\u00edcias<\/title>\n<meta name=\"robots\" content=\"index, follow, max-snippet:-1, max-image-preview:large, max-video-preview:-1\" \/>\n<link rel=\"canonical\" href=\"https:\/\/brasilnoticias.org\/site\/possivel-classificacao-de-pcc-e-cv-como-terroristas-pelos-eua-pode-gerar-tensao-e-ate-acoes-militares\/\" \/>\n<meta property=\"og:locale\" content=\"pt_PT\" \/>\n<meta property=\"og:type\" content=\"article\" \/>\n<meta property=\"og:title\" content=\"Poss\u00edvel classifica\u00e7\u00e3o de PCC e CV como terroristas pelos EUA pode gerar tens\u00e3o e at\u00e9 a\u00e7\u00f5es militares - Brasil not\u00edcias\" \/>\n<meta property=\"og:description\" content=\"Especialistas alertam para impactos diplom\u00e1ticos, econ\u00f4micos e de seguran\u00e7a caso fac\u00e7\u00f5es brasileiras entrem em lista de terrorismo A poss\u00edvel decis\u00e3o\" \/>\n<meta property=\"og:url\" content=\"https:\/\/brasilnoticias.org\/site\/possivel-classificacao-de-pcc-e-cv-como-terroristas-pelos-eua-pode-gerar-tensao-e-ate-acoes-militares\/\" \/>\n<meta property=\"og:site_name\" content=\"Brasil not\u00edcias\" \/>\n<meta property=\"article:published_time\" content=\"2026-03-10T12:57:46+00:00\" \/>\n<meta property=\"og:image\" content=\"https:\/\/brasilnoticias.org\/site\/wp-content\/uploads\/2026\/03\/0f819c25f075ac87fea3038265ce6cd31c6.webp\" \/>\n\t<meta property=\"og:image:width\" content=\"791\" \/>\n\t<meta property=\"og:image:height\" content=\"458\" \/>\n\t<meta property=\"og:image:type\" content=\"image\/webp\" \/>\n<meta name=\"author\" content=\"Reda\u00e7\u00e3o\" \/>\n<meta name=\"twitter:card\" content=\"summary_large_image\" \/>\n<meta name=\"twitter:label1\" content=\"Escrito por\" \/>\n\t<meta name=\"twitter:data1\" content=\"Reda\u00e7\u00e3o\" \/>\n\t<meta name=\"twitter:label2\" content=\"Tempo estimado de leitura\" \/>\n\t<meta name=\"twitter:data2\" content=\"3 minutos\" \/>\n<script type=\"application\/ld+json\" class=\"yoast-schema-graph\">{\"@context\":\"https:\/\/schema.org\",\"@graph\":[{\"@type\":\"Article\",\"@id\":\"https:\/\/brasilnoticias.org\/site\/possivel-classificacao-de-pcc-e-cv-como-terroristas-pelos-eua-pode-gerar-tensao-e-ate-acoes-militares\/#article\",\"isPartOf\":{\"@id\":\"https:\/\/brasilnoticias.org\/site\/possivel-classificacao-de-pcc-e-cv-como-terroristas-pelos-eua-pode-gerar-tensao-e-ate-acoes-militares\/\"},\"author\":{\"name\":\"Reda\u00e7\u00e3o\",\"@id\":\"https:\/\/brasilnoticias.org\/site\/#\/schema\/person\/03bbbfe6c7634ad18c26444ea39049fa\"},\"headline\":\"Poss\u00edvel classifica\u00e7\u00e3o de PCC e CV como terroristas pelos EUA pode gerar tens\u00e3o e at\u00e9 a\u00e7\u00f5es militares\",\"datePublished\":\"2026-03-10T12:57:46+00:00\",\"mainEntityOfPage\":{\"@id\":\"https:\/\/brasilnoticias.org\/site\/possivel-classificacao-de-pcc-e-cv-como-terroristas-pelos-eua-pode-gerar-tensao-e-ate-acoes-militares\/\"},\"wordCount\":579,\"commentCount\":0,\"publisher\":{\"@id\":\"https:\/\/brasilnoticias.org\/site\/#organization\"},\"image\":{\"@id\":\"https:\/\/brasilnoticias.org\/site\/possivel-classificacao-de-pcc-e-cv-como-terroristas-pelos-eua-pode-gerar-tensao-e-ate-acoes-militares\/#primaryimage\"},\"thumbnailUrl\":\"https:\/\/brasilnoticias.org\/site\/wp-content\/uploads\/2026\/03\/0f819c25f075ac87fea3038265ce6cd31c6.webp\",\"articleSection\":[\"Mundo\",\"\u00daltimas\"],\"inLanguage\":\"pt-PT\",\"potentialAction\":[{\"@type\":\"CommentAction\",\"name\":\"Comment\",\"target\":[\"https:\/\/brasilnoticias.org\/site\/possivel-classificacao-de-pcc-e-cv-como-terroristas-pelos-eua-pode-gerar-tensao-e-ate-acoes-militares\/#respond\"]}]},{\"@type\":\"WebPage\",\"@id\":\"https:\/\/brasilnoticias.org\/site\/possivel-classificacao-de-pcc-e-cv-como-terroristas-pelos-eua-pode-gerar-tensao-e-ate-acoes-militares\/\",\"url\":\"https:\/\/brasilnoticias.org\/site\/possivel-classificacao-de-pcc-e-cv-como-terroristas-pelos-eua-pode-gerar-tensao-e-ate-acoes-militares\/\",\"name\":\"Poss\u00edvel classifica\u00e7\u00e3o de PCC e CV como terroristas pelos EUA pode gerar tens\u00e3o e at\u00e9 a\u00e7\u00f5es militares - Brasil not\u00edcias\",\"isPartOf\":{\"@id\":\"https:\/\/brasilnoticias.org\/site\/#website\"},\"primaryImageOfPage\":{\"@id\":\"https:\/\/brasilnoticias.org\/site\/possivel-classificacao-de-pcc-e-cv-como-terroristas-pelos-eua-pode-gerar-tensao-e-ate-acoes-militares\/#primaryimage\"},\"image\":{\"@id\":\"https:\/\/brasilnoticias.org\/site\/possivel-classificacao-de-pcc-e-cv-como-terroristas-pelos-eua-pode-gerar-tensao-e-ate-acoes-militares\/#primaryimage\"},\"thumbnailUrl\":\"https:\/\/brasilnoticias.org\/site\/wp-content\/uploads\/2026\/03\/0f819c25f075ac87fea3038265ce6cd31c6.webp\",\"datePublished\":\"2026-03-10T12:57:46+00:00\",\"breadcrumb\":{\"@id\":\"https:\/\/brasilnoticias.org\/site\/possivel-classificacao-de-pcc-e-cv-como-terroristas-pelos-eua-pode-gerar-tensao-e-ate-acoes-militares\/#breadcrumb\"},\"inLanguage\":\"pt-PT\",\"potentialAction\":[{\"@type\":\"ReadAction\",\"target\":[\"https:\/\/brasilnoticias.org\/site\/possivel-classificacao-de-pcc-e-cv-como-terroristas-pelos-eua-pode-gerar-tensao-e-ate-acoes-militares\/\"]}]},{\"@type\":\"ImageObject\",\"inLanguage\":\"pt-PT\",\"@id\":\"https:\/\/brasilnoticias.org\/site\/possivel-classificacao-de-pcc-e-cv-como-terroristas-pelos-eua-pode-gerar-tensao-e-ate-acoes-militares\/#primaryimage\",\"url\":\"https:\/\/brasilnoticias.org\/site\/wp-content\/uploads\/2026\/03\/0f819c25f075ac87fea3038265ce6cd31c6.webp\",\"contentUrl\":\"https:\/\/brasilnoticias.org\/site\/wp-content\/uploads\/2026\/03\/0f819c25f075ac87fea3038265ce6cd31c6.webp\",\"width\":791,\"height\":458,\"caption\":\"Foto: Ricardo Stuckert\/PR\"},{\"@type\":\"BreadcrumbList\",\"@id\":\"https:\/\/brasilnoticias.org\/site\/possivel-classificacao-de-pcc-e-cv-como-terroristas-pelos-eua-pode-gerar-tensao-e-ate-acoes-militares\/#breadcrumb\",\"itemListElement\":[{\"@type\":\"ListItem\",\"position\":1,\"name\":\"In\u00edcio\",\"item\":\"https:\/\/brasilnoticias.org\/site\/\"},{\"@type\":\"ListItem\",\"position\":2,\"name\":\"Poss\u00edvel classifica\u00e7\u00e3o de PCC e CV como terroristas pelos EUA pode gerar tens\u00e3o e at\u00e9 a\u00e7\u00f5es militares\"}]},{\"@type\":\"WebSite\",\"@id\":\"https:\/\/brasilnoticias.org\/site\/#website\",\"url\":\"https:\/\/brasilnoticias.org\/site\/\",\"name\":\"Brasil not\u00edcias\",\"description\":\"Brasil not\u00edcias\",\"publisher\":{\"@id\":\"https:\/\/brasilnoticias.org\/site\/#organization\"},\"potentialAction\":[{\"@type\":\"SearchAction\",\"target\":{\"@type\":\"EntryPoint\",\"urlTemplate\":\"https:\/\/brasilnoticias.org\/site\/?s={search_term_string}\"},\"query-input\":{\"@type\":\"PropertyValueSpecification\",\"valueRequired\":true,\"valueName\":\"search_term_string\"}}],\"inLanguage\":\"pt-PT\"},{\"@type\":\"Organization\",\"@id\":\"https:\/\/brasilnoticias.org\/site\/#organization\",\"name\":\"Brasil not\u00edcias\",\"url\":\"https:\/\/brasilnoticias.org\/site\/\",\"logo\":{\"@type\":\"ImageObject\",\"inLanguage\":\"pt-PT\",\"@id\":\"https:\/\/brasilnoticias.org\/site\/#\/schema\/logo\/image\/\",\"url\":\"https:\/\/brasilnoticias.org\/site\/wp-content\/uploads\/2022\/05\/cropped-brasilnoticias-mini.jpg\",\"contentUrl\":\"https:\/\/brasilnoticias.org\/site\/wp-content\/uploads\/2022\/05\/cropped-brasilnoticias-mini.jpg\",\"width\":314,\"height\":86,\"caption\":\"Brasil not\u00edcias\"},\"image\":{\"@id\":\"https:\/\/brasilnoticias.org\/site\/#\/schema\/logo\/image\/\"}},{\"@type\":\"Person\",\"@id\":\"https:\/\/brasilnoticias.org\/site\/#\/schema\/person\/03bbbfe6c7634ad18c26444ea39049fa\",\"name\":\"Reda\u00e7\u00e3o\",\"image\":{\"@type\":\"ImageObject\",\"inLanguage\":\"pt-PT\",\"@id\":\"https:\/\/brasilnoticias.org\/site\/#\/schema\/person\/image\/\",\"url\":\"https:\/\/secure.gravatar.com\/avatar\/9ecaf7327a696cb23ad926fedded5f1f04d7049de9e445375d55b48c001a6e42?s=96&d=mm&r=g\",\"contentUrl\":\"https:\/\/secure.gravatar.com\/avatar\/9ecaf7327a696cb23ad926fedded5f1f04d7049de9e445375d55b48c001a6e42?s=96&d=mm&r=g\",\"caption\":\"Reda\u00e7\u00e3o\"},\"url\":\"https:\/\/brasilnoticias.org\/site\/author\/henrique\/\"}]}<\/script>\n<!-- \/ Yoast SEO plugin. -->","yoast_head_json":{"title":"Poss\u00edvel classifica\u00e7\u00e3o de PCC e CV como terroristas pelos EUA pode gerar tens\u00e3o e at\u00e9 a\u00e7\u00f5es militares - Brasil not\u00edcias","robots":{"index":"index","follow":"follow","max-snippet":"max-snippet:-1","max-image-preview":"max-image-preview:large","max-video-preview":"max-video-preview:-1"},"canonical":"https:\/\/brasilnoticias.org\/site\/possivel-classificacao-de-pcc-e-cv-como-terroristas-pelos-eua-pode-gerar-tensao-e-ate-acoes-militares\/","og_locale":"pt_PT","og_type":"article","og_title":"Poss\u00edvel classifica\u00e7\u00e3o de PCC e CV como terroristas pelos EUA pode gerar tens\u00e3o e at\u00e9 a\u00e7\u00f5es militares - Brasil not\u00edcias","og_description":"Especialistas alertam para impactos diplom\u00e1ticos, econ\u00f4micos e de seguran\u00e7a caso fac\u00e7\u00f5es brasileiras entrem em lista de terrorismo A poss\u00edvel decis\u00e3o","og_url":"https:\/\/brasilnoticias.org\/site\/possivel-classificacao-de-pcc-e-cv-como-terroristas-pelos-eua-pode-gerar-tensao-e-ate-acoes-militares\/","og_site_name":"Brasil not\u00edcias","article_published_time":"2026-03-10T12:57:46+00:00","og_image":[{"width":791,"height":458,"url":"https:\/\/brasilnoticias.org\/site\/wp-content\/uploads\/2026\/03\/0f819c25f075ac87fea3038265ce6cd31c6.webp","type":"image\/webp"}],"author":"Reda\u00e7\u00e3o","twitter_card":"summary_large_image","twitter_misc":{"Escrito por":"Reda\u00e7\u00e3o","Tempo estimado de leitura":"3 minutos"},"schema":{"@context":"https:\/\/schema.org","@graph":[{"@type":"Article","@id":"https:\/\/brasilnoticias.org\/site\/possivel-classificacao-de-pcc-e-cv-como-terroristas-pelos-eua-pode-gerar-tensao-e-ate-acoes-militares\/#article","isPartOf":{"@id":"https:\/\/brasilnoticias.org\/site\/possivel-classificacao-de-pcc-e-cv-como-terroristas-pelos-eua-pode-gerar-tensao-e-ate-acoes-militares\/"},"author":{"name":"Reda\u00e7\u00e3o","@id":"https:\/\/brasilnoticias.org\/site\/#\/schema\/person\/03bbbfe6c7634ad18c26444ea39049fa"},"headline":"Poss\u00edvel classifica\u00e7\u00e3o de PCC e CV como terroristas pelos EUA pode gerar tens\u00e3o e at\u00e9 a\u00e7\u00f5es militares","datePublished":"2026-03-10T12:57:46+00:00","mainEntityOfPage":{"@id":"https:\/\/brasilnoticias.org\/site\/possivel-classificacao-de-pcc-e-cv-como-terroristas-pelos-eua-pode-gerar-tensao-e-ate-acoes-militares\/"},"wordCount":579,"commentCount":0,"publisher":{"@id":"https:\/\/brasilnoticias.org\/site\/#organization"},"image":{"@id":"https:\/\/brasilnoticias.org\/site\/possivel-classificacao-de-pcc-e-cv-como-terroristas-pelos-eua-pode-gerar-tensao-e-ate-acoes-militares\/#primaryimage"},"thumbnailUrl":"https:\/\/brasilnoticias.org\/site\/wp-content\/uploads\/2026\/03\/0f819c25f075ac87fea3038265ce6cd31c6.webp","articleSection":["Mundo","\u00daltimas"],"inLanguage":"pt-PT","potentialAction":[{"@type":"CommentAction","name":"Comment","target":["https:\/\/brasilnoticias.org\/site\/possivel-classificacao-de-pcc-e-cv-como-terroristas-pelos-eua-pode-gerar-tensao-e-ate-acoes-militares\/#respond"]}]},{"@type":"WebPage","@id":"https:\/\/brasilnoticias.org\/site\/possivel-classificacao-de-pcc-e-cv-como-terroristas-pelos-eua-pode-gerar-tensao-e-ate-acoes-militares\/","url":"https:\/\/brasilnoticias.org\/site\/possivel-classificacao-de-pcc-e-cv-como-terroristas-pelos-eua-pode-gerar-tensao-e-ate-acoes-militares\/","name":"Poss\u00edvel classifica\u00e7\u00e3o de PCC e CV como terroristas pelos EUA pode gerar tens\u00e3o e at\u00e9 a\u00e7\u00f5es militares - Brasil not\u00edcias","isPartOf":{"@id":"https:\/\/brasilnoticias.org\/site\/#website"},"primaryImageOfPage":{"@id":"https:\/\/brasilnoticias.org\/site\/possivel-classificacao-de-pcc-e-cv-como-terroristas-pelos-eua-pode-gerar-tensao-e-ate-acoes-militares\/#primaryimage"},"image":{"@id":"https:\/\/brasilnoticias.org\/site\/possivel-classificacao-de-pcc-e-cv-como-terroristas-pelos-eua-pode-gerar-tensao-e-ate-acoes-militares\/#primaryimage"},"thumbnailUrl":"https:\/\/brasilnoticias.org\/site\/wp-content\/uploads\/2026\/03\/0f819c25f075ac87fea3038265ce6cd31c6.webp","datePublished":"2026-03-10T12:57:46+00:00","breadcrumb":{"@id":"https:\/\/brasilnoticias.org\/site\/possivel-classificacao-de-pcc-e-cv-como-terroristas-pelos-eua-pode-gerar-tensao-e-ate-acoes-militares\/#breadcrumb"},"inLanguage":"pt-PT","potentialAction":[{"@type":"ReadAction","target":["https:\/\/brasilnoticias.org\/site\/possivel-classificacao-de-pcc-e-cv-como-terroristas-pelos-eua-pode-gerar-tensao-e-ate-acoes-militares\/"]}]},{"@type":"ImageObject","inLanguage":"pt-PT","@id":"https:\/\/brasilnoticias.org\/site\/possivel-classificacao-de-pcc-e-cv-como-terroristas-pelos-eua-pode-gerar-tensao-e-ate-acoes-militares\/#primaryimage","url":"https:\/\/brasilnoticias.org\/site\/wp-content\/uploads\/2026\/03\/0f819c25f075ac87fea3038265ce6cd31c6.webp","contentUrl":"https:\/\/brasilnoticias.org\/site\/wp-content\/uploads\/2026\/03\/0f819c25f075ac87fea3038265ce6cd31c6.webp","width":791,"height":458,"caption":"Foto: Ricardo Stuckert\/PR"},{"@type":"BreadcrumbList","@id":"https:\/\/brasilnoticias.org\/site\/possivel-classificacao-de-pcc-e-cv-como-terroristas-pelos-eua-pode-gerar-tensao-e-ate-acoes-militares\/#breadcrumb","itemListElement":[{"@type":"ListItem","position":1,"name":"In\u00edcio","item":"https:\/\/brasilnoticias.org\/site\/"},{"@type":"ListItem","position":2,"name":"Poss\u00edvel classifica\u00e7\u00e3o de PCC e CV como terroristas pelos EUA pode gerar tens\u00e3o e at\u00e9 a\u00e7\u00f5es militares"}]},{"@type":"WebSite","@id":"https:\/\/brasilnoticias.org\/site\/#website","url":"https:\/\/brasilnoticias.org\/site\/","name":"Brasil not\u00edcias","description":"Brasil not\u00edcias","publisher":{"@id":"https:\/\/brasilnoticias.org\/site\/#organization"},"potentialAction":[{"@type":"SearchAction","target":{"@type":"EntryPoint","urlTemplate":"https:\/\/brasilnoticias.org\/site\/?s={search_term_string}"},"query-input":{"@type":"PropertyValueSpecification","valueRequired":true,"valueName":"search_term_string"}}],"inLanguage":"pt-PT"},{"@type":"Organization","@id":"https:\/\/brasilnoticias.org\/site\/#organization","name":"Brasil not\u00edcias","url":"https:\/\/brasilnoticias.org\/site\/","logo":{"@type":"ImageObject","inLanguage":"pt-PT","@id":"https:\/\/brasilnoticias.org\/site\/#\/schema\/logo\/image\/","url":"https:\/\/brasilnoticias.org\/site\/wp-content\/uploads\/2022\/05\/cropped-brasilnoticias-mini.jpg","contentUrl":"https:\/\/brasilnoticias.org\/site\/wp-content\/uploads\/2022\/05\/cropped-brasilnoticias-mini.jpg","width":314,"height":86,"caption":"Brasil not\u00edcias"},"image":{"@id":"https:\/\/brasilnoticias.org\/site\/#\/schema\/logo\/image\/"}},{"@type":"Person","@id":"https:\/\/brasilnoticias.org\/site\/#\/schema\/person\/03bbbfe6c7634ad18c26444ea39049fa","name":"Reda\u00e7\u00e3o","image":{"@type":"ImageObject","inLanguage":"pt-PT","@id":"https:\/\/brasilnoticias.org\/site\/#\/schema\/person\/image\/","url":"https:\/\/secure.gravatar.com\/avatar\/9ecaf7327a696cb23ad926fedded5f1f04d7049de9e445375d55b48c001a6e42?s=96&d=mm&r=g","contentUrl":"https:\/\/secure.gravatar.com\/avatar\/9ecaf7327a696cb23ad926fedded5f1f04d7049de9e445375d55b48c001a6e42?s=96&d=mm&r=g","caption":"Reda\u00e7\u00e3o"},"url":"https:\/\/brasilnoticias.org\/site\/author\/henrique\/"}]}},"_links":{"self":[{"href":"https:\/\/brasilnoticias.org\/site\/wp-json\/wp\/v2\/posts\/20844","targetHints":{"allow":["GET"]}}],"collection":[{"href":"https:\/\/brasilnoticias.org\/site\/wp-json\/wp\/v2\/posts"}],"about":[{"href":"https:\/\/brasilnoticias.org\/site\/wp-json\/wp\/v2\/types\/post"}],"author":[{"embeddable":true,"href":"https:\/\/brasilnoticias.org\/site\/wp-json\/wp\/v2\/users\/4"}],"replies":[{"embeddable":true,"href":"https:\/\/brasilnoticias.org\/site\/wp-json\/wp\/v2\/comments?post=20844"}],"version-history":[{"count":1,"href":"https:\/\/brasilnoticias.org\/site\/wp-json\/wp\/v2\/posts\/20844\/revisions"}],"predecessor-version":[{"id":20854,"href":"https:\/\/brasilnoticias.org\/site\/wp-json\/wp\/v2\/posts\/20844\/revisions\/20854"}],"wp:featuredmedia":[{"embeddable":true,"href":"https:\/\/brasilnoticias.org\/site\/wp-json\/wp\/v2\/media\/20845"}],"wp:attachment":[{"href":"https:\/\/brasilnoticias.org\/site\/wp-json\/wp\/v2\/media?parent=20844"}],"wp:term":[{"taxonomy":"category","embeddable":true,"href":"https:\/\/brasilnoticias.org\/site\/wp-json\/wp\/v2\/categories?post=20844"},{"taxonomy":"post_tag","embeddable":true,"href":"https:\/\/brasilnoticias.org\/site\/wp-json\/wp\/v2\/tags?post=20844"}],"curies":[{"name":"wp","href":"https:\/\/api.w.org\/{rel}","templated":true}]}}