{"id":20858,"date":"2026-03-11T06:36:21","date_gmt":"2026-03-11T09:36:21","guid":{"rendered":"https:\/\/brasilnoticias.org\/site\/?p=20858"},"modified":"2026-03-11T06:36:21","modified_gmt":"2026-03-11T09:36:21","slug":"governo-pede-investigacao-sobre-aumento-dos-combustiveis","status":"publish","type":"post","link":"https:\/\/brasilnoticias.org\/site\/governo-pede-investigacao-sobre-aumento-dos-combustiveis\/","title":{"rendered":"Governo pede investiga\u00e7\u00e3o sobre aumento dos combust\u00edveis"},"content":{"rendered":"<p data-start=\"167\" data-end=\"376\">O governo federal pediu ao <strong data-start=\"194\" data-end=\"248\">Conselho Administrativo de Defesa Econ\u00f4mica (Cade)<\/strong> que investigue aumentos recentes no pre\u00e7o dos combust\u00edveis em v\u00e1rios estados do Brasil.<\/p>\n<p data-start=\"378\" data-end=\"646\">A solicita\u00e7\u00e3o foi feita pela <strong data-start=\"407\" data-end=\"454\">Secretaria Nacional do Consumidor (Senacon)<\/strong> ap\u00f3s den\u00fancias de sindicatos do setor, que afirmam que <strong data-start=\"510\" data-end=\"605\">distribuidoras e postos aumentaram os pre\u00e7os mesmo sem reajuste da Petrobras nas refinarias<\/strong>.<\/p>\n<p data-start=\"648\" data-end=\"820\">Os aumentos foram registrados em estados como <strong data-start=\"694\" data-end=\"779\">Bahia, Rio Grande do Norte, Minas Gerais, Rio Grande do Sul e no Distrito Federal<\/strong>.<\/p>\n<p data-start=\"822\" data-end=\"1032\">Segundo o governo, existe a suspeita de <strong data-start=\"862\" data-end=\"893\">pr\u00e1ticas anticoncorrenciais<\/strong>, como poss\u00edveis combina\u00e7\u00f5es de pre\u00e7os entre empresas do setor, o que pode prejudicar consumidores.<\/p>\n<p data-start=\"1034\" data-end=\"1243\">Empres\u00e1rios do setor dizem que a alta est\u00e1 relacionada \u00e0 <strong data-start=\"1091\" data-end=\"1147\">subida do pre\u00e7o do petr\u00f3leo no mercado internacional<\/strong>, influenciada por tens\u00f5es e conflitos no Oriente M\u00e9dio.<\/p>\n<p data-start=\"1245\" data-end=\"1374\">Se o Cade identificar irregularidades, as empresas podem sofrer <strong data-start=\"1309\" data-end=\"1373\">investiga\u00e7\u00f5es e puni\u00e7\u00f5es por cartel ou manipula\u00e7\u00e3o de pre\u00e7os<\/strong>.<\/p>\n<p data-start=\"1245\" data-end=\"1374\">\n<p data-start=\"1245\" data-end=\"1374\">Fonte: Ag\u00eancia Brasil<\/p>\n","protected":false},"excerpt":{"rendered":"<p>O governo federal pediu ao Conselho Administrativo de Defesa Econ\u00f4mica (Cade) que investigue aumentos recentes no pre\u00e7o dos combust\u00edveis em<\/p>\n","protected":false},"author":4,"featured_media":20859,"comment_status":"open","ping_status":"open","sticky":false,"template":"","format":"standard","meta":{"colormag_page_container_layout":"default_layout","colormag_page_sidebar_layout":"default_layout","_FSMCFIC_featured_image_caption":"","_FSMCFIC_featured_image_nocaption":"","_FSMCFIC_featured_image_hide":"","footnotes":""},"categories":[2,1],"tags":[],"class_list":["post-20858","post","type-post","status-publish","format-standard","has-post-thumbnail","hentry","category-noticias","category-ultimas"],"yoast_head":"<!-- This site is optimized with the Yoast SEO plugin v27.1.1 - https:\/\/yoast.com\/product\/yoast-seo-wordpress\/ -->\n<title>Governo pede investiga\u00e7\u00e3o sobre aumento dos combust\u00edveis - Brasil not\u00edcias<\/title>\n<meta name=\"robots\" content=\"index, follow, max-snippet:-1, max-image-preview:large, max-video-preview:-1\" \/>\n<link rel=\"canonical\" href=\"https:\/\/brasilnoticias.org\/site\/governo-pede-investigacao-sobre-aumento-dos-combustiveis\/\" \/>\n<meta property=\"og:locale\" content=\"pt_PT\" \/>\n<meta property=\"og:type\" content=\"article\" \/>\n<meta property=\"og:title\" content=\"Governo pede investiga\u00e7\u00e3o sobre aumento dos combust\u00edveis - Brasil not\u00edcias\" \/>\n<meta property=\"og:description\" content=\"O governo federal pediu ao Conselho Administrativo de Defesa Econ\u00f4mica (Cade) que investigue aumentos recentes no pre\u00e7o dos combust\u00edveis em\" \/>\n<meta property=\"og:url\" content=\"https:\/\/brasilnoticias.org\/site\/governo-pede-investigacao-sobre-aumento-dos-combustiveis\/\" \/>\n<meta property=\"og:site_name\" content=\"Brasil not\u00edcias\" \/>\n<meta property=\"article:published_time\" content=\"2026-03-11T09:36:21+00:00\" \/>\n<meta property=\"og:image\" content=\"https:\/\/brasilnoticias.org\/site\/wp-content\/uploads\/2026\/03\/df_mca_abr2605182957.webp\" \/>\n\t<meta property=\"og:image:width\" content=\"1170\" \/>\n\t<meta property=\"og:image:height\" content=\"700\" \/>\n\t<meta property=\"og:image:type\" content=\"image\/webp\" \/>\n<meta name=\"author\" content=\"Reda\u00e7\u00e3o\" \/>\n<meta name=\"twitter:card\" content=\"summary_large_image\" \/>\n<meta name=\"twitter:label1\" content=\"Escrito por\" \/>\n\t<meta name=\"twitter:data1\" content=\"Reda\u00e7\u00e3o\" \/>\n\t<meta name=\"twitter:label2\" content=\"Tempo estimado de leitura\" \/>\n\t<meta name=\"twitter:data2\" content=\"2 minutos\" \/>\n<script type=\"application\/ld+json\" class=\"yoast-schema-graph\">{\"@context\":\"https:\/\/schema.org\",\"@graph\":[{\"@type\":\"Article\",\"@id\":\"https:\/\/brasilnoticias.org\/site\/governo-pede-investigacao-sobre-aumento-dos-combustiveis\/#article\",\"isPartOf\":{\"@id\":\"https:\/\/brasilnoticias.org\/site\/governo-pede-investigacao-sobre-aumento-dos-combustiveis\/\"},\"author\":{\"name\":\"Reda\u00e7\u00e3o\",\"@id\":\"https:\/\/brasilnoticias.org\/site\/#\/schema\/person\/03bbbfe6c7634ad18c26444ea39049fa\"},\"headline\":\"Governo pede investiga\u00e7\u00e3o sobre aumento dos combust\u00edveis\",\"datePublished\":\"2026-03-11T09:36:21+00:00\",\"mainEntityOfPage\":{\"@id\":\"https:\/\/brasilnoticias.org\/site\/governo-pede-investigacao-sobre-aumento-dos-combustiveis\/\"},\"wordCount\":178,\"commentCount\":0,\"publisher\":{\"@id\":\"https:\/\/brasilnoticias.org\/site\/#organization\"},\"image\":{\"@id\":\"https:\/\/brasilnoticias.org\/site\/governo-pede-investigacao-sobre-aumento-dos-combustiveis\/#primaryimage\"},\"thumbnailUrl\":\"https:\/\/brasilnoticias.org\/site\/wp-content\/uploads\/2026\/03\/df_mca_abr2605182957.webp\",\"articleSection\":[\"Not\u00edcias\",\"\u00daltimas\"],\"inLanguage\":\"pt-PT\",\"potentialAction\":[{\"@type\":\"CommentAction\",\"name\":\"Comment\",\"target\":[\"https:\/\/brasilnoticias.org\/site\/governo-pede-investigacao-sobre-aumento-dos-combustiveis\/#respond\"]}]},{\"@type\":\"WebPage\",\"@id\":\"https:\/\/brasilnoticias.org\/site\/governo-pede-investigacao-sobre-aumento-dos-combustiveis\/\",\"url\":\"https:\/\/brasilnoticias.org\/site\/governo-pede-investigacao-sobre-aumento-dos-combustiveis\/\",\"name\":\"Governo pede investiga\u00e7\u00e3o sobre aumento dos combust\u00edveis - Brasil not\u00edcias\",\"isPartOf\":{\"@id\":\"https:\/\/brasilnoticias.org\/site\/#website\"},\"primaryImageOfPage\":{\"@id\":\"https:\/\/brasilnoticias.org\/site\/governo-pede-investigacao-sobre-aumento-dos-combustiveis\/#primaryimage\"},\"image\":{\"@id\":\"https:\/\/brasilnoticias.org\/site\/governo-pede-investigacao-sobre-aumento-dos-combustiveis\/#primaryimage\"},\"thumbnailUrl\":\"https:\/\/brasilnoticias.org\/site\/wp-content\/uploads\/2026\/03\/df_mca_abr2605182957.webp\",\"datePublished\":\"2026-03-11T09:36:21+00:00\",\"breadcrumb\":{\"@id\":\"https:\/\/brasilnoticias.org\/site\/governo-pede-investigacao-sobre-aumento-dos-combustiveis\/#breadcrumb\"},\"inLanguage\":\"pt-PT\",\"potentialAction\":[{\"@type\":\"ReadAction\",\"target\":[\"https:\/\/brasilnoticias.org\/site\/governo-pede-investigacao-sobre-aumento-dos-combustiveis\/\"]}]},{\"@type\":\"ImageObject\",\"inLanguage\":\"pt-PT\",\"@id\":\"https:\/\/brasilnoticias.org\/site\/governo-pede-investigacao-sobre-aumento-dos-combustiveis\/#primaryimage\",\"url\":\"https:\/\/brasilnoticias.org\/site\/wp-content\/uploads\/2026\/03\/df_mca_abr2605182957.webp\",\"contentUrl\":\"https:\/\/brasilnoticias.org\/site\/wp-content\/uploads\/2026\/03\/df_mca_abr2605182957.webp\",\"width\":1170,\"height\":700,\"caption\":\"Marcello Casal jr\/Ag\u00eancia Brasil\"},{\"@type\":\"BreadcrumbList\",\"@id\":\"https:\/\/brasilnoticias.org\/site\/governo-pede-investigacao-sobre-aumento-dos-combustiveis\/#breadcrumb\",\"itemListElement\":[{\"@type\":\"ListItem\",\"position\":1,\"name\":\"In\u00edcio\",\"item\":\"https:\/\/brasilnoticias.org\/site\/\"},{\"@type\":\"ListItem\",\"position\":2,\"name\":\"Governo pede investiga\u00e7\u00e3o sobre aumento dos combust\u00edveis\"}]},{\"@type\":\"WebSite\",\"@id\":\"https:\/\/brasilnoticias.org\/site\/#website\",\"url\":\"https:\/\/brasilnoticias.org\/site\/\",\"name\":\"Brasil not\u00edcias\",\"description\":\"Brasil not\u00edcias\",\"publisher\":{\"@id\":\"https:\/\/brasilnoticias.org\/site\/#organization\"},\"potentialAction\":[{\"@type\":\"SearchAction\",\"target\":{\"@type\":\"EntryPoint\",\"urlTemplate\":\"https:\/\/brasilnoticias.org\/site\/?s={search_term_string}\"},\"query-input\":{\"@type\":\"PropertyValueSpecification\",\"valueRequired\":true,\"valueName\":\"search_term_string\"}}],\"inLanguage\":\"pt-PT\"},{\"@type\":\"Organization\",\"@id\":\"https:\/\/brasilnoticias.org\/site\/#organization\",\"name\":\"Brasil not\u00edcias\",\"url\":\"https:\/\/brasilnoticias.org\/site\/\",\"logo\":{\"@type\":\"ImageObject\",\"inLanguage\":\"pt-PT\",\"@id\":\"https:\/\/brasilnoticias.org\/site\/#\/schema\/logo\/image\/\",\"url\":\"https:\/\/brasilnoticias.org\/site\/wp-content\/uploads\/2022\/05\/cropped-brasilnoticias-mini.jpg\",\"contentUrl\":\"https:\/\/brasilnoticias.org\/site\/wp-content\/uploads\/2022\/05\/cropped-brasilnoticias-mini.jpg\",\"width\":314,\"height\":86,\"caption\":\"Brasil not\u00edcias\"},\"image\":{\"@id\":\"https:\/\/brasilnoticias.org\/site\/#\/schema\/logo\/image\/\"}},{\"@type\":\"Person\",\"@id\":\"https:\/\/brasilnoticias.org\/site\/#\/schema\/person\/03bbbfe6c7634ad18c26444ea39049fa\",\"name\":\"Reda\u00e7\u00e3o\",\"image\":{\"@type\":\"ImageObject\",\"inLanguage\":\"pt-PT\",\"@id\":\"https:\/\/brasilnoticias.org\/site\/#\/schema\/person\/image\/\",\"url\":\"https:\/\/secure.gravatar.com\/avatar\/9ecaf7327a696cb23ad926fedded5f1f04d7049de9e445375d55b48c001a6e42?s=96&d=mm&r=g\",\"contentUrl\":\"https:\/\/secure.gravatar.com\/avatar\/9ecaf7327a696cb23ad926fedded5f1f04d7049de9e445375d55b48c001a6e42?s=96&d=mm&r=g\",\"caption\":\"Reda\u00e7\u00e3o\"},\"url\":\"https:\/\/brasilnoticias.org\/site\/author\/henrique\/\"}]}<\/script>\n<!-- \/ Yoast SEO plugin. -->","yoast_head_json":{"title":"Governo pede investiga\u00e7\u00e3o sobre aumento dos combust\u00edveis - Brasil not\u00edcias","robots":{"index":"index","follow":"follow","max-snippet":"max-snippet:-1","max-image-preview":"max-image-preview:large","max-video-preview":"max-video-preview:-1"},"canonical":"https:\/\/brasilnoticias.org\/site\/governo-pede-investigacao-sobre-aumento-dos-combustiveis\/","og_locale":"pt_PT","og_type":"article","og_title":"Governo pede investiga\u00e7\u00e3o sobre aumento dos combust\u00edveis - Brasil not\u00edcias","og_description":"O governo federal pediu ao Conselho Administrativo de Defesa Econ\u00f4mica (Cade) que investigue aumentos recentes no pre\u00e7o dos combust\u00edveis em","og_url":"https:\/\/brasilnoticias.org\/site\/governo-pede-investigacao-sobre-aumento-dos-combustiveis\/","og_site_name":"Brasil not\u00edcias","article_published_time":"2026-03-11T09:36:21+00:00","og_image":[{"width":1170,"height":700,"url":"https:\/\/brasilnoticias.org\/site\/wp-content\/uploads\/2026\/03\/df_mca_abr2605182957.webp","type":"image\/webp"}],"author":"Reda\u00e7\u00e3o","twitter_card":"summary_large_image","twitter_misc":{"Escrito por":"Reda\u00e7\u00e3o","Tempo estimado de leitura":"2 minutos"},"schema":{"@context":"https:\/\/schema.org","@graph":[{"@type":"Article","@id":"https:\/\/brasilnoticias.org\/site\/governo-pede-investigacao-sobre-aumento-dos-combustiveis\/#article","isPartOf":{"@id":"https:\/\/brasilnoticias.org\/site\/governo-pede-investigacao-sobre-aumento-dos-combustiveis\/"},"author":{"name":"Reda\u00e7\u00e3o","@id":"https:\/\/brasilnoticias.org\/site\/#\/schema\/person\/03bbbfe6c7634ad18c26444ea39049fa"},"headline":"Governo pede investiga\u00e7\u00e3o sobre aumento dos combust\u00edveis","datePublished":"2026-03-11T09:36:21+00:00","mainEntityOfPage":{"@id":"https:\/\/brasilnoticias.org\/site\/governo-pede-investigacao-sobre-aumento-dos-combustiveis\/"},"wordCount":178,"commentCount":0,"publisher":{"@id":"https:\/\/brasilnoticias.org\/site\/#organization"},"image":{"@id":"https:\/\/brasilnoticias.org\/site\/governo-pede-investigacao-sobre-aumento-dos-combustiveis\/#primaryimage"},"thumbnailUrl":"https:\/\/brasilnoticias.org\/site\/wp-content\/uploads\/2026\/03\/df_mca_abr2605182957.webp","articleSection":["Not\u00edcias","\u00daltimas"],"inLanguage":"pt-PT","potentialAction":[{"@type":"CommentAction","name":"Comment","target":["https:\/\/brasilnoticias.org\/site\/governo-pede-investigacao-sobre-aumento-dos-combustiveis\/#respond"]}]},{"@type":"WebPage","@id":"https:\/\/brasilnoticias.org\/site\/governo-pede-investigacao-sobre-aumento-dos-combustiveis\/","url":"https:\/\/brasilnoticias.org\/site\/governo-pede-investigacao-sobre-aumento-dos-combustiveis\/","name":"Governo pede investiga\u00e7\u00e3o sobre aumento dos combust\u00edveis - Brasil not\u00edcias","isPartOf":{"@id":"https:\/\/brasilnoticias.org\/site\/#website"},"primaryImageOfPage":{"@id":"https:\/\/brasilnoticias.org\/site\/governo-pede-investigacao-sobre-aumento-dos-combustiveis\/#primaryimage"},"image":{"@id":"https:\/\/brasilnoticias.org\/site\/governo-pede-investigacao-sobre-aumento-dos-combustiveis\/#primaryimage"},"thumbnailUrl":"https:\/\/brasilnoticias.org\/site\/wp-content\/uploads\/2026\/03\/df_mca_abr2605182957.webp","datePublished":"2026-03-11T09:36:21+00:00","breadcrumb":{"@id":"https:\/\/brasilnoticias.org\/site\/governo-pede-investigacao-sobre-aumento-dos-combustiveis\/#breadcrumb"},"inLanguage":"pt-PT","potentialAction":[{"@type":"ReadAction","target":["https:\/\/brasilnoticias.org\/site\/governo-pede-investigacao-sobre-aumento-dos-combustiveis\/"]}]},{"@type":"ImageObject","inLanguage":"pt-PT","@id":"https:\/\/brasilnoticias.org\/site\/governo-pede-investigacao-sobre-aumento-dos-combustiveis\/#primaryimage","url":"https:\/\/brasilnoticias.org\/site\/wp-content\/uploads\/2026\/03\/df_mca_abr2605182957.webp","contentUrl":"https:\/\/brasilnoticias.org\/site\/wp-content\/uploads\/2026\/03\/df_mca_abr2605182957.webp","width":1170,"height":700,"caption":"Marcello Casal jr\/Ag\u00eancia Brasil"},{"@type":"BreadcrumbList","@id":"https:\/\/brasilnoticias.org\/site\/governo-pede-investigacao-sobre-aumento-dos-combustiveis\/#breadcrumb","itemListElement":[{"@type":"ListItem","position":1,"name":"In\u00edcio","item":"https:\/\/brasilnoticias.org\/site\/"},{"@type":"ListItem","position":2,"name":"Governo pede investiga\u00e7\u00e3o sobre aumento dos combust\u00edveis"}]},{"@type":"WebSite","@id":"https:\/\/brasilnoticias.org\/site\/#website","url":"https:\/\/brasilnoticias.org\/site\/","name":"Brasil not\u00edcias","description":"Brasil not\u00edcias","publisher":{"@id":"https:\/\/brasilnoticias.org\/site\/#organization"},"potentialAction":[{"@type":"SearchAction","target":{"@type":"EntryPoint","urlTemplate":"https:\/\/brasilnoticias.org\/site\/?s={search_term_string}"},"query-input":{"@type":"PropertyValueSpecification","valueRequired":true,"valueName":"search_term_string"}}],"inLanguage":"pt-PT"},{"@type":"Organization","@id":"https:\/\/brasilnoticias.org\/site\/#organization","name":"Brasil not\u00edcias","url":"https:\/\/brasilnoticias.org\/site\/","logo":{"@type":"ImageObject","inLanguage":"pt-PT","@id":"https:\/\/brasilnoticias.org\/site\/#\/schema\/logo\/image\/","url":"https:\/\/brasilnoticias.org\/site\/wp-content\/uploads\/2022\/05\/cropped-brasilnoticias-mini.jpg","contentUrl":"https:\/\/brasilnoticias.org\/site\/wp-content\/uploads\/2022\/05\/cropped-brasilnoticias-mini.jpg","width":314,"height":86,"caption":"Brasil not\u00edcias"},"image":{"@id":"https:\/\/brasilnoticias.org\/site\/#\/schema\/logo\/image\/"}},{"@type":"Person","@id":"https:\/\/brasilnoticias.org\/site\/#\/schema\/person\/03bbbfe6c7634ad18c26444ea39049fa","name":"Reda\u00e7\u00e3o","image":{"@type":"ImageObject","inLanguage":"pt-PT","@id":"https:\/\/brasilnoticias.org\/site\/#\/schema\/person\/image\/","url":"https:\/\/secure.gravatar.com\/avatar\/9ecaf7327a696cb23ad926fedded5f1f04d7049de9e445375d55b48c001a6e42?s=96&d=mm&r=g","contentUrl":"https:\/\/secure.gravatar.com\/avatar\/9ecaf7327a696cb23ad926fedded5f1f04d7049de9e445375d55b48c001a6e42?s=96&d=mm&r=g","caption":"Reda\u00e7\u00e3o"},"url":"https:\/\/brasilnoticias.org\/site\/author\/henrique\/"}]}},"_links":{"self":[{"href":"https:\/\/brasilnoticias.org\/site\/wp-json\/wp\/v2\/posts\/20858","targetHints":{"allow":["GET"]}}],"collection":[{"href":"https:\/\/brasilnoticias.org\/site\/wp-json\/wp\/v2\/posts"}],"about":[{"href":"https:\/\/brasilnoticias.org\/site\/wp-json\/wp\/v2\/types\/post"}],"author":[{"embeddable":true,"href":"https:\/\/brasilnoticias.org\/site\/wp-json\/wp\/v2\/users\/4"}],"replies":[{"embeddable":true,"href":"https:\/\/brasilnoticias.org\/site\/wp-json\/wp\/v2\/comments?post=20858"}],"version-history":[{"count":1,"href":"https:\/\/brasilnoticias.org\/site\/wp-json\/wp\/v2\/posts\/20858\/revisions"}],"predecessor-version":[{"id":20860,"href":"https:\/\/brasilnoticias.org\/site\/wp-json\/wp\/v2\/posts\/20858\/revisions\/20860"}],"wp:featuredmedia":[{"embeddable":true,"href":"https:\/\/brasilnoticias.org\/site\/wp-json\/wp\/v2\/media\/20859"}],"wp:attachment":[{"href":"https:\/\/brasilnoticias.org\/site\/wp-json\/wp\/v2\/media?parent=20858"}],"wp:term":[{"taxonomy":"category","embeddable":true,"href":"https:\/\/brasilnoticias.org\/site\/wp-json\/wp\/v2\/categories?post=20858"},{"taxonomy":"post_tag","embeddable":true,"href":"https:\/\/brasilnoticias.org\/site\/wp-json\/wp\/v2\/tags?post=20858"}],"curies":[{"name":"wp","href":"https:\/\/api.w.org\/{rel}","templated":true}]}}