{"id":20864,"date":"2026-03-11T06:48:46","date_gmt":"2026-03-11T09:48:46","guid":{"rendered":"https:\/\/brasilnoticias.org\/site\/?p=20864"},"modified":"2026-03-11T06:48:46","modified_gmt":"2026-03-11T09:48:46","slug":"vandalismo-causa-prejuizo-de-mais-de-r-500-mil-por-ano-em-salvador","status":"publish","type":"post","link":"https:\/\/brasilnoticias.org\/site\/vandalismo-causa-prejuizo-de-mais-de-r-500-mil-por-ano-em-salvador\/","title":{"rendered":"Vandalismo causa preju\u00edzo de mais de R$ 500 mil por ano em Salvador"},"content":{"rendered":"<p data-start=\"178\" data-end=\"479\">Atos de vandalismo contra equipamentos p\u00fablicos geram um preju\u00edzo <strong data-start=\"244\" data-end=\"277\">superior a R$ 500 mil por ano<\/strong> para a Prefeitura de Salvador. O dinheiro \u00e9 gasto principalmente com <strong data-start=\"347\" data-end=\"408\">reparos e reposi\u00e7\u00e3o de estruturas danificadas ou furtadas<\/strong> em espa\u00e7os p\u00fablicos da cidade.<\/p>\n<h3 data-section-id=\"1hww9ic\" data-start=\"481\" data-end=\"510\">Onde acontecem mais casos<\/h3>\n<p data-start=\"511\" data-end=\"550\">Os problemas ocorrem principalmente em:<\/p>\n<ul data-start=\"551\" data-end=\"601\">\n<li data-section-id=\"8ap9pa\" data-start=\"551\" data-end=\"563\">\n<p data-start=\"553\" data-end=\"563\"><strong data-start=\"553\" data-end=\"563\">Pra\u00e7as<\/strong><\/p>\n<\/li>\n<li data-section-id=\"af41ht\" data-start=\"564\" data-end=\"580\">\n<p data-start=\"566\" data-end=\"580\"><strong data-start=\"566\" data-end=\"580\">Passarelas<\/strong><\/p>\n<\/li>\n<li data-section-id=\"1gx1eul\" data-start=\"581\" data-end=\"601\">\n<p data-start=\"583\" data-end=\"601\"><strong data-start=\"583\" data-end=\"601\">\u00c1reas de lazer<\/strong><\/p>\n<\/li>\n<\/ul>\n<p data-start=\"603\" data-end=\"636\">Entre os danos mais comuns est\u00e3o:<\/p>\n<ul data-start=\"637\" data-end=\"808\">\n<li data-section-id=\"12bomc7\" data-start=\"637\" data-end=\"670\">\n<p data-start=\"639\" data-end=\"670\">quebra de brinquedos infantis<\/p>\n<\/li>\n<li data-section-id=\"cjj0d4\" data-start=\"671\" data-end=\"708\">\n<p data-start=\"673\" data-end=\"708\">furto de pe\u00e7as e cabos de energia<\/p>\n<\/li>\n<li data-section-id=\"1459hv0\" data-start=\"709\" data-end=\"732\">\n<p data-start=\"711\" data-end=\"732\">danos em lumin\u00e1rias<\/p>\n<\/li>\n<li data-section-id=\"2mpa4y\" data-start=\"733\" data-end=\"808\">\n<p data-start=\"735\" data-end=\"808\">destrui\u00e7\u00e3o de pisos e coberturas.<\/p>\n<\/li>\n<\/ul>\n<h3 data-section-id=\"s952jy\" data-start=\"810\" data-end=\"829\">Exemplo recente<\/h3>\n<p data-start=\"830\" data-end=\"1040\">Um caso citado aconteceu no <strong data-start=\"858\" data-end=\"879\">Largo do Papagaio<\/strong>, onde um balan\u00e7o adaptado para pessoas com defici\u00eancia foi danificado poucos dias ap\u00f3s a inaugura\u00e7\u00e3o por uso inadequado.<\/p>\n<h3 data-section-id=\"1jiotdy\" data-start=\"1042\" data-end=\"1067\">Impacto para a cidade<\/h3>\n<p data-start=\"1068\" data-end=\"1285\">Segundo a Companhia de Desenvolvimento Urbano de Salvador (Desal), o dinheiro usado nos reparos <strong data-start=\"1164\" data-end=\"1244\">poderia ser investido na constru\u00e7\u00e3o de novas pra\u00e7as ou equipamentos p\u00fablicos<\/strong>.<\/p>\n<p data-start=\"1287\" data-end=\"1474\">A prefeitura tamb\u00e9m refor\u00e7a que a <strong data-start=\"1321\" data-end=\"1381\">popula\u00e7\u00e3o precisa ajudar a preservar os espa\u00e7os p\u00fablicos<\/strong>, pois o vandalismo acaba prejudicando toda a cidade.<\/p>\n","protected":false},"excerpt":{"rendered":"<p>Atos de vandalismo contra equipamentos p\u00fablicos geram um preju\u00edzo superior a R$ 500 mil por ano para a Prefeitura de<\/p>\n","protected":false},"author":4,"featured_media":20865,"comment_status":"open","ping_status":"open","sticky":false,"template":"","format":"standard","meta":{"colormag_page_container_layout":"default_layout","colormag_page_sidebar_layout":"default_layout","_FSMCFIC_featured_image_caption":"","_FSMCFIC_featured_image_nocaption":"","_FSMCFIC_featured_image_hide":"","footnotes":""},"categories":[2,1],"tags":[],"class_list":["post-20864","post","type-post","status-publish","format-standard","has-post-thumbnail","hentry","category-noticias","category-ultimas"],"yoast_head":"<!-- This site is optimized with the Yoast SEO plugin v27.1.1 - https:\/\/yoast.com\/product\/yoast-seo-wordpress\/ -->\n<title>Vandalismo causa preju\u00edzo de mais de R$ 500 mil por ano em Salvador - Brasil not\u00edcias<\/title>\n<meta name=\"robots\" content=\"index, follow, max-snippet:-1, max-image-preview:large, max-video-preview:-1\" \/>\n<link rel=\"canonical\" href=\"https:\/\/brasilnoticias.org\/site\/vandalismo-causa-prejuizo-de-mais-de-r-500-mil-por-ano-em-salvador\/\" \/>\n<meta property=\"og:locale\" content=\"pt_PT\" \/>\n<meta property=\"og:type\" content=\"article\" \/>\n<meta property=\"og:title\" content=\"Vandalismo causa preju\u00edzo de mais de R$ 500 mil por ano em Salvador - Brasil not\u00edcias\" \/>\n<meta property=\"og:description\" content=\"Atos de vandalismo contra equipamentos p\u00fablicos geram um preju\u00edzo superior a R$ 500 mil por ano para a Prefeitura de\" \/>\n<meta property=\"og:url\" content=\"https:\/\/brasilnoticias.org\/site\/vandalismo-causa-prejuizo-de-mais-de-r-500-mil-por-ano-em-salvador\/\" \/>\n<meta property=\"og:site_name\" content=\"Brasil not\u00edcias\" \/>\n<meta property=\"article:published_time\" content=\"2026-03-11T09:48:46+00:00\" \/>\n<meta property=\"og:image\" content=\"https:\/\/brasilnoticias.org\/site\/wp-content\/uploads\/2026\/03\/179286vandalismo-em-equipamentos-causa-prejuizo-superior-a-r-500-mil-por-ano-em-salvador-3.jpg\" \/>\n\t<meta property=\"og:image:width\" content=\"1600\" \/>\n\t<meta property=\"og:image:height\" content=\"752\" \/>\n\t<meta property=\"og:image:type\" content=\"image\/jpeg\" \/>\n<meta name=\"author\" content=\"Reda\u00e7\u00e3o\" \/>\n<meta name=\"twitter:card\" content=\"summary_large_image\" \/>\n<meta name=\"twitter:label1\" content=\"Escrito por\" \/>\n\t<meta name=\"twitter:data1\" content=\"Reda\u00e7\u00e3o\" \/>\n\t<meta name=\"twitter:label2\" content=\"Tempo estimado de leitura\" \/>\n\t<meta name=\"twitter:data2\" content=\"2 minutos\" \/>\n<script type=\"application\/ld+json\" class=\"yoast-schema-graph\">{\"@context\":\"https:\/\/schema.org\",\"@graph\":[{\"@type\":\"Article\",\"@id\":\"https:\/\/brasilnoticias.org\/site\/vandalismo-causa-prejuizo-de-mais-de-r-500-mil-por-ano-em-salvador\/#article\",\"isPartOf\":{\"@id\":\"https:\/\/brasilnoticias.org\/site\/vandalismo-causa-prejuizo-de-mais-de-r-500-mil-por-ano-em-salvador\/\"},\"author\":{\"name\":\"Reda\u00e7\u00e3o\",\"@id\":\"https:\/\/brasilnoticias.org\/site\/#\/schema\/person\/03bbbfe6c7634ad18c26444ea39049fa\"},\"headline\":\"Vandalismo causa preju\u00edzo de mais de R$ 500 mil por ano em Salvador\",\"datePublished\":\"2026-03-11T09:48:46+00:00\",\"mainEntityOfPage\":{\"@id\":\"https:\/\/brasilnoticias.org\/site\/vandalismo-causa-prejuizo-de-mais-de-r-500-mil-por-ano-em-salvador\/\"},\"wordCount\":191,\"commentCount\":0,\"publisher\":{\"@id\":\"https:\/\/brasilnoticias.org\/site\/#organization\"},\"image\":{\"@id\":\"https:\/\/brasilnoticias.org\/site\/vandalismo-causa-prejuizo-de-mais-de-r-500-mil-por-ano-em-salvador\/#primaryimage\"},\"thumbnailUrl\":\"https:\/\/brasilnoticias.org\/site\/wp-content\/uploads\/2026\/03\/179286vandalismo-em-equipamentos-causa-prejuizo-superior-a-r-500-mil-por-ano-em-salvador-3.jpg\",\"articleSection\":[\"Not\u00edcias\",\"\u00daltimas\"],\"inLanguage\":\"pt-PT\",\"potentialAction\":[{\"@type\":\"CommentAction\",\"name\":\"Comment\",\"target\":[\"https:\/\/brasilnoticias.org\/site\/vandalismo-causa-prejuizo-de-mais-de-r-500-mil-por-ano-em-salvador\/#respond\"]}]},{\"@type\":\"WebPage\",\"@id\":\"https:\/\/brasilnoticias.org\/site\/vandalismo-causa-prejuizo-de-mais-de-r-500-mil-por-ano-em-salvador\/\",\"url\":\"https:\/\/brasilnoticias.org\/site\/vandalismo-causa-prejuizo-de-mais-de-r-500-mil-por-ano-em-salvador\/\",\"name\":\"Vandalismo causa preju\u00edzo de mais de R$ 500 mil por ano em Salvador - Brasil not\u00edcias\",\"isPartOf\":{\"@id\":\"https:\/\/brasilnoticias.org\/site\/#website\"},\"primaryImageOfPage\":{\"@id\":\"https:\/\/brasilnoticias.org\/site\/vandalismo-causa-prejuizo-de-mais-de-r-500-mil-por-ano-em-salvador\/#primaryimage\"},\"image\":{\"@id\":\"https:\/\/brasilnoticias.org\/site\/vandalismo-causa-prejuizo-de-mais-de-r-500-mil-por-ano-em-salvador\/#primaryimage\"},\"thumbnailUrl\":\"https:\/\/brasilnoticias.org\/site\/wp-content\/uploads\/2026\/03\/179286vandalismo-em-equipamentos-causa-prejuizo-superior-a-r-500-mil-por-ano-em-salvador-3.jpg\",\"datePublished\":\"2026-03-11T09:48:46+00:00\",\"breadcrumb\":{\"@id\":\"https:\/\/brasilnoticias.org\/site\/vandalismo-causa-prejuizo-de-mais-de-r-500-mil-por-ano-em-salvador\/#breadcrumb\"},\"inLanguage\":\"pt-PT\",\"potentialAction\":[{\"@type\":\"ReadAction\",\"target\":[\"https:\/\/brasilnoticias.org\/site\/vandalismo-causa-prejuizo-de-mais-de-r-500-mil-por-ano-em-salvador\/\"]}]},{\"@type\":\"ImageObject\",\"inLanguage\":\"pt-PT\",\"@id\":\"https:\/\/brasilnoticias.org\/site\/vandalismo-causa-prejuizo-de-mais-de-r-500-mil-por-ano-em-salvador\/#primaryimage\",\"url\":\"https:\/\/brasilnoticias.org\/site\/wp-content\/uploads\/2026\/03\/179286vandalismo-em-equipamentos-causa-prejuizo-superior-a-r-500-mil-por-ano-em-salvador-3.jpg\",\"contentUrl\":\"https:\/\/brasilnoticias.org\/site\/wp-content\/uploads\/2026\/03\/179286vandalismo-em-equipamentos-causa-prejuizo-superior-a-r-500-mil-por-ano-em-salvador-3.jpg\",\"width\":1600,\"height\":752},{\"@type\":\"BreadcrumbList\",\"@id\":\"https:\/\/brasilnoticias.org\/site\/vandalismo-causa-prejuizo-de-mais-de-r-500-mil-por-ano-em-salvador\/#breadcrumb\",\"itemListElement\":[{\"@type\":\"ListItem\",\"position\":1,\"name\":\"In\u00edcio\",\"item\":\"https:\/\/brasilnoticias.org\/site\/\"},{\"@type\":\"ListItem\",\"position\":2,\"name\":\"Vandalismo causa preju\u00edzo de mais de R$ 500 mil por ano em Salvador\"}]},{\"@type\":\"WebSite\",\"@id\":\"https:\/\/brasilnoticias.org\/site\/#website\",\"url\":\"https:\/\/brasilnoticias.org\/site\/\",\"name\":\"Brasil not\u00edcias\",\"description\":\"Brasil not\u00edcias\",\"publisher\":{\"@id\":\"https:\/\/brasilnoticias.org\/site\/#organization\"},\"potentialAction\":[{\"@type\":\"SearchAction\",\"target\":{\"@type\":\"EntryPoint\",\"urlTemplate\":\"https:\/\/brasilnoticias.org\/site\/?s={search_term_string}\"},\"query-input\":{\"@type\":\"PropertyValueSpecification\",\"valueRequired\":true,\"valueName\":\"search_term_string\"}}],\"inLanguage\":\"pt-PT\"},{\"@type\":\"Organization\",\"@id\":\"https:\/\/brasilnoticias.org\/site\/#organization\",\"name\":\"Brasil not\u00edcias\",\"url\":\"https:\/\/brasilnoticias.org\/site\/\",\"logo\":{\"@type\":\"ImageObject\",\"inLanguage\":\"pt-PT\",\"@id\":\"https:\/\/brasilnoticias.org\/site\/#\/schema\/logo\/image\/\",\"url\":\"https:\/\/brasilnoticias.org\/site\/wp-content\/uploads\/2022\/05\/cropped-brasilnoticias-mini.jpg\",\"contentUrl\":\"https:\/\/brasilnoticias.org\/site\/wp-content\/uploads\/2022\/05\/cropped-brasilnoticias-mini.jpg\",\"width\":314,\"height\":86,\"caption\":\"Brasil not\u00edcias\"},\"image\":{\"@id\":\"https:\/\/brasilnoticias.org\/site\/#\/schema\/logo\/image\/\"}},{\"@type\":\"Person\",\"@id\":\"https:\/\/brasilnoticias.org\/site\/#\/schema\/person\/03bbbfe6c7634ad18c26444ea39049fa\",\"name\":\"Reda\u00e7\u00e3o\",\"image\":{\"@type\":\"ImageObject\",\"inLanguage\":\"pt-PT\",\"@id\":\"https:\/\/brasilnoticias.org\/site\/#\/schema\/person\/image\/\",\"url\":\"https:\/\/secure.gravatar.com\/avatar\/9ecaf7327a696cb23ad926fedded5f1f04d7049de9e445375d55b48c001a6e42?s=96&d=mm&r=g\",\"contentUrl\":\"https:\/\/secure.gravatar.com\/avatar\/9ecaf7327a696cb23ad926fedded5f1f04d7049de9e445375d55b48c001a6e42?s=96&d=mm&r=g\",\"caption\":\"Reda\u00e7\u00e3o\"},\"url\":\"https:\/\/brasilnoticias.org\/site\/author\/henrique\/\"}]}<\/script>\n<!-- \/ Yoast SEO plugin. -->","yoast_head_json":{"title":"Vandalismo causa preju\u00edzo de mais de R$ 500 mil por ano em Salvador - Brasil not\u00edcias","robots":{"index":"index","follow":"follow","max-snippet":"max-snippet:-1","max-image-preview":"max-image-preview:large","max-video-preview":"max-video-preview:-1"},"canonical":"https:\/\/brasilnoticias.org\/site\/vandalismo-causa-prejuizo-de-mais-de-r-500-mil-por-ano-em-salvador\/","og_locale":"pt_PT","og_type":"article","og_title":"Vandalismo causa preju\u00edzo de mais de R$ 500 mil por ano em Salvador - Brasil not\u00edcias","og_description":"Atos de vandalismo contra equipamentos p\u00fablicos geram um preju\u00edzo superior a R$ 500 mil por ano para a Prefeitura de","og_url":"https:\/\/brasilnoticias.org\/site\/vandalismo-causa-prejuizo-de-mais-de-r-500-mil-por-ano-em-salvador\/","og_site_name":"Brasil not\u00edcias","article_published_time":"2026-03-11T09:48:46+00:00","og_image":[{"width":1600,"height":752,"url":"https:\/\/brasilnoticias.org\/site\/wp-content\/uploads\/2026\/03\/179286vandalismo-em-equipamentos-causa-prejuizo-superior-a-r-500-mil-por-ano-em-salvador-3.jpg","type":"image\/jpeg"}],"author":"Reda\u00e7\u00e3o","twitter_card":"summary_large_image","twitter_misc":{"Escrito por":"Reda\u00e7\u00e3o","Tempo estimado de leitura":"2 minutos"},"schema":{"@context":"https:\/\/schema.org","@graph":[{"@type":"Article","@id":"https:\/\/brasilnoticias.org\/site\/vandalismo-causa-prejuizo-de-mais-de-r-500-mil-por-ano-em-salvador\/#article","isPartOf":{"@id":"https:\/\/brasilnoticias.org\/site\/vandalismo-causa-prejuizo-de-mais-de-r-500-mil-por-ano-em-salvador\/"},"author":{"name":"Reda\u00e7\u00e3o","@id":"https:\/\/brasilnoticias.org\/site\/#\/schema\/person\/03bbbfe6c7634ad18c26444ea39049fa"},"headline":"Vandalismo causa preju\u00edzo de mais de R$ 500 mil por ano em Salvador","datePublished":"2026-03-11T09:48:46+00:00","mainEntityOfPage":{"@id":"https:\/\/brasilnoticias.org\/site\/vandalismo-causa-prejuizo-de-mais-de-r-500-mil-por-ano-em-salvador\/"},"wordCount":191,"commentCount":0,"publisher":{"@id":"https:\/\/brasilnoticias.org\/site\/#organization"},"image":{"@id":"https:\/\/brasilnoticias.org\/site\/vandalismo-causa-prejuizo-de-mais-de-r-500-mil-por-ano-em-salvador\/#primaryimage"},"thumbnailUrl":"https:\/\/brasilnoticias.org\/site\/wp-content\/uploads\/2026\/03\/179286vandalismo-em-equipamentos-causa-prejuizo-superior-a-r-500-mil-por-ano-em-salvador-3.jpg","articleSection":["Not\u00edcias","\u00daltimas"],"inLanguage":"pt-PT","potentialAction":[{"@type":"CommentAction","name":"Comment","target":["https:\/\/brasilnoticias.org\/site\/vandalismo-causa-prejuizo-de-mais-de-r-500-mil-por-ano-em-salvador\/#respond"]}]},{"@type":"WebPage","@id":"https:\/\/brasilnoticias.org\/site\/vandalismo-causa-prejuizo-de-mais-de-r-500-mil-por-ano-em-salvador\/","url":"https:\/\/brasilnoticias.org\/site\/vandalismo-causa-prejuizo-de-mais-de-r-500-mil-por-ano-em-salvador\/","name":"Vandalismo causa preju\u00edzo de mais de R$ 500 mil por ano em Salvador - Brasil not\u00edcias","isPartOf":{"@id":"https:\/\/brasilnoticias.org\/site\/#website"},"primaryImageOfPage":{"@id":"https:\/\/brasilnoticias.org\/site\/vandalismo-causa-prejuizo-de-mais-de-r-500-mil-por-ano-em-salvador\/#primaryimage"},"image":{"@id":"https:\/\/brasilnoticias.org\/site\/vandalismo-causa-prejuizo-de-mais-de-r-500-mil-por-ano-em-salvador\/#primaryimage"},"thumbnailUrl":"https:\/\/brasilnoticias.org\/site\/wp-content\/uploads\/2026\/03\/179286vandalismo-em-equipamentos-causa-prejuizo-superior-a-r-500-mil-por-ano-em-salvador-3.jpg","datePublished":"2026-03-11T09:48:46+00:00","breadcrumb":{"@id":"https:\/\/brasilnoticias.org\/site\/vandalismo-causa-prejuizo-de-mais-de-r-500-mil-por-ano-em-salvador\/#breadcrumb"},"inLanguage":"pt-PT","potentialAction":[{"@type":"ReadAction","target":["https:\/\/brasilnoticias.org\/site\/vandalismo-causa-prejuizo-de-mais-de-r-500-mil-por-ano-em-salvador\/"]}]},{"@type":"ImageObject","inLanguage":"pt-PT","@id":"https:\/\/brasilnoticias.org\/site\/vandalismo-causa-prejuizo-de-mais-de-r-500-mil-por-ano-em-salvador\/#primaryimage","url":"https:\/\/brasilnoticias.org\/site\/wp-content\/uploads\/2026\/03\/179286vandalismo-em-equipamentos-causa-prejuizo-superior-a-r-500-mil-por-ano-em-salvador-3.jpg","contentUrl":"https:\/\/brasilnoticias.org\/site\/wp-content\/uploads\/2026\/03\/179286vandalismo-em-equipamentos-causa-prejuizo-superior-a-r-500-mil-por-ano-em-salvador-3.jpg","width":1600,"height":752},{"@type":"BreadcrumbList","@id":"https:\/\/brasilnoticias.org\/site\/vandalismo-causa-prejuizo-de-mais-de-r-500-mil-por-ano-em-salvador\/#breadcrumb","itemListElement":[{"@type":"ListItem","position":1,"name":"In\u00edcio","item":"https:\/\/brasilnoticias.org\/site\/"},{"@type":"ListItem","position":2,"name":"Vandalismo causa preju\u00edzo de mais de R$ 500 mil por ano em Salvador"}]},{"@type":"WebSite","@id":"https:\/\/brasilnoticias.org\/site\/#website","url":"https:\/\/brasilnoticias.org\/site\/","name":"Brasil not\u00edcias","description":"Brasil not\u00edcias","publisher":{"@id":"https:\/\/brasilnoticias.org\/site\/#organization"},"potentialAction":[{"@type":"SearchAction","target":{"@type":"EntryPoint","urlTemplate":"https:\/\/brasilnoticias.org\/site\/?s={search_term_string}"},"query-input":{"@type":"PropertyValueSpecification","valueRequired":true,"valueName":"search_term_string"}}],"inLanguage":"pt-PT"},{"@type":"Organization","@id":"https:\/\/brasilnoticias.org\/site\/#organization","name":"Brasil not\u00edcias","url":"https:\/\/brasilnoticias.org\/site\/","logo":{"@type":"ImageObject","inLanguage":"pt-PT","@id":"https:\/\/brasilnoticias.org\/site\/#\/schema\/logo\/image\/","url":"https:\/\/brasilnoticias.org\/site\/wp-content\/uploads\/2022\/05\/cropped-brasilnoticias-mini.jpg","contentUrl":"https:\/\/brasilnoticias.org\/site\/wp-content\/uploads\/2022\/05\/cropped-brasilnoticias-mini.jpg","width":314,"height":86,"caption":"Brasil not\u00edcias"},"image":{"@id":"https:\/\/brasilnoticias.org\/site\/#\/schema\/logo\/image\/"}},{"@type":"Person","@id":"https:\/\/brasilnoticias.org\/site\/#\/schema\/person\/03bbbfe6c7634ad18c26444ea39049fa","name":"Reda\u00e7\u00e3o","image":{"@type":"ImageObject","inLanguage":"pt-PT","@id":"https:\/\/brasilnoticias.org\/site\/#\/schema\/person\/image\/","url":"https:\/\/secure.gravatar.com\/avatar\/9ecaf7327a696cb23ad926fedded5f1f04d7049de9e445375d55b48c001a6e42?s=96&d=mm&r=g","contentUrl":"https:\/\/secure.gravatar.com\/avatar\/9ecaf7327a696cb23ad926fedded5f1f04d7049de9e445375d55b48c001a6e42?s=96&d=mm&r=g","caption":"Reda\u00e7\u00e3o"},"url":"https:\/\/brasilnoticias.org\/site\/author\/henrique\/"}]}},"_links":{"self":[{"href":"https:\/\/brasilnoticias.org\/site\/wp-json\/wp\/v2\/posts\/20864","targetHints":{"allow":["GET"]}}],"collection":[{"href":"https:\/\/brasilnoticias.org\/site\/wp-json\/wp\/v2\/posts"}],"about":[{"href":"https:\/\/brasilnoticias.org\/site\/wp-json\/wp\/v2\/types\/post"}],"author":[{"embeddable":true,"href":"https:\/\/brasilnoticias.org\/site\/wp-json\/wp\/v2\/users\/4"}],"replies":[{"embeddable":true,"href":"https:\/\/brasilnoticias.org\/site\/wp-json\/wp\/v2\/comments?post=20864"}],"version-history":[{"count":1,"href":"https:\/\/brasilnoticias.org\/site\/wp-json\/wp\/v2\/posts\/20864\/revisions"}],"predecessor-version":[{"id":20866,"href":"https:\/\/brasilnoticias.org\/site\/wp-json\/wp\/v2\/posts\/20864\/revisions\/20866"}],"wp:featuredmedia":[{"embeddable":true,"href":"https:\/\/brasilnoticias.org\/site\/wp-json\/wp\/v2\/media\/20865"}],"wp:attachment":[{"href":"https:\/\/brasilnoticias.org\/site\/wp-json\/wp\/v2\/media?parent=20864"}],"wp:term":[{"taxonomy":"category","embeddable":true,"href":"https:\/\/brasilnoticias.org\/site\/wp-json\/wp\/v2\/categories?post=20864"},{"taxonomy":"post_tag","embeddable":true,"href":"https:\/\/brasilnoticias.org\/site\/wp-json\/wp\/v2\/tags?post=20864"}],"curies":[{"name":"wp","href":"https:\/\/api.w.org\/{rel}","templated":true}]}}