{"id":20871,"date":"2026-03-11T07:31:11","date_gmt":"2026-03-11T10:31:11","guid":{"rendered":"https:\/\/brasilnoticias.org\/site\/?p=20871"},"modified":"2026-03-11T07:31:11","modified_gmt":"2026-03-11T10:31:11","slug":"byd-song-plus-2027-ganha-motor-turbo-e-mais-autonomia","status":"publish","type":"post","link":"https:\/\/brasilnoticias.org\/site\/byd-song-plus-2027-ganha-motor-turbo-e-mais-autonomia\/","title":{"rendered":"BYD Song Plus 2027 ganha motor turbo e mais autonomia"},"content":{"rendered":"<p data-start=\"146\" data-end=\"414\">O SUV h\u00edbrido plug-in <strong data-start=\"168\" data-end=\"185\">BYD Song Plus<\/strong> chega \u00e0 linha <strong data-start=\"200\" data-end=\"208\">2027<\/strong> com mudan\u00e7as importantes em desempenho e efici\u00eancia. Entre as novidades est\u00e3o a ado\u00e7\u00e3o de <strong data-start=\"299\" data-end=\"318\">motor 1.5 turbo<\/strong>, bateria maior e aumento da autonomia no modo el\u00e9trico.<\/p>\n<h3 data-section-id=\"5ul6kq\" data-start=\"416\" data-end=\"438\">Motor mais potente<\/h3>\n<p data-start=\"439\" data-end=\"704\">O modelo passa a utilizar um <strong data-start=\"468\" data-end=\"521\">motor 1.5 turbo combinado ao sistema h\u00edbrido DM-i<\/strong>, elevando a pot\u00eancia combinada para <strong data-start=\"558\" data-end=\"573\">239 cavalos<\/strong>. Com o novo conjunto mec\u00e2nico, o SUV acelera de <strong data-start=\"622\" data-end=\"663\">0 a 100 km\/h em cerca de 8,1 segundos<\/strong>.<\/p>\n<h3 data-section-id=\"16qpxjq\" data-start=\"706\" data-end=\"733\">Mais autonomia el\u00e9trica<\/h3>\n<p data-start=\"734\" data-end=\"991\">A bateria Blade tamb\u00e9m foi ampliada, passando de <strong data-start=\"783\" data-end=\"809\">18,3 kWh para 26,6 kWh<\/strong>. Com isso, a autonomia no modo 100% el\u00e9trico subiu de <strong data-start=\"864\" data-end=\"888\">63 km para at\u00e9 99 km<\/strong>, segundo o Programa Brasileiro de Etiquetagem Veicular (PBEV).<\/p>\n<p data-start=\"993\" data-end=\"1151\">No total, o alcance combinado pode chegar a <strong data-start=\"1037\" data-end=\"1058\">cerca de 1.150 km<\/strong>, considerando o ciclo internacional de medi\u00e7\u00e3o NEDC.<\/p>\n<h3 data-section-id=\"1et2zl9\" data-start=\"1153\" data-end=\"1181\">Carregamento mais r\u00e1pido<\/h3>\n<p data-start=\"1182\" data-end=\"1387\">Outra novidade \u00e9 a possibilidade de <strong data-start=\"1218\" data-end=\"1267\">carregamento r\u00e1pido em corrente cont\u00ednua (DC)<\/strong>. A bateria pode ser recarregada de <strong data-start=\"1303\" data-end=\"1346\">30% a 80% em aproximadamente 55 minutos<\/strong>.<\/p>\n<h3 data-section-id=\"uk8pq5\" data-start=\"1389\" data-end=\"1410\">Produ\u00e7\u00e3o na Bahia<\/h3>\n<p data-start=\"1411\" data-end=\"1612\">A BYD tamb\u00e9m confirmou que o SUV ser\u00e1 <strong data-start=\"1449\" data-end=\"1504\">montado no complexo industrial da marca em Cama\u00e7ari<\/strong>, na Regi\u00e3o Metropolitana de Salvador, a partir do segundo semestre.<\/p>\n<p data-start=\"1614\" data-end=\"1757\">Mesmo com as melhorias, o pre\u00e7o do modelo foi mantido em cerca de <strong data-start=\"1680\" data-end=\"1716\">R$ 249.990 no mercado brasileiro<\/strong>.<\/p>\n<p data-start=\"1614\" data-end=\"1757\">Fonte:\u00a0 A Tarde<\/p>\n","protected":false},"excerpt":{"rendered":"<p>O SUV h\u00edbrido plug-in BYD Song Plus chega \u00e0 linha 2027 com mudan\u00e7as importantes em desempenho e efici\u00eancia. Entre as<\/p>\n","protected":false},"author":4,"featured_media":20872,"comment_status":"open","ping_status":"open","sticky":false,"template":"","format":"standard","meta":{"colormag_page_container_layout":"default_layout","colormag_page_sidebar_layout":"default_layout","_FSMCFIC_featured_image_caption":"","_FSMCFIC_featured_image_nocaption":"","_FSMCFIC_featured_image_hide":"","footnotes":""},"categories":[8,1],"tags":[],"class_list":["post-20871","post","type-post","status-publish","format-standard","has-post-thumbnail","hentry","category-entretenimento","category-ultimas"],"yoast_head":"<!-- This site is optimized with the Yoast SEO plugin v27.1.1 - https:\/\/yoast.com\/product\/yoast-seo-wordpress\/ -->\n<title>BYD Song Plus 2027 ganha motor turbo e mais autonomia - Brasil not\u00edcias<\/title>\n<meta name=\"robots\" content=\"index, follow, max-snippet:-1, max-image-preview:large, max-video-preview:-1\" \/>\n<link rel=\"canonical\" href=\"https:\/\/brasilnoticias.org\/site\/byd-song-plus-2027-ganha-motor-turbo-e-mais-autonomia\/\" \/>\n<meta property=\"og:locale\" content=\"pt_PT\" \/>\n<meta property=\"og:type\" content=\"article\" \/>\n<meta property=\"og:title\" content=\"BYD Song Plus 2027 ganha motor turbo e mais autonomia - Brasil not\u00edcias\" \/>\n<meta property=\"og:description\" content=\"O SUV h\u00edbrido plug-in BYD Song Plus chega \u00e0 linha 2027 com mudan\u00e7as importantes em desempenho e efici\u00eancia. Entre as\" \/>\n<meta property=\"og:url\" content=\"https:\/\/brasilnoticias.org\/site\/byd-song-plus-2027-ganha-motor-turbo-e-mais-autonomia\/\" \/>\n<meta property=\"og:site_name\" content=\"Brasil not\u00edcias\" \/>\n<meta property=\"article:published_time\" content=\"2026-03-11T10:31:11+00:00\" \/>\n<meta property=\"og:image\" content=\"https:\/\/brasilnoticias.org\/site\/wp-content\/uploads\/2026\/03\/bydsongplus1.jpg\" \/>\n\t<meta property=\"og:image:width\" content=\"1280\" \/>\n\t<meta property=\"og:image:height\" content=\"800\" \/>\n\t<meta property=\"og:image:type\" content=\"image\/jpeg\" \/>\n<meta name=\"author\" content=\"Reda\u00e7\u00e3o\" \/>\n<meta name=\"twitter:card\" content=\"summary_large_image\" \/>\n<meta name=\"twitter:label1\" content=\"Escrito por\" \/>\n\t<meta name=\"twitter:data1\" content=\"Reda\u00e7\u00e3o\" \/>\n\t<meta name=\"twitter:label2\" content=\"Tempo estimado de leitura\" \/>\n\t<meta name=\"twitter:data2\" content=\"2 minutos\" \/>\n<script type=\"application\/ld+json\" class=\"yoast-schema-graph\">{\"@context\":\"https:\/\/schema.org\",\"@graph\":[{\"@type\":\"Article\",\"@id\":\"https:\/\/brasilnoticias.org\/site\/byd-song-plus-2027-ganha-motor-turbo-e-mais-autonomia\/#article\",\"isPartOf\":{\"@id\":\"https:\/\/brasilnoticias.org\/site\/byd-song-plus-2027-ganha-motor-turbo-e-mais-autonomia\/\"},\"author\":{\"name\":\"Reda\u00e7\u00e3o\",\"@id\":\"https:\/\/brasilnoticias.org\/site\/#\/schema\/person\/03bbbfe6c7634ad18c26444ea39049fa\"},\"headline\":\"BYD Song Plus 2027 ganha motor turbo e mais autonomia\",\"datePublished\":\"2026-03-11T10:31:11+00:00\",\"mainEntityOfPage\":{\"@id\":\"https:\/\/brasilnoticias.org\/site\/byd-song-plus-2027-ganha-motor-turbo-e-mais-autonomia\/\"},\"wordCount\":228,\"commentCount\":0,\"publisher\":{\"@id\":\"https:\/\/brasilnoticias.org\/site\/#organization\"},\"image\":{\"@id\":\"https:\/\/brasilnoticias.org\/site\/byd-song-plus-2027-ganha-motor-turbo-e-mais-autonomia\/#primaryimage\"},\"thumbnailUrl\":\"https:\/\/brasilnoticias.org\/site\/wp-content\/uploads\/2026\/03\/bydsongplus1.jpg\",\"articleSection\":[\"Entretenimento\",\"\u00daltimas\"],\"inLanguage\":\"pt-PT\",\"potentialAction\":[{\"@type\":\"CommentAction\",\"name\":\"Comment\",\"target\":[\"https:\/\/brasilnoticias.org\/site\/byd-song-plus-2027-ganha-motor-turbo-e-mais-autonomia\/#respond\"]}]},{\"@type\":\"WebPage\",\"@id\":\"https:\/\/brasilnoticias.org\/site\/byd-song-plus-2027-ganha-motor-turbo-e-mais-autonomia\/\",\"url\":\"https:\/\/brasilnoticias.org\/site\/byd-song-plus-2027-ganha-motor-turbo-e-mais-autonomia\/\",\"name\":\"BYD Song Plus 2027 ganha motor turbo e mais autonomia - Brasil not\u00edcias\",\"isPartOf\":{\"@id\":\"https:\/\/brasilnoticias.org\/site\/#website\"},\"primaryImageOfPage\":{\"@id\":\"https:\/\/brasilnoticias.org\/site\/byd-song-plus-2027-ganha-motor-turbo-e-mais-autonomia\/#primaryimage\"},\"image\":{\"@id\":\"https:\/\/brasilnoticias.org\/site\/byd-song-plus-2027-ganha-motor-turbo-e-mais-autonomia\/#primaryimage\"},\"thumbnailUrl\":\"https:\/\/brasilnoticias.org\/site\/wp-content\/uploads\/2026\/03\/bydsongplus1.jpg\",\"datePublished\":\"2026-03-11T10:31:11+00:00\",\"breadcrumb\":{\"@id\":\"https:\/\/brasilnoticias.org\/site\/byd-song-plus-2027-ganha-motor-turbo-e-mais-autonomia\/#breadcrumb\"},\"inLanguage\":\"pt-PT\",\"potentialAction\":[{\"@type\":\"ReadAction\",\"target\":[\"https:\/\/brasilnoticias.org\/site\/byd-song-plus-2027-ganha-motor-turbo-e-mais-autonomia\/\"]}]},{\"@type\":\"ImageObject\",\"inLanguage\":\"pt-PT\",\"@id\":\"https:\/\/brasilnoticias.org\/site\/byd-song-plus-2027-ganha-motor-turbo-e-mais-autonomia\/#primaryimage\",\"url\":\"https:\/\/brasilnoticias.org\/site\/wp-content\/uploads\/2026\/03\/bydsongplus1.jpg\",\"contentUrl\":\"https:\/\/brasilnoticias.org\/site\/wp-content\/uploads\/2026\/03\/bydsongplus1.jpg\",\"width\":1280,\"height\":800},{\"@type\":\"BreadcrumbList\",\"@id\":\"https:\/\/brasilnoticias.org\/site\/byd-song-plus-2027-ganha-motor-turbo-e-mais-autonomia\/#breadcrumb\",\"itemListElement\":[{\"@type\":\"ListItem\",\"position\":1,\"name\":\"In\u00edcio\",\"item\":\"https:\/\/brasilnoticias.org\/site\/\"},{\"@type\":\"ListItem\",\"position\":2,\"name\":\"BYD Song Plus 2027 ganha motor turbo e mais autonomia\"}]},{\"@type\":\"WebSite\",\"@id\":\"https:\/\/brasilnoticias.org\/site\/#website\",\"url\":\"https:\/\/brasilnoticias.org\/site\/\",\"name\":\"Brasil not\u00edcias\",\"description\":\"Brasil not\u00edcias\",\"publisher\":{\"@id\":\"https:\/\/brasilnoticias.org\/site\/#organization\"},\"potentialAction\":[{\"@type\":\"SearchAction\",\"target\":{\"@type\":\"EntryPoint\",\"urlTemplate\":\"https:\/\/brasilnoticias.org\/site\/?s={search_term_string}\"},\"query-input\":{\"@type\":\"PropertyValueSpecification\",\"valueRequired\":true,\"valueName\":\"search_term_string\"}}],\"inLanguage\":\"pt-PT\"},{\"@type\":\"Organization\",\"@id\":\"https:\/\/brasilnoticias.org\/site\/#organization\",\"name\":\"Brasil not\u00edcias\",\"url\":\"https:\/\/brasilnoticias.org\/site\/\",\"logo\":{\"@type\":\"ImageObject\",\"inLanguage\":\"pt-PT\",\"@id\":\"https:\/\/brasilnoticias.org\/site\/#\/schema\/logo\/image\/\",\"url\":\"https:\/\/brasilnoticias.org\/site\/wp-content\/uploads\/2022\/05\/cropped-brasilnoticias-mini.jpg\",\"contentUrl\":\"https:\/\/brasilnoticias.org\/site\/wp-content\/uploads\/2022\/05\/cropped-brasilnoticias-mini.jpg\",\"width\":314,\"height\":86,\"caption\":\"Brasil not\u00edcias\"},\"image\":{\"@id\":\"https:\/\/brasilnoticias.org\/site\/#\/schema\/logo\/image\/\"}},{\"@type\":\"Person\",\"@id\":\"https:\/\/brasilnoticias.org\/site\/#\/schema\/person\/03bbbfe6c7634ad18c26444ea39049fa\",\"name\":\"Reda\u00e7\u00e3o\",\"image\":{\"@type\":\"ImageObject\",\"inLanguage\":\"pt-PT\",\"@id\":\"https:\/\/brasilnoticias.org\/site\/#\/schema\/person\/image\/\",\"url\":\"https:\/\/secure.gravatar.com\/avatar\/9ecaf7327a696cb23ad926fedded5f1f04d7049de9e445375d55b48c001a6e42?s=96&d=mm&r=g\",\"contentUrl\":\"https:\/\/secure.gravatar.com\/avatar\/9ecaf7327a696cb23ad926fedded5f1f04d7049de9e445375d55b48c001a6e42?s=96&d=mm&r=g\",\"caption\":\"Reda\u00e7\u00e3o\"},\"url\":\"https:\/\/brasilnoticias.org\/site\/author\/henrique\/\"}]}<\/script>\n<!-- \/ Yoast SEO plugin. -->","yoast_head_json":{"title":"BYD Song Plus 2027 ganha motor turbo e mais autonomia - Brasil not\u00edcias","robots":{"index":"index","follow":"follow","max-snippet":"max-snippet:-1","max-image-preview":"max-image-preview:large","max-video-preview":"max-video-preview:-1"},"canonical":"https:\/\/brasilnoticias.org\/site\/byd-song-plus-2027-ganha-motor-turbo-e-mais-autonomia\/","og_locale":"pt_PT","og_type":"article","og_title":"BYD Song Plus 2027 ganha motor turbo e mais autonomia - Brasil not\u00edcias","og_description":"O SUV h\u00edbrido plug-in BYD Song Plus chega \u00e0 linha 2027 com mudan\u00e7as importantes em desempenho e efici\u00eancia. Entre as","og_url":"https:\/\/brasilnoticias.org\/site\/byd-song-plus-2027-ganha-motor-turbo-e-mais-autonomia\/","og_site_name":"Brasil not\u00edcias","article_published_time":"2026-03-11T10:31:11+00:00","og_image":[{"width":1280,"height":800,"url":"https:\/\/brasilnoticias.org\/site\/wp-content\/uploads\/2026\/03\/bydsongplus1.jpg","type":"image\/jpeg"}],"author":"Reda\u00e7\u00e3o","twitter_card":"summary_large_image","twitter_misc":{"Escrito por":"Reda\u00e7\u00e3o","Tempo estimado de leitura":"2 minutos"},"schema":{"@context":"https:\/\/schema.org","@graph":[{"@type":"Article","@id":"https:\/\/brasilnoticias.org\/site\/byd-song-plus-2027-ganha-motor-turbo-e-mais-autonomia\/#article","isPartOf":{"@id":"https:\/\/brasilnoticias.org\/site\/byd-song-plus-2027-ganha-motor-turbo-e-mais-autonomia\/"},"author":{"name":"Reda\u00e7\u00e3o","@id":"https:\/\/brasilnoticias.org\/site\/#\/schema\/person\/03bbbfe6c7634ad18c26444ea39049fa"},"headline":"BYD Song Plus 2027 ganha motor turbo e mais autonomia","datePublished":"2026-03-11T10:31:11+00:00","mainEntityOfPage":{"@id":"https:\/\/brasilnoticias.org\/site\/byd-song-plus-2027-ganha-motor-turbo-e-mais-autonomia\/"},"wordCount":228,"commentCount":0,"publisher":{"@id":"https:\/\/brasilnoticias.org\/site\/#organization"},"image":{"@id":"https:\/\/brasilnoticias.org\/site\/byd-song-plus-2027-ganha-motor-turbo-e-mais-autonomia\/#primaryimage"},"thumbnailUrl":"https:\/\/brasilnoticias.org\/site\/wp-content\/uploads\/2026\/03\/bydsongplus1.jpg","articleSection":["Entretenimento","\u00daltimas"],"inLanguage":"pt-PT","potentialAction":[{"@type":"CommentAction","name":"Comment","target":["https:\/\/brasilnoticias.org\/site\/byd-song-plus-2027-ganha-motor-turbo-e-mais-autonomia\/#respond"]}]},{"@type":"WebPage","@id":"https:\/\/brasilnoticias.org\/site\/byd-song-plus-2027-ganha-motor-turbo-e-mais-autonomia\/","url":"https:\/\/brasilnoticias.org\/site\/byd-song-plus-2027-ganha-motor-turbo-e-mais-autonomia\/","name":"BYD Song Plus 2027 ganha motor turbo e mais autonomia - Brasil not\u00edcias","isPartOf":{"@id":"https:\/\/brasilnoticias.org\/site\/#website"},"primaryImageOfPage":{"@id":"https:\/\/brasilnoticias.org\/site\/byd-song-plus-2027-ganha-motor-turbo-e-mais-autonomia\/#primaryimage"},"image":{"@id":"https:\/\/brasilnoticias.org\/site\/byd-song-plus-2027-ganha-motor-turbo-e-mais-autonomia\/#primaryimage"},"thumbnailUrl":"https:\/\/brasilnoticias.org\/site\/wp-content\/uploads\/2026\/03\/bydsongplus1.jpg","datePublished":"2026-03-11T10:31:11+00:00","breadcrumb":{"@id":"https:\/\/brasilnoticias.org\/site\/byd-song-plus-2027-ganha-motor-turbo-e-mais-autonomia\/#breadcrumb"},"inLanguage":"pt-PT","potentialAction":[{"@type":"ReadAction","target":["https:\/\/brasilnoticias.org\/site\/byd-song-plus-2027-ganha-motor-turbo-e-mais-autonomia\/"]}]},{"@type":"ImageObject","inLanguage":"pt-PT","@id":"https:\/\/brasilnoticias.org\/site\/byd-song-plus-2027-ganha-motor-turbo-e-mais-autonomia\/#primaryimage","url":"https:\/\/brasilnoticias.org\/site\/wp-content\/uploads\/2026\/03\/bydsongplus1.jpg","contentUrl":"https:\/\/brasilnoticias.org\/site\/wp-content\/uploads\/2026\/03\/bydsongplus1.jpg","width":1280,"height":800},{"@type":"BreadcrumbList","@id":"https:\/\/brasilnoticias.org\/site\/byd-song-plus-2027-ganha-motor-turbo-e-mais-autonomia\/#breadcrumb","itemListElement":[{"@type":"ListItem","position":1,"name":"In\u00edcio","item":"https:\/\/brasilnoticias.org\/site\/"},{"@type":"ListItem","position":2,"name":"BYD Song Plus 2027 ganha motor turbo e mais autonomia"}]},{"@type":"WebSite","@id":"https:\/\/brasilnoticias.org\/site\/#website","url":"https:\/\/brasilnoticias.org\/site\/","name":"Brasil not\u00edcias","description":"Brasil not\u00edcias","publisher":{"@id":"https:\/\/brasilnoticias.org\/site\/#organization"},"potentialAction":[{"@type":"SearchAction","target":{"@type":"EntryPoint","urlTemplate":"https:\/\/brasilnoticias.org\/site\/?s={search_term_string}"},"query-input":{"@type":"PropertyValueSpecification","valueRequired":true,"valueName":"search_term_string"}}],"inLanguage":"pt-PT"},{"@type":"Organization","@id":"https:\/\/brasilnoticias.org\/site\/#organization","name":"Brasil not\u00edcias","url":"https:\/\/brasilnoticias.org\/site\/","logo":{"@type":"ImageObject","inLanguage":"pt-PT","@id":"https:\/\/brasilnoticias.org\/site\/#\/schema\/logo\/image\/","url":"https:\/\/brasilnoticias.org\/site\/wp-content\/uploads\/2022\/05\/cropped-brasilnoticias-mini.jpg","contentUrl":"https:\/\/brasilnoticias.org\/site\/wp-content\/uploads\/2022\/05\/cropped-brasilnoticias-mini.jpg","width":314,"height":86,"caption":"Brasil not\u00edcias"},"image":{"@id":"https:\/\/brasilnoticias.org\/site\/#\/schema\/logo\/image\/"}},{"@type":"Person","@id":"https:\/\/brasilnoticias.org\/site\/#\/schema\/person\/03bbbfe6c7634ad18c26444ea39049fa","name":"Reda\u00e7\u00e3o","image":{"@type":"ImageObject","inLanguage":"pt-PT","@id":"https:\/\/brasilnoticias.org\/site\/#\/schema\/person\/image\/","url":"https:\/\/secure.gravatar.com\/avatar\/9ecaf7327a696cb23ad926fedded5f1f04d7049de9e445375d55b48c001a6e42?s=96&d=mm&r=g","contentUrl":"https:\/\/secure.gravatar.com\/avatar\/9ecaf7327a696cb23ad926fedded5f1f04d7049de9e445375d55b48c001a6e42?s=96&d=mm&r=g","caption":"Reda\u00e7\u00e3o"},"url":"https:\/\/brasilnoticias.org\/site\/author\/henrique\/"}]}},"_links":{"self":[{"href":"https:\/\/brasilnoticias.org\/site\/wp-json\/wp\/v2\/posts\/20871","targetHints":{"allow":["GET"]}}],"collection":[{"href":"https:\/\/brasilnoticias.org\/site\/wp-json\/wp\/v2\/posts"}],"about":[{"href":"https:\/\/brasilnoticias.org\/site\/wp-json\/wp\/v2\/types\/post"}],"author":[{"embeddable":true,"href":"https:\/\/brasilnoticias.org\/site\/wp-json\/wp\/v2\/users\/4"}],"replies":[{"embeddable":true,"href":"https:\/\/brasilnoticias.org\/site\/wp-json\/wp\/v2\/comments?post=20871"}],"version-history":[{"count":1,"href":"https:\/\/brasilnoticias.org\/site\/wp-json\/wp\/v2\/posts\/20871\/revisions"}],"predecessor-version":[{"id":20873,"href":"https:\/\/brasilnoticias.org\/site\/wp-json\/wp\/v2\/posts\/20871\/revisions\/20873"}],"wp:featuredmedia":[{"embeddable":true,"href":"https:\/\/brasilnoticias.org\/site\/wp-json\/wp\/v2\/media\/20872"}],"wp:attachment":[{"href":"https:\/\/brasilnoticias.org\/site\/wp-json\/wp\/v2\/media?parent=20871"}],"wp:term":[{"taxonomy":"category","embeddable":true,"href":"https:\/\/brasilnoticias.org\/site\/wp-json\/wp\/v2\/categories?post=20871"},{"taxonomy":"post_tag","embeddable":true,"href":"https:\/\/brasilnoticias.org\/site\/wp-json\/wp\/v2\/tags?post=20871"}],"curies":[{"name":"wp","href":"https:\/\/api.w.org\/{rel}","templated":true}]}}