{"id":20897,"date":"2026-03-12T07:31:58","date_gmt":"2026-03-12T10:31:58","guid":{"rendered":"https:\/\/brasilnoticias.org\/site\/?p=20897"},"modified":"2026-03-12T07:34:21","modified_gmt":"2026-03-12T10:34:21","slug":"video-pornografico-aparece-em-tv-durante-sessao-da-camara-de-laje-e-gera-constrangimento","status":"publish","type":"post","link":"https:\/\/brasilnoticias.org\/site\/video-pornografico-aparece-em-tv-durante-sessao-da-camara-de-laje-e-gera-constrangimento\/","title":{"rendered":"V\u00eddeo pornogr\u00e1fico aparece em TV durante sess\u00e3o da C\u00e2mara de Laje e gera constrangimento"},"content":{"rendered":"<p>C\u00e2mara afirmou que houve falha t\u00e9cnica e que o caso ser\u00e1 investigado<\/p>\n<p>Uma situa\u00e7\u00e3o constrangedora marcou uma sess\u00e3o da C\u00e2mara de Vereadores de Laje, no interior da Bahia, quando um v\u00eddeo pornogr\u00e1fico apareceu em uma das televis\u00f5es do plen\u00e1rio durante a reuni\u00e3o legislativa. O epis\u00f3dio ocorreu na sess\u00e3o realizada na ter\u00e7a-feira (10) e acabou repercutindo nas redes sociais.<\/p>\n<p>De acordo com relatos, o conte\u00fado impr\u00f3prio surgiu de forma inesperada nas telas instaladas no plen\u00e1rio enquanto a sess\u00e3o estava em andamento e sendo transmitida ao p\u00fablico. O momento surpreendeu vereadores, servidores da Casa e pessoas que acompanhavam a reuni\u00e3o.<\/p>\n<p>Segundo informa\u00e7\u00f5es divulgadas pela pr\u00f3pria C\u00e2mara, o problema teria ocorrido por uma intercorr\u00eancia t\u00e9cnica no sistema de exibi\u00e7\u00e3o, o que acabou permitindo a exibi\u00e7\u00e3o moment\u00e2nea de imagens fora da programa\u00e7\u00e3o institucional.<\/p>\n<p>Assim que o problema foi identificado, o sistema foi desligado e a transmiss\u00e3o voltou ao normal poucos minutos depois, permitindo a continuidade dos trabalhos legislativos.<br \/>\n<div style=\"width: 480px;\" class=\"wp-video\"><video class=\"wp-video-shortcode\" id=\"video-20897-1\" width=\"480\" height=\"480\" preload=\"metadata\" controls=\"controls\"><source type=\"video\/mp4\" src=\"https:\/\/gnewsbahia.com.br\/wp-content\/uploads\/2026\/03\/WhatsApp-Video-2026-03-11-at-19.31.22.mp4?_=1\" \/><a href=\"https:\/\/gnewsbahia.com.br\/wp-content\/uploads\/2026\/03\/WhatsApp-Video-2026-03-11-at-19.31.22.mp4\">https:\/\/gnewsbahia.com.br\/wp-content\/uploads\/2026\/03\/WhatsApp-Video-2026-03-11-at-19.31.22.mp4<\/a><\/video><\/div><\/p>\n<p><strong>C\u00e2mara divulga esclarecimento<\/strong><\/p>\n<p>Em nota oficial, a presid\u00eancia da C\u00e2mara informou que o caso j\u00e1 est\u00e1 sendo apurado e destacou que h\u00e1 ind\u00edcios de poss\u00edvel interfer\u00eancia externa ou instabilidade no sistema utilizado para exibi\u00e7\u00e3o das imagens durante a sess\u00e3o.<\/p>\n<p>O Legislativo municipal tamb\u00e9m afirmou que ir\u00e1 investigar o ocorrido para identificar as causas da falha e evitar que situa\u00e7\u00f5es semelhantes voltem a acontecer.<\/p>\n<blockquote class=\"instagram-media\" style=\"background: #FFF; border: 0; border-radius: 3px; box-shadow: 0 0 1px 0 rgba(0,0,0,0.5),0 1px 10px 0 rgba(0,0,0,0.15); margin: 1px; max-width: 540px; min-width: 326px; padding: 0; width: calc(100% - 2px);\" data-instgrm-captioned=\"\" data-instgrm-permalink=\"https:\/\/www.instagram.com\/p\/DVwTmuuEkCG\/?utm_source=ig_embed&amp;utm_campaign=loading\" data-instgrm-version=\"14\">\n<div style=\"padding: 16px;\">\n<p>&nbsp;<\/p>\n<div style=\"display: flex; flex-direction: row; align-items: center;\">\n<div style=\"background-color: #f4f4f4; border-radius: 50%; flex-grow: 0; height: 40px; margin-right: 14px; width: 40px;\"><\/div>\n<div style=\"display: flex; flex-direction: column; flex-grow: 1; justify-content: center;\">\n<div style=\"background-color: #f4f4f4; border-radius: 4px; flex-grow: 0; height: 14px; margin-bottom: 6px; width: 100px;\"><\/div>\n<div style=\"background-color: #f4f4f4; border-radius: 4px; flex-grow: 0; height: 14px; width: 60px;\"><\/div>\n<\/div>\n<\/div>\n<div style=\"padding: 19% 0;\"><\/div>\n<div style=\"display: block; height: 50px; margin: 0 auto 12px; width: 50px;\"><\/div>\n<div style=\"padding-top: 8px;\">\n<div style=\"color: #3897f0; font-family: Arial,sans-serif; font-size: 14px; font-style: normal; font-weight: 550; line-height: 18px;\">Ver essa foto no Instagram<\/div>\n<\/div>\n<div style=\"padding: 12.5% 0;\"><\/div>\n<div style=\"display: flex; flex-direction: row; margin-bottom: 14px; align-items: center;\">\n<div>\n<div style=\"background-color: #f4f4f4; border-radius: 50%; height: 12.5px; width: 12.5px; transform: translateX(0px) translateY(7px);\"><\/div>\n<div style=\"background-color: #f4f4f4; height: 12.5px; transform: rotate(-45deg) translateX(3px) translateY(1px); width: 12.5px; flex-grow: 0; margin-right: 14px; margin-left: 2px;\"><\/div>\n<div style=\"background-color: #f4f4f4; border-radius: 50%; height: 12.5px; width: 12.5px; transform: translateX(9px) translateY(-18px);\"><\/div>\n<\/div>\n<div style=\"margin-left: 8px;\">\n<div style=\"background-color: #f4f4f4; border-radius: 50%; flex-grow: 0; height: 20px; width: 20px;\"><\/div>\n<div style=\"width: 0; height: 0; border-top: 2px solid transparent; border-left: 6px solid #f4f4f4; border-bottom: 2px solid transparent; transform: translateX(16px) translateY(-4px) rotate(30deg);\"><\/div>\n<\/div>\n<div style=\"margin-left: auto;\">\n<div style=\"width: 0px; border-top: 8px solid #F4F4F4; border-right: 8px solid transparent; transform: translateY(16px);\"><\/div>\n<div style=\"background-color: #f4f4f4; flex-grow: 0; height: 12px; width: 16px; transform: translateY(-4px);\"><\/div>\n<div style=\"width: 0; height: 0; border-top: 8px solid #F4F4F4; border-left: 8px solid transparent; transform: translateY(-4px) translateX(8px);\"><\/div>\n<\/div>\n<\/div>\n<div style=\"display: flex; flex-direction: column; flex-grow: 1; justify-content: center; margin-bottom: 24px;\">\n<div style=\"background-color: #f4f4f4; border-radius: 4px; flex-grow: 0; height: 14px; margin-bottom: 6px; width: 224px;\"><\/div>\n<div style=\"background-color: #f4f4f4; border-radius: 4px; flex-grow: 0; height: 14px; width: 144px;\"><\/div>\n<\/div>\n<p>&nbsp;<\/p>\n<p style=\"color: #c9c8cd; font-family: Arial,sans-serif; font-size: 14px; line-height: 17px; margin-bottom: 0; margin-top: 8px; overflow: hidden; padding: 8px 0 7px; text-align: center; text-overflow: ellipsis; white-space: nowrap;\"><a style=\"color: #c9c8cd; font-family: Arial,sans-serif; font-size: 14px; font-style: normal; font-weight: normal; line-height: 17px; text-decoration: none;\" href=\"https:\/\/www.instagram.com\/p\/DVwTmuuEkCG\/?utm_source=ig_embed&amp;utm_campaign=loading\" target=\"_blank\" rel=\"noopener\">Um post compartilhado por C\u00e2mara Municipal de Laje-BA (@camaralajeba)<\/a><\/p>\n<\/div>\n<\/blockquote>\n<p><script async src=\"\/\/www.instagram.com\/embed.js\"><\/script><\/p>\n<p><strong>Repercuss\u00e3o nas redes sociais<\/strong><\/p>\n<p>O epis\u00f3dio rapidamente ganhou repercuss\u00e3o nas redes sociais ap\u00f3s trechos da transmiss\u00e3o circularem na internet. O caso chamou aten\u00e7\u00e3o pelo constrangimento gerado durante uma atividade oficial do Legislativo municipal.<\/p>\n<p>A C\u00e2mara informou que novos esclarecimentos poder\u00e3o ser divulgados ap\u00f3s a conclus\u00e3o das apura\u00e7\u00f5es.<\/p>\n","protected":false},"excerpt":{"rendered":"<p>C\u00e2mara afirmou que houve falha t\u00e9cnica e que o caso ser\u00e1 investigado Uma situa\u00e7\u00e3o constrangedora marcou uma sess\u00e3o da C\u00e2mara<\/p>\n","protected":false},"author":4,"featured_media":20898,"comment_status":"open","ping_status":"open","sticky":false,"template":"","format":"standard","meta":{"colormag_page_container_layout":"default_layout","colormag_page_sidebar_layout":"default_layout","_FSMCFIC_featured_image_caption":"","_FSMCFIC_featured_image_nocaption":"","_FSMCFIC_featured_image_hide":"","footnotes":""},"categories":[5,1],"tags":[],"class_list":["post-20897","post","type-post","status-publish","format-standard","has-post-thumbnail","hentry","category-politica","category-ultimas"],"yoast_head":"<!-- This site is optimized with the Yoast SEO plugin v27.1.1 - https:\/\/yoast.com\/product\/yoast-seo-wordpress\/ -->\n<title>V\u00eddeo pornogr\u00e1fico aparece em TV durante sess\u00e3o da C\u00e2mara de Laje e gera constrangimento - Brasil not\u00edcias<\/title>\n<meta name=\"robots\" content=\"index, follow, max-snippet:-1, max-image-preview:large, max-video-preview:-1\" \/>\n<link rel=\"canonical\" href=\"https:\/\/brasilnoticias.org\/site\/video-pornografico-aparece-em-tv-durante-sessao-da-camara-de-laje-e-gera-constrangimento\/\" \/>\n<meta property=\"og:locale\" content=\"pt_PT\" \/>\n<meta property=\"og:type\" content=\"article\" \/>\n<meta property=\"og:title\" content=\"V\u00eddeo pornogr\u00e1fico aparece em TV durante sess\u00e3o da C\u00e2mara de Laje e gera constrangimento - Brasil not\u00edcias\" \/>\n<meta property=\"og:description\" content=\"C\u00e2mara afirmou que houve falha t\u00e9cnica e que o caso ser\u00e1 investigado Uma situa\u00e7\u00e3o constrangedora marcou uma sess\u00e3o da C\u00e2mara\" \/>\n<meta property=\"og:url\" content=\"https:\/\/brasilnoticias.org\/site\/video-pornografico-aparece-em-tv-durante-sessao-da-camara-de-laje-e-gera-constrangimento\/\" \/>\n<meta property=\"og:site_name\" content=\"Brasil not\u00edcias\" \/>\n<meta property=\"article:published_time\" content=\"2026-03-12T10:31:58+00:00\" \/>\n<meta property=\"article:modified_time\" content=\"2026-03-12T10:34:21+00:00\" \/>\n<meta property=\"og:image\" content=\"https:\/\/brasilnoticias.org\/site\/wp-content\/uploads\/2026\/03\/arquivos-2026-03-11T183811.891-984x553-1.jpg\" \/>\n\t<meta property=\"og:image:width\" content=\"984\" \/>\n\t<meta property=\"og:image:height\" content=\"553\" \/>\n\t<meta property=\"og:image:type\" content=\"image\/jpeg\" \/>\n<meta name=\"author\" content=\"Reda\u00e7\u00e3o\" \/>\n<meta name=\"twitter:card\" content=\"summary_large_image\" \/>\n<meta name=\"twitter:label1\" content=\"Escrito por\" \/>\n\t<meta name=\"twitter:data1\" content=\"Reda\u00e7\u00e3o\" \/>\n\t<meta name=\"twitter:label2\" content=\"Tempo estimado de leitura\" \/>\n\t<meta name=\"twitter:data2\" content=\"2 minutos\" \/>\n<script type=\"application\/ld+json\" class=\"yoast-schema-graph\">{\"@context\":\"https:\/\/schema.org\",\"@graph\":[{\"@type\":\"Article\",\"@id\":\"https:\/\/brasilnoticias.org\/site\/video-pornografico-aparece-em-tv-durante-sessao-da-camara-de-laje-e-gera-constrangimento\/#article\",\"isPartOf\":{\"@id\":\"https:\/\/brasilnoticias.org\/site\/video-pornografico-aparece-em-tv-durante-sessao-da-camara-de-laje-e-gera-constrangimento\/\"},\"author\":{\"name\":\"Reda\u00e7\u00e3o\",\"@id\":\"https:\/\/brasilnoticias.org\/site\/#\/schema\/person\/03bbbfe6c7634ad18c26444ea39049fa\"},\"headline\":\"V\u00eddeo pornogr\u00e1fico aparece em TV durante sess\u00e3o da C\u00e2mara de Laje e gera constrangimento\",\"datePublished\":\"2026-03-12T10:31:58+00:00\",\"dateModified\":\"2026-03-12T10:34:21+00:00\",\"mainEntityOfPage\":{\"@id\":\"https:\/\/brasilnoticias.org\/site\/video-pornografico-aparece-em-tv-durante-sessao-da-camara-de-laje-e-gera-constrangimento\/\"},\"wordCount\":364,\"commentCount\":0,\"publisher\":{\"@id\":\"https:\/\/brasilnoticias.org\/site\/#organization\"},\"image\":{\"@id\":\"https:\/\/brasilnoticias.org\/site\/video-pornografico-aparece-em-tv-durante-sessao-da-camara-de-laje-e-gera-constrangimento\/#primaryimage\"},\"thumbnailUrl\":\"https:\/\/brasilnoticias.org\/site\/wp-content\/uploads\/2026\/03\/arquivos-2026-03-11T183811.891-984x553-1.jpg\",\"articleSection\":[\"Pol\u00edtica\",\"\u00daltimas\"],\"inLanguage\":\"pt-PT\",\"potentialAction\":[{\"@type\":\"CommentAction\",\"name\":\"Comment\",\"target\":[\"https:\/\/brasilnoticias.org\/site\/video-pornografico-aparece-em-tv-durante-sessao-da-camara-de-laje-e-gera-constrangimento\/#respond\"]}]},{\"@type\":\"WebPage\",\"@id\":\"https:\/\/brasilnoticias.org\/site\/video-pornografico-aparece-em-tv-durante-sessao-da-camara-de-laje-e-gera-constrangimento\/\",\"url\":\"https:\/\/brasilnoticias.org\/site\/video-pornografico-aparece-em-tv-durante-sessao-da-camara-de-laje-e-gera-constrangimento\/\",\"name\":\"V\u00eddeo pornogr\u00e1fico aparece em TV durante sess\u00e3o da C\u00e2mara de Laje e gera constrangimento - Brasil not\u00edcias\",\"isPartOf\":{\"@id\":\"https:\/\/brasilnoticias.org\/site\/#website\"},\"primaryImageOfPage\":{\"@id\":\"https:\/\/brasilnoticias.org\/site\/video-pornografico-aparece-em-tv-durante-sessao-da-camara-de-laje-e-gera-constrangimento\/#primaryimage\"},\"image\":{\"@id\":\"https:\/\/brasilnoticias.org\/site\/video-pornografico-aparece-em-tv-durante-sessao-da-camara-de-laje-e-gera-constrangimento\/#primaryimage\"},\"thumbnailUrl\":\"https:\/\/brasilnoticias.org\/site\/wp-content\/uploads\/2026\/03\/arquivos-2026-03-11T183811.891-984x553-1.jpg\",\"datePublished\":\"2026-03-12T10:31:58+00:00\",\"dateModified\":\"2026-03-12T10:34:21+00:00\",\"breadcrumb\":{\"@id\":\"https:\/\/brasilnoticias.org\/site\/video-pornografico-aparece-em-tv-durante-sessao-da-camara-de-laje-e-gera-constrangimento\/#breadcrumb\"},\"inLanguage\":\"pt-PT\",\"potentialAction\":[{\"@type\":\"ReadAction\",\"target\":[\"https:\/\/brasilnoticias.org\/site\/video-pornografico-aparece-em-tv-durante-sessao-da-camara-de-laje-e-gera-constrangimento\/\"]}]},{\"@type\":\"ImageObject\",\"inLanguage\":\"pt-PT\",\"@id\":\"https:\/\/brasilnoticias.org\/site\/video-pornografico-aparece-em-tv-durante-sessao-da-camara-de-laje-e-gera-constrangimento\/#primaryimage\",\"url\":\"https:\/\/brasilnoticias.org\/site\/wp-content\/uploads\/2026\/03\/arquivos-2026-03-11T183811.891-984x553-1.jpg\",\"contentUrl\":\"https:\/\/brasilnoticias.org\/site\/wp-content\/uploads\/2026\/03\/arquivos-2026-03-11T183811.891-984x553-1.jpg\",\"width\":984,\"height\":553,\"caption\":\"Reprodu\u00e7\u00e3o\"},{\"@type\":\"BreadcrumbList\",\"@id\":\"https:\/\/brasilnoticias.org\/site\/video-pornografico-aparece-em-tv-durante-sessao-da-camara-de-laje-e-gera-constrangimento\/#breadcrumb\",\"itemListElement\":[{\"@type\":\"ListItem\",\"position\":1,\"name\":\"In\u00edcio\",\"item\":\"https:\/\/brasilnoticias.org\/site\/\"},{\"@type\":\"ListItem\",\"position\":2,\"name\":\"V\u00eddeo pornogr\u00e1fico aparece em TV durante sess\u00e3o da C\u00e2mara de Laje e gera constrangimento\"}]},{\"@type\":\"WebSite\",\"@id\":\"https:\/\/brasilnoticias.org\/site\/#website\",\"url\":\"https:\/\/brasilnoticias.org\/site\/\",\"name\":\"Brasil not\u00edcias\",\"description\":\"Brasil not\u00edcias\",\"publisher\":{\"@id\":\"https:\/\/brasilnoticias.org\/site\/#organization\"},\"potentialAction\":[{\"@type\":\"SearchAction\",\"target\":{\"@type\":\"EntryPoint\",\"urlTemplate\":\"https:\/\/brasilnoticias.org\/site\/?s={search_term_string}\"},\"query-input\":{\"@type\":\"PropertyValueSpecification\",\"valueRequired\":true,\"valueName\":\"search_term_string\"}}],\"inLanguage\":\"pt-PT\"},{\"@type\":\"Organization\",\"@id\":\"https:\/\/brasilnoticias.org\/site\/#organization\",\"name\":\"Brasil not\u00edcias\",\"url\":\"https:\/\/brasilnoticias.org\/site\/\",\"logo\":{\"@type\":\"ImageObject\",\"inLanguage\":\"pt-PT\",\"@id\":\"https:\/\/brasilnoticias.org\/site\/#\/schema\/logo\/image\/\",\"url\":\"https:\/\/brasilnoticias.org\/site\/wp-content\/uploads\/2022\/05\/cropped-brasilnoticias-mini.jpg\",\"contentUrl\":\"https:\/\/brasilnoticias.org\/site\/wp-content\/uploads\/2022\/05\/cropped-brasilnoticias-mini.jpg\",\"width\":314,\"height\":86,\"caption\":\"Brasil not\u00edcias\"},\"image\":{\"@id\":\"https:\/\/brasilnoticias.org\/site\/#\/schema\/logo\/image\/\"}},{\"@type\":\"Person\",\"@id\":\"https:\/\/brasilnoticias.org\/site\/#\/schema\/person\/03bbbfe6c7634ad18c26444ea39049fa\",\"name\":\"Reda\u00e7\u00e3o\",\"image\":{\"@type\":\"ImageObject\",\"inLanguage\":\"pt-PT\",\"@id\":\"https:\/\/brasilnoticias.org\/site\/#\/schema\/person\/image\/\",\"url\":\"https:\/\/secure.gravatar.com\/avatar\/9ecaf7327a696cb23ad926fedded5f1f04d7049de9e445375d55b48c001a6e42?s=96&d=mm&r=g\",\"contentUrl\":\"https:\/\/secure.gravatar.com\/avatar\/9ecaf7327a696cb23ad926fedded5f1f04d7049de9e445375d55b48c001a6e42?s=96&d=mm&r=g\",\"caption\":\"Reda\u00e7\u00e3o\"},\"url\":\"https:\/\/brasilnoticias.org\/site\/author\/henrique\/\"}]}<\/script>\n<!-- \/ Yoast SEO plugin. -->","yoast_head_json":{"title":"V\u00eddeo pornogr\u00e1fico aparece em TV durante sess\u00e3o da C\u00e2mara de Laje e gera constrangimento - Brasil not\u00edcias","robots":{"index":"index","follow":"follow","max-snippet":"max-snippet:-1","max-image-preview":"max-image-preview:large","max-video-preview":"max-video-preview:-1"},"canonical":"https:\/\/brasilnoticias.org\/site\/video-pornografico-aparece-em-tv-durante-sessao-da-camara-de-laje-e-gera-constrangimento\/","og_locale":"pt_PT","og_type":"article","og_title":"V\u00eddeo pornogr\u00e1fico aparece em TV durante sess\u00e3o da C\u00e2mara de Laje e gera constrangimento - Brasil not\u00edcias","og_description":"C\u00e2mara afirmou que houve falha t\u00e9cnica e que o caso ser\u00e1 investigado Uma situa\u00e7\u00e3o constrangedora marcou uma sess\u00e3o da C\u00e2mara","og_url":"https:\/\/brasilnoticias.org\/site\/video-pornografico-aparece-em-tv-durante-sessao-da-camara-de-laje-e-gera-constrangimento\/","og_site_name":"Brasil not\u00edcias","article_published_time":"2026-03-12T10:31:58+00:00","article_modified_time":"2026-03-12T10:34:21+00:00","og_image":[{"width":984,"height":553,"url":"https:\/\/brasilnoticias.org\/site\/wp-content\/uploads\/2026\/03\/arquivos-2026-03-11T183811.891-984x553-1.jpg","type":"image\/jpeg"}],"author":"Reda\u00e7\u00e3o","twitter_card":"summary_large_image","twitter_misc":{"Escrito por":"Reda\u00e7\u00e3o","Tempo estimado de leitura":"2 minutos"},"schema":{"@context":"https:\/\/schema.org","@graph":[{"@type":"Article","@id":"https:\/\/brasilnoticias.org\/site\/video-pornografico-aparece-em-tv-durante-sessao-da-camara-de-laje-e-gera-constrangimento\/#article","isPartOf":{"@id":"https:\/\/brasilnoticias.org\/site\/video-pornografico-aparece-em-tv-durante-sessao-da-camara-de-laje-e-gera-constrangimento\/"},"author":{"name":"Reda\u00e7\u00e3o","@id":"https:\/\/brasilnoticias.org\/site\/#\/schema\/person\/03bbbfe6c7634ad18c26444ea39049fa"},"headline":"V\u00eddeo pornogr\u00e1fico aparece em TV durante sess\u00e3o da C\u00e2mara de Laje e gera constrangimento","datePublished":"2026-03-12T10:31:58+00:00","dateModified":"2026-03-12T10:34:21+00:00","mainEntityOfPage":{"@id":"https:\/\/brasilnoticias.org\/site\/video-pornografico-aparece-em-tv-durante-sessao-da-camara-de-laje-e-gera-constrangimento\/"},"wordCount":364,"commentCount":0,"publisher":{"@id":"https:\/\/brasilnoticias.org\/site\/#organization"},"image":{"@id":"https:\/\/brasilnoticias.org\/site\/video-pornografico-aparece-em-tv-durante-sessao-da-camara-de-laje-e-gera-constrangimento\/#primaryimage"},"thumbnailUrl":"https:\/\/brasilnoticias.org\/site\/wp-content\/uploads\/2026\/03\/arquivos-2026-03-11T183811.891-984x553-1.jpg","articleSection":["Pol\u00edtica","\u00daltimas"],"inLanguage":"pt-PT","potentialAction":[{"@type":"CommentAction","name":"Comment","target":["https:\/\/brasilnoticias.org\/site\/video-pornografico-aparece-em-tv-durante-sessao-da-camara-de-laje-e-gera-constrangimento\/#respond"]}]},{"@type":"WebPage","@id":"https:\/\/brasilnoticias.org\/site\/video-pornografico-aparece-em-tv-durante-sessao-da-camara-de-laje-e-gera-constrangimento\/","url":"https:\/\/brasilnoticias.org\/site\/video-pornografico-aparece-em-tv-durante-sessao-da-camara-de-laje-e-gera-constrangimento\/","name":"V\u00eddeo pornogr\u00e1fico aparece em TV durante sess\u00e3o da C\u00e2mara de Laje e gera constrangimento - Brasil not\u00edcias","isPartOf":{"@id":"https:\/\/brasilnoticias.org\/site\/#website"},"primaryImageOfPage":{"@id":"https:\/\/brasilnoticias.org\/site\/video-pornografico-aparece-em-tv-durante-sessao-da-camara-de-laje-e-gera-constrangimento\/#primaryimage"},"image":{"@id":"https:\/\/brasilnoticias.org\/site\/video-pornografico-aparece-em-tv-durante-sessao-da-camara-de-laje-e-gera-constrangimento\/#primaryimage"},"thumbnailUrl":"https:\/\/brasilnoticias.org\/site\/wp-content\/uploads\/2026\/03\/arquivos-2026-03-11T183811.891-984x553-1.jpg","datePublished":"2026-03-12T10:31:58+00:00","dateModified":"2026-03-12T10:34:21+00:00","breadcrumb":{"@id":"https:\/\/brasilnoticias.org\/site\/video-pornografico-aparece-em-tv-durante-sessao-da-camara-de-laje-e-gera-constrangimento\/#breadcrumb"},"inLanguage":"pt-PT","potentialAction":[{"@type":"ReadAction","target":["https:\/\/brasilnoticias.org\/site\/video-pornografico-aparece-em-tv-durante-sessao-da-camara-de-laje-e-gera-constrangimento\/"]}]},{"@type":"ImageObject","inLanguage":"pt-PT","@id":"https:\/\/brasilnoticias.org\/site\/video-pornografico-aparece-em-tv-durante-sessao-da-camara-de-laje-e-gera-constrangimento\/#primaryimage","url":"https:\/\/brasilnoticias.org\/site\/wp-content\/uploads\/2026\/03\/arquivos-2026-03-11T183811.891-984x553-1.jpg","contentUrl":"https:\/\/brasilnoticias.org\/site\/wp-content\/uploads\/2026\/03\/arquivos-2026-03-11T183811.891-984x553-1.jpg","width":984,"height":553,"caption":"Reprodu\u00e7\u00e3o"},{"@type":"BreadcrumbList","@id":"https:\/\/brasilnoticias.org\/site\/video-pornografico-aparece-em-tv-durante-sessao-da-camara-de-laje-e-gera-constrangimento\/#breadcrumb","itemListElement":[{"@type":"ListItem","position":1,"name":"In\u00edcio","item":"https:\/\/brasilnoticias.org\/site\/"},{"@type":"ListItem","position":2,"name":"V\u00eddeo pornogr\u00e1fico aparece em TV durante sess\u00e3o da C\u00e2mara de Laje e gera constrangimento"}]},{"@type":"WebSite","@id":"https:\/\/brasilnoticias.org\/site\/#website","url":"https:\/\/brasilnoticias.org\/site\/","name":"Brasil not\u00edcias","description":"Brasil not\u00edcias","publisher":{"@id":"https:\/\/brasilnoticias.org\/site\/#organization"},"potentialAction":[{"@type":"SearchAction","target":{"@type":"EntryPoint","urlTemplate":"https:\/\/brasilnoticias.org\/site\/?s={search_term_string}"},"query-input":{"@type":"PropertyValueSpecification","valueRequired":true,"valueName":"search_term_string"}}],"inLanguage":"pt-PT"},{"@type":"Organization","@id":"https:\/\/brasilnoticias.org\/site\/#organization","name":"Brasil not\u00edcias","url":"https:\/\/brasilnoticias.org\/site\/","logo":{"@type":"ImageObject","inLanguage":"pt-PT","@id":"https:\/\/brasilnoticias.org\/site\/#\/schema\/logo\/image\/","url":"https:\/\/brasilnoticias.org\/site\/wp-content\/uploads\/2022\/05\/cropped-brasilnoticias-mini.jpg","contentUrl":"https:\/\/brasilnoticias.org\/site\/wp-content\/uploads\/2022\/05\/cropped-brasilnoticias-mini.jpg","width":314,"height":86,"caption":"Brasil not\u00edcias"},"image":{"@id":"https:\/\/brasilnoticias.org\/site\/#\/schema\/logo\/image\/"}},{"@type":"Person","@id":"https:\/\/brasilnoticias.org\/site\/#\/schema\/person\/03bbbfe6c7634ad18c26444ea39049fa","name":"Reda\u00e7\u00e3o","image":{"@type":"ImageObject","inLanguage":"pt-PT","@id":"https:\/\/brasilnoticias.org\/site\/#\/schema\/person\/image\/","url":"https:\/\/secure.gravatar.com\/avatar\/9ecaf7327a696cb23ad926fedded5f1f04d7049de9e445375d55b48c001a6e42?s=96&d=mm&r=g","contentUrl":"https:\/\/secure.gravatar.com\/avatar\/9ecaf7327a696cb23ad926fedded5f1f04d7049de9e445375d55b48c001a6e42?s=96&d=mm&r=g","caption":"Reda\u00e7\u00e3o"},"url":"https:\/\/brasilnoticias.org\/site\/author\/henrique\/"}]}},"_links":{"self":[{"href":"https:\/\/brasilnoticias.org\/site\/wp-json\/wp\/v2\/posts\/20897","targetHints":{"allow":["GET"]}}],"collection":[{"href":"https:\/\/brasilnoticias.org\/site\/wp-json\/wp\/v2\/posts"}],"about":[{"href":"https:\/\/brasilnoticias.org\/site\/wp-json\/wp\/v2\/types\/post"}],"author":[{"embeddable":true,"href":"https:\/\/brasilnoticias.org\/site\/wp-json\/wp\/v2\/users\/4"}],"replies":[{"embeddable":true,"href":"https:\/\/brasilnoticias.org\/site\/wp-json\/wp\/v2\/comments?post=20897"}],"version-history":[{"count":2,"href":"https:\/\/brasilnoticias.org\/site\/wp-json\/wp\/v2\/posts\/20897\/revisions"}],"predecessor-version":[{"id":20900,"href":"https:\/\/brasilnoticias.org\/site\/wp-json\/wp\/v2\/posts\/20897\/revisions\/20900"}],"wp:featuredmedia":[{"embeddable":true,"href":"https:\/\/brasilnoticias.org\/site\/wp-json\/wp\/v2\/media\/20898"}],"wp:attachment":[{"href":"https:\/\/brasilnoticias.org\/site\/wp-json\/wp\/v2\/media?parent=20897"}],"wp:term":[{"taxonomy":"category","embeddable":true,"href":"https:\/\/brasilnoticias.org\/site\/wp-json\/wp\/v2\/categories?post=20897"},{"taxonomy":"post_tag","embeddable":true,"href":"https:\/\/brasilnoticias.org\/site\/wp-json\/wp\/v2\/tags?post=20897"}],"curies":[{"name":"wp","href":"https:\/\/api.w.org\/{rel}","templated":true}]}}