{"id":20904,"date":"2026-03-12T08:09:39","date_gmt":"2026-03-12T11:09:39","guid":{"rendered":"https:\/\/brasilnoticias.org\/site\/?p=20904"},"modified":"2026-03-12T08:09:39","modified_gmt":"2026-03-12T11:09:39","slug":"bahia-e-vitoria-empatam-na-fonte-nova-em-classico-movimentado-pelo-brasileirao","status":"publish","type":"post","link":"https:\/\/brasilnoticias.org\/site\/bahia-e-vitoria-empatam-na-fonte-nova-em-classico-movimentado-pelo-brasileirao\/","title":{"rendered":"Bahia e Vit\u00f3ria empatam na Fonte Nova em cl\u00e1ssico movimentado pelo Brasileir\u00e3o"},"content":{"rendered":"<h3 data-section-id=\"10hgdfd\" data-start=\"85\" data-end=\"100\">Subt\u00edtulo<\/h3>\n<p data-start=\"101\" data-end=\"209\">Cl\u00e1ssico baiano teve primeiro tempo intenso, com boas chances para os dois lados, mas terminou sem vencedor.<\/p>\n<h3 data-section-id=\"1l5umwd\" data-start=\"211\" data-end=\"222\">Mat\u00e9ria<\/h3>\n<p data-start=\"224\" data-end=\"613\">O cl\u00e1ssico entre <strong data-start=\"241\" data-end=\"282\"><span class=\"hover:entity-accent entity-underline inline cursor-pointer align-baseline\"><span class=\"whitespace-normal\">Esporte Clube Bahia<\/span><\/span><\/strong> e <strong data-start=\"285\" data-end=\"326\"><span class=\"hover:entity-accent entity-underline inline cursor-pointer align-baseline\"><span class=\"whitespace-normal\">Esporte Clube Vit\u00f3ria<\/span><\/span><\/strong> terminou empatado na <strong data-start=\"348\" data-end=\"389\"><span class=\"hover:entity-accent entity-underline inline cursor-pointer align-baseline\"><span class=\"whitespace-normal\">Arena Fonte Nova<\/span><\/span><\/strong>, em partida v\u00e1lida pelo <strong data-start=\"414\" data-end=\"455\"><span class=\"hover:entity-accent entity-underline inline cursor-pointer align-baseline\"><span class=\"whitespace-normal\">Campeonato Brasileiro S\u00e9rie A<\/span><\/span><\/strong>. O confronto, que reuniu milhares de torcedores em Salvador, foi marcado por um primeiro tempo bastante movimentado e com oportunidades para as duas equipes.<\/p>\n<p data-start=\"615\" data-end=\"888\">Desde os minutos iniciais, o jogo mostrou a intensidade caracter\u00edstica do cl\u00e1ssico <strong data-start=\"698\" data-end=\"739\"><span class=\"hover:entity-accent entity-underline inline cursor-pointer align-baseline\"><span class=\"whitespace-normal\">Ba\u2011Vi<\/span><\/span><\/strong>. Bahia e Vit\u00f3ria buscaram o ataque e criaram boas chances de gol, levando perigo \u00e0s defesas advers\u00e1rias e animando o p\u00fablico presente na Fonte Nova.<\/p>\n<p data-start=\"890\" data-end=\"1181\">O Bahia tentou impor seu ritmo com maior posse de bola e presen\u00e7a ofensiva, enquanto o Vit\u00f3ria apostou em jogadas r\u00e1pidas e contra-ataques para surpreender o rival. As duas equipes tiveram oportunidades claras, mas esbarraram nas defesas bem postadas e na falta de precis\u00e3o nas finaliza\u00e7\u00f5es.<\/p>\n<h3 data-section-id=\"5l3w7u\" data-start=\"1183\" data-end=\"1207\">Cl\u00e1ssico equilibrado<\/h3>\n<p data-start=\"1209\" data-end=\"1491\">Mesmo com a intensidade dentro de campo, nenhuma das equipes conseguiu transformar as chances criadas em gols suficientes para garantir a vit\u00f3ria. O resultado acabou refletindo o equil\u00edbrio do confronto e manteve a tradi\u00e7\u00e3o de jogos disputados entre os dois maiores clubes da Bahia.<\/p>\n<p data-start=\"1493\" data-end=\"1629\">O empate tamb\u00e9m refor\u00e7a a rivalidade hist\u00f3rica do Ba-Vi, considerado um dos cl\u00e1ssicos regionais mais tradicionais do futebol brasileiro.<\/p>\n<p data-start=\"1631\" data-end=\"1772\" data-is-last-node=\"\" data-is-only-node=\"\">Com o resultado, Bahia e Vit\u00f3ria somam um ponto cada na tabela do Campeonato Brasileiro e seguem focados na sequ\u00eancia da competi\u00e7\u00e3o nacional.<\/p>\n","protected":false},"excerpt":{"rendered":"<p>Subt\u00edtulo Cl\u00e1ssico baiano teve primeiro tempo intenso, com boas chances para os dois lados, mas terminou sem vencedor. Mat\u00e9ria O<\/p>\n","protected":false},"author":4,"featured_media":20905,"comment_status":"open","ping_status":"open","sticky":false,"template":"","format":"standard","meta":{"colormag_page_container_layout":"default_layout","colormag_page_sidebar_layout":"default_layout","_FSMCFIC_featured_image_caption":"","_FSMCFIC_featured_image_nocaption":"","_FSMCFIC_featured_image_hide":"","footnotes":""},"categories":[4,1],"tags":[],"class_list":["post-20904","post","type-post","status-publish","format-standard","has-post-thumbnail","hentry","category-esporte","category-ultimas"],"yoast_head":"<!-- This site is optimized with the Yoast SEO plugin v27.1.1 - https:\/\/yoast.com\/product\/yoast-seo-wordpress\/ -->\n<title>Bahia e Vit\u00f3ria empatam na Fonte Nova em cl\u00e1ssico movimentado pelo Brasileir\u00e3o - Brasil not\u00edcias<\/title>\n<meta name=\"robots\" content=\"index, follow, max-snippet:-1, max-image-preview:large, max-video-preview:-1\" \/>\n<link rel=\"canonical\" href=\"https:\/\/brasilnoticias.org\/site\/bahia-e-vitoria-empatam-na-fonte-nova-em-classico-movimentado-pelo-brasileirao\/\" \/>\n<meta property=\"og:locale\" content=\"pt_PT\" \/>\n<meta property=\"og:type\" content=\"article\" \/>\n<meta property=\"og:title\" content=\"Bahia e Vit\u00f3ria empatam na Fonte Nova em cl\u00e1ssico movimentado pelo Brasileir\u00e3o - Brasil not\u00edcias\" \/>\n<meta property=\"og:description\" content=\"Subt\u00edtulo Cl\u00e1ssico baiano teve primeiro tempo intenso, com boas chances para os dois lados, mas terminou sem vencedor. Mat\u00e9ria O\" \/>\n<meta property=\"og:url\" content=\"https:\/\/brasilnoticias.org\/site\/bahia-e-vitoria-empatam-na-fonte-nova-em-classico-movimentado-pelo-brasileirao\/\" \/>\n<meta property=\"og:site_name\" content=\"Brasil not\u00edcias\" \/>\n<meta property=\"article:published_time\" content=\"2026-03-12T11:09:39+00:00\" \/>\n<meta property=\"og:image\" content=\"https:\/\/brasilnoticias.org\/site\/wp-content\/uploads\/2026\/03\/55142897473_dbbd518d18_h.jpg\" \/>\n\t<meta property=\"og:image:width\" content=\"1600\" \/>\n\t<meta property=\"og:image:height\" content=\"1067\" \/>\n\t<meta property=\"og:image:type\" content=\"image\/jpeg\" \/>\n<meta name=\"author\" content=\"Reda\u00e7\u00e3o\" \/>\n<meta name=\"twitter:card\" content=\"summary_large_image\" \/>\n<meta name=\"twitter:label1\" content=\"Escrito por\" \/>\n\t<meta name=\"twitter:data1\" content=\"Reda\u00e7\u00e3o\" \/>\n\t<meta name=\"twitter:label2\" content=\"Tempo estimado de leitura\" \/>\n\t<meta name=\"twitter:data2\" content=\"2 minutos\" \/>\n<script type=\"application\/ld+json\" class=\"yoast-schema-graph\">{\"@context\":\"https:\/\/schema.org\",\"@graph\":[{\"@type\":\"Article\",\"@id\":\"https:\/\/brasilnoticias.org\/site\/bahia-e-vitoria-empatam-na-fonte-nova-em-classico-movimentado-pelo-brasileirao\/#article\",\"isPartOf\":{\"@id\":\"https:\/\/brasilnoticias.org\/site\/bahia-e-vitoria-empatam-na-fonte-nova-em-classico-movimentado-pelo-brasileirao\/\"},\"author\":{\"name\":\"Reda\u00e7\u00e3o\",\"@id\":\"https:\/\/brasilnoticias.org\/site\/#\/schema\/person\/03bbbfe6c7634ad18c26444ea39049fa\"},\"headline\":\"Bahia e Vit\u00f3ria empatam na Fonte Nova em cl\u00e1ssico movimentado pelo Brasileir\u00e3o\",\"datePublished\":\"2026-03-12T11:09:39+00:00\",\"mainEntityOfPage\":{\"@id\":\"https:\/\/brasilnoticias.org\/site\/bahia-e-vitoria-empatam-na-fonte-nova-em-classico-movimentado-pelo-brasileirao\/\"},\"wordCount\":283,\"commentCount\":0,\"publisher\":{\"@id\":\"https:\/\/brasilnoticias.org\/site\/#organization\"},\"image\":{\"@id\":\"https:\/\/brasilnoticias.org\/site\/bahia-e-vitoria-empatam-na-fonte-nova-em-classico-movimentado-pelo-brasileirao\/#primaryimage\"},\"thumbnailUrl\":\"https:\/\/brasilnoticias.org\/site\/wp-content\/uploads\/2026\/03\/55142897473_dbbd518d18_h.jpg\",\"articleSection\":[\"Esporte\",\"\u00daltimas\"],\"inLanguage\":\"pt-PT\",\"potentialAction\":[{\"@type\":\"CommentAction\",\"name\":\"Comment\",\"target\":[\"https:\/\/brasilnoticias.org\/site\/bahia-e-vitoria-empatam-na-fonte-nova-em-classico-movimentado-pelo-brasileirao\/#respond\"]}]},{\"@type\":\"WebPage\",\"@id\":\"https:\/\/brasilnoticias.org\/site\/bahia-e-vitoria-empatam-na-fonte-nova-em-classico-movimentado-pelo-brasileirao\/\",\"url\":\"https:\/\/brasilnoticias.org\/site\/bahia-e-vitoria-empatam-na-fonte-nova-em-classico-movimentado-pelo-brasileirao\/\",\"name\":\"Bahia e Vit\u00f3ria empatam na Fonte Nova em cl\u00e1ssico movimentado pelo Brasileir\u00e3o - Brasil not\u00edcias\",\"isPartOf\":{\"@id\":\"https:\/\/brasilnoticias.org\/site\/#website\"},\"primaryImageOfPage\":{\"@id\":\"https:\/\/brasilnoticias.org\/site\/bahia-e-vitoria-empatam-na-fonte-nova-em-classico-movimentado-pelo-brasileirao\/#primaryimage\"},\"image\":{\"@id\":\"https:\/\/brasilnoticias.org\/site\/bahia-e-vitoria-empatam-na-fonte-nova-em-classico-movimentado-pelo-brasileirao\/#primaryimage\"},\"thumbnailUrl\":\"https:\/\/brasilnoticias.org\/site\/wp-content\/uploads\/2026\/03\/55142897473_dbbd518d18_h.jpg\",\"datePublished\":\"2026-03-12T11:09:39+00:00\",\"breadcrumb\":{\"@id\":\"https:\/\/brasilnoticias.org\/site\/bahia-e-vitoria-empatam-na-fonte-nova-em-classico-movimentado-pelo-brasileirao\/#breadcrumb\"},\"inLanguage\":\"pt-PT\",\"potentialAction\":[{\"@type\":\"ReadAction\",\"target\":[\"https:\/\/brasilnoticias.org\/site\/bahia-e-vitoria-empatam-na-fonte-nova-em-classico-movimentado-pelo-brasileirao\/\"]}]},{\"@type\":\"ImageObject\",\"inLanguage\":\"pt-PT\",\"@id\":\"https:\/\/brasilnoticias.org\/site\/bahia-e-vitoria-empatam-na-fonte-nova-em-classico-movimentado-pelo-brasileirao\/#primaryimage\",\"url\":\"https:\/\/brasilnoticias.org\/site\/wp-content\/uploads\/2026\/03\/55142897473_dbbd518d18_h.jpg\",\"contentUrl\":\"https:\/\/brasilnoticias.org\/site\/wp-content\/uploads\/2026\/03\/55142897473_dbbd518d18_h.jpg\",\"width\":1600,\"height\":1067,\"caption\":\"Rafael Rodrigues\/EC Bahia\"},{\"@type\":\"BreadcrumbList\",\"@id\":\"https:\/\/brasilnoticias.org\/site\/bahia-e-vitoria-empatam-na-fonte-nova-em-classico-movimentado-pelo-brasileirao\/#breadcrumb\",\"itemListElement\":[{\"@type\":\"ListItem\",\"position\":1,\"name\":\"In\u00edcio\",\"item\":\"https:\/\/brasilnoticias.org\/site\/\"},{\"@type\":\"ListItem\",\"position\":2,\"name\":\"Bahia e Vit\u00f3ria empatam na Fonte Nova em cl\u00e1ssico movimentado pelo Brasileir\u00e3o\"}]},{\"@type\":\"WebSite\",\"@id\":\"https:\/\/brasilnoticias.org\/site\/#website\",\"url\":\"https:\/\/brasilnoticias.org\/site\/\",\"name\":\"Brasil not\u00edcias\",\"description\":\"Brasil not\u00edcias\",\"publisher\":{\"@id\":\"https:\/\/brasilnoticias.org\/site\/#organization\"},\"potentialAction\":[{\"@type\":\"SearchAction\",\"target\":{\"@type\":\"EntryPoint\",\"urlTemplate\":\"https:\/\/brasilnoticias.org\/site\/?s={search_term_string}\"},\"query-input\":{\"@type\":\"PropertyValueSpecification\",\"valueRequired\":true,\"valueName\":\"search_term_string\"}}],\"inLanguage\":\"pt-PT\"},{\"@type\":\"Organization\",\"@id\":\"https:\/\/brasilnoticias.org\/site\/#organization\",\"name\":\"Brasil not\u00edcias\",\"url\":\"https:\/\/brasilnoticias.org\/site\/\",\"logo\":{\"@type\":\"ImageObject\",\"inLanguage\":\"pt-PT\",\"@id\":\"https:\/\/brasilnoticias.org\/site\/#\/schema\/logo\/image\/\",\"url\":\"https:\/\/brasilnoticias.org\/site\/wp-content\/uploads\/2022\/05\/cropped-brasilnoticias-mini.jpg\",\"contentUrl\":\"https:\/\/brasilnoticias.org\/site\/wp-content\/uploads\/2022\/05\/cropped-brasilnoticias-mini.jpg\",\"width\":314,\"height\":86,\"caption\":\"Brasil not\u00edcias\"},\"image\":{\"@id\":\"https:\/\/brasilnoticias.org\/site\/#\/schema\/logo\/image\/\"}},{\"@type\":\"Person\",\"@id\":\"https:\/\/brasilnoticias.org\/site\/#\/schema\/person\/03bbbfe6c7634ad18c26444ea39049fa\",\"name\":\"Reda\u00e7\u00e3o\",\"image\":{\"@type\":\"ImageObject\",\"inLanguage\":\"pt-PT\",\"@id\":\"https:\/\/brasilnoticias.org\/site\/#\/schema\/person\/image\/\",\"url\":\"https:\/\/secure.gravatar.com\/avatar\/9ecaf7327a696cb23ad926fedded5f1f04d7049de9e445375d55b48c001a6e42?s=96&d=mm&r=g\",\"contentUrl\":\"https:\/\/secure.gravatar.com\/avatar\/9ecaf7327a696cb23ad926fedded5f1f04d7049de9e445375d55b48c001a6e42?s=96&d=mm&r=g\",\"caption\":\"Reda\u00e7\u00e3o\"},\"url\":\"https:\/\/brasilnoticias.org\/site\/author\/henrique\/\"}]}<\/script>\n<!-- \/ Yoast SEO plugin. -->","yoast_head_json":{"title":"Bahia e Vit\u00f3ria empatam na Fonte Nova em cl\u00e1ssico movimentado pelo Brasileir\u00e3o - Brasil not\u00edcias","robots":{"index":"index","follow":"follow","max-snippet":"max-snippet:-1","max-image-preview":"max-image-preview:large","max-video-preview":"max-video-preview:-1"},"canonical":"https:\/\/brasilnoticias.org\/site\/bahia-e-vitoria-empatam-na-fonte-nova-em-classico-movimentado-pelo-brasileirao\/","og_locale":"pt_PT","og_type":"article","og_title":"Bahia e Vit\u00f3ria empatam na Fonte Nova em cl\u00e1ssico movimentado pelo Brasileir\u00e3o - Brasil not\u00edcias","og_description":"Subt\u00edtulo Cl\u00e1ssico baiano teve primeiro tempo intenso, com boas chances para os dois lados, mas terminou sem vencedor. Mat\u00e9ria O","og_url":"https:\/\/brasilnoticias.org\/site\/bahia-e-vitoria-empatam-na-fonte-nova-em-classico-movimentado-pelo-brasileirao\/","og_site_name":"Brasil not\u00edcias","article_published_time":"2026-03-12T11:09:39+00:00","og_image":[{"width":1600,"height":1067,"url":"https:\/\/brasilnoticias.org\/site\/wp-content\/uploads\/2026\/03\/55142897473_dbbd518d18_h.jpg","type":"image\/jpeg"}],"author":"Reda\u00e7\u00e3o","twitter_card":"summary_large_image","twitter_misc":{"Escrito por":"Reda\u00e7\u00e3o","Tempo estimado de leitura":"2 minutos"},"schema":{"@context":"https:\/\/schema.org","@graph":[{"@type":"Article","@id":"https:\/\/brasilnoticias.org\/site\/bahia-e-vitoria-empatam-na-fonte-nova-em-classico-movimentado-pelo-brasileirao\/#article","isPartOf":{"@id":"https:\/\/brasilnoticias.org\/site\/bahia-e-vitoria-empatam-na-fonte-nova-em-classico-movimentado-pelo-brasileirao\/"},"author":{"name":"Reda\u00e7\u00e3o","@id":"https:\/\/brasilnoticias.org\/site\/#\/schema\/person\/03bbbfe6c7634ad18c26444ea39049fa"},"headline":"Bahia e Vit\u00f3ria empatam na Fonte Nova em cl\u00e1ssico movimentado pelo Brasileir\u00e3o","datePublished":"2026-03-12T11:09:39+00:00","mainEntityOfPage":{"@id":"https:\/\/brasilnoticias.org\/site\/bahia-e-vitoria-empatam-na-fonte-nova-em-classico-movimentado-pelo-brasileirao\/"},"wordCount":283,"commentCount":0,"publisher":{"@id":"https:\/\/brasilnoticias.org\/site\/#organization"},"image":{"@id":"https:\/\/brasilnoticias.org\/site\/bahia-e-vitoria-empatam-na-fonte-nova-em-classico-movimentado-pelo-brasileirao\/#primaryimage"},"thumbnailUrl":"https:\/\/brasilnoticias.org\/site\/wp-content\/uploads\/2026\/03\/55142897473_dbbd518d18_h.jpg","articleSection":["Esporte","\u00daltimas"],"inLanguage":"pt-PT","potentialAction":[{"@type":"CommentAction","name":"Comment","target":["https:\/\/brasilnoticias.org\/site\/bahia-e-vitoria-empatam-na-fonte-nova-em-classico-movimentado-pelo-brasileirao\/#respond"]}]},{"@type":"WebPage","@id":"https:\/\/brasilnoticias.org\/site\/bahia-e-vitoria-empatam-na-fonte-nova-em-classico-movimentado-pelo-brasileirao\/","url":"https:\/\/brasilnoticias.org\/site\/bahia-e-vitoria-empatam-na-fonte-nova-em-classico-movimentado-pelo-brasileirao\/","name":"Bahia e Vit\u00f3ria empatam na Fonte Nova em cl\u00e1ssico movimentado pelo Brasileir\u00e3o - Brasil not\u00edcias","isPartOf":{"@id":"https:\/\/brasilnoticias.org\/site\/#website"},"primaryImageOfPage":{"@id":"https:\/\/brasilnoticias.org\/site\/bahia-e-vitoria-empatam-na-fonte-nova-em-classico-movimentado-pelo-brasileirao\/#primaryimage"},"image":{"@id":"https:\/\/brasilnoticias.org\/site\/bahia-e-vitoria-empatam-na-fonte-nova-em-classico-movimentado-pelo-brasileirao\/#primaryimage"},"thumbnailUrl":"https:\/\/brasilnoticias.org\/site\/wp-content\/uploads\/2026\/03\/55142897473_dbbd518d18_h.jpg","datePublished":"2026-03-12T11:09:39+00:00","breadcrumb":{"@id":"https:\/\/brasilnoticias.org\/site\/bahia-e-vitoria-empatam-na-fonte-nova-em-classico-movimentado-pelo-brasileirao\/#breadcrumb"},"inLanguage":"pt-PT","potentialAction":[{"@type":"ReadAction","target":["https:\/\/brasilnoticias.org\/site\/bahia-e-vitoria-empatam-na-fonte-nova-em-classico-movimentado-pelo-brasileirao\/"]}]},{"@type":"ImageObject","inLanguage":"pt-PT","@id":"https:\/\/brasilnoticias.org\/site\/bahia-e-vitoria-empatam-na-fonte-nova-em-classico-movimentado-pelo-brasileirao\/#primaryimage","url":"https:\/\/brasilnoticias.org\/site\/wp-content\/uploads\/2026\/03\/55142897473_dbbd518d18_h.jpg","contentUrl":"https:\/\/brasilnoticias.org\/site\/wp-content\/uploads\/2026\/03\/55142897473_dbbd518d18_h.jpg","width":1600,"height":1067,"caption":"Rafael Rodrigues\/EC Bahia"},{"@type":"BreadcrumbList","@id":"https:\/\/brasilnoticias.org\/site\/bahia-e-vitoria-empatam-na-fonte-nova-em-classico-movimentado-pelo-brasileirao\/#breadcrumb","itemListElement":[{"@type":"ListItem","position":1,"name":"In\u00edcio","item":"https:\/\/brasilnoticias.org\/site\/"},{"@type":"ListItem","position":2,"name":"Bahia e Vit\u00f3ria empatam na Fonte Nova em cl\u00e1ssico movimentado pelo Brasileir\u00e3o"}]},{"@type":"WebSite","@id":"https:\/\/brasilnoticias.org\/site\/#website","url":"https:\/\/brasilnoticias.org\/site\/","name":"Brasil not\u00edcias","description":"Brasil not\u00edcias","publisher":{"@id":"https:\/\/brasilnoticias.org\/site\/#organization"},"potentialAction":[{"@type":"SearchAction","target":{"@type":"EntryPoint","urlTemplate":"https:\/\/brasilnoticias.org\/site\/?s={search_term_string}"},"query-input":{"@type":"PropertyValueSpecification","valueRequired":true,"valueName":"search_term_string"}}],"inLanguage":"pt-PT"},{"@type":"Organization","@id":"https:\/\/brasilnoticias.org\/site\/#organization","name":"Brasil not\u00edcias","url":"https:\/\/brasilnoticias.org\/site\/","logo":{"@type":"ImageObject","inLanguage":"pt-PT","@id":"https:\/\/brasilnoticias.org\/site\/#\/schema\/logo\/image\/","url":"https:\/\/brasilnoticias.org\/site\/wp-content\/uploads\/2022\/05\/cropped-brasilnoticias-mini.jpg","contentUrl":"https:\/\/brasilnoticias.org\/site\/wp-content\/uploads\/2022\/05\/cropped-brasilnoticias-mini.jpg","width":314,"height":86,"caption":"Brasil not\u00edcias"},"image":{"@id":"https:\/\/brasilnoticias.org\/site\/#\/schema\/logo\/image\/"}},{"@type":"Person","@id":"https:\/\/brasilnoticias.org\/site\/#\/schema\/person\/03bbbfe6c7634ad18c26444ea39049fa","name":"Reda\u00e7\u00e3o","image":{"@type":"ImageObject","inLanguage":"pt-PT","@id":"https:\/\/brasilnoticias.org\/site\/#\/schema\/person\/image\/","url":"https:\/\/secure.gravatar.com\/avatar\/9ecaf7327a696cb23ad926fedded5f1f04d7049de9e445375d55b48c001a6e42?s=96&d=mm&r=g","contentUrl":"https:\/\/secure.gravatar.com\/avatar\/9ecaf7327a696cb23ad926fedded5f1f04d7049de9e445375d55b48c001a6e42?s=96&d=mm&r=g","caption":"Reda\u00e7\u00e3o"},"url":"https:\/\/brasilnoticias.org\/site\/author\/henrique\/"}]}},"_links":{"self":[{"href":"https:\/\/brasilnoticias.org\/site\/wp-json\/wp\/v2\/posts\/20904","targetHints":{"allow":["GET"]}}],"collection":[{"href":"https:\/\/brasilnoticias.org\/site\/wp-json\/wp\/v2\/posts"}],"about":[{"href":"https:\/\/brasilnoticias.org\/site\/wp-json\/wp\/v2\/types\/post"}],"author":[{"embeddable":true,"href":"https:\/\/brasilnoticias.org\/site\/wp-json\/wp\/v2\/users\/4"}],"replies":[{"embeddable":true,"href":"https:\/\/brasilnoticias.org\/site\/wp-json\/wp\/v2\/comments?post=20904"}],"version-history":[{"count":1,"href":"https:\/\/brasilnoticias.org\/site\/wp-json\/wp\/v2\/posts\/20904\/revisions"}],"predecessor-version":[{"id":20906,"href":"https:\/\/brasilnoticias.org\/site\/wp-json\/wp\/v2\/posts\/20904\/revisions\/20906"}],"wp:featuredmedia":[{"embeddable":true,"href":"https:\/\/brasilnoticias.org\/site\/wp-json\/wp\/v2\/media\/20905"}],"wp:attachment":[{"href":"https:\/\/brasilnoticias.org\/site\/wp-json\/wp\/v2\/media?parent=20904"}],"wp:term":[{"taxonomy":"category","embeddable":true,"href":"https:\/\/brasilnoticias.org\/site\/wp-json\/wp\/v2\/categories?post=20904"},{"taxonomy":"post_tag","embeddable":true,"href":"https:\/\/brasilnoticias.org\/site\/wp-json\/wp\/v2\/tags?post=20904"}],"curies":[{"name":"wp","href":"https:\/\/api.w.org\/{rel}","templated":true}]}}