{"id":20907,"date":"2026-03-12T08:14:36","date_gmt":"2026-03-12T11:14:36","guid":{"rendered":"https:\/\/brasilnoticias.org\/site\/?p=20907"},"modified":"2026-03-12T08:14:36","modified_gmt":"2026-03-12T11:14:36","slug":"parque-de-exposicoes-tem-entraves-legais-para-construcao-de-empreendimentos-residenciais-em-salvador","status":"publish","type":"post","link":"https:\/\/brasilnoticias.org\/site\/parque-de-exposicoes-tem-entraves-legais-para-construcao-de-empreendimentos-residenciais-em-salvador\/","title":{"rendered":"Parque de Exposi\u00e7\u00f5es tem entraves legais para constru\u00e7\u00e3o de empreendimentos residenciais em Salvador"},"content":{"rendered":"<div class=\"flex flex-col text-sm pb-25\">\n<article class=\"text-token-text-primary w-full focus:outline-none [--shadow-height:45px] has-data-writing-block:pointer-events-none has-data-writing-block:-mt-(--shadow-height) has-data-writing-block:pt-(--shadow-height) [&amp;:has([data-writing-block])&gt;*]:pointer-events-auto scroll-mt-[calc(var(--header-height)+min(200px,max(70px,20svh)))]\" dir=\"auto\" tabindex=\"-1\" data-turn-id=\"request-69afe704-e474-8333-a363-4ba559b8c4a1-6\" data-testid=\"conversation-turn-60\" data-scroll-anchor=\"true\" data-turn=\"assistant\">\n<div class=\"text-base my-auto mx-auto pb-10 [--thread-content-margin:var(--thread-content-margin-xs,calc(var(--spacing)*4))] @w-sm\/main:[--thread-content-margin:var(--thread-content-margin-sm,calc(var(--spacing)*6))] @w-lg\/main:[--thread-content-margin:var(--thread-content-margin-lg,calc(var(--spacing)*16))] px-(--thread-content-margin)\">\n<div class=\"[--thread-content-max-width:40rem] @w-lg\/main:[--thread-content-max-width:48rem] mx-auto max-w-(--thread-content-max-width) flex-1 group\/turn-messages focus-visible:outline-hidden relative flex w-full min-w-0 flex-col agent-turn\" tabindex=\"-1\">\n<div class=\"flex max-w-full flex-col gap-4 grow\">\n<div class=\"min-h-8 text-message relative flex w-full flex-col items-end gap-2 text-start break-words whitespace-normal [.text-message+&amp;]:mt-1\" dir=\"auto\" data-message-author-role=\"assistant\" data-message-id=\"2943cef3-c465-46b0-b236-5bc0a34d22a3\" data-message-model-slug=\"gpt-5-3\">\n<div class=\"flex w-full flex-col gap-1 empty:hidden\">\n<div class=\"markdown prose dark:prose-invert w-full wrap-break-word dark markdown-new-styling\">\n<h3 data-section-id=\"10hgdfd\" data-start=\"107\" data-end=\"122\">Subt\u00edtulo<\/h3>\n<p data-start=\"123\" data-end=\"261\">Legisla\u00e7\u00e3o urban\u00edstica classifica \u00e1rea como \u201czona de uso especial\u201d, o que dificulta a constru\u00e7\u00e3o de condom\u00ednios ou edif\u00edcios residenciais.<\/p>\n<h3 data-section-id=\"1l5umwd\" data-start=\"263\" data-end=\"274\">Mat\u00e9ria<\/h3>\n<p data-start=\"276\" data-end=\"498\">O terreno do <strong data-start=\"289\" data-end=\"330\"><span class=\"hover:entity-accent entity-underline inline cursor-pointer align-baseline\"><span class=\"whitespace-normal\">Parque de Exposi\u00e7\u00f5es Agropecu\u00e1rias de Salvador<\/span><\/span><\/strong>, um dos maiores espa\u00e7os para eventos da capital baiana, possui restri\u00e7\u00f5es urban\u00edsticas que podem dificultar a implanta\u00e7\u00e3o de <strong data-start=\"456\" data-end=\"488\">empreendimentos residenciais<\/strong> no local.<\/p>\n<p data-start=\"500\" data-end=\"776\">De acordo com a legisla\u00e7\u00e3o municipal de Salvador, a \u00e1rea \u00e9 classificada como <strong data-start=\"577\" data-end=\"607\">Zona de Uso Especial (ZUE)<\/strong>, categoria destinada a equipamentos espec\u00edficos e grandes complexos urbanos, o que n\u00e3o inclui automaticamente projetos de moradia.<\/p>\n<p data-start=\"778\" data-end=\"1020\">Na pr\u00e1tica, isso significa que <strong data-start=\"809\" data-end=\"905\">condom\u00ednios residenciais ou pr\u00e9dios de apartamentos n\u00e3o s\u00e3o permitidos atualmente no terreno<\/strong>, j\u00e1 que esse tipo de uso n\u00e3o est\u00e1 previsto nas regras urban\u00edsticas vigentes.<\/p>\n<h3 data-section-id=\"izgu1x\" data-start=\"1022\" data-end=\"1056\">Mudan\u00e7a dependeria de nova lei<\/h3>\n<p data-start=\"1058\" data-end=\"1278\">Para que projetos residenciais possam ser implantados na \u00e1rea, seria necess\u00e1rio <strong data-start=\"1138\" data-end=\"1169\">alterar o zoneamento urbano<\/strong>, processo que exige o envio de um projeto de lei pelo Executivo municipal e aprova\u00e7\u00e3o na C\u00e2mara de Salvador.<\/p>\n<p data-start=\"1280\" data-end=\"1510\">A legisla\u00e7\u00e3o tamb\u00e9m prev\u00ea que, caso haja mudan\u00e7a na atividade principal da \u00e1rea classificada como ZUE, <strong data-start=\"1383\" data-end=\"1471\">novos par\u00e2metros de uso e ocupa\u00e7\u00e3o do solo precisam ser definidos por lei espec\u00edfica<\/strong>.<\/p>\n<h3 data-section-id=\"1tqv8d3\" data-start=\"1512\" data-end=\"1545\">Debate sobre futuro do espa\u00e7o<\/h3>\n<p data-start=\"1547\" data-end=\"1734\">O debate sobre o destino de grandes \u00e1reas p\u00fablicas em Salvador voltou a ganhar for\u00e7a ap\u00f3s discuss\u00f5es sobre a venda ou concess\u00e3o de outros equipamentos urbanos ligados ao governo estadual.<\/p>\n<p data-start=\"1736\" data-end=\"1993\">Al\u00e9m do Parque de Exposi\u00e7\u00f5es, locais como a <strong data-start=\"1780\" data-end=\"1813\">antiga Rodovi\u00e1ria de Salvador<\/strong> e a <strong data-start=\"1818\" data-end=\"1843\">antiga sede do Detran<\/strong> tamb\u00e9m possuem regras de zoneamento espec\u00edficas que podem limitar a constru\u00e7\u00e3o de empreendimentos imobili\u00e1rios.<\/p>\n<h3 data-section-id=\"1lmldf2\" data-start=\"1995\" data-end=\"2042\">Um dos maiores espa\u00e7os de eventos da cidade<\/h3>\n<p data-start=\"2044\" data-end=\"2393\">Inaugurado em 1978, o Parque de Exposi\u00e7\u00f5es ocupa uma \u00e1rea de cerca de <strong data-start=\"2114\" data-end=\"2142\">450 mil metros quadrados<\/strong>, entre as avenidas Paralela e Dorival Caymmi, no bairro de Itapu\u00e3. O espa\u00e7o \u00e9 utilizado para grandes eventos agropecu\u00e1rios, culturais e shows, como feiras e festivais que re\u00fanem milhares de pessoas todos os anos.<\/p>\n<p data-start=\"2395\" data-end=\"2642\">Com o crescimento do mercado imobili\u00e1rio em Salvador, o destino de \u00e1reas amplas como essa tem sido cada vez mais discutido, mas qualquer mudan\u00e7a no uso do espa\u00e7o depender\u00e1 de <strong data-start=\"2570\" data-end=\"2641\">decis\u00f5es pol\u00edticas e altera\u00e7\u00f5es na legisla\u00e7\u00e3o urban\u00edstica da cidade<\/strong>.<\/p>\n<\/div>\n<\/div>\n<\/div>\n<\/div>\n<div class=\"z-0 flex min-h-[46px] justify-start\"><\/div>\n<div class=\"mt-3 w-full empty:hidden\">\n<div class=\"text-center\"><\/div>\n<\/div>\n<\/div>\n<\/div>\n<\/article>\n<\/div>\n<div class=\"pointer-events-none h-px w-px absolute bottom-0\" aria-hidden=\"true\" data-edge=\"true\">Fonte: <a href=\"https:\/\/www.bahianoticias.com.br\/noticia\/314681-parque-de-exposicoes-tem-zoneamento-em-area-especial-e-empecilhos-para-empreendimento-residencial-entenda\">Bahia Not\u00edcias<\/a><\/div>\n","protected":false},"excerpt":{"rendered":"<p>Subt\u00edtulo Legisla\u00e7\u00e3o urban\u00edstica classifica \u00e1rea como \u201czona de uso especial\u201d, o que dificulta a constru\u00e7\u00e3o de condom\u00ednios ou edif\u00edcios residenciais.<\/p>\n","protected":false},"author":4,"featured_media":20908,"comment_status":"open","ping_status":"open","sticky":false,"template":"","format":"standard","meta":{"colormag_page_container_layout":"default_layout","colormag_page_sidebar_layout":"default_layout","_FSMCFIC_featured_image_caption":"","_FSMCFIC_featured_image_nocaption":"","_FSMCFIC_featured_image_hide":"","footnotes":""},"categories":[8,2,1],"tags":[],"class_list":["post-20907","post","type-post","status-publish","format-standard","has-post-thumbnail","hentry","category-entretenimento","category-noticias","category-ultimas"],"yoast_head":"<!-- This site is optimized with the Yoast SEO plugin v27.1.1 - https:\/\/yoast.com\/product\/yoast-seo-wordpress\/ -->\n<title>Parque de Exposi\u00e7\u00f5es tem entraves legais para constru\u00e7\u00e3o de empreendimentos residenciais em Salvador - Brasil not\u00edcias<\/title>\n<meta name=\"robots\" content=\"index, follow, max-snippet:-1, max-image-preview:large, max-video-preview:-1\" \/>\n<link rel=\"canonical\" href=\"https:\/\/brasilnoticias.org\/site\/parque-de-exposicoes-tem-entraves-legais-para-construcao-de-empreendimentos-residenciais-em-salvador\/\" \/>\n<meta property=\"og:locale\" content=\"pt_PT\" \/>\n<meta property=\"og:type\" content=\"article\" \/>\n<meta property=\"og:title\" content=\"Parque de Exposi\u00e7\u00f5es tem entraves legais para constru\u00e7\u00e3o de empreendimentos residenciais em Salvador - Brasil not\u00edcias\" \/>\n<meta property=\"og:description\" content=\"Subt\u00edtulo Legisla\u00e7\u00e3o urban\u00edstica classifica \u00e1rea como \u201czona de uso especial\u201d, o que dificulta a constru\u00e7\u00e3o de condom\u00ednios ou edif\u00edcios residenciais.\" \/>\n<meta property=\"og:url\" content=\"https:\/\/brasilnoticias.org\/site\/parque-de-exposicoes-tem-entraves-legais-para-construcao-de-empreendimentos-residenciais-em-salvador\/\" \/>\n<meta property=\"og:site_name\" content=\"Brasil not\u00edcias\" \/>\n<meta property=\"article:published_time\" content=\"2026-03-12T11:14:36+00:00\" \/>\n<meta property=\"og:image\" content=\"https:\/\/brasilnoticias.org\/site\/wp-content\/uploads\/2026\/03\/IMAGEM_NOTICIA_9-2.webp\" \/>\n\t<meta property=\"og:image:width\" content=\"1200\" \/>\n\t<meta property=\"og:image:height\" content=\"630\" \/>\n\t<meta property=\"og:image:type\" content=\"image\/webp\" \/>\n<meta name=\"author\" content=\"Reda\u00e7\u00e3o\" \/>\n<meta name=\"twitter:card\" content=\"summary_large_image\" \/>\n<meta name=\"twitter:label1\" content=\"Escrito por\" \/>\n\t<meta name=\"twitter:data1\" content=\"Reda\u00e7\u00e3o\" \/>\n\t<meta name=\"twitter:label2\" content=\"Tempo estimado de leitura\" \/>\n\t<meta name=\"twitter:data2\" content=\"3 minutos\" \/>\n<script type=\"application\/ld+json\" class=\"yoast-schema-graph\">{\"@context\":\"https:\/\/schema.org\",\"@graph\":[{\"@type\":\"Article\",\"@id\":\"https:\/\/brasilnoticias.org\/site\/parque-de-exposicoes-tem-entraves-legais-para-construcao-de-empreendimentos-residenciais-em-salvador\/#article\",\"isPartOf\":{\"@id\":\"https:\/\/brasilnoticias.org\/site\/parque-de-exposicoes-tem-entraves-legais-para-construcao-de-empreendimentos-residenciais-em-salvador\/\"},\"author\":{\"name\":\"Reda\u00e7\u00e3o\",\"@id\":\"https:\/\/brasilnoticias.org\/site\/#\/schema\/person\/03bbbfe6c7634ad18c26444ea39049fa\"},\"headline\":\"Parque de Exposi\u00e7\u00f5es tem entraves legais para constru\u00e7\u00e3o de empreendimentos residenciais em Salvador\",\"datePublished\":\"2026-03-12T11:14:36+00:00\",\"mainEntityOfPage\":{\"@id\":\"https:\/\/brasilnoticias.org\/site\/parque-de-exposicoes-tem-entraves-legais-para-construcao-de-empreendimentos-residenciais-em-salvador\/\"},\"wordCount\":425,\"commentCount\":0,\"publisher\":{\"@id\":\"https:\/\/brasilnoticias.org\/site\/#organization\"},\"image\":{\"@id\":\"https:\/\/brasilnoticias.org\/site\/parque-de-exposicoes-tem-entraves-legais-para-construcao-de-empreendimentos-residenciais-em-salvador\/#primaryimage\"},\"thumbnailUrl\":\"https:\/\/brasilnoticias.org\/site\/wp-content\/uploads\/2026\/03\/IMAGEM_NOTICIA_9-2.webp\",\"articleSection\":[\"Entretenimento\",\"Not\u00edcias\",\"\u00daltimas\"],\"inLanguage\":\"pt-PT\",\"potentialAction\":[{\"@type\":\"CommentAction\",\"name\":\"Comment\",\"target\":[\"https:\/\/brasilnoticias.org\/site\/parque-de-exposicoes-tem-entraves-legais-para-construcao-de-empreendimentos-residenciais-em-salvador\/#respond\"]}]},{\"@type\":\"WebPage\",\"@id\":\"https:\/\/brasilnoticias.org\/site\/parque-de-exposicoes-tem-entraves-legais-para-construcao-de-empreendimentos-residenciais-em-salvador\/\",\"url\":\"https:\/\/brasilnoticias.org\/site\/parque-de-exposicoes-tem-entraves-legais-para-construcao-de-empreendimentos-residenciais-em-salvador\/\",\"name\":\"Parque de Exposi\u00e7\u00f5es tem entraves legais para constru\u00e7\u00e3o de empreendimentos residenciais em Salvador - Brasil not\u00edcias\",\"isPartOf\":{\"@id\":\"https:\/\/brasilnoticias.org\/site\/#website\"},\"primaryImageOfPage\":{\"@id\":\"https:\/\/brasilnoticias.org\/site\/parque-de-exposicoes-tem-entraves-legais-para-construcao-de-empreendimentos-residenciais-em-salvador\/#primaryimage\"},\"image\":{\"@id\":\"https:\/\/brasilnoticias.org\/site\/parque-de-exposicoes-tem-entraves-legais-para-construcao-de-empreendimentos-residenciais-em-salvador\/#primaryimage\"},\"thumbnailUrl\":\"https:\/\/brasilnoticias.org\/site\/wp-content\/uploads\/2026\/03\/IMAGEM_NOTICIA_9-2.webp\",\"datePublished\":\"2026-03-12T11:14:36+00:00\",\"breadcrumb\":{\"@id\":\"https:\/\/brasilnoticias.org\/site\/parque-de-exposicoes-tem-entraves-legais-para-construcao-de-empreendimentos-residenciais-em-salvador\/#breadcrumb\"},\"inLanguage\":\"pt-PT\",\"potentialAction\":[{\"@type\":\"ReadAction\",\"target\":[\"https:\/\/brasilnoticias.org\/site\/parque-de-exposicoes-tem-entraves-legais-para-construcao-de-empreendimentos-residenciais-em-salvador\/\"]}]},{\"@type\":\"ImageObject\",\"inLanguage\":\"pt-PT\",\"@id\":\"https:\/\/brasilnoticias.org\/site\/parque-de-exposicoes-tem-entraves-legais-para-construcao-de-empreendimentos-residenciais-em-salvador\/#primaryimage\",\"url\":\"https:\/\/brasilnoticias.org\/site\/wp-content\/uploads\/2026\/03\/IMAGEM_NOTICIA_9-2.webp\",\"contentUrl\":\"https:\/\/brasilnoticias.org\/site\/wp-content\/uploads\/2026\/03\/IMAGEM_NOTICIA_9-2.webp\",\"width\":1200,\"height\":630,\"caption\":\"Foto: Reprodu\u00e7\u00e3o \/ Peas\"},{\"@type\":\"BreadcrumbList\",\"@id\":\"https:\/\/brasilnoticias.org\/site\/parque-de-exposicoes-tem-entraves-legais-para-construcao-de-empreendimentos-residenciais-em-salvador\/#breadcrumb\",\"itemListElement\":[{\"@type\":\"ListItem\",\"position\":1,\"name\":\"In\u00edcio\",\"item\":\"https:\/\/brasilnoticias.org\/site\/\"},{\"@type\":\"ListItem\",\"position\":2,\"name\":\"Parque de Exposi\u00e7\u00f5es tem entraves legais para constru\u00e7\u00e3o de empreendimentos residenciais em Salvador\"}]},{\"@type\":\"WebSite\",\"@id\":\"https:\/\/brasilnoticias.org\/site\/#website\",\"url\":\"https:\/\/brasilnoticias.org\/site\/\",\"name\":\"Brasil not\u00edcias\",\"description\":\"Brasil not\u00edcias\",\"publisher\":{\"@id\":\"https:\/\/brasilnoticias.org\/site\/#organization\"},\"potentialAction\":[{\"@type\":\"SearchAction\",\"target\":{\"@type\":\"EntryPoint\",\"urlTemplate\":\"https:\/\/brasilnoticias.org\/site\/?s={search_term_string}\"},\"query-input\":{\"@type\":\"PropertyValueSpecification\",\"valueRequired\":true,\"valueName\":\"search_term_string\"}}],\"inLanguage\":\"pt-PT\"},{\"@type\":\"Organization\",\"@id\":\"https:\/\/brasilnoticias.org\/site\/#organization\",\"name\":\"Brasil not\u00edcias\",\"url\":\"https:\/\/brasilnoticias.org\/site\/\",\"logo\":{\"@type\":\"ImageObject\",\"inLanguage\":\"pt-PT\",\"@id\":\"https:\/\/brasilnoticias.org\/site\/#\/schema\/logo\/image\/\",\"url\":\"https:\/\/brasilnoticias.org\/site\/wp-content\/uploads\/2022\/05\/cropped-brasilnoticias-mini.jpg\",\"contentUrl\":\"https:\/\/brasilnoticias.org\/site\/wp-content\/uploads\/2022\/05\/cropped-brasilnoticias-mini.jpg\",\"width\":314,\"height\":86,\"caption\":\"Brasil not\u00edcias\"},\"image\":{\"@id\":\"https:\/\/brasilnoticias.org\/site\/#\/schema\/logo\/image\/\"}},{\"@type\":\"Person\",\"@id\":\"https:\/\/brasilnoticias.org\/site\/#\/schema\/person\/03bbbfe6c7634ad18c26444ea39049fa\",\"name\":\"Reda\u00e7\u00e3o\",\"image\":{\"@type\":\"ImageObject\",\"inLanguage\":\"pt-PT\",\"@id\":\"https:\/\/brasilnoticias.org\/site\/#\/schema\/person\/image\/\",\"url\":\"https:\/\/secure.gravatar.com\/avatar\/9ecaf7327a696cb23ad926fedded5f1f04d7049de9e445375d55b48c001a6e42?s=96&d=mm&r=g\",\"contentUrl\":\"https:\/\/secure.gravatar.com\/avatar\/9ecaf7327a696cb23ad926fedded5f1f04d7049de9e445375d55b48c001a6e42?s=96&d=mm&r=g\",\"caption\":\"Reda\u00e7\u00e3o\"},\"url\":\"https:\/\/brasilnoticias.org\/site\/author\/henrique\/\"}]}<\/script>\n<!-- \/ Yoast SEO plugin. -->","yoast_head_json":{"title":"Parque de Exposi\u00e7\u00f5es tem entraves legais para constru\u00e7\u00e3o de empreendimentos residenciais em Salvador - Brasil not\u00edcias","robots":{"index":"index","follow":"follow","max-snippet":"max-snippet:-1","max-image-preview":"max-image-preview:large","max-video-preview":"max-video-preview:-1"},"canonical":"https:\/\/brasilnoticias.org\/site\/parque-de-exposicoes-tem-entraves-legais-para-construcao-de-empreendimentos-residenciais-em-salvador\/","og_locale":"pt_PT","og_type":"article","og_title":"Parque de Exposi\u00e7\u00f5es tem entraves legais para constru\u00e7\u00e3o de empreendimentos residenciais em Salvador - Brasil not\u00edcias","og_description":"Subt\u00edtulo Legisla\u00e7\u00e3o urban\u00edstica classifica \u00e1rea como \u201czona de uso especial\u201d, o que dificulta a constru\u00e7\u00e3o de condom\u00ednios ou edif\u00edcios residenciais.","og_url":"https:\/\/brasilnoticias.org\/site\/parque-de-exposicoes-tem-entraves-legais-para-construcao-de-empreendimentos-residenciais-em-salvador\/","og_site_name":"Brasil not\u00edcias","article_published_time":"2026-03-12T11:14:36+00:00","og_image":[{"width":1200,"height":630,"url":"https:\/\/brasilnoticias.org\/site\/wp-content\/uploads\/2026\/03\/IMAGEM_NOTICIA_9-2.webp","type":"image\/webp"}],"author":"Reda\u00e7\u00e3o","twitter_card":"summary_large_image","twitter_misc":{"Escrito por":"Reda\u00e7\u00e3o","Tempo estimado de leitura":"3 minutos"},"schema":{"@context":"https:\/\/schema.org","@graph":[{"@type":"Article","@id":"https:\/\/brasilnoticias.org\/site\/parque-de-exposicoes-tem-entraves-legais-para-construcao-de-empreendimentos-residenciais-em-salvador\/#article","isPartOf":{"@id":"https:\/\/brasilnoticias.org\/site\/parque-de-exposicoes-tem-entraves-legais-para-construcao-de-empreendimentos-residenciais-em-salvador\/"},"author":{"name":"Reda\u00e7\u00e3o","@id":"https:\/\/brasilnoticias.org\/site\/#\/schema\/person\/03bbbfe6c7634ad18c26444ea39049fa"},"headline":"Parque de Exposi\u00e7\u00f5es tem entraves legais para constru\u00e7\u00e3o de empreendimentos residenciais em Salvador","datePublished":"2026-03-12T11:14:36+00:00","mainEntityOfPage":{"@id":"https:\/\/brasilnoticias.org\/site\/parque-de-exposicoes-tem-entraves-legais-para-construcao-de-empreendimentos-residenciais-em-salvador\/"},"wordCount":425,"commentCount":0,"publisher":{"@id":"https:\/\/brasilnoticias.org\/site\/#organization"},"image":{"@id":"https:\/\/brasilnoticias.org\/site\/parque-de-exposicoes-tem-entraves-legais-para-construcao-de-empreendimentos-residenciais-em-salvador\/#primaryimage"},"thumbnailUrl":"https:\/\/brasilnoticias.org\/site\/wp-content\/uploads\/2026\/03\/IMAGEM_NOTICIA_9-2.webp","articleSection":["Entretenimento","Not\u00edcias","\u00daltimas"],"inLanguage":"pt-PT","potentialAction":[{"@type":"CommentAction","name":"Comment","target":["https:\/\/brasilnoticias.org\/site\/parque-de-exposicoes-tem-entraves-legais-para-construcao-de-empreendimentos-residenciais-em-salvador\/#respond"]}]},{"@type":"WebPage","@id":"https:\/\/brasilnoticias.org\/site\/parque-de-exposicoes-tem-entraves-legais-para-construcao-de-empreendimentos-residenciais-em-salvador\/","url":"https:\/\/brasilnoticias.org\/site\/parque-de-exposicoes-tem-entraves-legais-para-construcao-de-empreendimentos-residenciais-em-salvador\/","name":"Parque de Exposi\u00e7\u00f5es tem entraves legais para constru\u00e7\u00e3o de empreendimentos residenciais em Salvador - Brasil not\u00edcias","isPartOf":{"@id":"https:\/\/brasilnoticias.org\/site\/#website"},"primaryImageOfPage":{"@id":"https:\/\/brasilnoticias.org\/site\/parque-de-exposicoes-tem-entraves-legais-para-construcao-de-empreendimentos-residenciais-em-salvador\/#primaryimage"},"image":{"@id":"https:\/\/brasilnoticias.org\/site\/parque-de-exposicoes-tem-entraves-legais-para-construcao-de-empreendimentos-residenciais-em-salvador\/#primaryimage"},"thumbnailUrl":"https:\/\/brasilnoticias.org\/site\/wp-content\/uploads\/2026\/03\/IMAGEM_NOTICIA_9-2.webp","datePublished":"2026-03-12T11:14:36+00:00","breadcrumb":{"@id":"https:\/\/brasilnoticias.org\/site\/parque-de-exposicoes-tem-entraves-legais-para-construcao-de-empreendimentos-residenciais-em-salvador\/#breadcrumb"},"inLanguage":"pt-PT","potentialAction":[{"@type":"ReadAction","target":["https:\/\/brasilnoticias.org\/site\/parque-de-exposicoes-tem-entraves-legais-para-construcao-de-empreendimentos-residenciais-em-salvador\/"]}]},{"@type":"ImageObject","inLanguage":"pt-PT","@id":"https:\/\/brasilnoticias.org\/site\/parque-de-exposicoes-tem-entraves-legais-para-construcao-de-empreendimentos-residenciais-em-salvador\/#primaryimage","url":"https:\/\/brasilnoticias.org\/site\/wp-content\/uploads\/2026\/03\/IMAGEM_NOTICIA_9-2.webp","contentUrl":"https:\/\/brasilnoticias.org\/site\/wp-content\/uploads\/2026\/03\/IMAGEM_NOTICIA_9-2.webp","width":1200,"height":630,"caption":"Foto: Reprodu\u00e7\u00e3o \/ Peas"},{"@type":"BreadcrumbList","@id":"https:\/\/brasilnoticias.org\/site\/parque-de-exposicoes-tem-entraves-legais-para-construcao-de-empreendimentos-residenciais-em-salvador\/#breadcrumb","itemListElement":[{"@type":"ListItem","position":1,"name":"In\u00edcio","item":"https:\/\/brasilnoticias.org\/site\/"},{"@type":"ListItem","position":2,"name":"Parque de Exposi\u00e7\u00f5es tem entraves legais para constru\u00e7\u00e3o de empreendimentos residenciais em Salvador"}]},{"@type":"WebSite","@id":"https:\/\/brasilnoticias.org\/site\/#website","url":"https:\/\/brasilnoticias.org\/site\/","name":"Brasil not\u00edcias","description":"Brasil not\u00edcias","publisher":{"@id":"https:\/\/brasilnoticias.org\/site\/#organization"},"potentialAction":[{"@type":"SearchAction","target":{"@type":"EntryPoint","urlTemplate":"https:\/\/brasilnoticias.org\/site\/?s={search_term_string}"},"query-input":{"@type":"PropertyValueSpecification","valueRequired":true,"valueName":"search_term_string"}}],"inLanguage":"pt-PT"},{"@type":"Organization","@id":"https:\/\/brasilnoticias.org\/site\/#organization","name":"Brasil not\u00edcias","url":"https:\/\/brasilnoticias.org\/site\/","logo":{"@type":"ImageObject","inLanguage":"pt-PT","@id":"https:\/\/brasilnoticias.org\/site\/#\/schema\/logo\/image\/","url":"https:\/\/brasilnoticias.org\/site\/wp-content\/uploads\/2022\/05\/cropped-brasilnoticias-mini.jpg","contentUrl":"https:\/\/brasilnoticias.org\/site\/wp-content\/uploads\/2022\/05\/cropped-brasilnoticias-mini.jpg","width":314,"height":86,"caption":"Brasil not\u00edcias"},"image":{"@id":"https:\/\/brasilnoticias.org\/site\/#\/schema\/logo\/image\/"}},{"@type":"Person","@id":"https:\/\/brasilnoticias.org\/site\/#\/schema\/person\/03bbbfe6c7634ad18c26444ea39049fa","name":"Reda\u00e7\u00e3o","image":{"@type":"ImageObject","inLanguage":"pt-PT","@id":"https:\/\/brasilnoticias.org\/site\/#\/schema\/person\/image\/","url":"https:\/\/secure.gravatar.com\/avatar\/9ecaf7327a696cb23ad926fedded5f1f04d7049de9e445375d55b48c001a6e42?s=96&d=mm&r=g","contentUrl":"https:\/\/secure.gravatar.com\/avatar\/9ecaf7327a696cb23ad926fedded5f1f04d7049de9e445375d55b48c001a6e42?s=96&d=mm&r=g","caption":"Reda\u00e7\u00e3o"},"url":"https:\/\/brasilnoticias.org\/site\/author\/henrique\/"}]}},"_links":{"self":[{"href":"https:\/\/brasilnoticias.org\/site\/wp-json\/wp\/v2\/posts\/20907","targetHints":{"allow":["GET"]}}],"collection":[{"href":"https:\/\/brasilnoticias.org\/site\/wp-json\/wp\/v2\/posts"}],"about":[{"href":"https:\/\/brasilnoticias.org\/site\/wp-json\/wp\/v2\/types\/post"}],"author":[{"embeddable":true,"href":"https:\/\/brasilnoticias.org\/site\/wp-json\/wp\/v2\/users\/4"}],"replies":[{"embeddable":true,"href":"https:\/\/brasilnoticias.org\/site\/wp-json\/wp\/v2\/comments?post=20907"}],"version-history":[{"count":1,"href":"https:\/\/brasilnoticias.org\/site\/wp-json\/wp\/v2\/posts\/20907\/revisions"}],"predecessor-version":[{"id":20909,"href":"https:\/\/brasilnoticias.org\/site\/wp-json\/wp\/v2\/posts\/20907\/revisions\/20909"}],"wp:featuredmedia":[{"embeddable":true,"href":"https:\/\/brasilnoticias.org\/site\/wp-json\/wp\/v2\/media\/20908"}],"wp:attachment":[{"href":"https:\/\/brasilnoticias.org\/site\/wp-json\/wp\/v2\/media?parent=20907"}],"wp:term":[{"taxonomy":"category","embeddable":true,"href":"https:\/\/brasilnoticias.org\/site\/wp-json\/wp\/v2\/categories?post=20907"},{"taxonomy":"post_tag","embeddable":true,"href":"https:\/\/brasilnoticias.org\/site\/wp-json\/wp\/v2\/tags?post=20907"}],"curies":[{"name":"wp","href":"https:\/\/api.w.org\/{rel}","templated":true}]}}