{"id":2094,"date":"2022-11-02T15:51:39","date_gmt":"2022-11-02T18:51:39","guid":{"rendered":"https:\/\/brasilnoticias.org\/site\/?p=2094"},"modified":"2022-11-02T16:19:33","modified_gmt":"2022-11-02T19:19:33","slug":"mauro-alencar-da-oficina-de-adaptacao-literaria-para-teledramaturgia","status":"publish","type":"post","link":"https:\/\/brasilnoticias.org\/site\/mauro-alencar-da-oficina-de-adaptacao-literaria-para-teledramaturgia\/","title":{"rendered":"Mauro Alencar d\u00e1 oficina de adapta\u00e7\u00e3o liter\u00e1ria para teledramaturgia"},"content":{"rendered":"<p><img loading=\"lazy\" decoding=\"async\" class=\"alignnone size-medium wp-image-2096\" src=\"https:\/\/brasilnoticias.org\/site\/wp-content\/uploads\/2022\/11\/7CD057C9-CFE7-4116-A76E-2110C5B74A9F-500x250.jpeg\" alt=\"\" width=\"500\" height=\"250\" srcset=\"https:\/\/brasilnoticias.org\/site\/wp-content\/uploads\/2022\/11\/7CD057C9-CFE7-4116-A76E-2110C5B74A9F-500x250.jpeg 500w, https:\/\/brasilnoticias.org\/site\/wp-content\/uploads\/2022\/11\/7CD057C9-CFE7-4116-A76E-2110C5B74A9F-768x385.jpeg 768w, https:\/\/brasilnoticias.org\/site\/wp-content\/uploads\/2022\/11\/7CD057C9-CFE7-4116-A76E-2110C5B74A9F.jpeg 1002w\" sizes=\"auto, (max-width: 500px) 100vw, 500px\" \/><\/p>\n<p>Consultor e pesquisador de telenovelas se junta a Thaiane Machado na Gera\u00e7\u00e3o Flica<\/p>\n<p>Como transformar textos de romances em um roteiro de cinema ou adapta\u00e7\u00e3o para televis\u00e3o \u00e9 o tema da Oficina de adapta\u00e7\u00e3o liter\u00e1ria para teledramaturgia que acontece no dia 3, primeiro dia da programa\u00e7\u00e3o do espa\u00e7o Gera\u00e7\u00e3o Flica. Destinado a fomenta\u00e7\u00e3o de novos leitores, o local faz parte da *Festa Liter\u00e1ria Internacional de Cachoeira (Flica), que acontece de *3 a 6 de novembro.<\/p>\n<p>Mestre e Doutor em Teledramaturgia Brasileira e Latino-Americana pela Universidade de S\u00e3o Paulo \u2013 USP, Mauro Alencar \u00e9 autor A Hollywood Brasileira &#8211; Panorama da Telenovela no Brasil (laureado na Feira de Frankfurt) e da cole\u00e7\u00e3o Grandes Novelas, membro da Academia Internacional de Artes y Ci\u00eancias da Televis\u00e3o de Nova York (EMMY) e consultor Internacional de Telenovela e S\u00e9ries de Fic\u00e7\u00e3o.<\/p>\n<p>Alencar tamb\u00e9m \u00e9 respons\u00e1vel pelas adapta\u00e7\u00f5es de Selva de Pedra, O Bem-Amado, Pecado Capital, Roque Santeiro e Vale Tudo para a cole\u00e7\u00e3o Grandes Novelas. Seu mais recente lan\u00e7amento foi o livro Um S\u00e9culo de Paulo Gracindo, o eterno Bem-Amado, escrito em parceria com Gracindo Junior. Escreveu tamb\u00e9m, com Eliana Pace, a biografia da atriz N\u00edvea Maria para a cole\u00e7\u00e3o Aplauso, da Imprensa Oficial do Estado de S\u00e3o Paulo: N\u00edvea Maria \u2013 Uma Atriz Real.<\/p>\n<p>Colaborou em livros que abordam o universo da telenovela, como o pioneiro Mem\u00f3ria da Telenovela Brasileira, de Ismael Fernandes; Roteiro de Leitura: A Escrava Isaura, de Carlos Em\u00edlio Faraco, e o Dicion\u00e1rio da TV Globo.<\/p>\n<p>\u00c9 considerado por jornais, r\u00e1dios e revistas como um dos maiores especialistas sobre telenovelas no mundo. Por sua qualifica\u00e7\u00e3o foi convidado a conhecer emissoras como a Televisa e TV Azteca (M\u00e9xico), Telemundo (Miami), Telefe (Argentina), RCN e RTI (Col\u00f4mbia), ICRT (Cuba), MBC, KBS e SBS (Coreia do Sul), NHK, Fuji TV (Jap\u00e3o), CCTV (China) e TVN M\u00e9dia (Panam\u00e1); al\u00e9m de ter prestado assessoria para as maiores emissoras de TV do Chile \u2013 TVN (Televisi\u00f3n Nacional de Chile) e Universidad Cat\u00f3lica (Canal 13).<\/p>\n<p>Suas atividades na televis\u00e3o incluem consultoria, pesquisa e reda\u00e7\u00e3o para a Rede Globo, desde 1992, e aulas de Teledramaturgia em Oficinas promovidas pela emissora onde permaneceu por quase trinta anos. \u00c9 membro da Intercom \u2013 Sociedade Brasileira de Estudos Interdisciplinares da Comunica\u00e7\u00e3o; da ALAIC \u2013 Asociaci\u00f3n Latinoamericana de Investigadores de la Comunicaci\u00f3n; da LASA \u2013 Latin American Studies Association, al\u00e9m de integrar a International Academy of Television Arts &amp; Sciences (Academia Internacional das Artes e Ci\u00eancias Televisivas), em Nova York, com participa\u00e7\u00e3o de voto no Emmy (categoria Telenovela\/ S\u00e9rie\/ Ator e Atriz).<\/p>\n<p>Gera\u00e7\u00e3o Flica &#8211; Criado para fomentar a leitura entre os jovens, \u00e9 um ambiente de muita pot\u00eancia cr\u00edtica e criativa, com o objetivo de ressoar a voz da juventude e faz\u00ea-los conversar com a literatura.<\/p>\n<p>A primeira mesa da Gera\u00e7\u00e3o Flica foi batizada de `E fora do stories, voc\u00ea est\u00e1 bem?. Mediada por Vict\u00f3ria Alves, contar\u00e1 com Claudio Thebas e Alexandre Coimbra. Jhordan Matheus e Matheus Buente est\u00e3o na Quando Fazer Rir Tamb\u00e9m \u00c9 Um Grito De Protesto.<\/p>\n<p>No dia 4*, K\u00e1tia Maria e Adriel Bispo participam do bate papo Cabelo Ruim? Que Mal Ele Te Fez? Com media\u00e7\u00e3o de Wynne Carvalho. Na sequ\u00eancia, Ludmila Singa, Jessika de Oliveira e Suellen Massena falam na mesa Estrofes, versos, poesias e outras produ\u00e7\u00f5es liter\u00e1rias, com media\u00e7\u00e3o de Val Benvindo.<\/p>\n<p>Victor Fernandes e Matheus Peleteiro abrem o dia 5 com a mesa Livros, filtros e outras formas de escrever nas redes e a media\u00e7\u00e3o de Enderson Ara\u00fajo. O dia segue com a mesa Poesia Que Conecta com Lukete e Juz\u00e9 e media\u00e7\u00e3o de Roger Ferreira. Ryane Le\u00e3o e Esteban Rodriguez est\u00e3o na `Viv\u00eancias: Versos de Coragem\u00b4 com medi\u00e7\u00e3o de Mariana Madelin.<\/p>\n<p>Sobre a Flica Com primeira edi\u00e7\u00e3o em 2011, h\u00e1 10 anos a Festa Liter\u00e1ria Internacional de Cachoeira (Flica) se estabelece como um dos principais encontros liter\u00e1rios do Brasil, tornando-se um local de reuni\u00e3o de multid\u00f5es criativas de todas as origens. A festa nasceu e se afirmou no Rec\u00f4ncavo da Bahia, no munic\u00edpio de Cachoeira, regi\u00e3o estrat\u00e9gica para o entendimento do desenvolvimento socioecon\u00f4mico e cultural do Brasil e pano de fundo para escritores como Greg\u00f3rio de Matos, Castro Alves, Jo\u00e3o Ubaldo Ribeiro e Jorge Amado. O evento \u00e9 uma realiza\u00e7\u00e3o da Funda\u00e7\u00e3o Hansen Bahia em parceria com a CALI &#8211; Cachoeira Liter\u00e1ria, conta com o patroc\u00ednio da Bahiag\u00e1s e do Estado da Bahia e tem a LDM como livraria oficial, com apoio da Prefeitura de Cachoeira, Universidade Federal do Rec\u00f4ncavo da Bahia -UFRB e Instituto Ibirapitanga.<\/p>\n<p>Agenda<br \/>\n10\u00aa edi\u00e7\u00e3o Festa Liter\u00e1ria Internacional de Cachoeira \u2013 FLICA<br \/>\nQuando: 03 a 06 de novembro (quinta-feira \u00e1 domingo)<br \/>\nAberto ao P\u00fablico<\/p>\n<p>Rede social<br \/>\nSite Oficial: https:\/\/flica.com.br\/<br \/>\nInstagram: https:\/\/instagram.com\/flicaoficial?igshid=YmMyMTA2M2Y=<br \/>\nFacebook: https:\/\/web.facebook.com\/FlicaOficial\/?_rdc=1&amp;_rdr<br \/>\nYoutube: https:\/\/youtube.com\/c\/FlicaOficial<\/p>\n<p>&nbsp;<\/p>\n","protected":false},"excerpt":{"rendered":"<p>Consultor e pesquisador de telenovelas se junta a Thaiane Machado na Gera\u00e7\u00e3o Flica Como transformar textos de romances em um<\/p>\n","protected":false},"author":2,"featured_media":2095,"comment_status":"open","ping_status":"open","sticky":false,"template":"","format":"standard","meta":{"colormag_page_container_layout":"default_layout","colormag_page_sidebar_layout":"default_layout","_FSMCFIC_featured_image_caption":"","_FSMCFIC_featured_image_nocaption":"","_FSMCFIC_featured_image_hide":"","footnotes":""},"categories":[2,1],"tags":[],"class_list":["post-2094","post","type-post","status-publish","format-standard","has-post-thumbnail","hentry","category-noticias","category-ultimas"],"yoast_head":"<!-- This site is optimized with the Yoast SEO plugin v27.1.1 - https:\/\/yoast.com\/product\/yoast-seo-wordpress\/ -->\n<title>Mauro Alencar d\u00e1 oficina de adapta\u00e7\u00e3o liter\u00e1ria para teledramaturgia - Brasil not\u00edcias<\/title>\n<meta name=\"robots\" content=\"index, follow, max-snippet:-1, max-image-preview:large, max-video-preview:-1\" \/>\n<link rel=\"canonical\" href=\"https:\/\/brasilnoticias.org\/site\/mauro-alencar-da-oficina-de-adaptacao-literaria-para-teledramaturgia\/\" \/>\n<meta property=\"og:locale\" content=\"pt_PT\" \/>\n<meta property=\"og:type\" content=\"article\" \/>\n<meta property=\"og:title\" content=\"Mauro Alencar d\u00e1 oficina de adapta\u00e7\u00e3o liter\u00e1ria para teledramaturgia - Brasil not\u00edcias\" \/>\n<meta property=\"og:description\" content=\"Consultor e pesquisador de telenovelas se junta a Thaiane Machado na Gera\u00e7\u00e3o Flica Como transformar textos de romances em um\" \/>\n<meta property=\"og:url\" content=\"https:\/\/brasilnoticias.org\/site\/mauro-alencar-da-oficina-de-adaptacao-literaria-para-teledramaturgia\/\" \/>\n<meta property=\"og:site_name\" content=\"Brasil not\u00edcias\" \/>\n<meta property=\"article:published_time\" content=\"2022-11-02T18:51:39+00:00\" \/>\n<meta property=\"article:modified_time\" content=\"2022-11-02T19:19:33+00:00\" \/>\n<meta property=\"og:image\" content=\"https:\/\/brasilnoticias.org\/site\/wp-content\/uploads\/2022\/11\/6EDEAC43-049C-4273-8869-AA9A069633ED.jpeg\" \/>\n\t<meta property=\"og:image:width\" content=\"1002\" \/>\n\t<meta property=\"og:image:height\" content=\"502\" \/>\n\t<meta property=\"og:image:type\" content=\"image\/jpeg\" \/>\n<meta name=\"author\" content=\"Reda\u00e7\u00e3o\" \/>\n<meta name=\"twitter:card\" content=\"summary_large_image\" \/>\n<meta name=\"twitter:label1\" content=\"Escrito por\" \/>\n\t<meta name=\"twitter:data1\" content=\"Reda\u00e7\u00e3o\" \/>\n\t<meta name=\"twitter:label2\" content=\"Tempo estimado de leitura\" \/>\n\t<meta name=\"twitter:data2\" content=\"4 minutos\" \/>\n<script type=\"application\/ld+json\" class=\"yoast-schema-graph\">{\"@context\":\"https:\/\/schema.org\",\"@graph\":[{\"@type\":\"Article\",\"@id\":\"https:\/\/brasilnoticias.org\/site\/mauro-alencar-da-oficina-de-adaptacao-literaria-para-teledramaturgia\/#article\",\"isPartOf\":{\"@id\":\"https:\/\/brasilnoticias.org\/site\/mauro-alencar-da-oficina-de-adaptacao-literaria-para-teledramaturgia\/\"},\"author\":{\"name\":\"Reda\u00e7\u00e3o\",\"@id\":\"https:\/\/brasilnoticias.org\/site\/#\/schema\/person\/f609fa847b5314f1c8b983342f34c798\"},\"headline\":\"Mauro Alencar d\u00e1 oficina de adapta\u00e7\u00e3o liter\u00e1ria para teledramaturgia\",\"datePublished\":\"2022-11-02T18:51:39+00:00\",\"dateModified\":\"2022-11-02T19:19:33+00:00\",\"mainEntityOfPage\":{\"@id\":\"https:\/\/brasilnoticias.org\/site\/mauro-alencar-da-oficina-de-adaptacao-literaria-para-teledramaturgia\/\"},\"wordCount\":870,\"commentCount\":0,\"publisher\":{\"@id\":\"https:\/\/brasilnoticias.org\/site\/#organization\"},\"image\":{\"@id\":\"https:\/\/brasilnoticias.org\/site\/mauro-alencar-da-oficina-de-adaptacao-literaria-para-teledramaturgia\/#primaryimage\"},\"thumbnailUrl\":\"https:\/\/brasilnoticias.org\/site\/wp-content\/uploads\/2022\/11\/6EDEAC43-049C-4273-8869-AA9A069633ED.jpeg\",\"articleSection\":[\"Not\u00edcias\",\"\u00daltimas\"],\"inLanguage\":\"pt-PT\",\"potentialAction\":[{\"@type\":\"CommentAction\",\"name\":\"Comment\",\"target\":[\"https:\/\/brasilnoticias.org\/site\/mauro-alencar-da-oficina-de-adaptacao-literaria-para-teledramaturgia\/#respond\"]}]},{\"@type\":\"WebPage\",\"@id\":\"https:\/\/brasilnoticias.org\/site\/mauro-alencar-da-oficina-de-adaptacao-literaria-para-teledramaturgia\/\",\"url\":\"https:\/\/brasilnoticias.org\/site\/mauro-alencar-da-oficina-de-adaptacao-literaria-para-teledramaturgia\/\",\"name\":\"Mauro Alencar d\u00e1 oficina de adapta\u00e7\u00e3o liter\u00e1ria para teledramaturgia - Brasil not\u00edcias\",\"isPartOf\":{\"@id\":\"https:\/\/brasilnoticias.org\/site\/#website\"},\"primaryImageOfPage\":{\"@id\":\"https:\/\/brasilnoticias.org\/site\/mauro-alencar-da-oficina-de-adaptacao-literaria-para-teledramaturgia\/#primaryimage\"},\"image\":{\"@id\":\"https:\/\/brasilnoticias.org\/site\/mauro-alencar-da-oficina-de-adaptacao-literaria-para-teledramaturgia\/#primaryimage\"},\"thumbnailUrl\":\"https:\/\/brasilnoticias.org\/site\/wp-content\/uploads\/2022\/11\/6EDEAC43-049C-4273-8869-AA9A069633ED.jpeg\",\"datePublished\":\"2022-11-02T18:51:39+00:00\",\"dateModified\":\"2022-11-02T19:19:33+00:00\",\"breadcrumb\":{\"@id\":\"https:\/\/brasilnoticias.org\/site\/mauro-alencar-da-oficina-de-adaptacao-literaria-para-teledramaturgia\/#breadcrumb\"},\"inLanguage\":\"pt-PT\",\"potentialAction\":[{\"@type\":\"ReadAction\",\"target\":[\"https:\/\/brasilnoticias.org\/site\/mauro-alencar-da-oficina-de-adaptacao-literaria-para-teledramaturgia\/\"]}]},{\"@type\":\"ImageObject\",\"inLanguage\":\"pt-PT\",\"@id\":\"https:\/\/brasilnoticias.org\/site\/mauro-alencar-da-oficina-de-adaptacao-literaria-para-teledramaturgia\/#primaryimage\",\"url\":\"https:\/\/brasilnoticias.org\/site\/wp-content\/uploads\/2022\/11\/6EDEAC43-049C-4273-8869-AA9A069633ED.jpeg\",\"contentUrl\":\"https:\/\/brasilnoticias.org\/site\/wp-content\/uploads\/2022\/11\/6EDEAC43-049C-4273-8869-AA9A069633ED.jpeg\",\"width\":1002,\"height\":502},{\"@type\":\"BreadcrumbList\",\"@id\":\"https:\/\/brasilnoticias.org\/site\/mauro-alencar-da-oficina-de-adaptacao-literaria-para-teledramaturgia\/#breadcrumb\",\"itemListElement\":[{\"@type\":\"ListItem\",\"position\":1,\"name\":\"In\u00edcio\",\"item\":\"https:\/\/brasilnoticias.org\/site\/\"},{\"@type\":\"ListItem\",\"position\":2,\"name\":\"Mauro Alencar d\u00e1 oficina de adapta\u00e7\u00e3o liter\u00e1ria para teledramaturgia\"}]},{\"@type\":\"WebSite\",\"@id\":\"https:\/\/brasilnoticias.org\/site\/#website\",\"url\":\"https:\/\/brasilnoticias.org\/site\/\",\"name\":\"Brasil not\u00edcias\",\"description\":\"Brasil not\u00edcias\",\"publisher\":{\"@id\":\"https:\/\/brasilnoticias.org\/site\/#organization\"},\"potentialAction\":[{\"@type\":\"SearchAction\",\"target\":{\"@type\":\"EntryPoint\",\"urlTemplate\":\"https:\/\/brasilnoticias.org\/site\/?s={search_term_string}\"},\"query-input\":{\"@type\":\"PropertyValueSpecification\",\"valueRequired\":true,\"valueName\":\"search_term_string\"}}],\"inLanguage\":\"pt-PT\"},{\"@type\":\"Organization\",\"@id\":\"https:\/\/brasilnoticias.org\/site\/#organization\",\"name\":\"Brasil not\u00edcias\",\"url\":\"https:\/\/brasilnoticias.org\/site\/\",\"logo\":{\"@type\":\"ImageObject\",\"inLanguage\":\"pt-PT\",\"@id\":\"https:\/\/brasilnoticias.org\/site\/#\/schema\/logo\/image\/\",\"url\":\"https:\/\/brasilnoticias.org\/site\/wp-content\/uploads\/2022\/05\/cropped-brasilnoticias-mini.jpg\",\"contentUrl\":\"https:\/\/brasilnoticias.org\/site\/wp-content\/uploads\/2022\/05\/cropped-brasilnoticias-mini.jpg\",\"width\":314,\"height\":86,\"caption\":\"Brasil not\u00edcias\"},\"image\":{\"@id\":\"https:\/\/brasilnoticias.org\/site\/#\/schema\/logo\/image\/\"}},{\"@type\":\"Person\",\"@id\":\"https:\/\/brasilnoticias.org\/site\/#\/schema\/person\/f609fa847b5314f1c8b983342f34c798\",\"name\":\"Reda\u00e7\u00e3o\",\"image\":{\"@type\":\"ImageObject\",\"inLanguage\":\"pt-PT\",\"@id\":\"https:\/\/brasilnoticias.org\/site\/#\/schema\/person\/image\/\",\"url\":\"https:\/\/secure.gravatar.com\/avatar\/447284c06c1ad8b46465a36de9cd0d8326b73387a22799b8b1ffb1fbcff2ed0c?s=96&d=mm&r=g\",\"contentUrl\":\"https:\/\/secure.gravatar.com\/avatar\/447284c06c1ad8b46465a36de9cd0d8326b73387a22799b8b1ffb1fbcff2ed0c?s=96&d=mm&r=g\",\"caption\":\"Reda\u00e7\u00e3o\"},\"url\":\"https:\/\/brasilnoticias.org\/site\/author\/redacao\/\"}]}<\/script>\n<!-- \/ Yoast SEO plugin. -->","yoast_head_json":{"title":"Mauro Alencar d\u00e1 oficina de adapta\u00e7\u00e3o liter\u00e1ria para teledramaturgia - Brasil not\u00edcias","robots":{"index":"index","follow":"follow","max-snippet":"max-snippet:-1","max-image-preview":"max-image-preview:large","max-video-preview":"max-video-preview:-1"},"canonical":"https:\/\/brasilnoticias.org\/site\/mauro-alencar-da-oficina-de-adaptacao-literaria-para-teledramaturgia\/","og_locale":"pt_PT","og_type":"article","og_title":"Mauro Alencar d\u00e1 oficina de adapta\u00e7\u00e3o liter\u00e1ria para teledramaturgia - Brasil not\u00edcias","og_description":"Consultor e pesquisador de telenovelas se junta a Thaiane Machado na Gera\u00e7\u00e3o Flica Como transformar textos de romances em um","og_url":"https:\/\/brasilnoticias.org\/site\/mauro-alencar-da-oficina-de-adaptacao-literaria-para-teledramaturgia\/","og_site_name":"Brasil not\u00edcias","article_published_time":"2022-11-02T18:51:39+00:00","article_modified_time":"2022-11-02T19:19:33+00:00","og_image":[{"width":1002,"height":502,"url":"https:\/\/brasilnoticias.org\/site\/wp-content\/uploads\/2022\/11\/6EDEAC43-049C-4273-8869-AA9A069633ED.jpeg","type":"image\/jpeg"}],"author":"Reda\u00e7\u00e3o","twitter_card":"summary_large_image","twitter_misc":{"Escrito por":"Reda\u00e7\u00e3o","Tempo estimado de leitura":"4 minutos"},"schema":{"@context":"https:\/\/schema.org","@graph":[{"@type":"Article","@id":"https:\/\/brasilnoticias.org\/site\/mauro-alencar-da-oficina-de-adaptacao-literaria-para-teledramaturgia\/#article","isPartOf":{"@id":"https:\/\/brasilnoticias.org\/site\/mauro-alencar-da-oficina-de-adaptacao-literaria-para-teledramaturgia\/"},"author":{"name":"Reda\u00e7\u00e3o","@id":"https:\/\/brasilnoticias.org\/site\/#\/schema\/person\/f609fa847b5314f1c8b983342f34c798"},"headline":"Mauro Alencar d\u00e1 oficina de adapta\u00e7\u00e3o liter\u00e1ria para teledramaturgia","datePublished":"2022-11-02T18:51:39+00:00","dateModified":"2022-11-02T19:19:33+00:00","mainEntityOfPage":{"@id":"https:\/\/brasilnoticias.org\/site\/mauro-alencar-da-oficina-de-adaptacao-literaria-para-teledramaturgia\/"},"wordCount":870,"commentCount":0,"publisher":{"@id":"https:\/\/brasilnoticias.org\/site\/#organization"},"image":{"@id":"https:\/\/brasilnoticias.org\/site\/mauro-alencar-da-oficina-de-adaptacao-literaria-para-teledramaturgia\/#primaryimage"},"thumbnailUrl":"https:\/\/brasilnoticias.org\/site\/wp-content\/uploads\/2022\/11\/6EDEAC43-049C-4273-8869-AA9A069633ED.jpeg","articleSection":["Not\u00edcias","\u00daltimas"],"inLanguage":"pt-PT","potentialAction":[{"@type":"CommentAction","name":"Comment","target":["https:\/\/brasilnoticias.org\/site\/mauro-alencar-da-oficina-de-adaptacao-literaria-para-teledramaturgia\/#respond"]}]},{"@type":"WebPage","@id":"https:\/\/brasilnoticias.org\/site\/mauro-alencar-da-oficina-de-adaptacao-literaria-para-teledramaturgia\/","url":"https:\/\/brasilnoticias.org\/site\/mauro-alencar-da-oficina-de-adaptacao-literaria-para-teledramaturgia\/","name":"Mauro Alencar d\u00e1 oficina de adapta\u00e7\u00e3o liter\u00e1ria para teledramaturgia - Brasil not\u00edcias","isPartOf":{"@id":"https:\/\/brasilnoticias.org\/site\/#website"},"primaryImageOfPage":{"@id":"https:\/\/brasilnoticias.org\/site\/mauro-alencar-da-oficina-de-adaptacao-literaria-para-teledramaturgia\/#primaryimage"},"image":{"@id":"https:\/\/brasilnoticias.org\/site\/mauro-alencar-da-oficina-de-adaptacao-literaria-para-teledramaturgia\/#primaryimage"},"thumbnailUrl":"https:\/\/brasilnoticias.org\/site\/wp-content\/uploads\/2022\/11\/6EDEAC43-049C-4273-8869-AA9A069633ED.jpeg","datePublished":"2022-11-02T18:51:39+00:00","dateModified":"2022-11-02T19:19:33+00:00","breadcrumb":{"@id":"https:\/\/brasilnoticias.org\/site\/mauro-alencar-da-oficina-de-adaptacao-literaria-para-teledramaturgia\/#breadcrumb"},"inLanguage":"pt-PT","potentialAction":[{"@type":"ReadAction","target":["https:\/\/brasilnoticias.org\/site\/mauro-alencar-da-oficina-de-adaptacao-literaria-para-teledramaturgia\/"]}]},{"@type":"ImageObject","inLanguage":"pt-PT","@id":"https:\/\/brasilnoticias.org\/site\/mauro-alencar-da-oficina-de-adaptacao-literaria-para-teledramaturgia\/#primaryimage","url":"https:\/\/brasilnoticias.org\/site\/wp-content\/uploads\/2022\/11\/6EDEAC43-049C-4273-8869-AA9A069633ED.jpeg","contentUrl":"https:\/\/brasilnoticias.org\/site\/wp-content\/uploads\/2022\/11\/6EDEAC43-049C-4273-8869-AA9A069633ED.jpeg","width":1002,"height":502},{"@type":"BreadcrumbList","@id":"https:\/\/brasilnoticias.org\/site\/mauro-alencar-da-oficina-de-adaptacao-literaria-para-teledramaturgia\/#breadcrumb","itemListElement":[{"@type":"ListItem","position":1,"name":"In\u00edcio","item":"https:\/\/brasilnoticias.org\/site\/"},{"@type":"ListItem","position":2,"name":"Mauro Alencar d\u00e1 oficina de adapta\u00e7\u00e3o liter\u00e1ria para teledramaturgia"}]},{"@type":"WebSite","@id":"https:\/\/brasilnoticias.org\/site\/#website","url":"https:\/\/brasilnoticias.org\/site\/","name":"Brasil not\u00edcias","description":"Brasil not\u00edcias","publisher":{"@id":"https:\/\/brasilnoticias.org\/site\/#organization"},"potentialAction":[{"@type":"SearchAction","target":{"@type":"EntryPoint","urlTemplate":"https:\/\/brasilnoticias.org\/site\/?s={search_term_string}"},"query-input":{"@type":"PropertyValueSpecification","valueRequired":true,"valueName":"search_term_string"}}],"inLanguage":"pt-PT"},{"@type":"Organization","@id":"https:\/\/brasilnoticias.org\/site\/#organization","name":"Brasil not\u00edcias","url":"https:\/\/brasilnoticias.org\/site\/","logo":{"@type":"ImageObject","inLanguage":"pt-PT","@id":"https:\/\/brasilnoticias.org\/site\/#\/schema\/logo\/image\/","url":"https:\/\/brasilnoticias.org\/site\/wp-content\/uploads\/2022\/05\/cropped-brasilnoticias-mini.jpg","contentUrl":"https:\/\/brasilnoticias.org\/site\/wp-content\/uploads\/2022\/05\/cropped-brasilnoticias-mini.jpg","width":314,"height":86,"caption":"Brasil not\u00edcias"},"image":{"@id":"https:\/\/brasilnoticias.org\/site\/#\/schema\/logo\/image\/"}},{"@type":"Person","@id":"https:\/\/brasilnoticias.org\/site\/#\/schema\/person\/f609fa847b5314f1c8b983342f34c798","name":"Reda\u00e7\u00e3o","image":{"@type":"ImageObject","inLanguage":"pt-PT","@id":"https:\/\/brasilnoticias.org\/site\/#\/schema\/person\/image\/","url":"https:\/\/secure.gravatar.com\/avatar\/447284c06c1ad8b46465a36de9cd0d8326b73387a22799b8b1ffb1fbcff2ed0c?s=96&d=mm&r=g","contentUrl":"https:\/\/secure.gravatar.com\/avatar\/447284c06c1ad8b46465a36de9cd0d8326b73387a22799b8b1ffb1fbcff2ed0c?s=96&d=mm&r=g","caption":"Reda\u00e7\u00e3o"},"url":"https:\/\/brasilnoticias.org\/site\/author\/redacao\/"}]}},"_links":{"self":[{"href":"https:\/\/brasilnoticias.org\/site\/wp-json\/wp\/v2\/posts\/2094","targetHints":{"allow":["GET"]}}],"collection":[{"href":"https:\/\/brasilnoticias.org\/site\/wp-json\/wp\/v2\/posts"}],"about":[{"href":"https:\/\/brasilnoticias.org\/site\/wp-json\/wp\/v2\/types\/post"}],"author":[{"embeddable":true,"href":"https:\/\/brasilnoticias.org\/site\/wp-json\/wp\/v2\/users\/2"}],"replies":[{"embeddable":true,"href":"https:\/\/brasilnoticias.org\/site\/wp-json\/wp\/v2\/comments?post=2094"}],"version-history":[{"count":1,"href":"https:\/\/brasilnoticias.org\/site\/wp-json\/wp\/v2\/posts\/2094\/revisions"}],"predecessor-version":[{"id":2097,"href":"https:\/\/brasilnoticias.org\/site\/wp-json\/wp\/v2\/posts\/2094\/revisions\/2097"}],"wp:featuredmedia":[{"embeddable":true,"href":"https:\/\/brasilnoticias.org\/site\/wp-json\/wp\/v2\/media\/2095"}],"wp:attachment":[{"href":"https:\/\/brasilnoticias.org\/site\/wp-json\/wp\/v2\/media?parent=2094"}],"wp:term":[{"taxonomy":"category","embeddable":true,"href":"https:\/\/brasilnoticias.org\/site\/wp-json\/wp\/v2\/categories?post=2094"},{"taxonomy":"post_tag","embeddable":true,"href":"https:\/\/brasilnoticias.org\/site\/wp-json\/wp\/v2\/tags?post=2094"}],"curies":[{"name":"wp","href":"https:\/\/api.w.org\/{rel}","templated":true}]}}