{"id":20946,"date":"2026-03-13T08:30:46","date_gmt":"2026-03-13T11:30:46","guid":{"rendered":"https:\/\/brasilnoticias.org\/site\/?p=20946"},"modified":"2026-03-13T08:30:46","modified_gmt":"2026-03-13T11:30:46","slug":"parecer-tecnico-recomenda-demolicao-parcial-de-predio-atingido-por-explosao-no-stiep","status":"publish","type":"post","link":"https:\/\/brasilnoticias.org\/site\/parecer-tecnico-recomenda-demolicao-parcial-de-predio-atingido-por-explosao-no-stiep\/","title":{"rendered":"Parecer t\u00e9cnico recomenda demoli\u00e7\u00e3o parcial de pr\u00e9dio atingido por explos\u00e3o no Stiep"},"content":{"rendered":"<p data-start=\"107\" data-end=\"213\">Laudo aponta danos estruturais em parte do edif\u00edcio e recomenda demoli\u00e7\u00e3o controlada de \u00e1rea comprometida.<\/p>\n<h3 data-section-id=\"1l5umwd\" data-start=\"215\" data-end=\"226\">Mat\u00e9ria<\/h3>\n<p data-start=\"228\" data-end=\"610\">Um parecer t\u00e9cnico sobre as condi\u00e7\u00f5es estruturais do <strong data-start=\"281\" data-end=\"334\">bloco 105A do Conjunto Habitacional dos Banc\u00e1rios<\/strong>, no bairro do Stiep, em <strong data-start=\"359\" data-end=\"371\">Salvador<\/strong>, recomendou a <strong data-start=\"386\" data-end=\"463\">demoli\u00e7\u00e3o parcial do pr\u00e9dio atingido por uma explos\u00e3o seguida de inc\u00eandio<\/strong> no dia 27 de fevereiro. A avalia\u00e7\u00e3o foi realizada por um engenheiro estruturalista ap\u00f3s vistoria no local.<\/p>\n<p data-start=\"612\" data-end=\"855\">De acordo com o relat\u00f3rio, a demoli\u00e7\u00e3o dever\u00e1 atingir <strong data-start=\"666\" data-end=\"703\">apenas a ala esquerda do edif\u00edcio<\/strong>, incluindo os apartamentos localizados <strong data-start=\"743\" data-end=\"769\">no 2\u00ba, 3\u00ba e 4\u00ba andares<\/strong>, considerados os mais afetados pela explos\u00e3o.<\/p>\n<p data-start=\"857\" data-end=\"1199\">As demais \u00e1reas do pr\u00e9dio poder\u00e3o ser preservadas, desde que passem por <strong data-start=\"929\" data-end=\"974\">obras de recupera\u00e7\u00e3o e revis\u00e3o estrutural<\/strong>, que incluem reparos em revestimentos, pintura, inspe\u00e7\u00e3o das instala\u00e7\u00f5es el\u00e9tricas e hidr\u00e1ulicas e avalia\u00e7\u00e3o de esquadrias que possam ter sido danificadas pelo impacto e pelo inc\u00eandio.<\/p>\n<h3 data-section-id=\"1uygc17\" data-start=\"1201\" data-end=\"1225\">Medidas de seguran\u00e7a<\/h3>\n<p data-start=\"1227\" data-end=\"1526\">Como medida emergencial, a <strong data-start=\"1254\" data-end=\"1302\">Secretaria de Manuten\u00e7\u00e3o de Salvador (Seman)<\/strong> determinou o <strong data-start=\"1316\" data-end=\"1364\">isolamento do acesso ao bloco vizinho (105B)<\/strong> e o fechamento de janelas voltadas para o pr\u00e9dio atingido, com o objetivo de evitar que res\u00edduos atinjam outras unidades.<\/p>\n<p data-start=\"1528\" data-end=\"1760\">O parecer t\u00e9cnico foi encaminhado \u00e0 <strong data-start=\"1564\" data-end=\"1612\">Secretaria de Desenvolvimento Urbano (Sedur)<\/strong>, respons\u00e1vel por avaliar e conduzir o processo de demoli\u00e7\u00e3o das partes consideradas inst\u00e1veis da estrutura.<\/p>\n<h3 data-section-id=\"c6fudb\" data-start=\"1762\" data-end=\"1795\">Explos\u00e3o ocorreu em fevereiro<\/h3>\n<p data-start=\"1797\" data-end=\"2124\">A explos\u00e3o seguida de inc\u00eandio ocorreu no final de fevereiro e provocou danos significativos em parte do edif\u00edcio. Desde ent\u00e3o, equipes da prefeitura e da Defesa Civil t\u00eam realizado <strong data-start=\"1979\" data-end=\"2016\">vistorias e monitoramento da \u00e1rea<\/strong> para garantir a seguran\u00e7a dos moradores e das constru\u00e7\u00f5es vizinhas.<\/p>\n<p data-start=\"2126\" data-end=\"2274\">A demoli\u00e7\u00e3o parcial e as obras de recupera\u00e7\u00e3o devem ocorrer de forma controlada para preservar a parte do pr\u00e9dio considerada estruturalmente segura.<\/p>\n","protected":false},"excerpt":{"rendered":"<p>Laudo aponta danos estruturais em parte do edif\u00edcio e recomenda demoli\u00e7\u00e3o controlada de \u00e1rea comprometida. Mat\u00e9ria Um parecer t\u00e9cnico sobre<\/p>\n","protected":false},"author":4,"featured_media":20947,"comment_status":"open","ping_status":"open","sticky":false,"template":"","format":"standard","meta":{"colormag_page_container_layout":"default_layout","colormag_page_sidebar_layout":"default_layout","_FSMCFIC_featured_image_caption":"","_FSMCFIC_featured_image_nocaption":"","_FSMCFIC_featured_image_hide":"","footnotes":""},"categories":[2,1],"tags":[],"class_list":["post-20946","post","type-post","status-publish","format-standard","has-post-thumbnail","hentry","category-noticias","category-ultimas"],"yoast_head":"<!-- This site is optimized with the Yoast SEO plugin v27.1.1 - https:\/\/yoast.com\/product\/yoast-seo-wordpress\/ -->\n<title>Parecer t\u00e9cnico recomenda demoli\u00e7\u00e3o parcial de pr\u00e9dio atingido por explos\u00e3o no Stiep - Brasil not\u00edcias<\/title>\n<meta name=\"robots\" content=\"index, follow, max-snippet:-1, max-image-preview:large, max-video-preview:-1\" \/>\n<link rel=\"canonical\" href=\"https:\/\/brasilnoticias.org\/site\/parecer-tecnico-recomenda-demolicao-parcial-de-predio-atingido-por-explosao-no-stiep\/\" \/>\n<meta property=\"og:locale\" content=\"pt_PT\" \/>\n<meta property=\"og:type\" content=\"article\" \/>\n<meta property=\"og:title\" content=\"Parecer t\u00e9cnico recomenda demoli\u00e7\u00e3o parcial de pr\u00e9dio atingido por explos\u00e3o no Stiep - Brasil not\u00edcias\" \/>\n<meta property=\"og:description\" content=\"Laudo aponta danos estruturais em parte do edif\u00edcio e recomenda demoli\u00e7\u00e3o controlada de \u00e1rea comprometida. Mat\u00e9ria Um parecer t\u00e9cnico sobre\" \/>\n<meta property=\"og:url\" content=\"https:\/\/brasilnoticias.org\/site\/parecer-tecnico-recomenda-demolicao-parcial-de-predio-atingido-por-explosao-no-stiep\/\" \/>\n<meta property=\"og:site_name\" content=\"Brasil not\u00edcias\" \/>\n<meta property=\"article:published_time\" content=\"2026-03-13T11:30:46+00:00\" \/>\n<meta property=\"og:image\" content=\"https:\/\/brasilnoticias.org\/site\/wp-content\/uploads\/2026\/03\/179385parecer-tecnico-recomenda-demolicao-parcial-de-predio-atingido-por-explosao-no-stiep-3.jpg\" \/>\n\t<meta property=\"og:image:width\" content=\"1600\" \/>\n\t<meta property=\"og:image:height\" content=\"752\" \/>\n\t<meta property=\"og:image:type\" content=\"image\/jpeg\" \/>\n<meta name=\"author\" content=\"Reda\u00e7\u00e3o\" \/>\n<meta name=\"twitter:card\" content=\"summary_large_image\" \/>\n<meta name=\"twitter:label1\" content=\"Escrito por\" \/>\n\t<meta name=\"twitter:data1\" content=\"Reda\u00e7\u00e3o\" \/>\n\t<meta name=\"twitter:label2\" content=\"Tempo estimado de leitura\" \/>\n\t<meta name=\"twitter:data2\" content=\"2 minutos\" \/>\n<script type=\"application\/ld+json\" class=\"yoast-schema-graph\">{\"@context\":\"https:\/\/schema.org\",\"@graph\":[{\"@type\":\"Article\",\"@id\":\"https:\/\/brasilnoticias.org\/site\/parecer-tecnico-recomenda-demolicao-parcial-de-predio-atingido-por-explosao-no-stiep\/#article\",\"isPartOf\":{\"@id\":\"https:\/\/brasilnoticias.org\/site\/parecer-tecnico-recomenda-demolicao-parcial-de-predio-atingido-por-explosao-no-stiep\/\"},\"author\":{\"name\":\"Reda\u00e7\u00e3o\",\"@id\":\"https:\/\/brasilnoticias.org\/site\/#\/schema\/person\/03bbbfe6c7634ad18c26444ea39049fa\"},\"headline\":\"Parecer t\u00e9cnico recomenda demoli\u00e7\u00e3o parcial de pr\u00e9dio atingido por explos\u00e3o no Stiep\",\"datePublished\":\"2026-03-13T11:30:46+00:00\",\"mainEntityOfPage\":{\"@id\":\"https:\/\/brasilnoticias.org\/site\/parecer-tecnico-recomenda-demolicao-parcial-de-predio-atingido-por-explosao-no-stiep\/\"},\"wordCount\":336,\"commentCount\":0,\"publisher\":{\"@id\":\"https:\/\/brasilnoticias.org\/site\/#organization\"},\"image\":{\"@id\":\"https:\/\/brasilnoticias.org\/site\/parecer-tecnico-recomenda-demolicao-parcial-de-predio-atingido-por-explosao-no-stiep\/#primaryimage\"},\"thumbnailUrl\":\"https:\/\/brasilnoticias.org\/site\/wp-content\/uploads\/2026\/03\/179385parecer-tecnico-recomenda-demolicao-parcial-de-predio-atingido-por-explosao-no-stiep-3.jpg\",\"articleSection\":[\"Not\u00edcias\",\"\u00daltimas\"],\"inLanguage\":\"pt-PT\",\"potentialAction\":[{\"@type\":\"CommentAction\",\"name\":\"Comment\",\"target\":[\"https:\/\/brasilnoticias.org\/site\/parecer-tecnico-recomenda-demolicao-parcial-de-predio-atingido-por-explosao-no-stiep\/#respond\"]}]},{\"@type\":\"WebPage\",\"@id\":\"https:\/\/brasilnoticias.org\/site\/parecer-tecnico-recomenda-demolicao-parcial-de-predio-atingido-por-explosao-no-stiep\/\",\"url\":\"https:\/\/brasilnoticias.org\/site\/parecer-tecnico-recomenda-demolicao-parcial-de-predio-atingido-por-explosao-no-stiep\/\",\"name\":\"Parecer t\u00e9cnico recomenda demoli\u00e7\u00e3o parcial de pr\u00e9dio atingido por explos\u00e3o no Stiep - Brasil not\u00edcias\",\"isPartOf\":{\"@id\":\"https:\/\/brasilnoticias.org\/site\/#website\"},\"primaryImageOfPage\":{\"@id\":\"https:\/\/brasilnoticias.org\/site\/parecer-tecnico-recomenda-demolicao-parcial-de-predio-atingido-por-explosao-no-stiep\/#primaryimage\"},\"image\":{\"@id\":\"https:\/\/brasilnoticias.org\/site\/parecer-tecnico-recomenda-demolicao-parcial-de-predio-atingido-por-explosao-no-stiep\/#primaryimage\"},\"thumbnailUrl\":\"https:\/\/brasilnoticias.org\/site\/wp-content\/uploads\/2026\/03\/179385parecer-tecnico-recomenda-demolicao-parcial-de-predio-atingido-por-explosao-no-stiep-3.jpg\",\"datePublished\":\"2026-03-13T11:30:46+00:00\",\"breadcrumb\":{\"@id\":\"https:\/\/brasilnoticias.org\/site\/parecer-tecnico-recomenda-demolicao-parcial-de-predio-atingido-por-explosao-no-stiep\/#breadcrumb\"},\"inLanguage\":\"pt-PT\",\"potentialAction\":[{\"@type\":\"ReadAction\",\"target\":[\"https:\/\/brasilnoticias.org\/site\/parecer-tecnico-recomenda-demolicao-parcial-de-predio-atingido-por-explosao-no-stiep\/\"]}]},{\"@type\":\"ImageObject\",\"inLanguage\":\"pt-PT\",\"@id\":\"https:\/\/brasilnoticias.org\/site\/parecer-tecnico-recomenda-demolicao-parcial-de-predio-atingido-por-explosao-no-stiep\/#primaryimage\",\"url\":\"https:\/\/brasilnoticias.org\/site\/wp-content\/uploads\/2026\/03\/179385parecer-tecnico-recomenda-demolicao-parcial-de-predio-atingido-por-explosao-no-stiep-3.jpg\",\"contentUrl\":\"https:\/\/brasilnoticias.org\/site\/wp-content\/uploads\/2026\/03\/179385parecer-tecnico-recomenda-demolicao-parcial-de-predio-atingido-por-explosao-no-stiep-3.jpg\",\"width\":1600,\"height\":752,\"caption\":\"Foto: Bruno Concha \/ Secom PMS\"},{\"@type\":\"BreadcrumbList\",\"@id\":\"https:\/\/brasilnoticias.org\/site\/parecer-tecnico-recomenda-demolicao-parcial-de-predio-atingido-por-explosao-no-stiep\/#breadcrumb\",\"itemListElement\":[{\"@type\":\"ListItem\",\"position\":1,\"name\":\"In\u00edcio\",\"item\":\"https:\/\/brasilnoticias.org\/site\/\"},{\"@type\":\"ListItem\",\"position\":2,\"name\":\"Parecer t\u00e9cnico recomenda demoli\u00e7\u00e3o parcial de pr\u00e9dio atingido por explos\u00e3o no Stiep\"}]},{\"@type\":\"WebSite\",\"@id\":\"https:\/\/brasilnoticias.org\/site\/#website\",\"url\":\"https:\/\/brasilnoticias.org\/site\/\",\"name\":\"Brasil not\u00edcias\",\"description\":\"Brasil not\u00edcias\",\"publisher\":{\"@id\":\"https:\/\/brasilnoticias.org\/site\/#organization\"},\"potentialAction\":[{\"@type\":\"SearchAction\",\"target\":{\"@type\":\"EntryPoint\",\"urlTemplate\":\"https:\/\/brasilnoticias.org\/site\/?s={search_term_string}\"},\"query-input\":{\"@type\":\"PropertyValueSpecification\",\"valueRequired\":true,\"valueName\":\"search_term_string\"}}],\"inLanguage\":\"pt-PT\"},{\"@type\":\"Organization\",\"@id\":\"https:\/\/brasilnoticias.org\/site\/#organization\",\"name\":\"Brasil not\u00edcias\",\"url\":\"https:\/\/brasilnoticias.org\/site\/\",\"logo\":{\"@type\":\"ImageObject\",\"inLanguage\":\"pt-PT\",\"@id\":\"https:\/\/brasilnoticias.org\/site\/#\/schema\/logo\/image\/\",\"url\":\"https:\/\/brasilnoticias.org\/site\/wp-content\/uploads\/2022\/05\/cropped-brasilnoticias-mini.jpg\",\"contentUrl\":\"https:\/\/brasilnoticias.org\/site\/wp-content\/uploads\/2022\/05\/cropped-brasilnoticias-mini.jpg\",\"width\":314,\"height\":86,\"caption\":\"Brasil not\u00edcias\"},\"image\":{\"@id\":\"https:\/\/brasilnoticias.org\/site\/#\/schema\/logo\/image\/\"}},{\"@type\":\"Person\",\"@id\":\"https:\/\/brasilnoticias.org\/site\/#\/schema\/person\/03bbbfe6c7634ad18c26444ea39049fa\",\"name\":\"Reda\u00e7\u00e3o\",\"image\":{\"@type\":\"ImageObject\",\"inLanguage\":\"pt-PT\",\"@id\":\"https:\/\/brasilnoticias.org\/site\/#\/schema\/person\/image\/\",\"url\":\"https:\/\/secure.gravatar.com\/avatar\/9ecaf7327a696cb23ad926fedded5f1f04d7049de9e445375d55b48c001a6e42?s=96&d=mm&r=g\",\"contentUrl\":\"https:\/\/secure.gravatar.com\/avatar\/9ecaf7327a696cb23ad926fedded5f1f04d7049de9e445375d55b48c001a6e42?s=96&d=mm&r=g\",\"caption\":\"Reda\u00e7\u00e3o\"},\"url\":\"https:\/\/brasilnoticias.org\/site\/author\/henrique\/\"}]}<\/script>\n<!-- \/ Yoast SEO plugin. -->","yoast_head_json":{"title":"Parecer t\u00e9cnico recomenda demoli\u00e7\u00e3o parcial de pr\u00e9dio atingido por explos\u00e3o no Stiep - Brasil not\u00edcias","robots":{"index":"index","follow":"follow","max-snippet":"max-snippet:-1","max-image-preview":"max-image-preview:large","max-video-preview":"max-video-preview:-1"},"canonical":"https:\/\/brasilnoticias.org\/site\/parecer-tecnico-recomenda-demolicao-parcial-de-predio-atingido-por-explosao-no-stiep\/","og_locale":"pt_PT","og_type":"article","og_title":"Parecer t\u00e9cnico recomenda demoli\u00e7\u00e3o parcial de pr\u00e9dio atingido por explos\u00e3o no Stiep - Brasil not\u00edcias","og_description":"Laudo aponta danos estruturais em parte do edif\u00edcio e recomenda demoli\u00e7\u00e3o controlada de \u00e1rea comprometida. Mat\u00e9ria Um parecer t\u00e9cnico sobre","og_url":"https:\/\/brasilnoticias.org\/site\/parecer-tecnico-recomenda-demolicao-parcial-de-predio-atingido-por-explosao-no-stiep\/","og_site_name":"Brasil not\u00edcias","article_published_time":"2026-03-13T11:30:46+00:00","og_image":[{"width":1600,"height":752,"url":"https:\/\/brasilnoticias.org\/site\/wp-content\/uploads\/2026\/03\/179385parecer-tecnico-recomenda-demolicao-parcial-de-predio-atingido-por-explosao-no-stiep-3.jpg","type":"image\/jpeg"}],"author":"Reda\u00e7\u00e3o","twitter_card":"summary_large_image","twitter_misc":{"Escrito por":"Reda\u00e7\u00e3o","Tempo estimado de leitura":"2 minutos"},"schema":{"@context":"https:\/\/schema.org","@graph":[{"@type":"Article","@id":"https:\/\/brasilnoticias.org\/site\/parecer-tecnico-recomenda-demolicao-parcial-de-predio-atingido-por-explosao-no-stiep\/#article","isPartOf":{"@id":"https:\/\/brasilnoticias.org\/site\/parecer-tecnico-recomenda-demolicao-parcial-de-predio-atingido-por-explosao-no-stiep\/"},"author":{"name":"Reda\u00e7\u00e3o","@id":"https:\/\/brasilnoticias.org\/site\/#\/schema\/person\/03bbbfe6c7634ad18c26444ea39049fa"},"headline":"Parecer t\u00e9cnico recomenda demoli\u00e7\u00e3o parcial de pr\u00e9dio atingido por explos\u00e3o no Stiep","datePublished":"2026-03-13T11:30:46+00:00","mainEntityOfPage":{"@id":"https:\/\/brasilnoticias.org\/site\/parecer-tecnico-recomenda-demolicao-parcial-de-predio-atingido-por-explosao-no-stiep\/"},"wordCount":336,"commentCount":0,"publisher":{"@id":"https:\/\/brasilnoticias.org\/site\/#organization"},"image":{"@id":"https:\/\/brasilnoticias.org\/site\/parecer-tecnico-recomenda-demolicao-parcial-de-predio-atingido-por-explosao-no-stiep\/#primaryimage"},"thumbnailUrl":"https:\/\/brasilnoticias.org\/site\/wp-content\/uploads\/2026\/03\/179385parecer-tecnico-recomenda-demolicao-parcial-de-predio-atingido-por-explosao-no-stiep-3.jpg","articleSection":["Not\u00edcias","\u00daltimas"],"inLanguage":"pt-PT","potentialAction":[{"@type":"CommentAction","name":"Comment","target":["https:\/\/brasilnoticias.org\/site\/parecer-tecnico-recomenda-demolicao-parcial-de-predio-atingido-por-explosao-no-stiep\/#respond"]}]},{"@type":"WebPage","@id":"https:\/\/brasilnoticias.org\/site\/parecer-tecnico-recomenda-demolicao-parcial-de-predio-atingido-por-explosao-no-stiep\/","url":"https:\/\/brasilnoticias.org\/site\/parecer-tecnico-recomenda-demolicao-parcial-de-predio-atingido-por-explosao-no-stiep\/","name":"Parecer t\u00e9cnico recomenda demoli\u00e7\u00e3o parcial de pr\u00e9dio atingido por explos\u00e3o no Stiep - Brasil not\u00edcias","isPartOf":{"@id":"https:\/\/brasilnoticias.org\/site\/#website"},"primaryImageOfPage":{"@id":"https:\/\/brasilnoticias.org\/site\/parecer-tecnico-recomenda-demolicao-parcial-de-predio-atingido-por-explosao-no-stiep\/#primaryimage"},"image":{"@id":"https:\/\/brasilnoticias.org\/site\/parecer-tecnico-recomenda-demolicao-parcial-de-predio-atingido-por-explosao-no-stiep\/#primaryimage"},"thumbnailUrl":"https:\/\/brasilnoticias.org\/site\/wp-content\/uploads\/2026\/03\/179385parecer-tecnico-recomenda-demolicao-parcial-de-predio-atingido-por-explosao-no-stiep-3.jpg","datePublished":"2026-03-13T11:30:46+00:00","breadcrumb":{"@id":"https:\/\/brasilnoticias.org\/site\/parecer-tecnico-recomenda-demolicao-parcial-de-predio-atingido-por-explosao-no-stiep\/#breadcrumb"},"inLanguage":"pt-PT","potentialAction":[{"@type":"ReadAction","target":["https:\/\/brasilnoticias.org\/site\/parecer-tecnico-recomenda-demolicao-parcial-de-predio-atingido-por-explosao-no-stiep\/"]}]},{"@type":"ImageObject","inLanguage":"pt-PT","@id":"https:\/\/brasilnoticias.org\/site\/parecer-tecnico-recomenda-demolicao-parcial-de-predio-atingido-por-explosao-no-stiep\/#primaryimage","url":"https:\/\/brasilnoticias.org\/site\/wp-content\/uploads\/2026\/03\/179385parecer-tecnico-recomenda-demolicao-parcial-de-predio-atingido-por-explosao-no-stiep-3.jpg","contentUrl":"https:\/\/brasilnoticias.org\/site\/wp-content\/uploads\/2026\/03\/179385parecer-tecnico-recomenda-demolicao-parcial-de-predio-atingido-por-explosao-no-stiep-3.jpg","width":1600,"height":752,"caption":"Foto: Bruno Concha \/ Secom PMS"},{"@type":"BreadcrumbList","@id":"https:\/\/brasilnoticias.org\/site\/parecer-tecnico-recomenda-demolicao-parcial-de-predio-atingido-por-explosao-no-stiep\/#breadcrumb","itemListElement":[{"@type":"ListItem","position":1,"name":"In\u00edcio","item":"https:\/\/brasilnoticias.org\/site\/"},{"@type":"ListItem","position":2,"name":"Parecer t\u00e9cnico recomenda demoli\u00e7\u00e3o parcial de pr\u00e9dio atingido por explos\u00e3o no Stiep"}]},{"@type":"WebSite","@id":"https:\/\/brasilnoticias.org\/site\/#website","url":"https:\/\/brasilnoticias.org\/site\/","name":"Brasil not\u00edcias","description":"Brasil not\u00edcias","publisher":{"@id":"https:\/\/brasilnoticias.org\/site\/#organization"},"potentialAction":[{"@type":"SearchAction","target":{"@type":"EntryPoint","urlTemplate":"https:\/\/brasilnoticias.org\/site\/?s={search_term_string}"},"query-input":{"@type":"PropertyValueSpecification","valueRequired":true,"valueName":"search_term_string"}}],"inLanguage":"pt-PT"},{"@type":"Organization","@id":"https:\/\/brasilnoticias.org\/site\/#organization","name":"Brasil not\u00edcias","url":"https:\/\/brasilnoticias.org\/site\/","logo":{"@type":"ImageObject","inLanguage":"pt-PT","@id":"https:\/\/brasilnoticias.org\/site\/#\/schema\/logo\/image\/","url":"https:\/\/brasilnoticias.org\/site\/wp-content\/uploads\/2022\/05\/cropped-brasilnoticias-mini.jpg","contentUrl":"https:\/\/brasilnoticias.org\/site\/wp-content\/uploads\/2022\/05\/cropped-brasilnoticias-mini.jpg","width":314,"height":86,"caption":"Brasil not\u00edcias"},"image":{"@id":"https:\/\/brasilnoticias.org\/site\/#\/schema\/logo\/image\/"}},{"@type":"Person","@id":"https:\/\/brasilnoticias.org\/site\/#\/schema\/person\/03bbbfe6c7634ad18c26444ea39049fa","name":"Reda\u00e7\u00e3o","image":{"@type":"ImageObject","inLanguage":"pt-PT","@id":"https:\/\/brasilnoticias.org\/site\/#\/schema\/person\/image\/","url":"https:\/\/secure.gravatar.com\/avatar\/9ecaf7327a696cb23ad926fedded5f1f04d7049de9e445375d55b48c001a6e42?s=96&d=mm&r=g","contentUrl":"https:\/\/secure.gravatar.com\/avatar\/9ecaf7327a696cb23ad926fedded5f1f04d7049de9e445375d55b48c001a6e42?s=96&d=mm&r=g","caption":"Reda\u00e7\u00e3o"},"url":"https:\/\/brasilnoticias.org\/site\/author\/henrique\/"}]}},"_links":{"self":[{"href":"https:\/\/brasilnoticias.org\/site\/wp-json\/wp\/v2\/posts\/20946","targetHints":{"allow":["GET"]}}],"collection":[{"href":"https:\/\/brasilnoticias.org\/site\/wp-json\/wp\/v2\/posts"}],"about":[{"href":"https:\/\/brasilnoticias.org\/site\/wp-json\/wp\/v2\/types\/post"}],"author":[{"embeddable":true,"href":"https:\/\/brasilnoticias.org\/site\/wp-json\/wp\/v2\/users\/4"}],"replies":[{"embeddable":true,"href":"https:\/\/brasilnoticias.org\/site\/wp-json\/wp\/v2\/comments?post=20946"}],"version-history":[{"count":1,"href":"https:\/\/brasilnoticias.org\/site\/wp-json\/wp\/v2\/posts\/20946\/revisions"}],"predecessor-version":[{"id":20948,"href":"https:\/\/brasilnoticias.org\/site\/wp-json\/wp\/v2\/posts\/20946\/revisions\/20948"}],"wp:featuredmedia":[{"embeddable":true,"href":"https:\/\/brasilnoticias.org\/site\/wp-json\/wp\/v2\/media\/20947"}],"wp:attachment":[{"href":"https:\/\/brasilnoticias.org\/site\/wp-json\/wp\/v2\/media?parent=20946"}],"wp:term":[{"taxonomy":"category","embeddable":true,"href":"https:\/\/brasilnoticias.org\/site\/wp-json\/wp\/v2\/categories?post=20946"},{"taxonomy":"post_tag","embeddable":true,"href":"https:\/\/brasilnoticias.org\/site\/wp-json\/wp\/v2\/tags?post=20946"}],"curies":[{"name":"wp","href":"https:\/\/api.w.org\/{rel}","templated":true}]}}