{"id":20970,"date":"2026-03-16T07:50:13","date_gmt":"2026-03-16T10:50:13","guid":{"rendered":"https:\/\/brasilnoticias.org\/site\/?p=20970"},"modified":"2026-03-16T07:50:13","modified_gmt":"2026-03-16T10:50:13","slug":"muniz-implode-psdb-tensiona-relacao-com-bruno-reis-e-vira-alvo-da-base-de-jeronimo","status":"publish","type":"post","link":"https:\/\/brasilnoticias.org\/site\/muniz-implode-psdb-tensiona-relacao-com-bruno-reis-e-vira-alvo-da-base-de-jeronimo\/","title":{"rendered":"Muniz implode PSDB, tensiona rela\u00e7\u00e3o com Bruno Reis e vira alvo da base de Jer\u00f4nimo"},"content":{"rendered":"<h3 class=\"self-stretch font-sans text-headline-6 font-normal tracking-tight text-neutral-50\">Insatisfa\u00e7\u00e3o com chapa do PSDB, press\u00e3o pela candidatura do filho e rumores de convite da base governista transformam presidente da C\u00e2mara em nova inc\u00f3gnita da pol\u00edtica baiana<\/h3>\n<p>&nbsp;<\/p>\n<p>A pol\u00edtica baiana ganhou mais um cap\u00edtulo de tens\u00e3o neste fim de semana. O presidente da C\u00e2mara de Salvador,\u00a0<strong>Carlos Muniz (PSDB)<\/strong>, decidiu abrir uma crise dentro do pr\u00f3prio partido ao anunciar que\u00a0<strong>Carlos Muniz Filho n\u00e3o ser\u00e1 mais candidato a deputado federal pela legenda<\/strong>.<\/p>\n<p>A decis\u00e3o pegou aliados de surpresa e desencadeou uma s\u00e9rie de especula\u00e7\u00f5es nos bastidores \u2014 que v\u00e3o desde uma simples insatisfa\u00e7\u00e3o eleitoral at\u00e9 uma poss\u00edvel\u00a0<strong>aproxima\u00e7\u00e3o com o governador Jer\u00f4nimo Rodrigues (PT)<\/strong>.<\/p>\n<p>Nos bastidores, no entanto, o epis\u00f3dio est\u00e1 longe de ser uma narrativa linear.<\/p>\n<h2><strong>Irrita\u00e7\u00e3o come\u00e7ou em reuni\u00e3o com Bruno<\/p>\n<p><\/strong><\/h2>\n<p>A crise come\u00e7ou ap\u00f3s uma reuni\u00e3o realizada na sexta-feira (13) entre Muniz, o prefeito\u00a0<strong>Bruno Reis (Uni\u00e3o Brasil)<\/strong>\u00a0e o presidente estadual do PSDB,\u00a0<strong>Adolfo Viana<\/strong>.<\/p>\n<p>Aliados relatam que o presidente da C\u00e2mara saiu irritado ao perceber que vereadores que antes haviam sinalizado apoio \u00e0 candidatura do filho\u00a0<strong>poderiam ser lan\u00e7ados candidatos a deputado federal<\/strong>, o que reduziria o potencial eleitoral do herdeiro pol\u00edtico.<\/p>\n<p>Uma fonte ouvida pela coluna revelou que o assunto dominou as conversas durante o anivers\u00e1rio do vereador\u00a0<strong>Marcelo Guimar\u00e3es Neto (Uni\u00e3o Brasil)<\/strong>, evento que reuniu cerca duas dezenas de vereadores, deputados estaduais e federais, al\u00e9m do pr\u00f3prio prefeito.<\/p>\n<p><strong>\u201cA fofoca l\u00e1 era que ele estava insatisfeito porque tiraram votos dele. Alguns vereadores que apoiariam o filho dele seriam candidatos\u201d,<\/strong>\u00a0contou um interlocutor.<\/p>\n<h2><strong>Press\u00e3o mal calculada?<\/p>\n<p><\/strong><\/h2>\n<p>Entre aliados do pr\u00f3prio grupo pol\u00edtico, h\u00e1 quem avalie que Muniz\u00a0<strong>errou na forma como conduziu o movimento<\/strong>.<\/p>\n<p>Um dirigente ouvido pela coluna afirma que a defesa da candidatura do filho \u00e9 compreens\u00edvel, mas que a forma escolhida acabou por agravar o problema.<\/p>\n<p><strong>\u201cEle tentar garantir a viabilidade do filho \u00e9 natural. Qualquer pai faria. O problema foi a forma. Ele quis botar press\u00e3o e acabou criando uma situa\u00e7\u00e3o muito ruim. Quando est\u00e1 chateado fala coisas duras e agora tem um problema para resolver\u201d,<\/strong>\u00a0disse uma fonte.<\/p>\n<h2><strong>Promessas mirabolantes?<\/p>\n<p><\/strong><\/h2>\n<p>A movimenta\u00e7\u00e3o tamb\u00e9m alimentou rumores de que Muniz poderia ser atra\u00eddo para a base do governador\u00a0<strong>Jer\u00f4nimo Rodrigues (PT)<\/strong>, com direito a ofertas generosas.<\/p>\n<p>Nos corredores pol\u00edticos, por\u00e9m, a hist\u00f3ria \u00e9 tratada com muito ceticismo.<\/p>\n<p><strong>\u201cDisseram que ofereceram Secretaria de Sa\u00fade, vice-governadoria e at\u00e9 a Agerba. Mas sinceramente n\u00e3o acredito. Ele vem sozinho? Sem partido? N\u00e3o tem for\u00e7a para oferecerem tudo isso\u201d,<\/strong>\u00a0afirmou um aliado de peso da base governista.<\/p>\n<p>Ainda assim, a simples possibilidade de migra\u00e7\u00e3o j\u00e1 foi suficiente para\u00a0<strong>provocar tremores no tabuleiro pol\u00edtico<\/strong>.<\/p>\n<h2><strong>A conta realmente n\u00e3o fecha?<\/p>\n<p><\/strong><\/h2>\n<p>Dentro do PSDB tamb\u00e9m h\u00e1 perplexidade.<\/p>\n<p>Alguns integrantes da legenda dizem n\u00e3o entender o tamanho da rea\u00e7\u00e3o do presidente da C\u00e2mara, j\u00e1 que a proje\u00e7\u00e3o eleitoral da chapa tucana continuaria favor\u00e1vel.<\/p>\n<p><strong>\u201cPelo que eu soube, a chapa faz tr\u00eas deputados. Sendo assim, o filho dele entraria com certeza. Claro que Bruno sempre projeta as contas l\u00e1 em cima, mas mesmo em contas mais realistas, se fizer dois, ele e Adolfo estariam eleitos\u201d,<\/strong>\u00a0avaliou uma fonte do partido.<\/p>\n<p>A d\u00favida, segundo aliados, \u00e9 que\u00a0<strong>nem todos tiveram acesso \u00e0 nominata final<\/strong>, o que deixa margem para diferentes interpreta\u00e7\u00f5es sobre o potencial eleitoral.<\/p>\n<h2><strong>PSDB lembra cargos e mandato<\/p>\n<p><\/strong><\/h2>\n<p>Outro ponto que causa estranheza entre tucanos \u00e9 que Muniz mant\u00e9m\u00a0<strong>forte presen\u00e7a na estrutura da Prefeitura de Salvador<\/strong>, comandada por Bruno Reis.<\/p>\n<p>Aliados lembram que o grupo do presidente da C\u00e2mara\u00a0<strong>controla a Transalvador<\/strong>, al\u00e9m de possuir indicados na\u00a0<strong>Arsal e na Secretaria Municipal de Sa\u00fade<\/strong>.<\/p>\n<p>Al\u00e9m disso, uma eventual sa\u00edda do PSDB pode gerar disputa jur\u00eddica.<\/p>\n<p><strong>\u201cUma coisa \u00e9 o filho dele sair candidato por outro partido. Outra coisa \u00e9 ele sair. Se sair agora, o PSDB pode pedir o mandato\u201d,<\/strong>\u00a0disse um integrante da sigla.<\/p>\n<h2><strong>Podemos observa de longe<\/p>\n<p><\/strong><\/h2>\n<p>Enquanto a poeira n\u00e3o baixa, outros partidos observam a movimenta\u00e7\u00e3o com aten\u00e7\u00e3o.<\/p>\n<p>O\u00a0<strong>Podemos<\/strong>\u00a0aparece como uma das possibilidades para abrigar a candidatura de\u00a0<strong>Carlos Muniz Filho<\/strong>.<\/p>\n<p>Procurado pela coluna, o presidente estadual da legenda,\u00a0<strong>Heber Santana<\/strong>, evitou antecipar qualquer negocia\u00e7\u00e3o, mas deixou a porta aberta.<\/p>\n<p><strong>\u201cN\u00e3o conversei com ele. Mas se realmente houver possibilidade de vir, ser\u00e1 muito bem-vindo\u201d,<\/strong>\u00a0afirmou.<\/p>\n<h2><strong>A grande inc\u00f3gnita<\/p>\n<p><\/strong><\/h2>\n<p>Em meio a tantas vers\u00f5es, uma certeza come\u00e7a a se consolidar entre os observadores da pol\u00edtica baiana:\u00a0<strong>o epis\u00f3dio abriu uma crise inesperada dentro do grupo que comanda Salvador<\/strong>.<\/p>\n<p>O problema \u00e9 que, por enquanto,\u00a0<strong>nem mesmo os aliados mais pr\u00f3ximos conseguem prever qual ser\u00e1 o pr\u00f3ximo movimento de Carlos Muniz<\/strong>.<\/p>\n<p>Entre a press\u00e3o pela candidatura do filho, os ru\u00eddos com o prefeito Bruno Reis e as especula\u00e7\u00f5es de aproxima\u00e7\u00e3o com Jer\u00f4nimo Rodrigues, o presidente da C\u00e2mara acabou por criar uma equa\u00e7\u00e3o pol\u00edtica dif\u00edcil de resolver.<\/p>\n<p>E, como costuma acontecer na pol\u00edtica,\u00a0<strong>a conta pode acabar sendo paga apenas em 2027<\/strong>.<\/p>\n<p>&nbsp;<\/p>\n<p>Fonte: <a href=\"https:\/\/www.blogdovila.com.br\/noticia\/muniz-implosao\">Blog do Vila<\/a><\/p>\n","protected":false},"excerpt":{"rendered":"<p>Insatisfa\u00e7\u00e3o com chapa do PSDB, press\u00e3o pela candidatura do filho e rumores de convite da base governista transformam presidente da<\/p>\n","protected":false},"author":4,"featured_media":20971,"comment_status":"open","ping_status":"open","sticky":false,"template":"","format":"standard","meta":{"colormag_page_container_layout":"default_layout","colormag_page_sidebar_layout":"default_layout","_FSMCFIC_featured_image_caption":"","_FSMCFIC_featured_image_nocaption":"","_FSMCFIC_featured_image_hide":"","footnotes":""},"categories":[5,1],"tags":[],"class_list":["post-20970","post","type-post","status-publish","format-standard","has-post-thumbnail","hentry","category-politica","category-ultimas"],"yoast_head":"<!-- This site is optimized with the Yoast SEO plugin v27.1.1 - https:\/\/yoast.com\/product\/yoast-seo-wordpress\/ -->\n<title>Muniz implode PSDB, tensiona rela\u00e7\u00e3o com Bruno Reis e vira alvo da base de Jer\u00f4nimo - Brasil not\u00edcias<\/title>\n<meta name=\"robots\" content=\"index, follow, max-snippet:-1, max-image-preview:large, max-video-preview:-1\" \/>\n<link rel=\"canonical\" href=\"https:\/\/brasilnoticias.org\/site\/muniz-implode-psdb-tensiona-relacao-com-bruno-reis-e-vira-alvo-da-base-de-jeronimo\/\" \/>\n<meta property=\"og:locale\" content=\"pt_PT\" \/>\n<meta property=\"og:type\" content=\"article\" \/>\n<meta property=\"og:title\" content=\"Muniz implode PSDB, tensiona rela\u00e7\u00e3o com Bruno Reis e vira alvo da base de Jer\u00f4nimo - Brasil not\u00edcias\" \/>\n<meta property=\"og:description\" content=\"Insatisfa\u00e7\u00e3o com chapa do PSDB, press\u00e3o pela candidatura do filho e rumores de convite da base governista transformam presidente da\" \/>\n<meta property=\"og:url\" content=\"https:\/\/brasilnoticias.org\/site\/muniz-implode-psdb-tensiona-relacao-com-bruno-reis-e-vira-alvo-da-base-de-jeronimo\/\" \/>\n<meta property=\"og:site_name\" content=\"Brasil not\u00edcias\" \/>\n<meta property=\"article:published_time\" content=\"2026-03-16T10:50:13+00:00\" \/>\n<meta property=\"og:image\" content=\"https:\/\/brasilnoticias.org\/site\/wp-content\/uploads\/2026\/03\/WhatsApp-Image-2026-03-15-at-17.03.07.jpeg\" \/>\n\t<meta property=\"og:image:width\" content=\"1319\" \/>\n\t<meta property=\"og:image:height\" content=\"742\" \/>\n\t<meta property=\"og:image:type\" content=\"image\/jpeg\" \/>\n<meta name=\"author\" content=\"Reda\u00e7\u00e3o\" \/>\n<meta name=\"twitter:card\" content=\"summary_large_image\" \/>\n<meta name=\"twitter:label1\" content=\"Escrito por\" \/>\n\t<meta name=\"twitter:data1\" content=\"Reda\u00e7\u00e3o\" \/>\n\t<meta name=\"twitter:label2\" content=\"Tempo estimado de leitura\" \/>\n\t<meta name=\"twitter:data2\" content=\"5 minutos\" \/>\n<script type=\"application\/ld+json\" class=\"yoast-schema-graph\">{\"@context\":\"https:\/\/schema.org\",\"@graph\":[{\"@type\":\"Article\",\"@id\":\"https:\/\/brasilnoticias.org\/site\/muniz-implode-psdb-tensiona-relacao-com-bruno-reis-e-vira-alvo-da-base-de-jeronimo\/#article\",\"isPartOf\":{\"@id\":\"https:\/\/brasilnoticias.org\/site\/muniz-implode-psdb-tensiona-relacao-com-bruno-reis-e-vira-alvo-da-base-de-jeronimo\/\"},\"author\":{\"name\":\"Reda\u00e7\u00e3o\",\"@id\":\"https:\/\/brasilnoticias.org\/site\/#\/schema\/person\/03bbbfe6c7634ad18c26444ea39049fa\"},\"headline\":\"Muniz implode PSDB, tensiona rela\u00e7\u00e3o com Bruno Reis e vira alvo da base de Jer\u00f4nimo\",\"datePublished\":\"2026-03-16T10:50:13+00:00\",\"mainEntityOfPage\":{\"@id\":\"https:\/\/brasilnoticias.org\/site\/muniz-implode-psdb-tensiona-relacao-com-bruno-reis-e-vira-alvo-da-base-de-jeronimo\/\"},\"wordCount\":899,\"commentCount\":0,\"publisher\":{\"@id\":\"https:\/\/brasilnoticias.org\/site\/#organization\"},\"image\":{\"@id\":\"https:\/\/brasilnoticias.org\/site\/muniz-implode-psdb-tensiona-relacao-com-bruno-reis-e-vira-alvo-da-base-de-jeronimo\/#primaryimage\"},\"thumbnailUrl\":\"https:\/\/brasilnoticias.org\/site\/wp-content\/uploads\/2026\/03\/WhatsApp-Image-2026-03-15-at-17.03.07.jpeg\",\"articleSection\":[\"Pol\u00edtica\",\"\u00daltimas\"],\"inLanguage\":\"pt-PT\",\"potentialAction\":[{\"@type\":\"CommentAction\",\"name\":\"Comment\",\"target\":[\"https:\/\/brasilnoticias.org\/site\/muniz-implode-psdb-tensiona-relacao-com-bruno-reis-e-vira-alvo-da-base-de-jeronimo\/#respond\"]}]},{\"@type\":\"WebPage\",\"@id\":\"https:\/\/brasilnoticias.org\/site\/muniz-implode-psdb-tensiona-relacao-com-bruno-reis-e-vira-alvo-da-base-de-jeronimo\/\",\"url\":\"https:\/\/brasilnoticias.org\/site\/muniz-implode-psdb-tensiona-relacao-com-bruno-reis-e-vira-alvo-da-base-de-jeronimo\/\",\"name\":\"Muniz implode PSDB, tensiona rela\u00e7\u00e3o com Bruno Reis e vira alvo da base de Jer\u00f4nimo - Brasil not\u00edcias\",\"isPartOf\":{\"@id\":\"https:\/\/brasilnoticias.org\/site\/#website\"},\"primaryImageOfPage\":{\"@id\":\"https:\/\/brasilnoticias.org\/site\/muniz-implode-psdb-tensiona-relacao-com-bruno-reis-e-vira-alvo-da-base-de-jeronimo\/#primaryimage\"},\"image\":{\"@id\":\"https:\/\/brasilnoticias.org\/site\/muniz-implode-psdb-tensiona-relacao-com-bruno-reis-e-vira-alvo-da-base-de-jeronimo\/#primaryimage\"},\"thumbnailUrl\":\"https:\/\/brasilnoticias.org\/site\/wp-content\/uploads\/2026\/03\/WhatsApp-Image-2026-03-15-at-17.03.07.jpeg\",\"datePublished\":\"2026-03-16T10:50:13+00:00\",\"breadcrumb\":{\"@id\":\"https:\/\/brasilnoticias.org\/site\/muniz-implode-psdb-tensiona-relacao-com-bruno-reis-e-vira-alvo-da-base-de-jeronimo\/#breadcrumb\"},\"inLanguage\":\"pt-PT\",\"potentialAction\":[{\"@type\":\"ReadAction\",\"target\":[\"https:\/\/brasilnoticias.org\/site\/muniz-implode-psdb-tensiona-relacao-com-bruno-reis-e-vira-alvo-da-base-de-jeronimo\/\"]}]},{\"@type\":\"ImageObject\",\"inLanguage\":\"pt-PT\",\"@id\":\"https:\/\/brasilnoticias.org\/site\/muniz-implode-psdb-tensiona-relacao-com-bruno-reis-e-vira-alvo-da-base-de-jeronimo\/#primaryimage\",\"url\":\"https:\/\/brasilnoticias.org\/site\/wp-content\/uploads\/2026\/03\/WhatsApp-Image-2026-03-15-at-17.03.07.jpeg\",\"contentUrl\":\"https:\/\/brasilnoticias.org\/site\/wp-content\/uploads\/2026\/03\/WhatsApp-Image-2026-03-15-at-17.03.07.jpeg\",\"width\":1319,\"height\":742,\"caption\":\"Foto: Antonio Queir\u00f3s \/ CMS\"},{\"@type\":\"BreadcrumbList\",\"@id\":\"https:\/\/brasilnoticias.org\/site\/muniz-implode-psdb-tensiona-relacao-com-bruno-reis-e-vira-alvo-da-base-de-jeronimo\/#breadcrumb\",\"itemListElement\":[{\"@type\":\"ListItem\",\"position\":1,\"name\":\"In\u00edcio\",\"item\":\"https:\/\/brasilnoticias.org\/site\/\"},{\"@type\":\"ListItem\",\"position\":2,\"name\":\"Muniz implode PSDB, tensiona rela\u00e7\u00e3o com Bruno Reis e vira alvo da base de Jer\u00f4nimo\"}]},{\"@type\":\"WebSite\",\"@id\":\"https:\/\/brasilnoticias.org\/site\/#website\",\"url\":\"https:\/\/brasilnoticias.org\/site\/\",\"name\":\"Brasil not\u00edcias\",\"description\":\"Brasil not\u00edcias\",\"publisher\":{\"@id\":\"https:\/\/brasilnoticias.org\/site\/#organization\"},\"potentialAction\":[{\"@type\":\"SearchAction\",\"target\":{\"@type\":\"EntryPoint\",\"urlTemplate\":\"https:\/\/brasilnoticias.org\/site\/?s={search_term_string}\"},\"query-input\":{\"@type\":\"PropertyValueSpecification\",\"valueRequired\":true,\"valueName\":\"search_term_string\"}}],\"inLanguage\":\"pt-PT\"},{\"@type\":\"Organization\",\"@id\":\"https:\/\/brasilnoticias.org\/site\/#organization\",\"name\":\"Brasil not\u00edcias\",\"url\":\"https:\/\/brasilnoticias.org\/site\/\",\"logo\":{\"@type\":\"ImageObject\",\"inLanguage\":\"pt-PT\",\"@id\":\"https:\/\/brasilnoticias.org\/site\/#\/schema\/logo\/image\/\",\"url\":\"https:\/\/brasilnoticias.org\/site\/wp-content\/uploads\/2022\/05\/cropped-brasilnoticias-mini.jpg\",\"contentUrl\":\"https:\/\/brasilnoticias.org\/site\/wp-content\/uploads\/2022\/05\/cropped-brasilnoticias-mini.jpg\",\"width\":314,\"height\":86,\"caption\":\"Brasil not\u00edcias\"},\"image\":{\"@id\":\"https:\/\/brasilnoticias.org\/site\/#\/schema\/logo\/image\/\"}},{\"@type\":\"Person\",\"@id\":\"https:\/\/brasilnoticias.org\/site\/#\/schema\/person\/03bbbfe6c7634ad18c26444ea39049fa\",\"name\":\"Reda\u00e7\u00e3o\",\"image\":{\"@type\":\"ImageObject\",\"inLanguage\":\"pt-PT\",\"@id\":\"https:\/\/brasilnoticias.org\/site\/#\/schema\/person\/image\/\",\"url\":\"https:\/\/secure.gravatar.com\/avatar\/9ecaf7327a696cb23ad926fedded5f1f04d7049de9e445375d55b48c001a6e42?s=96&d=mm&r=g\",\"contentUrl\":\"https:\/\/secure.gravatar.com\/avatar\/9ecaf7327a696cb23ad926fedded5f1f04d7049de9e445375d55b48c001a6e42?s=96&d=mm&r=g\",\"caption\":\"Reda\u00e7\u00e3o\"},\"url\":\"https:\/\/brasilnoticias.org\/site\/author\/henrique\/\"}]}<\/script>\n<!-- \/ Yoast SEO plugin. -->","yoast_head_json":{"title":"Muniz implode PSDB, tensiona rela\u00e7\u00e3o com Bruno Reis e vira alvo da base de Jer\u00f4nimo - Brasil not\u00edcias","robots":{"index":"index","follow":"follow","max-snippet":"max-snippet:-1","max-image-preview":"max-image-preview:large","max-video-preview":"max-video-preview:-1"},"canonical":"https:\/\/brasilnoticias.org\/site\/muniz-implode-psdb-tensiona-relacao-com-bruno-reis-e-vira-alvo-da-base-de-jeronimo\/","og_locale":"pt_PT","og_type":"article","og_title":"Muniz implode PSDB, tensiona rela\u00e7\u00e3o com Bruno Reis e vira alvo da base de Jer\u00f4nimo - Brasil not\u00edcias","og_description":"Insatisfa\u00e7\u00e3o com chapa do PSDB, press\u00e3o pela candidatura do filho e rumores de convite da base governista transformam presidente da","og_url":"https:\/\/brasilnoticias.org\/site\/muniz-implode-psdb-tensiona-relacao-com-bruno-reis-e-vira-alvo-da-base-de-jeronimo\/","og_site_name":"Brasil not\u00edcias","article_published_time":"2026-03-16T10:50:13+00:00","og_image":[{"width":1319,"height":742,"url":"https:\/\/brasilnoticias.org\/site\/wp-content\/uploads\/2026\/03\/WhatsApp-Image-2026-03-15-at-17.03.07.jpeg","type":"image\/jpeg"}],"author":"Reda\u00e7\u00e3o","twitter_card":"summary_large_image","twitter_misc":{"Escrito por":"Reda\u00e7\u00e3o","Tempo estimado de leitura":"5 minutos"},"schema":{"@context":"https:\/\/schema.org","@graph":[{"@type":"Article","@id":"https:\/\/brasilnoticias.org\/site\/muniz-implode-psdb-tensiona-relacao-com-bruno-reis-e-vira-alvo-da-base-de-jeronimo\/#article","isPartOf":{"@id":"https:\/\/brasilnoticias.org\/site\/muniz-implode-psdb-tensiona-relacao-com-bruno-reis-e-vira-alvo-da-base-de-jeronimo\/"},"author":{"name":"Reda\u00e7\u00e3o","@id":"https:\/\/brasilnoticias.org\/site\/#\/schema\/person\/03bbbfe6c7634ad18c26444ea39049fa"},"headline":"Muniz implode PSDB, tensiona rela\u00e7\u00e3o com Bruno Reis e vira alvo da base de Jer\u00f4nimo","datePublished":"2026-03-16T10:50:13+00:00","mainEntityOfPage":{"@id":"https:\/\/brasilnoticias.org\/site\/muniz-implode-psdb-tensiona-relacao-com-bruno-reis-e-vira-alvo-da-base-de-jeronimo\/"},"wordCount":899,"commentCount":0,"publisher":{"@id":"https:\/\/brasilnoticias.org\/site\/#organization"},"image":{"@id":"https:\/\/brasilnoticias.org\/site\/muniz-implode-psdb-tensiona-relacao-com-bruno-reis-e-vira-alvo-da-base-de-jeronimo\/#primaryimage"},"thumbnailUrl":"https:\/\/brasilnoticias.org\/site\/wp-content\/uploads\/2026\/03\/WhatsApp-Image-2026-03-15-at-17.03.07.jpeg","articleSection":["Pol\u00edtica","\u00daltimas"],"inLanguage":"pt-PT","potentialAction":[{"@type":"CommentAction","name":"Comment","target":["https:\/\/brasilnoticias.org\/site\/muniz-implode-psdb-tensiona-relacao-com-bruno-reis-e-vira-alvo-da-base-de-jeronimo\/#respond"]}]},{"@type":"WebPage","@id":"https:\/\/brasilnoticias.org\/site\/muniz-implode-psdb-tensiona-relacao-com-bruno-reis-e-vira-alvo-da-base-de-jeronimo\/","url":"https:\/\/brasilnoticias.org\/site\/muniz-implode-psdb-tensiona-relacao-com-bruno-reis-e-vira-alvo-da-base-de-jeronimo\/","name":"Muniz implode PSDB, tensiona rela\u00e7\u00e3o com Bruno Reis e vira alvo da base de Jer\u00f4nimo - Brasil not\u00edcias","isPartOf":{"@id":"https:\/\/brasilnoticias.org\/site\/#website"},"primaryImageOfPage":{"@id":"https:\/\/brasilnoticias.org\/site\/muniz-implode-psdb-tensiona-relacao-com-bruno-reis-e-vira-alvo-da-base-de-jeronimo\/#primaryimage"},"image":{"@id":"https:\/\/brasilnoticias.org\/site\/muniz-implode-psdb-tensiona-relacao-com-bruno-reis-e-vira-alvo-da-base-de-jeronimo\/#primaryimage"},"thumbnailUrl":"https:\/\/brasilnoticias.org\/site\/wp-content\/uploads\/2026\/03\/WhatsApp-Image-2026-03-15-at-17.03.07.jpeg","datePublished":"2026-03-16T10:50:13+00:00","breadcrumb":{"@id":"https:\/\/brasilnoticias.org\/site\/muniz-implode-psdb-tensiona-relacao-com-bruno-reis-e-vira-alvo-da-base-de-jeronimo\/#breadcrumb"},"inLanguage":"pt-PT","potentialAction":[{"@type":"ReadAction","target":["https:\/\/brasilnoticias.org\/site\/muniz-implode-psdb-tensiona-relacao-com-bruno-reis-e-vira-alvo-da-base-de-jeronimo\/"]}]},{"@type":"ImageObject","inLanguage":"pt-PT","@id":"https:\/\/brasilnoticias.org\/site\/muniz-implode-psdb-tensiona-relacao-com-bruno-reis-e-vira-alvo-da-base-de-jeronimo\/#primaryimage","url":"https:\/\/brasilnoticias.org\/site\/wp-content\/uploads\/2026\/03\/WhatsApp-Image-2026-03-15-at-17.03.07.jpeg","contentUrl":"https:\/\/brasilnoticias.org\/site\/wp-content\/uploads\/2026\/03\/WhatsApp-Image-2026-03-15-at-17.03.07.jpeg","width":1319,"height":742,"caption":"Foto: Antonio Queir\u00f3s \/ CMS"},{"@type":"BreadcrumbList","@id":"https:\/\/brasilnoticias.org\/site\/muniz-implode-psdb-tensiona-relacao-com-bruno-reis-e-vira-alvo-da-base-de-jeronimo\/#breadcrumb","itemListElement":[{"@type":"ListItem","position":1,"name":"In\u00edcio","item":"https:\/\/brasilnoticias.org\/site\/"},{"@type":"ListItem","position":2,"name":"Muniz implode PSDB, tensiona rela\u00e7\u00e3o com Bruno Reis e vira alvo da base de Jer\u00f4nimo"}]},{"@type":"WebSite","@id":"https:\/\/brasilnoticias.org\/site\/#website","url":"https:\/\/brasilnoticias.org\/site\/","name":"Brasil not\u00edcias","description":"Brasil not\u00edcias","publisher":{"@id":"https:\/\/brasilnoticias.org\/site\/#organization"},"potentialAction":[{"@type":"SearchAction","target":{"@type":"EntryPoint","urlTemplate":"https:\/\/brasilnoticias.org\/site\/?s={search_term_string}"},"query-input":{"@type":"PropertyValueSpecification","valueRequired":true,"valueName":"search_term_string"}}],"inLanguage":"pt-PT"},{"@type":"Organization","@id":"https:\/\/brasilnoticias.org\/site\/#organization","name":"Brasil not\u00edcias","url":"https:\/\/brasilnoticias.org\/site\/","logo":{"@type":"ImageObject","inLanguage":"pt-PT","@id":"https:\/\/brasilnoticias.org\/site\/#\/schema\/logo\/image\/","url":"https:\/\/brasilnoticias.org\/site\/wp-content\/uploads\/2022\/05\/cropped-brasilnoticias-mini.jpg","contentUrl":"https:\/\/brasilnoticias.org\/site\/wp-content\/uploads\/2022\/05\/cropped-brasilnoticias-mini.jpg","width":314,"height":86,"caption":"Brasil not\u00edcias"},"image":{"@id":"https:\/\/brasilnoticias.org\/site\/#\/schema\/logo\/image\/"}},{"@type":"Person","@id":"https:\/\/brasilnoticias.org\/site\/#\/schema\/person\/03bbbfe6c7634ad18c26444ea39049fa","name":"Reda\u00e7\u00e3o","image":{"@type":"ImageObject","inLanguage":"pt-PT","@id":"https:\/\/brasilnoticias.org\/site\/#\/schema\/person\/image\/","url":"https:\/\/secure.gravatar.com\/avatar\/9ecaf7327a696cb23ad926fedded5f1f04d7049de9e445375d55b48c001a6e42?s=96&d=mm&r=g","contentUrl":"https:\/\/secure.gravatar.com\/avatar\/9ecaf7327a696cb23ad926fedded5f1f04d7049de9e445375d55b48c001a6e42?s=96&d=mm&r=g","caption":"Reda\u00e7\u00e3o"},"url":"https:\/\/brasilnoticias.org\/site\/author\/henrique\/"}]}},"_links":{"self":[{"href":"https:\/\/brasilnoticias.org\/site\/wp-json\/wp\/v2\/posts\/20970","targetHints":{"allow":["GET"]}}],"collection":[{"href":"https:\/\/brasilnoticias.org\/site\/wp-json\/wp\/v2\/posts"}],"about":[{"href":"https:\/\/brasilnoticias.org\/site\/wp-json\/wp\/v2\/types\/post"}],"author":[{"embeddable":true,"href":"https:\/\/brasilnoticias.org\/site\/wp-json\/wp\/v2\/users\/4"}],"replies":[{"embeddable":true,"href":"https:\/\/brasilnoticias.org\/site\/wp-json\/wp\/v2\/comments?post=20970"}],"version-history":[{"count":1,"href":"https:\/\/brasilnoticias.org\/site\/wp-json\/wp\/v2\/posts\/20970\/revisions"}],"predecessor-version":[{"id":20972,"href":"https:\/\/brasilnoticias.org\/site\/wp-json\/wp\/v2\/posts\/20970\/revisions\/20972"}],"wp:featuredmedia":[{"embeddable":true,"href":"https:\/\/brasilnoticias.org\/site\/wp-json\/wp\/v2\/media\/20971"}],"wp:attachment":[{"href":"https:\/\/brasilnoticias.org\/site\/wp-json\/wp\/v2\/media?parent=20970"}],"wp:term":[{"taxonomy":"category","embeddable":true,"href":"https:\/\/brasilnoticias.org\/site\/wp-json\/wp\/v2\/categories?post=20970"},{"taxonomy":"post_tag","embeddable":true,"href":"https:\/\/brasilnoticias.org\/site\/wp-json\/wp\/v2\/tags?post=20970"}],"curies":[{"name":"wp","href":"https:\/\/api.w.org\/{rel}","templated":true}]}}