{"id":20973,"date":"2026-03-16T07:55:44","date_gmt":"2026-03-16T10:55:44","guid":{"rendered":"https:\/\/brasilnoticias.org\/site\/?p=20973"},"modified":"2026-03-16T07:55:44","modified_gmt":"2026-03-16T10:55:44","slug":"carro-cai-do-barbalho-e-despenca-em-estacionamento-na-regiao-da-sete-portas-em-salvador","status":"publish","type":"post","link":"https:\/\/brasilnoticias.org\/site\/carro-cai-do-barbalho-e-despenca-em-estacionamento-na-regiao-da-sete-portas-em-salvador\/","title":{"rendered":"Carro cai do Barbalho e despenca em estacionamento na regi\u00e3o da Sete Portas, em Salvador"},"content":{"rendered":"<p data-start=\"93\" data-end=\"353\">Um carro despencou do estacionamento de um pr\u00e9dio no bairro do <strong data-start=\"156\" data-end=\"168\">Barbalho<\/strong>, em Salvador, na tarde de domingo (15), e caiu na \u00e1rea pr\u00f3xima \u00e0 <strong data-start=\"234\" data-end=\"258\">Feira de Sete Portas<\/strong>, provocando grande movimenta\u00e7\u00e3o de equipes de resgate.<\/p>\n<p data-start=\"355\" data-end=\"670\">Segundo informa\u00e7\u00f5es iniciais, o acidente aconteceu por volta das <strong data-start=\"420\" data-end=\"427\">17h<\/strong>, quando o ve\u00edculo caiu de uma altura aproximada de <strong data-start=\"479\" data-end=\"492\">17 metros<\/strong> ap\u00f3s sair da estrutura do estacionamento do edif\u00edcio. O carro atingiu uma \u00e1rea localizada abaixo do pr\u00e9dio, pr\u00f3xima ao mercado da regi\u00e3o.<\/p>\n<h3 data-section-id=\"1gzmi3c\" data-start=\"672\" data-end=\"702\">V\u00edtima presa nas ferragens<\/h3>\n<p data-start=\"704\" data-end=\"1011\">Relatos preliminares apontam que <strong data-start=\"737\" data-end=\"800\">um adolescente estava dentro do ve\u00edculo no momento da queda<\/strong>. Ele ficou preso \u00e0s ferragens e precisou ser retirado por equipes do <strong data-start=\"870\" data-end=\"909\">Corpo de Bombeiros Militar da Bahia<\/strong>, que realizaram uma opera\u00e7\u00e3o de resgate considerada complexa.<\/p>\n<p data-start=\"1013\" data-end=\"1303\">Ap\u00f3s ser retirado do carro, a v\u00edtima foi atendida por profissionais do <strong data-start=\"1084\" data-end=\"1135\">Servi\u00e7o de Atendimento M\u00f3vel de Urg\u00eancia (Samu)<\/strong> e encaminhada para avalia\u00e7\u00e3o m\u00e9dica. At\u00e9 o momento, n\u00e3o foram divulgadas informa\u00e7\u00f5es oficiais sobre o estado de sa\u00fade do jovem.<\/p>\n<h3 data-section-id=\"6imq3\" data-start=\"1305\" data-end=\"1335\">Circunst\u00e2ncias do acidente<\/h3>\n<p data-start=\"1337\" data-end=\"1603\">As circunst\u00e2ncias que provocaram a queda ainda s\u00e3o investigadas. Informa\u00e7\u00f5es iniciais indicam que o adolescente estaria <strong data-start=\"1457\" data-end=\"1510\">lavando o carro com um colega e entrou no ve\u00edculo<\/strong>, momento em que teria perdido o controle da dire\u00e7\u00e3o.<\/p>\n<p data-start=\"1605\" data-end=\"1714\">Equipes da pol\u00edcia e da per\u00edcia foram acionadas para analisar o local e determinar o que causou o acidente.<\/p>\n<p data-start=\"1716\" data-end=\"1997\">Imagens que circulam nas redes sociais mostram o ve\u00edculo parcialmente destru\u00eddo ap\u00f3s a queda, o que chamou a aten\u00e7\u00e3o de moradores e comerciantes da regi\u00e3o das <strong data-start=\"1875\" data-end=\"1890\">Sete Portas<\/strong>, uma das \u00e1reas comerciais mais movimentadas do centro de Salvador.<\/p>\n","protected":false},"excerpt":{"rendered":"<p>Um carro despencou do estacionamento de um pr\u00e9dio no bairro do Barbalho, em Salvador, na tarde de domingo (15), e<\/p>\n","protected":false},"author":4,"featured_media":20974,"comment_status":"open","ping_status":"open","sticky":false,"template":"","format":"standard","meta":{"colormag_page_container_layout":"default_layout","colormag_page_sidebar_layout":"default_layout","_FSMCFIC_featured_image_caption":"","_FSMCFIC_featured_image_nocaption":"","_FSMCFIC_featured_image_hide":"","footnotes":""},"categories":[2,1],"tags":[],"class_list":["post-20973","post","type-post","status-publish","format-standard","has-post-thumbnail","hentry","category-noticias","category-ultimas"],"yoast_head":"<!-- This site is optimized with the Yoast SEO plugin v27.1.1 - https:\/\/yoast.com\/product\/yoast-seo-wordpress\/ -->\n<title>Carro cai do Barbalho e despenca em estacionamento na regi\u00e3o da Sete Portas, em Salvador - Brasil not\u00edcias<\/title>\n<meta name=\"robots\" content=\"index, follow, max-snippet:-1, max-image-preview:large, max-video-preview:-1\" \/>\n<link rel=\"canonical\" href=\"https:\/\/brasilnoticias.org\/site\/carro-cai-do-barbalho-e-despenca-em-estacionamento-na-regiao-da-sete-portas-em-salvador\/\" \/>\n<meta property=\"og:locale\" content=\"pt_PT\" \/>\n<meta property=\"og:type\" content=\"article\" \/>\n<meta property=\"og:title\" content=\"Carro cai do Barbalho e despenca em estacionamento na regi\u00e3o da Sete Portas, em Salvador - Brasil not\u00edcias\" \/>\n<meta property=\"og:description\" content=\"Um carro despencou do estacionamento de um pr\u00e9dio no bairro do Barbalho, em Salvador, na tarde de domingo (15), e\" \/>\n<meta property=\"og:url\" content=\"https:\/\/brasilnoticias.org\/site\/carro-cai-do-barbalho-e-despenca-em-estacionamento-na-regiao-da-sete-portas-em-salvador\/\" \/>\n<meta property=\"og:site_name\" content=\"Brasil not\u00edcias\" \/>\n<meta property=\"article:published_time\" content=\"2026-03-16T10:55:44+00:00\" \/>\n<meta property=\"og:image\" content=\"https:\/\/brasilnoticias.org\/site\/wp-content\/uploads\/2026\/03\/Copia-de-Policia-Federal-15.png\" \/>\n\t<meta property=\"og:image:width\" content=\"600\" \/>\n\t<meta property=\"og:image:height\" content=\"420\" \/>\n\t<meta property=\"og:image:type\" content=\"image\/png\" \/>\n<meta name=\"author\" content=\"Reda\u00e7\u00e3o\" \/>\n<meta name=\"twitter:card\" content=\"summary_large_image\" \/>\n<meta name=\"twitter:label1\" content=\"Escrito por\" \/>\n\t<meta name=\"twitter:data1\" content=\"Reda\u00e7\u00e3o\" \/>\n\t<meta name=\"twitter:label2\" content=\"Tempo estimado de leitura\" \/>\n\t<meta name=\"twitter:data2\" content=\"2 minutos\" \/>\n<script type=\"application\/ld+json\" class=\"yoast-schema-graph\">{\"@context\":\"https:\/\/schema.org\",\"@graph\":[{\"@type\":\"Article\",\"@id\":\"https:\/\/brasilnoticias.org\/site\/carro-cai-do-barbalho-e-despenca-em-estacionamento-na-regiao-da-sete-portas-em-salvador\/#article\",\"isPartOf\":{\"@id\":\"https:\/\/brasilnoticias.org\/site\/carro-cai-do-barbalho-e-despenca-em-estacionamento-na-regiao-da-sete-portas-em-salvador\/\"},\"author\":{\"name\":\"Reda\u00e7\u00e3o\",\"@id\":\"https:\/\/brasilnoticias.org\/site\/#\/schema\/person\/03bbbfe6c7634ad18c26444ea39049fa\"},\"headline\":\"Carro cai do Barbalho e despenca em estacionamento na regi\u00e3o da Sete Portas, em Salvador\",\"datePublished\":\"2026-03-16T10:55:44+00:00\",\"mainEntityOfPage\":{\"@id\":\"https:\/\/brasilnoticias.org\/site\/carro-cai-do-barbalho-e-despenca-em-estacionamento-na-regiao-da-sete-portas-em-salvador\/\"},\"wordCount\":306,\"commentCount\":0,\"publisher\":{\"@id\":\"https:\/\/brasilnoticias.org\/site\/#organization\"},\"image\":{\"@id\":\"https:\/\/brasilnoticias.org\/site\/carro-cai-do-barbalho-e-despenca-em-estacionamento-na-regiao-da-sete-portas-em-salvador\/#primaryimage\"},\"thumbnailUrl\":\"https:\/\/brasilnoticias.org\/site\/wp-content\/uploads\/2026\/03\/Copia-de-Policia-Federal-15.png\",\"articleSection\":[\"Not\u00edcias\",\"\u00daltimas\"],\"inLanguage\":\"pt-PT\",\"potentialAction\":[{\"@type\":\"CommentAction\",\"name\":\"Comment\",\"target\":[\"https:\/\/brasilnoticias.org\/site\/carro-cai-do-barbalho-e-despenca-em-estacionamento-na-regiao-da-sete-portas-em-salvador\/#respond\"]}]},{\"@type\":\"WebPage\",\"@id\":\"https:\/\/brasilnoticias.org\/site\/carro-cai-do-barbalho-e-despenca-em-estacionamento-na-regiao-da-sete-portas-em-salvador\/\",\"url\":\"https:\/\/brasilnoticias.org\/site\/carro-cai-do-barbalho-e-despenca-em-estacionamento-na-regiao-da-sete-portas-em-salvador\/\",\"name\":\"Carro cai do Barbalho e despenca em estacionamento na regi\u00e3o da Sete Portas, em Salvador - Brasil not\u00edcias\",\"isPartOf\":{\"@id\":\"https:\/\/brasilnoticias.org\/site\/#website\"},\"primaryImageOfPage\":{\"@id\":\"https:\/\/brasilnoticias.org\/site\/carro-cai-do-barbalho-e-despenca-em-estacionamento-na-regiao-da-sete-portas-em-salvador\/#primaryimage\"},\"image\":{\"@id\":\"https:\/\/brasilnoticias.org\/site\/carro-cai-do-barbalho-e-despenca-em-estacionamento-na-regiao-da-sete-portas-em-salvador\/#primaryimage\"},\"thumbnailUrl\":\"https:\/\/brasilnoticias.org\/site\/wp-content\/uploads\/2026\/03\/Copia-de-Policia-Federal-15.png\",\"datePublished\":\"2026-03-16T10:55:44+00:00\",\"breadcrumb\":{\"@id\":\"https:\/\/brasilnoticias.org\/site\/carro-cai-do-barbalho-e-despenca-em-estacionamento-na-regiao-da-sete-portas-em-salvador\/#breadcrumb\"},\"inLanguage\":\"pt-PT\",\"potentialAction\":[{\"@type\":\"ReadAction\",\"target\":[\"https:\/\/brasilnoticias.org\/site\/carro-cai-do-barbalho-e-despenca-em-estacionamento-na-regiao-da-sete-portas-em-salvador\/\"]}]},{\"@type\":\"ImageObject\",\"inLanguage\":\"pt-PT\",\"@id\":\"https:\/\/brasilnoticias.org\/site\/carro-cai-do-barbalho-e-despenca-em-estacionamento-na-regiao-da-sete-portas-em-salvador\/#primaryimage\",\"url\":\"https:\/\/brasilnoticias.org\/site\/wp-content\/uploads\/2026\/03\/Copia-de-Policia-Federal-15.png\",\"contentUrl\":\"https:\/\/brasilnoticias.org\/site\/wp-content\/uploads\/2026\/03\/Copia-de-Policia-Federal-15.png\",\"width\":600,\"height\":420,\"caption\":\"Reprodu\u00e7\u00e3o\"},{\"@type\":\"BreadcrumbList\",\"@id\":\"https:\/\/brasilnoticias.org\/site\/carro-cai-do-barbalho-e-despenca-em-estacionamento-na-regiao-da-sete-portas-em-salvador\/#breadcrumb\",\"itemListElement\":[{\"@type\":\"ListItem\",\"position\":1,\"name\":\"In\u00edcio\",\"item\":\"https:\/\/brasilnoticias.org\/site\/\"},{\"@type\":\"ListItem\",\"position\":2,\"name\":\"Carro cai do Barbalho e despenca em estacionamento na regi\u00e3o da Sete Portas, em Salvador\"}]},{\"@type\":\"WebSite\",\"@id\":\"https:\/\/brasilnoticias.org\/site\/#website\",\"url\":\"https:\/\/brasilnoticias.org\/site\/\",\"name\":\"Brasil not\u00edcias\",\"description\":\"Brasil not\u00edcias\",\"publisher\":{\"@id\":\"https:\/\/brasilnoticias.org\/site\/#organization\"},\"potentialAction\":[{\"@type\":\"SearchAction\",\"target\":{\"@type\":\"EntryPoint\",\"urlTemplate\":\"https:\/\/brasilnoticias.org\/site\/?s={search_term_string}\"},\"query-input\":{\"@type\":\"PropertyValueSpecification\",\"valueRequired\":true,\"valueName\":\"search_term_string\"}}],\"inLanguage\":\"pt-PT\"},{\"@type\":\"Organization\",\"@id\":\"https:\/\/brasilnoticias.org\/site\/#organization\",\"name\":\"Brasil not\u00edcias\",\"url\":\"https:\/\/brasilnoticias.org\/site\/\",\"logo\":{\"@type\":\"ImageObject\",\"inLanguage\":\"pt-PT\",\"@id\":\"https:\/\/brasilnoticias.org\/site\/#\/schema\/logo\/image\/\",\"url\":\"https:\/\/brasilnoticias.org\/site\/wp-content\/uploads\/2022\/05\/cropped-brasilnoticias-mini.jpg\",\"contentUrl\":\"https:\/\/brasilnoticias.org\/site\/wp-content\/uploads\/2022\/05\/cropped-brasilnoticias-mini.jpg\",\"width\":314,\"height\":86,\"caption\":\"Brasil not\u00edcias\"},\"image\":{\"@id\":\"https:\/\/brasilnoticias.org\/site\/#\/schema\/logo\/image\/\"}},{\"@type\":\"Person\",\"@id\":\"https:\/\/brasilnoticias.org\/site\/#\/schema\/person\/03bbbfe6c7634ad18c26444ea39049fa\",\"name\":\"Reda\u00e7\u00e3o\",\"image\":{\"@type\":\"ImageObject\",\"inLanguage\":\"pt-PT\",\"@id\":\"https:\/\/brasilnoticias.org\/site\/#\/schema\/person\/image\/\",\"url\":\"https:\/\/secure.gravatar.com\/avatar\/9ecaf7327a696cb23ad926fedded5f1f04d7049de9e445375d55b48c001a6e42?s=96&d=mm&r=g\",\"contentUrl\":\"https:\/\/secure.gravatar.com\/avatar\/9ecaf7327a696cb23ad926fedded5f1f04d7049de9e445375d55b48c001a6e42?s=96&d=mm&r=g\",\"caption\":\"Reda\u00e7\u00e3o\"},\"url\":\"https:\/\/brasilnoticias.org\/site\/author\/henrique\/\"}]}<\/script>\n<!-- \/ Yoast SEO plugin. -->","yoast_head_json":{"title":"Carro cai do Barbalho e despenca em estacionamento na regi\u00e3o da Sete Portas, em Salvador - Brasil not\u00edcias","robots":{"index":"index","follow":"follow","max-snippet":"max-snippet:-1","max-image-preview":"max-image-preview:large","max-video-preview":"max-video-preview:-1"},"canonical":"https:\/\/brasilnoticias.org\/site\/carro-cai-do-barbalho-e-despenca-em-estacionamento-na-regiao-da-sete-portas-em-salvador\/","og_locale":"pt_PT","og_type":"article","og_title":"Carro cai do Barbalho e despenca em estacionamento na regi\u00e3o da Sete Portas, em Salvador - Brasil not\u00edcias","og_description":"Um carro despencou do estacionamento de um pr\u00e9dio no bairro do Barbalho, em Salvador, na tarde de domingo (15), e","og_url":"https:\/\/brasilnoticias.org\/site\/carro-cai-do-barbalho-e-despenca-em-estacionamento-na-regiao-da-sete-portas-em-salvador\/","og_site_name":"Brasil not\u00edcias","article_published_time":"2026-03-16T10:55:44+00:00","og_image":[{"width":600,"height":420,"url":"https:\/\/brasilnoticias.org\/site\/wp-content\/uploads\/2026\/03\/Copia-de-Policia-Federal-15.png","type":"image\/png"}],"author":"Reda\u00e7\u00e3o","twitter_card":"summary_large_image","twitter_misc":{"Escrito por":"Reda\u00e7\u00e3o","Tempo estimado de leitura":"2 minutos"},"schema":{"@context":"https:\/\/schema.org","@graph":[{"@type":"Article","@id":"https:\/\/brasilnoticias.org\/site\/carro-cai-do-barbalho-e-despenca-em-estacionamento-na-regiao-da-sete-portas-em-salvador\/#article","isPartOf":{"@id":"https:\/\/brasilnoticias.org\/site\/carro-cai-do-barbalho-e-despenca-em-estacionamento-na-regiao-da-sete-portas-em-salvador\/"},"author":{"name":"Reda\u00e7\u00e3o","@id":"https:\/\/brasilnoticias.org\/site\/#\/schema\/person\/03bbbfe6c7634ad18c26444ea39049fa"},"headline":"Carro cai do Barbalho e despenca em estacionamento na regi\u00e3o da Sete Portas, em Salvador","datePublished":"2026-03-16T10:55:44+00:00","mainEntityOfPage":{"@id":"https:\/\/brasilnoticias.org\/site\/carro-cai-do-barbalho-e-despenca-em-estacionamento-na-regiao-da-sete-portas-em-salvador\/"},"wordCount":306,"commentCount":0,"publisher":{"@id":"https:\/\/brasilnoticias.org\/site\/#organization"},"image":{"@id":"https:\/\/brasilnoticias.org\/site\/carro-cai-do-barbalho-e-despenca-em-estacionamento-na-regiao-da-sete-portas-em-salvador\/#primaryimage"},"thumbnailUrl":"https:\/\/brasilnoticias.org\/site\/wp-content\/uploads\/2026\/03\/Copia-de-Policia-Federal-15.png","articleSection":["Not\u00edcias","\u00daltimas"],"inLanguage":"pt-PT","potentialAction":[{"@type":"CommentAction","name":"Comment","target":["https:\/\/brasilnoticias.org\/site\/carro-cai-do-barbalho-e-despenca-em-estacionamento-na-regiao-da-sete-portas-em-salvador\/#respond"]}]},{"@type":"WebPage","@id":"https:\/\/brasilnoticias.org\/site\/carro-cai-do-barbalho-e-despenca-em-estacionamento-na-regiao-da-sete-portas-em-salvador\/","url":"https:\/\/brasilnoticias.org\/site\/carro-cai-do-barbalho-e-despenca-em-estacionamento-na-regiao-da-sete-portas-em-salvador\/","name":"Carro cai do Barbalho e despenca em estacionamento na regi\u00e3o da Sete Portas, em Salvador - Brasil not\u00edcias","isPartOf":{"@id":"https:\/\/brasilnoticias.org\/site\/#website"},"primaryImageOfPage":{"@id":"https:\/\/brasilnoticias.org\/site\/carro-cai-do-barbalho-e-despenca-em-estacionamento-na-regiao-da-sete-portas-em-salvador\/#primaryimage"},"image":{"@id":"https:\/\/brasilnoticias.org\/site\/carro-cai-do-barbalho-e-despenca-em-estacionamento-na-regiao-da-sete-portas-em-salvador\/#primaryimage"},"thumbnailUrl":"https:\/\/brasilnoticias.org\/site\/wp-content\/uploads\/2026\/03\/Copia-de-Policia-Federal-15.png","datePublished":"2026-03-16T10:55:44+00:00","breadcrumb":{"@id":"https:\/\/brasilnoticias.org\/site\/carro-cai-do-barbalho-e-despenca-em-estacionamento-na-regiao-da-sete-portas-em-salvador\/#breadcrumb"},"inLanguage":"pt-PT","potentialAction":[{"@type":"ReadAction","target":["https:\/\/brasilnoticias.org\/site\/carro-cai-do-barbalho-e-despenca-em-estacionamento-na-regiao-da-sete-portas-em-salvador\/"]}]},{"@type":"ImageObject","inLanguage":"pt-PT","@id":"https:\/\/brasilnoticias.org\/site\/carro-cai-do-barbalho-e-despenca-em-estacionamento-na-regiao-da-sete-portas-em-salvador\/#primaryimage","url":"https:\/\/brasilnoticias.org\/site\/wp-content\/uploads\/2026\/03\/Copia-de-Policia-Federal-15.png","contentUrl":"https:\/\/brasilnoticias.org\/site\/wp-content\/uploads\/2026\/03\/Copia-de-Policia-Federal-15.png","width":600,"height":420,"caption":"Reprodu\u00e7\u00e3o"},{"@type":"BreadcrumbList","@id":"https:\/\/brasilnoticias.org\/site\/carro-cai-do-barbalho-e-despenca-em-estacionamento-na-regiao-da-sete-portas-em-salvador\/#breadcrumb","itemListElement":[{"@type":"ListItem","position":1,"name":"In\u00edcio","item":"https:\/\/brasilnoticias.org\/site\/"},{"@type":"ListItem","position":2,"name":"Carro cai do Barbalho e despenca em estacionamento na regi\u00e3o da Sete Portas, em Salvador"}]},{"@type":"WebSite","@id":"https:\/\/brasilnoticias.org\/site\/#website","url":"https:\/\/brasilnoticias.org\/site\/","name":"Brasil not\u00edcias","description":"Brasil not\u00edcias","publisher":{"@id":"https:\/\/brasilnoticias.org\/site\/#organization"},"potentialAction":[{"@type":"SearchAction","target":{"@type":"EntryPoint","urlTemplate":"https:\/\/brasilnoticias.org\/site\/?s={search_term_string}"},"query-input":{"@type":"PropertyValueSpecification","valueRequired":true,"valueName":"search_term_string"}}],"inLanguage":"pt-PT"},{"@type":"Organization","@id":"https:\/\/brasilnoticias.org\/site\/#organization","name":"Brasil not\u00edcias","url":"https:\/\/brasilnoticias.org\/site\/","logo":{"@type":"ImageObject","inLanguage":"pt-PT","@id":"https:\/\/brasilnoticias.org\/site\/#\/schema\/logo\/image\/","url":"https:\/\/brasilnoticias.org\/site\/wp-content\/uploads\/2022\/05\/cropped-brasilnoticias-mini.jpg","contentUrl":"https:\/\/brasilnoticias.org\/site\/wp-content\/uploads\/2022\/05\/cropped-brasilnoticias-mini.jpg","width":314,"height":86,"caption":"Brasil not\u00edcias"},"image":{"@id":"https:\/\/brasilnoticias.org\/site\/#\/schema\/logo\/image\/"}},{"@type":"Person","@id":"https:\/\/brasilnoticias.org\/site\/#\/schema\/person\/03bbbfe6c7634ad18c26444ea39049fa","name":"Reda\u00e7\u00e3o","image":{"@type":"ImageObject","inLanguage":"pt-PT","@id":"https:\/\/brasilnoticias.org\/site\/#\/schema\/person\/image\/","url":"https:\/\/secure.gravatar.com\/avatar\/9ecaf7327a696cb23ad926fedded5f1f04d7049de9e445375d55b48c001a6e42?s=96&d=mm&r=g","contentUrl":"https:\/\/secure.gravatar.com\/avatar\/9ecaf7327a696cb23ad926fedded5f1f04d7049de9e445375d55b48c001a6e42?s=96&d=mm&r=g","caption":"Reda\u00e7\u00e3o"},"url":"https:\/\/brasilnoticias.org\/site\/author\/henrique\/"}]}},"_links":{"self":[{"href":"https:\/\/brasilnoticias.org\/site\/wp-json\/wp\/v2\/posts\/20973","targetHints":{"allow":["GET"]}}],"collection":[{"href":"https:\/\/brasilnoticias.org\/site\/wp-json\/wp\/v2\/posts"}],"about":[{"href":"https:\/\/brasilnoticias.org\/site\/wp-json\/wp\/v2\/types\/post"}],"author":[{"embeddable":true,"href":"https:\/\/brasilnoticias.org\/site\/wp-json\/wp\/v2\/users\/4"}],"replies":[{"embeddable":true,"href":"https:\/\/brasilnoticias.org\/site\/wp-json\/wp\/v2\/comments?post=20973"}],"version-history":[{"count":1,"href":"https:\/\/brasilnoticias.org\/site\/wp-json\/wp\/v2\/posts\/20973\/revisions"}],"predecessor-version":[{"id":20975,"href":"https:\/\/brasilnoticias.org\/site\/wp-json\/wp\/v2\/posts\/20973\/revisions\/20975"}],"wp:featuredmedia":[{"embeddable":true,"href":"https:\/\/brasilnoticias.org\/site\/wp-json\/wp\/v2\/media\/20974"}],"wp:attachment":[{"href":"https:\/\/brasilnoticias.org\/site\/wp-json\/wp\/v2\/media?parent=20973"}],"wp:term":[{"taxonomy":"category","embeddable":true,"href":"https:\/\/brasilnoticias.org\/site\/wp-json\/wp\/v2\/categories?post=20973"},{"taxonomy":"post_tag","embeddable":true,"href":"https:\/\/brasilnoticias.org\/site\/wp-json\/wp\/v2\/tags?post=20973"}],"curies":[{"name":"wp","href":"https:\/\/api.w.org\/{rel}","templated":true}]}}