{"id":20979,"date":"2026-03-16T11:00:07","date_gmt":"2026-03-16T14:00:07","guid":{"rendered":"https:\/\/brasilnoticias.org\/site\/?p=20979"},"modified":"2026-03-16T11:00:07","modified_gmt":"2026-03-16T14:00:07","slug":"imposto-de-renda-2026-saiba-quem-e-obrigado-a-declarar","status":"publish","type":"post","link":"https:\/\/brasilnoticias.org\/site\/imposto-de-renda-2026-saiba-quem-e-obrigado-a-declarar\/","title":{"rendered":"Imposto de Renda 2026: saiba quem \u00e9 obrigado a declarar"},"content":{"rendered":"<p data-start=\"60\" data-end=\"318\">A Receita Federal divulgou as regras para a <strong data-start=\"104\" data-end=\"143\">declara\u00e7\u00e3o do Imposto de Renda 2026<\/strong>, referente aos rendimentos obtidos ao longo de 2025. Entre os crit\u00e9rios estabelecidos, est\u00e1 o valor m\u00ednimo de renda anual que obriga o contribuinte a prestar contas ao Fisco.<\/p>\n<p data-start=\"320\" data-end=\"547\">De acordo com as normas, deve declarar quem recebeu <strong data-start=\"372\" data-end=\"444\">rendimentos tribut\u00e1veis superiores a R$ 33.888 durante o ano de 2025<\/strong>. Nessa categoria est\u00e3o inclu\u00eddos sal\u00e1rios, aposentadorias, pens\u00f5es, alugu\u00e9is e outras fontes de renda.<\/p>\n<h3 data-section-id=\"jj7v4r\" data-start=\"549\" data-end=\"574\">Quem precisa declarar<\/h3>\n<p data-start=\"576\" data-end=\"734\">Al\u00e9m do limite de rendimentos tribut\u00e1veis, a Receita Federal estabelece outras situa\u00e7\u00f5es que obrigam o contribuinte a entregar a declara\u00e7\u00e3o. Entre elas est\u00e3o:<\/p>\n<ul data-start=\"736\" data-end=\"1239\">\n<li data-section-id=\"b0s7p6\" data-start=\"736\" data-end=\"861\">\n<p data-start=\"738\" data-end=\"861\">Pessoas que receberam <strong data-start=\"760\" data-end=\"858\">rendimentos isentos, n\u00e3o tribut\u00e1veis ou tributados exclusivamente na fonte acima de R$ 200 mil<\/strong>;<\/p>\n<\/li>\n<li data-section-id=\"13etogy\" data-start=\"862\" data-end=\"968\">\n<p data-start=\"864\" data-end=\"968\">Contribuintes que tiveram <strong data-start=\"890\" data-end=\"939\">ganho de capital na venda de bens ou direitos<\/strong>, como im\u00f3veis ou ve\u00edculos;<\/p>\n<\/li>\n<li data-section-id=\"1dy6f8o\" data-start=\"969\" data-end=\"1052\">\n<p data-start=\"971\" data-end=\"1052\">Quem realizou <strong data-start=\"985\" data-end=\"1049\">opera\u00e7\u00f5es em bolsas de valores, de mercadorias ou de futuros<\/strong>;<\/p>\n<\/li>\n<li data-section-id=\"5blgsq\" data-start=\"1053\" data-end=\"1148\">\n<p data-start=\"1055\" data-end=\"1148\">Produtores rurais que obtiveram <strong data-start=\"1087\" data-end=\"1126\">receita bruta superior a R$ 169.440<\/strong> em atividade rural;<\/p>\n<\/li>\n<li data-section-id=\"hz4it8\" data-start=\"1149\" data-end=\"1239\">\n<p data-start=\"1151\" data-end=\"1239\">Pessoas que possu\u00edam <strong data-start=\"1172\" data-end=\"1212\">bens ou direitos acima de R$ 800 mil<\/strong> em 31 de dezembro de 2025.<\/p>\n<\/li>\n<\/ul>\n<h3 data-section-id=\"eei1en\" data-start=\"1241\" data-end=\"1261\">Prazo de entrega<\/h3>\n<p data-start=\"1263\" data-end=\"1431\">O prazo oficial para envio da declara\u00e7\u00e3o ainda ser\u00e1 detalhado pela Receita Federal, mas tradicionalmente o per\u00edodo de entrega ocorre entre <strong data-start=\"1402\" data-end=\"1418\">mar\u00e7o e maio<\/strong> de cada ano.<\/p>\n<p data-start=\"1433\" data-end=\"1670\">A recomenda\u00e7\u00e3o \u00e9 que os contribuintes organizem com anteced\u00eancia documentos como <strong data-start=\"1514\" data-end=\"1607\">informes de rendimentos, comprovantes de despesas m\u00e9dicas, educacionais e dados banc\u00e1rios<\/strong>, que podem ser utilizados para dedu\u00e7\u00f5es no c\u00e1lculo do imposto.<\/p>\n<p data-start=\"1672\" data-end=\"1817\" data-is-last-node=\"\" data-is-only-node=\"\">Quem perder o prazo ou deixar de declarar quando estiver obrigado poder\u00e1 pagar <strong data-start=\"1751\" data-end=\"1816\">multa e outras penalidades previstas na legisla\u00e7\u00e3o tribut\u00e1ria<\/strong>.<\/p>\n","protected":false},"excerpt":{"rendered":"<p>A Receita Federal divulgou as regras para a declara\u00e7\u00e3o do Imposto de Renda 2026, referente aos rendimentos obtidos ao longo<\/p>\n","protected":false},"author":4,"featured_media":20987,"comment_status":"open","ping_status":"open","sticky":false,"template":"","format":"standard","meta":{"colormag_page_container_layout":"default_layout","colormag_page_sidebar_layout":"default_layout","_FSMCFIC_featured_image_caption":"","_FSMCFIC_featured_image_nocaption":"","_FSMCFIC_featured_image_hide":"","footnotes":""},"categories":[2,1],"tags":[],"class_list":["post-20979","post","type-post","status-publish","format-standard","has-post-thumbnail","hentry","category-noticias","category-ultimas"],"yoast_head":"<!-- This site is optimized with the Yoast SEO plugin v27.1.1 - https:\/\/yoast.com\/product\/yoast-seo-wordpress\/ -->\n<title>Imposto de Renda 2026: saiba quem \u00e9 obrigado a declarar - Brasil not\u00edcias<\/title>\n<meta name=\"robots\" content=\"index, follow, max-snippet:-1, max-image-preview:large, max-video-preview:-1\" \/>\n<link rel=\"canonical\" href=\"https:\/\/brasilnoticias.org\/site\/imposto-de-renda-2026-saiba-quem-e-obrigado-a-declarar\/\" \/>\n<meta property=\"og:locale\" content=\"pt_PT\" \/>\n<meta property=\"og:type\" content=\"article\" \/>\n<meta property=\"og:title\" content=\"Imposto de Renda 2026: saiba quem \u00e9 obrigado a declarar - Brasil not\u00edcias\" \/>\n<meta property=\"og:description\" content=\"A Receita Federal divulgou as regras para a declara\u00e7\u00e3o do Imposto de Renda 2026, referente aos rendimentos obtidos ao longo\" \/>\n<meta property=\"og:url\" content=\"https:\/\/brasilnoticias.org\/site\/imposto-de-renda-2026-saiba-quem-e-obrigado-a-declarar\/\" \/>\n<meta property=\"og:site_name\" content=\"Brasil not\u00edcias\" \/>\n<meta property=\"article:published_time\" content=\"2026-03-16T14:00:07+00:00\" \/>\n<meta property=\"og:image\" content=\"https:\/\/brasilnoticias.org\/site\/wp-content\/uploads\/2026\/03\/declaracao-do-imposto-de-renda-comeca-na-proxima-s0138277500202603161023-ScaleDownProportional.webp\" \/>\n\t<meta property=\"og:image:width\" content=\"920\" \/>\n\t<meta property=\"og:image:height\" content=\"615\" \/>\n\t<meta property=\"og:image:type\" content=\"image\/webp\" \/>\n<meta name=\"author\" content=\"Reda\u00e7\u00e3o\" \/>\n<meta name=\"twitter:card\" content=\"summary_large_image\" \/>\n<meta name=\"twitter:label1\" content=\"Escrito por\" \/>\n\t<meta name=\"twitter:data1\" content=\"Reda\u00e7\u00e3o\" \/>\n\t<meta name=\"twitter:label2\" content=\"Tempo estimado de leitura\" \/>\n\t<meta name=\"twitter:data2\" content=\"2 minutos\" \/>\n<script type=\"application\/ld+json\" class=\"yoast-schema-graph\">{\"@context\":\"https:\/\/schema.org\",\"@graph\":[{\"@type\":\"Article\",\"@id\":\"https:\/\/brasilnoticias.org\/site\/imposto-de-renda-2026-saiba-quem-e-obrigado-a-declarar\/#article\",\"isPartOf\":{\"@id\":\"https:\/\/brasilnoticias.org\/site\/imposto-de-renda-2026-saiba-quem-e-obrigado-a-declarar\/\"},\"author\":{\"name\":\"Reda\u00e7\u00e3o\",\"@id\":\"https:\/\/brasilnoticias.org\/site\/#\/schema\/person\/03bbbfe6c7634ad18c26444ea39049fa\"},\"headline\":\"Imposto de Renda 2026: saiba quem \u00e9 obrigado a declarar\",\"datePublished\":\"2026-03-16T14:00:07+00:00\",\"mainEntityOfPage\":{\"@id\":\"https:\/\/brasilnoticias.org\/site\/imposto-de-renda-2026-saiba-quem-e-obrigado-a-declarar\/\"},\"wordCount\":288,\"commentCount\":0,\"publisher\":{\"@id\":\"https:\/\/brasilnoticias.org\/site\/#organization\"},\"image\":{\"@id\":\"https:\/\/brasilnoticias.org\/site\/imposto-de-renda-2026-saiba-quem-e-obrigado-a-declarar\/#primaryimage\"},\"thumbnailUrl\":\"https:\/\/brasilnoticias.org\/site\/wp-content\/uploads\/2026\/03\/declaracao-do-imposto-de-renda-comeca-na-proxima-s0138277500202603161023-ScaleDownProportional.webp\",\"articleSection\":[\"Not\u00edcias\",\"\u00daltimas\"],\"inLanguage\":\"pt-PT\",\"potentialAction\":[{\"@type\":\"CommentAction\",\"name\":\"Comment\",\"target\":[\"https:\/\/brasilnoticias.org\/site\/imposto-de-renda-2026-saiba-quem-e-obrigado-a-declarar\/#respond\"]}]},{\"@type\":\"WebPage\",\"@id\":\"https:\/\/brasilnoticias.org\/site\/imposto-de-renda-2026-saiba-quem-e-obrigado-a-declarar\/\",\"url\":\"https:\/\/brasilnoticias.org\/site\/imposto-de-renda-2026-saiba-quem-e-obrigado-a-declarar\/\",\"name\":\"Imposto de Renda 2026: saiba quem \u00e9 obrigado a declarar - Brasil not\u00edcias\",\"isPartOf\":{\"@id\":\"https:\/\/brasilnoticias.org\/site\/#website\"},\"primaryImageOfPage\":{\"@id\":\"https:\/\/brasilnoticias.org\/site\/imposto-de-renda-2026-saiba-quem-e-obrigado-a-declarar\/#primaryimage\"},\"image\":{\"@id\":\"https:\/\/brasilnoticias.org\/site\/imposto-de-renda-2026-saiba-quem-e-obrigado-a-declarar\/#primaryimage\"},\"thumbnailUrl\":\"https:\/\/brasilnoticias.org\/site\/wp-content\/uploads\/2026\/03\/declaracao-do-imposto-de-renda-comeca-na-proxima-s0138277500202603161023-ScaleDownProportional.webp\",\"datePublished\":\"2026-03-16T14:00:07+00:00\",\"breadcrumb\":{\"@id\":\"https:\/\/brasilnoticias.org\/site\/imposto-de-renda-2026-saiba-quem-e-obrigado-a-declarar\/#breadcrumb\"},\"inLanguage\":\"pt-PT\",\"potentialAction\":[{\"@type\":\"ReadAction\",\"target\":[\"https:\/\/brasilnoticias.org\/site\/imposto-de-renda-2026-saiba-quem-e-obrigado-a-declarar\/\"]}]},{\"@type\":\"ImageObject\",\"inLanguage\":\"pt-PT\",\"@id\":\"https:\/\/brasilnoticias.org\/site\/imposto-de-renda-2026-saiba-quem-e-obrigado-a-declarar\/#primaryimage\",\"url\":\"https:\/\/brasilnoticias.org\/site\/wp-content\/uploads\/2026\/03\/declaracao-do-imposto-de-renda-comeca-na-proxima-s0138277500202603161023-ScaleDownProportional.webp\",\"contentUrl\":\"https:\/\/brasilnoticias.org\/site\/wp-content\/uploads\/2026\/03\/declaracao-do-imposto-de-renda-comeca-na-proxima-s0138277500202603161023-ScaleDownProportional.webp\",\"width\":920,\"height\":615},{\"@type\":\"BreadcrumbList\",\"@id\":\"https:\/\/brasilnoticias.org\/site\/imposto-de-renda-2026-saiba-quem-e-obrigado-a-declarar\/#breadcrumb\",\"itemListElement\":[{\"@type\":\"ListItem\",\"position\":1,\"name\":\"In\u00edcio\",\"item\":\"https:\/\/brasilnoticias.org\/site\/\"},{\"@type\":\"ListItem\",\"position\":2,\"name\":\"Imposto de Renda 2026: saiba quem \u00e9 obrigado a declarar\"}]},{\"@type\":\"WebSite\",\"@id\":\"https:\/\/brasilnoticias.org\/site\/#website\",\"url\":\"https:\/\/brasilnoticias.org\/site\/\",\"name\":\"Brasil not\u00edcias\",\"description\":\"Brasil not\u00edcias\",\"publisher\":{\"@id\":\"https:\/\/brasilnoticias.org\/site\/#organization\"},\"potentialAction\":[{\"@type\":\"SearchAction\",\"target\":{\"@type\":\"EntryPoint\",\"urlTemplate\":\"https:\/\/brasilnoticias.org\/site\/?s={search_term_string}\"},\"query-input\":{\"@type\":\"PropertyValueSpecification\",\"valueRequired\":true,\"valueName\":\"search_term_string\"}}],\"inLanguage\":\"pt-PT\"},{\"@type\":\"Organization\",\"@id\":\"https:\/\/brasilnoticias.org\/site\/#organization\",\"name\":\"Brasil not\u00edcias\",\"url\":\"https:\/\/brasilnoticias.org\/site\/\",\"logo\":{\"@type\":\"ImageObject\",\"inLanguage\":\"pt-PT\",\"@id\":\"https:\/\/brasilnoticias.org\/site\/#\/schema\/logo\/image\/\",\"url\":\"https:\/\/brasilnoticias.org\/site\/wp-content\/uploads\/2022\/05\/cropped-brasilnoticias-mini.jpg\",\"contentUrl\":\"https:\/\/brasilnoticias.org\/site\/wp-content\/uploads\/2022\/05\/cropped-brasilnoticias-mini.jpg\",\"width\":314,\"height\":86,\"caption\":\"Brasil not\u00edcias\"},\"image\":{\"@id\":\"https:\/\/brasilnoticias.org\/site\/#\/schema\/logo\/image\/\"}},{\"@type\":\"Person\",\"@id\":\"https:\/\/brasilnoticias.org\/site\/#\/schema\/person\/03bbbfe6c7634ad18c26444ea39049fa\",\"name\":\"Reda\u00e7\u00e3o\",\"image\":{\"@type\":\"ImageObject\",\"inLanguage\":\"pt-PT\",\"@id\":\"https:\/\/brasilnoticias.org\/site\/#\/schema\/person\/image\/\",\"url\":\"https:\/\/secure.gravatar.com\/avatar\/9ecaf7327a696cb23ad926fedded5f1f04d7049de9e445375d55b48c001a6e42?s=96&d=mm&r=g\",\"contentUrl\":\"https:\/\/secure.gravatar.com\/avatar\/9ecaf7327a696cb23ad926fedded5f1f04d7049de9e445375d55b48c001a6e42?s=96&d=mm&r=g\",\"caption\":\"Reda\u00e7\u00e3o\"},\"url\":\"https:\/\/brasilnoticias.org\/site\/author\/henrique\/\"}]}<\/script>\n<!-- \/ Yoast SEO plugin. -->","yoast_head_json":{"title":"Imposto de Renda 2026: saiba quem \u00e9 obrigado a declarar - Brasil not\u00edcias","robots":{"index":"index","follow":"follow","max-snippet":"max-snippet:-1","max-image-preview":"max-image-preview:large","max-video-preview":"max-video-preview:-1"},"canonical":"https:\/\/brasilnoticias.org\/site\/imposto-de-renda-2026-saiba-quem-e-obrigado-a-declarar\/","og_locale":"pt_PT","og_type":"article","og_title":"Imposto de Renda 2026: saiba quem \u00e9 obrigado a declarar - Brasil not\u00edcias","og_description":"A Receita Federal divulgou as regras para a declara\u00e7\u00e3o do Imposto de Renda 2026, referente aos rendimentos obtidos ao longo","og_url":"https:\/\/brasilnoticias.org\/site\/imposto-de-renda-2026-saiba-quem-e-obrigado-a-declarar\/","og_site_name":"Brasil not\u00edcias","article_published_time":"2026-03-16T14:00:07+00:00","og_image":[{"width":920,"height":615,"url":"https:\/\/brasilnoticias.org\/site\/wp-content\/uploads\/2026\/03\/declaracao-do-imposto-de-renda-comeca-na-proxima-s0138277500202603161023-ScaleDownProportional.webp","type":"image\/webp"}],"author":"Reda\u00e7\u00e3o","twitter_card":"summary_large_image","twitter_misc":{"Escrito por":"Reda\u00e7\u00e3o","Tempo estimado de leitura":"2 minutos"},"schema":{"@context":"https:\/\/schema.org","@graph":[{"@type":"Article","@id":"https:\/\/brasilnoticias.org\/site\/imposto-de-renda-2026-saiba-quem-e-obrigado-a-declarar\/#article","isPartOf":{"@id":"https:\/\/brasilnoticias.org\/site\/imposto-de-renda-2026-saiba-quem-e-obrigado-a-declarar\/"},"author":{"name":"Reda\u00e7\u00e3o","@id":"https:\/\/brasilnoticias.org\/site\/#\/schema\/person\/03bbbfe6c7634ad18c26444ea39049fa"},"headline":"Imposto de Renda 2026: saiba quem \u00e9 obrigado a declarar","datePublished":"2026-03-16T14:00:07+00:00","mainEntityOfPage":{"@id":"https:\/\/brasilnoticias.org\/site\/imposto-de-renda-2026-saiba-quem-e-obrigado-a-declarar\/"},"wordCount":288,"commentCount":0,"publisher":{"@id":"https:\/\/brasilnoticias.org\/site\/#organization"},"image":{"@id":"https:\/\/brasilnoticias.org\/site\/imposto-de-renda-2026-saiba-quem-e-obrigado-a-declarar\/#primaryimage"},"thumbnailUrl":"https:\/\/brasilnoticias.org\/site\/wp-content\/uploads\/2026\/03\/declaracao-do-imposto-de-renda-comeca-na-proxima-s0138277500202603161023-ScaleDownProportional.webp","articleSection":["Not\u00edcias","\u00daltimas"],"inLanguage":"pt-PT","potentialAction":[{"@type":"CommentAction","name":"Comment","target":["https:\/\/brasilnoticias.org\/site\/imposto-de-renda-2026-saiba-quem-e-obrigado-a-declarar\/#respond"]}]},{"@type":"WebPage","@id":"https:\/\/brasilnoticias.org\/site\/imposto-de-renda-2026-saiba-quem-e-obrigado-a-declarar\/","url":"https:\/\/brasilnoticias.org\/site\/imposto-de-renda-2026-saiba-quem-e-obrigado-a-declarar\/","name":"Imposto de Renda 2026: saiba quem \u00e9 obrigado a declarar - Brasil not\u00edcias","isPartOf":{"@id":"https:\/\/brasilnoticias.org\/site\/#website"},"primaryImageOfPage":{"@id":"https:\/\/brasilnoticias.org\/site\/imposto-de-renda-2026-saiba-quem-e-obrigado-a-declarar\/#primaryimage"},"image":{"@id":"https:\/\/brasilnoticias.org\/site\/imposto-de-renda-2026-saiba-quem-e-obrigado-a-declarar\/#primaryimage"},"thumbnailUrl":"https:\/\/brasilnoticias.org\/site\/wp-content\/uploads\/2026\/03\/declaracao-do-imposto-de-renda-comeca-na-proxima-s0138277500202603161023-ScaleDownProportional.webp","datePublished":"2026-03-16T14:00:07+00:00","breadcrumb":{"@id":"https:\/\/brasilnoticias.org\/site\/imposto-de-renda-2026-saiba-quem-e-obrigado-a-declarar\/#breadcrumb"},"inLanguage":"pt-PT","potentialAction":[{"@type":"ReadAction","target":["https:\/\/brasilnoticias.org\/site\/imposto-de-renda-2026-saiba-quem-e-obrigado-a-declarar\/"]}]},{"@type":"ImageObject","inLanguage":"pt-PT","@id":"https:\/\/brasilnoticias.org\/site\/imposto-de-renda-2026-saiba-quem-e-obrigado-a-declarar\/#primaryimage","url":"https:\/\/brasilnoticias.org\/site\/wp-content\/uploads\/2026\/03\/declaracao-do-imposto-de-renda-comeca-na-proxima-s0138277500202603161023-ScaleDownProportional.webp","contentUrl":"https:\/\/brasilnoticias.org\/site\/wp-content\/uploads\/2026\/03\/declaracao-do-imposto-de-renda-comeca-na-proxima-s0138277500202603161023-ScaleDownProportional.webp","width":920,"height":615},{"@type":"BreadcrumbList","@id":"https:\/\/brasilnoticias.org\/site\/imposto-de-renda-2026-saiba-quem-e-obrigado-a-declarar\/#breadcrumb","itemListElement":[{"@type":"ListItem","position":1,"name":"In\u00edcio","item":"https:\/\/brasilnoticias.org\/site\/"},{"@type":"ListItem","position":2,"name":"Imposto de Renda 2026: saiba quem \u00e9 obrigado a declarar"}]},{"@type":"WebSite","@id":"https:\/\/brasilnoticias.org\/site\/#website","url":"https:\/\/brasilnoticias.org\/site\/","name":"Brasil not\u00edcias","description":"Brasil not\u00edcias","publisher":{"@id":"https:\/\/brasilnoticias.org\/site\/#organization"},"potentialAction":[{"@type":"SearchAction","target":{"@type":"EntryPoint","urlTemplate":"https:\/\/brasilnoticias.org\/site\/?s={search_term_string}"},"query-input":{"@type":"PropertyValueSpecification","valueRequired":true,"valueName":"search_term_string"}}],"inLanguage":"pt-PT"},{"@type":"Organization","@id":"https:\/\/brasilnoticias.org\/site\/#organization","name":"Brasil not\u00edcias","url":"https:\/\/brasilnoticias.org\/site\/","logo":{"@type":"ImageObject","inLanguage":"pt-PT","@id":"https:\/\/brasilnoticias.org\/site\/#\/schema\/logo\/image\/","url":"https:\/\/brasilnoticias.org\/site\/wp-content\/uploads\/2022\/05\/cropped-brasilnoticias-mini.jpg","contentUrl":"https:\/\/brasilnoticias.org\/site\/wp-content\/uploads\/2022\/05\/cropped-brasilnoticias-mini.jpg","width":314,"height":86,"caption":"Brasil not\u00edcias"},"image":{"@id":"https:\/\/brasilnoticias.org\/site\/#\/schema\/logo\/image\/"}},{"@type":"Person","@id":"https:\/\/brasilnoticias.org\/site\/#\/schema\/person\/03bbbfe6c7634ad18c26444ea39049fa","name":"Reda\u00e7\u00e3o","image":{"@type":"ImageObject","inLanguage":"pt-PT","@id":"https:\/\/brasilnoticias.org\/site\/#\/schema\/person\/image\/","url":"https:\/\/secure.gravatar.com\/avatar\/9ecaf7327a696cb23ad926fedded5f1f04d7049de9e445375d55b48c001a6e42?s=96&d=mm&r=g","contentUrl":"https:\/\/secure.gravatar.com\/avatar\/9ecaf7327a696cb23ad926fedded5f1f04d7049de9e445375d55b48c001a6e42?s=96&d=mm&r=g","caption":"Reda\u00e7\u00e3o"},"url":"https:\/\/brasilnoticias.org\/site\/author\/henrique\/"}]}},"_links":{"self":[{"href":"https:\/\/brasilnoticias.org\/site\/wp-json\/wp\/v2\/posts\/20979","targetHints":{"allow":["GET"]}}],"collection":[{"href":"https:\/\/brasilnoticias.org\/site\/wp-json\/wp\/v2\/posts"}],"about":[{"href":"https:\/\/brasilnoticias.org\/site\/wp-json\/wp\/v2\/types\/post"}],"author":[{"embeddable":true,"href":"https:\/\/brasilnoticias.org\/site\/wp-json\/wp\/v2\/users\/4"}],"replies":[{"embeddable":true,"href":"https:\/\/brasilnoticias.org\/site\/wp-json\/wp\/v2\/comments?post=20979"}],"version-history":[{"count":1,"href":"https:\/\/brasilnoticias.org\/site\/wp-json\/wp\/v2\/posts\/20979\/revisions"}],"predecessor-version":[{"id":20988,"href":"https:\/\/brasilnoticias.org\/site\/wp-json\/wp\/v2\/posts\/20979\/revisions\/20988"}],"wp:featuredmedia":[{"embeddable":true,"href":"https:\/\/brasilnoticias.org\/site\/wp-json\/wp\/v2\/media\/20987"}],"wp:attachment":[{"href":"https:\/\/brasilnoticias.org\/site\/wp-json\/wp\/v2\/media?parent=20979"}],"wp:term":[{"taxonomy":"category","embeddable":true,"href":"https:\/\/brasilnoticias.org\/site\/wp-json\/wp\/v2\/categories?post=20979"},{"taxonomy":"post_tag","embeddable":true,"href":"https:\/\/brasilnoticias.org\/site\/wp-json\/wp\/v2\/tags?post=20979"}],"curies":[{"name":"wp","href":"https:\/\/api.w.org\/{rel}","templated":true}]}}