{"id":20989,"date":"2026-03-16T11:15:36","date_gmt":"2026-03-16T14:15:36","guid":{"rendered":"https:\/\/brasilnoticias.org\/site\/?p=20989"},"modified":"2026-03-16T11:15:36","modified_gmt":"2026-03-16T14:15:36","slug":"tres-mulheres-sao-sequestradas-na-saida-de-shopping-em-salvador-e-libertadas-apos-acao-policial","status":"publish","type":"post","link":"https:\/\/brasilnoticias.org\/site\/tres-mulheres-sao-sequestradas-na-saida-de-shopping-em-salvador-e-libertadas-apos-acao-policial\/","title":{"rendered":"Tr\u00eas mulheres s\u00e3o sequestradas na sa\u00edda de shopping em Salvador e libertadas ap\u00f3s a\u00e7\u00e3o policial"},"content":{"rendered":"<p data-start=\"100\" data-end=\"271\">Tr\u00eas mulheres passaram por momentos de tens\u00e3o ap\u00f3s serem sequestradas na tarde de domingo (15), nas imedia\u00e7\u00f5es do <span class=\"hover:entity-accent entity-underline inline cursor-pointer align-baseline\"><span class=\"whitespace-normal\">Salvador Shopping<\/span><\/span>, na capital baiana.<\/p>\n<p data-start=\"273\" data-end=\"578\">De acordo com informa\u00e7\u00f5es iniciais, as v\u00edtimas foram abordadas ao deixar o centro comercial e for\u00e7adas a entrar em um <strong data-start=\"391\" data-end=\"431\">carro modelo Volvo XC60 de cor cinza<\/strong>. O ve\u00edculo chegou a ser visto circulando pelo bairro de <strong data-start=\"488\" data-end=\"500\">Periperi<\/strong>, no Sub\u00farbio Ferrovi\u00e1rio de Salvador.<\/p>\n<h3 data-section-id=\"1w13717\" data-start=\"580\" data-end=\"608\">V\u00edtimas foram libertadas<\/h3>\n<p data-start=\"610\" data-end=\"892\">Ap\u00f3s o crime, equipes da <strong data-start=\"635\" data-end=\"661\">Pol\u00edcia Civil da Bahia<\/strong> realizaram dilig\u00eancias e conseguiram localizar as v\u00edtimas ainda na noite de domingo. As tr\u00eas mulheres foram libertadas durante uma opera\u00e7\u00e3o policial e <strong data-start=\"813\" data-end=\"851\">n\u00e3o apresentaram ferimentos graves<\/strong>.<\/p>\n<p data-start=\"894\" data-end=\"1110\">Durante a a\u00e7\u00e3o, <strong data-start=\"910\" data-end=\"972\">uma mulher suspeita de envolvimento no sequestro foi presa<\/strong>. As investiga\u00e7\u00f5es continuam para identificar e localizar outros poss\u00edveis participantes do crime.<\/p>\n<h3 data-section-id=\"ihlu33\" data-start=\"1112\" data-end=\"1147\">Investiga\u00e7\u00e3o segue em andamento<\/h3>\n<p data-start=\"1149\" data-end=\"1407\">A opera\u00e7\u00e3o contou com a atua\u00e7\u00e3o de unidades especializadas da Pol\u00edcia Civil, incluindo equipes de intelig\u00eancia e grupos t\u00e1ticos. A pol\u00edcia segue apurando as circunst\u00e2ncias do crime e a participa\u00e7\u00e3o de outros suspeitos.<\/p>\n<p data-start=\"1409\" data-end=\"1556\">A administra\u00e7\u00e3o do shopping informou que est\u00e1 colaborando com as autoridades para o esclarecimento do caso.<\/p>\n<p data-start=\"1409\" data-end=\"1556\">\n<p data-start=\"1409\" data-end=\"1556\">Fonte: BNews<\/p>\n","protected":false},"excerpt":{"rendered":"<p>Tr\u00eas mulheres passaram por momentos de tens\u00e3o ap\u00f3s serem sequestradas na tarde de domingo (15), nas imedia\u00e7\u00f5es do Salvador Shopping,<\/p>\n","protected":false},"author":4,"featured_media":20990,"comment_status":"open","ping_status":"open","sticky":false,"template":"","format":"standard","meta":{"colormag_page_container_layout":"default_layout","colormag_page_sidebar_layout":"default_layout","_FSMCFIC_featured_image_caption":"","_FSMCFIC_featured_image_nocaption":"","_FSMCFIC_featured_image_hide":"","footnotes":""},"categories":[3,1],"tags":[],"class_list":["post-20989","post","type-post","status-publish","format-standard","has-post-thumbnail","hentry","category-policia","category-ultimas"],"yoast_head":"<!-- This site is optimized with the Yoast SEO plugin v27.1.1 - https:\/\/yoast.com\/product\/yoast-seo-wordpress\/ -->\n<title>Tr\u00eas mulheres s\u00e3o sequestradas na sa\u00edda de shopping em Salvador e libertadas ap\u00f3s a\u00e7\u00e3o policial - Brasil not\u00edcias<\/title>\n<meta name=\"robots\" content=\"index, follow, max-snippet:-1, max-image-preview:large, max-video-preview:-1\" \/>\n<link rel=\"canonical\" href=\"https:\/\/brasilnoticias.org\/site\/tres-mulheres-sao-sequestradas-na-saida-de-shopping-em-salvador-e-libertadas-apos-acao-policial\/\" \/>\n<meta property=\"og:locale\" content=\"pt_PT\" \/>\n<meta property=\"og:type\" content=\"article\" \/>\n<meta property=\"og:title\" content=\"Tr\u00eas mulheres s\u00e3o sequestradas na sa\u00edda de shopping em Salvador e libertadas ap\u00f3s a\u00e7\u00e3o policial - Brasil not\u00edcias\" \/>\n<meta property=\"og:description\" content=\"Tr\u00eas mulheres passaram por momentos de tens\u00e3o ap\u00f3s serem sequestradas na tarde de domingo (15), nas imedia\u00e7\u00f5es do Salvador Shopping,\" \/>\n<meta property=\"og:url\" content=\"https:\/\/brasilnoticias.org\/site\/tres-mulheres-sao-sequestradas-na-saida-de-shopping-em-salvador-e-libertadas-apos-acao-policial\/\" \/>\n<meta property=\"og:site_name\" content=\"Brasil not\u00edcias\" \/>\n<meta property=\"article:published_time\" content=\"2026-03-16T14:15:36+00:00\" \/>\n<meta property=\"og:image\" content=\"https:\/\/brasilnoticias.org\/site\/wp-content\/uploads\/2026\/03\/20177584858344-ScaleDownProportional.webp\" \/>\n\t<meta property=\"og:image:width\" content=\"939\" \/>\n\t<meta property=\"og:image:height\" content=\"600\" \/>\n\t<meta property=\"og:image:type\" content=\"image\/webp\" \/>\n<meta name=\"author\" content=\"Reda\u00e7\u00e3o\" \/>\n<meta name=\"twitter:card\" content=\"summary_large_image\" \/>\n<meta name=\"twitter:label1\" content=\"Escrito por\" \/>\n\t<meta name=\"twitter:data1\" content=\"Reda\u00e7\u00e3o\" \/>\n\t<meta name=\"twitter:label2\" content=\"Tempo estimado de leitura\" \/>\n\t<meta name=\"twitter:data2\" content=\"2 minutos\" \/>\n<script type=\"application\/ld+json\" class=\"yoast-schema-graph\">{\"@context\":\"https:\/\/schema.org\",\"@graph\":[{\"@type\":\"Article\",\"@id\":\"https:\/\/brasilnoticias.org\/site\/tres-mulheres-sao-sequestradas-na-saida-de-shopping-em-salvador-e-libertadas-apos-acao-policial\/#article\",\"isPartOf\":{\"@id\":\"https:\/\/brasilnoticias.org\/site\/tres-mulheres-sao-sequestradas-na-saida-de-shopping-em-salvador-e-libertadas-apos-acao-policial\/\"},\"author\":{\"name\":\"Reda\u00e7\u00e3o\",\"@id\":\"https:\/\/brasilnoticias.org\/site\/#\/schema\/person\/03bbbfe6c7634ad18c26444ea39049fa\"},\"headline\":\"Tr\u00eas mulheres s\u00e3o sequestradas na sa\u00edda de shopping em Salvador e libertadas ap\u00f3s a\u00e7\u00e3o policial\",\"datePublished\":\"2026-03-16T14:15:36+00:00\",\"mainEntityOfPage\":{\"@id\":\"https:\/\/brasilnoticias.org\/site\/tres-mulheres-sao-sequestradas-na-saida-de-shopping-em-salvador-e-libertadas-apos-acao-policial\/\"},\"wordCount\":233,\"commentCount\":0,\"publisher\":{\"@id\":\"https:\/\/brasilnoticias.org\/site\/#organization\"},\"image\":{\"@id\":\"https:\/\/brasilnoticias.org\/site\/tres-mulheres-sao-sequestradas-na-saida-de-shopping-em-salvador-e-libertadas-apos-acao-policial\/#primaryimage\"},\"thumbnailUrl\":\"https:\/\/brasilnoticias.org\/site\/wp-content\/uploads\/2026\/03\/20177584858344-ScaleDownProportional.webp\",\"articleSection\":[\"Pol\u00edcia\",\"\u00daltimas\"],\"inLanguage\":\"pt-PT\",\"potentialAction\":[{\"@type\":\"CommentAction\",\"name\":\"Comment\",\"target\":[\"https:\/\/brasilnoticias.org\/site\/tres-mulheres-sao-sequestradas-na-saida-de-shopping-em-salvador-e-libertadas-apos-acao-policial\/#respond\"]}]},{\"@type\":\"WebPage\",\"@id\":\"https:\/\/brasilnoticias.org\/site\/tres-mulheres-sao-sequestradas-na-saida-de-shopping-em-salvador-e-libertadas-apos-acao-policial\/\",\"url\":\"https:\/\/brasilnoticias.org\/site\/tres-mulheres-sao-sequestradas-na-saida-de-shopping-em-salvador-e-libertadas-apos-acao-policial\/\",\"name\":\"Tr\u00eas mulheres s\u00e3o sequestradas na sa\u00edda de shopping em Salvador e libertadas ap\u00f3s a\u00e7\u00e3o policial - Brasil not\u00edcias\",\"isPartOf\":{\"@id\":\"https:\/\/brasilnoticias.org\/site\/#website\"},\"primaryImageOfPage\":{\"@id\":\"https:\/\/brasilnoticias.org\/site\/tres-mulheres-sao-sequestradas-na-saida-de-shopping-em-salvador-e-libertadas-apos-acao-policial\/#primaryimage\"},\"image\":{\"@id\":\"https:\/\/brasilnoticias.org\/site\/tres-mulheres-sao-sequestradas-na-saida-de-shopping-em-salvador-e-libertadas-apos-acao-policial\/#primaryimage\"},\"thumbnailUrl\":\"https:\/\/brasilnoticias.org\/site\/wp-content\/uploads\/2026\/03\/20177584858344-ScaleDownProportional.webp\",\"datePublished\":\"2026-03-16T14:15:36+00:00\",\"breadcrumb\":{\"@id\":\"https:\/\/brasilnoticias.org\/site\/tres-mulheres-sao-sequestradas-na-saida-de-shopping-em-salvador-e-libertadas-apos-acao-policial\/#breadcrumb\"},\"inLanguage\":\"pt-PT\",\"potentialAction\":[{\"@type\":\"ReadAction\",\"target\":[\"https:\/\/brasilnoticias.org\/site\/tres-mulheres-sao-sequestradas-na-saida-de-shopping-em-salvador-e-libertadas-apos-acao-policial\/\"]}]},{\"@type\":\"ImageObject\",\"inLanguage\":\"pt-PT\",\"@id\":\"https:\/\/brasilnoticias.org\/site\/tres-mulheres-sao-sequestradas-na-saida-de-shopping-em-salvador-e-libertadas-apos-acao-policial\/#primaryimage\",\"url\":\"https:\/\/brasilnoticias.org\/site\/wp-content\/uploads\/2026\/03\/20177584858344-ScaleDownProportional.webp\",\"contentUrl\":\"https:\/\/brasilnoticias.org\/site\/wp-content\/uploads\/2026\/03\/20177584858344-ScaleDownProportional.webp\",\"width\":939,\"height\":600,\"caption\":\"Foto: Vinicius Lubambo | Divulga\u00e7\u00e3o\"},{\"@type\":\"BreadcrumbList\",\"@id\":\"https:\/\/brasilnoticias.org\/site\/tres-mulheres-sao-sequestradas-na-saida-de-shopping-em-salvador-e-libertadas-apos-acao-policial\/#breadcrumb\",\"itemListElement\":[{\"@type\":\"ListItem\",\"position\":1,\"name\":\"In\u00edcio\",\"item\":\"https:\/\/brasilnoticias.org\/site\/\"},{\"@type\":\"ListItem\",\"position\":2,\"name\":\"Tr\u00eas mulheres s\u00e3o sequestradas na sa\u00edda de shopping em Salvador e libertadas ap\u00f3s a\u00e7\u00e3o policial\"}]},{\"@type\":\"WebSite\",\"@id\":\"https:\/\/brasilnoticias.org\/site\/#website\",\"url\":\"https:\/\/brasilnoticias.org\/site\/\",\"name\":\"Brasil not\u00edcias\",\"description\":\"Brasil not\u00edcias\",\"publisher\":{\"@id\":\"https:\/\/brasilnoticias.org\/site\/#organization\"},\"potentialAction\":[{\"@type\":\"SearchAction\",\"target\":{\"@type\":\"EntryPoint\",\"urlTemplate\":\"https:\/\/brasilnoticias.org\/site\/?s={search_term_string}\"},\"query-input\":{\"@type\":\"PropertyValueSpecification\",\"valueRequired\":true,\"valueName\":\"search_term_string\"}}],\"inLanguage\":\"pt-PT\"},{\"@type\":\"Organization\",\"@id\":\"https:\/\/brasilnoticias.org\/site\/#organization\",\"name\":\"Brasil not\u00edcias\",\"url\":\"https:\/\/brasilnoticias.org\/site\/\",\"logo\":{\"@type\":\"ImageObject\",\"inLanguage\":\"pt-PT\",\"@id\":\"https:\/\/brasilnoticias.org\/site\/#\/schema\/logo\/image\/\",\"url\":\"https:\/\/brasilnoticias.org\/site\/wp-content\/uploads\/2022\/05\/cropped-brasilnoticias-mini.jpg\",\"contentUrl\":\"https:\/\/brasilnoticias.org\/site\/wp-content\/uploads\/2022\/05\/cropped-brasilnoticias-mini.jpg\",\"width\":314,\"height\":86,\"caption\":\"Brasil not\u00edcias\"},\"image\":{\"@id\":\"https:\/\/brasilnoticias.org\/site\/#\/schema\/logo\/image\/\"}},{\"@type\":\"Person\",\"@id\":\"https:\/\/brasilnoticias.org\/site\/#\/schema\/person\/03bbbfe6c7634ad18c26444ea39049fa\",\"name\":\"Reda\u00e7\u00e3o\",\"image\":{\"@type\":\"ImageObject\",\"inLanguage\":\"pt-PT\",\"@id\":\"https:\/\/brasilnoticias.org\/site\/#\/schema\/person\/image\/\",\"url\":\"https:\/\/secure.gravatar.com\/avatar\/9ecaf7327a696cb23ad926fedded5f1f04d7049de9e445375d55b48c001a6e42?s=96&d=mm&r=g\",\"contentUrl\":\"https:\/\/secure.gravatar.com\/avatar\/9ecaf7327a696cb23ad926fedded5f1f04d7049de9e445375d55b48c001a6e42?s=96&d=mm&r=g\",\"caption\":\"Reda\u00e7\u00e3o\"},\"url\":\"https:\/\/brasilnoticias.org\/site\/author\/henrique\/\"}]}<\/script>\n<!-- \/ Yoast SEO plugin. -->","yoast_head_json":{"title":"Tr\u00eas mulheres s\u00e3o sequestradas na sa\u00edda de shopping em Salvador e libertadas ap\u00f3s a\u00e7\u00e3o policial - Brasil not\u00edcias","robots":{"index":"index","follow":"follow","max-snippet":"max-snippet:-1","max-image-preview":"max-image-preview:large","max-video-preview":"max-video-preview:-1"},"canonical":"https:\/\/brasilnoticias.org\/site\/tres-mulheres-sao-sequestradas-na-saida-de-shopping-em-salvador-e-libertadas-apos-acao-policial\/","og_locale":"pt_PT","og_type":"article","og_title":"Tr\u00eas mulheres s\u00e3o sequestradas na sa\u00edda de shopping em Salvador e libertadas ap\u00f3s a\u00e7\u00e3o policial - Brasil not\u00edcias","og_description":"Tr\u00eas mulheres passaram por momentos de tens\u00e3o ap\u00f3s serem sequestradas na tarde de domingo (15), nas imedia\u00e7\u00f5es do Salvador Shopping,","og_url":"https:\/\/brasilnoticias.org\/site\/tres-mulheres-sao-sequestradas-na-saida-de-shopping-em-salvador-e-libertadas-apos-acao-policial\/","og_site_name":"Brasil not\u00edcias","article_published_time":"2026-03-16T14:15:36+00:00","og_image":[{"width":939,"height":600,"url":"https:\/\/brasilnoticias.org\/site\/wp-content\/uploads\/2026\/03\/20177584858344-ScaleDownProportional.webp","type":"image\/webp"}],"author":"Reda\u00e7\u00e3o","twitter_card":"summary_large_image","twitter_misc":{"Escrito por":"Reda\u00e7\u00e3o","Tempo estimado de leitura":"2 minutos"},"schema":{"@context":"https:\/\/schema.org","@graph":[{"@type":"Article","@id":"https:\/\/brasilnoticias.org\/site\/tres-mulheres-sao-sequestradas-na-saida-de-shopping-em-salvador-e-libertadas-apos-acao-policial\/#article","isPartOf":{"@id":"https:\/\/brasilnoticias.org\/site\/tres-mulheres-sao-sequestradas-na-saida-de-shopping-em-salvador-e-libertadas-apos-acao-policial\/"},"author":{"name":"Reda\u00e7\u00e3o","@id":"https:\/\/brasilnoticias.org\/site\/#\/schema\/person\/03bbbfe6c7634ad18c26444ea39049fa"},"headline":"Tr\u00eas mulheres s\u00e3o sequestradas na sa\u00edda de shopping em Salvador e libertadas ap\u00f3s a\u00e7\u00e3o policial","datePublished":"2026-03-16T14:15:36+00:00","mainEntityOfPage":{"@id":"https:\/\/brasilnoticias.org\/site\/tres-mulheres-sao-sequestradas-na-saida-de-shopping-em-salvador-e-libertadas-apos-acao-policial\/"},"wordCount":233,"commentCount":0,"publisher":{"@id":"https:\/\/brasilnoticias.org\/site\/#organization"},"image":{"@id":"https:\/\/brasilnoticias.org\/site\/tres-mulheres-sao-sequestradas-na-saida-de-shopping-em-salvador-e-libertadas-apos-acao-policial\/#primaryimage"},"thumbnailUrl":"https:\/\/brasilnoticias.org\/site\/wp-content\/uploads\/2026\/03\/20177584858344-ScaleDownProportional.webp","articleSection":["Pol\u00edcia","\u00daltimas"],"inLanguage":"pt-PT","potentialAction":[{"@type":"CommentAction","name":"Comment","target":["https:\/\/brasilnoticias.org\/site\/tres-mulheres-sao-sequestradas-na-saida-de-shopping-em-salvador-e-libertadas-apos-acao-policial\/#respond"]}]},{"@type":"WebPage","@id":"https:\/\/brasilnoticias.org\/site\/tres-mulheres-sao-sequestradas-na-saida-de-shopping-em-salvador-e-libertadas-apos-acao-policial\/","url":"https:\/\/brasilnoticias.org\/site\/tres-mulheres-sao-sequestradas-na-saida-de-shopping-em-salvador-e-libertadas-apos-acao-policial\/","name":"Tr\u00eas mulheres s\u00e3o sequestradas na sa\u00edda de shopping em Salvador e libertadas ap\u00f3s a\u00e7\u00e3o policial - Brasil not\u00edcias","isPartOf":{"@id":"https:\/\/brasilnoticias.org\/site\/#website"},"primaryImageOfPage":{"@id":"https:\/\/brasilnoticias.org\/site\/tres-mulheres-sao-sequestradas-na-saida-de-shopping-em-salvador-e-libertadas-apos-acao-policial\/#primaryimage"},"image":{"@id":"https:\/\/brasilnoticias.org\/site\/tres-mulheres-sao-sequestradas-na-saida-de-shopping-em-salvador-e-libertadas-apos-acao-policial\/#primaryimage"},"thumbnailUrl":"https:\/\/brasilnoticias.org\/site\/wp-content\/uploads\/2026\/03\/20177584858344-ScaleDownProportional.webp","datePublished":"2026-03-16T14:15:36+00:00","breadcrumb":{"@id":"https:\/\/brasilnoticias.org\/site\/tres-mulheres-sao-sequestradas-na-saida-de-shopping-em-salvador-e-libertadas-apos-acao-policial\/#breadcrumb"},"inLanguage":"pt-PT","potentialAction":[{"@type":"ReadAction","target":["https:\/\/brasilnoticias.org\/site\/tres-mulheres-sao-sequestradas-na-saida-de-shopping-em-salvador-e-libertadas-apos-acao-policial\/"]}]},{"@type":"ImageObject","inLanguage":"pt-PT","@id":"https:\/\/brasilnoticias.org\/site\/tres-mulheres-sao-sequestradas-na-saida-de-shopping-em-salvador-e-libertadas-apos-acao-policial\/#primaryimage","url":"https:\/\/brasilnoticias.org\/site\/wp-content\/uploads\/2026\/03\/20177584858344-ScaleDownProportional.webp","contentUrl":"https:\/\/brasilnoticias.org\/site\/wp-content\/uploads\/2026\/03\/20177584858344-ScaleDownProportional.webp","width":939,"height":600,"caption":"Foto: Vinicius Lubambo | Divulga\u00e7\u00e3o"},{"@type":"BreadcrumbList","@id":"https:\/\/brasilnoticias.org\/site\/tres-mulheres-sao-sequestradas-na-saida-de-shopping-em-salvador-e-libertadas-apos-acao-policial\/#breadcrumb","itemListElement":[{"@type":"ListItem","position":1,"name":"In\u00edcio","item":"https:\/\/brasilnoticias.org\/site\/"},{"@type":"ListItem","position":2,"name":"Tr\u00eas mulheres s\u00e3o sequestradas na sa\u00edda de shopping em Salvador e libertadas ap\u00f3s a\u00e7\u00e3o policial"}]},{"@type":"WebSite","@id":"https:\/\/brasilnoticias.org\/site\/#website","url":"https:\/\/brasilnoticias.org\/site\/","name":"Brasil not\u00edcias","description":"Brasil not\u00edcias","publisher":{"@id":"https:\/\/brasilnoticias.org\/site\/#organization"},"potentialAction":[{"@type":"SearchAction","target":{"@type":"EntryPoint","urlTemplate":"https:\/\/brasilnoticias.org\/site\/?s={search_term_string}"},"query-input":{"@type":"PropertyValueSpecification","valueRequired":true,"valueName":"search_term_string"}}],"inLanguage":"pt-PT"},{"@type":"Organization","@id":"https:\/\/brasilnoticias.org\/site\/#organization","name":"Brasil not\u00edcias","url":"https:\/\/brasilnoticias.org\/site\/","logo":{"@type":"ImageObject","inLanguage":"pt-PT","@id":"https:\/\/brasilnoticias.org\/site\/#\/schema\/logo\/image\/","url":"https:\/\/brasilnoticias.org\/site\/wp-content\/uploads\/2022\/05\/cropped-brasilnoticias-mini.jpg","contentUrl":"https:\/\/brasilnoticias.org\/site\/wp-content\/uploads\/2022\/05\/cropped-brasilnoticias-mini.jpg","width":314,"height":86,"caption":"Brasil not\u00edcias"},"image":{"@id":"https:\/\/brasilnoticias.org\/site\/#\/schema\/logo\/image\/"}},{"@type":"Person","@id":"https:\/\/brasilnoticias.org\/site\/#\/schema\/person\/03bbbfe6c7634ad18c26444ea39049fa","name":"Reda\u00e7\u00e3o","image":{"@type":"ImageObject","inLanguage":"pt-PT","@id":"https:\/\/brasilnoticias.org\/site\/#\/schema\/person\/image\/","url":"https:\/\/secure.gravatar.com\/avatar\/9ecaf7327a696cb23ad926fedded5f1f04d7049de9e445375d55b48c001a6e42?s=96&d=mm&r=g","contentUrl":"https:\/\/secure.gravatar.com\/avatar\/9ecaf7327a696cb23ad926fedded5f1f04d7049de9e445375d55b48c001a6e42?s=96&d=mm&r=g","caption":"Reda\u00e7\u00e3o"},"url":"https:\/\/brasilnoticias.org\/site\/author\/henrique\/"}]}},"_links":{"self":[{"href":"https:\/\/brasilnoticias.org\/site\/wp-json\/wp\/v2\/posts\/20989","targetHints":{"allow":["GET"]}}],"collection":[{"href":"https:\/\/brasilnoticias.org\/site\/wp-json\/wp\/v2\/posts"}],"about":[{"href":"https:\/\/brasilnoticias.org\/site\/wp-json\/wp\/v2\/types\/post"}],"author":[{"embeddable":true,"href":"https:\/\/brasilnoticias.org\/site\/wp-json\/wp\/v2\/users\/4"}],"replies":[{"embeddable":true,"href":"https:\/\/brasilnoticias.org\/site\/wp-json\/wp\/v2\/comments?post=20989"}],"version-history":[{"count":1,"href":"https:\/\/brasilnoticias.org\/site\/wp-json\/wp\/v2\/posts\/20989\/revisions"}],"predecessor-version":[{"id":20991,"href":"https:\/\/brasilnoticias.org\/site\/wp-json\/wp\/v2\/posts\/20989\/revisions\/20991"}],"wp:featuredmedia":[{"embeddable":true,"href":"https:\/\/brasilnoticias.org\/site\/wp-json\/wp\/v2\/media\/20990"}],"wp:attachment":[{"href":"https:\/\/brasilnoticias.org\/site\/wp-json\/wp\/v2\/media?parent=20989"}],"wp:term":[{"taxonomy":"category","embeddable":true,"href":"https:\/\/brasilnoticias.org\/site\/wp-json\/wp\/v2\/categories?post=20989"},{"taxonomy":"post_tag","embeddable":true,"href":"https:\/\/brasilnoticias.org\/site\/wp-json\/wp\/v2\/tags?post=20989"}],"curies":[{"name":"wp","href":"https:\/\/api.w.org\/{rel}","templated":true}]}}