{"id":20998,"date":"2026-03-17T06:54:32","date_gmt":"2026-03-17T09:54:32","guid":{"rendered":"https:\/\/brasilnoticias.org\/site\/?p=20998"},"modified":"2026-03-17T06:54:32","modified_gmt":"2026-03-17T09:54:32","slug":"policia-federal-deflagra-operacao-e-cumpre-mandados-em-salvador-e-lauro-de-freitas","status":"publish","type":"post","link":"https:\/\/brasilnoticias.org\/site\/policia-federal-deflagra-operacao-e-cumpre-mandados-em-salvador-e-lauro-de-freitas\/","title":{"rendered":"Pol\u00edcia Federal deflagra opera\u00e7\u00e3o e cumpre mandados em Salvador e Lauro de Freitas"},"content":{"rendered":"<p data-start=\"87\" data-end=\"302\">A Pol\u00edcia Federal do Brasil deflagrou, na manh\u00e3 desta ter\u00e7a-feira (17), uma opera\u00e7\u00e3o que investiga poss\u00edveis irregularidades em contratos firmados durante a gest\u00e3o da ex-prefeita de Lauro de Freitas, Moema Gramacho.<\/p>\n<p data-start=\"304\" data-end=\"564\">Ao todo, foram cumpridos <strong data-start=\"329\" data-end=\"367\">seis mandados de busca e apreens\u00e3o<\/strong> em endere\u00e7os ligados a investigados. As a\u00e7\u00f5es ocorreram tanto em Lauro de Freitas quanto em Salvador, incluindo um im\u00f3vel localizado no bairro do Caminho das \u00c1rvores, \u00e1rea nobre da capital baiana.<\/p>\n<h3 data-section-id=\"1dreylv\" data-start=\"566\" data-end=\"591\">Alvos da investiga\u00e7\u00e3o<\/h3>\n<p data-start=\"593\" data-end=\"833\">Segundo as informa\u00e7\u00f5es iniciais, a opera\u00e7\u00e3o tem como foco <strong data-start=\"651\" data-end=\"718\">empresas e pessoas envolvidas na execu\u00e7\u00e3o de contratos p\u00fablicos<\/strong> firmados no per\u00edodo da gest\u00e3o municipal. At\u00e9 o momento, a ex-prefeita <strong data-start=\"789\" data-end=\"832\">n\u00e3o \u00e9 alvo direto das medidas judiciais<\/strong>.<\/p>\n<p data-start=\"835\" data-end=\"961\">A investiga\u00e7\u00e3o busca apurar poss\u00edveis irregularidades na contrata\u00e7\u00e3o e execu\u00e7\u00e3o de servi\u00e7os, al\u00e9m do uso de recursos p\u00fablicos.<\/p>\n<h3 data-section-id=\"1gx2mh0\" data-start=\"963\" data-end=\"994\">Apura\u00e7\u00e3o segue em andamento<\/h3>\n<p data-start=\"996\" data-end=\"1141\">A opera\u00e7\u00e3o conta com apoio de \u00f3rg\u00e3os de controle e faz parte de um conjunto de a\u00e7\u00f5es voltadas ao combate a crimes contra a administra\u00e7\u00e3o p\u00fablica.<\/p>\n<p data-start=\"1143\" data-end=\"1265\">Os materiais apreendidos durante as buscas devem passar por an\u00e1lise, e poder\u00e3o contribuir para o avan\u00e7o das investiga\u00e7\u00f5es.<\/p>\n<p data-start=\"1267\" data-end=\"1390\" data-is-last-node=\"\" data-is-only-node=\"\">A Pol\u00edcia Federal n\u00e3o divulgou, at\u00e9 o momento, mais detalhes sobre os valores envolvidos ou o n\u00famero total de investigados.<\/p>\n<p data-start=\"1267\" data-end=\"1390\" data-is-last-node=\"\" data-is-only-node=\"\">\n<p data-start=\"1267\" data-end=\"1390\" data-is-last-node=\"\" data-is-only-node=\"\">Fonte: BNews<\/p>\n","protected":false},"excerpt":{"rendered":"<p>A Pol\u00edcia Federal do Brasil deflagrou, na manh\u00e3 desta ter\u00e7a-feira (17), uma opera\u00e7\u00e3o que investiga poss\u00edveis irregularidades em contratos firmados<\/p>\n","protected":false},"author":4,"featured_media":20999,"comment_status":"open","ping_status":"open","sticky":false,"template":"","format":"standard","meta":{"colormag_page_container_layout":"default_layout","colormag_page_sidebar_layout":"default_layout","_FSMCFIC_featured_image_caption":"","_FSMCFIC_featured_image_nocaption":"","_FSMCFIC_featured_image_hide":"","footnotes":""},"categories":[3,1],"tags":[],"class_list":["post-20998","post","type-post","status-publish","format-standard","has-post-thumbnail","hentry","category-policia","category-ultimas"],"yoast_head":"<!-- This site is optimized with the Yoast SEO plugin v27.1.1 - https:\/\/yoast.com\/product\/yoast-seo-wordpress\/ -->\n<title>Pol\u00edcia Federal deflagra opera\u00e7\u00e3o e cumpre mandados em Salvador e Lauro de Freitas - Brasil not\u00edcias<\/title>\n<meta name=\"robots\" content=\"index, follow, max-snippet:-1, max-image-preview:large, max-video-preview:-1\" \/>\n<link rel=\"canonical\" href=\"https:\/\/brasilnoticias.org\/site\/policia-federal-deflagra-operacao-e-cumpre-mandados-em-salvador-e-lauro-de-freitas\/\" \/>\n<meta property=\"og:locale\" content=\"pt_PT\" \/>\n<meta property=\"og:type\" content=\"article\" \/>\n<meta property=\"og:title\" content=\"Pol\u00edcia Federal deflagra opera\u00e7\u00e3o e cumpre mandados em Salvador e Lauro de Freitas - Brasil not\u00edcias\" \/>\n<meta property=\"og:description\" content=\"A Pol\u00edcia Federal do Brasil deflagrou, na manh\u00e3 desta ter\u00e7a-feira (17), uma opera\u00e7\u00e3o que investiga poss\u00edveis irregularidades em contratos firmados\" \/>\n<meta property=\"og:url\" content=\"https:\/\/brasilnoticias.org\/site\/policia-federal-deflagra-operacao-e-cumpre-mandados-em-salvador-e-lauro-de-freitas\/\" \/>\n<meta property=\"og:site_name\" content=\"Brasil not\u00edcias\" \/>\n<meta property=\"article:published_time\" content=\"2026-03-17T09:54:32+00:00\" \/>\n<meta property=\"og:image\" content=\"https:\/\/brasilnoticias.org\/site\/wp-content\/uploads\/2026\/03\/pf-nas-ruas-operacao-mira-ex-gestao-da-prefeita-de-lauro-de-freitas-e-cumpre-mandados-em-area-nobre-de-salvador_widelg.jpg\" \/>\n\t<meta property=\"og:image:width\" content=\"800\" \/>\n\t<meta property=\"og:image:height\" content=\"450\" \/>\n\t<meta property=\"og:image:type\" content=\"image\/jpeg\" \/>\n<meta name=\"author\" content=\"Reda\u00e7\u00e3o\" \/>\n<meta name=\"twitter:card\" content=\"summary_large_image\" \/>\n<meta name=\"twitter:label1\" content=\"Escrito por\" \/>\n\t<meta name=\"twitter:data1\" content=\"Reda\u00e7\u00e3o\" \/>\n\t<meta name=\"twitter:label2\" content=\"Tempo estimado de leitura\" \/>\n\t<meta name=\"twitter:data2\" content=\"2 minutos\" \/>\n<script type=\"application\/ld+json\" class=\"yoast-schema-graph\">{\"@context\":\"https:\/\/schema.org\",\"@graph\":[{\"@type\":\"Article\",\"@id\":\"https:\/\/brasilnoticias.org\/site\/policia-federal-deflagra-operacao-e-cumpre-mandados-em-salvador-e-lauro-de-freitas\/#article\",\"isPartOf\":{\"@id\":\"https:\/\/brasilnoticias.org\/site\/policia-federal-deflagra-operacao-e-cumpre-mandados-em-salvador-e-lauro-de-freitas\/\"},\"author\":{\"name\":\"Reda\u00e7\u00e3o\",\"@id\":\"https:\/\/brasilnoticias.org\/site\/#\/schema\/person\/03bbbfe6c7634ad18c26444ea39049fa\"},\"headline\":\"Pol\u00edcia Federal deflagra opera\u00e7\u00e3o e cumpre mandados em Salvador e Lauro de Freitas\",\"datePublished\":\"2026-03-17T09:54:32+00:00\",\"mainEntityOfPage\":{\"@id\":\"https:\/\/brasilnoticias.org\/site\/policia-federal-deflagra-operacao-e-cumpre-mandados-em-salvador-e-lauro-de-freitas\/\"},\"wordCount\":249,\"commentCount\":0,\"publisher\":{\"@id\":\"https:\/\/brasilnoticias.org\/site\/#organization\"},\"image\":{\"@id\":\"https:\/\/brasilnoticias.org\/site\/policia-federal-deflagra-operacao-e-cumpre-mandados-em-salvador-e-lauro-de-freitas\/#primaryimage\"},\"thumbnailUrl\":\"https:\/\/brasilnoticias.org\/site\/wp-content\/uploads\/2026\/03\/pf-nas-ruas-operacao-mira-ex-gestao-da-prefeita-de-lauro-de-freitas-e-cumpre-mandados-em-area-nobre-de-salvador_widelg.jpg\",\"articleSection\":[\"Pol\u00edcia\",\"\u00daltimas\"],\"inLanguage\":\"pt-PT\",\"potentialAction\":[{\"@type\":\"CommentAction\",\"name\":\"Comment\",\"target\":[\"https:\/\/brasilnoticias.org\/site\/policia-federal-deflagra-operacao-e-cumpre-mandados-em-salvador-e-lauro-de-freitas\/#respond\"]}]},{\"@type\":\"WebPage\",\"@id\":\"https:\/\/brasilnoticias.org\/site\/policia-federal-deflagra-operacao-e-cumpre-mandados-em-salvador-e-lauro-de-freitas\/\",\"url\":\"https:\/\/brasilnoticias.org\/site\/policia-federal-deflagra-operacao-e-cumpre-mandados-em-salvador-e-lauro-de-freitas\/\",\"name\":\"Pol\u00edcia Federal deflagra opera\u00e7\u00e3o e cumpre mandados em Salvador e Lauro de Freitas - Brasil not\u00edcias\",\"isPartOf\":{\"@id\":\"https:\/\/brasilnoticias.org\/site\/#website\"},\"primaryImageOfPage\":{\"@id\":\"https:\/\/brasilnoticias.org\/site\/policia-federal-deflagra-operacao-e-cumpre-mandados-em-salvador-e-lauro-de-freitas\/#primaryimage\"},\"image\":{\"@id\":\"https:\/\/brasilnoticias.org\/site\/policia-federal-deflagra-operacao-e-cumpre-mandados-em-salvador-e-lauro-de-freitas\/#primaryimage\"},\"thumbnailUrl\":\"https:\/\/brasilnoticias.org\/site\/wp-content\/uploads\/2026\/03\/pf-nas-ruas-operacao-mira-ex-gestao-da-prefeita-de-lauro-de-freitas-e-cumpre-mandados-em-area-nobre-de-salvador_widelg.jpg\",\"datePublished\":\"2026-03-17T09:54:32+00:00\",\"breadcrumb\":{\"@id\":\"https:\/\/brasilnoticias.org\/site\/policia-federal-deflagra-operacao-e-cumpre-mandados-em-salvador-e-lauro-de-freitas\/#breadcrumb\"},\"inLanguage\":\"pt-PT\",\"potentialAction\":[{\"@type\":\"ReadAction\",\"target\":[\"https:\/\/brasilnoticias.org\/site\/policia-federal-deflagra-operacao-e-cumpre-mandados-em-salvador-e-lauro-de-freitas\/\"]}]},{\"@type\":\"ImageObject\",\"inLanguage\":\"pt-PT\",\"@id\":\"https:\/\/brasilnoticias.org\/site\/policia-federal-deflagra-operacao-e-cumpre-mandados-em-salvador-e-lauro-de-freitas\/#primaryimage\",\"url\":\"https:\/\/brasilnoticias.org\/site\/wp-content\/uploads\/2026\/03\/pf-nas-ruas-operacao-mira-ex-gestao-da-prefeita-de-lauro-de-freitas-e-cumpre-mandados-em-area-nobre-de-salvador_widelg.jpg\",\"contentUrl\":\"https:\/\/brasilnoticias.org\/site\/wp-content\/uploads\/2026\/03\/pf-nas-ruas-operacao-mira-ex-gestao-da-prefeita-de-lauro-de-freitas-e-cumpre-mandados-em-area-nobre-de-salvador_widelg.jpg\",\"width\":800,\"height\":450,\"caption\":\"Arquivo \/ PF\"},{\"@type\":\"BreadcrumbList\",\"@id\":\"https:\/\/brasilnoticias.org\/site\/policia-federal-deflagra-operacao-e-cumpre-mandados-em-salvador-e-lauro-de-freitas\/#breadcrumb\",\"itemListElement\":[{\"@type\":\"ListItem\",\"position\":1,\"name\":\"In\u00edcio\",\"item\":\"https:\/\/brasilnoticias.org\/site\/\"},{\"@type\":\"ListItem\",\"position\":2,\"name\":\"Pol\u00edcia Federal deflagra opera\u00e7\u00e3o e cumpre mandados em Salvador e Lauro de Freitas\"}]},{\"@type\":\"WebSite\",\"@id\":\"https:\/\/brasilnoticias.org\/site\/#website\",\"url\":\"https:\/\/brasilnoticias.org\/site\/\",\"name\":\"Brasil not\u00edcias\",\"description\":\"Brasil not\u00edcias\",\"publisher\":{\"@id\":\"https:\/\/brasilnoticias.org\/site\/#organization\"},\"potentialAction\":[{\"@type\":\"SearchAction\",\"target\":{\"@type\":\"EntryPoint\",\"urlTemplate\":\"https:\/\/brasilnoticias.org\/site\/?s={search_term_string}\"},\"query-input\":{\"@type\":\"PropertyValueSpecification\",\"valueRequired\":true,\"valueName\":\"search_term_string\"}}],\"inLanguage\":\"pt-PT\"},{\"@type\":\"Organization\",\"@id\":\"https:\/\/brasilnoticias.org\/site\/#organization\",\"name\":\"Brasil not\u00edcias\",\"url\":\"https:\/\/brasilnoticias.org\/site\/\",\"logo\":{\"@type\":\"ImageObject\",\"inLanguage\":\"pt-PT\",\"@id\":\"https:\/\/brasilnoticias.org\/site\/#\/schema\/logo\/image\/\",\"url\":\"https:\/\/brasilnoticias.org\/site\/wp-content\/uploads\/2022\/05\/cropped-brasilnoticias-mini.jpg\",\"contentUrl\":\"https:\/\/brasilnoticias.org\/site\/wp-content\/uploads\/2022\/05\/cropped-brasilnoticias-mini.jpg\",\"width\":314,\"height\":86,\"caption\":\"Brasil not\u00edcias\"},\"image\":{\"@id\":\"https:\/\/brasilnoticias.org\/site\/#\/schema\/logo\/image\/\"}},{\"@type\":\"Person\",\"@id\":\"https:\/\/brasilnoticias.org\/site\/#\/schema\/person\/03bbbfe6c7634ad18c26444ea39049fa\",\"name\":\"Reda\u00e7\u00e3o\",\"image\":{\"@type\":\"ImageObject\",\"inLanguage\":\"pt-PT\",\"@id\":\"https:\/\/brasilnoticias.org\/site\/#\/schema\/person\/image\/\",\"url\":\"https:\/\/secure.gravatar.com\/avatar\/9ecaf7327a696cb23ad926fedded5f1f04d7049de9e445375d55b48c001a6e42?s=96&d=mm&r=g\",\"contentUrl\":\"https:\/\/secure.gravatar.com\/avatar\/9ecaf7327a696cb23ad926fedded5f1f04d7049de9e445375d55b48c001a6e42?s=96&d=mm&r=g\",\"caption\":\"Reda\u00e7\u00e3o\"},\"url\":\"https:\/\/brasilnoticias.org\/site\/author\/henrique\/\"}]}<\/script>\n<!-- \/ Yoast SEO plugin. -->","yoast_head_json":{"title":"Pol\u00edcia Federal deflagra opera\u00e7\u00e3o e cumpre mandados em Salvador e Lauro de Freitas - Brasil not\u00edcias","robots":{"index":"index","follow":"follow","max-snippet":"max-snippet:-1","max-image-preview":"max-image-preview:large","max-video-preview":"max-video-preview:-1"},"canonical":"https:\/\/brasilnoticias.org\/site\/policia-federal-deflagra-operacao-e-cumpre-mandados-em-salvador-e-lauro-de-freitas\/","og_locale":"pt_PT","og_type":"article","og_title":"Pol\u00edcia Federal deflagra opera\u00e7\u00e3o e cumpre mandados em Salvador e Lauro de Freitas - Brasil not\u00edcias","og_description":"A Pol\u00edcia Federal do Brasil deflagrou, na manh\u00e3 desta ter\u00e7a-feira (17), uma opera\u00e7\u00e3o que investiga poss\u00edveis irregularidades em contratos firmados","og_url":"https:\/\/brasilnoticias.org\/site\/policia-federal-deflagra-operacao-e-cumpre-mandados-em-salvador-e-lauro-de-freitas\/","og_site_name":"Brasil not\u00edcias","article_published_time":"2026-03-17T09:54:32+00:00","og_image":[{"width":800,"height":450,"url":"https:\/\/brasilnoticias.org\/site\/wp-content\/uploads\/2026\/03\/pf-nas-ruas-operacao-mira-ex-gestao-da-prefeita-de-lauro-de-freitas-e-cumpre-mandados-em-area-nobre-de-salvador_widelg.jpg","type":"image\/jpeg"}],"author":"Reda\u00e7\u00e3o","twitter_card":"summary_large_image","twitter_misc":{"Escrito por":"Reda\u00e7\u00e3o","Tempo estimado de leitura":"2 minutos"},"schema":{"@context":"https:\/\/schema.org","@graph":[{"@type":"Article","@id":"https:\/\/brasilnoticias.org\/site\/policia-federal-deflagra-operacao-e-cumpre-mandados-em-salvador-e-lauro-de-freitas\/#article","isPartOf":{"@id":"https:\/\/brasilnoticias.org\/site\/policia-federal-deflagra-operacao-e-cumpre-mandados-em-salvador-e-lauro-de-freitas\/"},"author":{"name":"Reda\u00e7\u00e3o","@id":"https:\/\/brasilnoticias.org\/site\/#\/schema\/person\/03bbbfe6c7634ad18c26444ea39049fa"},"headline":"Pol\u00edcia Federal deflagra opera\u00e7\u00e3o e cumpre mandados em Salvador e Lauro de Freitas","datePublished":"2026-03-17T09:54:32+00:00","mainEntityOfPage":{"@id":"https:\/\/brasilnoticias.org\/site\/policia-federal-deflagra-operacao-e-cumpre-mandados-em-salvador-e-lauro-de-freitas\/"},"wordCount":249,"commentCount":0,"publisher":{"@id":"https:\/\/brasilnoticias.org\/site\/#organization"},"image":{"@id":"https:\/\/brasilnoticias.org\/site\/policia-federal-deflagra-operacao-e-cumpre-mandados-em-salvador-e-lauro-de-freitas\/#primaryimage"},"thumbnailUrl":"https:\/\/brasilnoticias.org\/site\/wp-content\/uploads\/2026\/03\/pf-nas-ruas-operacao-mira-ex-gestao-da-prefeita-de-lauro-de-freitas-e-cumpre-mandados-em-area-nobre-de-salvador_widelg.jpg","articleSection":["Pol\u00edcia","\u00daltimas"],"inLanguage":"pt-PT","potentialAction":[{"@type":"CommentAction","name":"Comment","target":["https:\/\/brasilnoticias.org\/site\/policia-federal-deflagra-operacao-e-cumpre-mandados-em-salvador-e-lauro-de-freitas\/#respond"]}]},{"@type":"WebPage","@id":"https:\/\/brasilnoticias.org\/site\/policia-federal-deflagra-operacao-e-cumpre-mandados-em-salvador-e-lauro-de-freitas\/","url":"https:\/\/brasilnoticias.org\/site\/policia-federal-deflagra-operacao-e-cumpre-mandados-em-salvador-e-lauro-de-freitas\/","name":"Pol\u00edcia Federal deflagra opera\u00e7\u00e3o e cumpre mandados em Salvador e Lauro de Freitas - Brasil not\u00edcias","isPartOf":{"@id":"https:\/\/brasilnoticias.org\/site\/#website"},"primaryImageOfPage":{"@id":"https:\/\/brasilnoticias.org\/site\/policia-federal-deflagra-operacao-e-cumpre-mandados-em-salvador-e-lauro-de-freitas\/#primaryimage"},"image":{"@id":"https:\/\/brasilnoticias.org\/site\/policia-federal-deflagra-operacao-e-cumpre-mandados-em-salvador-e-lauro-de-freitas\/#primaryimage"},"thumbnailUrl":"https:\/\/brasilnoticias.org\/site\/wp-content\/uploads\/2026\/03\/pf-nas-ruas-operacao-mira-ex-gestao-da-prefeita-de-lauro-de-freitas-e-cumpre-mandados-em-area-nobre-de-salvador_widelg.jpg","datePublished":"2026-03-17T09:54:32+00:00","breadcrumb":{"@id":"https:\/\/brasilnoticias.org\/site\/policia-federal-deflagra-operacao-e-cumpre-mandados-em-salvador-e-lauro-de-freitas\/#breadcrumb"},"inLanguage":"pt-PT","potentialAction":[{"@type":"ReadAction","target":["https:\/\/brasilnoticias.org\/site\/policia-federal-deflagra-operacao-e-cumpre-mandados-em-salvador-e-lauro-de-freitas\/"]}]},{"@type":"ImageObject","inLanguage":"pt-PT","@id":"https:\/\/brasilnoticias.org\/site\/policia-federal-deflagra-operacao-e-cumpre-mandados-em-salvador-e-lauro-de-freitas\/#primaryimage","url":"https:\/\/brasilnoticias.org\/site\/wp-content\/uploads\/2026\/03\/pf-nas-ruas-operacao-mira-ex-gestao-da-prefeita-de-lauro-de-freitas-e-cumpre-mandados-em-area-nobre-de-salvador_widelg.jpg","contentUrl":"https:\/\/brasilnoticias.org\/site\/wp-content\/uploads\/2026\/03\/pf-nas-ruas-operacao-mira-ex-gestao-da-prefeita-de-lauro-de-freitas-e-cumpre-mandados-em-area-nobre-de-salvador_widelg.jpg","width":800,"height":450,"caption":"Arquivo \/ PF"},{"@type":"BreadcrumbList","@id":"https:\/\/brasilnoticias.org\/site\/policia-federal-deflagra-operacao-e-cumpre-mandados-em-salvador-e-lauro-de-freitas\/#breadcrumb","itemListElement":[{"@type":"ListItem","position":1,"name":"In\u00edcio","item":"https:\/\/brasilnoticias.org\/site\/"},{"@type":"ListItem","position":2,"name":"Pol\u00edcia Federal deflagra opera\u00e7\u00e3o e cumpre mandados em Salvador e Lauro de Freitas"}]},{"@type":"WebSite","@id":"https:\/\/brasilnoticias.org\/site\/#website","url":"https:\/\/brasilnoticias.org\/site\/","name":"Brasil not\u00edcias","description":"Brasil not\u00edcias","publisher":{"@id":"https:\/\/brasilnoticias.org\/site\/#organization"},"potentialAction":[{"@type":"SearchAction","target":{"@type":"EntryPoint","urlTemplate":"https:\/\/brasilnoticias.org\/site\/?s={search_term_string}"},"query-input":{"@type":"PropertyValueSpecification","valueRequired":true,"valueName":"search_term_string"}}],"inLanguage":"pt-PT"},{"@type":"Organization","@id":"https:\/\/brasilnoticias.org\/site\/#organization","name":"Brasil not\u00edcias","url":"https:\/\/brasilnoticias.org\/site\/","logo":{"@type":"ImageObject","inLanguage":"pt-PT","@id":"https:\/\/brasilnoticias.org\/site\/#\/schema\/logo\/image\/","url":"https:\/\/brasilnoticias.org\/site\/wp-content\/uploads\/2022\/05\/cropped-brasilnoticias-mini.jpg","contentUrl":"https:\/\/brasilnoticias.org\/site\/wp-content\/uploads\/2022\/05\/cropped-brasilnoticias-mini.jpg","width":314,"height":86,"caption":"Brasil not\u00edcias"},"image":{"@id":"https:\/\/brasilnoticias.org\/site\/#\/schema\/logo\/image\/"}},{"@type":"Person","@id":"https:\/\/brasilnoticias.org\/site\/#\/schema\/person\/03bbbfe6c7634ad18c26444ea39049fa","name":"Reda\u00e7\u00e3o","image":{"@type":"ImageObject","inLanguage":"pt-PT","@id":"https:\/\/brasilnoticias.org\/site\/#\/schema\/person\/image\/","url":"https:\/\/secure.gravatar.com\/avatar\/9ecaf7327a696cb23ad926fedded5f1f04d7049de9e445375d55b48c001a6e42?s=96&d=mm&r=g","contentUrl":"https:\/\/secure.gravatar.com\/avatar\/9ecaf7327a696cb23ad926fedded5f1f04d7049de9e445375d55b48c001a6e42?s=96&d=mm&r=g","caption":"Reda\u00e7\u00e3o"},"url":"https:\/\/brasilnoticias.org\/site\/author\/henrique\/"}]}},"_links":{"self":[{"href":"https:\/\/brasilnoticias.org\/site\/wp-json\/wp\/v2\/posts\/20998","targetHints":{"allow":["GET"]}}],"collection":[{"href":"https:\/\/brasilnoticias.org\/site\/wp-json\/wp\/v2\/posts"}],"about":[{"href":"https:\/\/brasilnoticias.org\/site\/wp-json\/wp\/v2\/types\/post"}],"author":[{"embeddable":true,"href":"https:\/\/brasilnoticias.org\/site\/wp-json\/wp\/v2\/users\/4"}],"replies":[{"embeddable":true,"href":"https:\/\/brasilnoticias.org\/site\/wp-json\/wp\/v2\/comments?post=20998"}],"version-history":[{"count":1,"href":"https:\/\/brasilnoticias.org\/site\/wp-json\/wp\/v2\/posts\/20998\/revisions"}],"predecessor-version":[{"id":21000,"href":"https:\/\/brasilnoticias.org\/site\/wp-json\/wp\/v2\/posts\/20998\/revisions\/21000"}],"wp:featuredmedia":[{"embeddable":true,"href":"https:\/\/brasilnoticias.org\/site\/wp-json\/wp\/v2\/media\/20999"}],"wp:attachment":[{"href":"https:\/\/brasilnoticias.org\/site\/wp-json\/wp\/v2\/media?parent=20998"}],"wp:term":[{"taxonomy":"category","embeddable":true,"href":"https:\/\/brasilnoticias.org\/site\/wp-json\/wp\/v2\/categories?post=20998"},{"taxonomy":"post_tag","embeddable":true,"href":"https:\/\/brasilnoticias.org\/site\/wp-json\/wp\/v2\/tags?post=20998"}],"curies":[{"name":"wp","href":"https:\/\/api.w.org\/{rel}","templated":true}]}}