{"id":21001,"date":"2026-03-17T07:02:05","date_gmt":"2026-03-17T10:02:05","guid":{"rendered":"https:\/\/brasilnoticias.org\/site\/?p=21001"},"modified":"2026-03-17T07:02:05","modified_gmt":"2026-03-17T10:02:05","slug":"ivanilson-reage-a-especulacoes-e-avisa-ninguem-vai-entrar-no-pv-por-imposicao","status":"publish","type":"post","link":"https:\/\/brasilnoticias.org\/site\/ivanilson-reage-a-especulacoes-e-avisa-ninguem-vai-entrar-no-pv-por-imposicao\/","title":{"rendered":"Ivanilson reage a especula\u00e7\u00f5es e avisa: &#8216;Ningu\u00e9m vai entrar no PV por imposi\u00e7\u00e3o&#8217;"},"content":{"rendered":"<h2 class=\"self-stretch font-sans text-headline-6 font-normal tracking-tight text-neutral-50\">Presidente do Partido Verde na Bahia indica que Bacelar e V\u00edtor Bonfim devem permanecer na legenda, critica articula\u00e7\u00f5es sobre a federa\u00e7\u00e3o, defende Andr\u00e9 Fraga e afirma que n\u00e3o aceitar\u00e1 interfer\u00eancia na composi\u00e7\u00e3o do PV<\/h2>\n<p>O presidente do Partido Verde na Bahia,\u00a0<strong>Ivanilson Gomes<\/strong>, afirmou nesta segunda-feira (16) que a sigla n\u00e3o aceitar\u00e1 imposi\u00e7\u00f5es externas na montagem das chapas para as elei\u00e7\u00f5es de 2026 e reagiu \u00e0s especula\u00e7\u00f5es sobre poss\u00edveis mudan\u00e7as que envolvem deputados da legenda.<\/p>\n<p>Em entrevista \u00e0\u00a0<em><strong>CBN Salvador<\/strong><\/em>, o dirigente destacou que a proximidade da janela partid\u00e1ria intensifica as movimenta\u00e7\u00f5es pol\u00edticas e disse que a \u201cdan\u00e7a das cadeiras\u201d j\u00e1 come\u00e7ou entre os partidos.<\/p>\n<h2><strong>Bacelar deve ficar no PV<\/p>\n<p><\/strong><\/h2>\n<p>Ivanilson indicou a perman\u00eancia do deputado federal\u00a0<strong>Jo\u00e3o Carlos Bacelar<\/strong>\u00a0no PV, apesar das especula\u00e7\u00f5es de que ele poderia migrar para o Podemos.<\/p>\n<p>De acordo com o comandante do PV, o parlamentar tem reafirmado a inten\u00e7\u00e3o de permanecer na legenda e avalia com cautela qualquer mudan\u00e7a partid\u00e1ria.<\/p>\n<p><strong>\u201cBacelar tem me garantido que n\u00e3o pretende sair do partido. Primeiro porque se identifica com as pautas do PV e tamb\u00e9m porque faz conta. Ele sabe o peso de cada movimento eleitoral\u201d,<\/strong>\u00a0disse.<\/p>\n<p>O dirigente ressaltou que a federa\u00e7\u00e3o partid\u00e1ria oferece hoje um cen\u00e1rio considerado seguro para quem j\u00e1 possui vota\u00e7\u00e3o consolidada.<\/p>\n<p><strong>\u201cA federa\u00e7\u00e3o hoje \u00e9 uma zona de conforto. Tem voto, se elege. N\u00e3o existe isso de ir para outro partido achando que vai se eleger sem voto\u201d,<\/strong>\u00a0pontuou.<\/p>\n<h2><strong>V\u00edtor Bonfim tamb\u00e9m deve permanecer no PV<\/p>\n<p><\/strong><\/h2>\n<p>Outro nome citado nas articula\u00e7\u00f5es partid\u00e1rias \u00e9 o do deputado estadual\u00a0<strong>Vitor Bonfim<\/strong>, que chegou a ser especulado em outras legendas da base governista.<\/p>\n<p>Segundo Ivanilson Gomes, o parlamentar tem feito as contas eleitorais e, neste momento, a tend\u00eancia \u00e9 permanecer no Partido Verde.<\/p>\n<p><strong>\u201cEle fazia contas e \u00e9 nessa dire\u00e7\u00e3o\u201d,<\/strong>\u00a0afirmou o dirigente, ao comentar a avalia\u00e7\u00e3o do deputado sobre o cen\u00e1rio das nominatas.<\/p>\n<p>Nos bastidores, V\u00edtor Bonfim chegou a ser apontado como poss\u00edvel refor\u00e7o do PSB, mas a recente movimenta\u00e7\u00e3o de parlamentares para outras agremia\u00e7\u00f5es \u2014 que deixou o partido menos competitivo internamente \u2014 teria feito o deputado reconsiderar a mudan\u00e7a.<\/p>\n<h2><strong>Federa\u00e7\u00e3o faz contas para 2026<\/p>\n<p><\/strong><\/h2>\n<p>Ivanilson tamb\u00e9m comentou os c\u00e1lculos internos da federa\u00e7\u00e3o formada por PV, PT e PCdoB para a pr\u00f3xima elei\u00e7\u00e3o.<\/p>\n<p>Ele reconheceu que o grupo perdeu alguns quadros, mas avalia que novos nomes devem compensar eventuais baixas.<\/p>\n<p><strong>\u201cA federa\u00e7\u00e3o perdeu alguns votos, se considerar nomes como Vilma Reis ou Josias Gomes, que n\u00e3o ser\u00e1 candidato. Mas tamb\u00e9m ganhou com outras lideran\u00e7as que est\u00e3o chegando\u201d,<\/strong>\u00a0afirmou.<\/p>\n<p>De acordo com ele, mudan\u00e7as bruscas pode afetar diretamente o desempenho do grupo nas urnas.<\/p>\n<p><strong>\u201cQualquer movimento que seja feito pode prejudicar a federa\u00e7\u00e3o. Por isso tudo \u00e9 discutido coletivamente entre os tr\u00eas partidos\u201d,<\/strong>\u00a0explicou.<\/p>\n<h2><strong>Recado direto sobre entrada no PV<\/p>\n<p><\/strong><\/h2>\n<p>O presidente do PV tamb\u00e9m fez quest\u00e3o de deixar claro que a legenda n\u00e3o aceitar\u00e1 interfer\u00eancias externas na defini\u00e7\u00e3o de seus quadros.<\/p>\n<p><strong>\u201cQualquer ingresso no PV vai ter que sentar comigo. Eu n\u00e3o aceitarei nenhum tipo de imposi\u00e7\u00e3o. Se algu\u00e9m estiver pensando em fazer um voo por cima para chegar ao partido, vai ter problema comigo\u201d,<\/strong>\u00a0declarou.<\/p>\n<p>Segundo ele, o partido n\u00e3o tem interesse em inflar a bancada a qualquer custo.<\/p>\n<p><strong>\u201cMeu objetivo n\u00e3o \u00e9 ter cinco, seis ou oito deputados. Meu objetivo \u00e9 ter parlamentares que tenham a cara do partido e defendam o nosso programa\u201d,<\/strong>\u00a0afirmou.<\/p>\n<h2><strong>Andr\u00e9 Fraga ser\u00e1 defendido pelo partido<\/p>\n<p><\/strong><\/h2>\n<p>Ivanilson tamb\u00e9m saiu em defesa do vereador de Salvador\u00a0<strong>Andr\u00e9 Fraga<\/strong>, apontado como um dos principais quadros org\u00e2nicos do PV e pr\u00e9-candidato a deputado estadual.<\/p>\n<p>Apesar de integrar a base do prefeito Bruno Reis na C\u00e2mara Municipal, o edil dever\u00e1 seguir as diretrizes da federa\u00e7\u00e3o nas elei\u00e7\u00f5es estaduais.<\/p>\n<p><strong>\u201cAndr\u00e9 \u00e9 um projeto do partido. Ele \u00e9 um vereador que orgulha Salvador e interpreta a cidade como poucos conseguem fazer hoje\u201d,<\/strong>\u00a0afirmou.<\/p>\n<p>O dirigente ressaltou ainda que a federa\u00e7\u00e3o n\u00e3o tem poder para impedir sua candidatura.<\/p>\n<p><strong>\u201cA federa\u00e7\u00e3o pode discutir posi\u00e7\u00f5es pol\u00edticas, mas n\u00e3o tem poder para cassar mandato ou impedir candidatura sem motivo legal\u201d,<\/strong>\u00a0disse.<\/p>\n<h2><strong>Press\u00e3o sobre a federa\u00e7\u00e3o<\/p>\n<p><\/strong><\/h2>\n<p>Durante a entrevista, Ivanilson tamb\u00e9m alertou para poss\u00edveis tentativas de enfraquecimento do PV dentro da base governista.<\/p>\n<p>Segundo ele, qualquer movimento nesse sentido encontrar\u00e1 resist\u00eancia do partido.<\/p>\n<p><strong>\u201cEspero profundamente que n\u00e3o haja esse tipo de movimento. Mas se houver qualquer tentativa de diminuir a for\u00e7a do PV no estado, n\u00f3s vamos nos posicionar e reagir\u201d,<\/strong>\u00a0afirmou.<\/p>\n<p>A tend\u00eancia do Partido Verde \u00e9 lan\u00e7ar tr\u00eas nomes para a disputa federal e quatro para a Assembleia Legislativa.<\/p>\n<p>Fonte: <a href=\"https:\/\/www.blogdovila.com.br\/noticia\/ivanilson-nominata\">Blog do Vila<\/a><\/p>\n","protected":false},"excerpt":{"rendered":"<p>Presidente do Partido Verde na Bahia indica que Bacelar e V\u00edtor Bonfim devem permanecer na legenda, critica articula\u00e7\u00f5es sobre a<\/p>\n","protected":false},"author":4,"featured_media":21002,"comment_status":"open","ping_status":"open","sticky":false,"template":"","format":"standard","meta":{"colormag_page_container_layout":"default_layout","colormag_page_sidebar_layout":"default_layout","_FSMCFIC_featured_image_caption":"","_FSMCFIC_featured_image_nocaption":"","_FSMCFIC_featured_image_hide":"","footnotes":""},"categories":[5,1],"tags":[],"class_list":["post-21001","post","type-post","status-publish","format-standard","has-post-thumbnail","hentry","category-politica","category-ultimas"],"yoast_head":"<!-- This site is optimized with the Yoast SEO plugin v27.1.1 - https:\/\/yoast.com\/product\/yoast-seo-wordpress\/ -->\n<title>Ivanilson reage a especula\u00e7\u00f5es e avisa: &#039;Ningu\u00e9m vai entrar no PV por imposi\u00e7\u00e3o&#039; - Brasil not\u00edcias<\/title>\n<meta name=\"robots\" content=\"index, follow, max-snippet:-1, max-image-preview:large, max-video-preview:-1\" \/>\n<link rel=\"canonical\" href=\"https:\/\/brasilnoticias.org\/site\/ivanilson-reage-a-especulacoes-e-avisa-ninguem-vai-entrar-no-pv-por-imposicao\/\" \/>\n<meta property=\"og:locale\" content=\"pt_PT\" \/>\n<meta property=\"og:type\" content=\"article\" \/>\n<meta property=\"og:title\" content=\"Ivanilson reage a especula\u00e7\u00f5es e avisa: &#039;Ningu\u00e9m vai entrar no PV por imposi\u00e7\u00e3o&#039; - Brasil not\u00edcias\" \/>\n<meta property=\"og:description\" content=\"Presidente do Partido Verde na Bahia indica que Bacelar e V\u00edtor Bonfim devem permanecer na legenda, critica articula\u00e7\u00f5es sobre a\" \/>\n<meta property=\"og:url\" content=\"https:\/\/brasilnoticias.org\/site\/ivanilson-reage-a-especulacoes-e-avisa-ninguem-vai-entrar-no-pv-por-imposicao\/\" \/>\n<meta property=\"og:site_name\" content=\"Brasil not\u00edcias\" \/>\n<meta property=\"article:published_time\" content=\"2026-03-17T10:02:05+00:00\" \/>\n<meta property=\"og:image\" content=\"https:\/\/brasilnoticias.org\/site\/wp-content\/uploads\/2026\/03\/WhatsApp-Image-2026-03-16-at-11.11.34.jpeg\" \/>\n\t<meta property=\"og:image:width\" content=\"1280\" \/>\n\t<meta property=\"og:image:height\" content=\"720\" \/>\n\t<meta property=\"og:image:type\" content=\"image\/jpeg\" \/>\n<meta name=\"author\" content=\"Reda\u00e7\u00e3o\" \/>\n<meta name=\"twitter:card\" content=\"summary_large_image\" \/>\n<meta name=\"twitter:label1\" content=\"Escrito por\" \/>\n\t<meta name=\"twitter:data1\" content=\"Reda\u00e7\u00e3o\" \/>\n\t<meta name=\"twitter:label2\" content=\"Tempo estimado de leitura\" \/>\n\t<meta name=\"twitter:data2\" content=\"5 minutos\" \/>\n<script type=\"application\/ld+json\" class=\"yoast-schema-graph\">{\"@context\":\"https:\/\/schema.org\",\"@graph\":[{\"@type\":\"Article\",\"@id\":\"https:\/\/brasilnoticias.org\/site\/ivanilson-reage-a-especulacoes-e-avisa-ninguem-vai-entrar-no-pv-por-imposicao\/#article\",\"isPartOf\":{\"@id\":\"https:\/\/brasilnoticias.org\/site\/ivanilson-reage-a-especulacoes-e-avisa-ninguem-vai-entrar-no-pv-por-imposicao\/\"},\"author\":{\"name\":\"Reda\u00e7\u00e3o\",\"@id\":\"https:\/\/brasilnoticias.org\/site\/#\/schema\/person\/03bbbfe6c7634ad18c26444ea39049fa\"},\"headline\":\"Ivanilson reage a especula\u00e7\u00f5es e avisa: &#8216;Ningu\u00e9m vai entrar no PV por imposi\u00e7\u00e3o&#8217;\",\"datePublished\":\"2026-03-17T10:02:05+00:00\",\"mainEntityOfPage\":{\"@id\":\"https:\/\/brasilnoticias.org\/site\/ivanilson-reage-a-especulacoes-e-avisa-ninguem-vai-entrar-no-pv-por-imposicao\/\"},\"wordCount\":840,\"commentCount\":0,\"publisher\":{\"@id\":\"https:\/\/brasilnoticias.org\/site\/#organization\"},\"image\":{\"@id\":\"https:\/\/brasilnoticias.org\/site\/ivanilson-reage-a-especulacoes-e-avisa-ninguem-vai-entrar-no-pv-por-imposicao\/#primaryimage\"},\"thumbnailUrl\":\"https:\/\/brasilnoticias.org\/site\/wp-content\/uploads\/2026\/03\/WhatsApp-Image-2026-03-16-at-11.11.34.jpeg\",\"articleSection\":[\"Pol\u00edtica\",\"\u00daltimas\"],\"inLanguage\":\"pt-PT\",\"potentialAction\":[{\"@type\":\"CommentAction\",\"name\":\"Comment\",\"target\":[\"https:\/\/brasilnoticias.org\/site\/ivanilson-reage-a-especulacoes-e-avisa-ninguem-vai-entrar-no-pv-por-imposicao\/#respond\"]}]},{\"@type\":\"WebPage\",\"@id\":\"https:\/\/brasilnoticias.org\/site\/ivanilson-reage-a-especulacoes-e-avisa-ninguem-vai-entrar-no-pv-por-imposicao\/\",\"url\":\"https:\/\/brasilnoticias.org\/site\/ivanilson-reage-a-especulacoes-e-avisa-ninguem-vai-entrar-no-pv-por-imposicao\/\",\"name\":\"Ivanilson reage a especula\u00e7\u00f5es e avisa: 'Ningu\u00e9m vai entrar no PV por imposi\u00e7\u00e3o' - Brasil not\u00edcias\",\"isPartOf\":{\"@id\":\"https:\/\/brasilnoticias.org\/site\/#website\"},\"primaryImageOfPage\":{\"@id\":\"https:\/\/brasilnoticias.org\/site\/ivanilson-reage-a-especulacoes-e-avisa-ninguem-vai-entrar-no-pv-por-imposicao\/#primaryimage\"},\"image\":{\"@id\":\"https:\/\/brasilnoticias.org\/site\/ivanilson-reage-a-especulacoes-e-avisa-ninguem-vai-entrar-no-pv-por-imposicao\/#primaryimage\"},\"thumbnailUrl\":\"https:\/\/brasilnoticias.org\/site\/wp-content\/uploads\/2026\/03\/WhatsApp-Image-2026-03-16-at-11.11.34.jpeg\",\"datePublished\":\"2026-03-17T10:02:05+00:00\",\"breadcrumb\":{\"@id\":\"https:\/\/brasilnoticias.org\/site\/ivanilson-reage-a-especulacoes-e-avisa-ninguem-vai-entrar-no-pv-por-imposicao\/#breadcrumb\"},\"inLanguage\":\"pt-PT\",\"potentialAction\":[{\"@type\":\"ReadAction\",\"target\":[\"https:\/\/brasilnoticias.org\/site\/ivanilson-reage-a-especulacoes-e-avisa-ninguem-vai-entrar-no-pv-por-imposicao\/\"]}]},{\"@type\":\"ImageObject\",\"inLanguage\":\"pt-PT\",\"@id\":\"https:\/\/brasilnoticias.org\/site\/ivanilson-reage-a-especulacoes-e-avisa-ninguem-vai-entrar-no-pv-por-imposicao\/#primaryimage\",\"url\":\"https:\/\/brasilnoticias.org\/site\/wp-content\/uploads\/2026\/03\/WhatsApp-Image-2026-03-16-at-11.11.34.jpeg\",\"contentUrl\":\"https:\/\/brasilnoticias.org\/site\/wp-content\/uploads\/2026\/03\/WhatsApp-Image-2026-03-16-at-11.11.34.jpeg\",\"width\":1280,\"height\":720,\"caption\":\"Foto: Evil\u00e1sio J\u00fanior\"},{\"@type\":\"BreadcrumbList\",\"@id\":\"https:\/\/brasilnoticias.org\/site\/ivanilson-reage-a-especulacoes-e-avisa-ninguem-vai-entrar-no-pv-por-imposicao\/#breadcrumb\",\"itemListElement\":[{\"@type\":\"ListItem\",\"position\":1,\"name\":\"In\u00edcio\",\"item\":\"https:\/\/brasilnoticias.org\/site\/\"},{\"@type\":\"ListItem\",\"position\":2,\"name\":\"Ivanilson reage a especula\u00e7\u00f5es e avisa: &#8216;Ningu\u00e9m vai entrar no PV por imposi\u00e7\u00e3o&#8217;\"}]},{\"@type\":\"WebSite\",\"@id\":\"https:\/\/brasilnoticias.org\/site\/#website\",\"url\":\"https:\/\/brasilnoticias.org\/site\/\",\"name\":\"Brasil not\u00edcias\",\"description\":\"Brasil not\u00edcias\",\"publisher\":{\"@id\":\"https:\/\/brasilnoticias.org\/site\/#organization\"},\"potentialAction\":[{\"@type\":\"SearchAction\",\"target\":{\"@type\":\"EntryPoint\",\"urlTemplate\":\"https:\/\/brasilnoticias.org\/site\/?s={search_term_string}\"},\"query-input\":{\"@type\":\"PropertyValueSpecification\",\"valueRequired\":true,\"valueName\":\"search_term_string\"}}],\"inLanguage\":\"pt-PT\"},{\"@type\":\"Organization\",\"@id\":\"https:\/\/brasilnoticias.org\/site\/#organization\",\"name\":\"Brasil not\u00edcias\",\"url\":\"https:\/\/brasilnoticias.org\/site\/\",\"logo\":{\"@type\":\"ImageObject\",\"inLanguage\":\"pt-PT\",\"@id\":\"https:\/\/brasilnoticias.org\/site\/#\/schema\/logo\/image\/\",\"url\":\"https:\/\/brasilnoticias.org\/site\/wp-content\/uploads\/2022\/05\/cropped-brasilnoticias-mini.jpg\",\"contentUrl\":\"https:\/\/brasilnoticias.org\/site\/wp-content\/uploads\/2022\/05\/cropped-brasilnoticias-mini.jpg\",\"width\":314,\"height\":86,\"caption\":\"Brasil not\u00edcias\"},\"image\":{\"@id\":\"https:\/\/brasilnoticias.org\/site\/#\/schema\/logo\/image\/\"}},{\"@type\":\"Person\",\"@id\":\"https:\/\/brasilnoticias.org\/site\/#\/schema\/person\/03bbbfe6c7634ad18c26444ea39049fa\",\"name\":\"Reda\u00e7\u00e3o\",\"image\":{\"@type\":\"ImageObject\",\"inLanguage\":\"pt-PT\",\"@id\":\"https:\/\/brasilnoticias.org\/site\/#\/schema\/person\/image\/\",\"url\":\"https:\/\/secure.gravatar.com\/avatar\/9ecaf7327a696cb23ad926fedded5f1f04d7049de9e445375d55b48c001a6e42?s=96&d=mm&r=g\",\"contentUrl\":\"https:\/\/secure.gravatar.com\/avatar\/9ecaf7327a696cb23ad926fedded5f1f04d7049de9e445375d55b48c001a6e42?s=96&d=mm&r=g\",\"caption\":\"Reda\u00e7\u00e3o\"},\"url\":\"https:\/\/brasilnoticias.org\/site\/author\/henrique\/\"}]}<\/script>\n<!-- \/ Yoast SEO plugin. -->","yoast_head_json":{"title":"Ivanilson reage a especula\u00e7\u00f5es e avisa: 'Ningu\u00e9m vai entrar no PV por imposi\u00e7\u00e3o' - Brasil not\u00edcias","robots":{"index":"index","follow":"follow","max-snippet":"max-snippet:-1","max-image-preview":"max-image-preview:large","max-video-preview":"max-video-preview:-1"},"canonical":"https:\/\/brasilnoticias.org\/site\/ivanilson-reage-a-especulacoes-e-avisa-ninguem-vai-entrar-no-pv-por-imposicao\/","og_locale":"pt_PT","og_type":"article","og_title":"Ivanilson reage a especula\u00e7\u00f5es e avisa: 'Ningu\u00e9m vai entrar no PV por imposi\u00e7\u00e3o' - Brasil not\u00edcias","og_description":"Presidente do Partido Verde na Bahia indica que Bacelar e V\u00edtor Bonfim devem permanecer na legenda, critica articula\u00e7\u00f5es sobre a","og_url":"https:\/\/brasilnoticias.org\/site\/ivanilson-reage-a-especulacoes-e-avisa-ninguem-vai-entrar-no-pv-por-imposicao\/","og_site_name":"Brasil not\u00edcias","article_published_time":"2026-03-17T10:02:05+00:00","og_image":[{"width":1280,"height":720,"url":"https:\/\/brasilnoticias.org\/site\/wp-content\/uploads\/2026\/03\/WhatsApp-Image-2026-03-16-at-11.11.34.jpeg","type":"image\/jpeg"}],"author":"Reda\u00e7\u00e3o","twitter_card":"summary_large_image","twitter_misc":{"Escrito por":"Reda\u00e7\u00e3o","Tempo estimado de leitura":"5 minutos"},"schema":{"@context":"https:\/\/schema.org","@graph":[{"@type":"Article","@id":"https:\/\/brasilnoticias.org\/site\/ivanilson-reage-a-especulacoes-e-avisa-ninguem-vai-entrar-no-pv-por-imposicao\/#article","isPartOf":{"@id":"https:\/\/brasilnoticias.org\/site\/ivanilson-reage-a-especulacoes-e-avisa-ninguem-vai-entrar-no-pv-por-imposicao\/"},"author":{"name":"Reda\u00e7\u00e3o","@id":"https:\/\/brasilnoticias.org\/site\/#\/schema\/person\/03bbbfe6c7634ad18c26444ea39049fa"},"headline":"Ivanilson reage a especula\u00e7\u00f5es e avisa: &#8216;Ningu\u00e9m vai entrar no PV por imposi\u00e7\u00e3o&#8217;","datePublished":"2026-03-17T10:02:05+00:00","mainEntityOfPage":{"@id":"https:\/\/brasilnoticias.org\/site\/ivanilson-reage-a-especulacoes-e-avisa-ninguem-vai-entrar-no-pv-por-imposicao\/"},"wordCount":840,"commentCount":0,"publisher":{"@id":"https:\/\/brasilnoticias.org\/site\/#organization"},"image":{"@id":"https:\/\/brasilnoticias.org\/site\/ivanilson-reage-a-especulacoes-e-avisa-ninguem-vai-entrar-no-pv-por-imposicao\/#primaryimage"},"thumbnailUrl":"https:\/\/brasilnoticias.org\/site\/wp-content\/uploads\/2026\/03\/WhatsApp-Image-2026-03-16-at-11.11.34.jpeg","articleSection":["Pol\u00edtica","\u00daltimas"],"inLanguage":"pt-PT","potentialAction":[{"@type":"CommentAction","name":"Comment","target":["https:\/\/brasilnoticias.org\/site\/ivanilson-reage-a-especulacoes-e-avisa-ninguem-vai-entrar-no-pv-por-imposicao\/#respond"]}]},{"@type":"WebPage","@id":"https:\/\/brasilnoticias.org\/site\/ivanilson-reage-a-especulacoes-e-avisa-ninguem-vai-entrar-no-pv-por-imposicao\/","url":"https:\/\/brasilnoticias.org\/site\/ivanilson-reage-a-especulacoes-e-avisa-ninguem-vai-entrar-no-pv-por-imposicao\/","name":"Ivanilson reage a especula\u00e7\u00f5es e avisa: 'Ningu\u00e9m vai entrar no PV por imposi\u00e7\u00e3o' - Brasil not\u00edcias","isPartOf":{"@id":"https:\/\/brasilnoticias.org\/site\/#website"},"primaryImageOfPage":{"@id":"https:\/\/brasilnoticias.org\/site\/ivanilson-reage-a-especulacoes-e-avisa-ninguem-vai-entrar-no-pv-por-imposicao\/#primaryimage"},"image":{"@id":"https:\/\/brasilnoticias.org\/site\/ivanilson-reage-a-especulacoes-e-avisa-ninguem-vai-entrar-no-pv-por-imposicao\/#primaryimage"},"thumbnailUrl":"https:\/\/brasilnoticias.org\/site\/wp-content\/uploads\/2026\/03\/WhatsApp-Image-2026-03-16-at-11.11.34.jpeg","datePublished":"2026-03-17T10:02:05+00:00","breadcrumb":{"@id":"https:\/\/brasilnoticias.org\/site\/ivanilson-reage-a-especulacoes-e-avisa-ninguem-vai-entrar-no-pv-por-imposicao\/#breadcrumb"},"inLanguage":"pt-PT","potentialAction":[{"@type":"ReadAction","target":["https:\/\/brasilnoticias.org\/site\/ivanilson-reage-a-especulacoes-e-avisa-ninguem-vai-entrar-no-pv-por-imposicao\/"]}]},{"@type":"ImageObject","inLanguage":"pt-PT","@id":"https:\/\/brasilnoticias.org\/site\/ivanilson-reage-a-especulacoes-e-avisa-ninguem-vai-entrar-no-pv-por-imposicao\/#primaryimage","url":"https:\/\/brasilnoticias.org\/site\/wp-content\/uploads\/2026\/03\/WhatsApp-Image-2026-03-16-at-11.11.34.jpeg","contentUrl":"https:\/\/brasilnoticias.org\/site\/wp-content\/uploads\/2026\/03\/WhatsApp-Image-2026-03-16-at-11.11.34.jpeg","width":1280,"height":720,"caption":"Foto: Evil\u00e1sio J\u00fanior"},{"@type":"BreadcrumbList","@id":"https:\/\/brasilnoticias.org\/site\/ivanilson-reage-a-especulacoes-e-avisa-ninguem-vai-entrar-no-pv-por-imposicao\/#breadcrumb","itemListElement":[{"@type":"ListItem","position":1,"name":"In\u00edcio","item":"https:\/\/brasilnoticias.org\/site\/"},{"@type":"ListItem","position":2,"name":"Ivanilson reage a especula\u00e7\u00f5es e avisa: &#8216;Ningu\u00e9m vai entrar no PV por imposi\u00e7\u00e3o&#8217;"}]},{"@type":"WebSite","@id":"https:\/\/brasilnoticias.org\/site\/#website","url":"https:\/\/brasilnoticias.org\/site\/","name":"Brasil not\u00edcias","description":"Brasil not\u00edcias","publisher":{"@id":"https:\/\/brasilnoticias.org\/site\/#organization"},"potentialAction":[{"@type":"SearchAction","target":{"@type":"EntryPoint","urlTemplate":"https:\/\/brasilnoticias.org\/site\/?s={search_term_string}"},"query-input":{"@type":"PropertyValueSpecification","valueRequired":true,"valueName":"search_term_string"}}],"inLanguage":"pt-PT"},{"@type":"Organization","@id":"https:\/\/brasilnoticias.org\/site\/#organization","name":"Brasil not\u00edcias","url":"https:\/\/brasilnoticias.org\/site\/","logo":{"@type":"ImageObject","inLanguage":"pt-PT","@id":"https:\/\/brasilnoticias.org\/site\/#\/schema\/logo\/image\/","url":"https:\/\/brasilnoticias.org\/site\/wp-content\/uploads\/2022\/05\/cropped-brasilnoticias-mini.jpg","contentUrl":"https:\/\/brasilnoticias.org\/site\/wp-content\/uploads\/2022\/05\/cropped-brasilnoticias-mini.jpg","width":314,"height":86,"caption":"Brasil not\u00edcias"},"image":{"@id":"https:\/\/brasilnoticias.org\/site\/#\/schema\/logo\/image\/"}},{"@type":"Person","@id":"https:\/\/brasilnoticias.org\/site\/#\/schema\/person\/03bbbfe6c7634ad18c26444ea39049fa","name":"Reda\u00e7\u00e3o","image":{"@type":"ImageObject","inLanguage":"pt-PT","@id":"https:\/\/brasilnoticias.org\/site\/#\/schema\/person\/image\/","url":"https:\/\/secure.gravatar.com\/avatar\/9ecaf7327a696cb23ad926fedded5f1f04d7049de9e445375d55b48c001a6e42?s=96&d=mm&r=g","contentUrl":"https:\/\/secure.gravatar.com\/avatar\/9ecaf7327a696cb23ad926fedded5f1f04d7049de9e445375d55b48c001a6e42?s=96&d=mm&r=g","caption":"Reda\u00e7\u00e3o"},"url":"https:\/\/brasilnoticias.org\/site\/author\/henrique\/"}]}},"_links":{"self":[{"href":"https:\/\/brasilnoticias.org\/site\/wp-json\/wp\/v2\/posts\/21001","targetHints":{"allow":["GET"]}}],"collection":[{"href":"https:\/\/brasilnoticias.org\/site\/wp-json\/wp\/v2\/posts"}],"about":[{"href":"https:\/\/brasilnoticias.org\/site\/wp-json\/wp\/v2\/types\/post"}],"author":[{"embeddable":true,"href":"https:\/\/brasilnoticias.org\/site\/wp-json\/wp\/v2\/users\/4"}],"replies":[{"embeddable":true,"href":"https:\/\/brasilnoticias.org\/site\/wp-json\/wp\/v2\/comments?post=21001"}],"version-history":[{"count":1,"href":"https:\/\/brasilnoticias.org\/site\/wp-json\/wp\/v2\/posts\/21001\/revisions"}],"predecessor-version":[{"id":21003,"href":"https:\/\/brasilnoticias.org\/site\/wp-json\/wp\/v2\/posts\/21001\/revisions\/21003"}],"wp:featuredmedia":[{"embeddable":true,"href":"https:\/\/brasilnoticias.org\/site\/wp-json\/wp\/v2\/media\/21002"}],"wp:attachment":[{"href":"https:\/\/brasilnoticias.org\/site\/wp-json\/wp\/v2\/media?parent=21001"}],"wp:term":[{"taxonomy":"category","embeddable":true,"href":"https:\/\/brasilnoticias.org\/site\/wp-json\/wp\/v2\/categories?post=21001"},{"taxonomy":"post_tag","embeddable":true,"href":"https:\/\/brasilnoticias.org\/site\/wp-json\/wp\/v2\/tags?post=21001"}],"curies":[{"name":"wp","href":"https:\/\/api.w.org\/{rel}","templated":true}]}}