{"id":21007,"date":"2026-03-17T07:19:06","date_gmt":"2026-03-17T10:19:06","guid":{"rendered":"https:\/\/brasilnoticias.org\/site\/?p=21007"},"modified":"2026-03-17T07:19:06","modified_gmt":"2026-03-17T10:19:06","slug":"leo-prates-oficializa-saida-do-pdt-e-deve-ingressar-no-republicanos","status":"publish","type":"post","link":"https:\/\/brasilnoticias.org\/site\/leo-prates-oficializa-saida-do-pdt-e-deve-ingressar-no-republicanos\/","title":{"rendered":"Leo Prates oficializa sa\u00edda do PDT e deve ingressar no Republicanos"},"content":{"rendered":"<h2 class=\"self-stretch font-sans text-headline-6 font-normal tracking-tight text-neutral-50\">Deputado cita \u201ccora\u00e7\u00e3o dilacerado\u201d e aponta alian\u00e7a do partido com o governo da Bahia como fator decisivo<\/h2>\n<p>&nbsp;<\/p>\n<p>O deputado federal\u00a0<strong>Leo Prates<\/strong>\u00a0oficializou, nesta ter\u00e7a-feira (17), sua sa\u00edda do PDT ap\u00f3s quatro anos de filia\u00e7\u00e3o. Em carta aberta, o parlamentar atribuiu a decis\u00e3o ao cen\u00e1rio pol\u00edtico na Bahia, especialmente \u00e0 aproxima\u00e7\u00e3o da sigla com o governo do estado, liderado por\u00a0<strong>Jer\u00f4nimo Rodrigues (PT)<\/strong>.<\/p>\n<p>Apesar de n\u00e3o citar o destino na carta, fontes ouvidas pelo\u00a0<strong><a href=\"https:\/\/www.blogdovila.com.br\/\" target=\"_blank\" rel=\"noopener\">Blog do Vila<\/a><\/strong>\u00a0indicam que o caminho mais prov\u00e1vel \u00e9 o\u00a0<strong>Republicanos<\/strong>, partido que tem se consolidado como abrigo de quadros da oposi\u00e7\u00e3o na Bahia.<\/p>\n<p>No comunicado, o congressista deixa evidente que o alinhamento do PDT com a base estadual foi determinante para sua sa\u00edda.<\/p>\n<p>\u201cAs circunst\u00e2ncias regionais da alian\u00e7a do PDT com o atual governo do estado da Bahia me for\u00e7aram a refletir sobre meus caminhos e rumos.\u201d<\/p>\n<p>O deputado refor\u00e7a ainda sua identidade com o campo oposicionista no estado: \u201cSurgi e sempre fiz parte do grupo pol\u00edtico de oposi\u00e7\u00e3o na Bahia.\u201d<\/p>\n<h2><strong>Trajet\u00f3ria e v\u00ednculo com o PDT<\/p>\n<p><\/strong><\/h2>\n<p>Prates ingressou no partido em 2020, no contexto da candidatura presidencial de\u00a0<strong>Ciro Gomes<\/strong>, e construiu uma rela\u00e7\u00e3o pr\u00f3xima com a c\u00fapula nacional da legenda, especialmente com\u00a0<strong>Carlos Lupi<\/strong>\u00a0e o deputado\u00a0<strong>F\u00e9lix Mendon\u00e7a J\u00fanior<\/strong>.<\/p>\n<p>Na legenda, foi\u00a0<strong>vice-l\u00edder na C\u00e2mara Federal<\/strong>, presidiu a\u00a0<strong>Comiss\u00e3o de Trabalho<\/strong>, comandou o\u00a0<strong>diret\u00f3rio de Salvador<\/strong>\u00a0e atuou na cria\u00e7\u00e3o do\u00a0<strong>movimento animal dentro do partido.<\/strong><\/p>\n<p>No comunicado, ele tamb\u00e9m relembra o per\u00edodo \u00e0 frente da Secretaria de Sa\u00fade de Salvador durante a pandemia, antes de se eleger deputado federal.<\/p>\n<p>A carta tem forte carga simb\u00f3lica e emocional.\u00a0<strong>Leo Prates<\/strong>\u00a0descreve a decis\u00e3o como dif\u00edcil: \u201cCom o cora\u00e7\u00e3o dilacerado, anuncio a minha desfilia\u00e7\u00e3o do partido.\u201d<\/p>\n<p>Apesar do rompimento, ele fez quest\u00e3o de manter o tom institucional, ao agradecer \u00e0 dire\u00e7\u00e3o nacional e \u00e0 bancada.<\/p>\n<h2><strong>Confira o comunicado na \u00edntegra<\/strong>:<\/h2>\n<p><strong>CARTA ABERTA AOS AMIGOS DO PDT<\/strong><\/p>\n<p><em>Caros amigos e amigas do PDT. Assim como muitos aqui, a pol\u00edtica me tomou ainda muito jovem e na vida p\u00fablica encontrei minha voca\u00e7\u00e3o e miss\u00e3o coletiva. Ingressei no partido em 2020 com muita felicidade para colaborar, com entusiasmo, na sua constru\u00e7\u00e3o nacional, mais especificamente em rela\u00e7\u00e3o \u00e0 candidatura a presidente de Ciro Gomes.<\/em><\/p>\n<p><em>Foram anos maravilhosos no partido. Ingressei como membro do grupo pol\u00edtico de ACM Neto e constru\u00ed uma rela\u00e7\u00e3o de identidade com os movimentos internos, al\u00e9m de estabelecer uma rela\u00e7\u00e3o de amizade com o presidente nacional, Carlos Lupi, e o deputado federal F\u00e9lix Mendon\u00e7a Junior. \u00a0<\/em><\/p>\n<p><em>Recebi muito apoio dos correligion\u00e1rios, principalmente durante o enfrentamento da pandemia da Covid-19, em 2022, per\u00edodo em que estive \u00e0 frente da Secretaria Municipal de Sa\u00fade de Salvador, e logo ap\u00f3s fui eleito para meu primeiro mandato de deputado federal. Tive a oportunidade, ainda, de ser presidente do diret\u00f3rio de Salvador e fundador do movimento animal, causa que para mim \u00e9 muito cara.<\/em><\/p>\n<p><em>Na C\u00e2mara Federal, entrei de corpo e alma para a fam\u00edlia PDT. Fui vice-l\u00edder do partido al\u00e9m de presidir a Comiss\u00e3o de Trabalho, onde tivemos importantes conquistas para os trabalhadores, e debatemos temas como a escala 6&#215;1, que trar\u00e1 significativas mudan\u00e7as nas rela\u00e7\u00f5es trabalhistas.\u00a0<\/em><\/p>\n<p><em>Procurei honrar as bandeiras e princ\u00edpios partid\u00e1rios da sigla, assim como tamb\u00e9m fui honrado, mas as circunst\u00e2ncias regionais da alian\u00e7a do PDT com o atual governo do estado da Bahia me for\u00e7aram a refletir sobre meus caminhos e rumos. Surgi e sempre fiz parte do grupo pol\u00edtico de oposi\u00e7\u00e3o no estado. Desta forma, com o cora\u00e7\u00e3o dilacerado, anuncio a minha desfilia\u00e7\u00e3o do partido.<\/em><\/p>\n<p><em>Agrade\u00e7o ao presidente Carlos Lupi, movimentos sociais e toda a bancada federal do PDT pela confian\u00e7a e parceria nestes anos. Mesmo em caminhos opostos, continuaremos juntos legislando pelas causas nacionais em nome do povo brasileiro.\u00a0<\/em><\/p>\n<p><em>Gratid\u00e3o<\/em><\/p>\n<p><em><strong>Leo Prates<\/strong><\/em><br \/>\n<em><strong>Deputado Federal<\/strong><\/em><\/p>\n<p>&nbsp;<\/p>\n<p>Fonte: <a href=\"https:\/\/www.blogdovila.com.br\/noticia\/prates-pdt\">Blog do Vila<\/a><\/p>\n","protected":false},"excerpt":{"rendered":"<p>Deputado cita \u201ccora\u00e7\u00e3o dilacerado\u201d e aponta alian\u00e7a do partido com o governo da Bahia como fator decisivo &nbsp; O deputado<\/p>\n","protected":false},"author":4,"featured_media":21008,"comment_status":"open","ping_status":"open","sticky":false,"template":"","format":"standard","meta":{"colormag_page_container_layout":"default_layout","colormag_page_sidebar_layout":"default_layout","_FSMCFIC_featured_image_caption":"","_FSMCFIC_featured_image_nocaption":"","_FSMCFIC_featured_image_hide":"","footnotes":""},"categories":[5,1],"tags":[],"class_list":["post-21007","post","type-post","status-publish","format-standard","has-post-thumbnail","hentry","category-politica","category-ultimas"],"yoast_head":"<!-- This site is optimized with the Yoast SEO plugin v27.1.1 - https:\/\/yoast.com\/product\/yoast-seo-wordpress\/ -->\n<title>Leo Prates oficializa sa\u00edda do PDT e deve ingressar no Republicanos - Brasil not\u00edcias<\/title>\n<meta name=\"robots\" content=\"index, follow, max-snippet:-1, max-image-preview:large, max-video-preview:-1\" \/>\n<link rel=\"canonical\" href=\"https:\/\/brasilnoticias.org\/site\/leo-prates-oficializa-saida-do-pdt-e-deve-ingressar-no-republicanos\/\" \/>\n<meta property=\"og:locale\" content=\"pt_PT\" \/>\n<meta property=\"og:type\" content=\"article\" \/>\n<meta property=\"og:title\" content=\"Leo Prates oficializa sa\u00edda do PDT e deve ingressar no Republicanos - Brasil not\u00edcias\" \/>\n<meta property=\"og:description\" content=\"Deputado cita \u201ccora\u00e7\u00e3o dilacerado\u201d e aponta alian\u00e7a do partido com o governo da Bahia como fator decisivo &nbsp; O deputado\" \/>\n<meta property=\"og:url\" content=\"https:\/\/brasilnoticias.org\/site\/leo-prates-oficializa-saida-do-pdt-e-deve-ingressar-no-republicanos\/\" \/>\n<meta property=\"og:site_name\" content=\"Brasil not\u00edcias\" \/>\n<meta property=\"article:published_time\" content=\"2026-03-17T10:19:06+00:00\" \/>\n<meta property=\"og:image\" content=\"https:\/\/brasilnoticias.org\/site\/wp-content\/uploads\/2026\/03\/WhatsApp-Image-2023-10-30-at-17.16.58.jpeg\" \/>\n\t<meta property=\"og:image:width\" content=\"963\" \/>\n\t<meta property=\"og:image:height\" content=\"542\" \/>\n\t<meta property=\"og:image:type\" content=\"image\/jpeg\" \/>\n<meta name=\"author\" content=\"Reda\u00e7\u00e3o\" \/>\n<meta name=\"twitter:card\" content=\"summary_large_image\" \/>\n<meta name=\"twitter:label1\" content=\"Escrito por\" \/>\n\t<meta name=\"twitter:data1\" content=\"Reda\u00e7\u00e3o\" \/>\n\t<meta name=\"twitter:label2\" content=\"Tempo estimado de leitura\" \/>\n\t<meta name=\"twitter:data2\" content=\"4 minutos\" \/>\n<script type=\"application\/ld+json\" class=\"yoast-schema-graph\">{\"@context\":\"https:\/\/schema.org\",\"@graph\":[{\"@type\":\"Article\",\"@id\":\"https:\/\/brasilnoticias.org\/site\/leo-prates-oficializa-saida-do-pdt-e-deve-ingressar-no-republicanos\/#article\",\"isPartOf\":{\"@id\":\"https:\/\/brasilnoticias.org\/site\/leo-prates-oficializa-saida-do-pdt-e-deve-ingressar-no-republicanos\/\"},\"author\":{\"name\":\"Reda\u00e7\u00e3o\",\"@id\":\"https:\/\/brasilnoticias.org\/site\/#\/schema\/person\/03bbbfe6c7634ad18c26444ea39049fa\"},\"headline\":\"Leo Prates oficializa sa\u00edda do PDT e deve ingressar no Republicanos\",\"datePublished\":\"2026-03-17T10:19:06+00:00\",\"mainEntityOfPage\":{\"@id\":\"https:\/\/brasilnoticias.org\/site\/leo-prates-oficializa-saida-do-pdt-e-deve-ingressar-no-republicanos\/\"},\"wordCount\":709,\"commentCount\":0,\"publisher\":{\"@id\":\"https:\/\/brasilnoticias.org\/site\/#organization\"},\"image\":{\"@id\":\"https:\/\/brasilnoticias.org\/site\/leo-prates-oficializa-saida-do-pdt-e-deve-ingressar-no-republicanos\/#primaryimage\"},\"thumbnailUrl\":\"https:\/\/brasilnoticias.org\/site\/wp-content\/uploads\/2026\/03\/WhatsApp-Image-2023-10-30-at-17.16.58.jpeg\",\"articleSection\":[\"Pol\u00edtica\",\"\u00daltimas\"],\"inLanguage\":\"pt-PT\",\"potentialAction\":[{\"@type\":\"CommentAction\",\"name\":\"Comment\",\"target\":[\"https:\/\/brasilnoticias.org\/site\/leo-prates-oficializa-saida-do-pdt-e-deve-ingressar-no-republicanos\/#respond\"]}]},{\"@type\":\"WebPage\",\"@id\":\"https:\/\/brasilnoticias.org\/site\/leo-prates-oficializa-saida-do-pdt-e-deve-ingressar-no-republicanos\/\",\"url\":\"https:\/\/brasilnoticias.org\/site\/leo-prates-oficializa-saida-do-pdt-e-deve-ingressar-no-republicanos\/\",\"name\":\"Leo Prates oficializa sa\u00edda do PDT e deve ingressar no Republicanos - Brasil not\u00edcias\",\"isPartOf\":{\"@id\":\"https:\/\/brasilnoticias.org\/site\/#website\"},\"primaryImageOfPage\":{\"@id\":\"https:\/\/brasilnoticias.org\/site\/leo-prates-oficializa-saida-do-pdt-e-deve-ingressar-no-republicanos\/#primaryimage\"},\"image\":{\"@id\":\"https:\/\/brasilnoticias.org\/site\/leo-prates-oficializa-saida-do-pdt-e-deve-ingressar-no-republicanos\/#primaryimage\"},\"thumbnailUrl\":\"https:\/\/brasilnoticias.org\/site\/wp-content\/uploads\/2026\/03\/WhatsApp-Image-2023-10-30-at-17.16.58.jpeg\",\"datePublished\":\"2026-03-17T10:19:06+00:00\",\"breadcrumb\":{\"@id\":\"https:\/\/brasilnoticias.org\/site\/leo-prates-oficializa-saida-do-pdt-e-deve-ingressar-no-republicanos\/#breadcrumb\"},\"inLanguage\":\"pt-PT\",\"potentialAction\":[{\"@type\":\"ReadAction\",\"target\":[\"https:\/\/brasilnoticias.org\/site\/leo-prates-oficializa-saida-do-pdt-e-deve-ingressar-no-republicanos\/\"]}]},{\"@type\":\"ImageObject\",\"inLanguage\":\"pt-PT\",\"@id\":\"https:\/\/brasilnoticias.org\/site\/leo-prates-oficializa-saida-do-pdt-e-deve-ingressar-no-republicanos\/#primaryimage\",\"url\":\"https:\/\/brasilnoticias.org\/site\/wp-content\/uploads\/2026\/03\/WhatsApp-Image-2023-10-30-at-17.16.58.jpeg\",\"contentUrl\":\"https:\/\/brasilnoticias.org\/site\/wp-content\/uploads\/2026\/03\/WhatsApp-Image-2023-10-30-at-17.16.58.jpeg\",\"width\":963,\"height\":542},{\"@type\":\"BreadcrumbList\",\"@id\":\"https:\/\/brasilnoticias.org\/site\/leo-prates-oficializa-saida-do-pdt-e-deve-ingressar-no-republicanos\/#breadcrumb\",\"itemListElement\":[{\"@type\":\"ListItem\",\"position\":1,\"name\":\"In\u00edcio\",\"item\":\"https:\/\/brasilnoticias.org\/site\/\"},{\"@type\":\"ListItem\",\"position\":2,\"name\":\"Leo Prates oficializa sa\u00edda do PDT e deve ingressar no Republicanos\"}]},{\"@type\":\"WebSite\",\"@id\":\"https:\/\/brasilnoticias.org\/site\/#website\",\"url\":\"https:\/\/brasilnoticias.org\/site\/\",\"name\":\"Brasil not\u00edcias\",\"description\":\"Brasil not\u00edcias\",\"publisher\":{\"@id\":\"https:\/\/brasilnoticias.org\/site\/#organization\"},\"potentialAction\":[{\"@type\":\"SearchAction\",\"target\":{\"@type\":\"EntryPoint\",\"urlTemplate\":\"https:\/\/brasilnoticias.org\/site\/?s={search_term_string}\"},\"query-input\":{\"@type\":\"PropertyValueSpecification\",\"valueRequired\":true,\"valueName\":\"search_term_string\"}}],\"inLanguage\":\"pt-PT\"},{\"@type\":\"Organization\",\"@id\":\"https:\/\/brasilnoticias.org\/site\/#organization\",\"name\":\"Brasil not\u00edcias\",\"url\":\"https:\/\/brasilnoticias.org\/site\/\",\"logo\":{\"@type\":\"ImageObject\",\"inLanguage\":\"pt-PT\",\"@id\":\"https:\/\/brasilnoticias.org\/site\/#\/schema\/logo\/image\/\",\"url\":\"https:\/\/brasilnoticias.org\/site\/wp-content\/uploads\/2022\/05\/cropped-brasilnoticias-mini.jpg\",\"contentUrl\":\"https:\/\/brasilnoticias.org\/site\/wp-content\/uploads\/2022\/05\/cropped-brasilnoticias-mini.jpg\",\"width\":314,\"height\":86,\"caption\":\"Brasil not\u00edcias\"},\"image\":{\"@id\":\"https:\/\/brasilnoticias.org\/site\/#\/schema\/logo\/image\/\"}},{\"@type\":\"Person\",\"@id\":\"https:\/\/brasilnoticias.org\/site\/#\/schema\/person\/03bbbfe6c7634ad18c26444ea39049fa\",\"name\":\"Reda\u00e7\u00e3o\",\"image\":{\"@type\":\"ImageObject\",\"inLanguage\":\"pt-PT\",\"@id\":\"https:\/\/brasilnoticias.org\/site\/#\/schema\/person\/image\/\",\"url\":\"https:\/\/secure.gravatar.com\/avatar\/9ecaf7327a696cb23ad926fedded5f1f04d7049de9e445375d55b48c001a6e42?s=96&d=mm&r=g\",\"contentUrl\":\"https:\/\/secure.gravatar.com\/avatar\/9ecaf7327a696cb23ad926fedded5f1f04d7049de9e445375d55b48c001a6e42?s=96&d=mm&r=g\",\"caption\":\"Reda\u00e7\u00e3o\"},\"url\":\"https:\/\/brasilnoticias.org\/site\/author\/henrique\/\"}]}<\/script>\n<!-- \/ Yoast SEO plugin. -->","yoast_head_json":{"title":"Leo Prates oficializa sa\u00edda do PDT e deve ingressar no Republicanos - Brasil not\u00edcias","robots":{"index":"index","follow":"follow","max-snippet":"max-snippet:-1","max-image-preview":"max-image-preview:large","max-video-preview":"max-video-preview:-1"},"canonical":"https:\/\/brasilnoticias.org\/site\/leo-prates-oficializa-saida-do-pdt-e-deve-ingressar-no-republicanos\/","og_locale":"pt_PT","og_type":"article","og_title":"Leo Prates oficializa sa\u00edda do PDT e deve ingressar no Republicanos - Brasil not\u00edcias","og_description":"Deputado cita \u201ccora\u00e7\u00e3o dilacerado\u201d e aponta alian\u00e7a do partido com o governo da Bahia como fator decisivo &nbsp; O deputado","og_url":"https:\/\/brasilnoticias.org\/site\/leo-prates-oficializa-saida-do-pdt-e-deve-ingressar-no-republicanos\/","og_site_name":"Brasil not\u00edcias","article_published_time":"2026-03-17T10:19:06+00:00","og_image":[{"width":963,"height":542,"url":"https:\/\/brasilnoticias.org\/site\/wp-content\/uploads\/2026\/03\/WhatsApp-Image-2023-10-30-at-17.16.58.jpeg","type":"image\/jpeg"}],"author":"Reda\u00e7\u00e3o","twitter_card":"summary_large_image","twitter_misc":{"Escrito por":"Reda\u00e7\u00e3o","Tempo estimado de leitura":"4 minutos"},"schema":{"@context":"https:\/\/schema.org","@graph":[{"@type":"Article","@id":"https:\/\/brasilnoticias.org\/site\/leo-prates-oficializa-saida-do-pdt-e-deve-ingressar-no-republicanos\/#article","isPartOf":{"@id":"https:\/\/brasilnoticias.org\/site\/leo-prates-oficializa-saida-do-pdt-e-deve-ingressar-no-republicanos\/"},"author":{"name":"Reda\u00e7\u00e3o","@id":"https:\/\/brasilnoticias.org\/site\/#\/schema\/person\/03bbbfe6c7634ad18c26444ea39049fa"},"headline":"Leo Prates oficializa sa\u00edda do PDT e deve ingressar no Republicanos","datePublished":"2026-03-17T10:19:06+00:00","mainEntityOfPage":{"@id":"https:\/\/brasilnoticias.org\/site\/leo-prates-oficializa-saida-do-pdt-e-deve-ingressar-no-republicanos\/"},"wordCount":709,"commentCount":0,"publisher":{"@id":"https:\/\/brasilnoticias.org\/site\/#organization"},"image":{"@id":"https:\/\/brasilnoticias.org\/site\/leo-prates-oficializa-saida-do-pdt-e-deve-ingressar-no-republicanos\/#primaryimage"},"thumbnailUrl":"https:\/\/brasilnoticias.org\/site\/wp-content\/uploads\/2026\/03\/WhatsApp-Image-2023-10-30-at-17.16.58.jpeg","articleSection":["Pol\u00edtica","\u00daltimas"],"inLanguage":"pt-PT","potentialAction":[{"@type":"CommentAction","name":"Comment","target":["https:\/\/brasilnoticias.org\/site\/leo-prates-oficializa-saida-do-pdt-e-deve-ingressar-no-republicanos\/#respond"]}]},{"@type":"WebPage","@id":"https:\/\/brasilnoticias.org\/site\/leo-prates-oficializa-saida-do-pdt-e-deve-ingressar-no-republicanos\/","url":"https:\/\/brasilnoticias.org\/site\/leo-prates-oficializa-saida-do-pdt-e-deve-ingressar-no-republicanos\/","name":"Leo Prates oficializa sa\u00edda do PDT e deve ingressar no Republicanos - Brasil not\u00edcias","isPartOf":{"@id":"https:\/\/brasilnoticias.org\/site\/#website"},"primaryImageOfPage":{"@id":"https:\/\/brasilnoticias.org\/site\/leo-prates-oficializa-saida-do-pdt-e-deve-ingressar-no-republicanos\/#primaryimage"},"image":{"@id":"https:\/\/brasilnoticias.org\/site\/leo-prates-oficializa-saida-do-pdt-e-deve-ingressar-no-republicanos\/#primaryimage"},"thumbnailUrl":"https:\/\/brasilnoticias.org\/site\/wp-content\/uploads\/2026\/03\/WhatsApp-Image-2023-10-30-at-17.16.58.jpeg","datePublished":"2026-03-17T10:19:06+00:00","breadcrumb":{"@id":"https:\/\/brasilnoticias.org\/site\/leo-prates-oficializa-saida-do-pdt-e-deve-ingressar-no-republicanos\/#breadcrumb"},"inLanguage":"pt-PT","potentialAction":[{"@type":"ReadAction","target":["https:\/\/brasilnoticias.org\/site\/leo-prates-oficializa-saida-do-pdt-e-deve-ingressar-no-republicanos\/"]}]},{"@type":"ImageObject","inLanguage":"pt-PT","@id":"https:\/\/brasilnoticias.org\/site\/leo-prates-oficializa-saida-do-pdt-e-deve-ingressar-no-republicanos\/#primaryimage","url":"https:\/\/brasilnoticias.org\/site\/wp-content\/uploads\/2026\/03\/WhatsApp-Image-2023-10-30-at-17.16.58.jpeg","contentUrl":"https:\/\/brasilnoticias.org\/site\/wp-content\/uploads\/2026\/03\/WhatsApp-Image-2023-10-30-at-17.16.58.jpeg","width":963,"height":542},{"@type":"BreadcrumbList","@id":"https:\/\/brasilnoticias.org\/site\/leo-prates-oficializa-saida-do-pdt-e-deve-ingressar-no-republicanos\/#breadcrumb","itemListElement":[{"@type":"ListItem","position":1,"name":"In\u00edcio","item":"https:\/\/brasilnoticias.org\/site\/"},{"@type":"ListItem","position":2,"name":"Leo Prates oficializa sa\u00edda do PDT e deve ingressar no Republicanos"}]},{"@type":"WebSite","@id":"https:\/\/brasilnoticias.org\/site\/#website","url":"https:\/\/brasilnoticias.org\/site\/","name":"Brasil not\u00edcias","description":"Brasil not\u00edcias","publisher":{"@id":"https:\/\/brasilnoticias.org\/site\/#organization"},"potentialAction":[{"@type":"SearchAction","target":{"@type":"EntryPoint","urlTemplate":"https:\/\/brasilnoticias.org\/site\/?s={search_term_string}"},"query-input":{"@type":"PropertyValueSpecification","valueRequired":true,"valueName":"search_term_string"}}],"inLanguage":"pt-PT"},{"@type":"Organization","@id":"https:\/\/brasilnoticias.org\/site\/#organization","name":"Brasil not\u00edcias","url":"https:\/\/brasilnoticias.org\/site\/","logo":{"@type":"ImageObject","inLanguage":"pt-PT","@id":"https:\/\/brasilnoticias.org\/site\/#\/schema\/logo\/image\/","url":"https:\/\/brasilnoticias.org\/site\/wp-content\/uploads\/2022\/05\/cropped-brasilnoticias-mini.jpg","contentUrl":"https:\/\/brasilnoticias.org\/site\/wp-content\/uploads\/2022\/05\/cropped-brasilnoticias-mini.jpg","width":314,"height":86,"caption":"Brasil not\u00edcias"},"image":{"@id":"https:\/\/brasilnoticias.org\/site\/#\/schema\/logo\/image\/"}},{"@type":"Person","@id":"https:\/\/brasilnoticias.org\/site\/#\/schema\/person\/03bbbfe6c7634ad18c26444ea39049fa","name":"Reda\u00e7\u00e3o","image":{"@type":"ImageObject","inLanguage":"pt-PT","@id":"https:\/\/brasilnoticias.org\/site\/#\/schema\/person\/image\/","url":"https:\/\/secure.gravatar.com\/avatar\/9ecaf7327a696cb23ad926fedded5f1f04d7049de9e445375d55b48c001a6e42?s=96&d=mm&r=g","contentUrl":"https:\/\/secure.gravatar.com\/avatar\/9ecaf7327a696cb23ad926fedded5f1f04d7049de9e445375d55b48c001a6e42?s=96&d=mm&r=g","caption":"Reda\u00e7\u00e3o"},"url":"https:\/\/brasilnoticias.org\/site\/author\/henrique\/"}]}},"_links":{"self":[{"href":"https:\/\/brasilnoticias.org\/site\/wp-json\/wp\/v2\/posts\/21007","targetHints":{"allow":["GET"]}}],"collection":[{"href":"https:\/\/brasilnoticias.org\/site\/wp-json\/wp\/v2\/posts"}],"about":[{"href":"https:\/\/brasilnoticias.org\/site\/wp-json\/wp\/v2\/types\/post"}],"author":[{"embeddable":true,"href":"https:\/\/brasilnoticias.org\/site\/wp-json\/wp\/v2\/users\/4"}],"replies":[{"embeddable":true,"href":"https:\/\/brasilnoticias.org\/site\/wp-json\/wp\/v2\/comments?post=21007"}],"version-history":[{"count":1,"href":"https:\/\/brasilnoticias.org\/site\/wp-json\/wp\/v2\/posts\/21007\/revisions"}],"predecessor-version":[{"id":21009,"href":"https:\/\/brasilnoticias.org\/site\/wp-json\/wp\/v2\/posts\/21007\/revisions\/21009"}],"wp:featuredmedia":[{"embeddable":true,"href":"https:\/\/brasilnoticias.org\/site\/wp-json\/wp\/v2\/media\/21008"}],"wp:attachment":[{"href":"https:\/\/brasilnoticias.org\/site\/wp-json\/wp\/v2\/media?parent=21007"}],"wp:term":[{"taxonomy":"category","embeddable":true,"href":"https:\/\/brasilnoticias.org\/site\/wp-json\/wp\/v2\/categories?post=21007"},{"taxonomy":"post_tag","embeddable":true,"href":"https:\/\/brasilnoticias.org\/site\/wp-json\/wp\/v2\/tags?post=21007"}],"curies":[{"name":"wp","href":"https:\/\/api.w.org\/{rel}","templated":true}]}}