{"id":2102,"date":"2022-11-02T16:02:52","date_gmt":"2022-11-02T19:02:52","guid":{"rendered":"https:\/\/brasilnoticias.org\/site\/?p=2102"},"modified":"2022-11-02T16:02:52","modified_gmt":"2022-11-02T19:02:52","slug":"bahia-treina-no-feriado-e-organiza-equipe-titular","status":"publish","type":"post","link":"https:\/\/brasilnoticias.org\/site\/bahia-treina-no-feriado-e-organiza-equipe-titular\/","title":{"rendered":"Bahia treina no feriado e organiza equipe titular"},"content":{"rendered":"<p>Na semana de prepara\u00e7\u00e3o, a palavra de ordem no <a href=\"https:\/\/www.bnews.com.br\/tags\/esporte-clube-bahia\">Bahia<\/a> \u00e9 trabalho. Em plena quarta-feira (2), dia de Finados, o elenco tricolor passou por mais um dia de atividade, visando a partida diante do <a href=\"https:\/\/www.crboficial.com.br\/\">CRB<\/a>. O duelo pode significar o acesso do Esquadr\u00e3o de A\u00e7o \u00e0 elite do futebol nacional, neste domingo (6), \u00e0s 18h30, no Est\u00e1dio Rei Pel\u00e9, em Macei\u00f3 (ALG).<\/p>\n<p>Os trabalhos tiveram in\u00edcio na academia do CT Evaristo de Macedo. Ap\u00f3s o per\u00edodo de aquecimento, o t\u00e9cnico Eduardo Barroca realizou um treino t\u00e1tico em campo reduzido. Posteriormente, o treinador decretou a escala\u00e7\u00e3o que objetiva colocar em campo no duelo com o Galo de Paju\u00e7ara.<\/p>\n<p>Quem esteve no batente foi o meia-atacante Marco Ant\u00f4nio. O jogador est\u00e1 recuperado de uma entorse no tornozelo, treinou normalmente e deve ser relacionado. Outro retorno tamb\u00e9m deve ser do meia Daniel, que cumpriu suspens\u00e3o no empate com o Guarani. Do contr\u00e1rio, <a href=\"https:\/\/www.bnews.com.br\/noticias\/esporte\/bahia-tem-desfalque-confirmado-entre-os-titulares-para-ultima-rodada-da-serie-b-confira.html\">o lateral-direito Marcinho recebeu o terceiro cart\u00e3o amarelo<\/a> e est\u00e1 ausente do confronto.<\/p>\n<div class=\"d-flex justify-content-center my-3\">\n<p>Confira o prov\u00e1vel time contra o CRB: Mateus Claus; Andr\u00e9, Ign\u00e1cio, Luiz Ot\u00e1vio e Luiz Henrique; Patrick, Mugni e Daniel; Jacar\u00e9, Caio Vidal e Ricardo Goulart.<\/p>\n<p>Vale lembrar que o Bahia precisa somente dele para confirmar a <a href=\"https:\/\/www.bnews.com.br\/noticias\/esporte\/bahia-volta-treinar-de-olho-em-decisao-pelo-acesso.html\">vaga na elite do Brasileir\u00e3o<\/a>. Atualmente, o Esquadr\u00e3o de A\u00e7o est\u00e1 na terceira coloca\u00e7\u00e3o da Segundona, com 59 pontos, e necessita somente de um empate para garantir a volta \u00e0 S\u00e9rie A sem depender de outros resultados.<\/p>\n<\/div>\n<p>&nbsp;<\/p>\n<p>&nbsp;<\/p>\n<p>&nbsp;<\/p>\n<p>Bnews<\/p>\n","protected":false},"excerpt":{"rendered":"<p>Na semana de prepara\u00e7\u00e3o, a palavra de ordem no Bahia \u00e9 trabalho. Em plena quarta-feira (2), dia de Finados, o<\/p>\n","protected":false},"author":2,"featured_media":2103,"comment_status":"open","ping_status":"open","sticky":false,"template":"","format":"standard","meta":{"colormag_page_container_layout":"default_layout","colormag_page_sidebar_layout":"default_layout","_FSMCFIC_featured_image_caption":"","_FSMCFIC_featured_image_nocaption":"","_FSMCFIC_featured_image_hide":"","footnotes":""},"categories":[4,1],"tags":[],"class_list":["post-2102","post","type-post","status-publish","format-standard","has-post-thumbnail","hentry","category-esporte","category-ultimas"],"yoast_head":"<!-- This site is optimized with the Yoast SEO plugin v27.1.1 - https:\/\/yoast.com\/product\/yoast-seo-wordpress\/ -->\n<title>Bahia treina no feriado e organiza equipe titular - Brasil not\u00edcias<\/title>\n<meta name=\"robots\" content=\"index, follow, max-snippet:-1, max-image-preview:large, max-video-preview:-1\" \/>\n<link rel=\"canonical\" href=\"https:\/\/brasilnoticias.org\/site\/bahia-treina-no-feriado-e-organiza-equipe-titular\/\" \/>\n<meta property=\"og:locale\" content=\"pt_PT\" \/>\n<meta property=\"og:type\" content=\"article\" \/>\n<meta property=\"og:title\" content=\"Bahia treina no feriado e organiza equipe titular - Brasil not\u00edcias\" \/>\n<meta property=\"og:description\" content=\"Na semana de prepara\u00e7\u00e3o, a palavra de ordem no Bahia \u00e9 trabalho. Em plena quarta-feira (2), dia de Finados, o\" \/>\n<meta property=\"og:url\" content=\"https:\/\/brasilnoticias.org\/site\/bahia-treina-no-feriado-e-organiza-equipe-titular\/\" \/>\n<meta property=\"og:site_name\" content=\"Brasil not\u00edcias\" \/>\n<meta property=\"article:published_time\" content=\"2022-11-02T19:02:52+00:00\" \/>\n<meta property=\"og:image\" content=\"https:\/\/brasilnoticias.org\/site\/wp-content\/uploads\/2022\/11\/1ADA25CA-D6F4-4BAD-A20C-F1BC7B7BB70F.jpeg\" \/>\n\t<meta property=\"og:image:width\" content=\"800\" \/>\n\t<meta property=\"og:image:height\" content=\"450\" \/>\n\t<meta property=\"og:image:type\" content=\"image\/jpeg\" \/>\n<meta name=\"author\" content=\"Reda\u00e7\u00e3o\" \/>\n<meta name=\"twitter:card\" content=\"summary_large_image\" \/>\n<meta name=\"twitter:label1\" content=\"Escrito por\" \/>\n\t<meta name=\"twitter:data1\" content=\"Reda\u00e7\u00e3o\" \/>\n\t<meta name=\"twitter:label2\" content=\"Tempo estimado de leitura\" \/>\n\t<meta name=\"twitter:data2\" content=\"1 minuto\" \/>\n<script type=\"application\/ld+json\" class=\"yoast-schema-graph\">{\"@context\":\"https:\/\/schema.org\",\"@graph\":[{\"@type\":\"Article\",\"@id\":\"https:\/\/brasilnoticias.org\/site\/bahia-treina-no-feriado-e-organiza-equipe-titular\/#article\",\"isPartOf\":{\"@id\":\"https:\/\/brasilnoticias.org\/site\/bahia-treina-no-feriado-e-organiza-equipe-titular\/\"},\"author\":{\"name\":\"Reda\u00e7\u00e3o\",\"@id\":\"https:\/\/brasilnoticias.org\/site\/#\/schema\/person\/f609fa847b5314f1c8b983342f34c798\"},\"headline\":\"Bahia treina no feriado e organiza equipe titular\",\"datePublished\":\"2022-11-02T19:02:52+00:00\",\"mainEntityOfPage\":{\"@id\":\"https:\/\/brasilnoticias.org\/site\/bahia-treina-no-feriado-e-organiza-equipe-titular\/\"},\"wordCount\":266,\"commentCount\":0,\"publisher\":{\"@id\":\"https:\/\/brasilnoticias.org\/site\/#organization\"},\"image\":{\"@id\":\"https:\/\/brasilnoticias.org\/site\/bahia-treina-no-feriado-e-organiza-equipe-titular\/#primaryimage\"},\"thumbnailUrl\":\"https:\/\/brasilnoticias.org\/site\/wp-content\/uploads\/2022\/11\/1ADA25CA-D6F4-4BAD-A20C-F1BC7B7BB70F.jpeg\",\"articleSection\":[\"Esporte\",\"\u00daltimas\"],\"inLanguage\":\"pt-PT\",\"potentialAction\":[{\"@type\":\"CommentAction\",\"name\":\"Comment\",\"target\":[\"https:\/\/brasilnoticias.org\/site\/bahia-treina-no-feriado-e-organiza-equipe-titular\/#respond\"]}]},{\"@type\":\"WebPage\",\"@id\":\"https:\/\/brasilnoticias.org\/site\/bahia-treina-no-feriado-e-organiza-equipe-titular\/\",\"url\":\"https:\/\/brasilnoticias.org\/site\/bahia-treina-no-feriado-e-organiza-equipe-titular\/\",\"name\":\"Bahia treina no feriado e organiza equipe titular - Brasil not\u00edcias\",\"isPartOf\":{\"@id\":\"https:\/\/brasilnoticias.org\/site\/#website\"},\"primaryImageOfPage\":{\"@id\":\"https:\/\/brasilnoticias.org\/site\/bahia-treina-no-feriado-e-organiza-equipe-titular\/#primaryimage\"},\"image\":{\"@id\":\"https:\/\/brasilnoticias.org\/site\/bahia-treina-no-feriado-e-organiza-equipe-titular\/#primaryimage\"},\"thumbnailUrl\":\"https:\/\/brasilnoticias.org\/site\/wp-content\/uploads\/2022\/11\/1ADA25CA-D6F4-4BAD-A20C-F1BC7B7BB70F.jpeg\",\"datePublished\":\"2022-11-02T19:02:52+00:00\",\"breadcrumb\":{\"@id\":\"https:\/\/brasilnoticias.org\/site\/bahia-treina-no-feriado-e-organiza-equipe-titular\/#breadcrumb\"},\"inLanguage\":\"pt-PT\",\"potentialAction\":[{\"@type\":\"ReadAction\",\"target\":[\"https:\/\/brasilnoticias.org\/site\/bahia-treina-no-feriado-e-organiza-equipe-titular\/\"]}]},{\"@type\":\"ImageObject\",\"inLanguage\":\"pt-PT\",\"@id\":\"https:\/\/brasilnoticias.org\/site\/bahia-treina-no-feriado-e-organiza-equipe-titular\/#primaryimage\",\"url\":\"https:\/\/brasilnoticias.org\/site\/wp-content\/uploads\/2022\/11\/1ADA25CA-D6F4-4BAD-A20C-F1BC7B7BB70F.jpeg\",\"contentUrl\":\"https:\/\/brasilnoticias.org\/site\/wp-content\/uploads\/2022\/11\/1ADA25CA-D6F4-4BAD-A20C-F1BC7B7BB70F.jpeg\",\"width\":800,\"height\":450},{\"@type\":\"BreadcrumbList\",\"@id\":\"https:\/\/brasilnoticias.org\/site\/bahia-treina-no-feriado-e-organiza-equipe-titular\/#breadcrumb\",\"itemListElement\":[{\"@type\":\"ListItem\",\"position\":1,\"name\":\"In\u00edcio\",\"item\":\"https:\/\/brasilnoticias.org\/site\/\"},{\"@type\":\"ListItem\",\"position\":2,\"name\":\"Bahia treina no feriado e organiza equipe titular\"}]},{\"@type\":\"WebSite\",\"@id\":\"https:\/\/brasilnoticias.org\/site\/#website\",\"url\":\"https:\/\/brasilnoticias.org\/site\/\",\"name\":\"Brasil not\u00edcias\",\"description\":\"Brasil not\u00edcias\",\"publisher\":{\"@id\":\"https:\/\/brasilnoticias.org\/site\/#organization\"},\"potentialAction\":[{\"@type\":\"SearchAction\",\"target\":{\"@type\":\"EntryPoint\",\"urlTemplate\":\"https:\/\/brasilnoticias.org\/site\/?s={search_term_string}\"},\"query-input\":{\"@type\":\"PropertyValueSpecification\",\"valueRequired\":true,\"valueName\":\"search_term_string\"}}],\"inLanguage\":\"pt-PT\"},{\"@type\":\"Organization\",\"@id\":\"https:\/\/brasilnoticias.org\/site\/#organization\",\"name\":\"Brasil not\u00edcias\",\"url\":\"https:\/\/brasilnoticias.org\/site\/\",\"logo\":{\"@type\":\"ImageObject\",\"inLanguage\":\"pt-PT\",\"@id\":\"https:\/\/brasilnoticias.org\/site\/#\/schema\/logo\/image\/\",\"url\":\"https:\/\/brasilnoticias.org\/site\/wp-content\/uploads\/2022\/05\/cropped-brasilnoticias-mini.jpg\",\"contentUrl\":\"https:\/\/brasilnoticias.org\/site\/wp-content\/uploads\/2022\/05\/cropped-brasilnoticias-mini.jpg\",\"width\":314,\"height\":86,\"caption\":\"Brasil not\u00edcias\"},\"image\":{\"@id\":\"https:\/\/brasilnoticias.org\/site\/#\/schema\/logo\/image\/\"}},{\"@type\":\"Person\",\"@id\":\"https:\/\/brasilnoticias.org\/site\/#\/schema\/person\/f609fa847b5314f1c8b983342f34c798\",\"name\":\"Reda\u00e7\u00e3o\",\"image\":{\"@type\":\"ImageObject\",\"inLanguage\":\"pt-PT\",\"@id\":\"https:\/\/brasilnoticias.org\/site\/#\/schema\/person\/image\/\",\"url\":\"https:\/\/secure.gravatar.com\/avatar\/447284c06c1ad8b46465a36de9cd0d8326b73387a22799b8b1ffb1fbcff2ed0c?s=96&d=mm&r=g\",\"contentUrl\":\"https:\/\/secure.gravatar.com\/avatar\/447284c06c1ad8b46465a36de9cd0d8326b73387a22799b8b1ffb1fbcff2ed0c?s=96&d=mm&r=g\",\"caption\":\"Reda\u00e7\u00e3o\"},\"url\":\"https:\/\/brasilnoticias.org\/site\/author\/redacao\/\"}]}<\/script>\n<!-- \/ Yoast SEO plugin. -->","yoast_head_json":{"title":"Bahia treina no feriado e organiza equipe titular - Brasil not\u00edcias","robots":{"index":"index","follow":"follow","max-snippet":"max-snippet:-1","max-image-preview":"max-image-preview:large","max-video-preview":"max-video-preview:-1"},"canonical":"https:\/\/brasilnoticias.org\/site\/bahia-treina-no-feriado-e-organiza-equipe-titular\/","og_locale":"pt_PT","og_type":"article","og_title":"Bahia treina no feriado e organiza equipe titular - Brasil not\u00edcias","og_description":"Na semana de prepara\u00e7\u00e3o, a palavra de ordem no Bahia \u00e9 trabalho. Em plena quarta-feira (2), dia de Finados, o","og_url":"https:\/\/brasilnoticias.org\/site\/bahia-treina-no-feriado-e-organiza-equipe-titular\/","og_site_name":"Brasil not\u00edcias","article_published_time":"2022-11-02T19:02:52+00:00","og_image":[{"width":800,"height":450,"url":"https:\/\/brasilnoticias.org\/site\/wp-content\/uploads\/2022\/11\/1ADA25CA-D6F4-4BAD-A20C-F1BC7B7BB70F.jpeg","type":"image\/jpeg"}],"author":"Reda\u00e7\u00e3o","twitter_card":"summary_large_image","twitter_misc":{"Escrito por":"Reda\u00e7\u00e3o","Tempo estimado de leitura":"1 minuto"},"schema":{"@context":"https:\/\/schema.org","@graph":[{"@type":"Article","@id":"https:\/\/brasilnoticias.org\/site\/bahia-treina-no-feriado-e-organiza-equipe-titular\/#article","isPartOf":{"@id":"https:\/\/brasilnoticias.org\/site\/bahia-treina-no-feriado-e-organiza-equipe-titular\/"},"author":{"name":"Reda\u00e7\u00e3o","@id":"https:\/\/brasilnoticias.org\/site\/#\/schema\/person\/f609fa847b5314f1c8b983342f34c798"},"headline":"Bahia treina no feriado e organiza equipe titular","datePublished":"2022-11-02T19:02:52+00:00","mainEntityOfPage":{"@id":"https:\/\/brasilnoticias.org\/site\/bahia-treina-no-feriado-e-organiza-equipe-titular\/"},"wordCount":266,"commentCount":0,"publisher":{"@id":"https:\/\/brasilnoticias.org\/site\/#organization"},"image":{"@id":"https:\/\/brasilnoticias.org\/site\/bahia-treina-no-feriado-e-organiza-equipe-titular\/#primaryimage"},"thumbnailUrl":"https:\/\/brasilnoticias.org\/site\/wp-content\/uploads\/2022\/11\/1ADA25CA-D6F4-4BAD-A20C-F1BC7B7BB70F.jpeg","articleSection":["Esporte","\u00daltimas"],"inLanguage":"pt-PT","potentialAction":[{"@type":"CommentAction","name":"Comment","target":["https:\/\/brasilnoticias.org\/site\/bahia-treina-no-feriado-e-organiza-equipe-titular\/#respond"]}]},{"@type":"WebPage","@id":"https:\/\/brasilnoticias.org\/site\/bahia-treina-no-feriado-e-organiza-equipe-titular\/","url":"https:\/\/brasilnoticias.org\/site\/bahia-treina-no-feriado-e-organiza-equipe-titular\/","name":"Bahia treina no feriado e organiza equipe titular - Brasil not\u00edcias","isPartOf":{"@id":"https:\/\/brasilnoticias.org\/site\/#website"},"primaryImageOfPage":{"@id":"https:\/\/brasilnoticias.org\/site\/bahia-treina-no-feriado-e-organiza-equipe-titular\/#primaryimage"},"image":{"@id":"https:\/\/brasilnoticias.org\/site\/bahia-treina-no-feriado-e-organiza-equipe-titular\/#primaryimage"},"thumbnailUrl":"https:\/\/brasilnoticias.org\/site\/wp-content\/uploads\/2022\/11\/1ADA25CA-D6F4-4BAD-A20C-F1BC7B7BB70F.jpeg","datePublished":"2022-11-02T19:02:52+00:00","breadcrumb":{"@id":"https:\/\/brasilnoticias.org\/site\/bahia-treina-no-feriado-e-organiza-equipe-titular\/#breadcrumb"},"inLanguage":"pt-PT","potentialAction":[{"@type":"ReadAction","target":["https:\/\/brasilnoticias.org\/site\/bahia-treina-no-feriado-e-organiza-equipe-titular\/"]}]},{"@type":"ImageObject","inLanguage":"pt-PT","@id":"https:\/\/brasilnoticias.org\/site\/bahia-treina-no-feriado-e-organiza-equipe-titular\/#primaryimage","url":"https:\/\/brasilnoticias.org\/site\/wp-content\/uploads\/2022\/11\/1ADA25CA-D6F4-4BAD-A20C-F1BC7B7BB70F.jpeg","contentUrl":"https:\/\/brasilnoticias.org\/site\/wp-content\/uploads\/2022\/11\/1ADA25CA-D6F4-4BAD-A20C-F1BC7B7BB70F.jpeg","width":800,"height":450},{"@type":"BreadcrumbList","@id":"https:\/\/brasilnoticias.org\/site\/bahia-treina-no-feriado-e-organiza-equipe-titular\/#breadcrumb","itemListElement":[{"@type":"ListItem","position":1,"name":"In\u00edcio","item":"https:\/\/brasilnoticias.org\/site\/"},{"@type":"ListItem","position":2,"name":"Bahia treina no feriado e organiza equipe titular"}]},{"@type":"WebSite","@id":"https:\/\/brasilnoticias.org\/site\/#website","url":"https:\/\/brasilnoticias.org\/site\/","name":"Brasil not\u00edcias","description":"Brasil not\u00edcias","publisher":{"@id":"https:\/\/brasilnoticias.org\/site\/#organization"},"potentialAction":[{"@type":"SearchAction","target":{"@type":"EntryPoint","urlTemplate":"https:\/\/brasilnoticias.org\/site\/?s={search_term_string}"},"query-input":{"@type":"PropertyValueSpecification","valueRequired":true,"valueName":"search_term_string"}}],"inLanguage":"pt-PT"},{"@type":"Organization","@id":"https:\/\/brasilnoticias.org\/site\/#organization","name":"Brasil not\u00edcias","url":"https:\/\/brasilnoticias.org\/site\/","logo":{"@type":"ImageObject","inLanguage":"pt-PT","@id":"https:\/\/brasilnoticias.org\/site\/#\/schema\/logo\/image\/","url":"https:\/\/brasilnoticias.org\/site\/wp-content\/uploads\/2022\/05\/cropped-brasilnoticias-mini.jpg","contentUrl":"https:\/\/brasilnoticias.org\/site\/wp-content\/uploads\/2022\/05\/cropped-brasilnoticias-mini.jpg","width":314,"height":86,"caption":"Brasil not\u00edcias"},"image":{"@id":"https:\/\/brasilnoticias.org\/site\/#\/schema\/logo\/image\/"}},{"@type":"Person","@id":"https:\/\/brasilnoticias.org\/site\/#\/schema\/person\/f609fa847b5314f1c8b983342f34c798","name":"Reda\u00e7\u00e3o","image":{"@type":"ImageObject","inLanguage":"pt-PT","@id":"https:\/\/brasilnoticias.org\/site\/#\/schema\/person\/image\/","url":"https:\/\/secure.gravatar.com\/avatar\/447284c06c1ad8b46465a36de9cd0d8326b73387a22799b8b1ffb1fbcff2ed0c?s=96&d=mm&r=g","contentUrl":"https:\/\/secure.gravatar.com\/avatar\/447284c06c1ad8b46465a36de9cd0d8326b73387a22799b8b1ffb1fbcff2ed0c?s=96&d=mm&r=g","caption":"Reda\u00e7\u00e3o"},"url":"https:\/\/brasilnoticias.org\/site\/author\/redacao\/"}]}},"_links":{"self":[{"href":"https:\/\/brasilnoticias.org\/site\/wp-json\/wp\/v2\/posts\/2102","targetHints":{"allow":["GET"]}}],"collection":[{"href":"https:\/\/brasilnoticias.org\/site\/wp-json\/wp\/v2\/posts"}],"about":[{"href":"https:\/\/brasilnoticias.org\/site\/wp-json\/wp\/v2\/types\/post"}],"author":[{"embeddable":true,"href":"https:\/\/brasilnoticias.org\/site\/wp-json\/wp\/v2\/users\/2"}],"replies":[{"embeddable":true,"href":"https:\/\/brasilnoticias.org\/site\/wp-json\/wp\/v2\/comments?post=2102"}],"version-history":[{"count":1,"href":"https:\/\/brasilnoticias.org\/site\/wp-json\/wp\/v2\/posts\/2102\/revisions"}],"predecessor-version":[{"id":2104,"href":"https:\/\/brasilnoticias.org\/site\/wp-json\/wp\/v2\/posts\/2102\/revisions\/2104"}],"wp:featuredmedia":[{"embeddable":true,"href":"https:\/\/brasilnoticias.org\/site\/wp-json\/wp\/v2\/media\/2103"}],"wp:attachment":[{"href":"https:\/\/brasilnoticias.org\/site\/wp-json\/wp\/v2\/media?parent=2102"}],"wp:term":[{"taxonomy":"category","embeddable":true,"href":"https:\/\/brasilnoticias.org\/site\/wp-json\/wp\/v2\/categories?post=2102"},{"taxonomy":"post_tag","embeddable":true,"href":"https:\/\/brasilnoticias.org\/site\/wp-json\/wp\/v2\/tags?post=2102"}],"curies":[{"name":"wp","href":"https:\/\/api.w.org\/{rel}","templated":true}]}}