{"id":21031,"date":"2026-03-17T14:15:00","date_gmt":"2026-03-17T17:15:00","guid":{"rendered":"https:\/\/brasilnoticias.org\/site\/?p=21031"},"modified":"2026-03-17T14:15:00","modified_gmt":"2026-03-17T17:15:00","slug":"angelo-coronel-se-filia-ao-republicanos-e-reforca-partido-na-bahia","status":"publish","type":"post","link":"https:\/\/brasilnoticias.org\/site\/angelo-coronel-se-filia-ao-republicanos-e-reforca-partido-na-bahia\/","title":{"rendered":"Angelo Coronel se filia ao Republicanos e refor\u00e7a partido na Bahia"},"content":{"rendered":"<p>O senador Angelo Coronel oficializou sua filia\u00e7\u00e3o ao Republicanos, em movimento que refor\u00e7a a presen\u00e7a do partido na Bahia e reposiciona for\u00e7as no tabuleiro pol\u00edtico estadual.<\/p>\n<p>Al\u00e9m dele, tamb\u00e9m se filiou \u00e0 legenda o deputado federal Diego Coronel, ampliando o peso da fam\u00edlia Coronel dentro da base aliada do pr\u00e9-candidato do Uni\u00e3o Brasil ao governo da Bahia, ACM Neto.<\/p>\n<p>A filia\u00e7\u00e3o foi conduzida pelo deputado federal Marcos Pereira (SP), presidente nacional do Republicanos, que articulou a chegada dos novos quadros \u00e0 legenda.<\/p>\n<p>Apesar do movimento conjunto, Angelo Coronel Filho n\u00e3o se filiou ao partido neste momento. A tend\u00eancia, segundo apura\u00e7\u00e3o, \u00e9 que a defini\u00e7\u00e3o sobre seu futuro pol\u00edtico ocorra em um segundo momento.<\/p>\n<p>Fonte:\u00a0<a href=\"https:\/\/www.blogdovila.com.br\/noticia\/coronel-republicanos\" target=\"_blank\" rel=\"noopener\">Blog do Vila<\/a><\/p>\n","protected":false},"excerpt":{"rendered":"<p>O senador Angelo Coronel oficializou sua filia\u00e7\u00e3o ao Republicanos, em movimento que refor\u00e7a a presen\u00e7a do partido na Bahia e<\/p>\n","protected":false},"author":4,"featured_media":21032,"comment_status":"open","ping_status":"open","sticky":false,"template":"","format":"standard","meta":{"colormag_page_container_layout":"default_layout","colormag_page_sidebar_layout":"default_layout","_FSMCFIC_featured_image_caption":"","_FSMCFIC_featured_image_nocaption":"","_FSMCFIC_featured_image_hide":"","footnotes":""},"categories":[5,1],"tags":[],"class_list":["post-21031","post","type-post","status-publish","format-standard","has-post-thumbnail","hentry","category-politica","category-ultimas"],"yoast_head":"<!-- This site is optimized with the Yoast SEO plugin v27.1.1 - https:\/\/yoast.com\/product\/yoast-seo-wordpress\/ -->\n<title>Angelo Coronel se filia ao Republicanos e refor\u00e7a partido na Bahia - Brasil not\u00edcias<\/title>\n<meta name=\"robots\" content=\"index, follow, max-snippet:-1, max-image-preview:large, max-video-preview:-1\" \/>\n<link rel=\"canonical\" href=\"https:\/\/brasilnoticias.org\/site\/angelo-coronel-se-filia-ao-republicanos-e-reforca-partido-na-bahia\/\" \/>\n<meta property=\"og:locale\" content=\"pt_PT\" \/>\n<meta property=\"og:type\" content=\"article\" \/>\n<meta property=\"og:title\" content=\"Angelo Coronel se filia ao Republicanos e refor\u00e7a partido na Bahia - Brasil not\u00edcias\" \/>\n<meta property=\"og:description\" content=\"O senador Angelo Coronel oficializou sua filia\u00e7\u00e3o ao Republicanos, em movimento que refor\u00e7a a presen\u00e7a do partido na Bahia e\" \/>\n<meta property=\"og:url\" content=\"https:\/\/brasilnoticias.org\/site\/angelo-coronel-se-filia-ao-republicanos-e-reforca-partido-na-bahia\/\" \/>\n<meta property=\"og:site_name\" content=\"Brasil not\u00edcias\" \/>\n<meta property=\"article:published_time\" content=\"2026-03-17T17:15:00+00:00\" \/>\n<meta property=\"og:image\" content=\"https:\/\/brasilnoticias.org\/site\/wp-content\/uploads\/2026\/03\/WhatsApp-Image-2026-03-17-at-13.29.50.jpeg\" \/>\n\t<meta property=\"og:image:width\" content=\"1600\" \/>\n\t<meta property=\"og:image:height\" content=\"899\" \/>\n\t<meta property=\"og:image:type\" content=\"image\/jpeg\" \/>\n<meta name=\"author\" content=\"Reda\u00e7\u00e3o\" \/>\n<meta name=\"twitter:card\" content=\"summary_large_image\" \/>\n<meta name=\"twitter:label1\" content=\"Escrito por\" \/>\n\t<meta name=\"twitter:data1\" content=\"Reda\u00e7\u00e3o\" \/>\n\t<meta name=\"twitter:label2\" content=\"Tempo estimado de leitura\" \/>\n\t<meta name=\"twitter:data2\" content=\"1 minuto\" \/>\n<script type=\"application\/ld+json\" class=\"yoast-schema-graph\">{\"@context\":\"https:\/\/schema.org\",\"@graph\":[{\"@type\":\"Article\",\"@id\":\"https:\/\/brasilnoticias.org\/site\/angelo-coronel-se-filia-ao-republicanos-e-reforca-partido-na-bahia\/#article\",\"isPartOf\":{\"@id\":\"https:\/\/brasilnoticias.org\/site\/angelo-coronel-se-filia-ao-republicanos-e-reforca-partido-na-bahia\/\"},\"author\":{\"name\":\"Reda\u00e7\u00e3o\",\"@id\":\"https:\/\/brasilnoticias.org\/site\/#\/schema\/person\/03bbbfe6c7634ad18c26444ea39049fa\"},\"headline\":\"Angelo Coronel se filia ao Republicanos e refor\u00e7a partido na Bahia\",\"datePublished\":\"2026-03-17T17:15:00+00:00\",\"mainEntityOfPage\":{\"@id\":\"https:\/\/brasilnoticias.org\/site\/angelo-coronel-se-filia-ao-republicanos-e-reforca-partido-na-bahia\/\"},\"wordCount\":142,\"commentCount\":0,\"publisher\":{\"@id\":\"https:\/\/brasilnoticias.org\/site\/#organization\"},\"image\":{\"@id\":\"https:\/\/brasilnoticias.org\/site\/angelo-coronel-se-filia-ao-republicanos-e-reforca-partido-na-bahia\/#primaryimage\"},\"thumbnailUrl\":\"https:\/\/brasilnoticias.org\/site\/wp-content\/uploads\/2026\/03\/WhatsApp-Image-2026-03-17-at-13.29.50.jpeg\",\"articleSection\":[\"Pol\u00edtica\",\"\u00daltimas\"],\"inLanguage\":\"pt-PT\",\"potentialAction\":[{\"@type\":\"CommentAction\",\"name\":\"Comment\",\"target\":[\"https:\/\/brasilnoticias.org\/site\/angelo-coronel-se-filia-ao-republicanos-e-reforca-partido-na-bahia\/#respond\"]}]},{\"@type\":\"WebPage\",\"@id\":\"https:\/\/brasilnoticias.org\/site\/angelo-coronel-se-filia-ao-republicanos-e-reforca-partido-na-bahia\/\",\"url\":\"https:\/\/brasilnoticias.org\/site\/angelo-coronel-se-filia-ao-republicanos-e-reforca-partido-na-bahia\/\",\"name\":\"Angelo Coronel se filia ao Republicanos e refor\u00e7a partido na Bahia - Brasil not\u00edcias\",\"isPartOf\":{\"@id\":\"https:\/\/brasilnoticias.org\/site\/#website\"},\"primaryImageOfPage\":{\"@id\":\"https:\/\/brasilnoticias.org\/site\/angelo-coronel-se-filia-ao-republicanos-e-reforca-partido-na-bahia\/#primaryimage\"},\"image\":{\"@id\":\"https:\/\/brasilnoticias.org\/site\/angelo-coronel-se-filia-ao-republicanos-e-reforca-partido-na-bahia\/#primaryimage\"},\"thumbnailUrl\":\"https:\/\/brasilnoticias.org\/site\/wp-content\/uploads\/2026\/03\/WhatsApp-Image-2026-03-17-at-13.29.50.jpeg\",\"datePublished\":\"2026-03-17T17:15:00+00:00\",\"breadcrumb\":{\"@id\":\"https:\/\/brasilnoticias.org\/site\/angelo-coronel-se-filia-ao-republicanos-e-reforca-partido-na-bahia\/#breadcrumb\"},\"inLanguage\":\"pt-PT\",\"potentialAction\":[{\"@type\":\"ReadAction\",\"target\":[\"https:\/\/brasilnoticias.org\/site\/angelo-coronel-se-filia-ao-republicanos-e-reforca-partido-na-bahia\/\"]}]},{\"@type\":\"ImageObject\",\"inLanguage\":\"pt-PT\",\"@id\":\"https:\/\/brasilnoticias.org\/site\/angelo-coronel-se-filia-ao-republicanos-e-reforca-partido-na-bahia\/#primaryimage\",\"url\":\"https:\/\/brasilnoticias.org\/site\/wp-content\/uploads\/2026\/03\/WhatsApp-Image-2026-03-17-at-13.29.50.jpeg\",\"contentUrl\":\"https:\/\/brasilnoticias.org\/site\/wp-content\/uploads\/2026\/03\/WhatsApp-Image-2026-03-17-at-13.29.50.jpeg\",\"width\":1600,\"height\":899},{\"@type\":\"BreadcrumbList\",\"@id\":\"https:\/\/brasilnoticias.org\/site\/angelo-coronel-se-filia-ao-republicanos-e-reforca-partido-na-bahia\/#breadcrumb\",\"itemListElement\":[{\"@type\":\"ListItem\",\"position\":1,\"name\":\"In\u00edcio\",\"item\":\"https:\/\/brasilnoticias.org\/site\/\"},{\"@type\":\"ListItem\",\"position\":2,\"name\":\"Angelo Coronel se filia ao Republicanos e refor\u00e7a partido na Bahia\"}]},{\"@type\":\"WebSite\",\"@id\":\"https:\/\/brasilnoticias.org\/site\/#website\",\"url\":\"https:\/\/brasilnoticias.org\/site\/\",\"name\":\"Brasil not\u00edcias\",\"description\":\"Brasil not\u00edcias\",\"publisher\":{\"@id\":\"https:\/\/brasilnoticias.org\/site\/#organization\"},\"potentialAction\":[{\"@type\":\"SearchAction\",\"target\":{\"@type\":\"EntryPoint\",\"urlTemplate\":\"https:\/\/brasilnoticias.org\/site\/?s={search_term_string}\"},\"query-input\":{\"@type\":\"PropertyValueSpecification\",\"valueRequired\":true,\"valueName\":\"search_term_string\"}}],\"inLanguage\":\"pt-PT\"},{\"@type\":\"Organization\",\"@id\":\"https:\/\/brasilnoticias.org\/site\/#organization\",\"name\":\"Brasil not\u00edcias\",\"url\":\"https:\/\/brasilnoticias.org\/site\/\",\"logo\":{\"@type\":\"ImageObject\",\"inLanguage\":\"pt-PT\",\"@id\":\"https:\/\/brasilnoticias.org\/site\/#\/schema\/logo\/image\/\",\"url\":\"https:\/\/brasilnoticias.org\/site\/wp-content\/uploads\/2022\/05\/cropped-brasilnoticias-mini.jpg\",\"contentUrl\":\"https:\/\/brasilnoticias.org\/site\/wp-content\/uploads\/2022\/05\/cropped-brasilnoticias-mini.jpg\",\"width\":314,\"height\":86,\"caption\":\"Brasil not\u00edcias\"},\"image\":{\"@id\":\"https:\/\/brasilnoticias.org\/site\/#\/schema\/logo\/image\/\"}},{\"@type\":\"Person\",\"@id\":\"https:\/\/brasilnoticias.org\/site\/#\/schema\/person\/03bbbfe6c7634ad18c26444ea39049fa\",\"name\":\"Reda\u00e7\u00e3o\",\"image\":{\"@type\":\"ImageObject\",\"inLanguage\":\"pt-PT\",\"@id\":\"https:\/\/brasilnoticias.org\/site\/#\/schema\/person\/image\/\",\"url\":\"https:\/\/secure.gravatar.com\/avatar\/9ecaf7327a696cb23ad926fedded5f1f04d7049de9e445375d55b48c001a6e42?s=96&d=mm&r=g\",\"contentUrl\":\"https:\/\/secure.gravatar.com\/avatar\/9ecaf7327a696cb23ad926fedded5f1f04d7049de9e445375d55b48c001a6e42?s=96&d=mm&r=g\",\"caption\":\"Reda\u00e7\u00e3o\"},\"url\":\"https:\/\/brasilnoticias.org\/site\/author\/henrique\/\"}]}<\/script>\n<!-- \/ Yoast SEO plugin. -->","yoast_head_json":{"title":"Angelo Coronel se filia ao Republicanos e refor\u00e7a partido na Bahia - Brasil not\u00edcias","robots":{"index":"index","follow":"follow","max-snippet":"max-snippet:-1","max-image-preview":"max-image-preview:large","max-video-preview":"max-video-preview:-1"},"canonical":"https:\/\/brasilnoticias.org\/site\/angelo-coronel-se-filia-ao-republicanos-e-reforca-partido-na-bahia\/","og_locale":"pt_PT","og_type":"article","og_title":"Angelo Coronel se filia ao Republicanos e refor\u00e7a partido na Bahia - Brasil not\u00edcias","og_description":"O senador Angelo Coronel oficializou sua filia\u00e7\u00e3o ao Republicanos, em movimento que refor\u00e7a a presen\u00e7a do partido na Bahia e","og_url":"https:\/\/brasilnoticias.org\/site\/angelo-coronel-se-filia-ao-republicanos-e-reforca-partido-na-bahia\/","og_site_name":"Brasil not\u00edcias","article_published_time":"2026-03-17T17:15:00+00:00","og_image":[{"width":1600,"height":899,"url":"https:\/\/brasilnoticias.org\/site\/wp-content\/uploads\/2026\/03\/WhatsApp-Image-2026-03-17-at-13.29.50.jpeg","type":"image\/jpeg"}],"author":"Reda\u00e7\u00e3o","twitter_card":"summary_large_image","twitter_misc":{"Escrito por":"Reda\u00e7\u00e3o","Tempo estimado de leitura":"1 minuto"},"schema":{"@context":"https:\/\/schema.org","@graph":[{"@type":"Article","@id":"https:\/\/brasilnoticias.org\/site\/angelo-coronel-se-filia-ao-republicanos-e-reforca-partido-na-bahia\/#article","isPartOf":{"@id":"https:\/\/brasilnoticias.org\/site\/angelo-coronel-se-filia-ao-republicanos-e-reforca-partido-na-bahia\/"},"author":{"name":"Reda\u00e7\u00e3o","@id":"https:\/\/brasilnoticias.org\/site\/#\/schema\/person\/03bbbfe6c7634ad18c26444ea39049fa"},"headline":"Angelo Coronel se filia ao Republicanos e refor\u00e7a partido na Bahia","datePublished":"2026-03-17T17:15:00+00:00","mainEntityOfPage":{"@id":"https:\/\/brasilnoticias.org\/site\/angelo-coronel-se-filia-ao-republicanos-e-reforca-partido-na-bahia\/"},"wordCount":142,"commentCount":0,"publisher":{"@id":"https:\/\/brasilnoticias.org\/site\/#organization"},"image":{"@id":"https:\/\/brasilnoticias.org\/site\/angelo-coronel-se-filia-ao-republicanos-e-reforca-partido-na-bahia\/#primaryimage"},"thumbnailUrl":"https:\/\/brasilnoticias.org\/site\/wp-content\/uploads\/2026\/03\/WhatsApp-Image-2026-03-17-at-13.29.50.jpeg","articleSection":["Pol\u00edtica","\u00daltimas"],"inLanguage":"pt-PT","potentialAction":[{"@type":"CommentAction","name":"Comment","target":["https:\/\/brasilnoticias.org\/site\/angelo-coronel-se-filia-ao-republicanos-e-reforca-partido-na-bahia\/#respond"]}]},{"@type":"WebPage","@id":"https:\/\/brasilnoticias.org\/site\/angelo-coronel-se-filia-ao-republicanos-e-reforca-partido-na-bahia\/","url":"https:\/\/brasilnoticias.org\/site\/angelo-coronel-se-filia-ao-republicanos-e-reforca-partido-na-bahia\/","name":"Angelo Coronel se filia ao Republicanos e refor\u00e7a partido na Bahia - Brasil not\u00edcias","isPartOf":{"@id":"https:\/\/brasilnoticias.org\/site\/#website"},"primaryImageOfPage":{"@id":"https:\/\/brasilnoticias.org\/site\/angelo-coronel-se-filia-ao-republicanos-e-reforca-partido-na-bahia\/#primaryimage"},"image":{"@id":"https:\/\/brasilnoticias.org\/site\/angelo-coronel-se-filia-ao-republicanos-e-reforca-partido-na-bahia\/#primaryimage"},"thumbnailUrl":"https:\/\/brasilnoticias.org\/site\/wp-content\/uploads\/2026\/03\/WhatsApp-Image-2026-03-17-at-13.29.50.jpeg","datePublished":"2026-03-17T17:15:00+00:00","breadcrumb":{"@id":"https:\/\/brasilnoticias.org\/site\/angelo-coronel-se-filia-ao-republicanos-e-reforca-partido-na-bahia\/#breadcrumb"},"inLanguage":"pt-PT","potentialAction":[{"@type":"ReadAction","target":["https:\/\/brasilnoticias.org\/site\/angelo-coronel-se-filia-ao-republicanos-e-reforca-partido-na-bahia\/"]}]},{"@type":"ImageObject","inLanguage":"pt-PT","@id":"https:\/\/brasilnoticias.org\/site\/angelo-coronel-se-filia-ao-republicanos-e-reforca-partido-na-bahia\/#primaryimage","url":"https:\/\/brasilnoticias.org\/site\/wp-content\/uploads\/2026\/03\/WhatsApp-Image-2026-03-17-at-13.29.50.jpeg","contentUrl":"https:\/\/brasilnoticias.org\/site\/wp-content\/uploads\/2026\/03\/WhatsApp-Image-2026-03-17-at-13.29.50.jpeg","width":1600,"height":899},{"@type":"BreadcrumbList","@id":"https:\/\/brasilnoticias.org\/site\/angelo-coronel-se-filia-ao-republicanos-e-reforca-partido-na-bahia\/#breadcrumb","itemListElement":[{"@type":"ListItem","position":1,"name":"In\u00edcio","item":"https:\/\/brasilnoticias.org\/site\/"},{"@type":"ListItem","position":2,"name":"Angelo Coronel se filia ao Republicanos e refor\u00e7a partido na Bahia"}]},{"@type":"WebSite","@id":"https:\/\/brasilnoticias.org\/site\/#website","url":"https:\/\/brasilnoticias.org\/site\/","name":"Brasil not\u00edcias","description":"Brasil not\u00edcias","publisher":{"@id":"https:\/\/brasilnoticias.org\/site\/#organization"},"potentialAction":[{"@type":"SearchAction","target":{"@type":"EntryPoint","urlTemplate":"https:\/\/brasilnoticias.org\/site\/?s={search_term_string}"},"query-input":{"@type":"PropertyValueSpecification","valueRequired":true,"valueName":"search_term_string"}}],"inLanguage":"pt-PT"},{"@type":"Organization","@id":"https:\/\/brasilnoticias.org\/site\/#organization","name":"Brasil not\u00edcias","url":"https:\/\/brasilnoticias.org\/site\/","logo":{"@type":"ImageObject","inLanguage":"pt-PT","@id":"https:\/\/brasilnoticias.org\/site\/#\/schema\/logo\/image\/","url":"https:\/\/brasilnoticias.org\/site\/wp-content\/uploads\/2022\/05\/cropped-brasilnoticias-mini.jpg","contentUrl":"https:\/\/brasilnoticias.org\/site\/wp-content\/uploads\/2022\/05\/cropped-brasilnoticias-mini.jpg","width":314,"height":86,"caption":"Brasil not\u00edcias"},"image":{"@id":"https:\/\/brasilnoticias.org\/site\/#\/schema\/logo\/image\/"}},{"@type":"Person","@id":"https:\/\/brasilnoticias.org\/site\/#\/schema\/person\/03bbbfe6c7634ad18c26444ea39049fa","name":"Reda\u00e7\u00e3o","image":{"@type":"ImageObject","inLanguage":"pt-PT","@id":"https:\/\/brasilnoticias.org\/site\/#\/schema\/person\/image\/","url":"https:\/\/secure.gravatar.com\/avatar\/9ecaf7327a696cb23ad926fedded5f1f04d7049de9e445375d55b48c001a6e42?s=96&d=mm&r=g","contentUrl":"https:\/\/secure.gravatar.com\/avatar\/9ecaf7327a696cb23ad926fedded5f1f04d7049de9e445375d55b48c001a6e42?s=96&d=mm&r=g","caption":"Reda\u00e7\u00e3o"},"url":"https:\/\/brasilnoticias.org\/site\/author\/henrique\/"}]}},"_links":{"self":[{"href":"https:\/\/brasilnoticias.org\/site\/wp-json\/wp\/v2\/posts\/21031","targetHints":{"allow":["GET"]}}],"collection":[{"href":"https:\/\/brasilnoticias.org\/site\/wp-json\/wp\/v2\/posts"}],"about":[{"href":"https:\/\/brasilnoticias.org\/site\/wp-json\/wp\/v2\/types\/post"}],"author":[{"embeddable":true,"href":"https:\/\/brasilnoticias.org\/site\/wp-json\/wp\/v2\/users\/4"}],"replies":[{"embeddable":true,"href":"https:\/\/brasilnoticias.org\/site\/wp-json\/wp\/v2\/comments?post=21031"}],"version-history":[{"count":1,"href":"https:\/\/brasilnoticias.org\/site\/wp-json\/wp\/v2\/posts\/21031\/revisions"}],"predecessor-version":[{"id":21033,"href":"https:\/\/brasilnoticias.org\/site\/wp-json\/wp\/v2\/posts\/21031\/revisions\/21033"}],"wp:featuredmedia":[{"embeddable":true,"href":"https:\/\/brasilnoticias.org\/site\/wp-json\/wp\/v2\/media\/21032"}],"wp:attachment":[{"href":"https:\/\/brasilnoticias.org\/site\/wp-json\/wp\/v2\/media?parent=21031"}],"wp:term":[{"taxonomy":"category","embeddable":true,"href":"https:\/\/brasilnoticias.org\/site\/wp-json\/wp\/v2\/categories?post=21031"},{"taxonomy":"post_tag","embeddable":true,"href":"https:\/\/brasilnoticias.org\/site\/wp-json\/wp\/v2\/tags?post=21031"}],"curies":[{"name":"wp","href":"https:\/\/api.w.org\/{rel}","templated":true}]}}