{"id":21034,"date":"2026-03-17T14:19:05","date_gmt":"2026-03-17T17:19:05","guid":{"rendered":"https:\/\/brasilnoticias.org\/site\/?p=21034"},"modified":"2026-03-17T14:19:05","modified_gmt":"2026-03-17T17:19:05","slug":"aleluia-afirma-que-presidencia-da-camara-e-incompativel-por-ora","status":"publish","type":"post","link":"https:\/\/brasilnoticias.org\/site\/aleluia-afirma-que-presidencia-da-camara-e-incompativel-por-ora\/","title":{"rendered":"Aleluia afirma que presid\u00eancia da C\u00e2mara \u00e9 &#8216;incompat\u00edvel, por ora&#8217;"},"content":{"rendered":"<p>O vereador\u00a0<strong>Alexandre Aleluia (PL)<\/strong>\u00a0reagiu \u00e0 mat\u00e9ria do\u00a0<strong><a href=\"https:\/\/www.blogdovila.com.br\/\" target=\"_blank\" rel=\"noopener\">Blog do Vila<\/a><\/strong>\u00a0que apontava seu nome como\u00a0<a href=\"https:\/\/www.blogdovila.com.br\/noticia\/aleluia-muniz\" target=\"_blank\" rel=\"noopener\"><strong>poss\u00edvel candidato \u00e0 presid\u00eancia da C\u00e2mara Municipal de Salvador<\/strong><\/a>\u00a0e tratou de afastar a possibilidade, ao menos por enquanto.<\/p>\n<p>Em nota enviada \u00e0 reportagem, o edil afirmou que a hip\u00f3tese, embora considerada \u201chonrosa\u201d, n\u00e3o est\u00e1 nos seus planos pol\u00edticos atuais.<\/p>\n<p>Segundo Aleluia, seu projeto est\u00e1 direcionado para a disputa de uma vaga na C\u00e2mara dos Deputados em 2026, dentro de uma articula\u00e7\u00e3o que envolve a filia\u00e7\u00e3o ao\u00a0<strong>Partido Novo<\/strong>.<\/p>\n<p><strong>\u201cQualquer men\u00e7\u00e3o a sua candidatura \u00e0 presid\u00eancia da C\u00e2mara Municipal de Salvador [&#8230;] \u00e9 incompat\u00edvel, por ora, com o desejo [&#8230;] de ser eleito deputado federal pelo Partido Novo\u201d<\/strong>, disse.<\/p>\n<p>O vereador revelou ainda que mant\u00e9m di\u00e1logo com o\u00a0<strong>PL<\/strong>\u00a0para viabilizar sua sa\u00edda da legenda atual, em raz\u00e3o de \u201cdiverg\u00eancias pontuais\u201d.<\/p>\n<p>Na nota, Aleluia ainda revelou o nome do policial civil\u00a0<strong>Douglas Pithon<\/strong>\u00a0como pr\u00e9-candidato ao Senado na chapa encabe\u00e7ada pelo seu pai, o ex-deputado federal\u00a0<strong>Jos\u00e9 Carlos Aleluia<\/strong>, ambos pelo Novo.<\/p>\n<h2><strong>Confira a \u00edntegra:<\/p>\n<p><\/strong><\/h2>\n<p><em>Em rela\u00e7\u00e3o \u00e0 mat\u00e9ria intitulada \u201cAleluia na presid\u00eancia da C\u00e2mara?\u201d, publicada no portal Blog do Vila, o vereador Alexandre Aleluia informa que qualquer men\u00e7\u00e3o a sua candidatura \u00e0 presid\u00eancia da C\u00e2mara Municipal de Salvador, apesar de honrosa, \u00e9 incompat\u00edvel, por ora, com o desejo que o vereador nutre, de ser eleito deputado federal pelo Partido Novo.<\/em><\/p>\n<p><em>Alexandre Aleluia mant\u00e9m firme o projeto de se filiar ao partido Novo, em um di\u00e1logo iniciado com o PL visando obter carta de libera\u00e7\u00e3o em raz\u00e3o de diverg\u00eancias pontuais.<\/em><\/p>\n<p><em>O projeto pol\u00edtico do Partido Novo na Bahia visa o fortalecimento da legenda visando atingir a cl\u00e1usula de desempenho, por isso foca na elei\u00e7\u00e3o de Alexandre Aleluia para deputado federal.<\/em><\/p>\n<p><em>Esse projeto, al\u00e9m do fortalecimento do partido, tem como norte derrotar o PT nas elei\u00e7\u00f5es que se avizinham e a melhor forma de vencer a esquerda \u00e9 lan\u00e7ar o ex-deputado federal Jos\u00e9 Carlos Aleluia como candidato ao governo da Bahia, que est\u00e1 cansada da polariza\u00e7\u00e3o entre os candidatos que disputam o comando do estado desde 2006.<\/em><\/p>\n<p><em>O fortalecimento do partido Novo na Bahia, que comunga com o de toda oposi\u00e7\u00e3o, no pensamento de derrotar o PT estadual e nacionalmente, \u00e9 inegoci\u00e1vel.<\/em><\/p>\n<p><em>Qualquer composi\u00e7\u00e3o para as elei\u00e7\u00f5es de 2026 passa por um di\u00e1logo que garanta converg\u00eancia ideol\u00f3gica, fortalecimento do partido NOVO.<\/em><\/p>\n<p><em>Desta forma, est\u00e3o firmemente mantidas as respectivas pr\u00e9-candidaturas de\u00a0<strong>Jos\u00e9 Carlos Aleluia<\/strong>\u00a0a governador pelo Partido Novo, de Alexandre Aleluia a deputado federal pela mesma legenda, al\u00e9m da concreta possibilidade de candidatura ao Senado, tamb\u00e9m pelo Novo, do policial civil\u00a0<strong>Douglas Pithon<\/strong>.<\/em><\/p>\n<p><em>Fonte:\u00a0<a href=\"https:\/\/www.blogdovila.com.br\/noticia\/aleluia-reage\" target=\"_blank\" rel=\"noopener\">Blog do Vila<\/a><\/em><\/p>\n","protected":false},"excerpt":{"rendered":"<p>O vereador\u00a0Alexandre Aleluia (PL)\u00a0reagiu \u00e0 mat\u00e9ria do\u00a0Blog do Vila\u00a0que apontava seu nome como\u00a0poss\u00edvel candidato \u00e0 presid\u00eancia da C\u00e2mara Municipal de<\/p>\n","protected":false},"author":4,"featured_media":21035,"comment_status":"open","ping_status":"open","sticky":false,"template":"","format":"standard","meta":{"colormag_page_container_layout":"default_layout","colormag_page_sidebar_layout":"default_layout","_FSMCFIC_featured_image_caption":"","_FSMCFIC_featured_image_nocaption":"","_FSMCFIC_featured_image_hide":"","footnotes":""},"categories":[5,1],"tags":[],"class_list":["post-21034","post","type-post","status-publish","format-standard","has-post-thumbnail","hentry","category-politica","category-ultimas"],"yoast_head":"<!-- This site is optimized with the Yoast SEO plugin v27.1.1 - https:\/\/yoast.com\/product\/yoast-seo-wordpress\/ -->\n<title>Aleluia afirma que presid\u00eancia da C\u00e2mara \u00e9 &#039;incompat\u00edvel, por ora&#039; - Brasil not\u00edcias<\/title>\n<meta name=\"robots\" content=\"index, follow, max-snippet:-1, max-image-preview:large, max-video-preview:-1\" \/>\n<link rel=\"canonical\" href=\"https:\/\/brasilnoticias.org\/site\/aleluia-afirma-que-presidencia-da-camara-e-incompativel-por-ora\/\" \/>\n<meta property=\"og:locale\" content=\"pt_PT\" \/>\n<meta property=\"og:type\" content=\"article\" \/>\n<meta property=\"og:title\" content=\"Aleluia afirma que presid\u00eancia da C\u00e2mara \u00e9 &#039;incompat\u00edvel, por ora&#039; - Brasil not\u00edcias\" \/>\n<meta property=\"og:description\" content=\"O vereador\u00a0Alexandre Aleluia (PL)\u00a0reagiu \u00e0 mat\u00e9ria do\u00a0Blog do Vila\u00a0que apontava seu nome como\u00a0poss\u00edvel candidato \u00e0 presid\u00eancia da C\u00e2mara Municipal de\" \/>\n<meta property=\"og:url\" content=\"https:\/\/brasilnoticias.org\/site\/aleluia-afirma-que-presidencia-da-camara-e-incompativel-por-ora\/\" \/>\n<meta property=\"og:site_name\" content=\"Brasil not\u00edcias\" \/>\n<meta property=\"article:published_time\" content=\"2026-03-17T17:19:05+00:00\" \/>\n<meta property=\"og:image\" content=\"https:\/\/brasilnoticias.org\/site\/wp-content\/uploads\/2026\/03\/283be75416bebcd216da59ea11fad1d5_1772664938_lg.jpg\" \/>\n\t<meta property=\"og:image:width\" content=\"989\" \/>\n\t<meta property=\"og:image:height\" content=\"556\" \/>\n\t<meta property=\"og:image:type\" content=\"image\/jpeg\" \/>\n<meta name=\"author\" content=\"Reda\u00e7\u00e3o\" \/>\n<meta name=\"twitter:card\" content=\"summary_large_image\" \/>\n<meta name=\"twitter:label1\" content=\"Escrito por\" \/>\n\t<meta name=\"twitter:data1\" content=\"Reda\u00e7\u00e3o\" \/>\n\t<meta name=\"twitter:label2\" content=\"Tempo estimado de leitura\" \/>\n\t<meta name=\"twitter:data2\" content=\"3 minutos\" \/>\n<script type=\"application\/ld+json\" class=\"yoast-schema-graph\">{\"@context\":\"https:\/\/schema.org\",\"@graph\":[{\"@type\":\"Article\",\"@id\":\"https:\/\/brasilnoticias.org\/site\/aleluia-afirma-que-presidencia-da-camara-e-incompativel-por-ora\/#article\",\"isPartOf\":{\"@id\":\"https:\/\/brasilnoticias.org\/site\/aleluia-afirma-que-presidencia-da-camara-e-incompativel-por-ora\/\"},\"author\":{\"name\":\"Reda\u00e7\u00e3o\",\"@id\":\"https:\/\/brasilnoticias.org\/site\/#\/schema\/person\/03bbbfe6c7634ad18c26444ea39049fa\"},\"headline\":\"Aleluia afirma que presid\u00eancia da C\u00e2mara \u00e9 &#8216;incompat\u00edvel, por ora&#8217;\",\"datePublished\":\"2026-03-17T17:19:05+00:00\",\"mainEntityOfPage\":{\"@id\":\"https:\/\/brasilnoticias.org\/site\/aleluia-afirma-que-presidencia-da-camara-e-incompativel-por-ora\/\"},\"wordCount\":482,\"commentCount\":0,\"publisher\":{\"@id\":\"https:\/\/brasilnoticias.org\/site\/#organization\"},\"image\":{\"@id\":\"https:\/\/brasilnoticias.org\/site\/aleluia-afirma-que-presidencia-da-camara-e-incompativel-por-ora\/#primaryimage\"},\"thumbnailUrl\":\"https:\/\/brasilnoticias.org\/site\/wp-content\/uploads\/2026\/03\/283be75416bebcd216da59ea11fad1d5_1772664938_lg.jpg\",\"articleSection\":[\"Pol\u00edtica\",\"\u00daltimas\"],\"inLanguage\":\"pt-PT\",\"potentialAction\":[{\"@type\":\"CommentAction\",\"name\":\"Comment\",\"target\":[\"https:\/\/brasilnoticias.org\/site\/aleluia-afirma-que-presidencia-da-camara-e-incompativel-por-ora\/#respond\"]}]},{\"@type\":\"WebPage\",\"@id\":\"https:\/\/brasilnoticias.org\/site\/aleluia-afirma-que-presidencia-da-camara-e-incompativel-por-ora\/\",\"url\":\"https:\/\/brasilnoticias.org\/site\/aleluia-afirma-que-presidencia-da-camara-e-incompativel-por-ora\/\",\"name\":\"Aleluia afirma que presid\u00eancia da C\u00e2mara \u00e9 'incompat\u00edvel, por ora' - Brasil not\u00edcias\",\"isPartOf\":{\"@id\":\"https:\/\/brasilnoticias.org\/site\/#website\"},\"primaryImageOfPage\":{\"@id\":\"https:\/\/brasilnoticias.org\/site\/aleluia-afirma-que-presidencia-da-camara-e-incompativel-por-ora\/#primaryimage\"},\"image\":{\"@id\":\"https:\/\/brasilnoticias.org\/site\/aleluia-afirma-que-presidencia-da-camara-e-incompativel-por-ora\/#primaryimage\"},\"thumbnailUrl\":\"https:\/\/brasilnoticias.org\/site\/wp-content\/uploads\/2026\/03\/283be75416bebcd216da59ea11fad1d5_1772664938_lg.jpg\",\"datePublished\":\"2026-03-17T17:19:05+00:00\",\"breadcrumb\":{\"@id\":\"https:\/\/brasilnoticias.org\/site\/aleluia-afirma-que-presidencia-da-camara-e-incompativel-por-ora\/#breadcrumb\"},\"inLanguage\":\"pt-PT\",\"potentialAction\":[{\"@type\":\"ReadAction\",\"target\":[\"https:\/\/brasilnoticias.org\/site\/aleluia-afirma-que-presidencia-da-camara-e-incompativel-por-ora\/\"]}]},{\"@type\":\"ImageObject\",\"inLanguage\":\"pt-PT\",\"@id\":\"https:\/\/brasilnoticias.org\/site\/aleluia-afirma-que-presidencia-da-camara-e-incompativel-por-ora\/#primaryimage\",\"url\":\"https:\/\/brasilnoticias.org\/site\/wp-content\/uploads\/2026\/03\/283be75416bebcd216da59ea11fad1d5_1772664938_lg.jpg\",\"contentUrl\":\"https:\/\/brasilnoticias.org\/site\/wp-content\/uploads\/2026\/03\/283be75416bebcd216da59ea11fad1d5_1772664938_lg.jpg\",\"width\":989,\"height\":556},{\"@type\":\"BreadcrumbList\",\"@id\":\"https:\/\/brasilnoticias.org\/site\/aleluia-afirma-que-presidencia-da-camara-e-incompativel-por-ora\/#breadcrumb\",\"itemListElement\":[{\"@type\":\"ListItem\",\"position\":1,\"name\":\"In\u00edcio\",\"item\":\"https:\/\/brasilnoticias.org\/site\/\"},{\"@type\":\"ListItem\",\"position\":2,\"name\":\"Aleluia afirma que presid\u00eancia da C\u00e2mara \u00e9 &#8216;incompat\u00edvel, por ora&#8217;\"}]},{\"@type\":\"WebSite\",\"@id\":\"https:\/\/brasilnoticias.org\/site\/#website\",\"url\":\"https:\/\/brasilnoticias.org\/site\/\",\"name\":\"Brasil not\u00edcias\",\"description\":\"Brasil not\u00edcias\",\"publisher\":{\"@id\":\"https:\/\/brasilnoticias.org\/site\/#organization\"},\"potentialAction\":[{\"@type\":\"SearchAction\",\"target\":{\"@type\":\"EntryPoint\",\"urlTemplate\":\"https:\/\/brasilnoticias.org\/site\/?s={search_term_string}\"},\"query-input\":{\"@type\":\"PropertyValueSpecification\",\"valueRequired\":true,\"valueName\":\"search_term_string\"}}],\"inLanguage\":\"pt-PT\"},{\"@type\":\"Organization\",\"@id\":\"https:\/\/brasilnoticias.org\/site\/#organization\",\"name\":\"Brasil not\u00edcias\",\"url\":\"https:\/\/brasilnoticias.org\/site\/\",\"logo\":{\"@type\":\"ImageObject\",\"inLanguage\":\"pt-PT\",\"@id\":\"https:\/\/brasilnoticias.org\/site\/#\/schema\/logo\/image\/\",\"url\":\"https:\/\/brasilnoticias.org\/site\/wp-content\/uploads\/2022\/05\/cropped-brasilnoticias-mini.jpg\",\"contentUrl\":\"https:\/\/brasilnoticias.org\/site\/wp-content\/uploads\/2022\/05\/cropped-brasilnoticias-mini.jpg\",\"width\":314,\"height\":86,\"caption\":\"Brasil not\u00edcias\"},\"image\":{\"@id\":\"https:\/\/brasilnoticias.org\/site\/#\/schema\/logo\/image\/\"}},{\"@type\":\"Person\",\"@id\":\"https:\/\/brasilnoticias.org\/site\/#\/schema\/person\/03bbbfe6c7634ad18c26444ea39049fa\",\"name\":\"Reda\u00e7\u00e3o\",\"image\":{\"@type\":\"ImageObject\",\"inLanguage\":\"pt-PT\",\"@id\":\"https:\/\/brasilnoticias.org\/site\/#\/schema\/person\/image\/\",\"url\":\"https:\/\/secure.gravatar.com\/avatar\/9ecaf7327a696cb23ad926fedded5f1f04d7049de9e445375d55b48c001a6e42?s=96&d=mm&r=g\",\"contentUrl\":\"https:\/\/secure.gravatar.com\/avatar\/9ecaf7327a696cb23ad926fedded5f1f04d7049de9e445375d55b48c001a6e42?s=96&d=mm&r=g\",\"caption\":\"Reda\u00e7\u00e3o\"},\"url\":\"https:\/\/brasilnoticias.org\/site\/author\/henrique\/\"}]}<\/script>\n<!-- \/ Yoast SEO plugin. -->","yoast_head_json":{"title":"Aleluia afirma que presid\u00eancia da C\u00e2mara \u00e9 'incompat\u00edvel, por ora' - Brasil not\u00edcias","robots":{"index":"index","follow":"follow","max-snippet":"max-snippet:-1","max-image-preview":"max-image-preview:large","max-video-preview":"max-video-preview:-1"},"canonical":"https:\/\/brasilnoticias.org\/site\/aleluia-afirma-que-presidencia-da-camara-e-incompativel-por-ora\/","og_locale":"pt_PT","og_type":"article","og_title":"Aleluia afirma que presid\u00eancia da C\u00e2mara \u00e9 'incompat\u00edvel, por ora' - Brasil not\u00edcias","og_description":"O vereador\u00a0Alexandre Aleluia (PL)\u00a0reagiu \u00e0 mat\u00e9ria do\u00a0Blog do Vila\u00a0que apontava seu nome como\u00a0poss\u00edvel candidato \u00e0 presid\u00eancia da C\u00e2mara Municipal de","og_url":"https:\/\/brasilnoticias.org\/site\/aleluia-afirma-que-presidencia-da-camara-e-incompativel-por-ora\/","og_site_name":"Brasil not\u00edcias","article_published_time":"2026-03-17T17:19:05+00:00","og_image":[{"width":989,"height":556,"url":"https:\/\/brasilnoticias.org\/site\/wp-content\/uploads\/2026\/03\/283be75416bebcd216da59ea11fad1d5_1772664938_lg.jpg","type":"image\/jpeg"}],"author":"Reda\u00e7\u00e3o","twitter_card":"summary_large_image","twitter_misc":{"Escrito por":"Reda\u00e7\u00e3o","Tempo estimado de leitura":"3 minutos"},"schema":{"@context":"https:\/\/schema.org","@graph":[{"@type":"Article","@id":"https:\/\/brasilnoticias.org\/site\/aleluia-afirma-que-presidencia-da-camara-e-incompativel-por-ora\/#article","isPartOf":{"@id":"https:\/\/brasilnoticias.org\/site\/aleluia-afirma-que-presidencia-da-camara-e-incompativel-por-ora\/"},"author":{"name":"Reda\u00e7\u00e3o","@id":"https:\/\/brasilnoticias.org\/site\/#\/schema\/person\/03bbbfe6c7634ad18c26444ea39049fa"},"headline":"Aleluia afirma que presid\u00eancia da C\u00e2mara \u00e9 &#8216;incompat\u00edvel, por ora&#8217;","datePublished":"2026-03-17T17:19:05+00:00","mainEntityOfPage":{"@id":"https:\/\/brasilnoticias.org\/site\/aleluia-afirma-que-presidencia-da-camara-e-incompativel-por-ora\/"},"wordCount":482,"commentCount":0,"publisher":{"@id":"https:\/\/brasilnoticias.org\/site\/#organization"},"image":{"@id":"https:\/\/brasilnoticias.org\/site\/aleluia-afirma-que-presidencia-da-camara-e-incompativel-por-ora\/#primaryimage"},"thumbnailUrl":"https:\/\/brasilnoticias.org\/site\/wp-content\/uploads\/2026\/03\/283be75416bebcd216da59ea11fad1d5_1772664938_lg.jpg","articleSection":["Pol\u00edtica","\u00daltimas"],"inLanguage":"pt-PT","potentialAction":[{"@type":"CommentAction","name":"Comment","target":["https:\/\/brasilnoticias.org\/site\/aleluia-afirma-que-presidencia-da-camara-e-incompativel-por-ora\/#respond"]}]},{"@type":"WebPage","@id":"https:\/\/brasilnoticias.org\/site\/aleluia-afirma-que-presidencia-da-camara-e-incompativel-por-ora\/","url":"https:\/\/brasilnoticias.org\/site\/aleluia-afirma-que-presidencia-da-camara-e-incompativel-por-ora\/","name":"Aleluia afirma que presid\u00eancia da C\u00e2mara \u00e9 'incompat\u00edvel, por ora' - Brasil not\u00edcias","isPartOf":{"@id":"https:\/\/brasilnoticias.org\/site\/#website"},"primaryImageOfPage":{"@id":"https:\/\/brasilnoticias.org\/site\/aleluia-afirma-que-presidencia-da-camara-e-incompativel-por-ora\/#primaryimage"},"image":{"@id":"https:\/\/brasilnoticias.org\/site\/aleluia-afirma-que-presidencia-da-camara-e-incompativel-por-ora\/#primaryimage"},"thumbnailUrl":"https:\/\/brasilnoticias.org\/site\/wp-content\/uploads\/2026\/03\/283be75416bebcd216da59ea11fad1d5_1772664938_lg.jpg","datePublished":"2026-03-17T17:19:05+00:00","breadcrumb":{"@id":"https:\/\/brasilnoticias.org\/site\/aleluia-afirma-que-presidencia-da-camara-e-incompativel-por-ora\/#breadcrumb"},"inLanguage":"pt-PT","potentialAction":[{"@type":"ReadAction","target":["https:\/\/brasilnoticias.org\/site\/aleluia-afirma-que-presidencia-da-camara-e-incompativel-por-ora\/"]}]},{"@type":"ImageObject","inLanguage":"pt-PT","@id":"https:\/\/brasilnoticias.org\/site\/aleluia-afirma-que-presidencia-da-camara-e-incompativel-por-ora\/#primaryimage","url":"https:\/\/brasilnoticias.org\/site\/wp-content\/uploads\/2026\/03\/283be75416bebcd216da59ea11fad1d5_1772664938_lg.jpg","contentUrl":"https:\/\/brasilnoticias.org\/site\/wp-content\/uploads\/2026\/03\/283be75416bebcd216da59ea11fad1d5_1772664938_lg.jpg","width":989,"height":556},{"@type":"BreadcrumbList","@id":"https:\/\/brasilnoticias.org\/site\/aleluia-afirma-que-presidencia-da-camara-e-incompativel-por-ora\/#breadcrumb","itemListElement":[{"@type":"ListItem","position":1,"name":"In\u00edcio","item":"https:\/\/brasilnoticias.org\/site\/"},{"@type":"ListItem","position":2,"name":"Aleluia afirma que presid\u00eancia da C\u00e2mara \u00e9 &#8216;incompat\u00edvel, por ora&#8217;"}]},{"@type":"WebSite","@id":"https:\/\/brasilnoticias.org\/site\/#website","url":"https:\/\/brasilnoticias.org\/site\/","name":"Brasil not\u00edcias","description":"Brasil not\u00edcias","publisher":{"@id":"https:\/\/brasilnoticias.org\/site\/#organization"},"potentialAction":[{"@type":"SearchAction","target":{"@type":"EntryPoint","urlTemplate":"https:\/\/brasilnoticias.org\/site\/?s={search_term_string}"},"query-input":{"@type":"PropertyValueSpecification","valueRequired":true,"valueName":"search_term_string"}}],"inLanguage":"pt-PT"},{"@type":"Organization","@id":"https:\/\/brasilnoticias.org\/site\/#organization","name":"Brasil not\u00edcias","url":"https:\/\/brasilnoticias.org\/site\/","logo":{"@type":"ImageObject","inLanguage":"pt-PT","@id":"https:\/\/brasilnoticias.org\/site\/#\/schema\/logo\/image\/","url":"https:\/\/brasilnoticias.org\/site\/wp-content\/uploads\/2022\/05\/cropped-brasilnoticias-mini.jpg","contentUrl":"https:\/\/brasilnoticias.org\/site\/wp-content\/uploads\/2022\/05\/cropped-brasilnoticias-mini.jpg","width":314,"height":86,"caption":"Brasil not\u00edcias"},"image":{"@id":"https:\/\/brasilnoticias.org\/site\/#\/schema\/logo\/image\/"}},{"@type":"Person","@id":"https:\/\/brasilnoticias.org\/site\/#\/schema\/person\/03bbbfe6c7634ad18c26444ea39049fa","name":"Reda\u00e7\u00e3o","image":{"@type":"ImageObject","inLanguage":"pt-PT","@id":"https:\/\/brasilnoticias.org\/site\/#\/schema\/person\/image\/","url":"https:\/\/secure.gravatar.com\/avatar\/9ecaf7327a696cb23ad926fedded5f1f04d7049de9e445375d55b48c001a6e42?s=96&d=mm&r=g","contentUrl":"https:\/\/secure.gravatar.com\/avatar\/9ecaf7327a696cb23ad926fedded5f1f04d7049de9e445375d55b48c001a6e42?s=96&d=mm&r=g","caption":"Reda\u00e7\u00e3o"},"url":"https:\/\/brasilnoticias.org\/site\/author\/henrique\/"}]}},"_links":{"self":[{"href":"https:\/\/brasilnoticias.org\/site\/wp-json\/wp\/v2\/posts\/21034","targetHints":{"allow":["GET"]}}],"collection":[{"href":"https:\/\/brasilnoticias.org\/site\/wp-json\/wp\/v2\/posts"}],"about":[{"href":"https:\/\/brasilnoticias.org\/site\/wp-json\/wp\/v2\/types\/post"}],"author":[{"embeddable":true,"href":"https:\/\/brasilnoticias.org\/site\/wp-json\/wp\/v2\/users\/4"}],"replies":[{"embeddable":true,"href":"https:\/\/brasilnoticias.org\/site\/wp-json\/wp\/v2\/comments?post=21034"}],"version-history":[{"count":1,"href":"https:\/\/brasilnoticias.org\/site\/wp-json\/wp\/v2\/posts\/21034\/revisions"}],"predecessor-version":[{"id":21036,"href":"https:\/\/brasilnoticias.org\/site\/wp-json\/wp\/v2\/posts\/21034\/revisions\/21036"}],"wp:featuredmedia":[{"embeddable":true,"href":"https:\/\/brasilnoticias.org\/site\/wp-json\/wp\/v2\/media\/21035"}],"wp:attachment":[{"href":"https:\/\/brasilnoticias.org\/site\/wp-json\/wp\/v2\/media?parent=21034"}],"wp:term":[{"taxonomy":"category","embeddable":true,"href":"https:\/\/brasilnoticias.org\/site\/wp-json\/wp\/v2\/categories?post=21034"},{"taxonomy":"post_tag","embeddable":true,"href":"https:\/\/brasilnoticias.org\/site\/wp-json\/wp\/v2\/tags?post=21034"}],"curies":[{"name":"wp","href":"https:\/\/api.w.org\/{rel}","templated":true}]}}