{"id":21054,"date":"2026-03-19T08:22:10","date_gmt":"2026-03-19T11:22:10","guid":{"rendered":"https:\/\/brasilnoticias.org\/site\/?p=21054"},"modified":"2026-03-19T08:22:10","modified_gmt":"2026-03-19T11:22:10","slug":"kleber-rosa-descarta-disputar-federal-e-dobra-aposta-na-alba-vamos-eleger-dois","status":"publish","type":"post","link":"https:\/\/brasilnoticias.org\/site\/kleber-rosa-descarta-disputar-federal-e-dobra-aposta-na-alba-vamos-eleger-dois\/","title":{"rendered":"Kl\u00e9ber Rosa descarta disputar federal e dobra aposta na Alba: &#8216;Vamos eleger dois&#8217;"},"content":{"rendered":"<h2 class=\"self-stretch font-sans text-headline-6 font-normal tracking-tight text-neutral-50\">Pr\u00e9-candidato do PSOL a deputado estadual endurece discurso sobre seguran\u00e7a, critica gest\u00e3o petista na Bahia e minimiza risco de \u201cchoque\u201d com Hilton Coelho<\/h2>\n<p>&nbsp;<\/p>\n<p>Apesar da press\u00e3o interna \u2014 e do alerta de aliados sobre o risco de o PSOL desperdi\u00e7ar potencial eleitoral \u2014\u00a0<strong>Kl\u00e9ber Rosa bateu o martelo<\/strong>: vai disputar uma vaga na Assembleia Legislativa da Bahia.<\/p>\n<p>Sem rodeios, ele deixou evidente que\u00a0<strong>n\u00e3o pretende recuar nem migrar para a C\u00e2mara dos Deputados<\/strong>.<\/p>\n<p><strong>\u201cToda a minha movimenta\u00e7\u00e3o \u00e9 em fun\u00e7\u00e3o disso. J\u00e1 anunciei minha pr\u00e9-candidatura e articulei dobradinhas. \u00c9 irrevers\u00edvel\u201d<\/strong>, anunciou, em entrevista \u00e0\u00a0<em><strong>CBN Salvador<\/strong><\/em>.<\/p>\n<p>Nos bastidores, h\u00e1 quem defenda que Kl\u00e9ber teria mais viabilidade como federal \u2014 inclusive para evitar um poss\u00edvel \u201ccanibalismo eleitoral\u201d com\u00a0<strong>Hilton Coelho<\/strong>, hoje o principal nome do partido na Alba.<\/p>\n<p>Na avalia\u00e7\u00e3o de Kl\u00e9ber, no entanto, o cen\u00e1rio \u00e9 favor\u00e1vel para manter o mandato de Hilton e ampliar a bancada.<\/p>\n<p><strong>\u201cTodas as nossas contas apontam para eleger pelo menos dois. N\u00e3o tem disputa, tem soma\u201d<\/strong>, projetou.\u00a0<strong>\u201cPrecisamos preservar Hilton e crescer. Esse \u00e9 o nosso projeto\u201d<\/strong>, completou.<\/p>\n<h2><strong>Seguran\u00e7a p\u00fablica vira eixo \u2014 com ataque direto ao governo<\/strong><\/h2>\n<p>&nbsp;<\/p>\n<p>O cora\u00e7\u00e3o da candidatura de Kl\u00e9ber, que \u00e9 investigador da Pol\u00edcia Civil, est\u00e1 na seguran\u00e7a p\u00fablica \u2014 e o tom \u00e9 de enfrentamento.<\/p>\n<p>Ele classifica o cen\u00e1rio como\u00a0<strong>\u201cgenocida\u201d contra a popula\u00e7\u00e3o negra<\/strong>\u00a0e promete levar o debate para dentro da Assembleia com mais agressividade:\u00a0<strong>\u201c\u00c9 inadmiss\u00edvel conviver com chacinas. Nosso povo vive com medo. As m\u00e3es n\u00e3o dormem.\u201d<\/strong><\/p>\n<p>Kl\u00e9ber tamb\u00e9m<strong>\u00a0mirou diretamente o grupo petista<\/strong>, que governa a Bahia h\u00e1 quase duas d\u00e9cadas:\u00a0<strong>\u201cEsse governo n\u00e3o valoriza o servi\u00e7o p\u00fablico e dificulta o acesso da popula\u00e7\u00e3o a servi\u00e7os de qualidade.\u201d<\/strong><\/p>\n<p>Al\u00e9m da seguran\u00e7a, ele apontou como alvos o\u00a0<strong>colapso na regula\u00e7\u00e3o da sa\u00fade<\/strong>, a\u00a0<strong>sobrecarga dos professores<\/strong>, a\u00a0<strong>falta de estrutura para alunos com defici\u00eancia<\/strong>\u00a0e o\u00a0<strong>sucateamento do servi\u00e7o p\u00fablico.<\/strong><\/p>\n<p><strong>\u201cN\u00e3o \u00e9 humano o trabalho do professor hoje\u201d<\/strong>, considerou, embora, inclusive, reconhe\u00e7a avan\u00e7os pontuais \u2014 como reformas em escolas. No entanto, ele diz que\u00a0<strong>o modelo geral est\u00e1 falhando<\/strong>.<\/p>\n<h2><strong>Senado: entre Rui e Wagner \u2014 ou nenhum dos dois<\/strong><\/h2>\n<p>&nbsp;<\/p>\n<p>Em rela\u00e7\u00e3o \u00e0 disputa pelo Senado, Kl\u00e9ber sinalizou que pode votar em\u00a0<strong>Rui Costa ou Jaques Wagner<\/strong>\u00a0\u2014 mas condicionou a escolha \u00e0 decis\u00e3o do partido.\u00a0<strong>\u201cOu vou de Rui ou de Wagner. Mas o voto ser\u00e1 definido pelo partido\u201d<\/strong>, considerou.<\/p>\n<p>No entanto, outra possibilidade foi aberta:\u00a0<strong>O PSOL pode n\u00e3o indicar voto para ningu\u00e9m<\/strong>. Caso isso aconte\u00e7a, ele promete assumir posi\u00e7\u00e3o p\u00fablica individual.<\/p>\n<p>Mas faz quest\u00e3o de marcar territ\u00f3rio:\u00a0<strong>\u201cN\u00e3o h\u00e1 nenhuma possibilidade de apoiar nomes ligados ao bolsonarismo.\u201d<\/strong><\/p>\n<p>Questionado sobre o pr\u00e9-candidato ao governo\u00a0<strong>Ronaldo Mansur<\/strong>, ainda pouco conhecido, Kl\u00e9ber admite o desafio \u2014 mas banca a estrat\u00e9gia.\u00a0<strong>\u201cO PSOL sempre apresenta nomes novos. Eu tamb\u00e9m era desconhecido\u201d<\/strong>, relativizou.<\/p>\n<p>Quando se candidatou a governador, em 2022, Kl\u00e9ber Rosa obteve 48.239 votos. Dois anos depois, foi a grande surpresa na elei\u00e7\u00e3o para prefeito de Salvador, quando conquistou 138.610 votos e ficou na segunda coloca\u00e7\u00e3o, 1.312 votos \u00e0 frente do vice-governador e postulante palaciano\u00a0<strong>Geraldo J\u00fanior<\/strong>\u00a0(MDB).<\/p>\n<h2><strong>Confira a entrevista na \u00edntegra:<\/strong><\/h2>\n<p><iframe loading=\"lazy\" width=\"780\" height=\"439\" src=\"https:\/\/www.youtube.com\/embed\/2fJIcv27eN4\" title=\"CBN BAHIA | 18\/03\/2026 | Participe pelo WhatsApp (71) 98679-2647\" frameborder=\"0\" allow=\"accelerometer; autoplay; clipboard-write; encrypted-media; gyroscope; picture-in-picture; web-share\" referrerpolicy=\"strict-origin-when-cross-origin\" allowfullscreen><\/iframe><\/p>\n","protected":false},"excerpt":{"rendered":"<p>Pr\u00e9-candidato do PSOL a deputado estadual endurece discurso sobre seguran\u00e7a, critica gest\u00e3o petista na Bahia e minimiza risco de \u201cchoque\u201d<\/p>\n","protected":false},"author":4,"featured_media":21055,"comment_status":"open","ping_status":"open","sticky":false,"template":"","format":"standard","meta":{"colormag_page_container_layout":"default_layout","colormag_page_sidebar_layout":"default_layout","_FSMCFIC_featured_image_caption":"","_FSMCFIC_featured_image_nocaption":"","_FSMCFIC_featured_image_hide":"","footnotes":""},"categories":[5,1],"tags":[],"class_list":["post-21054","post","type-post","status-publish","format-standard","has-post-thumbnail","hentry","category-politica","category-ultimas"],"yoast_head":"<!-- This site is optimized with the Yoast SEO plugin v27.1.1 - https:\/\/yoast.com\/product\/yoast-seo-wordpress\/ -->\n<title>Kl\u00e9ber Rosa descarta disputar federal e dobra aposta na Alba: &#039;Vamos eleger dois&#039; - Brasil not\u00edcias<\/title>\n<meta name=\"robots\" content=\"index, follow, max-snippet:-1, max-image-preview:large, max-video-preview:-1\" \/>\n<link rel=\"canonical\" href=\"https:\/\/brasilnoticias.org\/site\/kleber-rosa-descarta-disputar-federal-e-dobra-aposta-na-alba-vamos-eleger-dois\/\" \/>\n<meta property=\"og:locale\" content=\"pt_PT\" \/>\n<meta property=\"og:type\" content=\"article\" \/>\n<meta property=\"og:title\" content=\"Kl\u00e9ber Rosa descarta disputar federal e dobra aposta na Alba: &#039;Vamos eleger dois&#039; - Brasil not\u00edcias\" \/>\n<meta property=\"og:description\" content=\"Pr\u00e9-candidato do PSOL a deputado estadual endurece discurso sobre seguran\u00e7a, critica gest\u00e3o petista na Bahia e minimiza risco de \u201cchoque\u201d\" \/>\n<meta property=\"og:url\" content=\"https:\/\/brasilnoticias.org\/site\/kleber-rosa-descarta-disputar-federal-e-dobra-aposta-na-alba-vamos-eleger-dois\/\" \/>\n<meta property=\"og:site_name\" content=\"Brasil not\u00edcias\" \/>\n<meta property=\"article:published_time\" content=\"2026-03-19T11:22:10+00:00\" \/>\n<meta property=\"og:image\" content=\"https:\/\/brasilnoticias.org\/site\/wp-content\/uploads\/2026\/03\/WhatsApp-Image-2026-03-18-at-12.02.29.jpeg\" \/>\n\t<meta property=\"og:image:width\" content=\"1280\" \/>\n\t<meta property=\"og:image:height\" content=\"720\" \/>\n\t<meta property=\"og:image:type\" content=\"image\/jpeg\" \/>\n<meta name=\"author\" content=\"Reda\u00e7\u00e3o\" \/>\n<meta name=\"twitter:card\" content=\"summary_large_image\" \/>\n<meta name=\"twitter:label1\" content=\"Escrito por\" \/>\n\t<meta name=\"twitter:data1\" content=\"Reda\u00e7\u00e3o\" \/>\n\t<meta name=\"twitter:label2\" content=\"Tempo estimado de leitura\" \/>\n\t<meta name=\"twitter:data2\" content=\"1 minuto\" \/>\n<script type=\"application\/ld+json\" class=\"yoast-schema-graph\">{\"@context\":\"https:\/\/schema.org\",\"@graph\":[{\"@type\":\"Article\",\"@id\":\"https:\/\/brasilnoticias.org\/site\/kleber-rosa-descarta-disputar-federal-e-dobra-aposta-na-alba-vamos-eleger-dois\/#article\",\"isPartOf\":{\"@id\":\"https:\/\/brasilnoticias.org\/site\/kleber-rosa-descarta-disputar-federal-e-dobra-aposta-na-alba-vamos-eleger-dois\/\"},\"author\":{\"name\":\"Reda\u00e7\u00e3o\",\"@id\":\"https:\/\/brasilnoticias.org\/site\/#\/schema\/person\/03bbbfe6c7634ad18c26444ea39049fa\"},\"headline\":\"Kl\u00e9ber Rosa descarta disputar federal e dobra aposta na Alba: &#8216;Vamos eleger dois&#8217;\",\"datePublished\":\"2026-03-19T11:22:10+00:00\",\"mainEntityOfPage\":{\"@id\":\"https:\/\/brasilnoticias.org\/site\/kleber-rosa-descarta-disputar-federal-e-dobra-aposta-na-alba-vamos-eleger-dois\/\"},\"wordCount\":567,\"commentCount\":0,\"publisher\":{\"@id\":\"https:\/\/brasilnoticias.org\/site\/#organization\"},\"image\":{\"@id\":\"https:\/\/brasilnoticias.org\/site\/kleber-rosa-descarta-disputar-federal-e-dobra-aposta-na-alba-vamos-eleger-dois\/#primaryimage\"},\"thumbnailUrl\":\"https:\/\/brasilnoticias.org\/site\/wp-content\/uploads\/2026\/03\/WhatsApp-Image-2026-03-18-at-12.02.29.jpeg\",\"articleSection\":[\"Pol\u00edtica\",\"\u00daltimas\"],\"inLanguage\":\"pt-PT\",\"potentialAction\":[{\"@type\":\"CommentAction\",\"name\":\"Comment\",\"target\":[\"https:\/\/brasilnoticias.org\/site\/kleber-rosa-descarta-disputar-federal-e-dobra-aposta-na-alba-vamos-eleger-dois\/#respond\"]}]},{\"@type\":\"WebPage\",\"@id\":\"https:\/\/brasilnoticias.org\/site\/kleber-rosa-descarta-disputar-federal-e-dobra-aposta-na-alba-vamos-eleger-dois\/\",\"url\":\"https:\/\/brasilnoticias.org\/site\/kleber-rosa-descarta-disputar-federal-e-dobra-aposta-na-alba-vamos-eleger-dois\/\",\"name\":\"Kl\u00e9ber Rosa descarta disputar federal e dobra aposta na Alba: 'Vamos eleger dois' - Brasil not\u00edcias\",\"isPartOf\":{\"@id\":\"https:\/\/brasilnoticias.org\/site\/#website\"},\"primaryImageOfPage\":{\"@id\":\"https:\/\/brasilnoticias.org\/site\/kleber-rosa-descarta-disputar-federal-e-dobra-aposta-na-alba-vamos-eleger-dois\/#primaryimage\"},\"image\":{\"@id\":\"https:\/\/brasilnoticias.org\/site\/kleber-rosa-descarta-disputar-federal-e-dobra-aposta-na-alba-vamos-eleger-dois\/#primaryimage\"},\"thumbnailUrl\":\"https:\/\/brasilnoticias.org\/site\/wp-content\/uploads\/2026\/03\/WhatsApp-Image-2026-03-18-at-12.02.29.jpeg\",\"datePublished\":\"2026-03-19T11:22:10+00:00\",\"breadcrumb\":{\"@id\":\"https:\/\/brasilnoticias.org\/site\/kleber-rosa-descarta-disputar-federal-e-dobra-aposta-na-alba-vamos-eleger-dois\/#breadcrumb\"},\"inLanguage\":\"pt-PT\",\"potentialAction\":[{\"@type\":\"ReadAction\",\"target\":[\"https:\/\/brasilnoticias.org\/site\/kleber-rosa-descarta-disputar-federal-e-dobra-aposta-na-alba-vamos-eleger-dois\/\"]}]},{\"@type\":\"ImageObject\",\"inLanguage\":\"pt-PT\",\"@id\":\"https:\/\/brasilnoticias.org\/site\/kleber-rosa-descarta-disputar-federal-e-dobra-aposta-na-alba-vamos-eleger-dois\/#primaryimage\",\"url\":\"https:\/\/brasilnoticias.org\/site\/wp-content\/uploads\/2026\/03\/WhatsApp-Image-2026-03-18-at-12.02.29.jpeg\",\"contentUrl\":\"https:\/\/brasilnoticias.org\/site\/wp-content\/uploads\/2026\/03\/WhatsApp-Image-2026-03-18-at-12.02.29.jpeg\",\"width\":1280,\"height\":720,\"caption\":\"Foto: Evil\u00e1sio J\u00fanior\"},{\"@type\":\"BreadcrumbList\",\"@id\":\"https:\/\/brasilnoticias.org\/site\/kleber-rosa-descarta-disputar-federal-e-dobra-aposta-na-alba-vamos-eleger-dois\/#breadcrumb\",\"itemListElement\":[{\"@type\":\"ListItem\",\"position\":1,\"name\":\"In\u00edcio\",\"item\":\"https:\/\/brasilnoticias.org\/site\/\"},{\"@type\":\"ListItem\",\"position\":2,\"name\":\"Kl\u00e9ber Rosa descarta disputar federal e dobra aposta na Alba: &#8216;Vamos eleger dois&#8217;\"}]},{\"@type\":\"WebSite\",\"@id\":\"https:\/\/brasilnoticias.org\/site\/#website\",\"url\":\"https:\/\/brasilnoticias.org\/site\/\",\"name\":\"Brasil not\u00edcias\",\"description\":\"Brasil not\u00edcias\",\"publisher\":{\"@id\":\"https:\/\/brasilnoticias.org\/site\/#organization\"},\"potentialAction\":[{\"@type\":\"SearchAction\",\"target\":{\"@type\":\"EntryPoint\",\"urlTemplate\":\"https:\/\/brasilnoticias.org\/site\/?s={search_term_string}\"},\"query-input\":{\"@type\":\"PropertyValueSpecification\",\"valueRequired\":true,\"valueName\":\"search_term_string\"}}],\"inLanguage\":\"pt-PT\"},{\"@type\":\"Organization\",\"@id\":\"https:\/\/brasilnoticias.org\/site\/#organization\",\"name\":\"Brasil not\u00edcias\",\"url\":\"https:\/\/brasilnoticias.org\/site\/\",\"logo\":{\"@type\":\"ImageObject\",\"inLanguage\":\"pt-PT\",\"@id\":\"https:\/\/brasilnoticias.org\/site\/#\/schema\/logo\/image\/\",\"url\":\"https:\/\/brasilnoticias.org\/site\/wp-content\/uploads\/2022\/05\/cropped-brasilnoticias-mini.jpg\",\"contentUrl\":\"https:\/\/brasilnoticias.org\/site\/wp-content\/uploads\/2022\/05\/cropped-brasilnoticias-mini.jpg\",\"width\":314,\"height\":86,\"caption\":\"Brasil not\u00edcias\"},\"image\":{\"@id\":\"https:\/\/brasilnoticias.org\/site\/#\/schema\/logo\/image\/\"}},{\"@type\":\"Person\",\"@id\":\"https:\/\/brasilnoticias.org\/site\/#\/schema\/person\/03bbbfe6c7634ad18c26444ea39049fa\",\"name\":\"Reda\u00e7\u00e3o\",\"image\":{\"@type\":\"ImageObject\",\"inLanguage\":\"pt-PT\",\"@id\":\"https:\/\/brasilnoticias.org\/site\/#\/schema\/person\/image\/\",\"url\":\"https:\/\/secure.gravatar.com\/avatar\/9ecaf7327a696cb23ad926fedded5f1f04d7049de9e445375d55b48c001a6e42?s=96&d=mm&r=g\",\"contentUrl\":\"https:\/\/secure.gravatar.com\/avatar\/9ecaf7327a696cb23ad926fedded5f1f04d7049de9e445375d55b48c001a6e42?s=96&d=mm&r=g\",\"caption\":\"Reda\u00e7\u00e3o\"},\"url\":\"https:\/\/brasilnoticias.org\/site\/author\/henrique\/\"}]}<\/script>\n<!-- \/ Yoast SEO plugin. -->","yoast_head_json":{"title":"Kl\u00e9ber Rosa descarta disputar federal e dobra aposta na Alba: 'Vamos eleger dois' - Brasil not\u00edcias","robots":{"index":"index","follow":"follow","max-snippet":"max-snippet:-1","max-image-preview":"max-image-preview:large","max-video-preview":"max-video-preview:-1"},"canonical":"https:\/\/brasilnoticias.org\/site\/kleber-rosa-descarta-disputar-federal-e-dobra-aposta-na-alba-vamos-eleger-dois\/","og_locale":"pt_PT","og_type":"article","og_title":"Kl\u00e9ber Rosa descarta disputar federal e dobra aposta na Alba: 'Vamos eleger dois' - Brasil not\u00edcias","og_description":"Pr\u00e9-candidato do PSOL a deputado estadual endurece discurso sobre seguran\u00e7a, critica gest\u00e3o petista na Bahia e minimiza risco de \u201cchoque\u201d","og_url":"https:\/\/brasilnoticias.org\/site\/kleber-rosa-descarta-disputar-federal-e-dobra-aposta-na-alba-vamos-eleger-dois\/","og_site_name":"Brasil not\u00edcias","article_published_time":"2026-03-19T11:22:10+00:00","og_image":[{"width":1280,"height":720,"url":"https:\/\/brasilnoticias.org\/site\/wp-content\/uploads\/2026\/03\/WhatsApp-Image-2026-03-18-at-12.02.29.jpeg","type":"image\/jpeg"}],"author":"Reda\u00e7\u00e3o","twitter_card":"summary_large_image","twitter_misc":{"Escrito por":"Reda\u00e7\u00e3o","Tempo estimado de leitura":"1 minuto"},"schema":{"@context":"https:\/\/schema.org","@graph":[{"@type":"Article","@id":"https:\/\/brasilnoticias.org\/site\/kleber-rosa-descarta-disputar-federal-e-dobra-aposta-na-alba-vamos-eleger-dois\/#article","isPartOf":{"@id":"https:\/\/brasilnoticias.org\/site\/kleber-rosa-descarta-disputar-federal-e-dobra-aposta-na-alba-vamos-eleger-dois\/"},"author":{"name":"Reda\u00e7\u00e3o","@id":"https:\/\/brasilnoticias.org\/site\/#\/schema\/person\/03bbbfe6c7634ad18c26444ea39049fa"},"headline":"Kl\u00e9ber Rosa descarta disputar federal e dobra aposta na Alba: &#8216;Vamos eleger dois&#8217;","datePublished":"2026-03-19T11:22:10+00:00","mainEntityOfPage":{"@id":"https:\/\/brasilnoticias.org\/site\/kleber-rosa-descarta-disputar-federal-e-dobra-aposta-na-alba-vamos-eleger-dois\/"},"wordCount":567,"commentCount":0,"publisher":{"@id":"https:\/\/brasilnoticias.org\/site\/#organization"},"image":{"@id":"https:\/\/brasilnoticias.org\/site\/kleber-rosa-descarta-disputar-federal-e-dobra-aposta-na-alba-vamos-eleger-dois\/#primaryimage"},"thumbnailUrl":"https:\/\/brasilnoticias.org\/site\/wp-content\/uploads\/2026\/03\/WhatsApp-Image-2026-03-18-at-12.02.29.jpeg","articleSection":["Pol\u00edtica","\u00daltimas"],"inLanguage":"pt-PT","potentialAction":[{"@type":"CommentAction","name":"Comment","target":["https:\/\/brasilnoticias.org\/site\/kleber-rosa-descarta-disputar-federal-e-dobra-aposta-na-alba-vamos-eleger-dois\/#respond"]}]},{"@type":"WebPage","@id":"https:\/\/brasilnoticias.org\/site\/kleber-rosa-descarta-disputar-federal-e-dobra-aposta-na-alba-vamos-eleger-dois\/","url":"https:\/\/brasilnoticias.org\/site\/kleber-rosa-descarta-disputar-federal-e-dobra-aposta-na-alba-vamos-eleger-dois\/","name":"Kl\u00e9ber Rosa descarta disputar federal e dobra aposta na Alba: 'Vamos eleger dois' - Brasil not\u00edcias","isPartOf":{"@id":"https:\/\/brasilnoticias.org\/site\/#website"},"primaryImageOfPage":{"@id":"https:\/\/brasilnoticias.org\/site\/kleber-rosa-descarta-disputar-federal-e-dobra-aposta-na-alba-vamos-eleger-dois\/#primaryimage"},"image":{"@id":"https:\/\/brasilnoticias.org\/site\/kleber-rosa-descarta-disputar-federal-e-dobra-aposta-na-alba-vamos-eleger-dois\/#primaryimage"},"thumbnailUrl":"https:\/\/brasilnoticias.org\/site\/wp-content\/uploads\/2026\/03\/WhatsApp-Image-2026-03-18-at-12.02.29.jpeg","datePublished":"2026-03-19T11:22:10+00:00","breadcrumb":{"@id":"https:\/\/brasilnoticias.org\/site\/kleber-rosa-descarta-disputar-federal-e-dobra-aposta-na-alba-vamos-eleger-dois\/#breadcrumb"},"inLanguage":"pt-PT","potentialAction":[{"@type":"ReadAction","target":["https:\/\/brasilnoticias.org\/site\/kleber-rosa-descarta-disputar-federal-e-dobra-aposta-na-alba-vamos-eleger-dois\/"]}]},{"@type":"ImageObject","inLanguage":"pt-PT","@id":"https:\/\/brasilnoticias.org\/site\/kleber-rosa-descarta-disputar-federal-e-dobra-aposta-na-alba-vamos-eleger-dois\/#primaryimage","url":"https:\/\/brasilnoticias.org\/site\/wp-content\/uploads\/2026\/03\/WhatsApp-Image-2026-03-18-at-12.02.29.jpeg","contentUrl":"https:\/\/brasilnoticias.org\/site\/wp-content\/uploads\/2026\/03\/WhatsApp-Image-2026-03-18-at-12.02.29.jpeg","width":1280,"height":720,"caption":"Foto: Evil\u00e1sio J\u00fanior"},{"@type":"BreadcrumbList","@id":"https:\/\/brasilnoticias.org\/site\/kleber-rosa-descarta-disputar-federal-e-dobra-aposta-na-alba-vamos-eleger-dois\/#breadcrumb","itemListElement":[{"@type":"ListItem","position":1,"name":"In\u00edcio","item":"https:\/\/brasilnoticias.org\/site\/"},{"@type":"ListItem","position":2,"name":"Kl\u00e9ber Rosa descarta disputar federal e dobra aposta na Alba: &#8216;Vamos eleger dois&#8217;"}]},{"@type":"WebSite","@id":"https:\/\/brasilnoticias.org\/site\/#website","url":"https:\/\/brasilnoticias.org\/site\/","name":"Brasil not\u00edcias","description":"Brasil not\u00edcias","publisher":{"@id":"https:\/\/brasilnoticias.org\/site\/#organization"},"potentialAction":[{"@type":"SearchAction","target":{"@type":"EntryPoint","urlTemplate":"https:\/\/brasilnoticias.org\/site\/?s={search_term_string}"},"query-input":{"@type":"PropertyValueSpecification","valueRequired":true,"valueName":"search_term_string"}}],"inLanguage":"pt-PT"},{"@type":"Organization","@id":"https:\/\/brasilnoticias.org\/site\/#organization","name":"Brasil not\u00edcias","url":"https:\/\/brasilnoticias.org\/site\/","logo":{"@type":"ImageObject","inLanguage":"pt-PT","@id":"https:\/\/brasilnoticias.org\/site\/#\/schema\/logo\/image\/","url":"https:\/\/brasilnoticias.org\/site\/wp-content\/uploads\/2022\/05\/cropped-brasilnoticias-mini.jpg","contentUrl":"https:\/\/brasilnoticias.org\/site\/wp-content\/uploads\/2022\/05\/cropped-brasilnoticias-mini.jpg","width":314,"height":86,"caption":"Brasil not\u00edcias"},"image":{"@id":"https:\/\/brasilnoticias.org\/site\/#\/schema\/logo\/image\/"}},{"@type":"Person","@id":"https:\/\/brasilnoticias.org\/site\/#\/schema\/person\/03bbbfe6c7634ad18c26444ea39049fa","name":"Reda\u00e7\u00e3o","image":{"@type":"ImageObject","inLanguage":"pt-PT","@id":"https:\/\/brasilnoticias.org\/site\/#\/schema\/person\/image\/","url":"https:\/\/secure.gravatar.com\/avatar\/9ecaf7327a696cb23ad926fedded5f1f04d7049de9e445375d55b48c001a6e42?s=96&d=mm&r=g","contentUrl":"https:\/\/secure.gravatar.com\/avatar\/9ecaf7327a696cb23ad926fedded5f1f04d7049de9e445375d55b48c001a6e42?s=96&d=mm&r=g","caption":"Reda\u00e7\u00e3o"},"url":"https:\/\/brasilnoticias.org\/site\/author\/henrique\/"}]}},"_links":{"self":[{"href":"https:\/\/brasilnoticias.org\/site\/wp-json\/wp\/v2\/posts\/21054","targetHints":{"allow":["GET"]}}],"collection":[{"href":"https:\/\/brasilnoticias.org\/site\/wp-json\/wp\/v2\/posts"}],"about":[{"href":"https:\/\/brasilnoticias.org\/site\/wp-json\/wp\/v2\/types\/post"}],"author":[{"embeddable":true,"href":"https:\/\/brasilnoticias.org\/site\/wp-json\/wp\/v2\/users\/4"}],"replies":[{"embeddable":true,"href":"https:\/\/brasilnoticias.org\/site\/wp-json\/wp\/v2\/comments?post=21054"}],"version-history":[{"count":1,"href":"https:\/\/brasilnoticias.org\/site\/wp-json\/wp\/v2\/posts\/21054\/revisions"}],"predecessor-version":[{"id":21056,"href":"https:\/\/brasilnoticias.org\/site\/wp-json\/wp\/v2\/posts\/21054\/revisions\/21056"}],"wp:featuredmedia":[{"embeddable":true,"href":"https:\/\/brasilnoticias.org\/site\/wp-json\/wp\/v2\/media\/21055"}],"wp:attachment":[{"href":"https:\/\/brasilnoticias.org\/site\/wp-json\/wp\/v2\/media?parent=21054"}],"wp:term":[{"taxonomy":"category","embeddable":true,"href":"https:\/\/brasilnoticias.org\/site\/wp-json\/wp\/v2\/categories?post=21054"},{"taxonomy":"post_tag","embeddable":true,"href":"https:\/\/brasilnoticias.org\/site\/wp-json\/wp\/v2\/tags?post=21054"}],"curies":[{"name":"wp","href":"https:\/\/api.w.org\/{rel}","templated":true}]}}