{"id":21062,"date":"2026-03-19T10:05:41","date_gmt":"2026-03-19T13:05:41","guid":{"rendered":"https:\/\/brasilnoticias.org\/site\/?p=21062"},"modified":"2026-03-19T10:05:41","modified_gmt":"2026-03-19T13:05:41","slug":"estacao-da-lapa-passa-a-ter-informacoes-de-onibus-em-tempo-real-para-usuarios","status":"publish","type":"post","link":"https:\/\/brasilnoticias.org\/site\/estacao-da-lapa-passa-a-ter-informacoes-de-onibus-em-tempo-real-para-usuarios\/","title":{"rendered":"Esta\u00e7\u00e3o da Lapa passa a ter informa\u00e7\u00f5es de \u00f4nibus em tempo real para usu\u00e1rios"},"content":{"rendered":"<p>Pain\u00e9is digitais mostram previs\u00e3o de chegada dos coletivos e prometem reduzir tempo de espera no principal terminal da capital.<\/p>\n<p>&nbsp;<\/p>\n<div class=\"flex flex-col text-sm pb-25\">\n<section class=\"text-token-text-primary w-full focus:outline-none [--shadow-height:45px] has-data-writing-block:pointer-events-none has-data-writing-block:-mt-(--shadow-height) has-data-writing-block:pt-(--shadow-height) [&amp;:has([data-writing-block])&gt;*]:pointer-events-auto scroll-mt-[calc(var(--header-height)+min(200px,max(70px,20svh)))]\" dir=\"auto\" data-turn-id=\"request-69afe704-e474-8333-a363-4ba559b8c4a1-2\" data-testid=\"conversation-turn-148\" data-scroll-anchor=\"true\" data-turn=\"assistant\">\n<div class=\"text-base my-auto mx-auto pb-10 [--thread-content-margin:var(--thread-content-margin-xs,calc(var(--spacing)*4))] @w-sm\/main:[--thread-content-margin:var(--thread-content-margin-sm,calc(var(--spacing)*6))] @w-lg\/main:[--thread-content-margin:var(--thread-content-margin-lg,calc(var(--spacing)*16))] px-(--thread-content-margin)\">\n<div class=\"[--thread-content-max-width:40rem] @w-lg\/main:[--thread-content-max-width:48rem] mx-auto max-w-(--thread-content-max-width) flex-1 group\/turn-messages focus-visible:outline-hidden relative flex w-full min-w-0 flex-col agent-turn\">\n<div class=\"flex max-w-full flex-col gap-4 grow\">\n<div class=\"min-h-8 text-message relative flex w-full flex-col items-end gap-2 text-start break-words whitespace-normal outline-none keyboard-focused:focus-ring [.text-message+&amp;]:mt-1\" dir=\"auto\" tabindex=\"0\" data-message-author-role=\"assistant\" data-message-id=\"25331eb6-e2f2-4eba-8905-0a0a12626676\" data-turn-start-message=\"true\" data-message-model-slug=\"gpt-5-3\">\n<div class=\"flex w-full flex-col gap-1 empty:hidden\">\n<div class=\"markdown prose dark:prose-invert w-full wrap-break-word dark markdown-new-styling\">\n<p data-start=\"242\" data-end=\"444\">A <span class=\"hover:entity-accent entity-underline inline cursor-pointer align-baseline\"><span class=\"whitespace-normal\">Esta\u00e7\u00e3o da Lapa<\/span><\/span>, principal terminal de transporte p\u00fablico de Salvador, passou a contar com <strong data-start=\"357\" data-end=\"443\">pain\u00e9is digitais que exibem, em tempo real, informa\u00e7\u00f5es sobre a chegada dos \u00f4nibus<\/strong>.<\/p>\n<p data-start=\"446\" data-end=\"700\">Os equipamentos foram instalados nas plataformas do subsolo do terminal, por onde circulam <strong data-start=\"537\" data-end=\"560\">42 linhas de \u00f4nibus<\/strong>, permitindo que os passageiros acompanhem a previs\u00e3o de chegada dos coletivos diretamente no local.<\/p>\n<h3 data-section-id=\"l745zn\" data-start=\"702\" data-end=\"741\">Mais previsibilidade para o usu\u00e1rio<\/h3>\n<p data-start=\"743\" data-end=\"1043\">Com a nova tecnologia, os usu\u00e1rios n\u00e3o precisam mais recorrer apenas ao celular para consultar hor\u00e1rios. A iniciativa busca oferecer <strong data-start=\"876\" data-end=\"932\">mais praticidade e previsibilidade nos deslocamentos<\/strong>, al\u00e9m de contribuir para a redu\u00e7\u00e3o do tempo de espera nas plataformas.<\/p>\n<p data-start=\"1045\" data-end=\"1277\">A Esta\u00e7\u00e3o da Lapa \u00e9 um dos principais pontos de integra\u00e7\u00e3o da cidade e recebe diariamente milhares de passageiros, o que torna a medida estrat\u00e9gica para melhorar o fluxo no transporte p\u00fablico.<\/p>\n<h3 data-section-id=\"q7jk2y\" data-start=\"1279\" data-end=\"1306\">Parceria com aplicativo<\/h3>\n<p data-start=\"1308\" data-end=\"1467\">O sistema funciona em parceria com o aplicativo <span class=\"hover:entity-accent entity-underline inline cursor-pointer align-baseline\"><span class=\"whitespace-normal\">Cittamobi<\/span><\/span>, que utiliza dados de GPS dos \u00f4nibus para calcular a previs\u00e3o de chegada.<\/p>\n<p data-start=\"1469\" data-end=\"1524\">Al\u00e9m dos pain\u00e9is, o aplicativo permite que o usu\u00e1rio:<\/p>\n<ul data-start=\"1525\" data-end=\"1715\">\n<li data-section-id=\"110c8sy\" data-start=\"1525\" data-end=\"1566\">\n<p data-start=\"1527\" data-end=\"1566\">consulte rotas entre origem e destino<\/p>\n<\/li>\n<li data-section-id=\"evi33e\" data-start=\"1567\" data-end=\"1594\">\n<p data-start=\"1569\" data-end=\"1594\">veja linhas dispon\u00edveis<\/p>\n<\/li>\n<li data-section-id=\"1931tk6\" data-start=\"1595\" data-end=\"1636\">\n<p data-start=\"1597\" data-end=\"1636\">acompanhe integra\u00e7\u00f5es com metr\u00f4 e BRT<\/p>\n<\/li>\n<li data-section-id=\"1zhndv\" data-start=\"1637\" data-end=\"1715\">\n<p data-start=\"1639\" data-end=\"1715\">visualize o tempo estimado da viagem<\/p>\n<\/li>\n<\/ul>\n<h3 data-section-id=\"1m7osq5\" data-start=\"1717\" data-end=\"1747\">Moderniza\u00e7\u00e3o do transporte<\/h3>\n<p data-start=\"1749\" data-end=\"1930\">A iniciativa faz parte de a\u00e7\u00f5es da Prefeitura de Salvador para modernizar o sistema de mobilidade urbana, com foco em <strong data-start=\"1867\" data-end=\"1929\">mais efici\u00eancia, organiza\u00e7\u00e3o e informa\u00e7\u00e3o para os usu\u00e1rios<\/strong>.<\/p>\n<p data-start=\"1932\" data-end=\"2092\">A expectativa \u00e9 que a novidade melhore a experi\u00eancia de quem utiliza diariamente o transporte p\u00fablico, especialmente em hor\u00e1rios de maior movimento no terminal.<\/p>\n<\/div>\n<\/div>\n<\/div>\n<\/div>\n<\/div>\n<\/div>\n<\/section>\n<\/div>\n","protected":false},"excerpt":{"rendered":"<p>Pain\u00e9is digitais mostram previs\u00e3o de chegada dos coletivos e prometem reduzir tempo de espera no principal terminal da capital. &nbsp;<\/p>\n","protected":false},"author":4,"featured_media":21063,"comment_status":"open","ping_status":"open","sticky":false,"template":"","format":"standard","meta":{"colormag_page_container_layout":"default_layout","colormag_page_sidebar_layout":"default_layout","_FSMCFIC_featured_image_caption":"","_FSMCFIC_featured_image_nocaption":"","_FSMCFIC_featured_image_hide":"","footnotes":""},"categories":[2,1],"tags":[],"class_list":["post-21062","post","type-post","status-publish","format-standard","has-post-thumbnail","hentry","category-noticias","category-ultimas"],"yoast_head":"<!-- This site is optimized with the Yoast SEO plugin v27.1.1 - https:\/\/yoast.com\/product\/yoast-seo-wordpress\/ -->\n<title>Esta\u00e7\u00e3o da Lapa passa a ter informa\u00e7\u00f5es de \u00f4nibus em tempo real para usu\u00e1rios - Brasil not\u00edcias<\/title>\n<meta name=\"robots\" content=\"index, follow, max-snippet:-1, max-image-preview:large, max-video-preview:-1\" \/>\n<link rel=\"canonical\" href=\"https:\/\/brasilnoticias.org\/site\/estacao-da-lapa-passa-a-ter-informacoes-de-onibus-em-tempo-real-para-usuarios\/\" \/>\n<meta property=\"og:locale\" content=\"pt_PT\" \/>\n<meta property=\"og:type\" content=\"article\" \/>\n<meta property=\"og:title\" content=\"Esta\u00e7\u00e3o da Lapa passa a ter informa\u00e7\u00f5es de \u00f4nibus em tempo real para usu\u00e1rios - Brasil not\u00edcias\" \/>\n<meta property=\"og:description\" content=\"Pain\u00e9is digitais mostram previs\u00e3o de chegada dos coletivos e prometem reduzir tempo de espera no principal terminal da capital. &nbsp;\" \/>\n<meta property=\"og:url\" content=\"https:\/\/brasilnoticias.org\/site\/estacao-da-lapa-passa-a-ter-informacoes-de-onibus-em-tempo-real-para-usuarios\/\" \/>\n<meta property=\"og:site_name\" content=\"Brasil not\u00edcias\" \/>\n<meta property=\"article:published_time\" content=\"2026-03-19T13:05:41+00:00\" \/>\n<meta property=\"og:image\" content=\"https:\/\/brasilnoticias.org\/site\/wp-content\/uploads\/2026\/03\/estacao-da-lapa-passa-a-contar-com-informacoes-de-0138313200202603190933-ScaleDownProportional.webp\" \/>\n\t<meta property=\"og:image:width\" content=\"1111\" \/>\n\t<meta property=\"og:image:height\" content=\"720\" \/>\n\t<meta property=\"og:image:type\" content=\"image\/webp\" \/>\n<meta name=\"author\" content=\"Reda\u00e7\u00e3o\" \/>\n<meta name=\"twitter:card\" content=\"summary_large_image\" \/>\n<meta name=\"twitter:label1\" content=\"Escrito por\" \/>\n\t<meta name=\"twitter:data1\" content=\"Reda\u00e7\u00e3o\" \/>\n\t<meta name=\"twitter:label2\" content=\"Tempo estimado de leitura\" \/>\n\t<meta name=\"twitter:data2\" content=\"2 minutos\" \/>\n<script type=\"application\/ld+json\" class=\"yoast-schema-graph\">{\"@context\":\"https:\/\/schema.org\",\"@graph\":[{\"@type\":\"Article\",\"@id\":\"https:\/\/brasilnoticias.org\/site\/estacao-da-lapa-passa-a-ter-informacoes-de-onibus-em-tempo-real-para-usuarios\/#article\",\"isPartOf\":{\"@id\":\"https:\/\/brasilnoticias.org\/site\/estacao-da-lapa-passa-a-ter-informacoes-de-onibus-em-tempo-real-para-usuarios\/\"},\"author\":{\"name\":\"Reda\u00e7\u00e3o\",\"@id\":\"https:\/\/brasilnoticias.org\/site\/#\/schema\/person\/03bbbfe6c7634ad18c26444ea39049fa\"},\"headline\":\"Esta\u00e7\u00e3o da Lapa passa a ter informa\u00e7\u00f5es de \u00f4nibus em tempo real para usu\u00e1rios\",\"datePublished\":\"2026-03-19T13:05:41+00:00\",\"mainEntityOfPage\":{\"@id\":\"https:\/\/brasilnoticias.org\/site\/estacao-da-lapa-passa-a-ter-informacoes-de-onibus-em-tempo-real-para-usuarios\/\"},\"wordCount\":310,\"commentCount\":0,\"publisher\":{\"@id\":\"https:\/\/brasilnoticias.org\/site\/#organization\"},\"image\":{\"@id\":\"https:\/\/brasilnoticias.org\/site\/estacao-da-lapa-passa-a-ter-informacoes-de-onibus-em-tempo-real-para-usuarios\/#primaryimage\"},\"thumbnailUrl\":\"https:\/\/brasilnoticias.org\/site\/wp-content\/uploads\/2026\/03\/estacao-da-lapa-passa-a-contar-com-informacoes-de-0138313200202603190933-ScaleDownProportional.webp\",\"articleSection\":[\"Not\u00edcias\",\"\u00daltimas\"],\"inLanguage\":\"pt-PT\",\"potentialAction\":[{\"@type\":\"CommentAction\",\"name\":\"Comment\",\"target\":[\"https:\/\/brasilnoticias.org\/site\/estacao-da-lapa-passa-a-ter-informacoes-de-onibus-em-tempo-real-para-usuarios\/#respond\"]}]},{\"@type\":\"WebPage\",\"@id\":\"https:\/\/brasilnoticias.org\/site\/estacao-da-lapa-passa-a-ter-informacoes-de-onibus-em-tempo-real-para-usuarios\/\",\"url\":\"https:\/\/brasilnoticias.org\/site\/estacao-da-lapa-passa-a-ter-informacoes-de-onibus-em-tempo-real-para-usuarios\/\",\"name\":\"Esta\u00e7\u00e3o da Lapa passa a ter informa\u00e7\u00f5es de \u00f4nibus em tempo real para usu\u00e1rios - Brasil not\u00edcias\",\"isPartOf\":{\"@id\":\"https:\/\/brasilnoticias.org\/site\/#website\"},\"primaryImageOfPage\":{\"@id\":\"https:\/\/brasilnoticias.org\/site\/estacao-da-lapa-passa-a-ter-informacoes-de-onibus-em-tempo-real-para-usuarios\/#primaryimage\"},\"image\":{\"@id\":\"https:\/\/brasilnoticias.org\/site\/estacao-da-lapa-passa-a-ter-informacoes-de-onibus-em-tempo-real-para-usuarios\/#primaryimage\"},\"thumbnailUrl\":\"https:\/\/brasilnoticias.org\/site\/wp-content\/uploads\/2026\/03\/estacao-da-lapa-passa-a-contar-com-informacoes-de-0138313200202603190933-ScaleDownProportional.webp\",\"datePublished\":\"2026-03-19T13:05:41+00:00\",\"breadcrumb\":{\"@id\":\"https:\/\/brasilnoticias.org\/site\/estacao-da-lapa-passa-a-ter-informacoes-de-onibus-em-tempo-real-para-usuarios\/#breadcrumb\"},\"inLanguage\":\"pt-PT\",\"potentialAction\":[{\"@type\":\"ReadAction\",\"target\":[\"https:\/\/brasilnoticias.org\/site\/estacao-da-lapa-passa-a-ter-informacoes-de-onibus-em-tempo-real-para-usuarios\/\"]}]},{\"@type\":\"ImageObject\",\"inLanguage\":\"pt-PT\",\"@id\":\"https:\/\/brasilnoticias.org\/site\/estacao-da-lapa-passa-a-ter-informacoes-de-onibus-em-tempo-real-para-usuarios\/#primaryimage\",\"url\":\"https:\/\/brasilnoticias.org\/site\/wp-content\/uploads\/2026\/03\/estacao-da-lapa-passa-a-contar-com-informacoes-de-0138313200202603190933-ScaleDownProportional.webp\",\"contentUrl\":\"https:\/\/brasilnoticias.org\/site\/wp-content\/uploads\/2026\/03\/estacao-da-lapa-passa-a-contar-com-informacoes-de-0138313200202603190933-ScaleDownProportional.webp\",\"width\":1111,\"height\":720,\"caption\":\"Foto: Divulga\u00e7\u00e3o\/Semob\"},{\"@type\":\"BreadcrumbList\",\"@id\":\"https:\/\/brasilnoticias.org\/site\/estacao-da-lapa-passa-a-ter-informacoes-de-onibus-em-tempo-real-para-usuarios\/#breadcrumb\",\"itemListElement\":[{\"@type\":\"ListItem\",\"position\":1,\"name\":\"In\u00edcio\",\"item\":\"https:\/\/brasilnoticias.org\/site\/\"},{\"@type\":\"ListItem\",\"position\":2,\"name\":\"Esta\u00e7\u00e3o da Lapa passa a ter informa\u00e7\u00f5es de \u00f4nibus em tempo real para usu\u00e1rios\"}]},{\"@type\":\"WebSite\",\"@id\":\"https:\/\/brasilnoticias.org\/site\/#website\",\"url\":\"https:\/\/brasilnoticias.org\/site\/\",\"name\":\"Brasil not\u00edcias\",\"description\":\"Brasil not\u00edcias\",\"publisher\":{\"@id\":\"https:\/\/brasilnoticias.org\/site\/#organization\"},\"potentialAction\":[{\"@type\":\"SearchAction\",\"target\":{\"@type\":\"EntryPoint\",\"urlTemplate\":\"https:\/\/brasilnoticias.org\/site\/?s={search_term_string}\"},\"query-input\":{\"@type\":\"PropertyValueSpecification\",\"valueRequired\":true,\"valueName\":\"search_term_string\"}}],\"inLanguage\":\"pt-PT\"},{\"@type\":\"Organization\",\"@id\":\"https:\/\/brasilnoticias.org\/site\/#organization\",\"name\":\"Brasil not\u00edcias\",\"url\":\"https:\/\/brasilnoticias.org\/site\/\",\"logo\":{\"@type\":\"ImageObject\",\"inLanguage\":\"pt-PT\",\"@id\":\"https:\/\/brasilnoticias.org\/site\/#\/schema\/logo\/image\/\",\"url\":\"https:\/\/brasilnoticias.org\/site\/wp-content\/uploads\/2022\/05\/cropped-brasilnoticias-mini.jpg\",\"contentUrl\":\"https:\/\/brasilnoticias.org\/site\/wp-content\/uploads\/2022\/05\/cropped-brasilnoticias-mini.jpg\",\"width\":314,\"height\":86,\"caption\":\"Brasil not\u00edcias\"},\"image\":{\"@id\":\"https:\/\/brasilnoticias.org\/site\/#\/schema\/logo\/image\/\"}},{\"@type\":\"Person\",\"@id\":\"https:\/\/brasilnoticias.org\/site\/#\/schema\/person\/03bbbfe6c7634ad18c26444ea39049fa\",\"name\":\"Reda\u00e7\u00e3o\",\"image\":{\"@type\":\"ImageObject\",\"inLanguage\":\"pt-PT\",\"@id\":\"https:\/\/brasilnoticias.org\/site\/#\/schema\/person\/image\/\",\"url\":\"https:\/\/secure.gravatar.com\/avatar\/9ecaf7327a696cb23ad926fedded5f1f04d7049de9e445375d55b48c001a6e42?s=96&d=mm&r=g\",\"contentUrl\":\"https:\/\/secure.gravatar.com\/avatar\/9ecaf7327a696cb23ad926fedded5f1f04d7049de9e445375d55b48c001a6e42?s=96&d=mm&r=g\",\"caption\":\"Reda\u00e7\u00e3o\"},\"url\":\"https:\/\/brasilnoticias.org\/site\/author\/henrique\/\"}]}<\/script>\n<!-- \/ Yoast SEO plugin. -->","yoast_head_json":{"title":"Esta\u00e7\u00e3o da Lapa passa a ter informa\u00e7\u00f5es de \u00f4nibus em tempo real para usu\u00e1rios - Brasil not\u00edcias","robots":{"index":"index","follow":"follow","max-snippet":"max-snippet:-1","max-image-preview":"max-image-preview:large","max-video-preview":"max-video-preview:-1"},"canonical":"https:\/\/brasilnoticias.org\/site\/estacao-da-lapa-passa-a-ter-informacoes-de-onibus-em-tempo-real-para-usuarios\/","og_locale":"pt_PT","og_type":"article","og_title":"Esta\u00e7\u00e3o da Lapa passa a ter informa\u00e7\u00f5es de \u00f4nibus em tempo real para usu\u00e1rios - Brasil not\u00edcias","og_description":"Pain\u00e9is digitais mostram previs\u00e3o de chegada dos coletivos e prometem reduzir tempo de espera no principal terminal da capital. &nbsp;","og_url":"https:\/\/brasilnoticias.org\/site\/estacao-da-lapa-passa-a-ter-informacoes-de-onibus-em-tempo-real-para-usuarios\/","og_site_name":"Brasil not\u00edcias","article_published_time":"2026-03-19T13:05:41+00:00","og_image":[{"width":1111,"height":720,"url":"https:\/\/brasilnoticias.org\/site\/wp-content\/uploads\/2026\/03\/estacao-da-lapa-passa-a-contar-com-informacoes-de-0138313200202603190933-ScaleDownProportional.webp","type":"image\/webp"}],"author":"Reda\u00e7\u00e3o","twitter_card":"summary_large_image","twitter_misc":{"Escrito por":"Reda\u00e7\u00e3o","Tempo estimado de leitura":"2 minutos"},"schema":{"@context":"https:\/\/schema.org","@graph":[{"@type":"Article","@id":"https:\/\/brasilnoticias.org\/site\/estacao-da-lapa-passa-a-ter-informacoes-de-onibus-em-tempo-real-para-usuarios\/#article","isPartOf":{"@id":"https:\/\/brasilnoticias.org\/site\/estacao-da-lapa-passa-a-ter-informacoes-de-onibus-em-tempo-real-para-usuarios\/"},"author":{"name":"Reda\u00e7\u00e3o","@id":"https:\/\/brasilnoticias.org\/site\/#\/schema\/person\/03bbbfe6c7634ad18c26444ea39049fa"},"headline":"Esta\u00e7\u00e3o da Lapa passa a ter informa\u00e7\u00f5es de \u00f4nibus em tempo real para usu\u00e1rios","datePublished":"2026-03-19T13:05:41+00:00","mainEntityOfPage":{"@id":"https:\/\/brasilnoticias.org\/site\/estacao-da-lapa-passa-a-ter-informacoes-de-onibus-em-tempo-real-para-usuarios\/"},"wordCount":310,"commentCount":0,"publisher":{"@id":"https:\/\/brasilnoticias.org\/site\/#organization"},"image":{"@id":"https:\/\/brasilnoticias.org\/site\/estacao-da-lapa-passa-a-ter-informacoes-de-onibus-em-tempo-real-para-usuarios\/#primaryimage"},"thumbnailUrl":"https:\/\/brasilnoticias.org\/site\/wp-content\/uploads\/2026\/03\/estacao-da-lapa-passa-a-contar-com-informacoes-de-0138313200202603190933-ScaleDownProportional.webp","articleSection":["Not\u00edcias","\u00daltimas"],"inLanguage":"pt-PT","potentialAction":[{"@type":"CommentAction","name":"Comment","target":["https:\/\/brasilnoticias.org\/site\/estacao-da-lapa-passa-a-ter-informacoes-de-onibus-em-tempo-real-para-usuarios\/#respond"]}]},{"@type":"WebPage","@id":"https:\/\/brasilnoticias.org\/site\/estacao-da-lapa-passa-a-ter-informacoes-de-onibus-em-tempo-real-para-usuarios\/","url":"https:\/\/brasilnoticias.org\/site\/estacao-da-lapa-passa-a-ter-informacoes-de-onibus-em-tempo-real-para-usuarios\/","name":"Esta\u00e7\u00e3o da Lapa passa a ter informa\u00e7\u00f5es de \u00f4nibus em tempo real para usu\u00e1rios - Brasil not\u00edcias","isPartOf":{"@id":"https:\/\/brasilnoticias.org\/site\/#website"},"primaryImageOfPage":{"@id":"https:\/\/brasilnoticias.org\/site\/estacao-da-lapa-passa-a-ter-informacoes-de-onibus-em-tempo-real-para-usuarios\/#primaryimage"},"image":{"@id":"https:\/\/brasilnoticias.org\/site\/estacao-da-lapa-passa-a-ter-informacoes-de-onibus-em-tempo-real-para-usuarios\/#primaryimage"},"thumbnailUrl":"https:\/\/brasilnoticias.org\/site\/wp-content\/uploads\/2026\/03\/estacao-da-lapa-passa-a-contar-com-informacoes-de-0138313200202603190933-ScaleDownProportional.webp","datePublished":"2026-03-19T13:05:41+00:00","breadcrumb":{"@id":"https:\/\/brasilnoticias.org\/site\/estacao-da-lapa-passa-a-ter-informacoes-de-onibus-em-tempo-real-para-usuarios\/#breadcrumb"},"inLanguage":"pt-PT","potentialAction":[{"@type":"ReadAction","target":["https:\/\/brasilnoticias.org\/site\/estacao-da-lapa-passa-a-ter-informacoes-de-onibus-em-tempo-real-para-usuarios\/"]}]},{"@type":"ImageObject","inLanguage":"pt-PT","@id":"https:\/\/brasilnoticias.org\/site\/estacao-da-lapa-passa-a-ter-informacoes-de-onibus-em-tempo-real-para-usuarios\/#primaryimage","url":"https:\/\/brasilnoticias.org\/site\/wp-content\/uploads\/2026\/03\/estacao-da-lapa-passa-a-contar-com-informacoes-de-0138313200202603190933-ScaleDownProportional.webp","contentUrl":"https:\/\/brasilnoticias.org\/site\/wp-content\/uploads\/2026\/03\/estacao-da-lapa-passa-a-contar-com-informacoes-de-0138313200202603190933-ScaleDownProportional.webp","width":1111,"height":720,"caption":"Foto: Divulga\u00e7\u00e3o\/Semob"},{"@type":"BreadcrumbList","@id":"https:\/\/brasilnoticias.org\/site\/estacao-da-lapa-passa-a-ter-informacoes-de-onibus-em-tempo-real-para-usuarios\/#breadcrumb","itemListElement":[{"@type":"ListItem","position":1,"name":"In\u00edcio","item":"https:\/\/brasilnoticias.org\/site\/"},{"@type":"ListItem","position":2,"name":"Esta\u00e7\u00e3o da Lapa passa a ter informa\u00e7\u00f5es de \u00f4nibus em tempo real para usu\u00e1rios"}]},{"@type":"WebSite","@id":"https:\/\/brasilnoticias.org\/site\/#website","url":"https:\/\/brasilnoticias.org\/site\/","name":"Brasil not\u00edcias","description":"Brasil not\u00edcias","publisher":{"@id":"https:\/\/brasilnoticias.org\/site\/#organization"},"potentialAction":[{"@type":"SearchAction","target":{"@type":"EntryPoint","urlTemplate":"https:\/\/brasilnoticias.org\/site\/?s={search_term_string}"},"query-input":{"@type":"PropertyValueSpecification","valueRequired":true,"valueName":"search_term_string"}}],"inLanguage":"pt-PT"},{"@type":"Organization","@id":"https:\/\/brasilnoticias.org\/site\/#organization","name":"Brasil not\u00edcias","url":"https:\/\/brasilnoticias.org\/site\/","logo":{"@type":"ImageObject","inLanguage":"pt-PT","@id":"https:\/\/brasilnoticias.org\/site\/#\/schema\/logo\/image\/","url":"https:\/\/brasilnoticias.org\/site\/wp-content\/uploads\/2022\/05\/cropped-brasilnoticias-mini.jpg","contentUrl":"https:\/\/brasilnoticias.org\/site\/wp-content\/uploads\/2022\/05\/cropped-brasilnoticias-mini.jpg","width":314,"height":86,"caption":"Brasil not\u00edcias"},"image":{"@id":"https:\/\/brasilnoticias.org\/site\/#\/schema\/logo\/image\/"}},{"@type":"Person","@id":"https:\/\/brasilnoticias.org\/site\/#\/schema\/person\/03bbbfe6c7634ad18c26444ea39049fa","name":"Reda\u00e7\u00e3o","image":{"@type":"ImageObject","inLanguage":"pt-PT","@id":"https:\/\/brasilnoticias.org\/site\/#\/schema\/person\/image\/","url":"https:\/\/secure.gravatar.com\/avatar\/9ecaf7327a696cb23ad926fedded5f1f04d7049de9e445375d55b48c001a6e42?s=96&d=mm&r=g","contentUrl":"https:\/\/secure.gravatar.com\/avatar\/9ecaf7327a696cb23ad926fedded5f1f04d7049de9e445375d55b48c001a6e42?s=96&d=mm&r=g","caption":"Reda\u00e7\u00e3o"},"url":"https:\/\/brasilnoticias.org\/site\/author\/henrique\/"}]}},"_links":{"self":[{"href":"https:\/\/brasilnoticias.org\/site\/wp-json\/wp\/v2\/posts\/21062","targetHints":{"allow":["GET"]}}],"collection":[{"href":"https:\/\/brasilnoticias.org\/site\/wp-json\/wp\/v2\/posts"}],"about":[{"href":"https:\/\/brasilnoticias.org\/site\/wp-json\/wp\/v2\/types\/post"}],"author":[{"embeddable":true,"href":"https:\/\/brasilnoticias.org\/site\/wp-json\/wp\/v2\/users\/4"}],"replies":[{"embeddable":true,"href":"https:\/\/brasilnoticias.org\/site\/wp-json\/wp\/v2\/comments?post=21062"}],"version-history":[{"count":1,"href":"https:\/\/brasilnoticias.org\/site\/wp-json\/wp\/v2\/posts\/21062\/revisions"}],"predecessor-version":[{"id":21064,"href":"https:\/\/brasilnoticias.org\/site\/wp-json\/wp\/v2\/posts\/21062\/revisions\/21064"}],"wp:featuredmedia":[{"embeddable":true,"href":"https:\/\/brasilnoticias.org\/site\/wp-json\/wp\/v2\/media\/21063"}],"wp:attachment":[{"href":"https:\/\/brasilnoticias.org\/site\/wp-json\/wp\/v2\/media?parent=21062"}],"wp:term":[{"taxonomy":"category","embeddable":true,"href":"https:\/\/brasilnoticias.org\/site\/wp-json\/wp\/v2\/categories?post=21062"},{"taxonomy":"post_tag","embeddable":true,"href":"https:\/\/brasilnoticias.org\/site\/wp-json\/wp\/v2\/tags?post=21062"}],"curies":[{"name":"wp","href":"https:\/\/api.w.org\/{rel}","templated":true}]}}