{"id":21075,"date":"2026-03-20T07:44:35","date_gmt":"2026-03-20T10:44:35","guid":{"rendered":"https:\/\/brasilnoticias.org\/site\/?p=21075"},"modified":"2026-03-20T07:44:35","modified_gmt":"2026-03-20T10:44:35","slug":"video-jogador-do-gremio-sofre-lesao-grave-em-jogo-contra-o-vitoria-e-cena-choca-torcida","status":"publish","type":"post","link":"https:\/\/brasilnoticias.org\/site\/video-jogador-do-gremio-sofre-lesao-grave-em-jogo-contra-o-vitoria-e-cena-choca-torcida\/","title":{"rendered":"V\u00eddeo: jogador do Gr\u00eamio sofre les\u00e3o grave em jogo contra o Vit\u00f3ria e cena choca torcida"},"content":{"rendered":"<p data-start=\"319\" data-end=\"539\">A vit\u00f3ria do Gr\u00eamio por 2 a 0 sobre o Vit\u00f3ria, na Arena do Gr\u00eamio, acabou marcada por um momento de grande preocupa\u00e7\u00e3o: a grave les\u00e3o do lateral Marlon, registrada em v\u00eddeo e que rapidamente repercutiu nas redes sociais.<\/p>\n<p data-start=\"541\" data-end=\"799\">O lance aconteceu no segundo tempo, ap\u00f3s uma dividida. O jogador caiu de forma irregular e sofreu uma fratura s\u00e9ria no tornozelo, gerando desespero imediato dentro de campo. Atletas das duas equipes se assustaram com a cena, e alguns chegaram a se emocionar.<\/p>\n<p data-start=\"801\" data-end=\"849\">\ud83d\udcf2 <strong data-start=\"804\" data-end=\"849\">VEJA O V\u00cdDEO DO LANCE NO FINAL DA MAT\u00c9RIA<br \/>\n<iframe loading=\"lazy\" width=\"780\" height=\"439\" src=\"https:\/\/www.youtube.com\/embed\/qGYb4W3Lm5c\" title=\"LES\u00c3O DE MARLON \u00c9 ASSUSTADORA! JOGADOR DO GR\u00caMIO QUEBRA A PERNA\" frameborder=\"0\" allow=\"accelerometer; autoplay; clipboard-write; encrypted-media; gyroscope; picture-in-picture; web-share\" referrerpolicy=\"strict-origin-when-cross-origin\" allowfullscreen><\/iframe><br \/>\n<\/strong><\/p>\n<p data-start=\"851\" data-end=\"1048\">Marlon recebeu atendimento m\u00e9dico ainda no gramado e precisou ser retirado de ambul\u00e2ncia, com a perna imobilizada. A torcida presente no est\u00e1dio reagiu com aplausos e mensagens de apoio ao jogador.<\/p>\n<p data-start=\"1050\" data-end=\"1264\">O clima no jogo mudou completamente ap\u00f3s o ocorrido, ofuscando inclusive o resultado positivo do time ga\u00facho. Posteriormente, foi confirmado que o atleta passar\u00e1 por cirurgia e deve ficar afastado por alguns meses.<\/p>\n<p data-start=\"1266\" data-end=\"1346\">O Vit\u00f3ria tamb\u00e9m se manifestou, prestando solidariedade ao jogador ap\u00f3s o lance.<\/p>\n","protected":false},"excerpt":{"rendered":"<p>A vit\u00f3ria do Gr\u00eamio por 2 a 0 sobre o Vit\u00f3ria, na Arena do Gr\u00eamio, acabou marcada por um momento<\/p>\n","protected":false},"author":4,"featured_media":21077,"comment_status":"open","ping_status":"open","sticky":false,"template":"","format":"standard","meta":{"colormag_page_container_layout":"default_layout","colormag_page_sidebar_layout":"default_layout","_FSMCFIC_featured_image_caption":"","_FSMCFIC_featured_image_nocaption":"","_FSMCFIC_featured_image_hide":"","footnotes":""},"categories":[4,1],"tags":[],"class_list":["post-21075","post","type-post","status-publish","format-standard","has-post-thumbnail","hentry","category-esporte","category-ultimas"],"yoast_head":"<!-- This site is optimized with the Yoast SEO plugin v27.1.1 - https:\/\/yoast.com\/product\/yoast-seo-wordpress\/ -->\n<title>V\u00eddeo: jogador do Gr\u00eamio sofre les\u00e3o grave em jogo contra o Vit\u00f3ria e cena choca torcida - Brasil not\u00edcias<\/title>\n<meta name=\"robots\" content=\"index, follow, max-snippet:-1, max-image-preview:large, max-video-preview:-1\" \/>\n<link rel=\"canonical\" href=\"https:\/\/brasilnoticias.org\/site\/video-jogador-do-gremio-sofre-lesao-grave-em-jogo-contra-o-vitoria-e-cena-choca-torcida\/\" \/>\n<meta property=\"og:locale\" content=\"pt_PT\" \/>\n<meta property=\"og:type\" content=\"article\" \/>\n<meta property=\"og:title\" content=\"V\u00eddeo: jogador do Gr\u00eamio sofre les\u00e3o grave em jogo contra o Vit\u00f3ria e cena choca torcida - Brasil not\u00edcias\" \/>\n<meta property=\"og:description\" content=\"A vit\u00f3ria do Gr\u00eamio por 2 a 0 sobre o Vit\u00f3ria, na Arena do Gr\u00eamio, acabou marcada por um momento\" \/>\n<meta property=\"og:url\" content=\"https:\/\/brasilnoticias.org\/site\/video-jogador-do-gremio-sofre-lesao-grave-em-jogo-contra-o-vitoria-e-cena-choca-torcida\/\" \/>\n<meta property=\"og:site_name\" content=\"Brasil not\u00edcias\" \/>\n<meta property=\"article:published_time\" content=\"2026-03-20T10:44:35+00:00\" \/>\n<meta property=\"og:image\" content=\"https:\/\/brasilnoticias.org\/site\/wp-content\/uploads\/2026\/03\/marlon2-1920x1280-1.webp\" \/>\n\t<meta property=\"og:image:width\" content=\"850\" \/>\n\t<meta property=\"og:image:height\" content=\"566\" \/>\n\t<meta property=\"og:image:type\" content=\"image\/webp\" \/>\n<meta name=\"author\" content=\"Reda\u00e7\u00e3o\" \/>\n<meta name=\"twitter:card\" content=\"summary_large_image\" \/>\n<meta name=\"twitter:label1\" content=\"Escrito por\" \/>\n\t<meta name=\"twitter:data1\" content=\"Reda\u00e7\u00e3o\" \/>\n\t<meta name=\"twitter:label2\" content=\"Tempo estimado de leitura\" \/>\n\t<meta name=\"twitter:data2\" content=\"1 minuto\" \/>\n<script type=\"application\/ld+json\" class=\"yoast-schema-graph\">{\"@context\":\"https:\/\/schema.org\",\"@graph\":[{\"@type\":\"Article\",\"@id\":\"https:\/\/brasilnoticias.org\/site\/video-jogador-do-gremio-sofre-lesao-grave-em-jogo-contra-o-vitoria-e-cena-choca-torcida\/#article\",\"isPartOf\":{\"@id\":\"https:\/\/brasilnoticias.org\/site\/video-jogador-do-gremio-sofre-lesao-grave-em-jogo-contra-o-vitoria-e-cena-choca-torcida\/\"},\"author\":{\"name\":\"Reda\u00e7\u00e3o\",\"@id\":\"https:\/\/brasilnoticias.org\/site\/#\/schema\/person\/03bbbfe6c7634ad18c26444ea39049fa\"},\"headline\":\"V\u00eddeo: jogador do Gr\u00eamio sofre les\u00e3o grave em jogo contra o Vit\u00f3ria e cena choca torcida\",\"datePublished\":\"2026-03-20T10:44:35+00:00\",\"mainEntityOfPage\":{\"@id\":\"https:\/\/brasilnoticias.org\/site\/video-jogador-do-gremio-sofre-lesao-grave-em-jogo-contra-o-vitoria-e-cena-choca-torcida\/\"},\"wordCount\":204,\"commentCount\":0,\"publisher\":{\"@id\":\"https:\/\/brasilnoticias.org\/site\/#organization\"},\"image\":{\"@id\":\"https:\/\/brasilnoticias.org\/site\/video-jogador-do-gremio-sofre-lesao-grave-em-jogo-contra-o-vitoria-e-cena-choca-torcida\/#primaryimage\"},\"thumbnailUrl\":\"https:\/\/brasilnoticias.org\/site\/wp-content\/uploads\/2026\/03\/marlon2-1920x1280-1.webp\",\"articleSection\":[\"Esporte\",\"\u00daltimas\"],\"inLanguage\":\"pt-PT\",\"potentialAction\":[{\"@type\":\"CommentAction\",\"name\":\"Comment\",\"target\":[\"https:\/\/brasilnoticias.org\/site\/video-jogador-do-gremio-sofre-lesao-grave-em-jogo-contra-o-vitoria-e-cena-choca-torcida\/#respond\"]}]},{\"@type\":\"WebPage\",\"@id\":\"https:\/\/brasilnoticias.org\/site\/video-jogador-do-gremio-sofre-lesao-grave-em-jogo-contra-o-vitoria-e-cena-choca-torcida\/\",\"url\":\"https:\/\/brasilnoticias.org\/site\/video-jogador-do-gremio-sofre-lesao-grave-em-jogo-contra-o-vitoria-e-cena-choca-torcida\/\",\"name\":\"V\u00eddeo: jogador do Gr\u00eamio sofre les\u00e3o grave em jogo contra o Vit\u00f3ria e cena choca torcida - Brasil not\u00edcias\",\"isPartOf\":{\"@id\":\"https:\/\/brasilnoticias.org\/site\/#website\"},\"primaryImageOfPage\":{\"@id\":\"https:\/\/brasilnoticias.org\/site\/video-jogador-do-gremio-sofre-lesao-grave-em-jogo-contra-o-vitoria-e-cena-choca-torcida\/#primaryimage\"},\"image\":{\"@id\":\"https:\/\/brasilnoticias.org\/site\/video-jogador-do-gremio-sofre-lesao-grave-em-jogo-contra-o-vitoria-e-cena-choca-torcida\/#primaryimage\"},\"thumbnailUrl\":\"https:\/\/brasilnoticias.org\/site\/wp-content\/uploads\/2026\/03\/marlon2-1920x1280-1.webp\",\"datePublished\":\"2026-03-20T10:44:35+00:00\",\"breadcrumb\":{\"@id\":\"https:\/\/brasilnoticias.org\/site\/video-jogador-do-gremio-sofre-lesao-grave-em-jogo-contra-o-vitoria-e-cena-choca-torcida\/#breadcrumb\"},\"inLanguage\":\"pt-PT\",\"potentialAction\":[{\"@type\":\"ReadAction\",\"target\":[\"https:\/\/brasilnoticias.org\/site\/video-jogador-do-gremio-sofre-lesao-grave-em-jogo-contra-o-vitoria-e-cena-choca-torcida\/\"]}]},{\"@type\":\"ImageObject\",\"inLanguage\":\"pt-PT\",\"@id\":\"https:\/\/brasilnoticias.org\/site\/video-jogador-do-gremio-sofre-lesao-grave-em-jogo-contra-o-vitoria-e-cena-choca-torcida\/#primaryimage\",\"url\":\"https:\/\/brasilnoticias.org\/site\/wp-content\/uploads\/2026\/03\/marlon2-1920x1280-1.webp\",\"contentUrl\":\"https:\/\/brasilnoticias.org\/site\/wp-content\/uploads\/2026\/03\/marlon2-1920x1280-1.webp\",\"width\":850,\"height\":566,\"caption\":\"Foto: Elton Silveira\/W9 PRESS\/Gazeta Press\"},{\"@type\":\"BreadcrumbList\",\"@id\":\"https:\/\/brasilnoticias.org\/site\/video-jogador-do-gremio-sofre-lesao-grave-em-jogo-contra-o-vitoria-e-cena-choca-torcida\/#breadcrumb\",\"itemListElement\":[{\"@type\":\"ListItem\",\"position\":1,\"name\":\"In\u00edcio\",\"item\":\"https:\/\/brasilnoticias.org\/site\/\"},{\"@type\":\"ListItem\",\"position\":2,\"name\":\"V\u00eddeo: jogador do Gr\u00eamio sofre les\u00e3o grave em jogo contra o Vit\u00f3ria e cena choca torcida\"}]},{\"@type\":\"WebSite\",\"@id\":\"https:\/\/brasilnoticias.org\/site\/#website\",\"url\":\"https:\/\/brasilnoticias.org\/site\/\",\"name\":\"Brasil not\u00edcias\",\"description\":\"Brasil not\u00edcias\",\"publisher\":{\"@id\":\"https:\/\/brasilnoticias.org\/site\/#organization\"},\"potentialAction\":[{\"@type\":\"SearchAction\",\"target\":{\"@type\":\"EntryPoint\",\"urlTemplate\":\"https:\/\/brasilnoticias.org\/site\/?s={search_term_string}\"},\"query-input\":{\"@type\":\"PropertyValueSpecification\",\"valueRequired\":true,\"valueName\":\"search_term_string\"}}],\"inLanguage\":\"pt-PT\"},{\"@type\":\"Organization\",\"@id\":\"https:\/\/brasilnoticias.org\/site\/#organization\",\"name\":\"Brasil not\u00edcias\",\"url\":\"https:\/\/brasilnoticias.org\/site\/\",\"logo\":{\"@type\":\"ImageObject\",\"inLanguage\":\"pt-PT\",\"@id\":\"https:\/\/brasilnoticias.org\/site\/#\/schema\/logo\/image\/\",\"url\":\"https:\/\/brasilnoticias.org\/site\/wp-content\/uploads\/2022\/05\/cropped-brasilnoticias-mini.jpg\",\"contentUrl\":\"https:\/\/brasilnoticias.org\/site\/wp-content\/uploads\/2022\/05\/cropped-brasilnoticias-mini.jpg\",\"width\":314,\"height\":86,\"caption\":\"Brasil not\u00edcias\"},\"image\":{\"@id\":\"https:\/\/brasilnoticias.org\/site\/#\/schema\/logo\/image\/\"}},{\"@type\":\"Person\",\"@id\":\"https:\/\/brasilnoticias.org\/site\/#\/schema\/person\/03bbbfe6c7634ad18c26444ea39049fa\",\"name\":\"Reda\u00e7\u00e3o\",\"image\":{\"@type\":\"ImageObject\",\"inLanguage\":\"pt-PT\",\"@id\":\"https:\/\/brasilnoticias.org\/site\/#\/schema\/person\/image\/\",\"url\":\"https:\/\/secure.gravatar.com\/avatar\/9ecaf7327a696cb23ad926fedded5f1f04d7049de9e445375d55b48c001a6e42?s=96&d=mm&r=g\",\"contentUrl\":\"https:\/\/secure.gravatar.com\/avatar\/9ecaf7327a696cb23ad926fedded5f1f04d7049de9e445375d55b48c001a6e42?s=96&d=mm&r=g\",\"caption\":\"Reda\u00e7\u00e3o\"},\"url\":\"https:\/\/brasilnoticias.org\/site\/author\/henrique\/\"}]}<\/script>\n<!-- \/ Yoast SEO plugin. -->","yoast_head_json":{"title":"V\u00eddeo: jogador do Gr\u00eamio sofre les\u00e3o grave em jogo contra o Vit\u00f3ria e cena choca torcida - Brasil not\u00edcias","robots":{"index":"index","follow":"follow","max-snippet":"max-snippet:-1","max-image-preview":"max-image-preview:large","max-video-preview":"max-video-preview:-1"},"canonical":"https:\/\/brasilnoticias.org\/site\/video-jogador-do-gremio-sofre-lesao-grave-em-jogo-contra-o-vitoria-e-cena-choca-torcida\/","og_locale":"pt_PT","og_type":"article","og_title":"V\u00eddeo: jogador do Gr\u00eamio sofre les\u00e3o grave em jogo contra o Vit\u00f3ria e cena choca torcida - Brasil not\u00edcias","og_description":"A vit\u00f3ria do Gr\u00eamio por 2 a 0 sobre o Vit\u00f3ria, na Arena do Gr\u00eamio, acabou marcada por um momento","og_url":"https:\/\/brasilnoticias.org\/site\/video-jogador-do-gremio-sofre-lesao-grave-em-jogo-contra-o-vitoria-e-cena-choca-torcida\/","og_site_name":"Brasil not\u00edcias","article_published_time":"2026-03-20T10:44:35+00:00","og_image":[{"width":850,"height":566,"url":"https:\/\/brasilnoticias.org\/site\/wp-content\/uploads\/2026\/03\/marlon2-1920x1280-1.webp","type":"image\/webp"}],"author":"Reda\u00e7\u00e3o","twitter_card":"summary_large_image","twitter_misc":{"Escrito por":"Reda\u00e7\u00e3o","Tempo estimado de leitura":"1 minuto"},"schema":{"@context":"https:\/\/schema.org","@graph":[{"@type":"Article","@id":"https:\/\/brasilnoticias.org\/site\/video-jogador-do-gremio-sofre-lesao-grave-em-jogo-contra-o-vitoria-e-cena-choca-torcida\/#article","isPartOf":{"@id":"https:\/\/brasilnoticias.org\/site\/video-jogador-do-gremio-sofre-lesao-grave-em-jogo-contra-o-vitoria-e-cena-choca-torcida\/"},"author":{"name":"Reda\u00e7\u00e3o","@id":"https:\/\/brasilnoticias.org\/site\/#\/schema\/person\/03bbbfe6c7634ad18c26444ea39049fa"},"headline":"V\u00eddeo: jogador do Gr\u00eamio sofre les\u00e3o grave em jogo contra o Vit\u00f3ria e cena choca torcida","datePublished":"2026-03-20T10:44:35+00:00","mainEntityOfPage":{"@id":"https:\/\/brasilnoticias.org\/site\/video-jogador-do-gremio-sofre-lesao-grave-em-jogo-contra-o-vitoria-e-cena-choca-torcida\/"},"wordCount":204,"commentCount":0,"publisher":{"@id":"https:\/\/brasilnoticias.org\/site\/#organization"},"image":{"@id":"https:\/\/brasilnoticias.org\/site\/video-jogador-do-gremio-sofre-lesao-grave-em-jogo-contra-o-vitoria-e-cena-choca-torcida\/#primaryimage"},"thumbnailUrl":"https:\/\/brasilnoticias.org\/site\/wp-content\/uploads\/2026\/03\/marlon2-1920x1280-1.webp","articleSection":["Esporte","\u00daltimas"],"inLanguage":"pt-PT","potentialAction":[{"@type":"CommentAction","name":"Comment","target":["https:\/\/brasilnoticias.org\/site\/video-jogador-do-gremio-sofre-lesao-grave-em-jogo-contra-o-vitoria-e-cena-choca-torcida\/#respond"]}]},{"@type":"WebPage","@id":"https:\/\/brasilnoticias.org\/site\/video-jogador-do-gremio-sofre-lesao-grave-em-jogo-contra-o-vitoria-e-cena-choca-torcida\/","url":"https:\/\/brasilnoticias.org\/site\/video-jogador-do-gremio-sofre-lesao-grave-em-jogo-contra-o-vitoria-e-cena-choca-torcida\/","name":"V\u00eddeo: jogador do Gr\u00eamio sofre les\u00e3o grave em jogo contra o Vit\u00f3ria e cena choca torcida - Brasil not\u00edcias","isPartOf":{"@id":"https:\/\/brasilnoticias.org\/site\/#website"},"primaryImageOfPage":{"@id":"https:\/\/brasilnoticias.org\/site\/video-jogador-do-gremio-sofre-lesao-grave-em-jogo-contra-o-vitoria-e-cena-choca-torcida\/#primaryimage"},"image":{"@id":"https:\/\/brasilnoticias.org\/site\/video-jogador-do-gremio-sofre-lesao-grave-em-jogo-contra-o-vitoria-e-cena-choca-torcida\/#primaryimage"},"thumbnailUrl":"https:\/\/brasilnoticias.org\/site\/wp-content\/uploads\/2026\/03\/marlon2-1920x1280-1.webp","datePublished":"2026-03-20T10:44:35+00:00","breadcrumb":{"@id":"https:\/\/brasilnoticias.org\/site\/video-jogador-do-gremio-sofre-lesao-grave-em-jogo-contra-o-vitoria-e-cena-choca-torcida\/#breadcrumb"},"inLanguage":"pt-PT","potentialAction":[{"@type":"ReadAction","target":["https:\/\/brasilnoticias.org\/site\/video-jogador-do-gremio-sofre-lesao-grave-em-jogo-contra-o-vitoria-e-cena-choca-torcida\/"]}]},{"@type":"ImageObject","inLanguage":"pt-PT","@id":"https:\/\/brasilnoticias.org\/site\/video-jogador-do-gremio-sofre-lesao-grave-em-jogo-contra-o-vitoria-e-cena-choca-torcida\/#primaryimage","url":"https:\/\/brasilnoticias.org\/site\/wp-content\/uploads\/2026\/03\/marlon2-1920x1280-1.webp","contentUrl":"https:\/\/brasilnoticias.org\/site\/wp-content\/uploads\/2026\/03\/marlon2-1920x1280-1.webp","width":850,"height":566,"caption":"Foto: Elton Silveira\/W9 PRESS\/Gazeta Press"},{"@type":"BreadcrumbList","@id":"https:\/\/brasilnoticias.org\/site\/video-jogador-do-gremio-sofre-lesao-grave-em-jogo-contra-o-vitoria-e-cena-choca-torcida\/#breadcrumb","itemListElement":[{"@type":"ListItem","position":1,"name":"In\u00edcio","item":"https:\/\/brasilnoticias.org\/site\/"},{"@type":"ListItem","position":2,"name":"V\u00eddeo: jogador do Gr\u00eamio sofre les\u00e3o grave em jogo contra o Vit\u00f3ria e cena choca torcida"}]},{"@type":"WebSite","@id":"https:\/\/brasilnoticias.org\/site\/#website","url":"https:\/\/brasilnoticias.org\/site\/","name":"Brasil not\u00edcias","description":"Brasil not\u00edcias","publisher":{"@id":"https:\/\/brasilnoticias.org\/site\/#organization"},"potentialAction":[{"@type":"SearchAction","target":{"@type":"EntryPoint","urlTemplate":"https:\/\/brasilnoticias.org\/site\/?s={search_term_string}"},"query-input":{"@type":"PropertyValueSpecification","valueRequired":true,"valueName":"search_term_string"}}],"inLanguage":"pt-PT"},{"@type":"Organization","@id":"https:\/\/brasilnoticias.org\/site\/#organization","name":"Brasil not\u00edcias","url":"https:\/\/brasilnoticias.org\/site\/","logo":{"@type":"ImageObject","inLanguage":"pt-PT","@id":"https:\/\/brasilnoticias.org\/site\/#\/schema\/logo\/image\/","url":"https:\/\/brasilnoticias.org\/site\/wp-content\/uploads\/2022\/05\/cropped-brasilnoticias-mini.jpg","contentUrl":"https:\/\/brasilnoticias.org\/site\/wp-content\/uploads\/2022\/05\/cropped-brasilnoticias-mini.jpg","width":314,"height":86,"caption":"Brasil not\u00edcias"},"image":{"@id":"https:\/\/brasilnoticias.org\/site\/#\/schema\/logo\/image\/"}},{"@type":"Person","@id":"https:\/\/brasilnoticias.org\/site\/#\/schema\/person\/03bbbfe6c7634ad18c26444ea39049fa","name":"Reda\u00e7\u00e3o","image":{"@type":"ImageObject","inLanguage":"pt-PT","@id":"https:\/\/brasilnoticias.org\/site\/#\/schema\/person\/image\/","url":"https:\/\/secure.gravatar.com\/avatar\/9ecaf7327a696cb23ad926fedded5f1f04d7049de9e445375d55b48c001a6e42?s=96&d=mm&r=g","contentUrl":"https:\/\/secure.gravatar.com\/avatar\/9ecaf7327a696cb23ad926fedded5f1f04d7049de9e445375d55b48c001a6e42?s=96&d=mm&r=g","caption":"Reda\u00e7\u00e3o"},"url":"https:\/\/brasilnoticias.org\/site\/author\/henrique\/"}]}},"_links":{"self":[{"href":"https:\/\/brasilnoticias.org\/site\/wp-json\/wp\/v2\/posts\/21075","targetHints":{"allow":["GET"]}}],"collection":[{"href":"https:\/\/brasilnoticias.org\/site\/wp-json\/wp\/v2\/posts"}],"about":[{"href":"https:\/\/brasilnoticias.org\/site\/wp-json\/wp\/v2\/types\/post"}],"author":[{"embeddable":true,"href":"https:\/\/brasilnoticias.org\/site\/wp-json\/wp\/v2\/users\/4"}],"replies":[{"embeddable":true,"href":"https:\/\/brasilnoticias.org\/site\/wp-json\/wp\/v2\/comments?post=21075"}],"version-history":[{"count":1,"href":"https:\/\/brasilnoticias.org\/site\/wp-json\/wp\/v2\/posts\/21075\/revisions"}],"predecessor-version":[{"id":21078,"href":"https:\/\/brasilnoticias.org\/site\/wp-json\/wp\/v2\/posts\/21075\/revisions\/21078"}],"wp:featuredmedia":[{"embeddable":true,"href":"https:\/\/brasilnoticias.org\/site\/wp-json\/wp\/v2\/media\/21077"}],"wp:attachment":[{"href":"https:\/\/brasilnoticias.org\/site\/wp-json\/wp\/v2\/media?parent=21075"}],"wp:term":[{"taxonomy":"category","embeddable":true,"href":"https:\/\/brasilnoticias.org\/site\/wp-json\/wp\/v2\/categories?post=21075"},{"taxonomy":"post_tag","embeddable":true,"href":"https:\/\/brasilnoticias.org\/site\/wp-json\/wp\/v2\/tags?post=21075"}],"curies":[{"name":"wp","href":"https:\/\/api.w.org\/{rel}","templated":true}]}}