{"id":21085,"date":"2026-03-20T08:31:09","date_gmt":"2026-03-20T11:31:09","guid":{"rendered":"https:\/\/brasilnoticias.org\/site\/?p=21085"},"modified":"2026-03-20T08:31:09","modified_gmt":"2026-03-20T11:31:09","slug":"caminhoneiros-adiam-greve-nacional-apos-nova-regra-do-frete-e-aguardam-governo","status":"publish","type":"post","link":"https:\/\/brasilnoticias.org\/site\/caminhoneiros-adiam-greve-nacional-apos-nova-regra-do-frete-e-aguardam-governo\/","title":{"rendered":"Caminhoneiros adiam greve nacional ap\u00f3s nova regra do frete e aguardam governo"},"content":{"rendered":"<p>Caminhoneiros de diferentes regi\u00f5es do pa\u00eds decidiram adiar a greve nacional que vinha sendo articulada nos \u00faltimos dias, ap\u00f3s o governo federal anunciar novas regras para o setor de transporte de cargas.<\/p>\n<p>A decis\u00e3o foi tomada em reuni\u00e3o de lideran\u00e7as da categoria nesta quinta-feira (19), que optaram por dar um prazo para avaliar as medidas antes de qualquer paralisa\u00e7\u00e3o. Apesar do adiamento, o movimento segue em estado de alerta e pode retomar a mobiliza\u00e7\u00e3o caso as propostas n\u00e3o atendam \u00e0s reivindica\u00e7\u00f5es.<\/p>\n<p>Nova regra do frete pesou na decis\u00e3o<\/p>\n<p>O principal fator para o recuo foi a publica\u00e7\u00e3o de uma medida provis\u00f3ria que endurece a fiscaliza\u00e7\u00e3o do piso m\u00ednimo do frete no Brasil. A nova regra prev\u00ea multas que podem chegar a milh\u00f5es de reais para empresas que descumprirem os valores obrigat\u00f3rios.<\/p>\n<p>Al\u00e9m disso, o governo determinou maior controle sobre as opera\u00e7\u00f5es de transporte, com registro obrigat\u00f3rio de fretes e possibilidade de bloqueio de contratos irregulares, o que foi visto como um avan\u00e7o pela categoria.<\/p>\n<p>Categoria ainda cobra mudan\u00e7as<\/p>\n<p>Mesmo com o adiamento da greve, caminhoneiros afirmam que ainda h\u00e1 pontos a serem discutidos. Entre as principais reivindica\u00e7\u00f5es est\u00e3o:<\/p>\n<p>Cumprimento efetivo do piso do frete<\/p>\n<p>Redu\u00e7\u00e3o dos custos com diesel<\/p>\n<p>Medidas para evitar preju\u00edzos em viagens sem carga<\/p>\n<p>Lideran\u00e7as do setor devem se reunir novamente com representantes do governo nos pr\u00f3ximos dias para tentar ajustar os detalhes das novas regras.<\/p>\n<p>Governo tenta evitar nova crise no pa\u00eds<\/p>\n<p>A possibilidade de uma paralisa\u00e7\u00e3o nacional gerava preocupa\u00e7\u00e3o, principalmente por lembrar a greve de 2018, que causou desabastecimento e preju\u00edzos bilion\u00e1rios \u00e0 economia brasileira.<\/p>\n<p>Diante disso, o governo intensificou negocia\u00e7\u00f5es e apresentou medidas emergenciais para evitar uma nova crise log\u00edstica no pa\u00eds.<\/p>\n<p>Cen\u00e1rio segue indefinido<\/p>\n<p>Apesar do adiamento, o clima ainda \u00e9 de tens\u00e3o. A categoria deixou claro que a greve pode ser retomada a qualquer momento caso n\u00e3o haja avan\u00e7os nas negocia\u00e7\u00f5es.<\/p>\n<p>Por enquanto, o pa\u00eds ganha um respiro, mas a situa\u00e7\u00e3o segue sendo acompanhada de perto por autoridades e pelo setor econ\u00f4mico.<\/p>\n","protected":false},"excerpt":{"rendered":"<p>Caminhoneiros de diferentes regi\u00f5es do pa\u00eds decidiram adiar a greve nacional que vinha sendo articulada nos \u00faltimos dias, ap\u00f3s o<\/p>\n","protected":false},"author":4,"featured_media":21086,"comment_status":"open","ping_status":"open","sticky":false,"template":"","format":"standard","meta":{"colormag_page_container_layout":"default_layout","colormag_page_sidebar_layout":"default_layout","_FSMCFIC_featured_image_caption":"","_FSMCFIC_featured_image_nocaption":"","_FSMCFIC_featured_image_hide":"","footnotes":""},"categories":[2,1],"tags":[],"class_list":["post-21085","post","type-post","status-publish","format-standard","has-post-thumbnail","hentry","category-noticias","category-ultimas"],"yoast_head":"<!-- This site is optimized with the Yoast SEO plugin v27.1.1 - https:\/\/yoast.com\/product\/yoast-seo-wordpress\/ -->\n<title>Caminhoneiros adiam greve nacional ap\u00f3s nova regra do frete e aguardam governo - Brasil not\u00edcias<\/title>\n<meta name=\"robots\" content=\"index, follow, max-snippet:-1, max-image-preview:large, max-video-preview:-1\" \/>\n<link rel=\"canonical\" href=\"https:\/\/brasilnoticias.org\/site\/caminhoneiros-adiam-greve-nacional-apos-nova-regra-do-frete-e-aguardam-governo\/\" \/>\n<meta property=\"og:locale\" content=\"pt_PT\" \/>\n<meta property=\"og:type\" content=\"article\" \/>\n<meta property=\"og:title\" content=\"Caminhoneiros adiam greve nacional ap\u00f3s nova regra do frete e aguardam governo - Brasil not\u00edcias\" \/>\n<meta property=\"og:description\" content=\"Caminhoneiros de diferentes regi\u00f5es do pa\u00eds decidiram adiar a greve nacional que vinha sendo articulada nos \u00faltimos dias, ap\u00f3s o\" \/>\n<meta property=\"og:url\" content=\"https:\/\/brasilnoticias.org\/site\/caminhoneiros-adiam-greve-nacional-apos-nova-regra-do-frete-e-aguardam-governo\/\" \/>\n<meta property=\"og:site_name\" content=\"Brasil not\u00edcias\" \/>\n<meta property=\"article:published_time\" content=\"2026-03-20T11:31:09+00:00\" \/>\n<meta property=\"og:image\" content=\"https:\/\/brasilnoticias.org\/site\/wp-content\/uploads\/2026\/03\/Screenshot_1114.png\" \/>\n\t<meta property=\"og:image:width\" content=\"632\" \/>\n\t<meta property=\"og:image:height\" content=\"375\" \/>\n\t<meta property=\"og:image:type\" content=\"image\/png\" \/>\n<meta name=\"author\" content=\"Reda\u00e7\u00e3o\" \/>\n<meta name=\"twitter:card\" content=\"summary_large_image\" \/>\n<meta name=\"twitter:label1\" content=\"Escrito por\" \/>\n\t<meta name=\"twitter:data1\" content=\"Reda\u00e7\u00e3o\" \/>\n\t<meta name=\"twitter:label2\" content=\"Tempo estimado de leitura\" \/>\n\t<meta name=\"twitter:data2\" content=\"1 minuto\" \/>\n<script type=\"application\/ld+json\" class=\"yoast-schema-graph\">{\"@context\":\"https:\/\/schema.org\",\"@graph\":[{\"@type\":\"Article\",\"@id\":\"https:\/\/brasilnoticias.org\/site\/caminhoneiros-adiam-greve-nacional-apos-nova-regra-do-frete-e-aguardam-governo\/#article\",\"isPartOf\":{\"@id\":\"https:\/\/brasilnoticias.org\/site\/caminhoneiros-adiam-greve-nacional-apos-nova-regra-do-frete-e-aguardam-governo\/\"},\"author\":{\"name\":\"Reda\u00e7\u00e3o\",\"@id\":\"https:\/\/brasilnoticias.org\/site\/#\/schema\/person\/03bbbfe6c7634ad18c26444ea39049fa\"},\"headline\":\"Caminhoneiros adiam greve nacional ap\u00f3s nova regra do frete e aguardam governo\",\"datePublished\":\"2026-03-20T11:31:09+00:00\",\"mainEntityOfPage\":{\"@id\":\"https:\/\/brasilnoticias.org\/site\/caminhoneiros-adiam-greve-nacional-apos-nova-regra-do-frete-e-aguardam-governo\/\"},\"wordCount\":383,\"commentCount\":0,\"publisher\":{\"@id\":\"https:\/\/brasilnoticias.org\/site\/#organization\"},\"image\":{\"@id\":\"https:\/\/brasilnoticias.org\/site\/caminhoneiros-adiam-greve-nacional-apos-nova-regra-do-frete-e-aguardam-governo\/#primaryimage\"},\"thumbnailUrl\":\"https:\/\/brasilnoticias.org\/site\/wp-content\/uploads\/2026\/03\/Screenshot_1114.png\",\"articleSection\":[\"Not\u00edcias\",\"\u00daltimas\"],\"inLanguage\":\"pt-PT\",\"potentialAction\":[{\"@type\":\"CommentAction\",\"name\":\"Comment\",\"target\":[\"https:\/\/brasilnoticias.org\/site\/caminhoneiros-adiam-greve-nacional-apos-nova-regra-do-frete-e-aguardam-governo\/#respond\"]}]},{\"@type\":\"WebPage\",\"@id\":\"https:\/\/brasilnoticias.org\/site\/caminhoneiros-adiam-greve-nacional-apos-nova-regra-do-frete-e-aguardam-governo\/\",\"url\":\"https:\/\/brasilnoticias.org\/site\/caminhoneiros-adiam-greve-nacional-apos-nova-regra-do-frete-e-aguardam-governo\/\",\"name\":\"Caminhoneiros adiam greve nacional ap\u00f3s nova regra do frete e aguardam governo - Brasil not\u00edcias\",\"isPartOf\":{\"@id\":\"https:\/\/brasilnoticias.org\/site\/#website\"},\"primaryImageOfPage\":{\"@id\":\"https:\/\/brasilnoticias.org\/site\/caminhoneiros-adiam-greve-nacional-apos-nova-regra-do-frete-e-aguardam-governo\/#primaryimage\"},\"image\":{\"@id\":\"https:\/\/brasilnoticias.org\/site\/caminhoneiros-adiam-greve-nacional-apos-nova-regra-do-frete-e-aguardam-governo\/#primaryimage\"},\"thumbnailUrl\":\"https:\/\/brasilnoticias.org\/site\/wp-content\/uploads\/2026\/03\/Screenshot_1114.png\",\"datePublished\":\"2026-03-20T11:31:09+00:00\",\"breadcrumb\":{\"@id\":\"https:\/\/brasilnoticias.org\/site\/caminhoneiros-adiam-greve-nacional-apos-nova-regra-do-frete-e-aguardam-governo\/#breadcrumb\"},\"inLanguage\":\"pt-PT\",\"potentialAction\":[{\"@type\":\"ReadAction\",\"target\":[\"https:\/\/brasilnoticias.org\/site\/caminhoneiros-adiam-greve-nacional-apos-nova-regra-do-frete-e-aguardam-governo\/\"]}]},{\"@type\":\"ImageObject\",\"inLanguage\":\"pt-PT\",\"@id\":\"https:\/\/brasilnoticias.org\/site\/caminhoneiros-adiam-greve-nacional-apos-nova-regra-do-frete-e-aguardam-governo\/#primaryimage\",\"url\":\"https:\/\/brasilnoticias.org\/site\/wp-content\/uploads\/2026\/03\/Screenshot_1114.png\",\"contentUrl\":\"https:\/\/brasilnoticias.org\/site\/wp-content\/uploads\/2026\/03\/Screenshot_1114.png\",\"width\":632,\"height\":375,\"caption\":\"Valter Campanato\/Ag\u00eancia Brasil\"},{\"@type\":\"BreadcrumbList\",\"@id\":\"https:\/\/brasilnoticias.org\/site\/caminhoneiros-adiam-greve-nacional-apos-nova-regra-do-frete-e-aguardam-governo\/#breadcrumb\",\"itemListElement\":[{\"@type\":\"ListItem\",\"position\":1,\"name\":\"In\u00edcio\",\"item\":\"https:\/\/brasilnoticias.org\/site\/\"},{\"@type\":\"ListItem\",\"position\":2,\"name\":\"Caminhoneiros adiam greve nacional ap\u00f3s nova regra do frete e aguardam governo\"}]},{\"@type\":\"WebSite\",\"@id\":\"https:\/\/brasilnoticias.org\/site\/#website\",\"url\":\"https:\/\/brasilnoticias.org\/site\/\",\"name\":\"Brasil not\u00edcias\",\"description\":\"Brasil not\u00edcias\",\"publisher\":{\"@id\":\"https:\/\/brasilnoticias.org\/site\/#organization\"},\"potentialAction\":[{\"@type\":\"SearchAction\",\"target\":{\"@type\":\"EntryPoint\",\"urlTemplate\":\"https:\/\/brasilnoticias.org\/site\/?s={search_term_string}\"},\"query-input\":{\"@type\":\"PropertyValueSpecification\",\"valueRequired\":true,\"valueName\":\"search_term_string\"}}],\"inLanguage\":\"pt-PT\"},{\"@type\":\"Organization\",\"@id\":\"https:\/\/brasilnoticias.org\/site\/#organization\",\"name\":\"Brasil not\u00edcias\",\"url\":\"https:\/\/brasilnoticias.org\/site\/\",\"logo\":{\"@type\":\"ImageObject\",\"inLanguage\":\"pt-PT\",\"@id\":\"https:\/\/brasilnoticias.org\/site\/#\/schema\/logo\/image\/\",\"url\":\"https:\/\/brasilnoticias.org\/site\/wp-content\/uploads\/2022\/05\/cropped-brasilnoticias-mini.jpg\",\"contentUrl\":\"https:\/\/brasilnoticias.org\/site\/wp-content\/uploads\/2022\/05\/cropped-brasilnoticias-mini.jpg\",\"width\":314,\"height\":86,\"caption\":\"Brasil not\u00edcias\"},\"image\":{\"@id\":\"https:\/\/brasilnoticias.org\/site\/#\/schema\/logo\/image\/\"}},{\"@type\":\"Person\",\"@id\":\"https:\/\/brasilnoticias.org\/site\/#\/schema\/person\/03bbbfe6c7634ad18c26444ea39049fa\",\"name\":\"Reda\u00e7\u00e3o\",\"image\":{\"@type\":\"ImageObject\",\"inLanguage\":\"pt-PT\",\"@id\":\"https:\/\/brasilnoticias.org\/site\/#\/schema\/person\/image\/\",\"url\":\"https:\/\/secure.gravatar.com\/avatar\/9ecaf7327a696cb23ad926fedded5f1f04d7049de9e445375d55b48c001a6e42?s=96&d=mm&r=g\",\"contentUrl\":\"https:\/\/secure.gravatar.com\/avatar\/9ecaf7327a696cb23ad926fedded5f1f04d7049de9e445375d55b48c001a6e42?s=96&d=mm&r=g\",\"caption\":\"Reda\u00e7\u00e3o\"},\"url\":\"https:\/\/brasilnoticias.org\/site\/author\/henrique\/\"}]}<\/script>\n<!-- \/ Yoast SEO plugin. -->","yoast_head_json":{"title":"Caminhoneiros adiam greve nacional ap\u00f3s nova regra do frete e aguardam governo - Brasil not\u00edcias","robots":{"index":"index","follow":"follow","max-snippet":"max-snippet:-1","max-image-preview":"max-image-preview:large","max-video-preview":"max-video-preview:-1"},"canonical":"https:\/\/brasilnoticias.org\/site\/caminhoneiros-adiam-greve-nacional-apos-nova-regra-do-frete-e-aguardam-governo\/","og_locale":"pt_PT","og_type":"article","og_title":"Caminhoneiros adiam greve nacional ap\u00f3s nova regra do frete e aguardam governo - Brasil not\u00edcias","og_description":"Caminhoneiros de diferentes regi\u00f5es do pa\u00eds decidiram adiar a greve nacional que vinha sendo articulada nos \u00faltimos dias, ap\u00f3s o","og_url":"https:\/\/brasilnoticias.org\/site\/caminhoneiros-adiam-greve-nacional-apos-nova-regra-do-frete-e-aguardam-governo\/","og_site_name":"Brasil not\u00edcias","article_published_time":"2026-03-20T11:31:09+00:00","og_image":[{"width":632,"height":375,"url":"https:\/\/brasilnoticias.org\/site\/wp-content\/uploads\/2026\/03\/Screenshot_1114.png","type":"image\/png"}],"author":"Reda\u00e7\u00e3o","twitter_card":"summary_large_image","twitter_misc":{"Escrito por":"Reda\u00e7\u00e3o","Tempo estimado de leitura":"1 minuto"},"schema":{"@context":"https:\/\/schema.org","@graph":[{"@type":"Article","@id":"https:\/\/brasilnoticias.org\/site\/caminhoneiros-adiam-greve-nacional-apos-nova-regra-do-frete-e-aguardam-governo\/#article","isPartOf":{"@id":"https:\/\/brasilnoticias.org\/site\/caminhoneiros-adiam-greve-nacional-apos-nova-regra-do-frete-e-aguardam-governo\/"},"author":{"name":"Reda\u00e7\u00e3o","@id":"https:\/\/brasilnoticias.org\/site\/#\/schema\/person\/03bbbfe6c7634ad18c26444ea39049fa"},"headline":"Caminhoneiros adiam greve nacional ap\u00f3s nova regra do frete e aguardam governo","datePublished":"2026-03-20T11:31:09+00:00","mainEntityOfPage":{"@id":"https:\/\/brasilnoticias.org\/site\/caminhoneiros-adiam-greve-nacional-apos-nova-regra-do-frete-e-aguardam-governo\/"},"wordCount":383,"commentCount":0,"publisher":{"@id":"https:\/\/brasilnoticias.org\/site\/#organization"},"image":{"@id":"https:\/\/brasilnoticias.org\/site\/caminhoneiros-adiam-greve-nacional-apos-nova-regra-do-frete-e-aguardam-governo\/#primaryimage"},"thumbnailUrl":"https:\/\/brasilnoticias.org\/site\/wp-content\/uploads\/2026\/03\/Screenshot_1114.png","articleSection":["Not\u00edcias","\u00daltimas"],"inLanguage":"pt-PT","potentialAction":[{"@type":"CommentAction","name":"Comment","target":["https:\/\/brasilnoticias.org\/site\/caminhoneiros-adiam-greve-nacional-apos-nova-regra-do-frete-e-aguardam-governo\/#respond"]}]},{"@type":"WebPage","@id":"https:\/\/brasilnoticias.org\/site\/caminhoneiros-adiam-greve-nacional-apos-nova-regra-do-frete-e-aguardam-governo\/","url":"https:\/\/brasilnoticias.org\/site\/caminhoneiros-adiam-greve-nacional-apos-nova-regra-do-frete-e-aguardam-governo\/","name":"Caminhoneiros adiam greve nacional ap\u00f3s nova regra do frete e aguardam governo - Brasil not\u00edcias","isPartOf":{"@id":"https:\/\/brasilnoticias.org\/site\/#website"},"primaryImageOfPage":{"@id":"https:\/\/brasilnoticias.org\/site\/caminhoneiros-adiam-greve-nacional-apos-nova-regra-do-frete-e-aguardam-governo\/#primaryimage"},"image":{"@id":"https:\/\/brasilnoticias.org\/site\/caminhoneiros-adiam-greve-nacional-apos-nova-regra-do-frete-e-aguardam-governo\/#primaryimage"},"thumbnailUrl":"https:\/\/brasilnoticias.org\/site\/wp-content\/uploads\/2026\/03\/Screenshot_1114.png","datePublished":"2026-03-20T11:31:09+00:00","breadcrumb":{"@id":"https:\/\/brasilnoticias.org\/site\/caminhoneiros-adiam-greve-nacional-apos-nova-regra-do-frete-e-aguardam-governo\/#breadcrumb"},"inLanguage":"pt-PT","potentialAction":[{"@type":"ReadAction","target":["https:\/\/brasilnoticias.org\/site\/caminhoneiros-adiam-greve-nacional-apos-nova-regra-do-frete-e-aguardam-governo\/"]}]},{"@type":"ImageObject","inLanguage":"pt-PT","@id":"https:\/\/brasilnoticias.org\/site\/caminhoneiros-adiam-greve-nacional-apos-nova-regra-do-frete-e-aguardam-governo\/#primaryimage","url":"https:\/\/brasilnoticias.org\/site\/wp-content\/uploads\/2026\/03\/Screenshot_1114.png","contentUrl":"https:\/\/brasilnoticias.org\/site\/wp-content\/uploads\/2026\/03\/Screenshot_1114.png","width":632,"height":375,"caption":"Valter Campanato\/Ag\u00eancia Brasil"},{"@type":"BreadcrumbList","@id":"https:\/\/brasilnoticias.org\/site\/caminhoneiros-adiam-greve-nacional-apos-nova-regra-do-frete-e-aguardam-governo\/#breadcrumb","itemListElement":[{"@type":"ListItem","position":1,"name":"In\u00edcio","item":"https:\/\/brasilnoticias.org\/site\/"},{"@type":"ListItem","position":2,"name":"Caminhoneiros adiam greve nacional ap\u00f3s nova regra do frete e aguardam governo"}]},{"@type":"WebSite","@id":"https:\/\/brasilnoticias.org\/site\/#website","url":"https:\/\/brasilnoticias.org\/site\/","name":"Brasil not\u00edcias","description":"Brasil not\u00edcias","publisher":{"@id":"https:\/\/brasilnoticias.org\/site\/#organization"},"potentialAction":[{"@type":"SearchAction","target":{"@type":"EntryPoint","urlTemplate":"https:\/\/brasilnoticias.org\/site\/?s={search_term_string}"},"query-input":{"@type":"PropertyValueSpecification","valueRequired":true,"valueName":"search_term_string"}}],"inLanguage":"pt-PT"},{"@type":"Organization","@id":"https:\/\/brasilnoticias.org\/site\/#organization","name":"Brasil not\u00edcias","url":"https:\/\/brasilnoticias.org\/site\/","logo":{"@type":"ImageObject","inLanguage":"pt-PT","@id":"https:\/\/brasilnoticias.org\/site\/#\/schema\/logo\/image\/","url":"https:\/\/brasilnoticias.org\/site\/wp-content\/uploads\/2022\/05\/cropped-brasilnoticias-mini.jpg","contentUrl":"https:\/\/brasilnoticias.org\/site\/wp-content\/uploads\/2022\/05\/cropped-brasilnoticias-mini.jpg","width":314,"height":86,"caption":"Brasil not\u00edcias"},"image":{"@id":"https:\/\/brasilnoticias.org\/site\/#\/schema\/logo\/image\/"}},{"@type":"Person","@id":"https:\/\/brasilnoticias.org\/site\/#\/schema\/person\/03bbbfe6c7634ad18c26444ea39049fa","name":"Reda\u00e7\u00e3o","image":{"@type":"ImageObject","inLanguage":"pt-PT","@id":"https:\/\/brasilnoticias.org\/site\/#\/schema\/person\/image\/","url":"https:\/\/secure.gravatar.com\/avatar\/9ecaf7327a696cb23ad926fedded5f1f04d7049de9e445375d55b48c001a6e42?s=96&d=mm&r=g","contentUrl":"https:\/\/secure.gravatar.com\/avatar\/9ecaf7327a696cb23ad926fedded5f1f04d7049de9e445375d55b48c001a6e42?s=96&d=mm&r=g","caption":"Reda\u00e7\u00e3o"},"url":"https:\/\/brasilnoticias.org\/site\/author\/henrique\/"}]}},"_links":{"self":[{"href":"https:\/\/brasilnoticias.org\/site\/wp-json\/wp\/v2\/posts\/21085","targetHints":{"allow":["GET"]}}],"collection":[{"href":"https:\/\/brasilnoticias.org\/site\/wp-json\/wp\/v2\/posts"}],"about":[{"href":"https:\/\/brasilnoticias.org\/site\/wp-json\/wp\/v2\/types\/post"}],"author":[{"embeddable":true,"href":"https:\/\/brasilnoticias.org\/site\/wp-json\/wp\/v2\/users\/4"}],"replies":[{"embeddable":true,"href":"https:\/\/brasilnoticias.org\/site\/wp-json\/wp\/v2\/comments?post=21085"}],"version-history":[{"count":1,"href":"https:\/\/brasilnoticias.org\/site\/wp-json\/wp\/v2\/posts\/21085\/revisions"}],"predecessor-version":[{"id":21087,"href":"https:\/\/brasilnoticias.org\/site\/wp-json\/wp\/v2\/posts\/21085\/revisions\/21087"}],"wp:featuredmedia":[{"embeddable":true,"href":"https:\/\/brasilnoticias.org\/site\/wp-json\/wp\/v2\/media\/21086"}],"wp:attachment":[{"href":"https:\/\/brasilnoticias.org\/site\/wp-json\/wp\/v2\/media?parent=21085"}],"wp:term":[{"taxonomy":"category","embeddable":true,"href":"https:\/\/brasilnoticias.org\/site\/wp-json\/wp\/v2\/categories?post=21085"},{"taxonomy":"post_tag","embeddable":true,"href":"https:\/\/brasilnoticias.org\/site\/wp-json\/wp\/v2\/tags?post=21085"}],"curies":[{"name":"wp","href":"https:\/\/api.w.org\/{rel}","templated":true}]}}