{"id":21123,"date":"2026-03-23T06:14:29","date_gmt":"2026-03-23T09:14:29","guid":{"rendered":"https:\/\/brasilnoticias.org\/site\/?p=21123"},"modified":"2026-03-23T06:14:29","modified_gmt":"2026-03-23T09:14:29","slug":"vitoria-vence-o-mirassol-no-barradao-com-gol-de-baralhas-e-sobe-na-tabela-do-brasileirao","status":"publish","type":"post","link":"https:\/\/brasilnoticias.org\/site\/vitoria-vence-o-mirassol-no-barradao-com-gol-de-baralhas-e-sobe-na-tabela-do-brasileirao\/","title":{"rendered":"Vit\u00f3ria vence o Mirassol no Barrad\u00e3o com gol de Baralhas e sobe na tabela do Brasileir\u00e3o"},"content":{"rendered":"<p data-start=\"169\" data-end=\"353\">O Vit\u00f3ria conquistou um importante triunfo no Campeonato Brasileiro ao vencer o Mirassol por 1 a 0, na noite deste domingo (22), no Barrad\u00e3o, em Salvador, pela 8\u00aa rodada da competi\u00e7\u00e3o.<\/p>\n<p data-start=\"355\" data-end=\"556\">O grande destaque da partida foi o volante Gabriel Baralhas, autor de um belo gol ainda no primeiro tempo, que garantiu os tr\u00eas pontos para o Rubro-Negro baiano.<\/p>\n<hr data-start=\"558\" data-end=\"561\" \/>\n<h2 data-section-id=\"16p34jg\" data-start=\"563\" data-end=\"600\"><span role=\"text\"><strong data-start=\"566\" data-end=\"600\">Gol decisivo no primeiro tempo<\/strong><\/span><\/h2>\n<p data-start=\"602\" data-end=\"776\">O \u00fanico gol da partida saiu aos 27 minutos da primeira etapa. Ap\u00f3s jogada trabalhada pela equipe, a bola sobrou para Baralhas, que finalizou com precis\u00e3o para abrir o placar.<\/p>\n<p data-start=\"778\" data-end=\"918\">O Vit\u00f3ria aproveitou bem a oportunidade e mostrou efici\u00eancia ofensiva, mesmo em um jogo equilibrado.<\/p>\n<hr data-start=\"920\" data-end=\"923\" \/>\n<h2 data-section-id=\"msvy8o\" data-start=\"925\" data-end=\"976\"><span role=\"text\"><strong data-start=\"928\" data-end=\"976\">Press\u00e3o do Mirassol e resist\u00eancia do Vit\u00f3ria<\/strong><\/span><\/h2>\n<p data-start=\"978\" data-end=\"1120\">Na segunda etapa, o Mirassol aumentou a press\u00e3o em busca do empate, mas encontrou dificuldades diante da defesa bem organizada do time baiano.<\/p>\n<p data-start=\"1122\" data-end=\"1275\">O goleiro Lucas Arcanjo tamb\u00e9m foi importante ao garantir o resultado, com boas interven\u00e7\u00f5es ao longo da partida.<\/p>\n<hr data-start=\"1277\" data-end=\"1280\" \/>\n<h2 data-section-id=\"115ae5o\" data-start=\"1282\" data-end=\"1311\"><span role=\"text\"><strong data-start=\"1285\" data-end=\"1311\">Vit\u00f3ria sobe na tabela<\/strong><\/span><\/h2>\n<p data-start=\"1313\" data-end=\"1487\">Com o resultado, o Vit\u00f3ria chegou aos 10 pontos e subiu para a 10\u00aa coloca\u00e7\u00e3o no Brasileir\u00e3o, se afastando da parte de baixo da tabela.<\/p>\n<p data-start=\"1489\" data-end=\"1642\">J\u00e1 o Mirassol segue em situa\u00e7\u00e3o complicada, ocupando a zona de rebaixamento, com apenas seis pontos conquistados.<\/p>\n<hr data-start=\"1644\" data-end=\"1647\" \/>\n<h2 data-section-id=\"1hkjw7o\" data-start=\"1649\" data-end=\"1671\"><span role=\"text\"><strong data-start=\"1652\" data-end=\"1671\">Pr\u00f3ximo desafio<\/strong><\/span><\/h2>\n<p data-start=\"1673\" data-end=\"1793\">O Vit\u00f3ria volta a campo na pr\u00f3xima quarta-feira (25), quando enfrenta o Botafogo-PB, no Barrad\u00e3o, pela Copa do Nordeste.<\/p>\n","protected":false},"excerpt":{"rendered":"<p>O Vit\u00f3ria conquistou um importante triunfo no Campeonato Brasileiro ao vencer o Mirassol por 1 a 0, na noite deste<\/p>\n","protected":false},"author":4,"featured_media":21124,"comment_status":"open","ping_status":"open","sticky":false,"template":"","format":"standard","meta":{"colormag_page_container_layout":"default_layout","colormag_page_sidebar_layout":"default_layout","_FSMCFIC_featured_image_caption":"","_FSMCFIC_featured_image_nocaption":"","_FSMCFIC_featured_image_hide":"","footnotes":""},"categories":[4,1],"tags":[],"class_list":["post-21123","post","type-post","status-publish","format-standard","has-post-thumbnail","hentry","category-esporte","category-ultimas"],"yoast_head":"<!-- This site is optimized with the Yoast SEO plugin v27.1.1 - https:\/\/yoast.com\/product\/yoast-seo-wordpress\/ -->\n<title>Vit\u00f3ria vence o Mirassol no Barrad\u00e3o com gol de Baralhas e sobe na tabela do Brasileir\u00e3o - Brasil not\u00edcias<\/title>\n<meta name=\"robots\" content=\"index, follow, max-snippet:-1, max-image-preview:large, max-video-preview:-1\" \/>\n<link rel=\"canonical\" href=\"https:\/\/brasilnoticias.org\/site\/vitoria-vence-o-mirassol-no-barradao-com-gol-de-baralhas-e-sobe-na-tabela-do-brasileirao\/\" \/>\n<meta property=\"og:locale\" content=\"pt_PT\" \/>\n<meta property=\"og:type\" content=\"article\" \/>\n<meta property=\"og:title\" content=\"Vit\u00f3ria vence o Mirassol no Barrad\u00e3o com gol de Baralhas e sobe na tabela do Brasileir\u00e3o - Brasil not\u00edcias\" \/>\n<meta property=\"og:description\" content=\"O Vit\u00f3ria conquistou um importante triunfo no Campeonato Brasileiro ao vencer o Mirassol por 1 a 0, na noite deste\" \/>\n<meta property=\"og:url\" content=\"https:\/\/brasilnoticias.org\/site\/vitoria-vence-o-mirassol-no-barradao-com-gol-de-baralhas-e-sobe-na-tabela-do-brasileirao\/\" \/>\n<meta property=\"og:site_name\" content=\"Brasil not\u00edcias\" \/>\n<meta property=\"article:published_time\" content=\"2026-03-23T09:14:29+00:00\" \/>\n<meta property=\"og:image\" content=\"https:\/\/brasilnoticias.org\/site\/wp-content\/uploads\/2026\/03\/179839com-gol-de-baralhas-vitoria-vence-o-mirassol-no-barradao-pelo-brasileiro-3.jpg\" \/>\n\t<meta property=\"og:image:width\" content=\"1600\" \/>\n\t<meta property=\"og:image:height\" content=\"752\" \/>\n\t<meta property=\"og:image:type\" content=\"image\/jpeg\" \/>\n<meta name=\"author\" content=\"Reda\u00e7\u00e3o\" \/>\n<meta name=\"twitter:card\" content=\"summary_large_image\" \/>\n<meta name=\"twitter:label1\" content=\"Escrito por\" \/>\n\t<meta name=\"twitter:data1\" content=\"Reda\u00e7\u00e3o\" \/>\n\t<meta name=\"twitter:label2\" content=\"Tempo estimado de leitura\" \/>\n\t<meta name=\"twitter:data2\" content=\"2 minutos\" \/>\n<script type=\"application\/ld+json\" class=\"yoast-schema-graph\">{\"@context\":\"https:\/\/schema.org\",\"@graph\":[{\"@type\":\"Article\",\"@id\":\"https:\/\/brasilnoticias.org\/site\/vitoria-vence-o-mirassol-no-barradao-com-gol-de-baralhas-e-sobe-na-tabela-do-brasileirao\/#article\",\"isPartOf\":{\"@id\":\"https:\/\/brasilnoticias.org\/site\/vitoria-vence-o-mirassol-no-barradao-com-gol-de-baralhas-e-sobe-na-tabela-do-brasileirao\/\"},\"author\":{\"name\":\"Reda\u00e7\u00e3o\",\"@id\":\"https:\/\/brasilnoticias.org\/site\/#\/schema\/person\/03bbbfe6c7634ad18c26444ea39049fa\"},\"headline\":\"Vit\u00f3ria vence o Mirassol no Barrad\u00e3o com gol de Baralhas e sobe na tabela do Brasileir\u00e3o\",\"datePublished\":\"2026-03-23T09:14:29+00:00\",\"mainEntityOfPage\":{\"@id\":\"https:\/\/brasilnoticias.org\/site\/vitoria-vence-o-mirassol-no-barradao-com-gol-de-baralhas-e-sobe-na-tabela-do-brasileirao\/\"},\"wordCount\":258,\"commentCount\":0,\"publisher\":{\"@id\":\"https:\/\/brasilnoticias.org\/site\/#organization\"},\"image\":{\"@id\":\"https:\/\/brasilnoticias.org\/site\/vitoria-vence-o-mirassol-no-barradao-com-gol-de-baralhas-e-sobe-na-tabela-do-brasileirao\/#primaryimage\"},\"thumbnailUrl\":\"https:\/\/brasilnoticias.org\/site\/wp-content\/uploads\/2026\/03\/179839com-gol-de-baralhas-vitoria-vence-o-mirassol-no-barradao-pelo-brasileiro-3.jpg\",\"articleSection\":[\"Esporte\",\"\u00daltimas\"],\"inLanguage\":\"pt-PT\",\"potentialAction\":[{\"@type\":\"CommentAction\",\"name\":\"Comment\",\"target\":[\"https:\/\/brasilnoticias.org\/site\/vitoria-vence-o-mirassol-no-barradao-com-gol-de-baralhas-e-sobe-na-tabela-do-brasileirao\/#respond\"]}]},{\"@type\":\"WebPage\",\"@id\":\"https:\/\/brasilnoticias.org\/site\/vitoria-vence-o-mirassol-no-barradao-com-gol-de-baralhas-e-sobe-na-tabela-do-brasileirao\/\",\"url\":\"https:\/\/brasilnoticias.org\/site\/vitoria-vence-o-mirassol-no-barradao-com-gol-de-baralhas-e-sobe-na-tabela-do-brasileirao\/\",\"name\":\"Vit\u00f3ria vence o Mirassol no Barrad\u00e3o com gol de Baralhas e sobe na tabela do Brasileir\u00e3o - Brasil not\u00edcias\",\"isPartOf\":{\"@id\":\"https:\/\/brasilnoticias.org\/site\/#website\"},\"primaryImageOfPage\":{\"@id\":\"https:\/\/brasilnoticias.org\/site\/vitoria-vence-o-mirassol-no-barradao-com-gol-de-baralhas-e-sobe-na-tabela-do-brasileirao\/#primaryimage\"},\"image\":{\"@id\":\"https:\/\/brasilnoticias.org\/site\/vitoria-vence-o-mirassol-no-barradao-com-gol-de-baralhas-e-sobe-na-tabela-do-brasileirao\/#primaryimage\"},\"thumbnailUrl\":\"https:\/\/brasilnoticias.org\/site\/wp-content\/uploads\/2026\/03\/179839com-gol-de-baralhas-vitoria-vence-o-mirassol-no-barradao-pelo-brasileiro-3.jpg\",\"datePublished\":\"2026-03-23T09:14:29+00:00\",\"breadcrumb\":{\"@id\":\"https:\/\/brasilnoticias.org\/site\/vitoria-vence-o-mirassol-no-barradao-com-gol-de-baralhas-e-sobe-na-tabela-do-brasileirao\/#breadcrumb\"},\"inLanguage\":\"pt-PT\",\"potentialAction\":[{\"@type\":\"ReadAction\",\"target\":[\"https:\/\/brasilnoticias.org\/site\/vitoria-vence-o-mirassol-no-barradao-com-gol-de-baralhas-e-sobe-na-tabela-do-brasileirao\/\"]}]},{\"@type\":\"ImageObject\",\"inLanguage\":\"pt-PT\",\"@id\":\"https:\/\/brasilnoticias.org\/site\/vitoria-vence-o-mirassol-no-barradao-com-gol-de-baralhas-e-sobe-na-tabela-do-brasileirao\/#primaryimage\",\"url\":\"https:\/\/brasilnoticias.org\/site\/wp-content\/uploads\/2026\/03\/179839com-gol-de-baralhas-vitoria-vence-o-mirassol-no-barradao-pelo-brasileiro-3.jpg\",\"contentUrl\":\"https:\/\/brasilnoticias.org\/site\/wp-content\/uploads\/2026\/03\/179839com-gol-de-baralhas-vitoria-vence-o-mirassol-no-barradao-pelo-brasileiro-3.jpg\",\"width\":1600,\"height\":752,\"caption\":\"Foto: Victor Ferreira\/EC Vit\u00f3ria\"},{\"@type\":\"BreadcrumbList\",\"@id\":\"https:\/\/brasilnoticias.org\/site\/vitoria-vence-o-mirassol-no-barradao-com-gol-de-baralhas-e-sobe-na-tabela-do-brasileirao\/#breadcrumb\",\"itemListElement\":[{\"@type\":\"ListItem\",\"position\":1,\"name\":\"In\u00edcio\",\"item\":\"https:\/\/brasilnoticias.org\/site\/\"},{\"@type\":\"ListItem\",\"position\":2,\"name\":\"Vit\u00f3ria vence o Mirassol no Barrad\u00e3o com gol de Baralhas e sobe na tabela do Brasileir\u00e3o\"}]},{\"@type\":\"WebSite\",\"@id\":\"https:\/\/brasilnoticias.org\/site\/#website\",\"url\":\"https:\/\/brasilnoticias.org\/site\/\",\"name\":\"Brasil not\u00edcias\",\"description\":\"Brasil not\u00edcias\",\"publisher\":{\"@id\":\"https:\/\/brasilnoticias.org\/site\/#organization\"},\"potentialAction\":[{\"@type\":\"SearchAction\",\"target\":{\"@type\":\"EntryPoint\",\"urlTemplate\":\"https:\/\/brasilnoticias.org\/site\/?s={search_term_string}\"},\"query-input\":{\"@type\":\"PropertyValueSpecification\",\"valueRequired\":true,\"valueName\":\"search_term_string\"}}],\"inLanguage\":\"pt-PT\"},{\"@type\":\"Organization\",\"@id\":\"https:\/\/brasilnoticias.org\/site\/#organization\",\"name\":\"Brasil not\u00edcias\",\"url\":\"https:\/\/brasilnoticias.org\/site\/\",\"logo\":{\"@type\":\"ImageObject\",\"inLanguage\":\"pt-PT\",\"@id\":\"https:\/\/brasilnoticias.org\/site\/#\/schema\/logo\/image\/\",\"url\":\"https:\/\/brasilnoticias.org\/site\/wp-content\/uploads\/2022\/05\/cropped-brasilnoticias-mini.jpg\",\"contentUrl\":\"https:\/\/brasilnoticias.org\/site\/wp-content\/uploads\/2022\/05\/cropped-brasilnoticias-mini.jpg\",\"width\":314,\"height\":86,\"caption\":\"Brasil not\u00edcias\"},\"image\":{\"@id\":\"https:\/\/brasilnoticias.org\/site\/#\/schema\/logo\/image\/\"}},{\"@type\":\"Person\",\"@id\":\"https:\/\/brasilnoticias.org\/site\/#\/schema\/person\/03bbbfe6c7634ad18c26444ea39049fa\",\"name\":\"Reda\u00e7\u00e3o\",\"image\":{\"@type\":\"ImageObject\",\"inLanguage\":\"pt-PT\",\"@id\":\"https:\/\/brasilnoticias.org\/site\/#\/schema\/person\/image\/\",\"url\":\"https:\/\/secure.gravatar.com\/avatar\/9ecaf7327a696cb23ad926fedded5f1f04d7049de9e445375d55b48c001a6e42?s=96&d=mm&r=g\",\"contentUrl\":\"https:\/\/secure.gravatar.com\/avatar\/9ecaf7327a696cb23ad926fedded5f1f04d7049de9e445375d55b48c001a6e42?s=96&d=mm&r=g\",\"caption\":\"Reda\u00e7\u00e3o\"},\"url\":\"https:\/\/brasilnoticias.org\/site\/author\/henrique\/\"}]}<\/script>\n<!-- \/ Yoast SEO plugin. -->","yoast_head_json":{"title":"Vit\u00f3ria vence o Mirassol no Barrad\u00e3o com gol de Baralhas e sobe na tabela do Brasileir\u00e3o - Brasil not\u00edcias","robots":{"index":"index","follow":"follow","max-snippet":"max-snippet:-1","max-image-preview":"max-image-preview:large","max-video-preview":"max-video-preview:-1"},"canonical":"https:\/\/brasilnoticias.org\/site\/vitoria-vence-o-mirassol-no-barradao-com-gol-de-baralhas-e-sobe-na-tabela-do-brasileirao\/","og_locale":"pt_PT","og_type":"article","og_title":"Vit\u00f3ria vence o Mirassol no Barrad\u00e3o com gol de Baralhas e sobe na tabela do Brasileir\u00e3o - Brasil not\u00edcias","og_description":"O Vit\u00f3ria conquistou um importante triunfo no Campeonato Brasileiro ao vencer o Mirassol por 1 a 0, na noite deste","og_url":"https:\/\/brasilnoticias.org\/site\/vitoria-vence-o-mirassol-no-barradao-com-gol-de-baralhas-e-sobe-na-tabela-do-brasileirao\/","og_site_name":"Brasil not\u00edcias","article_published_time":"2026-03-23T09:14:29+00:00","og_image":[{"width":1600,"height":752,"url":"https:\/\/brasilnoticias.org\/site\/wp-content\/uploads\/2026\/03\/179839com-gol-de-baralhas-vitoria-vence-o-mirassol-no-barradao-pelo-brasileiro-3.jpg","type":"image\/jpeg"}],"author":"Reda\u00e7\u00e3o","twitter_card":"summary_large_image","twitter_misc":{"Escrito por":"Reda\u00e7\u00e3o","Tempo estimado de leitura":"2 minutos"},"schema":{"@context":"https:\/\/schema.org","@graph":[{"@type":"Article","@id":"https:\/\/brasilnoticias.org\/site\/vitoria-vence-o-mirassol-no-barradao-com-gol-de-baralhas-e-sobe-na-tabela-do-brasileirao\/#article","isPartOf":{"@id":"https:\/\/brasilnoticias.org\/site\/vitoria-vence-o-mirassol-no-barradao-com-gol-de-baralhas-e-sobe-na-tabela-do-brasileirao\/"},"author":{"name":"Reda\u00e7\u00e3o","@id":"https:\/\/brasilnoticias.org\/site\/#\/schema\/person\/03bbbfe6c7634ad18c26444ea39049fa"},"headline":"Vit\u00f3ria vence o Mirassol no Barrad\u00e3o com gol de Baralhas e sobe na tabela do Brasileir\u00e3o","datePublished":"2026-03-23T09:14:29+00:00","mainEntityOfPage":{"@id":"https:\/\/brasilnoticias.org\/site\/vitoria-vence-o-mirassol-no-barradao-com-gol-de-baralhas-e-sobe-na-tabela-do-brasileirao\/"},"wordCount":258,"commentCount":0,"publisher":{"@id":"https:\/\/brasilnoticias.org\/site\/#organization"},"image":{"@id":"https:\/\/brasilnoticias.org\/site\/vitoria-vence-o-mirassol-no-barradao-com-gol-de-baralhas-e-sobe-na-tabela-do-brasileirao\/#primaryimage"},"thumbnailUrl":"https:\/\/brasilnoticias.org\/site\/wp-content\/uploads\/2026\/03\/179839com-gol-de-baralhas-vitoria-vence-o-mirassol-no-barradao-pelo-brasileiro-3.jpg","articleSection":["Esporte","\u00daltimas"],"inLanguage":"pt-PT","potentialAction":[{"@type":"CommentAction","name":"Comment","target":["https:\/\/brasilnoticias.org\/site\/vitoria-vence-o-mirassol-no-barradao-com-gol-de-baralhas-e-sobe-na-tabela-do-brasileirao\/#respond"]}]},{"@type":"WebPage","@id":"https:\/\/brasilnoticias.org\/site\/vitoria-vence-o-mirassol-no-barradao-com-gol-de-baralhas-e-sobe-na-tabela-do-brasileirao\/","url":"https:\/\/brasilnoticias.org\/site\/vitoria-vence-o-mirassol-no-barradao-com-gol-de-baralhas-e-sobe-na-tabela-do-brasileirao\/","name":"Vit\u00f3ria vence o Mirassol no Barrad\u00e3o com gol de Baralhas e sobe na tabela do Brasileir\u00e3o - Brasil not\u00edcias","isPartOf":{"@id":"https:\/\/brasilnoticias.org\/site\/#website"},"primaryImageOfPage":{"@id":"https:\/\/brasilnoticias.org\/site\/vitoria-vence-o-mirassol-no-barradao-com-gol-de-baralhas-e-sobe-na-tabela-do-brasileirao\/#primaryimage"},"image":{"@id":"https:\/\/brasilnoticias.org\/site\/vitoria-vence-o-mirassol-no-barradao-com-gol-de-baralhas-e-sobe-na-tabela-do-brasileirao\/#primaryimage"},"thumbnailUrl":"https:\/\/brasilnoticias.org\/site\/wp-content\/uploads\/2026\/03\/179839com-gol-de-baralhas-vitoria-vence-o-mirassol-no-barradao-pelo-brasileiro-3.jpg","datePublished":"2026-03-23T09:14:29+00:00","breadcrumb":{"@id":"https:\/\/brasilnoticias.org\/site\/vitoria-vence-o-mirassol-no-barradao-com-gol-de-baralhas-e-sobe-na-tabela-do-brasileirao\/#breadcrumb"},"inLanguage":"pt-PT","potentialAction":[{"@type":"ReadAction","target":["https:\/\/brasilnoticias.org\/site\/vitoria-vence-o-mirassol-no-barradao-com-gol-de-baralhas-e-sobe-na-tabela-do-brasileirao\/"]}]},{"@type":"ImageObject","inLanguage":"pt-PT","@id":"https:\/\/brasilnoticias.org\/site\/vitoria-vence-o-mirassol-no-barradao-com-gol-de-baralhas-e-sobe-na-tabela-do-brasileirao\/#primaryimage","url":"https:\/\/brasilnoticias.org\/site\/wp-content\/uploads\/2026\/03\/179839com-gol-de-baralhas-vitoria-vence-o-mirassol-no-barradao-pelo-brasileiro-3.jpg","contentUrl":"https:\/\/brasilnoticias.org\/site\/wp-content\/uploads\/2026\/03\/179839com-gol-de-baralhas-vitoria-vence-o-mirassol-no-barradao-pelo-brasileiro-3.jpg","width":1600,"height":752,"caption":"Foto: Victor Ferreira\/EC Vit\u00f3ria"},{"@type":"BreadcrumbList","@id":"https:\/\/brasilnoticias.org\/site\/vitoria-vence-o-mirassol-no-barradao-com-gol-de-baralhas-e-sobe-na-tabela-do-brasileirao\/#breadcrumb","itemListElement":[{"@type":"ListItem","position":1,"name":"In\u00edcio","item":"https:\/\/brasilnoticias.org\/site\/"},{"@type":"ListItem","position":2,"name":"Vit\u00f3ria vence o Mirassol no Barrad\u00e3o com gol de Baralhas e sobe na tabela do Brasileir\u00e3o"}]},{"@type":"WebSite","@id":"https:\/\/brasilnoticias.org\/site\/#website","url":"https:\/\/brasilnoticias.org\/site\/","name":"Brasil not\u00edcias","description":"Brasil not\u00edcias","publisher":{"@id":"https:\/\/brasilnoticias.org\/site\/#organization"},"potentialAction":[{"@type":"SearchAction","target":{"@type":"EntryPoint","urlTemplate":"https:\/\/brasilnoticias.org\/site\/?s={search_term_string}"},"query-input":{"@type":"PropertyValueSpecification","valueRequired":true,"valueName":"search_term_string"}}],"inLanguage":"pt-PT"},{"@type":"Organization","@id":"https:\/\/brasilnoticias.org\/site\/#organization","name":"Brasil not\u00edcias","url":"https:\/\/brasilnoticias.org\/site\/","logo":{"@type":"ImageObject","inLanguage":"pt-PT","@id":"https:\/\/brasilnoticias.org\/site\/#\/schema\/logo\/image\/","url":"https:\/\/brasilnoticias.org\/site\/wp-content\/uploads\/2022\/05\/cropped-brasilnoticias-mini.jpg","contentUrl":"https:\/\/brasilnoticias.org\/site\/wp-content\/uploads\/2022\/05\/cropped-brasilnoticias-mini.jpg","width":314,"height":86,"caption":"Brasil not\u00edcias"},"image":{"@id":"https:\/\/brasilnoticias.org\/site\/#\/schema\/logo\/image\/"}},{"@type":"Person","@id":"https:\/\/brasilnoticias.org\/site\/#\/schema\/person\/03bbbfe6c7634ad18c26444ea39049fa","name":"Reda\u00e7\u00e3o","image":{"@type":"ImageObject","inLanguage":"pt-PT","@id":"https:\/\/brasilnoticias.org\/site\/#\/schema\/person\/image\/","url":"https:\/\/secure.gravatar.com\/avatar\/9ecaf7327a696cb23ad926fedded5f1f04d7049de9e445375d55b48c001a6e42?s=96&d=mm&r=g","contentUrl":"https:\/\/secure.gravatar.com\/avatar\/9ecaf7327a696cb23ad926fedded5f1f04d7049de9e445375d55b48c001a6e42?s=96&d=mm&r=g","caption":"Reda\u00e7\u00e3o"},"url":"https:\/\/brasilnoticias.org\/site\/author\/henrique\/"}]}},"_links":{"self":[{"href":"https:\/\/brasilnoticias.org\/site\/wp-json\/wp\/v2\/posts\/21123","targetHints":{"allow":["GET"]}}],"collection":[{"href":"https:\/\/brasilnoticias.org\/site\/wp-json\/wp\/v2\/posts"}],"about":[{"href":"https:\/\/brasilnoticias.org\/site\/wp-json\/wp\/v2\/types\/post"}],"author":[{"embeddable":true,"href":"https:\/\/brasilnoticias.org\/site\/wp-json\/wp\/v2\/users\/4"}],"replies":[{"embeddable":true,"href":"https:\/\/brasilnoticias.org\/site\/wp-json\/wp\/v2\/comments?post=21123"}],"version-history":[{"count":1,"href":"https:\/\/brasilnoticias.org\/site\/wp-json\/wp\/v2\/posts\/21123\/revisions"}],"predecessor-version":[{"id":21125,"href":"https:\/\/brasilnoticias.org\/site\/wp-json\/wp\/v2\/posts\/21123\/revisions\/21125"}],"wp:featuredmedia":[{"embeddable":true,"href":"https:\/\/brasilnoticias.org\/site\/wp-json\/wp\/v2\/media\/21124"}],"wp:attachment":[{"href":"https:\/\/brasilnoticias.org\/site\/wp-json\/wp\/v2\/media?parent=21123"}],"wp:term":[{"taxonomy":"category","embeddable":true,"href":"https:\/\/brasilnoticias.org\/site\/wp-json\/wp\/v2\/categories?post=21123"},{"taxonomy":"post_tag","embeddable":true,"href":"https:\/\/brasilnoticias.org\/site\/wp-json\/wp\/v2\/tags?post=21123"}],"curies":[{"name":"wp","href":"https:\/\/api.w.org\/{rel}","templated":true}]}}