{"id":21126,"date":"2026-03-23T07:15:49","date_gmt":"2026-03-23T10:15:49","guid":{"rendered":"https:\/\/brasilnoticias.org\/site\/?p=21126"},"modified":"2026-03-23T07:15:49","modified_gmt":"2026-03-23T10:15:49","slug":"mdb-se-rebela-contra-rui-e-estuda-orientar-filiados-a-votarem-contra-ministro","status":"publish","type":"post","link":"https:\/\/brasilnoticias.org\/site\/mdb-se-rebela-contra-rui-e-estuda-orientar-filiados-a-votarem-contra-ministro\/","title":{"rendered":"MDB se rebela contra Rui e estuda orientar filiados a votarem contra ministro"},"content":{"rendered":"<h2 class=\"self-stretch font-sans text-headline-6 font-normal tracking-tight text-neutral-50\">Resposta emedebista exp\u00f5e fissuras no grupo governista, enquanto aliados relatam dificuldade de defender Jer\u00f4nimo e pol\u00edticos aceleram movimentos de olho na elei\u00e7\u00e3o<\/h2>\n<p>&nbsp;<\/p>\n<p>O MDB estuda orientar formalmente seus filiados a votarem contra o ministro da Casa Civil,\u00a0<strong>Rui Costa\u00a0<\/strong>(PT), ap\u00f3s o petista classificar como \u201cdeslealdade\u201d o epis\u00f3dio da mensagem encaminhada pelo vice-governador Geraldo J\u00fanior e exigir mudan\u00e7as na composi\u00e7\u00e3o da chapa governista.<\/p>\n<p>Se efetivada, a decis\u00e3o, no entanto, n\u00e3o deve incluir pedido expl\u00edcito de apoio ao senador<strong>\u00a0Angelo Coronel<\/strong>\u00a0<a href=\"https:\/\/www.blogdovila.com.br\/noticia\/coronel-republicanos\" target=\"_blank\" rel=\"noopener\"><strong>(Republicanos)<\/strong><\/a>. Na pr\u00e1tica,\u00a0<a href=\"https:\/\/www.blogdovila.com.br\/noticia\/geddel-especulacoes\" target=\"_blank\" rel=\"noopener\"><strong>o movimento \u00e9 esperado<\/strong><\/a>, mas a orienta\u00e7\u00e3o oficial ser\u00e1 restrita \u00e0 ades\u00e3o \u00e0 campanha do senador\u00a0<strong>Jaques Wagner<\/strong>\u00a0(PT).<\/p>\n<p>O entendimento dos emedebistas \u00e9 de que o ministro tem sido um peso no grupo, respons\u00e1vel pelo\u00a0<a href=\"https:\/\/www.blogdovila.com.br\/noticia\/coronel-rompe\" target=\"_blank\" rel=\"noopener\"><strong>rompimento de Coronel\u00a0<\/strong><\/a>com o senador\u00a0<strong>Otto Alencar\u00a0<\/strong>e pelo impasse com o MDB.<\/p>\n<p>Rui chegou a defender a substitui\u00e7\u00e3o de\u00a0<strong>Geraldo J\u00fanior<\/strong>\u00a0pelo deputado federal\u00a0<strong>Neto Carletto<\/strong>\u00a0(Avante), mas ap\u00f3s\u00a0<a href=\"https:\/\/www.blogdovila.com.br\/noticia\/chapas-jero-neto\" target=\"_blank\" rel=\"noopener\"><strong>reuni\u00e3o\u00a0<\/strong><\/a>com\u00a0<strong>Geddel Vieira Lima<\/strong>\u00a0no \u00faltimo domingo (15), a tend\u00eancia \u00e9 de que o governador\u00a0<strong>Jer\u00f4nimo Rodrigues<\/strong>\u00a0(PT) mantenha o emedebista na posi\u00e7\u00e3o.<\/p>\n<p>Nos bastidores, a avalia\u00e7\u00e3o \u00e9 de que Jer\u00f4nimo tenta ganhar tempo para acomodar os interesses em jogo e reduzir a temperatura da crise antes de anunciar a chapa. A expectativa \u00e9 de defini\u00e7\u00e3o at\u00e9 o dia 2 de abril.<\/p>\n<h2><strong>Aliados admitem dificuldade para defender Jer\u00f4nimo<\/p>\n<p><\/strong><\/h2>\n<p>O desgaste do governo j\u00e1 come\u00e7a a transbordar para dentro da pr\u00f3pria base. Em conversa reservada com o\u00a0<a href=\"https:\/\/www.blogdovila.com.br\/\" target=\"_blank\" rel=\"noopener\"><strong>Blog do Vila<\/strong><\/a>, um deputado aliado ao Pal\u00e1cio de Ondina relatou o desconforto crescente ao tentar defender a gest\u00e3o de\u00a0<strong>Jer\u00f4nimo Rodrigues<\/strong>.<\/p>\n<p>Apesar da lealdade ao governador, o parlamentar critica a condu\u00e7\u00e3o de \u00e1reas sens\u00edveis, como\u00a0<strong>Sa\u00fade<\/strong>\u00a0e\u00a0<strong>Seguran\u00e7a P\u00fablica<\/strong>. Segundo ele, a situa\u00e7\u00e3o tem impacto direto na sua vida pessoal.<\/p>\n<p>A esposa tem pressionado pela compra de um carro blindado, diante do\u00a0<strong>medo da viol\u00eancia em Salvador<\/strong>. Al\u00e9m disso, ele relata ter feito quatro solicita\u00e7\u00f5es recentes de regula\u00e7\u00e3o de pacientes:\u00a0<strong>tr\u00eas morreram e apenas um conseguiu atendimento por via judicial<\/strong>.<\/p>\n<p>&#8220;Se para quem tem acesso j\u00e1 n\u00e3o funciona, imagine para a popula\u00e7\u00e3o. Est\u00e1 muito dif\u00edcil responder aos questionamentos&#8221;, desabafou.<\/p>\n<h2><strong>Republicanos cresce, mas Samuel ainda faz contas<\/p>\n<p><\/strong><\/h2>\n<p>A\u00a0<a href=\"https:\/\/www.blogdovila.com.br\/noticia\/coronel-republicanos\" target=\"_blank\" rel=\"noopener\"><strong>chegada do senador Angelo Coronel ao Republicanos<\/strong><\/a>\u00a0fortaleceu a legenda, mas nem todos os quadros est\u00e3o com perman\u00eancia garantida.<\/p>\n<p>O deputado estadual\u00a0<strong>Samuel J\u00fanior<\/strong>\u00a0ainda avalia se seguir\u00e1 no partido. Ele tem convites do PL e de outras siglas e faz c\u00e1lculos que levam em conta seu projeto pol\u00edtico e o do seu aliado, o vereador de Lauro de Freitas\u00a0<strong>Abra\u00e3o Reis<\/strong>.<\/p>\n<p>Internamente, o Republicanos projeta eleger cinco deputados federais e sete estaduais. A lista inclui nomes como\u00a0<strong>M\u00e1rcio Marinho<\/strong>,\u00a0<strong>Rog\u00e9ria Santos<\/strong>,\u00a0<strong>Diego Coronel<\/strong>\u00a0e\u00a0<strong>Leo Prates<\/strong>, al\u00e9m dos estaduais\u00a0<strong>Jos\u00e9 de Arimateia<\/strong>,\u00a0<strong>Jurailton Santos<\/strong>,\u00a0<strong>Angelo Coronel Filho<\/strong>\u00a0e\u00a0<strong>Cafu Barreto<\/strong>\u00a0\u2014 os dois \u00faltimos com filia\u00e7\u00e3o marcada para a pr\u00f3xima ter\u00e7a-feira (24).<\/p>\n<p>Nos bastidores, h\u00e1 quem ironize o excesso de pr\u00e9-candidaturas: &#8220;Se todo mundo que se coloca for eleito, vai faltar cadeira na Assembleia&#8221;, disse um parlamentar \u00e0 coluna.<\/p>\n<h2><strong>V\u00edtor Bonfim recua e reavalia sa\u00edda do PV<\/p>\n<p><\/strong><\/h2>\n<p>Antes tratado como nome certo no PSB, o deputado estadual\u00a0<strong>V\u00edtor Bonfim<\/strong>\u00a0mudou de rota e agora pretende permanecer no PV para disputar uma vaga na C\u00e2mara Federal.<\/p>\n<p>O movimento reflete insatisfa\u00e7\u00e3o com a forma\u00e7\u00e3o das nominatas no partido comandado por\u00a0<strong>L\u00eddice da Mata<\/strong>. Ainda assim, o deputado aguarda uma sinaliza\u00e7\u00e3o do governo antes de bater o martelo sobre seu futuro partid\u00e1rio.<\/p>\n<h2><strong>Vereadores em movimento<\/p>\n<p><\/strong><\/h2>\n<p>Na C\u00e2mara de Salvador, o clima j\u00e1 \u00e9 de pr\u00e9-campanha. O vereador\u00a0<strong>David Rios<\/strong>\u00a0(MDB) est\u00e1 confirmado como candidato a deputado estadual, mas ainda vai definir por qual partido disputar\u00e1 \u2014 a tend\u00eancia \u00e9 de que permane\u00e7a na base governista.<\/p>\n<p><strong>Felipe Santana\u00a0<\/strong>(PSD) tamb\u00e9m j\u00e1 decidiu que entrar\u00e1 na corrida por uma vaga na Assembleia Legislativa. Por outro lado,\u00a0<strong>Ricardo Almeida\u00a0<\/strong>(DC) recuou e n\u00e3o ser\u00e1 candidato em outubro.<\/p>\n<p>J\u00e1\u00a0<strong>Sidninho\u00a0<\/strong>(PP) adota cautela e condiciona sua decis\u00e3o ao<a href=\"https:\/\/www.blogdovila.com.br\/noticia\/muniz-implosao\" target=\"_blank\" rel=\"noopener\"><strong>\u00a0destino<\/strong><\/a>\u00a0do presidente da C\u00e2mara,\u00a0<strong>Carlos Muniz<\/strong>, antes de bater o martelo sobre uma eventual candidatura.<\/p>\n<p>Fonte: <a href=\"https:\/\/www.blogdovila.com.br\/noticia\/mdb-rui\">Blog do Vila<\/a><\/p>\n","protected":false},"excerpt":{"rendered":"<p>Resposta emedebista exp\u00f5e fissuras no grupo governista, enquanto aliados relatam dificuldade de defender Jer\u00f4nimo e pol\u00edticos aceleram movimentos de olho<\/p>\n","protected":false},"author":4,"featured_media":21128,"comment_status":"open","ping_status":"open","sticky":false,"template":"","format":"standard","meta":{"colormag_page_container_layout":"default_layout","colormag_page_sidebar_layout":"default_layout","_FSMCFIC_featured_image_caption":"","_FSMCFIC_featured_image_nocaption":"","_FSMCFIC_featured_image_hide":"","footnotes":""},"categories":[5,1],"tags":[],"class_list":["post-21126","post","type-post","status-publish","format-standard","has-post-thumbnail","hentry","category-politica","category-ultimas"],"yoast_head":"<!-- This site is optimized with the Yoast SEO plugin v27.1.1 - https:\/\/yoast.com\/product\/yoast-seo-wordpress\/ -->\n<title>MDB se rebela contra Rui e estuda orientar filiados a votarem contra ministro - Brasil not\u00edcias<\/title>\n<meta name=\"robots\" content=\"index, follow, max-snippet:-1, max-image-preview:large, max-video-preview:-1\" \/>\n<link rel=\"canonical\" href=\"https:\/\/brasilnoticias.org\/site\/mdb-se-rebela-contra-rui-e-estuda-orientar-filiados-a-votarem-contra-ministro\/\" \/>\n<meta property=\"og:locale\" content=\"pt_PT\" \/>\n<meta property=\"og:type\" content=\"article\" \/>\n<meta property=\"og:title\" content=\"MDB se rebela contra Rui e estuda orientar filiados a votarem contra ministro - Brasil not\u00edcias\" \/>\n<meta property=\"og:description\" content=\"Resposta emedebista exp\u00f5e fissuras no grupo governista, enquanto aliados relatam dificuldade de defender Jer\u00f4nimo e pol\u00edticos aceleram movimentos de olho\" \/>\n<meta property=\"og:url\" content=\"https:\/\/brasilnoticias.org\/site\/mdb-se-rebela-contra-rui-e-estuda-orientar-filiados-a-votarem-contra-ministro\/\" \/>\n<meta property=\"og:site_name\" content=\"Brasil not\u00edcias\" \/>\n<meta property=\"article:published_time\" content=\"2026-03-23T10:15:49+00:00\" \/>\n<meta property=\"og:image\" content=\"https:\/\/brasilnoticias.org\/site\/wp-content\/uploads\/2026\/03\/52611970127_3d75524e24_o.jpg\" \/>\n\t<meta property=\"og:image:width\" content=\"1224\" \/>\n\t<meta property=\"og:image:height\" content=\"816\" \/>\n\t<meta property=\"og:image:type\" content=\"image\/jpeg\" \/>\n<meta name=\"author\" content=\"Reda\u00e7\u00e3o\" \/>\n<meta name=\"twitter:card\" content=\"summary_large_image\" \/>\n<meta name=\"twitter:label1\" content=\"Escrito por\" \/>\n\t<meta name=\"twitter:data1\" content=\"Reda\u00e7\u00e3o\" \/>\n\t<meta name=\"twitter:label2\" content=\"Tempo estimado de leitura\" \/>\n\t<meta name=\"twitter:data2\" content=\"4 minutos\" \/>\n<script type=\"application\/ld+json\" class=\"yoast-schema-graph\">{\"@context\":\"https:\/\/schema.org\",\"@graph\":[{\"@type\":\"Article\",\"@id\":\"https:\/\/brasilnoticias.org\/site\/mdb-se-rebela-contra-rui-e-estuda-orientar-filiados-a-votarem-contra-ministro\/#article\",\"isPartOf\":{\"@id\":\"https:\/\/brasilnoticias.org\/site\/mdb-se-rebela-contra-rui-e-estuda-orientar-filiados-a-votarem-contra-ministro\/\"},\"author\":{\"name\":\"Reda\u00e7\u00e3o\",\"@id\":\"https:\/\/brasilnoticias.org\/site\/#\/schema\/person\/03bbbfe6c7634ad18c26444ea39049fa\"},\"headline\":\"MDB se rebela contra Rui e estuda orientar filiados a votarem contra ministro\",\"datePublished\":\"2026-03-23T10:15:49+00:00\",\"mainEntityOfPage\":{\"@id\":\"https:\/\/brasilnoticias.org\/site\/mdb-se-rebela-contra-rui-e-estuda-orientar-filiados-a-votarem-contra-ministro\/\"},\"wordCount\":742,\"commentCount\":0,\"publisher\":{\"@id\":\"https:\/\/brasilnoticias.org\/site\/#organization\"},\"image\":{\"@id\":\"https:\/\/brasilnoticias.org\/site\/mdb-se-rebela-contra-rui-e-estuda-orientar-filiados-a-votarem-contra-ministro\/#primaryimage\"},\"thumbnailUrl\":\"https:\/\/brasilnoticias.org\/site\/wp-content\/uploads\/2026\/03\/52611970127_3d75524e24_o.jpg\",\"articleSection\":[\"Pol\u00edtica\",\"\u00daltimas\"],\"inLanguage\":\"pt-PT\",\"potentialAction\":[{\"@type\":\"CommentAction\",\"name\":\"Comment\",\"target\":[\"https:\/\/brasilnoticias.org\/site\/mdb-se-rebela-contra-rui-e-estuda-orientar-filiados-a-votarem-contra-ministro\/#respond\"]}]},{\"@type\":\"WebPage\",\"@id\":\"https:\/\/brasilnoticias.org\/site\/mdb-se-rebela-contra-rui-e-estuda-orientar-filiados-a-votarem-contra-ministro\/\",\"url\":\"https:\/\/brasilnoticias.org\/site\/mdb-se-rebela-contra-rui-e-estuda-orientar-filiados-a-votarem-contra-ministro\/\",\"name\":\"MDB se rebela contra Rui e estuda orientar filiados a votarem contra ministro - Brasil not\u00edcias\",\"isPartOf\":{\"@id\":\"https:\/\/brasilnoticias.org\/site\/#website\"},\"primaryImageOfPage\":{\"@id\":\"https:\/\/brasilnoticias.org\/site\/mdb-se-rebela-contra-rui-e-estuda-orientar-filiados-a-votarem-contra-ministro\/#primaryimage\"},\"image\":{\"@id\":\"https:\/\/brasilnoticias.org\/site\/mdb-se-rebela-contra-rui-e-estuda-orientar-filiados-a-votarem-contra-ministro\/#primaryimage\"},\"thumbnailUrl\":\"https:\/\/brasilnoticias.org\/site\/wp-content\/uploads\/2026\/03\/52611970127_3d75524e24_o.jpg\",\"datePublished\":\"2026-03-23T10:15:49+00:00\",\"breadcrumb\":{\"@id\":\"https:\/\/brasilnoticias.org\/site\/mdb-se-rebela-contra-rui-e-estuda-orientar-filiados-a-votarem-contra-ministro\/#breadcrumb\"},\"inLanguage\":\"pt-PT\",\"potentialAction\":[{\"@type\":\"ReadAction\",\"target\":[\"https:\/\/brasilnoticias.org\/site\/mdb-se-rebela-contra-rui-e-estuda-orientar-filiados-a-votarem-contra-ministro\/\"]}]},{\"@type\":\"ImageObject\",\"inLanguage\":\"pt-PT\",\"@id\":\"https:\/\/brasilnoticias.org\/site\/mdb-se-rebela-contra-rui-e-estuda-orientar-filiados-a-votarem-contra-ministro\/#primaryimage\",\"url\":\"https:\/\/brasilnoticias.org\/site\/wp-content\/uploads\/2026\/03\/52611970127_3d75524e24_o.jpg\",\"contentUrl\":\"https:\/\/brasilnoticias.org\/site\/wp-content\/uploads\/2026\/03\/52611970127_3d75524e24_o.jpg\",\"width\":1224,\"height\":816,\"caption\":\"Foto: Ant\u00f4nio Queiroz \/ GOVBA\"},{\"@type\":\"BreadcrumbList\",\"@id\":\"https:\/\/brasilnoticias.org\/site\/mdb-se-rebela-contra-rui-e-estuda-orientar-filiados-a-votarem-contra-ministro\/#breadcrumb\",\"itemListElement\":[{\"@type\":\"ListItem\",\"position\":1,\"name\":\"In\u00edcio\",\"item\":\"https:\/\/brasilnoticias.org\/site\/\"},{\"@type\":\"ListItem\",\"position\":2,\"name\":\"MDB se rebela contra Rui e estuda orientar filiados a votarem contra ministro\"}]},{\"@type\":\"WebSite\",\"@id\":\"https:\/\/brasilnoticias.org\/site\/#website\",\"url\":\"https:\/\/brasilnoticias.org\/site\/\",\"name\":\"Brasil not\u00edcias\",\"description\":\"Brasil not\u00edcias\",\"publisher\":{\"@id\":\"https:\/\/brasilnoticias.org\/site\/#organization\"},\"potentialAction\":[{\"@type\":\"SearchAction\",\"target\":{\"@type\":\"EntryPoint\",\"urlTemplate\":\"https:\/\/brasilnoticias.org\/site\/?s={search_term_string}\"},\"query-input\":{\"@type\":\"PropertyValueSpecification\",\"valueRequired\":true,\"valueName\":\"search_term_string\"}}],\"inLanguage\":\"pt-PT\"},{\"@type\":\"Organization\",\"@id\":\"https:\/\/brasilnoticias.org\/site\/#organization\",\"name\":\"Brasil not\u00edcias\",\"url\":\"https:\/\/brasilnoticias.org\/site\/\",\"logo\":{\"@type\":\"ImageObject\",\"inLanguage\":\"pt-PT\",\"@id\":\"https:\/\/brasilnoticias.org\/site\/#\/schema\/logo\/image\/\",\"url\":\"https:\/\/brasilnoticias.org\/site\/wp-content\/uploads\/2022\/05\/cropped-brasilnoticias-mini.jpg\",\"contentUrl\":\"https:\/\/brasilnoticias.org\/site\/wp-content\/uploads\/2022\/05\/cropped-brasilnoticias-mini.jpg\",\"width\":314,\"height\":86,\"caption\":\"Brasil not\u00edcias\"},\"image\":{\"@id\":\"https:\/\/brasilnoticias.org\/site\/#\/schema\/logo\/image\/\"}},{\"@type\":\"Person\",\"@id\":\"https:\/\/brasilnoticias.org\/site\/#\/schema\/person\/03bbbfe6c7634ad18c26444ea39049fa\",\"name\":\"Reda\u00e7\u00e3o\",\"image\":{\"@type\":\"ImageObject\",\"inLanguage\":\"pt-PT\",\"@id\":\"https:\/\/brasilnoticias.org\/site\/#\/schema\/person\/image\/\",\"url\":\"https:\/\/secure.gravatar.com\/avatar\/9ecaf7327a696cb23ad926fedded5f1f04d7049de9e445375d55b48c001a6e42?s=96&d=mm&r=g\",\"contentUrl\":\"https:\/\/secure.gravatar.com\/avatar\/9ecaf7327a696cb23ad926fedded5f1f04d7049de9e445375d55b48c001a6e42?s=96&d=mm&r=g\",\"caption\":\"Reda\u00e7\u00e3o\"},\"url\":\"https:\/\/brasilnoticias.org\/site\/author\/henrique\/\"}]}<\/script>\n<!-- \/ Yoast SEO plugin. -->","yoast_head_json":{"title":"MDB se rebela contra Rui e estuda orientar filiados a votarem contra ministro - Brasil not\u00edcias","robots":{"index":"index","follow":"follow","max-snippet":"max-snippet:-1","max-image-preview":"max-image-preview:large","max-video-preview":"max-video-preview:-1"},"canonical":"https:\/\/brasilnoticias.org\/site\/mdb-se-rebela-contra-rui-e-estuda-orientar-filiados-a-votarem-contra-ministro\/","og_locale":"pt_PT","og_type":"article","og_title":"MDB se rebela contra Rui e estuda orientar filiados a votarem contra ministro - Brasil not\u00edcias","og_description":"Resposta emedebista exp\u00f5e fissuras no grupo governista, enquanto aliados relatam dificuldade de defender Jer\u00f4nimo e pol\u00edticos aceleram movimentos de olho","og_url":"https:\/\/brasilnoticias.org\/site\/mdb-se-rebela-contra-rui-e-estuda-orientar-filiados-a-votarem-contra-ministro\/","og_site_name":"Brasil not\u00edcias","article_published_time":"2026-03-23T10:15:49+00:00","og_image":[{"width":1224,"height":816,"url":"https:\/\/brasilnoticias.org\/site\/wp-content\/uploads\/2026\/03\/52611970127_3d75524e24_o.jpg","type":"image\/jpeg"}],"author":"Reda\u00e7\u00e3o","twitter_card":"summary_large_image","twitter_misc":{"Escrito por":"Reda\u00e7\u00e3o","Tempo estimado de leitura":"4 minutos"},"schema":{"@context":"https:\/\/schema.org","@graph":[{"@type":"Article","@id":"https:\/\/brasilnoticias.org\/site\/mdb-se-rebela-contra-rui-e-estuda-orientar-filiados-a-votarem-contra-ministro\/#article","isPartOf":{"@id":"https:\/\/brasilnoticias.org\/site\/mdb-se-rebela-contra-rui-e-estuda-orientar-filiados-a-votarem-contra-ministro\/"},"author":{"name":"Reda\u00e7\u00e3o","@id":"https:\/\/brasilnoticias.org\/site\/#\/schema\/person\/03bbbfe6c7634ad18c26444ea39049fa"},"headline":"MDB se rebela contra Rui e estuda orientar filiados a votarem contra ministro","datePublished":"2026-03-23T10:15:49+00:00","mainEntityOfPage":{"@id":"https:\/\/brasilnoticias.org\/site\/mdb-se-rebela-contra-rui-e-estuda-orientar-filiados-a-votarem-contra-ministro\/"},"wordCount":742,"commentCount":0,"publisher":{"@id":"https:\/\/brasilnoticias.org\/site\/#organization"},"image":{"@id":"https:\/\/brasilnoticias.org\/site\/mdb-se-rebela-contra-rui-e-estuda-orientar-filiados-a-votarem-contra-ministro\/#primaryimage"},"thumbnailUrl":"https:\/\/brasilnoticias.org\/site\/wp-content\/uploads\/2026\/03\/52611970127_3d75524e24_o.jpg","articleSection":["Pol\u00edtica","\u00daltimas"],"inLanguage":"pt-PT","potentialAction":[{"@type":"CommentAction","name":"Comment","target":["https:\/\/brasilnoticias.org\/site\/mdb-se-rebela-contra-rui-e-estuda-orientar-filiados-a-votarem-contra-ministro\/#respond"]}]},{"@type":"WebPage","@id":"https:\/\/brasilnoticias.org\/site\/mdb-se-rebela-contra-rui-e-estuda-orientar-filiados-a-votarem-contra-ministro\/","url":"https:\/\/brasilnoticias.org\/site\/mdb-se-rebela-contra-rui-e-estuda-orientar-filiados-a-votarem-contra-ministro\/","name":"MDB se rebela contra Rui e estuda orientar filiados a votarem contra ministro - Brasil not\u00edcias","isPartOf":{"@id":"https:\/\/brasilnoticias.org\/site\/#website"},"primaryImageOfPage":{"@id":"https:\/\/brasilnoticias.org\/site\/mdb-se-rebela-contra-rui-e-estuda-orientar-filiados-a-votarem-contra-ministro\/#primaryimage"},"image":{"@id":"https:\/\/brasilnoticias.org\/site\/mdb-se-rebela-contra-rui-e-estuda-orientar-filiados-a-votarem-contra-ministro\/#primaryimage"},"thumbnailUrl":"https:\/\/brasilnoticias.org\/site\/wp-content\/uploads\/2026\/03\/52611970127_3d75524e24_o.jpg","datePublished":"2026-03-23T10:15:49+00:00","breadcrumb":{"@id":"https:\/\/brasilnoticias.org\/site\/mdb-se-rebela-contra-rui-e-estuda-orientar-filiados-a-votarem-contra-ministro\/#breadcrumb"},"inLanguage":"pt-PT","potentialAction":[{"@type":"ReadAction","target":["https:\/\/brasilnoticias.org\/site\/mdb-se-rebela-contra-rui-e-estuda-orientar-filiados-a-votarem-contra-ministro\/"]}]},{"@type":"ImageObject","inLanguage":"pt-PT","@id":"https:\/\/brasilnoticias.org\/site\/mdb-se-rebela-contra-rui-e-estuda-orientar-filiados-a-votarem-contra-ministro\/#primaryimage","url":"https:\/\/brasilnoticias.org\/site\/wp-content\/uploads\/2026\/03\/52611970127_3d75524e24_o.jpg","contentUrl":"https:\/\/brasilnoticias.org\/site\/wp-content\/uploads\/2026\/03\/52611970127_3d75524e24_o.jpg","width":1224,"height":816,"caption":"Foto: Ant\u00f4nio Queiroz \/ GOVBA"},{"@type":"BreadcrumbList","@id":"https:\/\/brasilnoticias.org\/site\/mdb-se-rebela-contra-rui-e-estuda-orientar-filiados-a-votarem-contra-ministro\/#breadcrumb","itemListElement":[{"@type":"ListItem","position":1,"name":"In\u00edcio","item":"https:\/\/brasilnoticias.org\/site\/"},{"@type":"ListItem","position":2,"name":"MDB se rebela contra Rui e estuda orientar filiados a votarem contra ministro"}]},{"@type":"WebSite","@id":"https:\/\/brasilnoticias.org\/site\/#website","url":"https:\/\/brasilnoticias.org\/site\/","name":"Brasil not\u00edcias","description":"Brasil not\u00edcias","publisher":{"@id":"https:\/\/brasilnoticias.org\/site\/#organization"},"potentialAction":[{"@type":"SearchAction","target":{"@type":"EntryPoint","urlTemplate":"https:\/\/brasilnoticias.org\/site\/?s={search_term_string}"},"query-input":{"@type":"PropertyValueSpecification","valueRequired":true,"valueName":"search_term_string"}}],"inLanguage":"pt-PT"},{"@type":"Organization","@id":"https:\/\/brasilnoticias.org\/site\/#organization","name":"Brasil not\u00edcias","url":"https:\/\/brasilnoticias.org\/site\/","logo":{"@type":"ImageObject","inLanguage":"pt-PT","@id":"https:\/\/brasilnoticias.org\/site\/#\/schema\/logo\/image\/","url":"https:\/\/brasilnoticias.org\/site\/wp-content\/uploads\/2022\/05\/cropped-brasilnoticias-mini.jpg","contentUrl":"https:\/\/brasilnoticias.org\/site\/wp-content\/uploads\/2022\/05\/cropped-brasilnoticias-mini.jpg","width":314,"height":86,"caption":"Brasil not\u00edcias"},"image":{"@id":"https:\/\/brasilnoticias.org\/site\/#\/schema\/logo\/image\/"}},{"@type":"Person","@id":"https:\/\/brasilnoticias.org\/site\/#\/schema\/person\/03bbbfe6c7634ad18c26444ea39049fa","name":"Reda\u00e7\u00e3o","image":{"@type":"ImageObject","inLanguage":"pt-PT","@id":"https:\/\/brasilnoticias.org\/site\/#\/schema\/person\/image\/","url":"https:\/\/secure.gravatar.com\/avatar\/9ecaf7327a696cb23ad926fedded5f1f04d7049de9e445375d55b48c001a6e42?s=96&d=mm&r=g","contentUrl":"https:\/\/secure.gravatar.com\/avatar\/9ecaf7327a696cb23ad926fedded5f1f04d7049de9e445375d55b48c001a6e42?s=96&d=mm&r=g","caption":"Reda\u00e7\u00e3o"},"url":"https:\/\/brasilnoticias.org\/site\/author\/henrique\/"}]}},"_links":{"self":[{"href":"https:\/\/brasilnoticias.org\/site\/wp-json\/wp\/v2\/posts\/21126","targetHints":{"allow":["GET"]}}],"collection":[{"href":"https:\/\/brasilnoticias.org\/site\/wp-json\/wp\/v2\/posts"}],"about":[{"href":"https:\/\/brasilnoticias.org\/site\/wp-json\/wp\/v2\/types\/post"}],"author":[{"embeddable":true,"href":"https:\/\/brasilnoticias.org\/site\/wp-json\/wp\/v2\/users\/4"}],"replies":[{"embeddable":true,"href":"https:\/\/brasilnoticias.org\/site\/wp-json\/wp\/v2\/comments?post=21126"}],"version-history":[{"count":1,"href":"https:\/\/brasilnoticias.org\/site\/wp-json\/wp\/v2\/posts\/21126\/revisions"}],"predecessor-version":[{"id":21129,"href":"https:\/\/brasilnoticias.org\/site\/wp-json\/wp\/v2\/posts\/21126\/revisions\/21129"}],"wp:featuredmedia":[{"embeddable":true,"href":"https:\/\/brasilnoticias.org\/site\/wp-json\/wp\/v2\/media\/21128"}],"wp:attachment":[{"href":"https:\/\/brasilnoticias.org\/site\/wp-json\/wp\/v2\/media?parent=21126"}],"wp:term":[{"taxonomy":"category","embeddable":true,"href":"https:\/\/brasilnoticias.org\/site\/wp-json\/wp\/v2\/categories?post=21126"},{"taxonomy":"post_tag","embeddable":true,"href":"https:\/\/brasilnoticias.org\/site\/wp-json\/wp\/v2\/tags?post=21126"}],"curies":[{"name":"wp","href":"https:\/\/api.w.org\/{rel}","templated":true}]}}