{"id":21154,"date":"2026-03-25T08:26:21","date_gmt":"2026-03-25T11:26:21","guid":{"rendered":"https:\/\/brasilnoticias.org\/site\/?p=21154"},"modified":"2026-03-25T08:26:21","modified_gmt":"2026-03-25T11:26:21","slug":"stf-decide-que-proxima-vaga-no-tce-ba-deve-ser-ocupada-por-auditor","status":"publish","type":"post","link":"https:\/\/brasilnoticias.org\/site\/stf-decide-que-proxima-vaga-no-tce-ba-deve-ser-ocupada-por-auditor\/","title":{"rendered":"STF decide que pr\u00f3xima vaga no TCE-BA deve ser ocupada por auditor"},"content":{"rendered":"<p data-start=\"162\" data-end=\"419\">O <span class=\"hover:entity-accent entity-underline inline cursor-pointer align-baseline\"><span class=\"whitespace-normal\">Supremo Tribunal Federal<\/span><\/span> (STF) decidiu, por unanimidade, que a pr\u00f3xima vaga de conselheiro no <span class=\"hover:entity-accent entity-underline inline cursor-pointer align-baseline\"><span class=\"whitespace-normal\">Tribunal de Contas do Estado da Bahia<\/span><\/span> (TCE-BA) dever\u00e1 ser obrigatoriamente ocupada por um auditor de carreira, encerrando o julgamento sobre o tema.<\/p>\n<p data-start=\"421\" data-end=\"634\">A decis\u00e3o resolve uma disputa que se arrastava h\u00e1 meses e envolve a forma de preenchimento das cadeiras do tribunal, respons\u00e1vel por fiscalizar as contas p\u00fablicas do estado.<\/p>\n<hr data-start=\"636\" data-end=\"639\" \/>\n<h3 data-section-id=\"4d5wvl\" data-start=\"641\" data-end=\"665\">Entenda a decis\u00e3o<\/h3>\n<p data-start=\"667\" data-end=\"865\">Os ministros do STF entenderam que a Constitui\u00e7\u00e3o exige que parte das vagas nos Tribunais de Contas seja destinada a profissionais t\u00e9cnicos, como auditores e membros do Minist\u00e9rio P\u00fablico de Contas.<\/p>\n<p data-start=\"867\" data-end=\"1099\">No caso da Bahia, o impasse surgiu porque o estado ainda n\u00e3o havia estruturado plenamente o cargo de auditor no TCE-BA, o que gerou questionamentos sobre indica\u00e7\u00f5es pol\u00edticas para essas vagas.<\/p>\n<p data-start=\"1101\" data-end=\"1145\">Com o novo entendimento, ficou definido que:<\/p>\n<ul data-start=\"1147\" data-end=\"1409\">\n<li data-section-id=\"fs8dur\" data-start=\"1147\" data-end=\"1233\">A pr\u00f3xima vaga aberta no tribunal dever\u00e1 ser preenchida por <strong data-start=\"1209\" data-end=\"1231\">auditor concursado<\/strong><\/li>\n<li data-section-id=\"akudjk\" data-start=\"1234\" data-end=\"1323\">A regra busca garantir <strong data-start=\"1259\" data-end=\"1321\">equil\u00edbrio entre indica\u00e7\u00f5es pol\u00edticas e crit\u00e9rios t\u00e9cnicos<\/strong><\/li>\n<li data-section-id=\"1d331xi\" data-start=\"1324\" data-end=\"1409\">O modelo segue o que j\u00e1 est\u00e1 previsto na Constitui\u00e7\u00e3o para os Tribunais de Contas<\/li>\n<\/ul>\n<hr data-start=\"1411\" data-end=\"1414\" \/>\n<h3 data-section-id=\"jbaa3a\" data-start=\"1416\" data-end=\"1443\">Hist\u00f3rico da disputa<\/h3>\n<p data-start=\"1445\" data-end=\"1570\">A quest\u00e3o vinha sendo debatida no STF ap\u00f3s a\u00e7\u00f5es que apontavam irregularidades na forma de escolha dos conselheiros na Bahia.<\/p>\n<p data-start=\"1572\" data-end=\"1750\">Em decis\u00f5es anteriores, o pr\u00f3prio Supremo j\u00e1 havia suspendido indica\u00e7\u00f5es para o TCE-BA at\u00e9 que o caso fosse analisado de forma definitiva.<\/p>\n<p data-start=\"1752\" data-end=\"1985\">Al\u00e9m disso, havia o entendimento de que vagas destinadas a auditores n\u00e3o poderiam ser preenchidas por nomes indicados politicamente, mesmo que o cargo ainda n\u00e3o estivesse estruturado no estado.<\/p>\n<hr data-start=\"1987\" data-end=\"1990\" \/>\n<h3 data-section-id=\"9ehmrz\" data-start=\"1992\" data-end=\"2016\">Impacto na Bahia<\/h3>\n<p data-start=\"2018\" data-end=\"2176\">A decis\u00e3o deve impactar diretamente as articula\u00e7\u00f5es pol\u00edticas no estado, j\u00e1 que limita a possibilidade de novas indica\u00e7\u00f5es livres para o cargo de conselheiro.<\/p>\n<p data-start=\"2178\" data-end=\"2327\">Na pr\u00e1tica, o governo e a Assembleia Legislativa ter\u00e3o que se adequar \u00e0 determina\u00e7\u00e3o do STF e garantir que a pr\u00f3xima escolha siga crit\u00e9rios t\u00e9cnicos.<\/p>\n<p data-start=\"2329\" data-end=\"2457\">Especialistas avaliam que a medida fortalece o car\u00e1ter t\u00e9cnico do tribunal e reduz a influ\u00eancia pol\u00edtica na composi\u00e7\u00e3o da corte.<\/p>\n","protected":false},"excerpt":{"rendered":"<p>O Supremo Tribunal Federal (STF) decidiu, por unanimidade, que a pr\u00f3xima vaga de conselheiro no Tribunal de Contas do Estado<\/p>\n","protected":false},"author":4,"featured_media":21155,"comment_status":"open","ping_status":"open","sticky":false,"template":"","format":"standard","meta":{"colormag_page_container_layout":"default_layout","colormag_page_sidebar_layout":"default_layout","_FSMCFIC_featured_image_caption":"","_FSMCFIC_featured_image_nocaption":"","_FSMCFIC_featured_image_hide":"","footnotes":""},"categories":[5,1],"tags":[],"class_list":["post-21154","post","type-post","status-publish","format-standard","has-post-thumbnail","hentry","category-politica","category-ultimas"],"yoast_head":"<!-- This site is optimized with the Yoast SEO plugin v27.1.1 - https:\/\/yoast.com\/product\/yoast-seo-wordpress\/ -->\n<title>STF decide que pr\u00f3xima vaga no TCE-BA deve ser ocupada por auditor - Brasil not\u00edcias<\/title>\n<meta name=\"robots\" content=\"index, follow, max-snippet:-1, max-image-preview:large, max-video-preview:-1\" \/>\n<link rel=\"canonical\" href=\"https:\/\/brasilnoticias.org\/site\/stf-decide-que-proxima-vaga-no-tce-ba-deve-ser-ocupada-por-auditor\/\" \/>\n<meta property=\"og:locale\" content=\"pt_PT\" \/>\n<meta property=\"og:type\" content=\"article\" \/>\n<meta property=\"og:title\" content=\"STF decide que pr\u00f3xima vaga no TCE-BA deve ser ocupada por auditor - Brasil not\u00edcias\" \/>\n<meta property=\"og:description\" content=\"O Supremo Tribunal Federal (STF) decidiu, por unanimidade, que a pr\u00f3xima vaga de conselheiro no Tribunal de Contas do Estado\" \/>\n<meta property=\"og:url\" content=\"https:\/\/brasilnoticias.org\/site\/stf-decide-que-proxima-vaga-no-tce-ba-deve-ser-ocupada-por-auditor\/\" \/>\n<meta property=\"og:site_name\" content=\"Brasil not\u00edcias\" \/>\n<meta property=\"article:published_time\" content=\"2026-03-25T11:26:21+00:00\" \/>\n<meta property=\"og:image\" content=\"https:\/\/brasilnoticias.org\/site\/wp-content\/uploads\/2026\/03\/IMAGEM_NOTICIA_9-4.webp\" \/>\n\t<meta property=\"og:image:width\" content=\"1200\" \/>\n\t<meta property=\"og:image:height\" content=\"630\" \/>\n\t<meta property=\"og:image:type\" content=\"image\/webp\" \/>\n<meta name=\"author\" content=\"Reda\u00e7\u00e3o\" \/>\n<meta name=\"twitter:card\" content=\"summary_large_image\" \/>\n<meta name=\"twitter:label1\" content=\"Escrito por\" \/>\n\t<meta name=\"twitter:data1\" content=\"Reda\u00e7\u00e3o\" \/>\n\t<meta name=\"twitter:label2\" content=\"Tempo estimado de leitura\" \/>\n\t<meta name=\"twitter:data2\" content=\"2 minutos\" \/>\n<script type=\"application\/ld+json\" class=\"yoast-schema-graph\">{\"@context\":\"https:\/\/schema.org\",\"@graph\":[{\"@type\":\"Article\",\"@id\":\"https:\/\/brasilnoticias.org\/site\/stf-decide-que-proxima-vaga-no-tce-ba-deve-ser-ocupada-por-auditor\/#article\",\"isPartOf\":{\"@id\":\"https:\/\/brasilnoticias.org\/site\/stf-decide-que-proxima-vaga-no-tce-ba-deve-ser-ocupada-por-auditor\/\"},\"author\":{\"name\":\"Reda\u00e7\u00e3o\",\"@id\":\"https:\/\/brasilnoticias.org\/site\/#\/schema\/person\/03bbbfe6c7634ad18c26444ea39049fa\"},\"headline\":\"STF decide que pr\u00f3xima vaga no TCE-BA deve ser ocupada por auditor\",\"datePublished\":\"2026-03-25T11:26:21+00:00\",\"mainEntityOfPage\":{\"@id\":\"https:\/\/brasilnoticias.org\/site\/stf-decide-que-proxima-vaga-no-tce-ba-deve-ser-ocupada-por-auditor\/\"},\"wordCount\":378,\"commentCount\":0,\"publisher\":{\"@id\":\"https:\/\/brasilnoticias.org\/site\/#organization\"},\"image\":{\"@id\":\"https:\/\/brasilnoticias.org\/site\/stf-decide-que-proxima-vaga-no-tce-ba-deve-ser-ocupada-por-auditor\/#primaryimage\"},\"thumbnailUrl\":\"https:\/\/brasilnoticias.org\/site\/wp-content\/uploads\/2026\/03\/IMAGEM_NOTICIA_9-4.webp\",\"articleSection\":[\"Pol\u00edtica\",\"\u00daltimas\"],\"inLanguage\":\"pt-PT\",\"potentialAction\":[{\"@type\":\"CommentAction\",\"name\":\"Comment\",\"target\":[\"https:\/\/brasilnoticias.org\/site\/stf-decide-que-proxima-vaga-no-tce-ba-deve-ser-ocupada-por-auditor\/#respond\"]}]},{\"@type\":\"WebPage\",\"@id\":\"https:\/\/brasilnoticias.org\/site\/stf-decide-que-proxima-vaga-no-tce-ba-deve-ser-ocupada-por-auditor\/\",\"url\":\"https:\/\/brasilnoticias.org\/site\/stf-decide-que-proxima-vaga-no-tce-ba-deve-ser-ocupada-por-auditor\/\",\"name\":\"STF decide que pr\u00f3xima vaga no TCE-BA deve ser ocupada por auditor - Brasil not\u00edcias\",\"isPartOf\":{\"@id\":\"https:\/\/brasilnoticias.org\/site\/#website\"},\"primaryImageOfPage\":{\"@id\":\"https:\/\/brasilnoticias.org\/site\/stf-decide-que-proxima-vaga-no-tce-ba-deve-ser-ocupada-por-auditor\/#primaryimage\"},\"image\":{\"@id\":\"https:\/\/brasilnoticias.org\/site\/stf-decide-que-proxima-vaga-no-tce-ba-deve-ser-ocupada-por-auditor\/#primaryimage\"},\"thumbnailUrl\":\"https:\/\/brasilnoticias.org\/site\/wp-content\/uploads\/2026\/03\/IMAGEM_NOTICIA_9-4.webp\",\"datePublished\":\"2026-03-25T11:26:21+00:00\",\"breadcrumb\":{\"@id\":\"https:\/\/brasilnoticias.org\/site\/stf-decide-que-proxima-vaga-no-tce-ba-deve-ser-ocupada-por-auditor\/#breadcrumb\"},\"inLanguage\":\"pt-PT\",\"potentialAction\":[{\"@type\":\"ReadAction\",\"target\":[\"https:\/\/brasilnoticias.org\/site\/stf-decide-que-proxima-vaga-no-tce-ba-deve-ser-ocupada-por-auditor\/\"]}]},{\"@type\":\"ImageObject\",\"inLanguage\":\"pt-PT\",\"@id\":\"https:\/\/brasilnoticias.org\/site\/stf-decide-que-proxima-vaga-no-tce-ba-deve-ser-ocupada-por-auditor\/#primaryimage\",\"url\":\"https:\/\/brasilnoticias.org\/site\/wp-content\/uploads\/2026\/03\/IMAGEM_NOTICIA_9-4.webp\",\"contentUrl\":\"https:\/\/brasilnoticias.org\/site\/wp-content\/uploads\/2026\/03\/IMAGEM_NOTICIA_9-4.webp\",\"width\":1200,\"height\":630,\"caption\":\"Foto: Mateus Pereira \/ GovBA\"},{\"@type\":\"BreadcrumbList\",\"@id\":\"https:\/\/brasilnoticias.org\/site\/stf-decide-que-proxima-vaga-no-tce-ba-deve-ser-ocupada-por-auditor\/#breadcrumb\",\"itemListElement\":[{\"@type\":\"ListItem\",\"position\":1,\"name\":\"In\u00edcio\",\"item\":\"https:\/\/brasilnoticias.org\/site\/\"},{\"@type\":\"ListItem\",\"position\":2,\"name\":\"STF decide que pr\u00f3xima vaga no TCE-BA deve ser ocupada por auditor\"}]},{\"@type\":\"WebSite\",\"@id\":\"https:\/\/brasilnoticias.org\/site\/#website\",\"url\":\"https:\/\/brasilnoticias.org\/site\/\",\"name\":\"Brasil not\u00edcias\",\"description\":\"Brasil not\u00edcias\",\"publisher\":{\"@id\":\"https:\/\/brasilnoticias.org\/site\/#organization\"},\"potentialAction\":[{\"@type\":\"SearchAction\",\"target\":{\"@type\":\"EntryPoint\",\"urlTemplate\":\"https:\/\/brasilnoticias.org\/site\/?s={search_term_string}\"},\"query-input\":{\"@type\":\"PropertyValueSpecification\",\"valueRequired\":true,\"valueName\":\"search_term_string\"}}],\"inLanguage\":\"pt-PT\"},{\"@type\":\"Organization\",\"@id\":\"https:\/\/brasilnoticias.org\/site\/#organization\",\"name\":\"Brasil not\u00edcias\",\"url\":\"https:\/\/brasilnoticias.org\/site\/\",\"logo\":{\"@type\":\"ImageObject\",\"inLanguage\":\"pt-PT\",\"@id\":\"https:\/\/brasilnoticias.org\/site\/#\/schema\/logo\/image\/\",\"url\":\"https:\/\/brasilnoticias.org\/site\/wp-content\/uploads\/2022\/05\/cropped-brasilnoticias-mini.jpg\",\"contentUrl\":\"https:\/\/brasilnoticias.org\/site\/wp-content\/uploads\/2022\/05\/cropped-brasilnoticias-mini.jpg\",\"width\":314,\"height\":86,\"caption\":\"Brasil not\u00edcias\"},\"image\":{\"@id\":\"https:\/\/brasilnoticias.org\/site\/#\/schema\/logo\/image\/\"}},{\"@type\":\"Person\",\"@id\":\"https:\/\/brasilnoticias.org\/site\/#\/schema\/person\/03bbbfe6c7634ad18c26444ea39049fa\",\"name\":\"Reda\u00e7\u00e3o\",\"image\":{\"@type\":\"ImageObject\",\"inLanguage\":\"pt-PT\",\"@id\":\"https:\/\/brasilnoticias.org\/site\/#\/schema\/person\/image\/\",\"url\":\"https:\/\/secure.gravatar.com\/avatar\/9ecaf7327a696cb23ad926fedded5f1f04d7049de9e445375d55b48c001a6e42?s=96&d=mm&r=g\",\"contentUrl\":\"https:\/\/secure.gravatar.com\/avatar\/9ecaf7327a696cb23ad926fedded5f1f04d7049de9e445375d55b48c001a6e42?s=96&d=mm&r=g\",\"caption\":\"Reda\u00e7\u00e3o\"},\"url\":\"https:\/\/brasilnoticias.org\/site\/author\/henrique\/\"}]}<\/script>\n<!-- \/ Yoast SEO plugin. -->","yoast_head_json":{"title":"STF decide que pr\u00f3xima vaga no TCE-BA deve ser ocupada por auditor - Brasil not\u00edcias","robots":{"index":"index","follow":"follow","max-snippet":"max-snippet:-1","max-image-preview":"max-image-preview:large","max-video-preview":"max-video-preview:-1"},"canonical":"https:\/\/brasilnoticias.org\/site\/stf-decide-que-proxima-vaga-no-tce-ba-deve-ser-ocupada-por-auditor\/","og_locale":"pt_PT","og_type":"article","og_title":"STF decide que pr\u00f3xima vaga no TCE-BA deve ser ocupada por auditor - Brasil not\u00edcias","og_description":"O Supremo Tribunal Federal (STF) decidiu, por unanimidade, que a pr\u00f3xima vaga de conselheiro no Tribunal de Contas do Estado","og_url":"https:\/\/brasilnoticias.org\/site\/stf-decide-que-proxima-vaga-no-tce-ba-deve-ser-ocupada-por-auditor\/","og_site_name":"Brasil not\u00edcias","article_published_time":"2026-03-25T11:26:21+00:00","og_image":[{"width":1200,"height":630,"url":"https:\/\/brasilnoticias.org\/site\/wp-content\/uploads\/2026\/03\/IMAGEM_NOTICIA_9-4.webp","type":"image\/webp"}],"author":"Reda\u00e7\u00e3o","twitter_card":"summary_large_image","twitter_misc":{"Escrito por":"Reda\u00e7\u00e3o","Tempo estimado de leitura":"2 minutos"},"schema":{"@context":"https:\/\/schema.org","@graph":[{"@type":"Article","@id":"https:\/\/brasilnoticias.org\/site\/stf-decide-que-proxima-vaga-no-tce-ba-deve-ser-ocupada-por-auditor\/#article","isPartOf":{"@id":"https:\/\/brasilnoticias.org\/site\/stf-decide-que-proxima-vaga-no-tce-ba-deve-ser-ocupada-por-auditor\/"},"author":{"name":"Reda\u00e7\u00e3o","@id":"https:\/\/brasilnoticias.org\/site\/#\/schema\/person\/03bbbfe6c7634ad18c26444ea39049fa"},"headline":"STF decide que pr\u00f3xima vaga no TCE-BA deve ser ocupada por auditor","datePublished":"2026-03-25T11:26:21+00:00","mainEntityOfPage":{"@id":"https:\/\/brasilnoticias.org\/site\/stf-decide-que-proxima-vaga-no-tce-ba-deve-ser-ocupada-por-auditor\/"},"wordCount":378,"commentCount":0,"publisher":{"@id":"https:\/\/brasilnoticias.org\/site\/#organization"},"image":{"@id":"https:\/\/brasilnoticias.org\/site\/stf-decide-que-proxima-vaga-no-tce-ba-deve-ser-ocupada-por-auditor\/#primaryimage"},"thumbnailUrl":"https:\/\/brasilnoticias.org\/site\/wp-content\/uploads\/2026\/03\/IMAGEM_NOTICIA_9-4.webp","articleSection":["Pol\u00edtica","\u00daltimas"],"inLanguage":"pt-PT","potentialAction":[{"@type":"CommentAction","name":"Comment","target":["https:\/\/brasilnoticias.org\/site\/stf-decide-que-proxima-vaga-no-tce-ba-deve-ser-ocupada-por-auditor\/#respond"]}]},{"@type":"WebPage","@id":"https:\/\/brasilnoticias.org\/site\/stf-decide-que-proxima-vaga-no-tce-ba-deve-ser-ocupada-por-auditor\/","url":"https:\/\/brasilnoticias.org\/site\/stf-decide-que-proxima-vaga-no-tce-ba-deve-ser-ocupada-por-auditor\/","name":"STF decide que pr\u00f3xima vaga no TCE-BA deve ser ocupada por auditor - Brasil not\u00edcias","isPartOf":{"@id":"https:\/\/brasilnoticias.org\/site\/#website"},"primaryImageOfPage":{"@id":"https:\/\/brasilnoticias.org\/site\/stf-decide-que-proxima-vaga-no-tce-ba-deve-ser-ocupada-por-auditor\/#primaryimage"},"image":{"@id":"https:\/\/brasilnoticias.org\/site\/stf-decide-que-proxima-vaga-no-tce-ba-deve-ser-ocupada-por-auditor\/#primaryimage"},"thumbnailUrl":"https:\/\/brasilnoticias.org\/site\/wp-content\/uploads\/2026\/03\/IMAGEM_NOTICIA_9-4.webp","datePublished":"2026-03-25T11:26:21+00:00","breadcrumb":{"@id":"https:\/\/brasilnoticias.org\/site\/stf-decide-que-proxima-vaga-no-tce-ba-deve-ser-ocupada-por-auditor\/#breadcrumb"},"inLanguage":"pt-PT","potentialAction":[{"@type":"ReadAction","target":["https:\/\/brasilnoticias.org\/site\/stf-decide-que-proxima-vaga-no-tce-ba-deve-ser-ocupada-por-auditor\/"]}]},{"@type":"ImageObject","inLanguage":"pt-PT","@id":"https:\/\/brasilnoticias.org\/site\/stf-decide-que-proxima-vaga-no-tce-ba-deve-ser-ocupada-por-auditor\/#primaryimage","url":"https:\/\/brasilnoticias.org\/site\/wp-content\/uploads\/2026\/03\/IMAGEM_NOTICIA_9-4.webp","contentUrl":"https:\/\/brasilnoticias.org\/site\/wp-content\/uploads\/2026\/03\/IMAGEM_NOTICIA_9-4.webp","width":1200,"height":630,"caption":"Foto: Mateus Pereira \/ GovBA"},{"@type":"BreadcrumbList","@id":"https:\/\/brasilnoticias.org\/site\/stf-decide-que-proxima-vaga-no-tce-ba-deve-ser-ocupada-por-auditor\/#breadcrumb","itemListElement":[{"@type":"ListItem","position":1,"name":"In\u00edcio","item":"https:\/\/brasilnoticias.org\/site\/"},{"@type":"ListItem","position":2,"name":"STF decide que pr\u00f3xima vaga no TCE-BA deve ser ocupada por auditor"}]},{"@type":"WebSite","@id":"https:\/\/brasilnoticias.org\/site\/#website","url":"https:\/\/brasilnoticias.org\/site\/","name":"Brasil not\u00edcias","description":"Brasil not\u00edcias","publisher":{"@id":"https:\/\/brasilnoticias.org\/site\/#organization"},"potentialAction":[{"@type":"SearchAction","target":{"@type":"EntryPoint","urlTemplate":"https:\/\/brasilnoticias.org\/site\/?s={search_term_string}"},"query-input":{"@type":"PropertyValueSpecification","valueRequired":true,"valueName":"search_term_string"}}],"inLanguage":"pt-PT"},{"@type":"Organization","@id":"https:\/\/brasilnoticias.org\/site\/#organization","name":"Brasil not\u00edcias","url":"https:\/\/brasilnoticias.org\/site\/","logo":{"@type":"ImageObject","inLanguage":"pt-PT","@id":"https:\/\/brasilnoticias.org\/site\/#\/schema\/logo\/image\/","url":"https:\/\/brasilnoticias.org\/site\/wp-content\/uploads\/2022\/05\/cropped-brasilnoticias-mini.jpg","contentUrl":"https:\/\/brasilnoticias.org\/site\/wp-content\/uploads\/2022\/05\/cropped-brasilnoticias-mini.jpg","width":314,"height":86,"caption":"Brasil not\u00edcias"},"image":{"@id":"https:\/\/brasilnoticias.org\/site\/#\/schema\/logo\/image\/"}},{"@type":"Person","@id":"https:\/\/brasilnoticias.org\/site\/#\/schema\/person\/03bbbfe6c7634ad18c26444ea39049fa","name":"Reda\u00e7\u00e3o","image":{"@type":"ImageObject","inLanguage":"pt-PT","@id":"https:\/\/brasilnoticias.org\/site\/#\/schema\/person\/image\/","url":"https:\/\/secure.gravatar.com\/avatar\/9ecaf7327a696cb23ad926fedded5f1f04d7049de9e445375d55b48c001a6e42?s=96&d=mm&r=g","contentUrl":"https:\/\/secure.gravatar.com\/avatar\/9ecaf7327a696cb23ad926fedded5f1f04d7049de9e445375d55b48c001a6e42?s=96&d=mm&r=g","caption":"Reda\u00e7\u00e3o"},"url":"https:\/\/brasilnoticias.org\/site\/author\/henrique\/"}]}},"_links":{"self":[{"href":"https:\/\/brasilnoticias.org\/site\/wp-json\/wp\/v2\/posts\/21154","targetHints":{"allow":["GET"]}}],"collection":[{"href":"https:\/\/brasilnoticias.org\/site\/wp-json\/wp\/v2\/posts"}],"about":[{"href":"https:\/\/brasilnoticias.org\/site\/wp-json\/wp\/v2\/types\/post"}],"author":[{"embeddable":true,"href":"https:\/\/brasilnoticias.org\/site\/wp-json\/wp\/v2\/users\/4"}],"replies":[{"embeddable":true,"href":"https:\/\/brasilnoticias.org\/site\/wp-json\/wp\/v2\/comments?post=21154"}],"version-history":[{"count":1,"href":"https:\/\/brasilnoticias.org\/site\/wp-json\/wp\/v2\/posts\/21154\/revisions"}],"predecessor-version":[{"id":21156,"href":"https:\/\/brasilnoticias.org\/site\/wp-json\/wp\/v2\/posts\/21154\/revisions\/21156"}],"wp:featuredmedia":[{"embeddable":true,"href":"https:\/\/brasilnoticias.org\/site\/wp-json\/wp\/v2\/media\/21155"}],"wp:attachment":[{"href":"https:\/\/brasilnoticias.org\/site\/wp-json\/wp\/v2\/media?parent=21154"}],"wp:term":[{"taxonomy":"category","embeddable":true,"href":"https:\/\/brasilnoticias.org\/site\/wp-json\/wp\/v2\/categories?post=21154"},{"taxonomy":"post_tag","embeddable":true,"href":"https:\/\/brasilnoticias.org\/site\/wp-json\/wp\/v2\/tags?post=21154"}],"curies":[{"name":"wp","href":"https:\/\/api.w.org\/{rel}","templated":true}]}}