{"id":21157,"date":"2026-03-25T08:31:46","date_gmt":"2026-03-25T11:31:46","guid":{"rendered":"https:\/\/brasilnoticias.org\/site\/?p=21157"},"modified":"2026-03-25T08:31:46","modified_gmt":"2026-03-25T11:31:46","slug":"icms-vira-valvula-de-escape-de-insatisfacao-difusa-e-acende-alerta-no-governo","status":"publish","type":"post","link":"https:\/\/brasilnoticias.org\/site\/icms-vira-valvula-de-escape-de-insatisfacao-difusa-e-acende-alerta-no-governo\/","title":{"rendered":"ICMS vira v\u00e1lvula de escape de insatisfa\u00e7\u00e3o difusa \u2014 e acende alerta no governo"},"content":{"rendered":"<h2 class=\"self-stretch font-sans text-headline-6 font-normal tracking-tight text-neutral-50\">Protesto de motoristas exp\u00f5e desorganiza\u00e7\u00e3o, desinforma\u00e7\u00e3o e dificuldade de interlocu\u00e7\u00e3o com o Estado; base governista admite que ainda n\u00e3o tratou diretamente com Jer\u00f4nimo<\/h2>\n<p>&nbsp;<\/p>\n<p>O\u00a0<strong>protesto de mototaxistas e motoristas por aplicativo<\/strong>\u00a0que tomou ruas estrat\u00e9gicas de Salvador nesta ter\u00e7a-feira (24) foi\u00a0<strong>mais do que uma press\u00e3o pontual contra o ICMS<\/strong>: revelou um\u00a0<strong>movimento pulverizado, sem lideran\u00e7a clara e com forte carga de desinforma\u00e7\u00e3o\u00a0<\/strong>\u2014 combina\u00e7\u00e3o que j\u00e1 acende alerta dentro do governo estadual.<\/p>\n<p>A manifesta\u00e7\u00e3o come\u00e7ou na Avenida ACM, avan\u00e7ou at\u00e9 a Assembleia Legislativa da Bahia (Alba) e terminou com bloqueios na regi\u00e3o do aeroporto, ap\u00f3s um encontro sem resultados concretos com deputados estaduais.<\/p>\n<p>At\u00e9 a\u00ed, o factual. O que est\u00e1 por tr\u00e1s, no entanto, \u00e9 mais sens\u00edvel.<\/p>\n<h2><strong>Um movimento grande \u2014 e sem comando<\/p>\n<p><\/strong><\/h2>\n<p>Diferentemente de mobiliza\u00e7\u00f5es tradicionais, o ato n\u00e3o tem vincula\u00e7\u00e3o com sindicatos nem com estruturas organizadas. N\u00e3o h\u00e1 porta-vozes definidos, pauta consolidada ou capacidade de negocia\u00e7\u00e3o institucional.<\/p>\n<p>Na pr\u00e1tica, isso ficou evidente nas pr\u00f3prias reivindica\u00e7\u00f5es.<\/p>\n<p>Durante o protesto, alguns participantes defendiam que o fim de benef\u00edcios como o chamado \u201caux\u00edlio palet\u00f3\u201d \u2014 que n\u00e3o existe \u2014 e o \u201caux\u00edlio moradia\u201d dos deputados seria suficiente para zerar o ICMS dos combust\u00edveis. Al\u00e9m da imprecis\u00e3o factual, o racioc\u00ednio ignora completamente a l\u00f3gica da pol\u00edtica fiscal.<\/p>\n<p>Esse tipo de discurso, ouvido com frequ\u00eancia ao longo do ato, refor\u00e7a o diagn\u00f3stico interno de que h\u00e1 um contingente expressivo de trabalhadores mobilizados, mas sem informa\u00e7\u00e3o adequada e sem articula\u00e7\u00e3o pol\u00edtica m\u00ednima.<\/p>\n<p>E \u00e9 exatamente isso que preocupa.<\/p>\n<p>Sem lideran\u00e7a, n\u00e3o h\u00e1 canal de negocia\u00e7\u00e3o. Sem canal, cresce o risco de radicaliza\u00e7\u00e3o espont\u00e2nea.<\/p>\n<h2><strong>A tentativa de conten\u00e7\u00e3o<\/p>\n<p><\/strong><\/h2>\n<p>Inicialmente, um grupo reduzido foi escolhido para conversar com parlamentares dentro da Alba, em reuni\u00e3o de comiss\u00e3o.<\/p>\n<p>Mas, diante da press\u00e3o externa, o movimento for\u00e7ou uma cena mais simb\u00f3lica: quatro deputados deixaram os gabinetes e desceram para falar diretamente com os manifestantes, sob forte esquema de seguran\u00e7a e presen\u00e7a da tropa de Choque.<\/p>\n<p>Participaram da conversa a primeira vice-presidente da Casa,\u00a0<strong>F\u00e1tima Nunes\u00a0<\/strong>(PT), o l\u00edder do governo,\u00a0<strong>Rosemberg Pinto<\/strong>\u00a0(PT), o l\u00edder petista\u00a0<strong>Marcelino Galo\u00a0<\/strong>e o deputado\u00a0<strong>Hilton Coelho<\/strong>\u00a0(PSOL).<\/p>\n<p>A oposi\u00e7\u00e3o j\u00e1 havia se reunido com representantes do grupo na semana anterior, o que aumentou a expectativa por uma resposta mais concreta da base governista.<\/p>\n<p>N\u00e3o veio.<\/p>\n<h2><strong>O governo pede tempo \u2014 e admite que ainda n\u00e3o entrou no jogo<\/p>\n<p><\/strong><\/h2>\n<p>Durante a conversa, F\u00e1tima Nunes justificou a aus\u00eancia da presidente da Alba,\u00a0<strong>Ivana Bastos<\/strong>\u00a0(PSD), que est\u00e1 em Bras\u00edlia, e afirmou que o governo busca \u201cum caminho\u201d em di\u00e1logo com a Uni\u00e3o.<\/p>\n<p>Rosemberg tentou reduzir a tens\u00e3o ao afirmar que \u201cessa luta n\u00e3o \u00e9 s\u00f3 de voc\u00eas, mas nossa tamb\u00e9m\u201d, e indicou que o governador\u00a0<strong>Jer\u00f4nimo Rodrigues\u00a0<\/strong>articula, junto a outros estados, uma reuni\u00e3o com o presidente Lula para discutir compensa\u00e7\u00f5es federais.<\/p>\n<p>A sinaliza\u00e7\u00e3o \u00e9 de curto prazo: a expectativa, segundo ele, \u00e9 de que haja alguma proposta ainda esta semana.<\/p>\n<p>Nos bastidores, por\u00e9m, a leitura \u00e9 mais cautelosa.<\/p>\n<p>O pr\u00f3prio l\u00edder governista reconheceu, em conversa com o\u00a0<a href=\"https:\/\/www.blogdovila.com.br\/\" target=\"_blank\" rel=\"noopener\"><strong>Blog do Vila<\/strong><\/a>, que\u00a0<strong>o adiamento para 1\u00ba de junho da mudan\u00e7a no ICMS do etanol deu f\u00f4lego ao Executivo<\/strong>. O movimento foi interpretado internamente como uma\u00a0<strong>forma de \u201cganhar tempo\u201d enquanto se aguarda uma solu\u00e7\u00e3o nacional<\/strong>.<\/p>\n<p>Mais revelador ainda foi o que admitiu Galo: os deputados ainda n\u00e3o conversaram diretamente com o governador sobre o tema.<\/p>\n<p>Ou seja, a crise chegou \u00e0 porta da Assembleia antes de ser efetivamente absorvida pelo n\u00facleo pol\u00edtico do governo.<\/p>\n<h2><strong>Entre o al\u00edvio federal e o impasse estadual<\/p>\n<p><\/strong><\/h2>\n<p>O pano de fundo da mobiliza\u00e7\u00e3o passa por decis\u00f5es recentes em Bras\u00edlia.<\/p>\n<p>No \u00faltimo dia 12, o\u00a0<strong>governo Lula zerou temporariamente as al\u00edquotas de PIS e Cofins sobre o diesel<\/strong>, em uma tentativa de conter os efeitos da escalada de pre\u00e7os provocada pela tens\u00e3o no Oriente M\u00e9dio.<\/p>\n<p>A medida pode reduzir o valor do combust\u00edvel nas refinarias em cerca de R$ 0,64 por litro.<\/p>\n<p>Ainda assim, o impacto n\u00e3o resolve o problema estrutural dos estados, que dependem do ICMS como principal fonte de arrecada\u00e7\u00e3o.<\/p>\n<p>Na Bahia, a situa\u00e7\u00e3o \u00e9 ainda mais sens\u00edvel.<\/p>\n<p>Desde 2023, o estado revisou al\u00edquotas para cima em mais de uma ocasi\u00e3o e figura entre os que possuem maior carga tribut\u00e1ria sobre combust\u00edveis. Ao mesmo tempo, decidiu adiar para junho a mudan\u00e7a no imposto sobre o etanol, mantendo a taxa em 12,86% para preservar a competitividade.<\/p>\n<p>O dilema \u00e9 claro: reduzir imposto pressiona as contas p\u00fablicas; manter, amplia a insatisfa\u00e7\u00e3o social.<\/p>\n<h2><strong>O risco que ficou exposto<\/p>\n<p><\/strong><\/h2>\n<p>O epis\u00f3dio desta ter\u00e7a deixa um recado que vai al\u00e9m do ICMS.<\/p>\n<p>Salvador tem hoje um n\u00famero crescente de trabalhadores informais ligados ao transporte por aplicativo e motot\u00e1xi \u2014 uma base numerosa, com alta capacidade de mobiliza\u00e7\u00e3o e baixa estrutura de organiza\u00e7\u00e3o.<\/p>\n<p>Quando a massa se movimenta sem lideran\u00e7a, sem informa\u00e7\u00e3o e sem interlocu\u00e7\u00e3o institucional, o resultado tende a ser imprevis\u00edvel.<\/p>\n<p>O governo ganhou tempo.<\/p>\n<p>Mas o tempo, sozinho, dificilmente resolve esse tipo de press\u00e3o.<\/p>\n<p>Fonte: <a href=\"https:\/\/www.blogdovila.com.br\/noticia\/icms-alba\">Blog do Vila<\/a><\/p>\n","protected":false},"excerpt":{"rendered":"<p>Protesto de motoristas exp\u00f5e desorganiza\u00e7\u00e3o, desinforma\u00e7\u00e3o e dificuldade de interlocu\u00e7\u00e3o com o Estado; base governista admite que ainda n\u00e3o tratou<\/p>\n","protected":false},"author":4,"featured_media":21158,"comment_status":"open","ping_status":"open","sticky":false,"template":"","format":"standard","meta":{"colormag_page_container_layout":"default_layout","colormag_page_sidebar_layout":"default_layout","_FSMCFIC_featured_image_caption":"","_FSMCFIC_featured_image_nocaption":"","_FSMCFIC_featured_image_hide":"","footnotes":""},"categories":[5,1],"tags":[],"class_list":["post-21157","post","type-post","status-publish","format-standard","has-post-thumbnail","hentry","category-politica","category-ultimas"],"yoast_head":"<!-- This site is optimized with the Yoast SEO plugin v27.1.1 - https:\/\/yoast.com\/product\/yoast-seo-wordpress\/ -->\n<title>ICMS vira v\u00e1lvula de escape de insatisfa\u00e7\u00e3o difusa \u2014 e acende alerta no governo - Brasil not\u00edcias<\/title>\n<meta name=\"robots\" content=\"index, follow, max-snippet:-1, max-image-preview:large, max-video-preview:-1\" \/>\n<link rel=\"canonical\" href=\"https:\/\/brasilnoticias.org\/site\/icms-vira-valvula-de-escape-de-insatisfacao-difusa-e-acende-alerta-no-governo\/\" \/>\n<meta property=\"og:locale\" content=\"pt_PT\" \/>\n<meta property=\"og:type\" content=\"article\" \/>\n<meta property=\"og:title\" content=\"ICMS vira v\u00e1lvula de escape de insatisfa\u00e7\u00e3o difusa \u2014 e acende alerta no governo - Brasil not\u00edcias\" \/>\n<meta property=\"og:description\" content=\"Protesto de motoristas exp\u00f5e desorganiza\u00e7\u00e3o, desinforma\u00e7\u00e3o e dificuldade de interlocu\u00e7\u00e3o com o Estado; base governista admite que ainda n\u00e3o tratou\" \/>\n<meta property=\"og:url\" content=\"https:\/\/brasilnoticias.org\/site\/icms-vira-valvula-de-escape-de-insatisfacao-difusa-e-acende-alerta-no-governo\/\" \/>\n<meta property=\"og:site_name\" content=\"Brasil not\u00edcias\" \/>\n<meta property=\"article:published_time\" content=\"2026-03-25T11:31:46+00:00\" \/>\n<meta property=\"og:image\" content=\"https:\/\/brasilnoticias.org\/site\/wp-content\/uploads\/2026\/03\/WhatsApp-Image-2026-03-24-at-21.07.11.jpeg\" \/>\n\t<meta property=\"og:image:width\" content=\"1280\" \/>\n\t<meta property=\"og:image:height\" content=\"720\" \/>\n\t<meta property=\"og:image:type\" content=\"image\/jpeg\" \/>\n<meta name=\"author\" content=\"Reda\u00e7\u00e3o\" \/>\n<meta name=\"twitter:card\" content=\"summary_large_image\" \/>\n<meta name=\"twitter:label1\" content=\"Escrito por\" \/>\n\t<meta name=\"twitter:data1\" content=\"Reda\u00e7\u00e3o\" \/>\n\t<meta name=\"twitter:label2\" content=\"Tempo estimado de leitura\" \/>\n\t<meta name=\"twitter:data2\" content=\"5 minutos\" \/>\n<script type=\"application\/ld+json\" class=\"yoast-schema-graph\">{\"@context\":\"https:\/\/schema.org\",\"@graph\":[{\"@type\":\"Article\",\"@id\":\"https:\/\/brasilnoticias.org\/site\/icms-vira-valvula-de-escape-de-insatisfacao-difusa-e-acende-alerta-no-governo\/#article\",\"isPartOf\":{\"@id\":\"https:\/\/brasilnoticias.org\/site\/icms-vira-valvula-de-escape-de-insatisfacao-difusa-e-acende-alerta-no-governo\/\"},\"author\":{\"name\":\"Reda\u00e7\u00e3o\",\"@id\":\"https:\/\/brasilnoticias.org\/site\/#\/schema\/person\/03bbbfe6c7634ad18c26444ea39049fa\"},\"headline\":\"ICMS vira v\u00e1lvula de escape de insatisfa\u00e7\u00e3o difusa \u2014 e acende alerta no governo\",\"datePublished\":\"2026-03-25T11:31:46+00:00\",\"mainEntityOfPage\":{\"@id\":\"https:\/\/brasilnoticias.org\/site\/icms-vira-valvula-de-escape-de-insatisfacao-difusa-e-acende-alerta-no-governo\/\"},\"wordCount\":930,\"commentCount\":0,\"publisher\":{\"@id\":\"https:\/\/brasilnoticias.org\/site\/#organization\"},\"image\":{\"@id\":\"https:\/\/brasilnoticias.org\/site\/icms-vira-valvula-de-escape-de-insatisfacao-difusa-e-acende-alerta-no-governo\/#primaryimage\"},\"thumbnailUrl\":\"https:\/\/brasilnoticias.org\/site\/wp-content\/uploads\/2026\/03\/WhatsApp-Image-2026-03-24-at-21.07.11.jpeg\",\"articleSection\":[\"Pol\u00edtica\",\"\u00daltimas\"],\"inLanguage\":\"pt-PT\",\"potentialAction\":[{\"@type\":\"CommentAction\",\"name\":\"Comment\",\"target\":[\"https:\/\/brasilnoticias.org\/site\/icms-vira-valvula-de-escape-de-insatisfacao-difusa-e-acende-alerta-no-governo\/#respond\"]}]},{\"@type\":\"WebPage\",\"@id\":\"https:\/\/brasilnoticias.org\/site\/icms-vira-valvula-de-escape-de-insatisfacao-difusa-e-acende-alerta-no-governo\/\",\"url\":\"https:\/\/brasilnoticias.org\/site\/icms-vira-valvula-de-escape-de-insatisfacao-difusa-e-acende-alerta-no-governo\/\",\"name\":\"ICMS vira v\u00e1lvula de escape de insatisfa\u00e7\u00e3o difusa \u2014 e acende alerta no governo - Brasil not\u00edcias\",\"isPartOf\":{\"@id\":\"https:\/\/brasilnoticias.org\/site\/#website\"},\"primaryImageOfPage\":{\"@id\":\"https:\/\/brasilnoticias.org\/site\/icms-vira-valvula-de-escape-de-insatisfacao-difusa-e-acende-alerta-no-governo\/#primaryimage\"},\"image\":{\"@id\":\"https:\/\/brasilnoticias.org\/site\/icms-vira-valvula-de-escape-de-insatisfacao-difusa-e-acende-alerta-no-governo\/#primaryimage\"},\"thumbnailUrl\":\"https:\/\/brasilnoticias.org\/site\/wp-content\/uploads\/2026\/03\/WhatsApp-Image-2026-03-24-at-21.07.11.jpeg\",\"datePublished\":\"2026-03-25T11:31:46+00:00\",\"breadcrumb\":{\"@id\":\"https:\/\/brasilnoticias.org\/site\/icms-vira-valvula-de-escape-de-insatisfacao-difusa-e-acende-alerta-no-governo\/#breadcrumb\"},\"inLanguage\":\"pt-PT\",\"potentialAction\":[{\"@type\":\"ReadAction\",\"target\":[\"https:\/\/brasilnoticias.org\/site\/icms-vira-valvula-de-escape-de-insatisfacao-difusa-e-acende-alerta-no-governo\/\"]}]},{\"@type\":\"ImageObject\",\"inLanguage\":\"pt-PT\",\"@id\":\"https:\/\/brasilnoticias.org\/site\/icms-vira-valvula-de-escape-de-insatisfacao-difusa-e-acende-alerta-no-governo\/#primaryimage\",\"url\":\"https:\/\/brasilnoticias.org\/site\/wp-content\/uploads\/2026\/03\/WhatsApp-Image-2026-03-24-at-21.07.11.jpeg\",\"contentUrl\":\"https:\/\/brasilnoticias.org\/site\/wp-content\/uploads\/2026\/03\/WhatsApp-Image-2026-03-24-at-21.07.11.jpeg\",\"width\":1280,\"height\":720,\"caption\":\"Evil\u00e1sio J\u00fanior\"},{\"@type\":\"BreadcrumbList\",\"@id\":\"https:\/\/brasilnoticias.org\/site\/icms-vira-valvula-de-escape-de-insatisfacao-difusa-e-acende-alerta-no-governo\/#breadcrumb\",\"itemListElement\":[{\"@type\":\"ListItem\",\"position\":1,\"name\":\"In\u00edcio\",\"item\":\"https:\/\/brasilnoticias.org\/site\/\"},{\"@type\":\"ListItem\",\"position\":2,\"name\":\"ICMS vira v\u00e1lvula de escape de insatisfa\u00e7\u00e3o difusa \u2014 e acende alerta no governo\"}]},{\"@type\":\"WebSite\",\"@id\":\"https:\/\/brasilnoticias.org\/site\/#website\",\"url\":\"https:\/\/brasilnoticias.org\/site\/\",\"name\":\"Brasil not\u00edcias\",\"description\":\"Brasil not\u00edcias\",\"publisher\":{\"@id\":\"https:\/\/brasilnoticias.org\/site\/#organization\"},\"potentialAction\":[{\"@type\":\"SearchAction\",\"target\":{\"@type\":\"EntryPoint\",\"urlTemplate\":\"https:\/\/brasilnoticias.org\/site\/?s={search_term_string}\"},\"query-input\":{\"@type\":\"PropertyValueSpecification\",\"valueRequired\":true,\"valueName\":\"search_term_string\"}}],\"inLanguage\":\"pt-PT\"},{\"@type\":\"Organization\",\"@id\":\"https:\/\/brasilnoticias.org\/site\/#organization\",\"name\":\"Brasil not\u00edcias\",\"url\":\"https:\/\/brasilnoticias.org\/site\/\",\"logo\":{\"@type\":\"ImageObject\",\"inLanguage\":\"pt-PT\",\"@id\":\"https:\/\/brasilnoticias.org\/site\/#\/schema\/logo\/image\/\",\"url\":\"https:\/\/brasilnoticias.org\/site\/wp-content\/uploads\/2022\/05\/cropped-brasilnoticias-mini.jpg\",\"contentUrl\":\"https:\/\/brasilnoticias.org\/site\/wp-content\/uploads\/2022\/05\/cropped-brasilnoticias-mini.jpg\",\"width\":314,\"height\":86,\"caption\":\"Brasil not\u00edcias\"},\"image\":{\"@id\":\"https:\/\/brasilnoticias.org\/site\/#\/schema\/logo\/image\/\"}},{\"@type\":\"Person\",\"@id\":\"https:\/\/brasilnoticias.org\/site\/#\/schema\/person\/03bbbfe6c7634ad18c26444ea39049fa\",\"name\":\"Reda\u00e7\u00e3o\",\"image\":{\"@type\":\"ImageObject\",\"inLanguage\":\"pt-PT\",\"@id\":\"https:\/\/brasilnoticias.org\/site\/#\/schema\/person\/image\/\",\"url\":\"https:\/\/secure.gravatar.com\/avatar\/9ecaf7327a696cb23ad926fedded5f1f04d7049de9e445375d55b48c001a6e42?s=96&d=mm&r=g\",\"contentUrl\":\"https:\/\/secure.gravatar.com\/avatar\/9ecaf7327a696cb23ad926fedded5f1f04d7049de9e445375d55b48c001a6e42?s=96&d=mm&r=g\",\"caption\":\"Reda\u00e7\u00e3o\"},\"url\":\"https:\/\/brasilnoticias.org\/site\/author\/henrique\/\"}]}<\/script>\n<!-- \/ Yoast SEO plugin. -->","yoast_head_json":{"title":"ICMS vira v\u00e1lvula de escape de insatisfa\u00e7\u00e3o difusa \u2014 e acende alerta no governo - Brasil not\u00edcias","robots":{"index":"index","follow":"follow","max-snippet":"max-snippet:-1","max-image-preview":"max-image-preview:large","max-video-preview":"max-video-preview:-1"},"canonical":"https:\/\/brasilnoticias.org\/site\/icms-vira-valvula-de-escape-de-insatisfacao-difusa-e-acende-alerta-no-governo\/","og_locale":"pt_PT","og_type":"article","og_title":"ICMS vira v\u00e1lvula de escape de insatisfa\u00e7\u00e3o difusa \u2014 e acende alerta no governo - Brasil not\u00edcias","og_description":"Protesto de motoristas exp\u00f5e desorganiza\u00e7\u00e3o, desinforma\u00e7\u00e3o e dificuldade de interlocu\u00e7\u00e3o com o Estado; base governista admite que ainda n\u00e3o tratou","og_url":"https:\/\/brasilnoticias.org\/site\/icms-vira-valvula-de-escape-de-insatisfacao-difusa-e-acende-alerta-no-governo\/","og_site_name":"Brasil not\u00edcias","article_published_time":"2026-03-25T11:31:46+00:00","og_image":[{"width":1280,"height":720,"url":"https:\/\/brasilnoticias.org\/site\/wp-content\/uploads\/2026\/03\/WhatsApp-Image-2026-03-24-at-21.07.11.jpeg","type":"image\/jpeg"}],"author":"Reda\u00e7\u00e3o","twitter_card":"summary_large_image","twitter_misc":{"Escrito por":"Reda\u00e7\u00e3o","Tempo estimado de leitura":"5 minutos"},"schema":{"@context":"https:\/\/schema.org","@graph":[{"@type":"Article","@id":"https:\/\/brasilnoticias.org\/site\/icms-vira-valvula-de-escape-de-insatisfacao-difusa-e-acende-alerta-no-governo\/#article","isPartOf":{"@id":"https:\/\/brasilnoticias.org\/site\/icms-vira-valvula-de-escape-de-insatisfacao-difusa-e-acende-alerta-no-governo\/"},"author":{"name":"Reda\u00e7\u00e3o","@id":"https:\/\/brasilnoticias.org\/site\/#\/schema\/person\/03bbbfe6c7634ad18c26444ea39049fa"},"headline":"ICMS vira v\u00e1lvula de escape de insatisfa\u00e7\u00e3o difusa \u2014 e acende alerta no governo","datePublished":"2026-03-25T11:31:46+00:00","mainEntityOfPage":{"@id":"https:\/\/brasilnoticias.org\/site\/icms-vira-valvula-de-escape-de-insatisfacao-difusa-e-acende-alerta-no-governo\/"},"wordCount":930,"commentCount":0,"publisher":{"@id":"https:\/\/brasilnoticias.org\/site\/#organization"},"image":{"@id":"https:\/\/brasilnoticias.org\/site\/icms-vira-valvula-de-escape-de-insatisfacao-difusa-e-acende-alerta-no-governo\/#primaryimage"},"thumbnailUrl":"https:\/\/brasilnoticias.org\/site\/wp-content\/uploads\/2026\/03\/WhatsApp-Image-2026-03-24-at-21.07.11.jpeg","articleSection":["Pol\u00edtica","\u00daltimas"],"inLanguage":"pt-PT","potentialAction":[{"@type":"CommentAction","name":"Comment","target":["https:\/\/brasilnoticias.org\/site\/icms-vira-valvula-de-escape-de-insatisfacao-difusa-e-acende-alerta-no-governo\/#respond"]}]},{"@type":"WebPage","@id":"https:\/\/brasilnoticias.org\/site\/icms-vira-valvula-de-escape-de-insatisfacao-difusa-e-acende-alerta-no-governo\/","url":"https:\/\/brasilnoticias.org\/site\/icms-vira-valvula-de-escape-de-insatisfacao-difusa-e-acende-alerta-no-governo\/","name":"ICMS vira v\u00e1lvula de escape de insatisfa\u00e7\u00e3o difusa \u2014 e acende alerta no governo - Brasil not\u00edcias","isPartOf":{"@id":"https:\/\/brasilnoticias.org\/site\/#website"},"primaryImageOfPage":{"@id":"https:\/\/brasilnoticias.org\/site\/icms-vira-valvula-de-escape-de-insatisfacao-difusa-e-acende-alerta-no-governo\/#primaryimage"},"image":{"@id":"https:\/\/brasilnoticias.org\/site\/icms-vira-valvula-de-escape-de-insatisfacao-difusa-e-acende-alerta-no-governo\/#primaryimage"},"thumbnailUrl":"https:\/\/brasilnoticias.org\/site\/wp-content\/uploads\/2026\/03\/WhatsApp-Image-2026-03-24-at-21.07.11.jpeg","datePublished":"2026-03-25T11:31:46+00:00","breadcrumb":{"@id":"https:\/\/brasilnoticias.org\/site\/icms-vira-valvula-de-escape-de-insatisfacao-difusa-e-acende-alerta-no-governo\/#breadcrumb"},"inLanguage":"pt-PT","potentialAction":[{"@type":"ReadAction","target":["https:\/\/brasilnoticias.org\/site\/icms-vira-valvula-de-escape-de-insatisfacao-difusa-e-acende-alerta-no-governo\/"]}]},{"@type":"ImageObject","inLanguage":"pt-PT","@id":"https:\/\/brasilnoticias.org\/site\/icms-vira-valvula-de-escape-de-insatisfacao-difusa-e-acende-alerta-no-governo\/#primaryimage","url":"https:\/\/brasilnoticias.org\/site\/wp-content\/uploads\/2026\/03\/WhatsApp-Image-2026-03-24-at-21.07.11.jpeg","contentUrl":"https:\/\/brasilnoticias.org\/site\/wp-content\/uploads\/2026\/03\/WhatsApp-Image-2026-03-24-at-21.07.11.jpeg","width":1280,"height":720,"caption":"Evil\u00e1sio J\u00fanior"},{"@type":"BreadcrumbList","@id":"https:\/\/brasilnoticias.org\/site\/icms-vira-valvula-de-escape-de-insatisfacao-difusa-e-acende-alerta-no-governo\/#breadcrumb","itemListElement":[{"@type":"ListItem","position":1,"name":"In\u00edcio","item":"https:\/\/brasilnoticias.org\/site\/"},{"@type":"ListItem","position":2,"name":"ICMS vira v\u00e1lvula de escape de insatisfa\u00e7\u00e3o difusa \u2014 e acende alerta no governo"}]},{"@type":"WebSite","@id":"https:\/\/brasilnoticias.org\/site\/#website","url":"https:\/\/brasilnoticias.org\/site\/","name":"Brasil not\u00edcias","description":"Brasil not\u00edcias","publisher":{"@id":"https:\/\/brasilnoticias.org\/site\/#organization"},"potentialAction":[{"@type":"SearchAction","target":{"@type":"EntryPoint","urlTemplate":"https:\/\/brasilnoticias.org\/site\/?s={search_term_string}"},"query-input":{"@type":"PropertyValueSpecification","valueRequired":true,"valueName":"search_term_string"}}],"inLanguage":"pt-PT"},{"@type":"Organization","@id":"https:\/\/brasilnoticias.org\/site\/#organization","name":"Brasil not\u00edcias","url":"https:\/\/brasilnoticias.org\/site\/","logo":{"@type":"ImageObject","inLanguage":"pt-PT","@id":"https:\/\/brasilnoticias.org\/site\/#\/schema\/logo\/image\/","url":"https:\/\/brasilnoticias.org\/site\/wp-content\/uploads\/2022\/05\/cropped-brasilnoticias-mini.jpg","contentUrl":"https:\/\/brasilnoticias.org\/site\/wp-content\/uploads\/2022\/05\/cropped-brasilnoticias-mini.jpg","width":314,"height":86,"caption":"Brasil not\u00edcias"},"image":{"@id":"https:\/\/brasilnoticias.org\/site\/#\/schema\/logo\/image\/"}},{"@type":"Person","@id":"https:\/\/brasilnoticias.org\/site\/#\/schema\/person\/03bbbfe6c7634ad18c26444ea39049fa","name":"Reda\u00e7\u00e3o","image":{"@type":"ImageObject","inLanguage":"pt-PT","@id":"https:\/\/brasilnoticias.org\/site\/#\/schema\/person\/image\/","url":"https:\/\/secure.gravatar.com\/avatar\/9ecaf7327a696cb23ad926fedded5f1f04d7049de9e445375d55b48c001a6e42?s=96&d=mm&r=g","contentUrl":"https:\/\/secure.gravatar.com\/avatar\/9ecaf7327a696cb23ad926fedded5f1f04d7049de9e445375d55b48c001a6e42?s=96&d=mm&r=g","caption":"Reda\u00e7\u00e3o"},"url":"https:\/\/brasilnoticias.org\/site\/author\/henrique\/"}]}},"_links":{"self":[{"href":"https:\/\/brasilnoticias.org\/site\/wp-json\/wp\/v2\/posts\/21157","targetHints":{"allow":["GET"]}}],"collection":[{"href":"https:\/\/brasilnoticias.org\/site\/wp-json\/wp\/v2\/posts"}],"about":[{"href":"https:\/\/brasilnoticias.org\/site\/wp-json\/wp\/v2\/types\/post"}],"author":[{"embeddable":true,"href":"https:\/\/brasilnoticias.org\/site\/wp-json\/wp\/v2\/users\/4"}],"replies":[{"embeddable":true,"href":"https:\/\/brasilnoticias.org\/site\/wp-json\/wp\/v2\/comments?post=21157"}],"version-history":[{"count":1,"href":"https:\/\/brasilnoticias.org\/site\/wp-json\/wp\/v2\/posts\/21157\/revisions"}],"predecessor-version":[{"id":21159,"href":"https:\/\/brasilnoticias.org\/site\/wp-json\/wp\/v2\/posts\/21157\/revisions\/21159"}],"wp:featuredmedia":[{"embeddable":true,"href":"https:\/\/brasilnoticias.org\/site\/wp-json\/wp\/v2\/media\/21158"}],"wp:attachment":[{"href":"https:\/\/brasilnoticias.org\/site\/wp-json\/wp\/v2\/media?parent=21157"}],"wp:term":[{"taxonomy":"category","embeddable":true,"href":"https:\/\/brasilnoticias.org\/site\/wp-json\/wp\/v2\/categories?post=21157"},{"taxonomy":"post_tag","embeddable":true,"href":"https:\/\/brasilnoticias.org\/site\/wp-json\/wp\/v2\/tags?post=21157"}],"curies":[{"name":"wp","href":"https:\/\/api.w.org\/{rel}","templated":true}]}}