{"id":21190,"date":"2026-03-26T08:30:49","date_gmt":"2026-03-26T11:30:49","guid":{"rendered":"https:\/\/brasilnoticias.org\/site\/?p=21190"},"modified":"2026-03-26T08:30:49","modified_gmt":"2026-03-26T11:30:49","slug":"caca-leao-assume-comando-do-pp-na-bahia-e-indica-ze-coca-para-chapa-de-acm-neto","status":"publish","type":"post","link":"https:\/\/brasilnoticias.org\/site\/caca-leao-assume-comando-do-pp-na-bahia-e-indica-ze-coca-para-chapa-de-acm-neto\/","title":{"rendered":"Cac\u00e1 Le\u00e3o assume comando do PP na Bahia e indica Z\u00e9 Coc\u00e1 para chapa de ACM Neto"},"content":{"rendered":"<div class=\"flex flex-col text-sm pb-25\">\n<section class=\"text-token-text-primary w-full focus:outline-none [--shadow-height:45px] has-data-writing-block:pointer-events-none has-data-writing-block:-mt-(--shadow-height) has-data-writing-block:pt-(--shadow-height) [&amp;:has([data-writing-block])&gt;*]:pointer-events-auto scroll-mt-[calc(var(--header-height)+min(200px,max(70px,20svh)))]\" dir=\"auto\" data-turn-id=\"request-69afebe9-2f9c-8328-8bdb-e5fca2b47d7e-8\" data-testid=\"conversation-turn-46\" data-scroll-anchor=\"true\" data-turn=\"assistant\">\n<div class=\"text-base my-auto mx-auto pb-10 [--thread-content-margin:var(--thread-content-margin-xs,calc(var(--spacing)*4))] @w-sm\/main:[--thread-content-margin:var(--thread-content-margin-sm,calc(var(--spacing)*6))] @w-lg\/main:[--thread-content-margin:var(--thread-content-margin-lg,calc(var(--spacing)*16))] px-(--thread-content-margin)\">\n<div class=\"[--thread-content-max-width:40rem] @w-lg\/main:[--thread-content-max-width:48rem] mx-auto max-w-(--thread-content-max-width) flex-1 group\/turn-messages focus-visible:outline-hidden relative flex w-full min-w-0 flex-col agent-turn\">\n<div class=\"flex max-w-full flex-col gap-4 grow\">\n<div class=\"min-h-8 text-message relative flex w-full flex-col items-end gap-2 text-start break-words whitespace-normal outline-none keyboard-focused:focus-ring [.text-message+&amp;]:mt-1\" dir=\"auto\" tabindex=\"0\" data-message-author-role=\"assistant\" data-message-id=\"f517df89-9fc6-4a88-9217-eb6128580230\" data-turn-start-message=\"true\" data-message-model-slug=\"gpt-5-3\">\n<div class=\"flex w-full flex-col gap-1 empty:hidden\">\n<div class=\"markdown prose dark:prose-invert w-full wrap-break-word dark markdown-new-styling\">\n<p data-start=\"193\" data-end=\"561\">O ex-deputado federal <span class=\"hover:entity-accent entity-underline inline cursor-pointer align-baseline\"><span class=\"whitespace-normal\">Cac\u00e1 Le\u00e3o<\/span><\/span> assumiu o comando estadual do <span class=\"hover:entity-accent entity-underline inline cursor-pointer align-baseline\"><span class=\"whitespace-normal\">Progressistas<\/span><\/span> (PP) na Bahia nesta quinta-feira (26), em um movimento que reorganiza o partido visando as elei\u00e7\u00f5es de 2026. Ele substitui o deputado federal M\u00e1rio Negromonte J\u00fanior na presid\u00eancia da sigla no estado.<\/p>\n<p data-start=\"563\" data-end=\"842\">Ao assumir o cargo, Cac\u00e1 Le\u00e3o reafirmou o posicionamento de oposi\u00e7\u00e3o ao governo do estado e destacou que o partido atuar\u00e1 em conjunto com o <span class=\"hover:entity-accent entity-underline inline cursor-pointer align-baseline\"><span class=\"whitespace-normal\">Uni\u00e3o Brasil<\/span><\/span> na constru\u00e7\u00e3o de uma chapa competitiva para o pr\u00f3ximo pleito.<\/p>\n<p data-start=\"844\" data-end=\"1210\">Dentro dessa articula\u00e7\u00e3o, o novo dirigente indicou o nome do prefeito de Jequi\u00e9, <span class=\"hover:entity-accent entity-underline inline cursor-pointer align-baseline\"><span class=\"whitespace-normal\">Z\u00e9 Coc\u00e1<\/span><\/span>, como poss\u00edvel candidato a vice-governador na chapa liderada por <span class=\"hover:entity-accent entity-underline inline cursor-pointer align-baseline\"><span class=\"whitespace-normal\">ACM Neto<\/span><\/span>. Segundo Cac\u00e1, o gestor municipal tem peso pol\u00edtico e pode fortalecer a composi\u00e7\u00e3o da oposi\u00e7\u00e3o na Bahia.<\/p>\n<p data-start=\"1212\" data-end=\"1539\">A indica\u00e7\u00e3o ocorre no contexto da federa\u00e7\u00e3o entre PP e Uni\u00e3o Brasil, que busca ampliar sua influ\u00eancia no estado e retomar protagonismo pol\u00edtico. A estrat\u00e9gia inclui tamb\u00e9m o fortalecimento das bancadas na C\u00e2mara Federal e na Assembleia Legislativa, al\u00e9m da disputa pelo governo estadual.<\/p>\n<p data-start=\"1541\" data-end=\"1757\">Cac\u00e1 Le\u00e3o, que atualmente ocupa o cargo de secret\u00e1rio de Governo de Salvador, deve deixar a fun\u00e7\u00e3o em abril para disputar uma vaga na C\u00e2mara dos Deputados nas elei\u00e7\u00f5es de 2026.<\/p>\n<p data-start=\"1759\" data-end=\"1952\">A movimenta\u00e7\u00e3o refor\u00e7a a reorganiza\u00e7\u00e3o da oposi\u00e7\u00e3o na Bahia e indica avan\u00e7o nas articula\u00e7\u00f5es em torno da chapa que deve enfrentar o grupo governista liderado pelo PT no pr\u00f3ximo ciclo eleitoral.<\/p>\n<\/div>\n<\/div>\n<\/div>\n<\/div>\n<div class=\"z-0 flex min-h-[46px] justify-start\"><\/div>\n<div class=\"mt-3 w-full empty:hidden\">\n<div class=\"text-center\"><\/div>\n<\/div>\n<\/div>\n<\/div>\n<\/section>\n<\/div>\n<div class=\"pointer-events-none h-px w-px absolute bottom-0\" aria-hidden=\"true\" data-edge=\"true\"><\/div>\n","protected":false},"excerpt":{"rendered":"<p>O ex-deputado federal Cac\u00e1 Le\u00e3o assumiu o comando estadual do Progressistas (PP) na Bahia nesta quinta-feira (26), em um movimento<\/p>\n","protected":false},"author":4,"featured_media":21191,"comment_status":"open","ping_status":"open","sticky":false,"template":"","format":"standard","meta":{"colormag_page_container_layout":"default_layout","colormag_page_sidebar_layout":"default_layout","_FSMCFIC_featured_image_caption":"","_FSMCFIC_featured_image_nocaption":"","_FSMCFIC_featured_image_hide":"","footnotes":""},"categories":[5,1],"tags":[],"class_list":["post-21190","post","type-post","status-publish","format-standard","has-post-thumbnail","hentry","category-politica","category-ultimas"],"yoast_head":"<!-- This site is optimized with the Yoast SEO plugin v27.1.1 - https:\/\/yoast.com\/product\/yoast-seo-wordpress\/ -->\n<title>Cac\u00e1 Le\u00e3o assume comando do PP na Bahia e indica Z\u00e9 Coc\u00e1 para chapa de ACM Neto - Brasil not\u00edcias<\/title>\n<meta name=\"robots\" content=\"index, follow, max-snippet:-1, max-image-preview:large, max-video-preview:-1\" \/>\n<link rel=\"canonical\" href=\"https:\/\/brasilnoticias.org\/site\/caca-leao-assume-comando-do-pp-na-bahia-e-indica-ze-coca-para-chapa-de-acm-neto\/\" \/>\n<meta property=\"og:locale\" content=\"pt_PT\" \/>\n<meta property=\"og:type\" content=\"article\" \/>\n<meta property=\"og:title\" content=\"Cac\u00e1 Le\u00e3o assume comando do PP na Bahia e indica Z\u00e9 Coc\u00e1 para chapa de ACM Neto - Brasil not\u00edcias\" \/>\n<meta property=\"og:description\" content=\"O ex-deputado federal Cac\u00e1 Le\u00e3o assumiu o comando estadual do Progressistas (PP) na Bahia nesta quinta-feira (26), em um movimento\" \/>\n<meta property=\"og:url\" content=\"https:\/\/brasilnoticias.org\/site\/caca-leao-assume-comando-do-pp-na-bahia-e-indica-ze-coca-para-chapa-de-acm-neto\/\" \/>\n<meta property=\"og:site_name\" content=\"Brasil not\u00edcias\" \/>\n<meta property=\"article:published_time\" content=\"2026-03-26T11:30:49+00:00\" \/>\n<meta property=\"og:image\" content=\"https:\/\/brasilnoticias.org\/site\/wp-content\/uploads\/2026\/03\/IMAGEM_NOTICIA_9-1-2.webp\" \/>\n\t<meta property=\"og:image:width\" content=\"1200\" \/>\n\t<meta property=\"og:image:height\" content=\"630\" \/>\n\t<meta property=\"og:image:type\" content=\"image\/webp\" \/>\n<meta name=\"author\" content=\"Reda\u00e7\u00e3o\" \/>\n<meta name=\"twitter:card\" content=\"summary_large_image\" \/>\n<meta name=\"twitter:label1\" content=\"Escrito por\" \/>\n\t<meta name=\"twitter:data1\" content=\"Reda\u00e7\u00e3o\" \/>\n\t<meta name=\"twitter:label2\" content=\"Tempo estimado de leitura\" \/>\n\t<meta name=\"twitter:data2\" content=\"2 minutos\" \/>\n<script type=\"application\/ld+json\" class=\"yoast-schema-graph\">{\"@context\":\"https:\/\/schema.org\",\"@graph\":[{\"@type\":\"Article\",\"@id\":\"https:\/\/brasilnoticias.org\/site\/caca-leao-assume-comando-do-pp-na-bahia-e-indica-ze-coca-para-chapa-de-acm-neto\/#article\",\"isPartOf\":{\"@id\":\"https:\/\/brasilnoticias.org\/site\/caca-leao-assume-comando-do-pp-na-bahia-e-indica-ze-coca-para-chapa-de-acm-neto\/\"},\"author\":{\"name\":\"Reda\u00e7\u00e3o\",\"@id\":\"https:\/\/brasilnoticias.org\/site\/#\/schema\/person\/03bbbfe6c7634ad18c26444ea39049fa\"},\"headline\":\"Cac\u00e1 Le\u00e3o assume comando do PP na Bahia e indica Z\u00e9 Coc\u00e1 para chapa de ACM Neto\",\"datePublished\":\"2026-03-26T11:30:49+00:00\",\"mainEntityOfPage\":{\"@id\":\"https:\/\/brasilnoticias.org\/site\/caca-leao-assume-comando-do-pp-na-bahia-e-indica-ze-coca-para-chapa-de-acm-neto\/\"},\"wordCount\":280,\"commentCount\":0,\"publisher\":{\"@id\":\"https:\/\/brasilnoticias.org\/site\/#organization\"},\"image\":{\"@id\":\"https:\/\/brasilnoticias.org\/site\/caca-leao-assume-comando-do-pp-na-bahia-e-indica-ze-coca-para-chapa-de-acm-neto\/#primaryimage\"},\"thumbnailUrl\":\"https:\/\/brasilnoticias.org\/site\/wp-content\/uploads\/2026\/03\/IMAGEM_NOTICIA_9-1-2.webp\",\"articleSection\":[\"Pol\u00edtica\",\"\u00daltimas\"],\"inLanguage\":\"pt-PT\",\"potentialAction\":[{\"@type\":\"CommentAction\",\"name\":\"Comment\",\"target\":[\"https:\/\/brasilnoticias.org\/site\/caca-leao-assume-comando-do-pp-na-bahia-e-indica-ze-coca-para-chapa-de-acm-neto\/#respond\"]}]},{\"@type\":\"WebPage\",\"@id\":\"https:\/\/brasilnoticias.org\/site\/caca-leao-assume-comando-do-pp-na-bahia-e-indica-ze-coca-para-chapa-de-acm-neto\/\",\"url\":\"https:\/\/brasilnoticias.org\/site\/caca-leao-assume-comando-do-pp-na-bahia-e-indica-ze-coca-para-chapa-de-acm-neto\/\",\"name\":\"Cac\u00e1 Le\u00e3o assume comando do PP na Bahia e indica Z\u00e9 Coc\u00e1 para chapa de ACM Neto - Brasil not\u00edcias\",\"isPartOf\":{\"@id\":\"https:\/\/brasilnoticias.org\/site\/#website\"},\"primaryImageOfPage\":{\"@id\":\"https:\/\/brasilnoticias.org\/site\/caca-leao-assume-comando-do-pp-na-bahia-e-indica-ze-coca-para-chapa-de-acm-neto\/#primaryimage\"},\"image\":{\"@id\":\"https:\/\/brasilnoticias.org\/site\/caca-leao-assume-comando-do-pp-na-bahia-e-indica-ze-coca-para-chapa-de-acm-neto\/#primaryimage\"},\"thumbnailUrl\":\"https:\/\/brasilnoticias.org\/site\/wp-content\/uploads\/2026\/03\/IMAGEM_NOTICIA_9-1-2.webp\",\"datePublished\":\"2026-03-26T11:30:49+00:00\",\"breadcrumb\":{\"@id\":\"https:\/\/brasilnoticias.org\/site\/caca-leao-assume-comando-do-pp-na-bahia-e-indica-ze-coca-para-chapa-de-acm-neto\/#breadcrumb\"},\"inLanguage\":\"pt-PT\",\"potentialAction\":[{\"@type\":\"ReadAction\",\"target\":[\"https:\/\/brasilnoticias.org\/site\/caca-leao-assume-comando-do-pp-na-bahia-e-indica-ze-coca-para-chapa-de-acm-neto\/\"]}]},{\"@type\":\"ImageObject\",\"inLanguage\":\"pt-PT\",\"@id\":\"https:\/\/brasilnoticias.org\/site\/caca-leao-assume-comando-do-pp-na-bahia-e-indica-ze-coca-para-chapa-de-acm-neto\/#primaryimage\",\"url\":\"https:\/\/brasilnoticias.org\/site\/wp-content\/uploads\/2026\/03\/IMAGEM_NOTICIA_9-1-2.webp\",\"contentUrl\":\"https:\/\/brasilnoticias.org\/site\/wp-content\/uploads\/2026\/03\/IMAGEM_NOTICIA_9-1-2.webp\",\"width\":1200,\"height\":630,\"caption\":\"Foto: Divulga\u00e7\u00e3o\"},{\"@type\":\"BreadcrumbList\",\"@id\":\"https:\/\/brasilnoticias.org\/site\/caca-leao-assume-comando-do-pp-na-bahia-e-indica-ze-coca-para-chapa-de-acm-neto\/#breadcrumb\",\"itemListElement\":[{\"@type\":\"ListItem\",\"position\":1,\"name\":\"In\u00edcio\",\"item\":\"https:\/\/brasilnoticias.org\/site\/\"},{\"@type\":\"ListItem\",\"position\":2,\"name\":\"Cac\u00e1 Le\u00e3o assume comando do PP na Bahia e indica Z\u00e9 Coc\u00e1 para chapa de ACM Neto\"}]},{\"@type\":\"WebSite\",\"@id\":\"https:\/\/brasilnoticias.org\/site\/#website\",\"url\":\"https:\/\/brasilnoticias.org\/site\/\",\"name\":\"Brasil not\u00edcias\",\"description\":\"Brasil not\u00edcias\",\"publisher\":{\"@id\":\"https:\/\/brasilnoticias.org\/site\/#organization\"},\"potentialAction\":[{\"@type\":\"SearchAction\",\"target\":{\"@type\":\"EntryPoint\",\"urlTemplate\":\"https:\/\/brasilnoticias.org\/site\/?s={search_term_string}\"},\"query-input\":{\"@type\":\"PropertyValueSpecification\",\"valueRequired\":true,\"valueName\":\"search_term_string\"}}],\"inLanguage\":\"pt-PT\"},{\"@type\":\"Organization\",\"@id\":\"https:\/\/brasilnoticias.org\/site\/#organization\",\"name\":\"Brasil not\u00edcias\",\"url\":\"https:\/\/brasilnoticias.org\/site\/\",\"logo\":{\"@type\":\"ImageObject\",\"inLanguage\":\"pt-PT\",\"@id\":\"https:\/\/brasilnoticias.org\/site\/#\/schema\/logo\/image\/\",\"url\":\"https:\/\/brasilnoticias.org\/site\/wp-content\/uploads\/2022\/05\/cropped-brasilnoticias-mini.jpg\",\"contentUrl\":\"https:\/\/brasilnoticias.org\/site\/wp-content\/uploads\/2022\/05\/cropped-brasilnoticias-mini.jpg\",\"width\":314,\"height\":86,\"caption\":\"Brasil not\u00edcias\"},\"image\":{\"@id\":\"https:\/\/brasilnoticias.org\/site\/#\/schema\/logo\/image\/\"}},{\"@type\":\"Person\",\"@id\":\"https:\/\/brasilnoticias.org\/site\/#\/schema\/person\/03bbbfe6c7634ad18c26444ea39049fa\",\"name\":\"Reda\u00e7\u00e3o\",\"image\":{\"@type\":\"ImageObject\",\"inLanguage\":\"pt-PT\",\"@id\":\"https:\/\/brasilnoticias.org\/site\/#\/schema\/person\/image\/\",\"url\":\"https:\/\/secure.gravatar.com\/avatar\/9ecaf7327a696cb23ad926fedded5f1f04d7049de9e445375d55b48c001a6e42?s=96&d=mm&r=g\",\"contentUrl\":\"https:\/\/secure.gravatar.com\/avatar\/9ecaf7327a696cb23ad926fedded5f1f04d7049de9e445375d55b48c001a6e42?s=96&d=mm&r=g\",\"caption\":\"Reda\u00e7\u00e3o\"},\"url\":\"https:\/\/brasilnoticias.org\/site\/author\/henrique\/\"}]}<\/script>\n<!-- \/ Yoast SEO plugin. -->","yoast_head_json":{"title":"Cac\u00e1 Le\u00e3o assume comando do PP na Bahia e indica Z\u00e9 Coc\u00e1 para chapa de ACM Neto - Brasil not\u00edcias","robots":{"index":"index","follow":"follow","max-snippet":"max-snippet:-1","max-image-preview":"max-image-preview:large","max-video-preview":"max-video-preview:-1"},"canonical":"https:\/\/brasilnoticias.org\/site\/caca-leao-assume-comando-do-pp-na-bahia-e-indica-ze-coca-para-chapa-de-acm-neto\/","og_locale":"pt_PT","og_type":"article","og_title":"Cac\u00e1 Le\u00e3o assume comando do PP na Bahia e indica Z\u00e9 Coc\u00e1 para chapa de ACM Neto - Brasil not\u00edcias","og_description":"O ex-deputado federal Cac\u00e1 Le\u00e3o assumiu o comando estadual do Progressistas (PP) na Bahia nesta quinta-feira (26), em um movimento","og_url":"https:\/\/brasilnoticias.org\/site\/caca-leao-assume-comando-do-pp-na-bahia-e-indica-ze-coca-para-chapa-de-acm-neto\/","og_site_name":"Brasil not\u00edcias","article_published_time":"2026-03-26T11:30:49+00:00","og_image":[{"width":1200,"height":630,"url":"https:\/\/brasilnoticias.org\/site\/wp-content\/uploads\/2026\/03\/IMAGEM_NOTICIA_9-1-2.webp","type":"image\/webp"}],"author":"Reda\u00e7\u00e3o","twitter_card":"summary_large_image","twitter_misc":{"Escrito por":"Reda\u00e7\u00e3o","Tempo estimado de leitura":"2 minutos"},"schema":{"@context":"https:\/\/schema.org","@graph":[{"@type":"Article","@id":"https:\/\/brasilnoticias.org\/site\/caca-leao-assume-comando-do-pp-na-bahia-e-indica-ze-coca-para-chapa-de-acm-neto\/#article","isPartOf":{"@id":"https:\/\/brasilnoticias.org\/site\/caca-leao-assume-comando-do-pp-na-bahia-e-indica-ze-coca-para-chapa-de-acm-neto\/"},"author":{"name":"Reda\u00e7\u00e3o","@id":"https:\/\/brasilnoticias.org\/site\/#\/schema\/person\/03bbbfe6c7634ad18c26444ea39049fa"},"headline":"Cac\u00e1 Le\u00e3o assume comando do PP na Bahia e indica Z\u00e9 Coc\u00e1 para chapa de ACM Neto","datePublished":"2026-03-26T11:30:49+00:00","mainEntityOfPage":{"@id":"https:\/\/brasilnoticias.org\/site\/caca-leao-assume-comando-do-pp-na-bahia-e-indica-ze-coca-para-chapa-de-acm-neto\/"},"wordCount":280,"commentCount":0,"publisher":{"@id":"https:\/\/brasilnoticias.org\/site\/#organization"},"image":{"@id":"https:\/\/brasilnoticias.org\/site\/caca-leao-assume-comando-do-pp-na-bahia-e-indica-ze-coca-para-chapa-de-acm-neto\/#primaryimage"},"thumbnailUrl":"https:\/\/brasilnoticias.org\/site\/wp-content\/uploads\/2026\/03\/IMAGEM_NOTICIA_9-1-2.webp","articleSection":["Pol\u00edtica","\u00daltimas"],"inLanguage":"pt-PT","potentialAction":[{"@type":"CommentAction","name":"Comment","target":["https:\/\/brasilnoticias.org\/site\/caca-leao-assume-comando-do-pp-na-bahia-e-indica-ze-coca-para-chapa-de-acm-neto\/#respond"]}]},{"@type":"WebPage","@id":"https:\/\/brasilnoticias.org\/site\/caca-leao-assume-comando-do-pp-na-bahia-e-indica-ze-coca-para-chapa-de-acm-neto\/","url":"https:\/\/brasilnoticias.org\/site\/caca-leao-assume-comando-do-pp-na-bahia-e-indica-ze-coca-para-chapa-de-acm-neto\/","name":"Cac\u00e1 Le\u00e3o assume comando do PP na Bahia e indica Z\u00e9 Coc\u00e1 para chapa de ACM Neto - Brasil not\u00edcias","isPartOf":{"@id":"https:\/\/brasilnoticias.org\/site\/#website"},"primaryImageOfPage":{"@id":"https:\/\/brasilnoticias.org\/site\/caca-leao-assume-comando-do-pp-na-bahia-e-indica-ze-coca-para-chapa-de-acm-neto\/#primaryimage"},"image":{"@id":"https:\/\/brasilnoticias.org\/site\/caca-leao-assume-comando-do-pp-na-bahia-e-indica-ze-coca-para-chapa-de-acm-neto\/#primaryimage"},"thumbnailUrl":"https:\/\/brasilnoticias.org\/site\/wp-content\/uploads\/2026\/03\/IMAGEM_NOTICIA_9-1-2.webp","datePublished":"2026-03-26T11:30:49+00:00","breadcrumb":{"@id":"https:\/\/brasilnoticias.org\/site\/caca-leao-assume-comando-do-pp-na-bahia-e-indica-ze-coca-para-chapa-de-acm-neto\/#breadcrumb"},"inLanguage":"pt-PT","potentialAction":[{"@type":"ReadAction","target":["https:\/\/brasilnoticias.org\/site\/caca-leao-assume-comando-do-pp-na-bahia-e-indica-ze-coca-para-chapa-de-acm-neto\/"]}]},{"@type":"ImageObject","inLanguage":"pt-PT","@id":"https:\/\/brasilnoticias.org\/site\/caca-leao-assume-comando-do-pp-na-bahia-e-indica-ze-coca-para-chapa-de-acm-neto\/#primaryimage","url":"https:\/\/brasilnoticias.org\/site\/wp-content\/uploads\/2026\/03\/IMAGEM_NOTICIA_9-1-2.webp","contentUrl":"https:\/\/brasilnoticias.org\/site\/wp-content\/uploads\/2026\/03\/IMAGEM_NOTICIA_9-1-2.webp","width":1200,"height":630,"caption":"Foto: Divulga\u00e7\u00e3o"},{"@type":"BreadcrumbList","@id":"https:\/\/brasilnoticias.org\/site\/caca-leao-assume-comando-do-pp-na-bahia-e-indica-ze-coca-para-chapa-de-acm-neto\/#breadcrumb","itemListElement":[{"@type":"ListItem","position":1,"name":"In\u00edcio","item":"https:\/\/brasilnoticias.org\/site\/"},{"@type":"ListItem","position":2,"name":"Cac\u00e1 Le\u00e3o assume comando do PP na Bahia e indica Z\u00e9 Coc\u00e1 para chapa de ACM Neto"}]},{"@type":"WebSite","@id":"https:\/\/brasilnoticias.org\/site\/#website","url":"https:\/\/brasilnoticias.org\/site\/","name":"Brasil not\u00edcias","description":"Brasil not\u00edcias","publisher":{"@id":"https:\/\/brasilnoticias.org\/site\/#organization"},"potentialAction":[{"@type":"SearchAction","target":{"@type":"EntryPoint","urlTemplate":"https:\/\/brasilnoticias.org\/site\/?s={search_term_string}"},"query-input":{"@type":"PropertyValueSpecification","valueRequired":true,"valueName":"search_term_string"}}],"inLanguage":"pt-PT"},{"@type":"Organization","@id":"https:\/\/brasilnoticias.org\/site\/#organization","name":"Brasil not\u00edcias","url":"https:\/\/brasilnoticias.org\/site\/","logo":{"@type":"ImageObject","inLanguage":"pt-PT","@id":"https:\/\/brasilnoticias.org\/site\/#\/schema\/logo\/image\/","url":"https:\/\/brasilnoticias.org\/site\/wp-content\/uploads\/2022\/05\/cropped-brasilnoticias-mini.jpg","contentUrl":"https:\/\/brasilnoticias.org\/site\/wp-content\/uploads\/2022\/05\/cropped-brasilnoticias-mini.jpg","width":314,"height":86,"caption":"Brasil not\u00edcias"},"image":{"@id":"https:\/\/brasilnoticias.org\/site\/#\/schema\/logo\/image\/"}},{"@type":"Person","@id":"https:\/\/brasilnoticias.org\/site\/#\/schema\/person\/03bbbfe6c7634ad18c26444ea39049fa","name":"Reda\u00e7\u00e3o","image":{"@type":"ImageObject","inLanguage":"pt-PT","@id":"https:\/\/brasilnoticias.org\/site\/#\/schema\/person\/image\/","url":"https:\/\/secure.gravatar.com\/avatar\/9ecaf7327a696cb23ad926fedded5f1f04d7049de9e445375d55b48c001a6e42?s=96&d=mm&r=g","contentUrl":"https:\/\/secure.gravatar.com\/avatar\/9ecaf7327a696cb23ad926fedded5f1f04d7049de9e445375d55b48c001a6e42?s=96&d=mm&r=g","caption":"Reda\u00e7\u00e3o"},"url":"https:\/\/brasilnoticias.org\/site\/author\/henrique\/"}]}},"_links":{"self":[{"href":"https:\/\/brasilnoticias.org\/site\/wp-json\/wp\/v2\/posts\/21190","targetHints":{"allow":["GET"]}}],"collection":[{"href":"https:\/\/brasilnoticias.org\/site\/wp-json\/wp\/v2\/posts"}],"about":[{"href":"https:\/\/brasilnoticias.org\/site\/wp-json\/wp\/v2\/types\/post"}],"author":[{"embeddable":true,"href":"https:\/\/brasilnoticias.org\/site\/wp-json\/wp\/v2\/users\/4"}],"replies":[{"embeddable":true,"href":"https:\/\/brasilnoticias.org\/site\/wp-json\/wp\/v2\/comments?post=21190"}],"version-history":[{"count":1,"href":"https:\/\/brasilnoticias.org\/site\/wp-json\/wp\/v2\/posts\/21190\/revisions"}],"predecessor-version":[{"id":21192,"href":"https:\/\/brasilnoticias.org\/site\/wp-json\/wp\/v2\/posts\/21190\/revisions\/21192"}],"wp:featuredmedia":[{"embeddable":true,"href":"https:\/\/brasilnoticias.org\/site\/wp-json\/wp\/v2\/media\/21191"}],"wp:attachment":[{"href":"https:\/\/brasilnoticias.org\/site\/wp-json\/wp\/v2\/media?parent=21190"}],"wp:term":[{"taxonomy":"category","embeddable":true,"href":"https:\/\/brasilnoticias.org\/site\/wp-json\/wp\/v2\/categories?post=21190"},{"taxonomy":"post_tag","embeddable":true,"href":"https:\/\/brasilnoticias.org\/site\/wp-json\/wp\/v2\/tags?post=21190"}],"curies":[{"name":"wp","href":"https:\/\/api.w.org\/{rel}","templated":true}]}}