{"id":21193,"date":"2026-03-26T08:34:26","date_gmt":"2026-03-26T11:34:26","guid":{"rendered":"https:\/\/brasilnoticias.org\/site\/?p=21193"},"modified":"2026-03-26T08:34:26","modified_gmt":"2026-03-26T11:34:26","slug":"zerar-imposto-nao-resolve-solla-aponta-causa-estrutural-da-alta-dos-combustiveis","status":"publish","type":"post","link":"https:\/\/brasilnoticias.org\/site\/zerar-imposto-nao-resolve-solla-aponta-causa-estrutural-da-alta-dos-combustiveis\/","title":{"rendered":"&#8216;Zerar imposto n\u00e3o resolve&#8217;: Solla aponta causa estrutural da alta dos combust\u00edveis"},"content":{"rendered":"<h2 class=\"self-stretch font-sans text-headline-6 font-normal tracking-tight text-neutral-50\">Deputado apresentou PEC que defende a reestatiza\u00e7\u00e3o de ativos e diz que Brasil perdeu capacidade de controle sobre o setor com a venda de refinarias e da BR Distribuidora<\/h2>\n<p>O debate sobre o pre\u00e7o dos combust\u00edveis no Brasil tem sido conduzido de forma equivocada, na avalia\u00e7\u00e3o do deputado federal\u00a0<strong>Jorge Solla\u00a0<\/strong>(PT). Em entrevista \u00e0\u00a0<em><strong>CBN Salvador<\/strong><\/em>, ele criticou a centralidade dada \u00e0 redu\u00e7\u00e3o de impostos como solu\u00e7\u00e3o para a crise.<\/p>\n<p>De acordo com o parlamentar, medidas como zerar tributos t\u00eam efeito limitado e n\u00e3o atacam o verdadeiro problema.<\/p>\n<p><strong>\u201cO governo est\u00e1 tomando medidas sintom\u00e1ticas. A gente cuida da febre, cuida da dor, mas n\u00e3o pode perder de vista a causa da doen\u00e7a\u201d<\/strong>, afirmou.<\/p>\n<h2><strong>ICMS n\u00e3o \u00e9 o vil\u00e3o<\/p>\n<p><\/strong><\/h2>\n<p>Solla foi enf\u00e1tico ao dizer que o Imposto sobre Circula\u00e7\u00e3o de Mercadorias e Servi\u00e7os, principal fonte de recursos dos estados, tem sido colocado, de forma equivocada, como principal respons\u00e1vel pela alta dos combust\u00edveis.<\/p>\n<p><strong>\u201cO problema n\u00e3o \u00e9 o ICMS, n\u00e3o \u00e9 o imposto federal ou estadual. O problema \u00e9 uma crise internacional que fez o pre\u00e7o disparar e a falta de mecanismos de regula\u00e7\u00e3o do Estado\u201d<\/strong>, disse.<\/p>\n<p>Na avalia\u00e7\u00e3o do petista, a press\u00e3o por ICMS zero ignora uma realidade fiscal incontorn\u00e1vel: os estados dependem diretamente da arrecada\u00e7\u00e3o para manter servi\u00e7os essenciais.<\/p>\n<p><strong>\u201cO estado n\u00e3o pode abrir m\u00e3o da arrecada\u00e7\u00e3o e depois n\u00e3o ter como pagar sa\u00fade, educa\u00e7\u00e3o e seguran\u00e7a p\u00fablica\u201d<\/strong>, pontuou.<\/p>\n<h2><strong>### **Privatiza\u00e7\u00e3o e perda de controle<\/p>\n<p><\/strong><\/h2>\n<p>Para o petista, a raiz do problema est\u00e1 na pol\u00edtica adotada nos \u00faltimos anos para o setor de combust\u00edveis, especialmente a venda de ativos estrat\u00e9gicos.<\/p>\n<p><strong>\u201cN\u00f3s n\u00e3o temos mais mecanismos de regula\u00e7\u00e3o porque foram vendidos ativos fundamentais, como a refinaria e a BR Distribuidora\u201d<\/strong>, afirmou.<\/p>\n<p>Ele sustenta que, com a sa\u00edda do Estado de tais segmentos, o pa\u00eds passou a ter menos capacidade de amortecer choques externos \u2014 como a atual crise internacional do petr\u00f3leo.<\/p>\n<p><strong>\u201cN\u00f3s estamos completamente desguarnecidos. Perdemos o controle sobre o mercado de combust\u00edveis\u201d<\/strong>, disse.<\/p>\n<h2><strong>Reestatiza\u00e7\u00e3o como sa\u00edda<\/p>\n<p><\/strong><\/h2>\n<p>Diante do cen\u00e1rio, Solla defende a retomada do controle estatal sobre o setor. Ele revelou ter apresentado uma Proposta de Emenda \u00e0 Constitui\u00e7\u00e3o com esse objetivo, embora reconhe\u00e7a as dificuldades pol\u00edticas.<\/p>\n<p><strong>\u201cApresentei uma PEC para recuperar esses ativos para a Petrobras, mas ainda nem conseguimos o n\u00famero m\u00ednimo de assinaturas\u201d<\/strong>, admitiu.<\/p>\n<p>Mesmo com o cen\u00e1rio adverso no Congresso, o deputado insiste que o caminho passa pela recomposi\u00e7\u00e3o da capacidade estatal de interven\u00e7\u00e3o.<\/p>\n<p><strong>\u201cSe n\u00e3o retomarmos esses ativos, vamos continuar ref\u00e9ns das crises internacionais\u201d<\/strong>, alertou.<\/p>\n<h2><strong>Pre\u00e7o pode subir ainda mais<\/p>\n<p><\/strong><\/h2>\n<p>Solla tamb\u00e9m fez um alerta sobre o impacto da instabilidade global no pre\u00e7o dos combust\u00edveis e relativizou o alcance das medidas tribut\u00e1rias.<\/p>\n<p><strong>\u201cVoc\u00ea pode zerar todos os impostos. Se a crise continuar e o barril subir, o pre\u00e7o vai subir do mesmo jeito\u201d<\/strong>, afirmou.\u00a0<strong>\u201cA gente n\u00e3o sabe at\u00e9 onde vai essa guerra nem qual vai ser o pre\u00e7o do petr\u00f3leo\u201d<\/strong>, completou.<\/p>\n<h2><strong>Depend\u00eancia estrutural<\/p>\n<p><\/strong><\/h2>\n<p>O parlamentar destacou que o Brasil ainda enfrenta um problema hist\u00f3rico: apesar de produzir petr\u00f3leo, n\u00e3o tem capacidade suficiente de refino.<\/p>\n<p><strong>\u201cSomos autossuficientes em petr\u00f3leo bruto, mas n\u00e3o em refino. Isso nos deixa vulner\u00e1veis\u201d<\/strong>, explicou.<\/p>\n<p>O deputado deu ainda um recado direto sobre o foco do debate p\u00fablico:\u00a0<strong>\u201cAs medidas tribut\u00e1rias s\u00e3o importantes, mas s\u00e3o paliativas. A solu\u00e7\u00e3o real \u00e9 estrutural\u201d<\/strong>.<\/p>\n<p>Nesta ter\u00e7a (24), motoristas de aplicativos e mototaxistas fizeram um\u00a0<a href=\"https:\/\/www.blogdovila.com.br\/noticia\/icms-alba\" target=\"_blank\" rel=\"noopener\"><strong>protesto desorganizado\u00a0<\/strong><\/a>em frente \u00e0 Assembleia Legislativa para exigir ICMS zero e cobrar de deputados estaduais respostas sobre o tema tribut\u00e1rio, ainda n\u00e3o definido entre os governos estadual e federal.<\/p>\n<p>&nbsp;<\/p>\n<p>Fonte: <a href=\"https:\/\/www.blogdovila.com.br\/noticia\/solla-combustiveis\">Blog do Vila<\/a><\/p>\n","protected":false},"excerpt":{"rendered":"<p>Deputado apresentou PEC que defende a reestatiza\u00e7\u00e3o de ativos e diz que Brasil perdeu capacidade de controle sobre o setor<\/p>\n","protected":false},"author":4,"featured_media":21194,"comment_status":"open","ping_status":"open","sticky":false,"template":"","format":"standard","meta":{"colormag_page_container_layout":"default_layout","colormag_page_sidebar_layout":"default_layout","_FSMCFIC_featured_image_caption":"","_FSMCFIC_featured_image_nocaption":"","_FSMCFIC_featured_image_hide":"","footnotes":""},"categories":[5,1],"tags":[],"class_list":["post-21193","post","type-post","status-publish","format-standard","has-post-thumbnail","hentry","category-politica","category-ultimas"],"yoast_head":"<!-- This site is optimized with the Yoast SEO plugin v27.1.1 - https:\/\/yoast.com\/product\/yoast-seo-wordpress\/ -->\n<title>&#039;Zerar imposto n\u00e3o resolve&#039;: Solla aponta causa estrutural da alta dos combust\u00edveis - Brasil not\u00edcias<\/title>\n<meta name=\"robots\" content=\"index, follow, max-snippet:-1, max-image-preview:large, max-video-preview:-1\" \/>\n<link rel=\"canonical\" href=\"https:\/\/brasilnoticias.org\/site\/zerar-imposto-nao-resolve-solla-aponta-causa-estrutural-da-alta-dos-combustiveis\/\" \/>\n<meta property=\"og:locale\" content=\"pt_PT\" \/>\n<meta property=\"og:type\" content=\"article\" \/>\n<meta property=\"og:title\" content=\"&#039;Zerar imposto n\u00e3o resolve&#039;: Solla aponta causa estrutural da alta dos combust\u00edveis - Brasil not\u00edcias\" \/>\n<meta property=\"og:description\" content=\"Deputado apresentou PEC que defende a reestatiza\u00e7\u00e3o de ativos e diz que Brasil perdeu capacidade de controle sobre o setor\" \/>\n<meta property=\"og:url\" content=\"https:\/\/brasilnoticias.org\/site\/zerar-imposto-nao-resolve-solla-aponta-causa-estrutural-da-alta-dos-combustiveis\/\" \/>\n<meta property=\"og:site_name\" content=\"Brasil not\u00edcias\" \/>\n<meta property=\"article:published_time\" content=\"2026-03-26T11:34:26+00:00\" \/>\n<meta property=\"og:image\" content=\"https:\/\/brasilnoticias.org\/site\/wp-content\/uploads\/2026\/03\/WhatsApp-Image-2026-03-25-at-12.02.25.jpeg\" \/>\n\t<meta property=\"og:image:width\" content=\"1280\" \/>\n\t<meta property=\"og:image:height\" content=\"720\" \/>\n\t<meta property=\"og:image:type\" content=\"image\/jpeg\" \/>\n<meta name=\"author\" content=\"Reda\u00e7\u00e3o\" \/>\n<meta name=\"twitter:card\" content=\"summary_large_image\" \/>\n<meta name=\"twitter:label1\" content=\"Escrito por\" \/>\n\t<meta name=\"twitter:data1\" content=\"Reda\u00e7\u00e3o\" \/>\n\t<meta name=\"twitter:label2\" content=\"Tempo estimado de leitura\" \/>\n\t<meta name=\"twitter:data2\" content=\"4 minutos\" \/>\n<script type=\"application\/ld+json\" class=\"yoast-schema-graph\">{\"@context\":\"https:\/\/schema.org\",\"@graph\":[{\"@type\":\"Article\",\"@id\":\"https:\/\/brasilnoticias.org\/site\/zerar-imposto-nao-resolve-solla-aponta-causa-estrutural-da-alta-dos-combustiveis\/#article\",\"isPartOf\":{\"@id\":\"https:\/\/brasilnoticias.org\/site\/zerar-imposto-nao-resolve-solla-aponta-causa-estrutural-da-alta-dos-combustiveis\/\"},\"author\":{\"name\":\"Reda\u00e7\u00e3o\",\"@id\":\"https:\/\/brasilnoticias.org\/site\/#\/schema\/person\/03bbbfe6c7634ad18c26444ea39049fa\"},\"headline\":\"&#8216;Zerar imposto n\u00e3o resolve&#8217;: Solla aponta causa estrutural da alta dos combust\u00edveis\",\"datePublished\":\"2026-03-26T11:34:26+00:00\",\"mainEntityOfPage\":{\"@id\":\"https:\/\/brasilnoticias.org\/site\/zerar-imposto-nao-resolve-solla-aponta-causa-estrutural-da-alta-dos-combustiveis\/\"},\"wordCount\":672,\"commentCount\":0,\"publisher\":{\"@id\":\"https:\/\/brasilnoticias.org\/site\/#organization\"},\"image\":{\"@id\":\"https:\/\/brasilnoticias.org\/site\/zerar-imposto-nao-resolve-solla-aponta-causa-estrutural-da-alta-dos-combustiveis\/#primaryimage\"},\"thumbnailUrl\":\"https:\/\/brasilnoticias.org\/site\/wp-content\/uploads\/2026\/03\/WhatsApp-Image-2026-03-25-at-12.02.25.jpeg\",\"articleSection\":[\"Pol\u00edtica\",\"\u00daltimas\"],\"inLanguage\":\"pt-PT\",\"potentialAction\":[{\"@type\":\"CommentAction\",\"name\":\"Comment\",\"target\":[\"https:\/\/brasilnoticias.org\/site\/zerar-imposto-nao-resolve-solla-aponta-causa-estrutural-da-alta-dos-combustiveis\/#respond\"]}]},{\"@type\":\"WebPage\",\"@id\":\"https:\/\/brasilnoticias.org\/site\/zerar-imposto-nao-resolve-solla-aponta-causa-estrutural-da-alta-dos-combustiveis\/\",\"url\":\"https:\/\/brasilnoticias.org\/site\/zerar-imposto-nao-resolve-solla-aponta-causa-estrutural-da-alta-dos-combustiveis\/\",\"name\":\"'Zerar imposto n\u00e3o resolve': Solla aponta causa estrutural da alta dos combust\u00edveis - Brasil not\u00edcias\",\"isPartOf\":{\"@id\":\"https:\/\/brasilnoticias.org\/site\/#website\"},\"primaryImageOfPage\":{\"@id\":\"https:\/\/brasilnoticias.org\/site\/zerar-imposto-nao-resolve-solla-aponta-causa-estrutural-da-alta-dos-combustiveis\/#primaryimage\"},\"image\":{\"@id\":\"https:\/\/brasilnoticias.org\/site\/zerar-imposto-nao-resolve-solla-aponta-causa-estrutural-da-alta-dos-combustiveis\/#primaryimage\"},\"thumbnailUrl\":\"https:\/\/brasilnoticias.org\/site\/wp-content\/uploads\/2026\/03\/WhatsApp-Image-2026-03-25-at-12.02.25.jpeg\",\"datePublished\":\"2026-03-26T11:34:26+00:00\",\"breadcrumb\":{\"@id\":\"https:\/\/brasilnoticias.org\/site\/zerar-imposto-nao-resolve-solla-aponta-causa-estrutural-da-alta-dos-combustiveis\/#breadcrumb\"},\"inLanguage\":\"pt-PT\",\"potentialAction\":[{\"@type\":\"ReadAction\",\"target\":[\"https:\/\/brasilnoticias.org\/site\/zerar-imposto-nao-resolve-solla-aponta-causa-estrutural-da-alta-dos-combustiveis\/\"]}]},{\"@type\":\"ImageObject\",\"inLanguage\":\"pt-PT\",\"@id\":\"https:\/\/brasilnoticias.org\/site\/zerar-imposto-nao-resolve-solla-aponta-causa-estrutural-da-alta-dos-combustiveis\/#primaryimage\",\"url\":\"https:\/\/brasilnoticias.org\/site\/wp-content\/uploads\/2026\/03\/WhatsApp-Image-2026-03-25-at-12.02.25.jpeg\",\"contentUrl\":\"https:\/\/brasilnoticias.org\/site\/wp-content\/uploads\/2026\/03\/WhatsApp-Image-2026-03-25-at-12.02.25.jpeg\",\"width\":1280,\"height\":720,\"caption\":\"Foto: Evil\u00e1sio J\u00fanior\"},{\"@type\":\"BreadcrumbList\",\"@id\":\"https:\/\/brasilnoticias.org\/site\/zerar-imposto-nao-resolve-solla-aponta-causa-estrutural-da-alta-dos-combustiveis\/#breadcrumb\",\"itemListElement\":[{\"@type\":\"ListItem\",\"position\":1,\"name\":\"In\u00edcio\",\"item\":\"https:\/\/brasilnoticias.org\/site\/\"},{\"@type\":\"ListItem\",\"position\":2,\"name\":\"&#8216;Zerar imposto n\u00e3o resolve&#8217;: Solla aponta causa estrutural da alta dos combust\u00edveis\"}]},{\"@type\":\"WebSite\",\"@id\":\"https:\/\/brasilnoticias.org\/site\/#website\",\"url\":\"https:\/\/brasilnoticias.org\/site\/\",\"name\":\"Brasil not\u00edcias\",\"description\":\"Brasil not\u00edcias\",\"publisher\":{\"@id\":\"https:\/\/brasilnoticias.org\/site\/#organization\"},\"potentialAction\":[{\"@type\":\"SearchAction\",\"target\":{\"@type\":\"EntryPoint\",\"urlTemplate\":\"https:\/\/brasilnoticias.org\/site\/?s={search_term_string}\"},\"query-input\":{\"@type\":\"PropertyValueSpecification\",\"valueRequired\":true,\"valueName\":\"search_term_string\"}}],\"inLanguage\":\"pt-PT\"},{\"@type\":\"Organization\",\"@id\":\"https:\/\/brasilnoticias.org\/site\/#organization\",\"name\":\"Brasil not\u00edcias\",\"url\":\"https:\/\/brasilnoticias.org\/site\/\",\"logo\":{\"@type\":\"ImageObject\",\"inLanguage\":\"pt-PT\",\"@id\":\"https:\/\/brasilnoticias.org\/site\/#\/schema\/logo\/image\/\",\"url\":\"https:\/\/brasilnoticias.org\/site\/wp-content\/uploads\/2022\/05\/cropped-brasilnoticias-mini.jpg\",\"contentUrl\":\"https:\/\/brasilnoticias.org\/site\/wp-content\/uploads\/2022\/05\/cropped-brasilnoticias-mini.jpg\",\"width\":314,\"height\":86,\"caption\":\"Brasil not\u00edcias\"},\"image\":{\"@id\":\"https:\/\/brasilnoticias.org\/site\/#\/schema\/logo\/image\/\"}},{\"@type\":\"Person\",\"@id\":\"https:\/\/brasilnoticias.org\/site\/#\/schema\/person\/03bbbfe6c7634ad18c26444ea39049fa\",\"name\":\"Reda\u00e7\u00e3o\",\"image\":{\"@type\":\"ImageObject\",\"inLanguage\":\"pt-PT\",\"@id\":\"https:\/\/brasilnoticias.org\/site\/#\/schema\/person\/image\/\",\"url\":\"https:\/\/secure.gravatar.com\/avatar\/9ecaf7327a696cb23ad926fedded5f1f04d7049de9e445375d55b48c001a6e42?s=96&d=mm&r=g\",\"contentUrl\":\"https:\/\/secure.gravatar.com\/avatar\/9ecaf7327a696cb23ad926fedded5f1f04d7049de9e445375d55b48c001a6e42?s=96&d=mm&r=g\",\"caption\":\"Reda\u00e7\u00e3o\"},\"url\":\"https:\/\/brasilnoticias.org\/site\/author\/henrique\/\"}]}<\/script>\n<!-- \/ Yoast SEO plugin. -->","yoast_head_json":{"title":"'Zerar imposto n\u00e3o resolve': Solla aponta causa estrutural da alta dos combust\u00edveis - Brasil not\u00edcias","robots":{"index":"index","follow":"follow","max-snippet":"max-snippet:-1","max-image-preview":"max-image-preview:large","max-video-preview":"max-video-preview:-1"},"canonical":"https:\/\/brasilnoticias.org\/site\/zerar-imposto-nao-resolve-solla-aponta-causa-estrutural-da-alta-dos-combustiveis\/","og_locale":"pt_PT","og_type":"article","og_title":"'Zerar imposto n\u00e3o resolve': Solla aponta causa estrutural da alta dos combust\u00edveis - Brasil not\u00edcias","og_description":"Deputado apresentou PEC que defende a reestatiza\u00e7\u00e3o de ativos e diz que Brasil perdeu capacidade de controle sobre o setor","og_url":"https:\/\/brasilnoticias.org\/site\/zerar-imposto-nao-resolve-solla-aponta-causa-estrutural-da-alta-dos-combustiveis\/","og_site_name":"Brasil not\u00edcias","article_published_time":"2026-03-26T11:34:26+00:00","og_image":[{"width":1280,"height":720,"url":"https:\/\/brasilnoticias.org\/site\/wp-content\/uploads\/2026\/03\/WhatsApp-Image-2026-03-25-at-12.02.25.jpeg","type":"image\/jpeg"}],"author":"Reda\u00e7\u00e3o","twitter_card":"summary_large_image","twitter_misc":{"Escrito por":"Reda\u00e7\u00e3o","Tempo estimado de leitura":"4 minutos"},"schema":{"@context":"https:\/\/schema.org","@graph":[{"@type":"Article","@id":"https:\/\/brasilnoticias.org\/site\/zerar-imposto-nao-resolve-solla-aponta-causa-estrutural-da-alta-dos-combustiveis\/#article","isPartOf":{"@id":"https:\/\/brasilnoticias.org\/site\/zerar-imposto-nao-resolve-solla-aponta-causa-estrutural-da-alta-dos-combustiveis\/"},"author":{"name":"Reda\u00e7\u00e3o","@id":"https:\/\/brasilnoticias.org\/site\/#\/schema\/person\/03bbbfe6c7634ad18c26444ea39049fa"},"headline":"&#8216;Zerar imposto n\u00e3o resolve&#8217;: Solla aponta causa estrutural da alta dos combust\u00edveis","datePublished":"2026-03-26T11:34:26+00:00","mainEntityOfPage":{"@id":"https:\/\/brasilnoticias.org\/site\/zerar-imposto-nao-resolve-solla-aponta-causa-estrutural-da-alta-dos-combustiveis\/"},"wordCount":672,"commentCount":0,"publisher":{"@id":"https:\/\/brasilnoticias.org\/site\/#organization"},"image":{"@id":"https:\/\/brasilnoticias.org\/site\/zerar-imposto-nao-resolve-solla-aponta-causa-estrutural-da-alta-dos-combustiveis\/#primaryimage"},"thumbnailUrl":"https:\/\/brasilnoticias.org\/site\/wp-content\/uploads\/2026\/03\/WhatsApp-Image-2026-03-25-at-12.02.25.jpeg","articleSection":["Pol\u00edtica","\u00daltimas"],"inLanguage":"pt-PT","potentialAction":[{"@type":"CommentAction","name":"Comment","target":["https:\/\/brasilnoticias.org\/site\/zerar-imposto-nao-resolve-solla-aponta-causa-estrutural-da-alta-dos-combustiveis\/#respond"]}]},{"@type":"WebPage","@id":"https:\/\/brasilnoticias.org\/site\/zerar-imposto-nao-resolve-solla-aponta-causa-estrutural-da-alta-dos-combustiveis\/","url":"https:\/\/brasilnoticias.org\/site\/zerar-imposto-nao-resolve-solla-aponta-causa-estrutural-da-alta-dos-combustiveis\/","name":"'Zerar imposto n\u00e3o resolve': Solla aponta causa estrutural da alta dos combust\u00edveis - Brasil not\u00edcias","isPartOf":{"@id":"https:\/\/brasilnoticias.org\/site\/#website"},"primaryImageOfPage":{"@id":"https:\/\/brasilnoticias.org\/site\/zerar-imposto-nao-resolve-solla-aponta-causa-estrutural-da-alta-dos-combustiveis\/#primaryimage"},"image":{"@id":"https:\/\/brasilnoticias.org\/site\/zerar-imposto-nao-resolve-solla-aponta-causa-estrutural-da-alta-dos-combustiveis\/#primaryimage"},"thumbnailUrl":"https:\/\/brasilnoticias.org\/site\/wp-content\/uploads\/2026\/03\/WhatsApp-Image-2026-03-25-at-12.02.25.jpeg","datePublished":"2026-03-26T11:34:26+00:00","breadcrumb":{"@id":"https:\/\/brasilnoticias.org\/site\/zerar-imposto-nao-resolve-solla-aponta-causa-estrutural-da-alta-dos-combustiveis\/#breadcrumb"},"inLanguage":"pt-PT","potentialAction":[{"@type":"ReadAction","target":["https:\/\/brasilnoticias.org\/site\/zerar-imposto-nao-resolve-solla-aponta-causa-estrutural-da-alta-dos-combustiveis\/"]}]},{"@type":"ImageObject","inLanguage":"pt-PT","@id":"https:\/\/brasilnoticias.org\/site\/zerar-imposto-nao-resolve-solla-aponta-causa-estrutural-da-alta-dos-combustiveis\/#primaryimage","url":"https:\/\/brasilnoticias.org\/site\/wp-content\/uploads\/2026\/03\/WhatsApp-Image-2026-03-25-at-12.02.25.jpeg","contentUrl":"https:\/\/brasilnoticias.org\/site\/wp-content\/uploads\/2026\/03\/WhatsApp-Image-2026-03-25-at-12.02.25.jpeg","width":1280,"height":720,"caption":"Foto: Evil\u00e1sio J\u00fanior"},{"@type":"BreadcrumbList","@id":"https:\/\/brasilnoticias.org\/site\/zerar-imposto-nao-resolve-solla-aponta-causa-estrutural-da-alta-dos-combustiveis\/#breadcrumb","itemListElement":[{"@type":"ListItem","position":1,"name":"In\u00edcio","item":"https:\/\/brasilnoticias.org\/site\/"},{"@type":"ListItem","position":2,"name":"&#8216;Zerar imposto n\u00e3o resolve&#8217;: Solla aponta causa estrutural da alta dos combust\u00edveis"}]},{"@type":"WebSite","@id":"https:\/\/brasilnoticias.org\/site\/#website","url":"https:\/\/brasilnoticias.org\/site\/","name":"Brasil not\u00edcias","description":"Brasil not\u00edcias","publisher":{"@id":"https:\/\/brasilnoticias.org\/site\/#organization"},"potentialAction":[{"@type":"SearchAction","target":{"@type":"EntryPoint","urlTemplate":"https:\/\/brasilnoticias.org\/site\/?s={search_term_string}"},"query-input":{"@type":"PropertyValueSpecification","valueRequired":true,"valueName":"search_term_string"}}],"inLanguage":"pt-PT"},{"@type":"Organization","@id":"https:\/\/brasilnoticias.org\/site\/#organization","name":"Brasil not\u00edcias","url":"https:\/\/brasilnoticias.org\/site\/","logo":{"@type":"ImageObject","inLanguage":"pt-PT","@id":"https:\/\/brasilnoticias.org\/site\/#\/schema\/logo\/image\/","url":"https:\/\/brasilnoticias.org\/site\/wp-content\/uploads\/2022\/05\/cropped-brasilnoticias-mini.jpg","contentUrl":"https:\/\/brasilnoticias.org\/site\/wp-content\/uploads\/2022\/05\/cropped-brasilnoticias-mini.jpg","width":314,"height":86,"caption":"Brasil not\u00edcias"},"image":{"@id":"https:\/\/brasilnoticias.org\/site\/#\/schema\/logo\/image\/"}},{"@type":"Person","@id":"https:\/\/brasilnoticias.org\/site\/#\/schema\/person\/03bbbfe6c7634ad18c26444ea39049fa","name":"Reda\u00e7\u00e3o","image":{"@type":"ImageObject","inLanguage":"pt-PT","@id":"https:\/\/brasilnoticias.org\/site\/#\/schema\/person\/image\/","url":"https:\/\/secure.gravatar.com\/avatar\/9ecaf7327a696cb23ad926fedded5f1f04d7049de9e445375d55b48c001a6e42?s=96&d=mm&r=g","contentUrl":"https:\/\/secure.gravatar.com\/avatar\/9ecaf7327a696cb23ad926fedded5f1f04d7049de9e445375d55b48c001a6e42?s=96&d=mm&r=g","caption":"Reda\u00e7\u00e3o"},"url":"https:\/\/brasilnoticias.org\/site\/author\/henrique\/"}]}},"_links":{"self":[{"href":"https:\/\/brasilnoticias.org\/site\/wp-json\/wp\/v2\/posts\/21193","targetHints":{"allow":["GET"]}}],"collection":[{"href":"https:\/\/brasilnoticias.org\/site\/wp-json\/wp\/v2\/posts"}],"about":[{"href":"https:\/\/brasilnoticias.org\/site\/wp-json\/wp\/v2\/types\/post"}],"author":[{"embeddable":true,"href":"https:\/\/brasilnoticias.org\/site\/wp-json\/wp\/v2\/users\/4"}],"replies":[{"embeddable":true,"href":"https:\/\/brasilnoticias.org\/site\/wp-json\/wp\/v2\/comments?post=21193"}],"version-history":[{"count":1,"href":"https:\/\/brasilnoticias.org\/site\/wp-json\/wp\/v2\/posts\/21193\/revisions"}],"predecessor-version":[{"id":21195,"href":"https:\/\/brasilnoticias.org\/site\/wp-json\/wp\/v2\/posts\/21193\/revisions\/21195"}],"wp:featuredmedia":[{"embeddable":true,"href":"https:\/\/brasilnoticias.org\/site\/wp-json\/wp\/v2\/media\/21194"}],"wp:attachment":[{"href":"https:\/\/brasilnoticias.org\/site\/wp-json\/wp\/v2\/media?parent=21193"}],"wp:term":[{"taxonomy":"category","embeddable":true,"href":"https:\/\/brasilnoticias.org\/site\/wp-json\/wp\/v2\/categories?post=21193"},{"taxonomy":"post_tag","embeddable":true,"href":"https:\/\/brasilnoticias.org\/site\/wp-json\/wp\/v2\/tags?post=21193"}],"curies":[{"name":"wp","href":"https:\/\/api.w.org\/{rel}","templated":true}]}}