{"id":212,"date":"2022-05-13T19:08:26","date_gmt":"2022-05-13T22:08:26","guid":{"rendered":"https:\/\/brasilnoticias.org\/site\/?p=212"},"modified":"2022-05-13T19:08:26","modified_gmt":"2022-05-13T22:08:26","slug":"esporte-vitoria-acerta-com-mais-um-reforco-para-a-serie-c","status":"publish","type":"post","link":"https:\/\/brasilnoticias.org\/site\/esporte-vitoria-acerta-com-mais-um-reforco-para-a-serie-c\/","title":{"rendered":"ESPORTE VIT\u00d3RIA ACERTA COM MAIS UM REFOR\u00c7O PARA A S\u00c9RIE C"},"content":{"rendered":"<p>O Vit\u00f3ria acertou com mais um refor\u00e7o para a disputa do Campeonato Brasileiro da S\u00e9rie C. Trata-se do atacante Rafinha, que estava na equipe do S\u00e3o Bernardo-SP. O jogador chega ao time baiano para disputar posi\u00e7\u00e3o com os tamb\u00e9m atacantes Luidy, Alisson Santos, Jefferson Renan e Thiaguinho.<\/p>\n<p>Na atual temporada, Rafinha ainda n\u00e3o marcou nenhum gol e deu apenas uma assist\u00eancia. O jogador possui passagens por Osasco Audax\/SP, Ponte Preta, Guaratinguet\u00e1, Athletico Paranaense, ABC, Brasil de Pelotas, Cear\u00e1, Goi\u00e1s e Botafogo\/SP, Mirassol e Remo. Fora do pa\u00eds, o atleta teve uma passagem pelo time de juniores do Porto e outra passagem pelo Chiapas, do M\u00e9xico.<\/p>\n<p>Segundo informa\u00e7\u00f5es divulgadas pelo portal Arena Rubro-Negra, Rafinha j\u00e1 se encontra treinando no Centro de Treinamento Manoel Pontes Tanajura. O contrato do jogador com o Le\u00e3o vai at\u00e9 o final da S\u00e9rie C.<\/p>\n<p>&nbsp;<\/p>\n<p>&nbsp;<\/p>\n<p>Bnews<\/p>\n","protected":false},"excerpt":{"rendered":"<p>O Vit\u00f3ria acertou com mais um refor\u00e7o para a disputa do Campeonato Brasileiro da S\u00e9rie C. Trata-se do atacante Rafinha,<\/p>\n","protected":false},"author":2,"featured_media":213,"comment_status":"open","ping_status":"open","sticky":false,"template":"","format":"standard","meta":{"colormag_page_container_layout":"default_layout","colormag_page_sidebar_layout":"default_layout","_FSMCFIC_featured_image_caption":"","_FSMCFIC_featured_image_nocaption":"","_FSMCFIC_featured_image_hide":"","footnotes":""},"categories":[4,1],"tags":[],"class_list":["post-212","post","type-post","status-publish","format-standard","has-post-thumbnail","hentry","category-esporte","category-ultimas"],"yoast_head":"<!-- This site is optimized with the Yoast SEO plugin v27.1.1 - https:\/\/yoast.com\/product\/yoast-seo-wordpress\/ -->\n<title>ESPORTE VIT\u00d3RIA ACERTA COM MAIS UM REFOR\u00c7O PARA A S\u00c9RIE C - Brasil not\u00edcias<\/title>\n<meta name=\"robots\" content=\"index, follow, max-snippet:-1, max-image-preview:large, max-video-preview:-1\" \/>\n<link rel=\"canonical\" href=\"https:\/\/brasilnoticias.org\/site\/esporte-vitoria-acerta-com-mais-um-reforco-para-a-serie-c\/\" \/>\n<meta property=\"og:locale\" content=\"pt_PT\" \/>\n<meta property=\"og:type\" content=\"article\" \/>\n<meta property=\"og:title\" content=\"ESPORTE VIT\u00d3RIA ACERTA COM MAIS UM REFOR\u00c7O PARA A S\u00c9RIE C - Brasil not\u00edcias\" \/>\n<meta property=\"og:description\" content=\"O Vit\u00f3ria acertou com mais um refor\u00e7o para a disputa do Campeonato Brasileiro da S\u00e9rie C. Trata-se do atacante Rafinha,\" \/>\n<meta property=\"og:url\" content=\"https:\/\/brasilnoticias.org\/site\/esporte-vitoria-acerta-com-mais-um-reforco-para-a-serie-c\/\" \/>\n<meta property=\"og:site_name\" content=\"Brasil not\u00edcias\" \/>\n<meta property=\"article:published_time\" content=\"2022-05-13T22:08:26+00:00\" \/>\n<meta property=\"og:image\" content=\"https:\/\/brasilnoticias.org\/site\/wp-content\/uploads\/2022\/05\/rafinha-ecv_widelg.jpg\" \/>\n\t<meta property=\"og:image:width\" content=\"640\" \/>\n\t<meta property=\"og:image:height\" content=\"427\" \/>\n\t<meta property=\"og:image:type\" content=\"image\/jpeg\" \/>\n<meta name=\"author\" content=\"Reda\u00e7\u00e3o\" \/>\n<meta name=\"twitter:card\" content=\"summary_large_image\" \/>\n<meta name=\"twitter:label1\" content=\"Escrito por\" \/>\n\t<meta name=\"twitter:data1\" content=\"Reda\u00e7\u00e3o\" \/>\n\t<meta name=\"twitter:label2\" content=\"Tempo estimado de leitura\" \/>\n\t<meta name=\"twitter:data2\" content=\"1 minuto\" \/>\n<script type=\"application\/ld+json\" class=\"yoast-schema-graph\">{\"@context\":\"https:\/\/schema.org\",\"@graph\":[{\"@type\":\"Article\",\"@id\":\"https:\/\/brasilnoticias.org\/site\/esporte-vitoria-acerta-com-mais-um-reforco-para-a-serie-c\/#article\",\"isPartOf\":{\"@id\":\"https:\/\/brasilnoticias.org\/site\/esporte-vitoria-acerta-com-mais-um-reforco-para-a-serie-c\/\"},\"author\":{\"name\":\"Reda\u00e7\u00e3o\",\"@id\":\"https:\/\/brasilnoticias.org\/site\/#\/schema\/person\/f609fa847b5314f1c8b983342f34c798\"},\"headline\":\"ESPORTE VIT\u00d3RIA ACERTA COM MAIS UM REFOR\u00c7O PARA A S\u00c9RIE C\",\"datePublished\":\"2022-05-13T22:08:26+00:00\",\"mainEntityOfPage\":{\"@id\":\"https:\/\/brasilnoticias.org\/site\/esporte-vitoria-acerta-com-mais-um-reforco-para-a-serie-c\/\"},\"wordCount\":171,\"commentCount\":0,\"publisher\":{\"@id\":\"https:\/\/brasilnoticias.org\/site\/#organization\"},\"image\":{\"@id\":\"https:\/\/brasilnoticias.org\/site\/esporte-vitoria-acerta-com-mais-um-reforco-para-a-serie-c\/#primaryimage\"},\"thumbnailUrl\":\"https:\/\/brasilnoticias.org\/site\/wp-content\/uploads\/2022\/05\/rafinha-ecv_widelg.jpg\",\"articleSection\":[\"Esporte\",\"\u00daltimas\"],\"inLanguage\":\"pt-PT\",\"potentialAction\":[{\"@type\":\"CommentAction\",\"name\":\"Comment\",\"target\":[\"https:\/\/brasilnoticias.org\/site\/esporte-vitoria-acerta-com-mais-um-reforco-para-a-serie-c\/#respond\"]}]},{\"@type\":\"WebPage\",\"@id\":\"https:\/\/brasilnoticias.org\/site\/esporte-vitoria-acerta-com-mais-um-reforco-para-a-serie-c\/\",\"url\":\"https:\/\/brasilnoticias.org\/site\/esporte-vitoria-acerta-com-mais-um-reforco-para-a-serie-c\/\",\"name\":\"ESPORTE VIT\u00d3RIA ACERTA COM MAIS UM REFOR\u00c7O PARA A S\u00c9RIE C - Brasil not\u00edcias\",\"isPartOf\":{\"@id\":\"https:\/\/brasilnoticias.org\/site\/#website\"},\"primaryImageOfPage\":{\"@id\":\"https:\/\/brasilnoticias.org\/site\/esporte-vitoria-acerta-com-mais-um-reforco-para-a-serie-c\/#primaryimage\"},\"image\":{\"@id\":\"https:\/\/brasilnoticias.org\/site\/esporte-vitoria-acerta-com-mais-um-reforco-para-a-serie-c\/#primaryimage\"},\"thumbnailUrl\":\"https:\/\/brasilnoticias.org\/site\/wp-content\/uploads\/2022\/05\/rafinha-ecv_widelg.jpg\",\"datePublished\":\"2022-05-13T22:08:26+00:00\",\"breadcrumb\":{\"@id\":\"https:\/\/brasilnoticias.org\/site\/esporte-vitoria-acerta-com-mais-um-reforco-para-a-serie-c\/#breadcrumb\"},\"inLanguage\":\"pt-PT\",\"potentialAction\":[{\"@type\":\"ReadAction\",\"target\":[\"https:\/\/brasilnoticias.org\/site\/esporte-vitoria-acerta-com-mais-um-reforco-para-a-serie-c\/\"]}]},{\"@type\":\"ImageObject\",\"inLanguage\":\"pt-PT\",\"@id\":\"https:\/\/brasilnoticias.org\/site\/esporte-vitoria-acerta-com-mais-um-reforco-para-a-serie-c\/#primaryimage\",\"url\":\"https:\/\/brasilnoticias.org\/site\/wp-content\/uploads\/2022\/05\/rafinha-ecv_widelg.jpg\",\"contentUrl\":\"https:\/\/brasilnoticias.org\/site\/wp-content\/uploads\/2022\/05\/rafinha-ecv_widelg.jpg\",\"width\":640,\"height\":427},{\"@type\":\"BreadcrumbList\",\"@id\":\"https:\/\/brasilnoticias.org\/site\/esporte-vitoria-acerta-com-mais-um-reforco-para-a-serie-c\/#breadcrumb\",\"itemListElement\":[{\"@type\":\"ListItem\",\"position\":1,\"name\":\"In\u00edcio\",\"item\":\"https:\/\/brasilnoticias.org\/site\/\"},{\"@type\":\"ListItem\",\"position\":2,\"name\":\"ESPORTE VIT\u00d3RIA ACERTA COM MAIS UM REFOR\u00c7O PARA A S\u00c9RIE C\"}]},{\"@type\":\"WebSite\",\"@id\":\"https:\/\/brasilnoticias.org\/site\/#website\",\"url\":\"https:\/\/brasilnoticias.org\/site\/\",\"name\":\"Brasil not\u00edcias\",\"description\":\"Brasil not\u00edcias\",\"publisher\":{\"@id\":\"https:\/\/brasilnoticias.org\/site\/#organization\"},\"potentialAction\":[{\"@type\":\"SearchAction\",\"target\":{\"@type\":\"EntryPoint\",\"urlTemplate\":\"https:\/\/brasilnoticias.org\/site\/?s={search_term_string}\"},\"query-input\":{\"@type\":\"PropertyValueSpecification\",\"valueRequired\":true,\"valueName\":\"search_term_string\"}}],\"inLanguage\":\"pt-PT\"},{\"@type\":\"Organization\",\"@id\":\"https:\/\/brasilnoticias.org\/site\/#organization\",\"name\":\"Brasil not\u00edcias\",\"url\":\"https:\/\/brasilnoticias.org\/site\/\",\"logo\":{\"@type\":\"ImageObject\",\"inLanguage\":\"pt-PT\",\"@id\":\"https:\/\/brasilnoticias.org\/site\/#\/schema\/logo\/image\/\",\"url\":\"https:\/\/brasilnoticias.org\/site\/wp-content\/uploads\/2022\/05\/cropped-brasilnoticias-mini.jpg\",\"contentUrl\":\"https:\/\/brasilnoticias.org\/site\/wp-content\/uploads\/2022\/05\/cropped-brasilnoticias-mini.jpg\",\"width\":314,\"height\":86,\"caption\":\"Brasil not\u00edcias\"},\"image\":{\"@id\":\"https:\/\/brasilnoticias.org\/site\/#\/schema\/logo\/image\/\"}},{\"@type\":\"Person\",\"@id\":\"https:\/\/brasilnoticias.org\/site\/#\/schema\/person\/f609fa847b5314f1c8b983342f34c798\",\"name\":\"Reda\u00e7\u00e3o\",\"image\":{\"@type\":\"ImageObject\",\"inLanguage\":\"pt-PT\",\"@id\":\"https:\/\/brasilnoticias.org\/site\/#\/schema\/person\/image\/\",\"url\":\"https:\/\/secure.gravatar.com\/avatar\/447284c06c1ad8b46465a36de9cd0d8326b73387a22799b8b1ffb1fbcff2ed0c?s=96&d=mm&r=g\",\"contentUrl\":\"https:\/\/secure.gravatar.com\/avatar\/447284c06c1ad8b46465a36de9cd0d8326b73387a22799b8b1ffb1fbcff2ed0c?s=96&d=mm&r=g\",\"caption\":\"Reda\u00e7\u00e3o\"},\"url\":\"https:\/\/brasilnoticias.org\/site\/author\/redacao\/\"}]}<\/script>\n<!-- \/ Yoast SEO plugin. -->","yoast_head_json":{"title":"ESPORTE VIT\u00d3RIA ACERTA COM MAIS UM REFOR\u00c7O PARA A S\u00c9RIE C - Brasil not\u00edcias","robots":{"index":"index","follow":"follow","max-snippet":"max-snippet:-1","max-image-preview":"max-image-preview:large","max-video-preview":"max-video-preview:-1"},"canonical":"https:\/\/brasilnoticias.org\/site\/esporte-vitoria-acerta-com-mais-um-reforco-para-a-serie-c\/","og_locale":"pt_PT","og_type":"article","og_title":"ESPORTE VIT\u00d3RIA ACERTA COM MAIS UM REFOR\u00c7O PARA A S\u00c9RIE C - Brasil not\u00edcias","og_description":"O Vit\u00f3ria acertou com mais um refor\u00e7o para a disputa do Campeonato Brasileiro da S\u00e9rie C. Trata-se do atacante Rafinha,","og_url":"https:\/\/brasilnoticias.org\/site\/esporte-vitoria-acerta-com-mais-um-reforco-para-a-serie-c\/","og_site_name":"Brasil not\u00edcias","article_published_time":"2022-05-13T22:08:26+00:00","og_image":[{"width":640,"height":427,"url":"https:\/\/brasilnoticias.org\/site\/wp-content\/uploads\/2022\/05\/rafinha-ecv_widelg.jpg","type":"image\/jpeg"}],"author":"Reda\u00e7\u00e3o","twitter_card":"summary_large_image","twitter_misc":{"Escrito por":"Reda\u00e7\u00e3o","Tempo estimado de leitura":"1 minuto"},"schema":{"@context":"https:\/\/schema.org","@graph":[{"@type":"Article","@id":"https:\/\/brasilnoticias.org\/site\/esporte-vitoria-acerta-com-mais-um-reforco-para-a-serie-c\/#article","isPartOf":{"@id":"https:\/\/brasilnoticias.org\/site\/esporte-vitoria-acerta-com-mais-um-reforco-para-a-serie-c\/"},"author":{"name":"Reda\u00e7\u00e3o","@id":"https:\/\/brasilnoticias.org\/site\/#\/schema\/person\/f609fa847b5314f1c8b983342f34c798"},"headline":"ESPORTE VIT\u00d3RIA ACERTA COM MAIS UM REFOR\u00c7O PARA A S\u00c9RIE C","datePublished":"2022-05-13T22:08:26+00:00","mainEntityOfPage":{"@id":"https:\/\/brasilnoticias.org\/site\/esporte-vitoria-acerta-com-mais-um-reforco-para-a-serie-c\/"},"wordCount":171,"commentCount":0,"publisher":{"@id":"https:\/\/brasilnoticias.org\/site\/#organization"},"image":{"@id":"https:\/\/brasilnoticias.org\/site\/esporte-vitoria-acerta-com-mais-um-reforco-para-a-serie-c\/#primaryimage"},"thumbnailUrl":"https:\/\/brasilnoticias.org\/site\/wp-content\/uploads\/2022\/05\/rafinha-ecv_widelg.jpg","articleSection":["Esporte","\u00daltimas"],"inLanguage":"pt-PT","potentialAction":[{"@type":"CommentAction","name":"Comment","target":["https:\/\/brasilnoticias.org\/site\/esporte-vitoria-acerta-com-mais-um-reforco-para-a-serie-c\/#respond"]}]},{"@type":"WebPage","@id":"https:\/\/brasilnoticias.org\/site\/esporte-vitoria-acerta-com-mais-um-reforco-para-a-serie-c\/","url":"https:\/\/brasilnoticias.org\/site\/esporte-vitoria-acerta-com-mais-um-reforco-para-a-serie-c\/","name":"ESPORTE VIT\u00d3RIA ACERTA COM MAIS UM REFOR\u00c7O PARA A S\u00c9RIE C - Brasil not\u00edcias","isPartOf":{"@id":"https:\/\/brasilnoticias.org\/site\/#website"},"primaryImageOfPage":{"@id":"https:\/\/brasilnoticias.org\/site\/esporte-vitoria-acerta-com-mais-um-reforco-para-a-serie-c\/#primaryimage"},"image":{"@id":"https:\/\/brasilnoticias.org\/site\/esporte-vitoria-acerta-com-mais-um-reforco-para-a-serie-c\/#primaryimage"},"thumbnailUrl":"https:\/\/brasilnoticias.org\/site\/wp-content\/uploads\/2022\/05\/rafinha-ecv_widelg.jpg","datePublished":"2022-05-13T22:08:26+00:00","breadcrumb":{"@id":"https:\/\/brasilnoticias.org\/site\/esporte-vitoria-acerta-com-mais-um-reforco-para-a-serie-c\/#breadcrumb"},"inLanguage":"pt-PT","potentialAction":[{"@type":"ReadAction","target":["https:\/\/brasilnoticias.org\/site\/esporte-vitoria-acerta-com-mais-um-reforco-para-a-serie-c\/"]}]},{"@type":"ImageObject","inLanguage":"pt-PT","@id":"https:\/\/brasilnoticias.org\/site\/esporte-vitoria-acerta-com-mais-um-reforco-para-a-serie-c\/#primaryimage","url":"https:\/\/brasilnoticias.org\/site\/wp-content\/uploads\/2022\/05\/rafinha-ecv_widelg.jpg","contentUrl":"https:\/\/brasilnoticias.org\/site\/wp-content\/uploads\/2022\/05\/rafinha-ecv_widelg.jpg","width":640,"height":427},{"@type":"BreadcrumbList","@id":"https:\/\/brasilnoticias.org\/site\/esporte-vitoria-acerta-com-mais-um-reforco-para-a-serie-c\/#breadcrumb","itemListElement":[{"@type":"ListItem","position":1,"name":"In\u00edcio","item":"https:\/\/brasilnoticias.org\/site\/"},{"@type":"ListItem","position":2,"name":"ESPORTE VIT\u00d3RIA ACERTA COM MAIS UM REFOR\u00c7O PARA A S\u00c9RIE C"}]},{"@type":"WebSite","@id":"https:\/\/brasilnoticias.org\/site\/#website","url":"https:\/\/brasilnoticias.org\/site\/","name":"Brasil not\u00edcias","description":"Brasil not\u00edcias","publisher":{"@id":"https:\/\/brasilnoticias.org\/site\/#organization"},"potentialAction":[{"@type":"SearchAction","target":{"@type":"EntryPoint","urlTemplate":"https:\/\/brasilnoticias.org\/site\/?s={search_term_string}"},"query-input":{"@type":"PropertyValueSpecification","valueRequired":true,"valueName":"search_term_string"}}],"inLanguage":"pt-PT"},{"@type":"Organization","@id":"https:\/\/brasilnoticias.org\/site\/#organization","name":"Brasil not\u00edcias","url":"https:\/\/brasilnoticias.org\/site\/","logo":{"@type":"ImageObject","inLanguage":"pt-PT","@id":"https:\/\/brasilnoticias.org\/site\/#\/schema\/logo\/image\/","url":"https:\/\/brasilnoticias.org\/site\/wp-content\/uploads\/2022\/05\/cropped-brasilnoticias-mini.jpg","contentUrl":"https:\/\/brasilnoticias.org\/site\/wp-content\/uploads\/2022\/05\/cropped-brasilnoticias-mini.jpg","width":314,"height":86,"caption":"Brasil not\u00edcias"},"image":{"@id":"https:\/\/brasilnoticias.org\/site\/#\/schema\/logo\/image\/"}},{"@type":"Person","@id":"https:\/\/brasilnoticias.org\/site\/#\/schema\/person\/f609fa847b5314f1c8b983342f34c798","name":"Reda\u00e7\u00e3o","image":{"@type":"ImageObject","inLanguage":"pt-PT","@id":"https:\/\/brasilnoticias.org\/site\/#\/schema\/person\/image\/","url":"https:\/\/secure.gravatar.com\/avatar\/447284c06c1ad8b46465a36de9cd0d8326b73387a22799b8b1ffb1fbcff2ed0c?s=96&d=mm&r=g","contentUrl":"https:\/\/secure.gravatar.com\/avatar\/447284c06c1ad8b46465a36de9cd0d8326b73387a22799b8b1ffb1fbcff2ed0c?s=96&d=mm&r=g","caption":"Reda\u00e7\u00e3o"},"url":"https:\/\/brasilnoticias.org\/site\/author\/redacao\/"}]}},"_links":{"self":[{"href":"https:\/\/brasilnoticias.org\/site\/wp-json\/wp\/v2\/posts\/212","targetHints":{"allow":["GET"]}}],"collection":[{"href":"https:\/\/brasilnoticias.org\/site\/wp-json\/wp\/v2\/posts"}],"about":[{"href":"https:\/\/brasilnoticias.org\/site\/wp-json\/wp\/v2\/types\/post"}],"author":[{"embeddable":true,"href":"https:\/\/brasilnoticias.org\/site\/wp-json\/wp\/v2\/users\/2"}],"replies":[{"embeddable":true,"href":"https:\/\/brasilnoticias.org\/site\/wp-json\/wp\/v2\/comments?post=212"}],"version-history":[{"count":1,"href":"https:\/\/brasilnoticias.org\/site\/wp-json\/wp\/v2\/posts\/212\/revisions"}],"predecessor-version":[{"id":214,"href":"https:\/\/brasilnoticias.org\/site\/wp-json\/wp\/v2\/posts\/212\/revisions\/214"}],"wp:featuredmedia":[{"embeddable":true,"href":"https:\/\/brasilnoticias.org\/site\/wp-json\/wp\/v2\/media\/213"}],"wp:attachment":[{"href":"https:\/\/brasilnoticias.org\/site\/wp-json\/wp\/v2\/media?parent=212"}],"wp:term":[{"taxonomy":"category","embeddable":true,"href":"https:\/\/brasilnoticias.org\/site\/wp-json\/wp\/v2\/categories?post=212"},{"taxonomy":"post_tag","embeddable":true,"href":"https:\/\/brasilnoticias.org\/site\/wp-json\/wp\/v2\/tags?post=212"}],"curies":[{"name":"wp","href":"https:\/\/api.w.org\/{rel}","templated":true}]}}