{"id":21226,"date":"2026-03-27T09:29:49","date_gmt":"2026-03-27T12:29:49","guid":{"rendered":"https:\/\/brasilnoticias.org\/site\/?p=21226"},"modified":"2026-03-27T09:29:49","modified_gmt":"2026-03-27T12:29:49","slug":"cientista-renomado-chega-a-salvador-e-recebe-premio-de-diplomata-humanitario","status":"publish","type":"post","link":"https:\/\/brasilnoticias.org\/site\/cientista-renomado-chega-a-salvador-e-recebe-premio-de-diplomata-humanitario\/","title":{"rendered":"Cientista renomado chega a Salvador e recebe pr\u00eamio de Diplomata Humanit\u00e1rio"},"content":{"rendered":"<p data-path-to-node=\"4\">Entre os dias <b data-path-to-node=\"4\" data-index-in-node=\"14\">27 e 29 de mar\u00e7o<\/b>, a capital baiana sedia o evento <b data-path-to-node=\"4\" data-index-in-node=\"64\">&#8220;Desperte Seu Poder&#8221;<\/b>, uma imers\u00e3o focada em desenvolvimento humano, lideran\u00e7a e intelig\u00eancia emocional. Conduzida pelo empres\u00e1rio, escritor e fundador do Instituto Brasileiro de Coaching (IBC), <b data-path-to-node=\"4\" data-index-in-node=\"258\">Jos\u00e9 Roberto Marques<\/b>, a jornada acontece no Centro de Conven\u00e7\u00f5es de Salvador, das 8h \u00e0s 20h.<\/p>\n<p data-path-to-node=\"5\"><b data-path-to-node=\"5\" data-index-in-node=\"0\">O que esperar do evento:<\/b> A imers\u00e3o utiliza uma metodologia de aprendizagem experiencial, mesclando teoria e atividades pr\u00e1ticas. Os principais pilares abordados ser\u00e3o:<\/p>\n<ul data-path-to-node=\"6\">\n<li>\n<p data-path-to-node=\"6,0,0\"><b data-path-to-node=\"6,0,0\" data-index-in-node=\"0\">Intelig\u00eancia Emocional:<\/b> Gest\u00e3o de sentimentos e autoconhecimento.<\/p>\n<\/li>\n<li>\n<p data-path-to-node=\"6,1,0\"><b data-path-to-node=\"6,1,0\" data-index-in-node=\"0\">Reprograma\u00e7\u00e3o Comportamental:<\/b> Mudan\u00e7a de h\u00e1bitos e cren\u00e7as limitantes.<\/p>\n<\/li>\n<li>\n<p data-path-to-node=\"6,2,0\"><b data-path-to-node=\"6,2,0\" data-index-in-node=\"0\">Lideran\u00e7a e Carreira:<\/b> Tomada de decis\u00e3o assertiva e defini\u00e7\u00e3o de metas de alto impacto.<\/p>\n<\/li>\n<\/ul>\n<p data-path-to-node=\"7\"><b data-path-to-node=\"7\" data-index-in-node=\"0\">Reconhecimento Internacional:<\/b> Um dos pontos altos da programa\u00e7\u00e3o ser\u00e1 a condecora\u00e7\u00e3o de Jos\u00e9 Roberto Marques como <b data-path-to-node=\"7\" data-index-in-node=\"114\">Diplomata Civil Humanit\u00e1rio<\/b> pela <i data-path-to-node=\"7\" data-index-in-node=\"147\">Jethro International<\/i>. A honraria \u00e9 concedida a l\u00edderes que geram impacto social relevante e promovem a forma\u00e7\u00e3o de consci\u00eancia. O mentor j\u00e1 possui outros pr\u00eamios internacionais, como o Pr\u00eamio Martin Luther King, recebido em Lisboa.<\/p>\n<p data-path-to-node=\"8\"><b data-path-to-node=\"8\" data-index-in-node=\"0\">Por que Salvador?<\/b> De acordo com o organizador, a escolha de Salvador reflete o crescimento do p\u00fablico baiano interessado em temas como prop\u00f3sito de vida, sa\u00fade emocional e evolu\u00e7\u00e3o na carreira, tirando o foco desses grandes eventos apenas do eixo Sudeste (Rio-S\u00e3o Paulo).<\/p>\n<p data-path-to-node=\"9\"><b data-path-to-node=\"9\" data-index-in-node=\"0\">Servi\u00e7o:<\/b><\/p>\n<ul data-path-to-node=\"10\">\n<li>\n<p data-path-to-node=\"10,0,0\"><b data-path-to-node=\"10,0,0\" data-index-in-node=\"0\">Evento:<\/b> Imers\u00e3o Desperte Seu Poder<\/p>\n<\/li>\n<li>\n<p data-path-to-node=\"10,1,0\"><b data-path-to-node=\"10,1,0\" data-index-in-node=\"0\">Data:<\/b> 27 a 29 de mar\u00e7o<\/p>\n<\/li>\n<li>\n<p data-path-to-node=\"10,2,0\"><b data-path-to-node=\"10,2,0\" data-index-in-node=\"0\">Hor\u00e1rio:<\/b> 08h \u00e0s 20h<\/p>\n<\/li>\n<li>\n<p data-path-to-node=\"10,3,0\"><b data-path-to-node=\"10,3,0\" data-index-in-node=\"0\">Local:<\/b> Centro de Conven\u00e7\u00f5es de Salvador<\/p>\n<\/li>\n<\/ul>\n<p>&nbsp;<\/p>\n<p>Fonte: Aratu On<\/p>\n","protected":false},"excerpt":{"rendered":"<p>Entre os dias 27 e 29 de mar\u00e7o, a capital baiana sedia o evento &#8220;Desperte Seu Poder&#8221;, uma imers\u00e3o focada<\/p>\n","protected":false},"author":4,"featured_media":21227,"comment_status":"open","ping_status":"open","sticky":false,"template":"","format":"standard","meta":{"colormag_page_container_layout":"default_layout","colormag_page_sidebar_layout":"default_layout","_FSMCFIC_featured_image_caption":"","_FSMCFIC_featured_image_nocaption":"","_FSMCFIC_featured_image_hide":"","footnotes":""},"categories":[8,1],"tags":[],"class_list":["post-21226","post","type-post","status-publish","format-standard","has-post-thumbnail","hentry","category-entretenimento","category-ultimas"],"yoast_head":"<!-- This site is optimized with the Yoast SEO plugin v27.1.1 - https:\/\/yoast.com\/product\/yoast-seo-wordpress\/ -->\n<title>Cientista renomado chega a Salvador e recebe pr\u00eamio de Diplomata Humanit\u00e1rio - Brasil not\u00edcias<\/title>\n<meta name=\"robots\" content=\"index, follow, max-snippet:-1, max-image-preview:large, max-video-preview:-1\" \/>\n<link rel=\"canonical\" href=\"https:\/\/brasilnoticias.org\/site\/cientista-renomado-chega-a-salvador-e-recebe-premio-de-diplomata-humanitario\/\" \/>\n<meta property=\"og:locale\" content=\"pt_PT\" \/>\n<meta property=\"og:type\" content=\"article\" \/>\n<meta property=\"og:title\" content=\"Cientista renomado chega a Salvador e recebe pr\u00eamio de Diplomata Humanit\u00e1rio - Brasil not\u00edcias\" \/>\n<meta property=\"og:description\" content=\"Entre os dias 27 e 29 de mar\u00e7o, a capital baiana sedia o evento &#8220;Desperte Seu Poder&#8221;, uma imers\u00e3o focada\" \/>\n<meta property=\"og:url\" content=\"https:\/\/brasilnoticias.org\/site\/cientista-renomado-chega-a-salvador-e-recebe-premio-de-diplomata-humanitario\/\" \/>\n<meta property=\"og:site_name\" content=\"Brasil not\u00edcias\" \/>\n<meta property=\"article:published_time\" content=\"2026-03-27T12:29:49+00:00\" \/>\n<meta property=\"og:image\" content=\"https:\/\/brasilnoticias.org\/site\/wp-content\/uploads\/2026\/03\/eec64be8-60ac-4684-9445-92d58b014dd1.webp\" \/>\n\t<meta property=\"og:image:width\" content=\"600\" \/>\n\t<meta property=\"og:image:height\" content=\"360\" \/>\n\t<meta property=\"og:image:type\" content=\"image\/webp\" \/>\n<meta name=\"author\" content=\"Reda\u00e7\u00e3o\" \/>\n<meta name=\"twitter:card\" content=\"summary_large_image\" \/>\n<meta name=\"twitter:label1\" content=\"Escrito por\" \/>\n\t<meta name=\"twitter:data1\" content=\"Reda\u00e7\u00e3o\" \/>\n\t<meta name=\"twitter:label2\" content=\"Tempo estimado de leitura\" \/>\n\t<meta name=\"twitter:data2\" content=\"2 minutos\" \/>\n<script type=\"application\/ld+json\" class=\"yoast-schema-graph\">{\"@context\":\"https:\/\/schema.org\",\"@graph\":[{\"@type\":\"Article\",\"@id\":\"https:\/\/brasilnoticias.org\/site\/cientista-renomado-chega-a-salvador-e-recebe-premio-de-diplomata-humanitario\/#article\",\"isPartOf\":{\"@id\":\"https:\/\/brasilnoticias.org\/site\/cientista-renomado-chega-a-salvador-e-recebe-premio-de-diplomata-humanitario\/\"},\"author\":{\"name\":\"Reda\u00e7\u00e3o\",\"@id\":\"https:\/\/brasilnoticias.org\/site\/#\/schema\/person\/03bbbfe6c7634ad18c26444ea39049fa\"},\"headline\":\"Cientista renomado chega a Salvador e recebe pr\u00eamio de Diplomata Humanit\u00e1rio\",\"datePublished\":\"2026-03-27T12:29:49+00:00\",\"mainEntityOfPage\":{\"@id\":\"https:\/\/brasilnoticias.org\/site\/cientista-renomado-chega-a-salvador-e-recebe-premio-de-diplomata-humanitario\/\"},\"wordCount\":275,\"commentCount\":0,\"publisher\":{\"@id\":\"https:\/\/brasilnoticias.org\/site\/#organization\"},\"image\":{\"@id\":\"https:\/\/brasilnoticias.org\/site\/cientista-renomado-chega-a-salvador-e-recebe-premio-de-diplomata-humanitario\/#primaryimage\"},\"thumbnailUrl\":\"https:\/\/brasilnoticias.org\/site\/wp-content\/uploads\/2026\/03\/eec64be8-60ac-4684-9445-92d58b014dd1.webp\",\"articleSection\":[\"Entretenimento\",\"\u00daltimas\"],\"inLanguage\":\"pt-PT\",\"potentialAction\":[{\"@type\":\"CommentAction\",\"name\":\"Comment\",\"target\":[\"https:\/\/brasilnoticias.org\/site\/cientista-renomado-chega-a-salvador-e-recebe-premio-de-diplomata-humanitario\/#respond\"]}]},{\"@type\":\"WebPage\",\"@id\":\"https:\/\/brasilnoticias.org\/site\/cientista-renomado-chega-a-salvador-e-recebe-premio-de-diplomata-humanitario\/\",\"url\":\"https:\/\/brasilnoticias.org\/site\/cientista-renomado-chega-a-salvador-e-recebe-premio-de-diplomata-humanitario\/\",\"name\":\"Cientista renomado chega a Salvador e recebe pr\u00eamio de Diplomata Humanit\u00e1rio - Brasil not\u00edcias\",\"isPartOf\":{\"@id\":\"https:\/\/brasilnoticias.org\/site\/#website\"},\"primaryImageOfPage\":{\"@id\":\"https:\/\/brasilnoticias.org\/site\/cientista-renomado-chega-a-salvador-e-recebe-premio-de-diplomata-humanitario\/#primaryimage\"},\"image\":{\"@id\":\"https:\/\/brasilnoticias.org\/site\/cientista-renomado-chega-a-salvador-e-recebe-premio-de-diplomata-humanitario\/#primaryimage\"},\"thumbnailUrl\":\"https:\/\/brasilnoticias.org\/site\/wp-content\/uploads\/2026\/03\/eec64be8-60ac-4684-9445-92d58b014dd1.webp\",\"datePublished\":\"2026-03-27T12:29:49+00:00\",\"breadcrumb\":{\"@id\":\"https:\/\/brasilnoticias.org\/site\/cientista-renomado-chega-a-salvador-e-recebe-premio-de-diplomata-humanitario\/#breadcrumb\"},\"inLanguage\":\"pt-PT\",\"potentialAction\":[{\"@type\":\"ReadAction\",\"target\":[\"https:\/\/brasilnoticias.org\/site\/cientista-renomado-chega-a-salvador-e-recebe-premio-de-diplomata-humanitario\/\"]}]},{\"@type\":\"ImageObject\",\"inLanguage\":\"pt-PT\",\"@id\":\"https:\/\/brasilnoticias.org\/site\/cientista-renomado-chega-a-salvador-e-recebe-premio-de-diplomata-humanitario\/#primaryimage\",\"url\":\"https:\/\/brasilnoticias.org\/site\/wp-content\/uploads\/2026\/03\/eec64be8-60ac-4684-9445-92d58b014dd1.webp\",\"contentUrl\":\"https:\/\/brasilnoticias.org\/site\/wp-content\/uploads\/2026\/03\/eec64be8-60ac-4684-9445-92d58b014dd1.webp\",\"width\":600,\"height\":360,\"caption\":\"Jos\u00e9 Roberto \/ Divulga\u00e7\u00e3o\"},{\"@type\":\"BreadcrumbList\",\"@id\":\"https:\/\/brasilnoticias.org\/site\/cientista-renomado-chega-a-salvador-e-recebe-premio-de-diplomata-humanitario\/#breadcrumb\",\"itemListElement\":[{\"@type\":\"ListItem\",\"position\":1,\"name\":\"In\u00edcio\",\"item\":\"https:\/\/brasilnoticias.org\/site\/\"},{\"@type\":\"ListItem\",\"position\":2,\"name\":\"Cientista renomado chega a Salvador e recebe pr\u00eamio de Diplomata Humanit\u00e1rio\"}]},{\"@type\":\"WebSite\",\"@id\":\"https:\/\/brasilnoticias.org\/site\/#website\",\"url\":\"https:\/\/brasilnoticias.org\/site\/\",\"name\":\"Brasil not\u00edcias\",\"description\":\"Brasil not\u00edcias\",\"publisher\":{\"@id\":\"https:\/\/brasilnoticias.org\/site\/#organization\"},\"potentialAction\":[{\"@type\":\"SearchAction\",\"target\":{\"@type\":\"EntryPoint\",\"urlTemplate\":\"https:\/\/brasilnoticias.org\/site\/?s={search_term_string}\"},\"query-input\":{\"@type\":\"PropertyValueSpecification\",\"valueRequired\":true,\"valueName\":\"search_term_string\"}}],\"inLanguage\":\"pt-PT\"},{\"@type\":\"Organization\",\"@id\":\"https:\/\/brasilnoticias.org\/site\/#organization\",\"name\":\"Brasil not\u00edcias\",\"url\":\"https:\/\/brasilnoticias.org\/site\/\",\"logo\":{\"@type\":\"ImageObject\",\"inLanguage\":\"pt-PT\",\"@id\":\"https:\/\/brasilnoticias.org\/site\/#\/schema\/logo\/image\/\",\"url\":\"https:\/\/brasilnoticias.org\/site\/wp-content\/uploads\/2022\/05\/cropped-brasilnoticias-mini.jpg\",\"contentUrl\":\"https:\/\/brasilnoticias.org\/site\/wp-content\/uploads\/2022\/05\/cropped-brasilnoticias-mini.jpg\",\"width\":314,\"height\":86,\"caption\":\"Brasil not\u00edcias\"},\"image\":{\"@id\":\"https:\/\/brasilnoticias.org\/site\/#\/schema\/logo\/image\/\"}},{\"@type\":\"Person\",\"@id\":\"https:\/\/brasilnoticias.org\/site\/#\/schema\/person\/03bbbfe6c7634ad18c26444ea39049fa\",\"name\":\"Reda\u00e7\u00e3o\",\"image\":{\"@type\":\"ImageObject\",\"inLanguage\":\"pt-PT\",\"@id\":\"https:\/\/brasilnoticias.org\/site\/#\/schema\/person\/image\/\",\"url\":\"https:\/\/secure.gravatar.com\/avatar\/9ecaf7327a696cb23ad926fedded5f1f04d7049de9e445375d55b48c001a6e42?s=96&d=mm&r=g\",\"contentUrl\":\"https:\/\/secure.gravatar.com\/avatar\/9ecaf7327a696cb23ad926fedded5f1f04d7049de9e445375d55b48c001a6e42?s=96&d=mm&r=g\",\"caption\":\"Reda\u00e7\u00e3o\"},\"url\":\"https:\/\/brasilnoticias.org\/site\/author\/henrique\/\"}]}<\/script>\n<!-- \/ Yoast SEO plugin. -->","yoast_head_json":{"title":"Cientista renomado chega a Salvador e recebe pr\u00eamio de Diplomata Humanit\u00e1rio - Brasil not\u00edcias","robots":{"index":"index","follow":"follow","max-snippet":"max-snippet:-1","max-image-preview":"max-image-preview:large","max-video-preview":"max-video-preview:-1"},"canonical":"https:\/\/brasilnoticias.org\/site\/cientista-renomado-chega-a-salvador-e-recebe-premio-de-diplomata-humanitario\/","og_locale":"pt_PT","og_type":"article","og_title":"Cientista renomado chega a Salvador e recebe pr\u00eamio de Diplomata Humanit\u00e1rio - Brasil not\u00edcias","og_description":"Entre os dias 27 e 29 de mar\u00e7o, a capital baiana sedia o evento &#8220;Desperte Seu Poder&#8221;, uma imers\u00e3o focada","og_url":"https:\/\/brasilnoticias.org\/site\/cientista-renomado-chega-a-salvador-e-recebe-premio-de-diplomata-humanitario\/","og_site_name":"Brasil not\u00edcias","article_published_time":"2026-03-27T12:29:49+00:00","og_image":[{"width":600,"height":360,"url":"https:\/\/brasilnoticias.org\/site\/wp-content\/uploads\/2026\/03\/eec64be8-60ac-4684-9445-92d58b014dd1.webp","type":"image\/webp"}],"author":"Reda\u00e7\u00e3o","twitter_card":"summary_large_image","twitter_misc":{"Escrito por":"Reda\u00e7\u00e3o","Tempo estimado de leitura":"2 minutos"},"schema":{"@context":"https:\/\/schema.org","@graph":[{"@type":"Article","@id":"https:\/\/brasilnoticias.org\/site\/cientista-renomado-chega-a-salvador-e-recebe-premio-de-diplomata-humanitario\/#article","isPartOf":{"@id":"https:\/\/brasilnoticias.org\/site\/cientista-renomado-chega-a-salvador-e-recebe-premio-de-diplomata-humanitario\/"},"author":{"name":"Reda\u00e7\u00e3o","@id":"https:\/\/brasilnoticias.org\/site\/#\/schema\/person\/03bbbfe6c7634ad18c26444ea39049fa"},"headline":"Cientista renomado chega a Salvador e recebe pr\u00eamio de Diplomata Humanit\u00e1rio","datePublished":"2026-03-27T12:29:49+00:00","mainEntityOfPage":{"@id":"https:\/\/brasilnoticias.org\/site\/cientista-renomado-chega-a-salvador-e-recebe-premio-de-diplomata-humanitario\/"},"wordCount":275,"commentCount":0,"publisher":{"@id":"https:\/\/brasilnoticias.org\/site\/#organization"},"image":{"@id":"https:\/\/brasilnoticias.org\/site\/cientista-renomado-chega-a-salvador-e-recebe-premio-de-diplomata-humanitario\/#primaryimage"},"thumbnailUrl":"https:\/\/brasilnoticias.org\/site\/wp-content\/uploads\/2026\/03\/eec64be8-60ac-4684-9445-92d58b014dd1.webp","articleSection":["Entretenimento","\u00daltimas"],"inLanguage":"pt-PT","potentialAction":[{"@type":"CommentAction","name":"Comment","target":["https:\/\/brasilnoticias.org\/site\/cientista-renomado-chega-a-salvador-e-recebe-premio-de-diplomata-humanitario\/#respond"]}]},{"@type":"WebPage","@id":"https:\/\/brasilnoticias.org\/site\/cientista-renomado-chega-a-salvador-e-recebe-premio-de-diplomata-humanitario\/","url":"https:\/\/brasilnoticias.org\/site\/cientista-renomado-chega-a-salvador-e-recebe-premio-de-diplomata-humanitario\/","name":"Cientista renomado chega a Salvador e recebe pr\u00eamio de Diplomata Humanit\u00e1rio - Brasil not\u00edcias","isPartOf":{"@id":"https:\/\/brasilnoticias.org\/site\/#website"},"primaryImageOfPage":{"@id":"https:\/\/brasilnoticias.org\/site\/cientista-renomado-chega-a-salvador-e-recebe-premio-de-diplomata-humanitario\/#primaryimage"},"image":{"@id":"https:\/\/brasilnoticias.org\/site\/cientista-renomado-chega-a-salvador-e-recebe-premio-de-diplomata-humanitario\/#primaryimage"},"thumbnailUrl":"https:\/\/brasilnoticias.org\/site\/wp-content\/uploads\/2026\/03\/eec64be8-60ac-4684-9445-92d58b014dd1.webp","datePublished":"2026-03-27T12:29:49+00:00","breadcrumb":{"@id":"https:\/\/brasilnoticias.org\/site\/cientista-renomado-chega-a-salvador-e-recebe-premio-de-diplomata-humanitario\/#breadcrumb"},"inLanguage":"pt-PT","potentialAction":[{"@type":"ReadAction","target":["https:\/\/brasilnoticias.org\/site\/cientista-renomado-chega-a-salvador-e-recebe-premio-de-diplomata-humanitario\/"]}]},{"@type":"ImageObject","inLanguage":"pt-PT","@id":"https:\/\/brasilnoticias.org\/site\/cientista-renomado-chega-a-salvador-e-recebe-premio-de-diplomata-humanitario\/#primaryimage","url":"https:\/\/brasilnoticias.org\/site\/wp-content\/uploads\/2026\/03\/eec64be8-60ac-4684-9445-92d58b014dd1.webp","contentUrl":"https:\/\/brasilnoticias.org\/site\/wp-content\/uploads\/2026\/03\/eec64be8-60ac-4684-9445-92d58b014dd1.webp","width":600,"height":360,"caption":"Jos\u00e9 Roberto \/ Divulga\u00e7\u00e3o"},{"@type":"BreadcrumbList","@id":"https:\/\/brasilnoticias.org\/site\/cientista-renomado-chega-a-salvador-e-recebe-premio-de-diplomata-humanitario\/#breadcrumb","itemListElement":[{"@type":"ListItem","position":1,"name":"In\u00edcio","item":"https:\/\/brasilnoticias.org\/site\/"},{"@type":"ListItem","position":2,"name":"Cientista renomado chega a Salvador e recebe pr\u00eamio de Diplomata Humanit\u00e1rio"}]},{"@type":"WebSite","@id":"https:\/\/brasilnoticias.org\/site\/#website","url":"https:\/\/brasilnoticias.org\/site\/","name":"Brasil not\u00edcias","description":"Brasil not\u00edcias","publisher":{"@id":"https:\/\/brasilnoticias.org\/site\/#organization"},"potentialAction":[{"@type":"SearchAction","target":{"@type":"EntryPoint","urlTemplate":"https:\/\/brasilnoticias.org\/site\/?s={search_term_string}"},"query-input":{"@type":"PropertyValueSpecification","valueRequired":true,"valueName":"search_term_string"}}],"inLanguage":"pt-PT"},{"@type":"Organization","@id":"https:\/\/brasilnoticias.org\/site\/#organization","name":"Brasil not\u00edcias","url":"https:\/\/brasilnoticias.org\/site\/","logo":{"@type":"ImageObject","inLanguage":"pt-PT","@id":"https:\/\/brasilnoticias.org\/site\/#\/schema\/logo\/image\/","url":"https:\/\/brasilnoticias.org\/site\/wp-content\/uploads\/2022\/05\/cropped-brasilnoticias-mini.jpg","contentUrl":"https:\/\/brasilnoticias.org\/site\/wp-content\/uploads\/2022\/05\/cropped-brasilnoticias-mini.jpg","width":314,"height":86,"caption":"Brasil not\u00edcias"},"image":{"@id":"https:\/\/brasilnoticias.org\/site\/#\/schema\/logo\/image\/"}},{"@type":"Person","@id":"https:\/\/brasilnoticias.org\/site\/#\/schema\/person\/03bbbfe6c7634ad18c26444ea39049fa","name":"Reda\u00e7\u00e3o","image":{"@type":"ImageObject","inLanguage":"pt-PT","@id":"https:\/\/brasilnoticias.org\/site\/#\/schema\/person\/image\/","url":"https:\/\/secure.gravatar.com\/avatar\/9ecaf7327a696cb23ad926fedded5f1f04d7049de9e445375d55b48c001a6e42?s=96&d=mm&r=g","contentUrl":"https:\/\/secure.gravatar.com\/avatar\/9ecaf7327a696cb23ad926fedded5f1f04d7049de9e445375d55b48c001a6e42?s=96&d=mm&r=g","caption":"Reda\u00e7\u00e3o"},"url":"https:\/\/brasilnoticias.org\/site\/author\/henrique\/"}]}},"_links":{"self":[{"href":"https:\/\/brasilnoticias.org\/site\/wp-json\/wp\/v2\/posts\/21226","targetHints":{"allow":["GET"]}}],"collection":[{"href":"https:\/\/brasilnoticias.org\/site\/wp-json\/wp\/v2\/posts"}],"about":[{"href":"https:\/\/brasilnoticias.org\/site\/wp-json\/wp\/v2\/types\/post"}],"author":[{"embeddable":true,"href":"https:\/\/brasilnoticias.org\/site\/wp-json\/wp\/v2\/users\/4"}],"replies":[{"embeddable":true,"href":"https:\/\/brasilnoticias.org\/site\/wp-json\/wp\/v2\/comments?post=21226"}],"version-history":[{"count":1,"href":"https:\/\/brasilnoticias.org\/site\/wp-json\/wp\/v2\/posts\/21226\/revisions"}],"predecessor-version":[{"id":21228,"href":"https:\/\/brasilnoticias.org\/site\/wp-json\/wp\/v2\/posts\/21226\/revisions\/21228"}],"wp:featuredmedia":[{"embeddable":true,"href":"https:\/\/brasilnoticias.org\/site\/wp-json\/wp\/v2\/media\/21227"}],"wp:attachment":[{"href":"https:\/\/brasilnoticias.org\/site\/wp-json\/wp\/v2\/media?parent=21226"}],"wp:term":[{"taxonomy":"category","embeddable":true,"href":"https:\/\/brasilnoticias.org\/site\/wp-json\/wp\/v2\/categories?post=21226"},{"taxonomy":"post_tag","embeddable":true,"href":"https:\/\/brasilnoticias.org\/site\/wp-json\/wp\/v2\/tags?post=21226"}],"curies":[{"name":"wp","href":"https:\/\/api.w.org\/{rel}","templated":true}]}}