{"id":21234,"date":"2026-03-27T12:33:39","date_gmt":"2026-03-27T15:33:39","guid":{"rendered":"https:\/\/brasilnoticias.org\/site\/?p=21234"},"modified":"2026-03-27T12:33:39","modified_gmt":"2026-03-27T15:33:39","slug":"acm-neto-descarta-dialogo-com-mdb-e-sinaliza-apoio-a-caiado-chapa-completa-sera-lancada-em-feira","status":"publish","type":"post","link":"https:\/\/brasilnoticias.org\/site\/acm-neto-descarta-dialogo-com-mdb-e-sinaliza-apoio-a-caiado-chapa-completa-sera-lancada-em-feira\/","title":{"rendered":"ACM Neto descarta di\u00e1logo com MDB e sinaliza apoio a Caiado; chapa completa ser\u00e1 lan\u00e7ada em Feira"},"content":{"rendered":"<h2 class=\"self-stretch font-sans text-headline-6 font-normal tracking-tight text-neutral-50\">A especula\u00e7\u00e3o sobre a possibilidade de rompimento entre emedebistas e petistas na Bahia ganhou novos contornos esta semana ap\u00f3s declara\u00e7\u00f5es de Jer\u00f4nimo e Geddel<\/h2>\n<p>&nbsp;<\/p>\n<p>Em agenda ao lado do prefeito\u00a0<strong>Bruno Reis<\/strong>, nesta sexta-feira (27), em Salvador, o pr\u00e9-candidato ao governo da Bahia pelo Uni\u00e3o Brasil,\u00a0<strong>ACM Neto<\/strong>, descartou, neste momento, qualquer di\u00e1logo com o MDB e afirmou que a chapa oposicionista j\u00e1 est\u00e1 definida para a disputa deste ano.<\/p>\n<p>\u201c<strong>N\u00f3s n\u00e3o temos nenhum di\u00e1logo com o MDB. N\u00e3o que haja qualquer dificuldade, mas n\u00e3o existe conversa nesse momento<\/strong>\u201d, afirmou.<\/p>\n<p>Segundo Neto, uma eventual aproxima\u00e7\u00e3o dependeria de um movimento do pr\u00f3prio partido, hoje aliado do governador\u00a0<strong>Jer\u00f4nimo Rodrigues\u00a0<\/strong>(PT).<\/p>\n<p>\u201c<strong>Se houver alguma decis\u00e3o de se afastar da base do governo e o desejo de dialogar conosco, a gente pode conversar. Mas eu n\u00e3o gosto de tratar mediante especula\u00e7\u00e3o<\/strong>\u201d, completou.<\/p>\n<h2><strong>Recado de Geddel<\/p>\n<p><\/strong><\/h2>\n<p>A especula\u00e7\u00e3o sobre a possibilidade de rompimento entre emedebistas e petistas na Bahia ganhou novos contornos esta semana ap\u00f3s uma declara\u00e7\u00e3o de Jer\u00f4nimo.<\/p>\n<p>O chefe do Executivo baiano adiou mais uma vez o lan\u00e7amento da chapa governista para depois do dia 4 de abril, data limite da janela partid\u00e1ria, em fun\u00e7\u00e3o das nominatas dos candidatos proporcionais.<\/p>\n<p>Nas redes sociais, ao comentar o assunto, o l\u00edder do MDB,\u00a0<strong>Geddel Vieira Lima<\/strong>, estabeleceu como prazo o pr\u00f3ximo dia 3 para a forma\u00e7\u00e3o de chapas e deu recado:\u00a0<strong>\u201c\u00c9 um direito do governador estabelecer seus prazos e suas conveni\u00eancias, como sei que ele reconhece que \u00e9 um direito nosso estabelecer nossos prazos e nossas conveni\u00eancias. Nosso tempo est\u00e1 chegando\u201d.<\/strong><\/p>\n<p>Na sequ\u00eancia, postou a foto de um despertador com a frase\u00a0<strong>\u201cTIC TAC, TIC TAC, TIC TAC&#8230;\u201d\u00a0<\/strong>e fez outro post em que critica uma fala do presidente Lula sobre c\u00e3es e China:<strong>\u00a0\u201cT\u00e1 abusando do direito de falar besteira\u201d.<\/strong><\/p>\n<h2><strong>Chapa fechada<\/p>\n<p><\/strong><\/h2>\n<p>Durante a entrevista desta sexta, ACM Neto refor\u00e7ou que a composi\u00e7\u00e3o da oposi\u00e7\u00e3o na Bahia j\u00e1 est\u00e1 definida e afastou a possibilidade de novos arranjos partid\u00e1rios que alterem a estrutura atual.<\/p>\n<p>\u201c<strong>Em rela\u00e7\u00e3o aos nomes da chapa, j\u00e1 est\u00e3o realmente fechados<\/strong>\u201d, disse.<\/p>\n<p>O ex-prefeito citou a alian\u00e7a com partidos como Uni\u00e3o Brasil, Progressistas, Republicanos e PL, em contraste com o que classificou como uma chapa \u201cpuro-sangue\u201d do grupo governista.<\/p>\n<p>\u201c<strong>A gente tem quatro partidos construindo uma chapa organizada e estruturada, diferente de Jer\u00f4nimo, que vai ter uma chapa puro-sangue, com a panelinha, todos do PT<\/strong>\u201d, provocou.<\/p>\n<p>O lan\u00e7amento da chapa completa da oposi\u00e7\u00e3o, com Neto (Uni\u00e3o) ao governo,\u00a0<strong>Z\u00e9 Coc\u00e1<\/strong>\u00a0(PP) na vice,\u00a0<strong>Angelo Coronel (<\/strong>Republicanos) e<strong>\u00a0Jo\u00e3o Roma<\/strong>\u00a0(PL) ao Senado, ser\u00e1 em Feira de Santana, na pr\u00f3xima segunda-feira (30).<\/p>\n<p>O evento ser\u00e1 captaneado pelo prefeito\u00a0<strong>Jos\u00e9 Ronaldo de Carvalho<\/strong>, a partir das 18h, no Teatro CDL.<\/p>\n<h2>\n<strong>Cen\u00e1rio nacional<\/p>\n<p><\/strong><\/h2>\n<p>No plano nacional, ACM Neto indicou tend\u00eancia de alinhamento com o governador de Goi\u00e1s,\u00a0<strong>Ronaldo Caiado<\/strong>\u00a0(PSD), caso ele confirme candidatura \u00e0 Presid\u00eancia da Rep\u00fablica.<\/p>\n<p>\u201c<strong>Considero Caiado um irm\u00e3o. Eu teria muita dificuldade de n\u00e3o acompanh\u00e1-lo, caso seja candidato<\/strong>\u201d, declarou.<\/p>\n<p>Apesar disso, ponderou que o cen\u00e1rio ainda depende de defini\u00e7\u00f5es partid\u00e1rias, especialmente dentro do PSD, al\u00e9m de outras siglas.<\/p>\n<p>\u201c<strong>Tudo no seu tempo. Vamos aguardar o quadro ficar mais claro para tomar a decis\u00e3o mais correta<\/strong>\u201d, disse.<\/p>\n<h2><strong>Agenda em Salvador<\/p>\n<p><\/strong><\/h2>\n<p>A declara\u00e7\u00e3o foi dada durante a inaugura\u00e7\u00e3o da Escola Municipal Papa Francisco, no bairro de Nova Esperan\u00e7a, em Salvador. A unidade, entregue pela Prefeitura dentro das comemora\u00e7\u00f5es pelos 477 anos da capital, tem capacidade para mais de mil alunos por turno e integra o pacote de investimentos na rede municipal de ensino.<\/p>\n<p><em><strong>Com informa\u00e7\u00f5es do rep\u00f3rter Luiz Henrique, da CBN Salvador.<\/strong><\/em><\/p>\n","protected":false},"excerpt":{"rendered":"<p>A especula\u00e7\u00e3o sobre a possibilidade de rompimento entre emedebistas e petistas na Bahia ganhou novos contornos esta semana ap\u00f3s declara\u00e7\u00f5es<\/p>\n","protected":false},"author":4,"featured_media":21235,"comment_status":"open","ping_status":"open","sticky":false,"template":"","format":"standard","meta":{"colormag_page_container_layout":"default_layout","colormag_page_sidebar_layout":"default_layout","_FSMCFIC_featured_image_caption":"","_FSMCFIC_featured_image_nocaption":"","_FSMCFIC_featured_image_hide":"","footnotes":""},"categories":[5,1],"tags":[],"class_list":["post-21234","post","type-post","status-publish","format-standard","has-post-thumbnail","hentry","category-politica","category-ultimas"],"yoast_head":"<!-- This site is optimized with the Yoast SEO plugin v27.1.1 - https:\/\/yoast.com\/product\/yoast-seo-wordpress\/ -->\n<title>ACM Neto descarta di\u00e1logo com MDB e sinaliza apoio a Caiado; chapa completa ser\u00e1 lan\u00e7ada em Feira - Brasil not\u00edcias<\/title>\n<meta name=\"robots\" content=\"index, follow, max-snippet:-1, max-image-preview:large, max-video-preview:-1\" \/>\n<link rel=\"canonical\" href=\"https:\/\/brasilnoticias.org\/site\/acm-neto-descarta-dialogo-com-mdb-e-sinaliza-apoio-a-caiado-chapa-completa-sera-lancada-em-feira\/\" \/>\n<meta property=\"og:locale\" content=\"pt_PT\" \/>\n<meta property=\"og:type\" content=\"article\" \/>\n<meta property=\"og:title\" content=\"ACM Neto descarta di\u00e1logo com MDB e sinaliza apoio a Caiado; chapa completa ser\u00e1 lan\u00e7ada em Feira - Brasil not\u00edcias\" \/>\n<meta property=\"og:description\" content=\"A especula\u00e7\u00e3o sobre a possibilidade de rompimento entre emedebistas e petistas na Bahia ganhou novos contornos esta semana ap\u00f3s declara\u00e7\u00f5es\" \/>\n<meta property=\"og:url\" content=\"https:\/\/brasilnoticias.org\/site\/acm-neto-descarta-dialogo-com-mdb-e-sinaliza-apoio-a-caiado-chapa-completa-sera-lancada-em-feira\/\" \/>\n<meta property=\"og:site_name\" content=\"Brasil not\u00edcias\" \/>\n<meta property=\"article:published_time\" content=\"2026-03-27T15:33:39+00:00\" \/>\n<meta property=\"og:image\" content=\"https:\/\/brasilnoticias.org\/site\/wp-content\/uploads\/2026\/03\/WhatsApp-Image-2026-03-26-at-12.55.29.jpeg\" \/>\n\t<meta property=\"og:image:width\" content=\"1280\" \/>\n\t<meta property=\"og:image:height\" content=\"854\" \/>\n\t<meta property=\"og:image:type\" content=\"image\/jpeg\" \/>\n<meta name=\"author\" content=\"Reda\u00e7\u00e3o\" \/>\n<meta name=\"twitter:card\" content=\"summary_large_image\" \/>\n<meta name=\"twitter:label1\" content=\"Escrito por\" \/>\n\t<meta name=\"twitter:data1\" content=\"Reda\u00e7\u00e3o\" \/>\n\t<meta name=\"twitter:label2\" content=\"Tempo estimado de leitura\" \/>\n\t<meta name=\"twitter:data2\" content=\"4 minutos\" \/>\n<script type=\"application\/ld+json\" class=\"yoast-schema-graph\">{\"@context\":\"https:\/\/schema.org\",\"@graph\":[{\"@type\":\"Article\",\"@id\":\"https:\/\/brasilnoticias.org\/site\/acm-neto-descarta-dialogo-com-mdb-e-sinaliza-apoio-a-caiado-chapa-completa-sera-lancada-em-feira\/#article\",\"isPartOf\":{\"@id\":\"https:\/\/brasilnoticias.org\/site\/acm-neto-descarta-dialogo-com-mdb-e-sinaliza-apoio-a-caiado-chapa-completa-sera-lancada-em-feira\/\"},\"author\":{\"name\":\"Reda\u00e7\u00e3o\",\"@id\":\"https:\/\/brasilnoticias.org\/site\/#\/schema\/person\/03bbbfe6c7634ad18c26444ea39049fa\"},\"headline\":\"ACM Neto descarta di\u00e1logo com MDB e sinaliza apoio a Caiado; chapa completa ser\u00e1 lan\u00e7ada em Feira\",\"datePublished\":\"2026-03-27T15:33:39+00:00\",\"mainEntityOfPage\":{\"@id\":\"https:\/\/brasilnoticias.org\/site\/acm-neto-descarta-dialogo-com-mdb-e-sinaliza-apoio-a-caiado-chapa-completa-sera-lancada-em-feira\/\"},\"wordCount\":668,\"commentCount\":0,\"publisher\":{\"@id\":\"https:\/\/brasilnoticias.org\/site\/#organization\"},\"image\":{\"@id\":\"https:\/\/brasilnoticias.org\/site\/acm-neto-descarta-dialogo-com-mdb-e-sinaliza-apoio-a-caiado-chapa-completa-sera-lancada-em-feira\/#primaryimage\"},\"thumbnailUrl\":\"https:\/\/brasilnoticias.org\/site\/wp-content\/uploads\/2026\/03\/WhatsApp-Image-2026-03-26-at-12.55.29.jpeg\",\"articleSection\":[\"Pol\u00edtica\",\"\u00daltimas\"],\"inLanguage\":\"pt-PT\",\"potentialAction\":[{\"@type\":\"CommentAction\",\"name\":\"Comment\",\"target\":[\"https:\/\/brasilnoticias.org\/site\/acm-neto-descarta-dialogo-com-mdb-e-sinaliza-apoio-a-caiado-chapa-completa-sera-lancada-em-feira\/#respond\"]}]},{\"@type\":\"WebPage\",\"@id\":\"https:\/\/brasilnoticias.org\/site\/acm-neto-descarta-dialogo-com-mdb-e-sinaliza-apoio-a-caiado-chapa-completa-sera-lancada-em-feira\/\",\"url\":\"https:\/\/brasilnoticias.org\/site\/acm-neto-descarta-dialogo-com-mdb-e-sinaliza-apoio-a-caiado-chapa-completa-sera-lancada-em-feira\/\",\"name\":\"ACM Neto descarta di\u00e1logo com MDB e sinaliza apoio a Caiado; chapa completa ser\u00e1 lan\u00e7ada em Feira - Brasil not\u00edcias\",\"isPartOf\":{\"@id\":\"https:\/\/brasilnoticias.org\/site\/#website\"},\"primaryImageOfPage\":{\"@id\":\"https:\/\/brasilnoticias.org\/site\/acm-neto-descarta-dialogo-com-mdb-e-sinaliza-apoio-a-caiado-chapa-completa-sera-lancada-em-feira\/#primaryimage\"},\"image\":{\"@id\":\"https:\/\/brasilnoticias.org\/site\/acm-neto-descarta-dialogo-com-mdb-e-sinaliza-apoio-a-caiado-chapa-completa-sera-lancada-em-feira\/#primaryimage\"},\"thumbnailUrl\":\"https:\/\/brasilnoticias.org\/site\/wp-content\/uploads\/2026\/03\/WhatsApp-Image-2026-03-26-at-12.55.29.jpeg\",\"datePublished\":\"2026-03-27T15:33:39+00:00\",\"breadcrumb\":{\"@id\":\"https:\/\/brasilnoticias.org\/site\/acm-neto-descarta-dialogo-com-mdb-e-sinaliza-apoio-a-caiado-chapa-completa-sera-lancada-em-feira\/#breadcrumb\"},\"inLanguage\":\"pt-PT\",\"potentialAction\":[{\"@type\":\"ReadAction\",\"target\":[\"https:\/\/brasilnoticias.org\/site\/acm-neto-descarta-dialogo-com-mdb-e-sinaliza-apoio-a-caiado-chapa-completa-sera-lancada-em-feira\/\"]}]},{\"@type\":\"ImageObject\",\"inLanguage\":\"pt-PT\",\"@id\":\"https:\/\/brasilnoticias.org\/site\/acm-neto-descarta-dialogo-com-mdb-e-sinaliza-apoio-a-caiado-chapa-completa-sera-lancada-em-feira\/#primaryimage\",\"url\":\"https:\/\/brasilnoticias.org\/site\/wp-content\/uploads\/2026\/03\/WhatsApp-Image-2026-03-26-at-12.55.29.jpeg\",\"contentUrl\":\"https:\/\/brasilnoticias.org\/site\/wp-content\/uploads\/2026\/03\/WhatsApp-Image-2026-03-26-at-12.55.29.jpeg\",\"width\":1280,\"height\":854,\"caption\":\"Foto: Divulga\u00e7\u00e3o\"},{\"@type\":\"BreadcrumbList\",\"@id\":\"https:\/\/brasilnoticias.org\/site\/acm-neto-descarta-dialogo-com-mdb-e-sinaliza-apoio-a-caiado-chapa-completa-sera-lancada-em-feira\/#breadcrumb\",\"itemListElement\":[{\"@type\":\"ListItem\",\"position\":1,\"name\":\"In\u00edcio\",\"item\":\"https:\/\/brasilnoticias.org\/site\/\"},{\"@type\":\"ListItem\",\"position\":2,\"name\":\"ACM Neto descarta di\u00e1logo com MDB e sinaliza apoio a Caiado; chapa completa ser\u00e1 lan\u00e7ada em Feira\"}]},{\"@type\":\"WebSite\",\"@id\":\"https:\/\/brasilnoticias.org\/site\/#website\",\"url\":\"https:\/\/brasilnoticias.org\/site\/\",\"name\":\"Brasil not\u00edcias\",\"description\":\"Brasil not\u00edcias\",\"publisher\":{\"@id\":\"https:\/\/brasilnoticias.org\/site\/#organization\"},\"potentialAction\":[{\"@type\":\"SearchAction\",\"target\":{\"@type\":\"EntryPoint\",\"urlTemplate\":\"https:\/\/brasilnoticias.org\/site\/?s={search_term_string}\"},\"query-input\":{\"@type\":\"PropertyValueSpecification\",\"valueRequired\":true,\"valueName\":\"search_term_string\"}}],\"inLanguage\":\"pt-PT\"},{\"@type\":\"Organization\",\"@id\":\"https:\/\/brasilnoticias.org\/site\/#organization\",\"name\":\"Brasil not\u00edcias\",\"url\":\"https:\/\/brasilnoticias.org\/site\/\",\"logo\":{\"@type\":\"ImageObject\",\"inLanguage\":\"pt-PT\",\"@id\":\"https:\/\/brasilnoticias.org\/site\/#\/schema\/logo\/image\/\",\"url\":\"https:\/\/brasilnoticias.org\/site\/wp-content\/uploads\/2022\/05\/cropped-brasilnoticias-mini.jpg\",\"contentUrl\":\"https:\/\/brasilnoticias.org\/site\/wp-content\/uploads\/2022\/05\/cropped-brasilnoticias-mini.jpg\",\"width\":314,\"height\":86,\"caption\":\"Brasil not\u00edcias\"},\"image\":{\"@id\":\"https:\/\/brasilnoticias.org\/site\/#\/schema\/logo\/image\/\"}},{\"@type\":\"Person\",\"@id\":\"https:\/\/brasilnoticias.org\/site\/#\/schema\/person\/03bbbfe6c7634ad18c26444ea39049fa\",\"name\":\"Reda\u00e7\u00e3o\",\"image\":{\"@type\":\"ImageObject\",\"inLanguage\":\"pt-PT\",\"@id\":\"https:\/\/brasilnoticias.org\/site\/#\/schema\/person\/image\/\",\"url\":\"https:\/\/secure.gravatar.com\/avatar\/9ecaf7327a696cb23ad926fedded5f1f04d7049de9e445375d55b48c001a6e42?s=96&d=mm&r=g\",\"contentUrl\":\"https:\/\/secure.gravatar.com\/avatar\/9ecaf7327a696cb23ad926fedded5f1f04d7049de9e445375d55b48c001a6e42?s=96&d=mm&r=g\",\"caption\":\"Reda\u00e7\u00e3o\"},\"url\":\"https:\/\/brasilnoticias.org\/site\/author\/henrique\/\"}]}<\/script>\n<!-- \/ Yoast SEO plugin. -->","yoast_head_json":{"title":"ACM Neto descarta di\u00e1logo com MDB e sinaliza apoio a Caiado; chapa completa ser\u00e1 lan\u00e7ada em Feira - Brasil not\u00edcias","robots":{"index":"index","follow":"follow","max-snippet":"max-snippet:-1","max-image-preview":"max-image-preview:large","max-video-preview":"max-video-preview:-1"},"canonical":"https:\/\/brasilnoticias.org\/site\/acm-neto-descarta-dialogo-com-mdb-e-sinaliza-apoio-a-caiado-chapa-completa-sera-lancada-em-feira\/","og_locale":"pt_PT","og_type":"article","og_title":"ACM Neto descarta di\u00e1logo com MDB e sinaliza apoio a Caiado; chapa completa ser\u00e1 lan\u00e7ada em Feira - Brasil not\u00edcias","og_description":"A especula\u00e7\u00e3o sobre a possibilidade de rompimento entre emedebistas e petistas na Bahia ganhou novos contornos esta semana ap\u00f3s declara\u00e7\u00f5es","og_url":"https:\/\/brasilnoticias.org\/site\/acm-neto-descarta-dialogo-com-mdb-e-sinaliza-apoio-a-caiado-chapa-completa-sera-lancada-em-feira\/","og_site_name":"Brasil not\u00edcias","article_published_time":"2026-03-27T15:33:39+00:00","og_image":[{"width":1280,"height":854,"url":"https:\/\/brasilnoticias.org\/site\/wp-content\/uploads\/2026\/03\/WhatsApp-Image-2026-03-26-at-12.55.29.jpeg","type":"image\/jpeg"}],"author":"Reda\u00e7\u00e3o","twitter_card":"summary_large_image","twitter_misc":{"Escrito por":"Reda\u00e7\u00e3o","Tempo estimado de leitura":"4 minutos"},"schema":{"@context":"https:\/\/schema.org","@graph":[{"@type":"Article","@id":"https:\/\/brasilnoticias.org\/site\/acm-neto-descarta-dialogo-com-mdb-e-sinaliza-apoio-a-caiado-chapa-completa-sera-lancada-em-feira\/#article","isPartOf":{"@id":"https:\/\/brasilnoticias.org\/site\/acm-neto-descarta-dialogo-com-mdb-e-sinaliza-apoio-a-caiado-chapa-completa-sera-lancada-em-feira\/"},"author":{"name":"Reda\u00e7\u00e3o","@id":"https:\/\/brasilnoticias.org\/site\/#\/schema\/person\/03bbbfe6c7634ad18c26444ea39049fa"},"headline":"ACM Neto descarta di\u00e1logo com MDB e sinaliza apoio a Caiado; chapa completa ser\u00e1 lan\u00e7ada em Feira","datePublished":"2026-03-27T15:33:39+00:00","mainEntityOfPage":{"@id":"https:\/\/brasilnoticias.org\/site\/acm-neto-descarta-dialogo-com-mdb-e-sinaliza-apoio-a-caiado-chapa-completa-sera-lancada-em-feira\/"},"wordCount":668,"commentCount":0,"publisher":{"@id":"https:\/\/brasilnoticias.org\/site\/#organization"},"image":{"@id":"https:\/\/brasilnoticias.org\/site\/acm-neto-descarta-dialogo-com-mdb-e-sinaliza-apoio-a-caiado-chapa-completa-sera-lancada-em-feira\/#primaryimage"},"thumbnailUrl":"https:\/\/brasilnoticias.org\/site\/wp-content\/uploads\/2026\/03\/WhatsApp-Image-2026-03-26-at-12.55.29.jpeg","articleSection":["Pol\u00edtica","\u00daltimas"],"inLanguage":"pt-PT","potentialAction":[{"@type":"CommentAction","name":"Comment","target":["https:\/\/brasilnoticias.org\/site\/acm-neto-descarta-dialogo-com-mdb-e-sinaliza-apoio-a-caiado-chapa-completa-sera-lancada-em-feira\/#respond"]}]},{"@type":"WebPage","@id":"https:\/\/brasilnoticias.org\/site\/acm-neto-descarta-dialogo-com-mdb-e-sinaliza-apoio-a-caiado-chapa-completa-sera-lancada-em-feira\/","url":"https:\/\/brasilnoticias.org\/site\/acm-neto-descarta-dialogo-com-mdb-e-sinaliza-apoio-a-caiado-chapa-completa-sera-lancada-em-feira\/","name":"ACM Neto descarta di\u00e1logo com MDB e sinaliza apoio a Caiado; chapa completa ser\u00e1 lan\u00e7ada em Feira - Brasil not\u00edcias","isPartOf":{"@id":"https:\/\/brasilnoticias.org\/site\/#website"},"primaryImageOfPage":{"@id":"https:\/\/brasilnoticias.org\/site\/acm-neto-descarta-dialogo-com-mdb-e-sinaliza-apoio-a-caiado-chapa-completa-sera-lancada-em-feira\/#primaryimage"},"image":{"@id":"https:\/\/brasilnoticias.org\/site\/acm-neto-descarta-dialogo-com-mdb-e-sinaliza-apoio-a-caiado-chapa-completa-sera-lancada-em-feira\/#primaryimage"},"thumbnailUrl":"https:\/\/brasilnoticias.org\/site\/wp-content\/uploads\/2026\/03\/WhatsApp-Image-2026-03-26-at-12.55.29.jpeg","datePublished":"2026-03-27T15:33:39+00:00","breadcrumb":{"@id":"https:\/\/brasilnoticias.org\/site\/acm-neto-descarta-dialogo-com-mdb-e-sinaliza-apoio-a-caiado-chapa-completa-sera-lancada-em-feira\/#breadcrumb"},"inLanguage":"pt-PT","potentialAction":[{"@type":"ReadAction","target":["https:\/\/brasilnoticias.org\/site\/acm-neto-descarta-dialogo-com-mdb-e-sinaliza-apoio-a-caiado-chapa-completa-sera-lancada-em-feira\/"]}]},{"@type":"ImageObject","inLanguage":"pt-PT","@id":"https:\/\/brasilnoticias.org\/site\/acm-neto-descarta-dialogo-com-mdb-e-sinaliza-apoio-a-caiado-chapa-completa-sera-lancada-em-feira\/#primaryimage","url":"https:\/\/brasilnoticias.org\/site\/wp-content\/uploads\/2026\/03\/WhatsApp-Image-2026-03-26-at-12.55.29.jpeg","contentUrl":"https:\/\/brasilnoticias.org\/site\/wp-content\/uploads\/2026\/03\/WhatsApp-Image-2026-03-26-at-12.55.29.jpeg","width":1280,"height":854,"caption":"Foto: Divulga\u00e7\u00e3o"},{"@type":"BreadcrumbList","@id":"https:\/\/brasilnoticias.org\/site\/acm-neto-descarta-dialogo-com-mdb-e-sinaliza-apoio-a-caiado-chapa-completa-sera-lancada-em-feira\/#breadcrumb","itemListElement":[{"@type":"ListItem","position":1,"name":"In\u00edcio","item":"https:\/\/brasilnoticias.org\/site\/"},{"@type":"ListItem","position":2,"name":"ACM Neto descarta di\u00e1logo com MDB e sinaliza apoio a Caiado; chapa completa ser\u00e1 lan\u00e7ada em Feira"}]},{"@type":"WebSite","@id":"https:\/\/brasilnoticias.org\/site\/#website","url":"https:\/\/brasilnoticias.org\/site\/","name":"Brasil not\u00edcias","description":"Brasil not\u00edcias","publisher":{"@id":"https:\/\/brasilnoticias.org\/site\/#organization"},"potentialAction":[{"@type":"SearchAction","target":{"@type":"EntryPoint","urlTemplate":"https:\/\/brasilnoticias.org\/site\/?s={search_term_string}"},"query-input":{"@type":"PropertyValueSpecification","valueRequired":true,"valueName":"search_term_string"}}],"inLanguage":"pt-PT"},{"@type":"Organization","@id":"https:\/\/brasilnoticias.org\/site\/#organization","name":"Brasil not\u00edcias","url":"https:\/\/brasilnoticias.org\/site\/","logo":{"@type":"ImageObject","inLanguage":"pt-PT","@id":"https:\/\/brasilnoticias.org\/site\/#\/schema\/logo\/image\/","url":"https:\/\/brasilnoticias.org\/site\/wp-content\/uploads\/2022\/05\/cropped-brasilnoticias-mini.jpg","contentUrl":"https:\/\/brasilnoticias.org\/site\/wp-content\/uploads\/2022\/05\/cropped-brasilnoticias-mini.jpg","width":314,"height":86,"caption":"Brasil not\u00edcias"},"image":{"@id":"https:\/\/brasilnoticias.org\/site\/#\/schema\/logo\/image\/"}},{"@type":"Person","@id":"https:\/\/brasilnoticias.org\/site\/#\/schema\/person\/03bbbfe6c7634ad18c26444ea39049fa","name":"Reda\u00e7\u00e3o","image":{"@type":"ImageObject","inLanguage":"pt-PT","@id":"https:\/\/brasilnoticias.org\/site\/#\/schema\/person\/image\/","url":"https:\/\/secure.gravatar.com\/avatar\/9ecaf7327a696cb23ad926fedded5f1f04d7049de9e445375d55b48c001a6e42?s=96&d=mm&r=g","contentUrl":"https:\/\/secure.gravatar.com\/avatar\/9ecaf7327a696cb23ad926fedded5f1f04d7049de9e445375d55b48c001a6e42?s=96&d=mm&r=g","caption":"Reda\u00e7\u00e3o"},"url":"https:\/\/brasilnoticias.org\/site\/author\/henrique\/"}]}},"_links":{"self":[{"href":"https:\/\/brasilnoticias.org\/site\/wp-json\/wp\/v2\/posts\/21234","targetHints":{"allow":["GET"]}}],"collection":[{"href":"https:\/\/brasilnoticias.org\/site\/wp-json\/wp\/v2\/posts"}],"about":[{"href":"https:\/\/brasilnoticias.org\/site\/wp-json\/wp\/v2\/types\/post"}],"author":[{"embeddable":true,"href":"https:\/\/brasilnoticias.org\/site\/wp-json\/wp\/v2\/users\/4"}],"replies":[{"embeddable":true,"href":"https:\/\/brasilnoticias.org\/site\/wp-json\/wp\/v2\/comments?post=21234"}],"version-history":[{"count":1,"href":"https:\/\/brasilnoticias.org\/site\/wp-json\/wp\/v2\/posts\/21234\/revisions"}],"predecessor-version":[{"id":21236,"href":"https:\/\/brasilnoticias.org\/site\/wp-json\/wp\/v2\/posts\/21234\/revisions\/21236"}],"wp:featuredmedia":[{"embeddable":true,"href":"https:\/\/brasilnoticias.org\/site\/wp-json\/wp\/v2\/media\/21235"}],"wp:attachment":[{"href":"https:\/\/brasilnoticias.org\/site\/wp-json\/wp\/v2\/media?parent=21234"}],"wp:term":[{"taxonomy":"category","embeddable":true,"href":"https:\/\/brasilnoticias.org\/site\/wp-json\/wp\/v2\/categories?post=21234"},{"taxonomy":"post_tag","embeddable":true,"href":"https:\/\/brasilnoticias.org\/site\/wp-json\/wp\/v2\/tags?post=21234"}],"curies":[{"name":"wp","href":"https:\/\/api.w.org\/{rel}","templated":true}]}}