{"id":21242,"date":"2026-03-30T06:52:59","date_gmt":"2026-03-30T09:52:59","guid":{"rendered":"https:\/\/brasilnoticias.org\/site\/?p=21242"},"modified":"2026-03-30T06:52:59","modified_gmt":"2026-03-30T09:52:59","slug":"salvador-entra-em-nivel-de-atencao-apos-fortes-chuvas-veja-bairros-afetados","status":"publish","type":"post","link":"https:\/\/brasilnoticias.org\/site\/salvador-entra-em-nivel-de-atencao-apos-fortes-chuvas-veja-bairros-afetados\/","title":{"rendered":"Salvador entra em n\u00edvel de aten\u00e7\u00e3o ap\u00f3s fortes chuvas; veja bairros afetados"},"content":{"rendered":"<p data-start=\"178\" data-end=\"430\">A <span class=\"hover:entity-accent entity-underline inline cursor-pointer align-baseline\"><span class=\"whitespace-normal\">Salvador<\/span><\/span> entrou em n\u00edvel de aten\u00e7\u00e3o ap\u00f3s o registro de fortes chuvas que atingiram a capital baiana nas \u00faltimas horas, provocando alagamentos, deslizamentos de terra e diversos transtornos em diferentes regi\u00f5es da cidade.<\/p>\n<p data-start=\"432\" data-end=\"705\">De acordo com a <span class=\"hover:entity-accent entity-underline inline cursor-pointer align-baseline\"><span class=\"whitespace-normal\">Defesa Civil de Salvador<\/span><\/span> (Codesal), o volume elevado de precipita\u00e7\u00f5es elevou o risco geol\u00f3gico em \u00e1reas de encosta, levando o \u00f3rg\u00e3o a intensificar o monitoramento e emitir alertas para a popula\u00e7\u00e3o, especialmente em localidades mais vulner\u00e1veis.<\/p>\n<p data-start=\"707\" data-end=\"1048\">Entre os bairros mais afetados est\u00e3o regi\u00f5es como Cajazeiras, Sub\u00farbio Ferrovi\u00e1rio, S\u00e3o Marcos, Pau da Lima e outras \u00e1reas com hist\u00f3rico de ocorr\u00eancias em per\u00edodos chuvosos. Foram registrados pontos de alagamento, quedas de \u00e1rvores e deslizamentos de terra, al\u00e9m de ocorr\u00eancias relacionadas a infiltra\u00e7\u00f5es e desabamentos parciais de im\u00f3veis.<\/p>\n<p data-start=\"1050\" data-end=\"1339\">Equipes da Codesal seguem em campo atendendo chamados e realizando vistorias t\u00e9cnicas, enquanto outros \u00f3rg\u00e3os municipais atuam para minimizar os impactos e garantir a seguran\u00e7a da popula\u00e7\u00e3o. Em casos de maior risco, moradores podem ser orientados a deixar suas resid\u00eancias preventivamente.<\/p>\n<p data-start=\"1341\" data-end=\"1541\">As autoridades refor\u00e7am que, em situa\u00e7\u00f5es de emerg\u00eancia, a popula\u00e7\u00e3o deve acionar a Defesa Civil pelo telefone 199 e evitar \u00e1reas de risco, principalmente durante per\u00edodos de chuva intensa e cont\u00ednua.<\/p>\n<p data-start=\"1543\" data-end=\"1703\">A previs\u00e3o meteorol\u00f3gica indica a continuidade das chuvas nos pr\u00f3ximos dias, o que mant\u00e9m o estado de aten\u00e7\u00e3o e exige cautela redobrada por parte dos moradores.<\/p>\n<p data-start=\"1705\" data-end=\"1892\" data-is-last-node=\"\" data-is-only-node=\"\">Em s\u00edntese, Salvador enfrenta um per\u00edodo de instabilidade clim\u00e1tica com impactos em diversos bairros, exigindo monitoramento constante e a\u00e7\u00f5es preventivas para reduzir riscos \u00e0 popula\u00e7\u00e3o.<\/p>\n<p data-start=\"1705\" data-end=\"1892\" data-is-last-node=\"\" data-is-only-node=\"\">Fonte: A Tarde<\/p>\n","protected":false},"excerpt":{"rendered":"<p>A Salvador entrou em n\u00edvel de aten\u00e7\u00e3o ap\u00f3s o registro de fortes chuvas que atingiram a capital baiana nas \u00faltimas<\/p>\n","protected":false},"author":4,"featured_media":21243,"comment_status":"open","ping_status":"open","sticky":false,"template":"","format":"standard","meta":{"colormag_page_container_layout":"default_layout","colormag_page_sidebar_layout":"default_layout","_FSMCFIC_featured_image_caption":"","_FSMCFIC_featured_image_nocaption":"","_FSMCFIC_featured_image_hide":"","footnotes":""},"categories":[2,1],"tags":[],"class_list":["post-21242","post","type-post","status-publish","format-standard","has-post-thumbnail","hentry","category-noticias","category-ultimas"],"yoast_head":"<!-- This site is optimized with the Yoast SEO plugin v27.1.1 - https:\/\/yoast.com\/product\/yoast-seo-wordpress\/ -->\n<title>Salvador entra em n\u00edvel de aten\u00e7\u00e3o ap\u00f3s fortes chuvas; veja bairros afetados - Brasil not\u00edcias<\/title>\n<meta name=\"robots\" content=\"index, follow, max-snippet:-1, max-image-preview:large, max-video-preview:-1\" \/>\n<link rel=\"canonical\" href=\"https:\/\/brasilnoticias.org\/site\/salvador-entra-em-nivel-de-atencao-apos-fortes-chuvas-veja-bairros-afetados\/\" \/>\n<meta property=\"og:locale\" content=\"pt_PT\" \/>\n<meta property=\"og:type\" content=\"article\" \/>\n<meta property=\"og:title\" content=\"Salvador entra em n\u00edvel de aten\u00e7\u00e3o ap\u00f3s fortes chuvas; veja bairros afetados - Brasil not\u00edcias\" \/>\n<meta property=\"og:description\" content=\"A Salvador entrou em n\u00edvel de aten\u00e7\u00e3o ap\u00f3s o registro de fortes chuvas que atingiram a capital baiana nas \u00faltimas\" \/>\n<meta property=\"og:url\" content=\"https:\/\/brasilnoticias.org\/site\/salvador-entra-em-nivel-de-atencao-apos-fortes-chuvas-veja-bairros-afetados\/\" \/>\n<meta property=\"og:site_name\" content=\"Brasil not\u00edcias\" \/>\n<meta property=\"article:published_time\" content=\"2026-03-30T09:52:59+00:00\" \/>\n<meta property=\"og:image\" content=\"https:\/\/brasilnoticias.org\/site\/wp-content\/uploads\/2026\/03\/nordeste-em-alerta-chuva-forte-fecha-o-verao-com-r0138311600202603190655-ScaleDownProportional.webp\" \/>\n\t<meta property=\"og:image:width\" content=\"960\" \/>\n\t<meta property=\"og:image:height\" content=\"720\" \/>\n\t<meta property=\"og:image:type\" content=\"image\/webp\" \/>\n<meta name=\"author\" content=\"Reda\u00e7\u00e3o\" \/>\n<meta name=\"twitter:card\" content=\"summary_large_image\" \/>\n<meta name=\"twitter:label1\" content=\"Escrito por\" \/>\n\t<meta name=\"twitter:data1\" content=\"Reda\u00e7\u00e3o\" \/>\n\t<meta name=\"twitter:label2\" content=\"Tempo estimado de leitura\" \/>\n\t<meta name=\"twitter:data2\" content=\"2 minutos\" \/>\n<script type=\"application\/ld+json\" class=\"yoast-schema-graph\">{\"@context\":\"https:\/\/schema.org\",\"@graph\":[{\"@type\":\"Article\",\"@id\":\"https:\/\/brasilnoticias.org\/site\/salvador-entra-em-nivel-de-atencao-apos-fortes-chuvas-veja-bairros-afetados\/#article\",\"isPartOf\":{\"@id\":\"https:\/\/brasilnoticias.org\/site\/salvador-entra-em-nivel-de-atencao-apos-fortes-chuvas-veja-bairros-afetados\/\"},\"author\":{\"name\":\"Reda\u00e7\u00e3o\",\"@id\":\"https:\/\/brasilnoticias.org\/site\/#\/schema\/person\/03bbbfe6c7634ad18c26444ea39049fa\"},\"headline\":\"Salvador entra em n\u00edvel de aten\u00e7\u00e3o ap\u00f3s fortes chuvas; veja bairros afetados\",\"datePublished\":\"2026-03-30T09:52:59+00:00\",\"mainEntityOfPage\":{\"@id\":\"https:\/\/brasilnoticias.org\/site\/salvador-entra-em-nivel-de-atencao-apos-fortes-chuvas-veja-bairros-afetados\/\"},\"wordCount\":304,\"commentCount\":0,\"publisher\":{\"@id\":\"https:\/\/brasilnoticias.org\/site\/#organization\"},\"image\":{\"@id\":\"https:\/\/brasilnoticias.org\/site\/salvador-entra-em-nivel-de-atencao-apos-fortes-chuvas-veja-bairros-afetados\/#primaryimage\"},\"thumbnailUrl\":\"https:\/\/brasilnoticias.org\/site\/wp-content\/uploads\/2026\/03\/nordeste-em-alerta-chuva-forte-fecha-o-verao-com-r0138311600202603190655-ScaleDownProportional.webp\",\"articleSection\":[\"Not\u00edcias\",\"\u00daltimas\"],\"inLanguage\":\"pt-PT\",\"potentialAction\":[{\"@type\":\"CommentAction\",\"name\":\"Comment\",\"target\":[\"https:\/\/brasilnoticias.org\/site\/salvador-entra-em-nivel-de-atencao-apos-fortes-chuvas-veja-bairros-afetados\/#respond\"]}]},{\"@type\":\"WebPage\",\"@id\":\"https:\/\/brasilnoticias.org\/site\/salvador-entra-em-nivel-de-atencao-apos-fortes-chuvas-veja-bairros-afetados\/\",\"url\":\"https:\/\/brasilnoticias.org\/site\/salvador-entra-em-nivel-de-atencao-apos-fortes-chuvas-veja-bairros-afetados\/\",\"name\":\"Salvador entra em n\u00edvel de aten\u00e7\u00e3o ap\u00f3s fortes chuvas; veja bairros afetados - Brasil not\u00edcias\",\"isPartOf\":{\"@id\":\"https:\/\/brasilnoticias.org\/site\/#website\"},\"primaryImageOfPage\":{\"@id\":\"https:\/\/brasilnoticias.org\/site\/salvador-entra-em-nivel-de-atencao-apos-fortes-chuvas-veja-bairros-afetados\/#primaryimage\"},\"image\":{\"@id\":\"https:\/\/brasilnoticias.org\/site\/salvador-entra-em-nivel-de-atencao-apos-fortes-chuvas-veja-bairros-afetados\/#primaryimage\"},\"thumbnailUrl\":\"https:\/\/brasilnoticias.org\/site\/wp-content\/uploads\/2026\/03\/nordeste-em-alerta-chuva-forte-fecha-o-verao-com-r0138311600202603190655-ScaleDownProportional.webp\",\"datePublished\":\"2026-03-30T09:52:59+00:00\",\"breadcrumb\":{\"@id\":\"https:\/\/brasilnoticias.org\/site\/salvador-entra-em-nivel-de-atencao-apos-fortes-chuvas-veja-bairros-afetados\/#breadcrumb\"},\"inLanguage\":\"pt-PT\",\"potentialAction\":[{\"@type\":\"ReadAction\",\"target\":[\"https:\/\/brasilnoticias.org\/site\/salvador-entra-em-nivel-de-atencao-apos-fortes-chuvas-veja-bairros-afetados\/\"]}]},{\"@type\":\"ImageObject\",\"inLanguage\":\"pt-PT\",\"@id\":\"https:\/\/brasilnoticias.org\/site\/salvador-entra-em-nivel-de-atencao-apos-fortes-chuvas-veja-bairros-afetados\/#primaryimage\",\"url\":\"https:\/\/brasilnoticias.org\/site\/wp-content\/uploads\/2026\/03\/nordeste-em-alerta-chuva-forte-fecha-o-verao-com-r0138311600202603190655-ScaleDownProportional.webp\",\"contentUrl\":\"https:\/\/brasilnoticias.org\/site\/wp-content\/uploads\/2026\/03\/nordeste-em-alerta-chuva-forte-fecha-o-verao-com-r0138311600202603190655-ScaleDownProportional.webp\",\"width\":960,\"height\":720,\"caption\":\"Foto: Xando Pereira | Ag. A TARDE\"},{\"@type\":\"BreadcrumbList\",\"@id\":\"https:\/\/brasilnoticias.org\/site\/salvador-entra-em-nivel-de-atencao-apos-fortes-chuvas-veja-bairros-afetados\/#breadcrumb\",\"itemListElement\":[{\"@type\":\"ListItem\",\"position\":1,\"name\":\"In\u00edcio\",\"item\":\"https:\/\/brasilnoticias.org\/site\/\"},{\"@type\":\"ListItem\",\"position\":2,\"name\":\"Salvador entra em n\u00edvel de aten\u00e7\u00e3o ap\u00f3s fortes chuvas; veja bairros afetados\"}]},{\"@type\":\"WebSite\",\"@id\":\"https:\/\/brasilnoticias.org\/site\/#website\",\"url\":\"https:\/\/brasilnoticias.org\/site\/\",\"name\":\"Brasil not\u00edcias\",\"description\":\"Brasil not\u00edcias\",\"publisher\":{\"@id\":\"https:\/\/brasilnoticias.org\/site\/#organization\"},\"potentialAction\":[{\"@type\":\"SearchAction\",\"target\":{\"@type\":\"EntryPoint\",\"urlTemplate\":\"https:\/\/brasilnoticias.org\/site\/?s={search_term_string}\"},\"query-input\":{\"@type\":\"PropertyValueSpecification\",\"valueRequired\":true,\"valueName\":\"search_term_string\"}}],\"inLanguage\":\"pt-PT\"},{\"@type\":\"Organization\",\"@id\":\"https:\/\/brasilnoticias.org\/site\/#organization\",\"name\":\"Brasil not\u00edcias\",\"url\":\"https:\/\/brasilnoticias.org\/site\/\",\"logo\":{\"@type\":\"ImageObject\",\"inLanguage\":\"pt-PT\",\"@id\":\"https:\/\/brasilnoticias.org\/site\/#\/schema\/logo\/image\/\",\"url\":\"https:\/\/brasilnoticias.org\/site\/wp-content\/uploads\/2022\/05\/cropped-brasilnoticias-mini.jpg\",\"contentUrl\":\"https:\/\/brasilnoticias.org\/site\/wp-content\/uploads\/2022\/05\/cropped-brasilnoticias-mini.jpg\",\"width\":314,\"height\":86,\"caption\":\"Brasil not\u00edcias\"},\"image\":{\"@id\":\"https:\/\/brasilnoticias.org\/site\/#\/schema\/logo\/image\/\"}},{\"@type\":\"Person\",\"@id\":\"https:\/\/brasilnoticias.org\/site\/#\/schema\/person\/03bbbfe6c7634ad18c26444ea39049fa\",\"name\":\"Reda\u00e7\u00e3o\",\"image\":{\"@type\":\"ImageObject\",\"inLanguage\":\"pt-PT\",\"@id\":\"https:\/\/brasilnoticias.org\/site\/#\/schema\/person\/image\/\",\"url\":\"https:\/\/secure.gravatar.com\/avatar\/9ecaf7327a696cb23ad926fedded5f1f04d7049de9e445375d55b48c001a6e42?s=96&d=mm&r=g\",\"contentUrl\":\"https:\/\/secure.gravatar.com\/avatar\/9ecaf7327a696cb23ad926fedded5f1f04d7049de9e445375d55b48c001a6e42?s=96&d=mm&r=g\",\"caption\":\"Reda\u00e7\u00e3o\"},\"url\":\"https:\/\/brasilnoticias.org\/site\/author\/henrique\/\"}]}<\/script>\n<!-- \/ Yoast SEO plugin. -->","yoast_head_json":{"title":"Salvador entra em n\u00edvel de aten\u00e7\u00e3o ap\u00f3s fortes chuvas; veja bairros afetados - Brasil not\u00edcias","robots":{"index":"index","follow":"follow","max-snippet":"max-snippet:-1","max-image-preview":"max-image-preview:large","max-video-preview":"max-video-preview:-1"},"canonical":"https:\/\/brasilnoticias.org\/site\/salvador-entra-em-nivel-de-atencao-apos-fortes-chuvas-veja-bairros-afetados\/","og_locale":"pt_PT","og_type":"article","og_title":"Salvador entra em n\u00edvel de aten\u00e7\u00e3o ap\u00f3s fortes chuvas; veja bairros afetados - Brasil not\u00edcias","og_description":"A Salvador entrou em n\u00edvel de aten\u00e7\u00e3o ap\u00f3s o registro de fortes chuvas que atingiram a capital baiana nas \u00faltimas","og_url":"https:\/\/brasilnoticias.org\/site\/salvador-entra-em-nivel-de-atencao-apos-fortes-chuvas-veja-bairros-afetados\/","og_site_name":"Brasil not\u00edcias","article_published_time":"2026-03-30T09:52:59+00:00","og_image":[{"width":960,"height":720,"url":"https:\/\/brasilnoticias.org\/site\/wp-content\/uploads\/2026\/03\/nordeste-em-alerta-chuva-forte-fecha-o-verao-com-r0138311600202603190655-ScaleDownProportional.webp","type":"image\/webp"}],"author":"Reda\u00e7\u00e3o","twitter_card":"summary_large_image","twitter_misc":{"Escrito por":"Reda\u00e7\u00e3o","Tempo estimado de leitura":"2 minutos"},"schema":{"@context":"https:\/\/schema.org","@graph":[{"@type":"Article","@id":"https:\/\/brasilnoticias.org\/site\/salvador-entra-em-nivel-de-atencao-apos-fortes-chuvas-veja-bairros-afetados\/#article","isPartOf":{"@id":"https:\/\/brasilnoticias.org\/site\/salvador-entra-em-nivel-de-atencao-apos-fortes-chuvas-veja-bairros-afetados\/"},"author":{"name":"Reda\u00e7\u00e3o","@id":"https:\/\/brasilnoticias.org\/site\/#\/schema\/person\/03bbbfe6c7634ad18c26444ea39049fa"},"headline":"Salvador entra em n\u00edvel de aten\u00e7\u00e3o ap\u00f3s fortes chuvas; veja bairros afetados","datePublished":"2026-03-30T09:52:59+00:00","mainEntityOfPage":{"@id":"https:\/\/brasilnoticias.org\/site\/salvador-entra-em-nivel-de-atencao-apos-fortes-chuvas-veja-bairros-afetados\/"},"wordCount":304,"commentCount":0,"publisher":{"@id":"https:\/\/brasilnoticias.org\/site\/#organization"},"image":{"@id":"https:\/\/brasilnoticias.org\/site\/salvador-entra-em-nivel-de-atencao-apos-fortes-chuvas-veja-bairros-afetados\/#primaryimage"},"thumbnailUrl":"https:\/\/brasilnoticias.org\/site\/wp-content\/uploads\/2026\/03\/nordeste-em-alerta-chuva-forte-fecha-o-verao-com-r0138311600202603190655-ScaleDownProportional.webp","articleSection":["Not\u00edcias","\u00daltimas"],"inLanguage":"pt-PT","potentialAction":[{"@type":"CommentAction","name":"Comment","target":["https:\/\/brasilnoticias.org\/site\/salvador-entra-em-nivel-de-atencao-apos-fortes-chuvas-veja-bairros-afetados\/#respond"]}]},{"@type":"WebPage","@id":"https:\/\/brasilnoticias.org\/site\/salvador-entra-em-nivel-de-atencao-apos-fortes-chuvas-veja-bairros-afetados\/","url":"https:\/\/brasilnoticias.org\/site\/salvador-entra-em-nivel-de-atencao-apos-fortes-chuvas-veja-bairros-afetados\/","name":"Salvador entra em n\u00edvel de aten\u00e7\u00e3o ap\u00f3s fortes chuvas; veja bairros afetados - Brasil not\u00edcias","isPartOf":{"@id":"https:\/\/brasilnoticias.org\/site\/#website"},"primaryImageOfPage":{"@id":"https:\/\/brasilnoticias.org\/site\/salvador-entra-em-nivel-de-atencao-apos-fortes-chuvas-veja-bairros-afetados\/#primaryimage"},"image":{"@id":"https:\/\/brasilnoticias.org\/site\/salvador-entra-em-nivel-de-atencao-apos-fortes-chuvas-veja-bairros-afetados\/#primaryimage"},"thumbnailUrl":"https:\/\/brasilnoticias.org\/site\/wp-content\/uploads\/2026\/03\/nordeste-em-alerta-chuva-forte-fecha-o-verao-com-r0138311600202603190655-ScaleDownProportional.webp","datePublished":"2026-03-30T09:52:59+00:00","breadcrumb":{"@id":"https:\/\/brasilnoticias.org\/site\/salvador-entra-em-nivel-de-atencao-apos-fortes-chuvas-veja-bairros-afetados\/#breadcrumb"},"inLanguage":"pt-PT","potentialAction":[{"@type":"ReadAction","target":["https:\/\/brasilnoticias.org\/site\/salvador-entra-em-nivel-de-atencao-apos-fortes-chuvas-veja-bairros-afetados\/"]}]},{"@type":"ImageObject","inLanguage":"pt-PT","@id":"https:\/\/brasilnoticias.org\/site\/salvador-entra-em-nivel-de-atencao-apos-fortes-chuvas-veja-bairros-afetados\/#primaryimage","url":"https:\/\/brasilnoticias.org\/site\/wp-content\/uploads\/2026\/03\/nordeste-em-alerta-chuva-forte-fecha-o-verao-com-r0138311600202603190655-ScaleDownProportional.webp","contentUrl":"https:\/\/brasilnoticias.org\/site\/wp-content\/uploads\/2026\/03\/nordeste-em-alerta-chuva-forte-fecha-o-verao-com-r0138311600202603190655-ScaleDownProportional.webp","width":960,"height":720,"caption":"Foto: Xando Pereira | Ag. A TARDE"},{"@type":"BreadcrumbList","@id":"https:\/\/brasilnoticias.org\/site\/salvador-entra-em-nivel-de-atencao-apos-fortes-chuvas-veja-bairros-afetados\/#breadcrumb","itemListElement":[{"@type":"ListItem","position":1,"name":"In\u00edcio","item":"https:\/\/brasilnoticias.org\/site\/"},{"@type":"ListItem","position":2,"name":"Salvador entra em n\u00edvel de aten\u00e7\u00e3o ap\u00f3s fortes chuvas; veja bairros afetados"}]},{"@type":"WebSite","@id":"https:\/\/brasilnoticias.org\/site\/#website","url":"https:\/\/brasilnoticias.org\/site\/","name":"Brasil not\u00edcias","description":"Brasil not\u00edcias","publisher":{"@id":"https:\/\/brasilnoticias.org\/site\/#organization"},"potentialAction":[{"@type":"SearchAction","target":{"@type":"EntryPoint","urlTemplate":"https:\/\/brasilnoticias.org\/site\/?s={search_term_string}"},"query-input":{"@type":"PropertyValueSpecification","valueRequired":true,"valueName":"search_term_string"}}],"inLanguage":"pt-PT"},{"@type":"Organization","@id":"https:\/\/brasilnoticias.org\/site\/#organization","name":"Brasil not\u00edcias","url":"https:\/\/brasilnoticias.org\/site\/","logo":{"@type":"ImageObject","inLanguage":"pt-PT","@id":"https:\/\/brasilnoticias.org\/site\/#\/schema\/logo\/image\/","url":"https:\/\/brasilnoticias.org\/site\/wp-content\/uploads\/2022\/05\/cropped-brasilnoticias-mini.jpg","contentUrl":"https:\/\/brasilnoticias.org\/site\/wp-content\/uploads\/2022\/05\/cropped-brasilnoticias-mini.jpg","width":314,"height":86,"caption":"Brasil not\u00edcias"},"image":{"@id":"https:\/\/brasilnoticias.org\/site\/#\/schema\/logo\/image\/"}},{"@type":"Person","@id":"https:\/\/brasilnoticias.org\/site\/#\/schema\/person\/03bbbfe6c7634ad18c26444ea39049fa","name":"Reda\u00e7\u00e3o","image":{"@type":"ImageObject","inLanguage":"pt-PT","@id":"https:\/\/brasilnoticias.org\/site\/#\/schema\/person\/image\/","url":"https:\/\/secure.gravatar.com\/avatar\/9ecaf7327a696cb23ad926fedded5f1f04d7049de9e445375d55b48c001a6e42?s=96&d=mm&r=g","contentUrl":"https:\/\/secure.gravatar.com\/avatar\/9ecaf7327a696cb23ad926fedded5f1f04d7049de9e445375d55b48c001a6e42?s=96&d=mm&r=g","caption":"Reda\u00e7\u00e3o"},"url":"https:\/\/brasilnoticias.org\/site\/author\/henrique\/"}]}},"_links":{"self":[{"href":"https:\/\/brasilnoticias.org\/site\/wp-json\/wp\/v2\/posts\/21242","targetHints":{"allow":["GET"]}}],"collection":[{"href":"https:\/\/brasilnoticias.org\/site\/wp-json\/wp\/v2\/posts"}],"about":[{"href":"https:\/\/brasilnoticias.org\/site\/wp-json\/wp\/v2\/types\/post"}],"author":[{"embeddable":true,"href":"https:\/\/brasilnoticias.org\/site\/wp-json\/wp\/v2\/users\/4"}],"replies":[{"embeddable":true,"href":"https:\/\/brasilnoticias.org\/site\/wp-json\/wp\/v2\/comments?post=21242"}],"version-history":[{"count":1,"href":"https:\/\/brasilnoticias.org\/site\/wp-json\/wp\/v2\/posts\/21242\/revisions"}],"predecessor-version":[{"id":21244,"href":"https:\/\/brasilnoticias.org\/site\/wp-json\/wp\/v2\/posts\/21242\/revisions\/21244"}],"wp:featuredmedia":[{"embeddable":true,"href":"https:\/\/brasilnoticias.org\/site\/wp-json\/wp\/v2\/media\/21243"}],"wp:attachment":[{"href":"https:\/\/brasilnoticias.org\/site\/wp-json\/wp\/v2\/media?parent=21242"}],"wp:term":[{"taxonomy":"category","embeddable":true,"href":"https:\/\/brasilnoticias.org\/site\/wp-json\/wp\/v2\/categories?post=21242"},{"taxonomy":"post_tag","embeddable":true,"href":"https:\/\/brasilnoticias.org\/site\/wp-json\/wp\/v2\/tags?post=21242"}],"curies":[{"name":"wp","href":"https:\/\/api.w.org\/{rel}","templated":true}]}}