{"id":21264,"date":"2026-03-31T06:01:48","date_gmt":"2026-03-31T09:01:48","guid":{"rendered":"https:\/\/brasilnoticias.org\/site\/?p=21264"},"modified":"2026-03-31T06:01:48","modified_gmt":"2026-03-31T09:01:48","slug":"acm-neto-admite-erro-de-2022-e-diz-que-chapa-com-ze-ronaldo-teria-sido-mais-forte","status":"publish","type":"post","link":"https:\/\/brasilnoticias.org\/site\/acm-neto-admite-erro-de-2022-e-diz-que-chapa-com-ze-ronaldo-teria-sido-mais-forte\/","title":{"rendered":"ACM Neto admite erro de 2022 e diz que chapa com Z\u00e9 Ronaldo teria sido mais forte"},"content":{"rendered":"<h2 class=\"self-stretch font-sans text-headline-6 font-normal tracking-tight text-neutral-50\">Pr\u00e9-candidato afirma ter aprendido com derrota, aposta em alian\u00e7a mais enxuta e diz que oposi\u00e7\u00e3o montou \u201ca melhor chapa\u201d poss\u00edvel para este ano<\/h2>\n<p>&nbsp;<\/p>\n<p>O ex-prefeito de Salvador e pr\u00e9-candidato do Uni\u00e3o Brasil ao governo da Bahia,\u00a0<strong>ACM Neto<\/strong>, admitiu nesta segunda-feira (30) que errou ao deixar para anunciar a chapa \u201cna \u00faltima hora\u201d em 2022 e afirmou que, se tivesse escolhido o prefeito de Feira de Santana<strong>\u00a0Jos\u00e9 Ronaldo\u00a0<\/strong>(Uni\u00e3o) como vice na elei\u00e7\u00e3o passada, teria formado uma candidatura mais competitiva.<\/p>\n<p>\u201c<strong>A responsabilidade \u00e9 toda minha, mas eu n\u00e3o tenho d\u00favida que se Z\u00e9 Ronaldo tivesse sido vice na elei\u00e7\u00e3o passada, a gente teria tido uma chapa ainda mais forte<\/strong>\u201d, declarou, durante o lan\u00e7amento oficial de sua pr\u00e9-candidatura, no Teatro CDL, em Feira de Santana.<\/p>\n<p>Neto disse que a derrota para o governador Jer\u00f4nimo Rodrigues serviu de aprendizado e afirmou que a oposi\u00e7\u00e3o chega mais preparada para a disputa de 2026.<\/p>\n<p>\u201c<strong>A derrota ensina. Eu n\u00e3o tenho nenhuma dificuldade de reconhecer os erros<\/strong>\u201d, afirmou. \u201c<strong>Erros novos a gente pode cometer. Os erros antigos a gente tem que evitar<\/strong>\u201d, completou.<\/p>\n<p>O pr\u00e9-candidato tamb\u00e9m ressaltou que, desta vez, decidiu antecipar o lan\u00e7amento da chapa, composta por ele, por\u00a0<strong>Z\u00e9 Coc\u00e1<\/strong>\u00a0(PP) como vice e pelos senadores\u00a0<strong>Jo\u00e3o Roma<\/strong>\u00a0(PL) e\u00a0<strong>Angelo Coronel<\/strong>\u00a0(Republicanos) como postulantes ao Senado. Segundo ACM Neto, o objetivo \u00e9 usar os pr\u00f3ximos seis meses para fortalecer a pr\u00e9-campanha e organizar as chapas proporcionais.<\/p>\n<p>\u201c<strong>Eu acho que a gente montou a chapa mais forte que poderia ter sido montada. \u00c9 a melhor chapa que a gente poderia oferecer para essa disputa eleitoral<\/strong>\u201d, disse.<\/p>\n<p>Ao comentar uma eventual aproxima\u00e7\u00e3o com o MDB, ACM Neto evitou avan\u00e7ar no assunto e ressaltou que a legenda ainda integra a base do governo estadual.<\/p>\n<p>\u201c<strong>Hoje n\u00e3o existe conversa, n\u00e3o existe negocia\u00e7\u00e3o com o MDB<\/strong>\u201d, afirmou.<\/p>\n<p><em><strong>Com informa\u00e7\u00f5es do rep\u00f3rter Luiz Henrique, da CBN Salvador.<\/strong><\/em><\/p>\n<p>&nbsp;<\/p>\n<p>Fonte: Blog do Vila<\/p>\n","protected":false},"excerpt":{"rendered":"<p>Pr\u00e9-candidato afirma ter aprendido com derrota, aposta em alian\u00e7a mais enxuta e diz que oposi\u00e7\u00e3o montou \u201ca melhor chapa\u201d poss\u00edvel<\/p>\n","protected":false},"author":4,"featured_media":21265,"comment_status":"open","ping_status":"open","sticky":false,"template":"","format":"standard","meta":{"colormag_page_container_layout":"default_layout","colormag_page_sidebar_layout":"default_layout","_FSMCFIC_featured_image_caption":"","_FSMCFIC_featured_image_nocaption":"","_FSMCFIC_featured_image_hide":"","footnotes":""},"categories":[5,1],"tags":[],"class_list":["post-21264","post","type-post","status-publish","format-standard","has-post-thumbnail","hentry","category-politica","category-ultimas"],"yoast_head":"<!-- This site is optimized with the Yoast SEO plugin v27.1.1 - https:\/\/yoast.com\/product\/yoast-seo-wordpress\/ -->\n<title>ACM Neto admite erro de 2022 e diz que chapa com Z\u00e9 Ronaldo teria sido mais forte - Brasil not\u00edcias<\/title>\n<meta name=\"robots\" content=\"index, follow, max-snippet:-1, max-image-preview:large, max-video-preview:-1\" \/>\n<link rel=\"canonical\" href=\"https:\/\/brasilnoticias.org\/site\/acm-neto-admite-erro-de-2022-e-diz-que-chapa-com-ze-ronaldo-teria-sido-mais-forte\/\" \/>\n<meta property=\"og:locale\" content=\"pt_PT\" \/>\n<meta property=\"og:type\" content=\"article\" \/>\n<meta property=\"og:title\" content=\"ACM Neto admite erro de 2022 e diz que chapa com Z\u00e9 Ronaldo teria sido mais forte - Brasil not\u00edcias\" \/>\n<meta property=\"og:description\" content=\"Pr\u00e9-candidato afirma ter aprendido com derrota, aposta em alian\u00e7a mais enxuta e diz que oposi\u00e7\u00e3o montou \u201ca melhor chapa\u201d poss\u00edvel\" \/>\n<meta property=\"og:url\" content=\"https:\/\/brasilnoticias.org\/site\/acm-neto-admite-erro-de-2022-e-diz-que-chapa-com-ze-ronaldo-teria-sido-mais-forte\/\" \/>\n<meta property=\"og:site_name\" content=\"Brasil not\u00edcias\" \/>\n<meta property=\"article:published_time\" content=\"2026-03-31T09:01:48+00:00\" \/>\n<meta property=\"og:image\" content=\"https:\/\/brasilnoticias.org\/site\/wp-content\/uploads\/2026\/03\/WhatsApp-Image-2026-03-30-at-20.03.50.jpeg\" \/>\n\t<meta property=\"og:image:width\" content=\"1280\" \/>\n\t<meta property=\"og:image:height\" content=\"853\" \/>\n\t<meta property=\"og:image:type\" content=\"image\/jpeg\" \/>\n<meta name=\"author\" content=\"Reda\u00e7\u00e3o\" \/>\n<meta name=\"twitter:card\" content=\"summary_large_image\" \/>\n<meta name=\"twitter:label1\" content=\"Escrito por\" \/>\n\t<meta name=\"twitter:data1\" content=\"Reda\u00e7\u00e3o\" \/>\n\t<meta name=\"twitter:label2\" content=\"Tempo estimado de leitura\" \/>\n\t<meta name=\"twitter:data2\" content=\"2 minutos\" \/>\n<script type=\"application\/ld+json\" class=\"yoast-schema-graph\">{\"@context\":\"https:\/\/schema.org\",\"@graph\":[{\"@type\":\"Article\",\"@id\":\"https:\/\/brasilnoticias.org\/site\/acm-neto-admite-erro-de-2022-e-diz-que-chapa-com-ze-ronaldo-teria-sido-mais-forte\/#article\",\"isPartOf\":{\"@id\":\"https:\/\/brasilnoticias.org\/site\/acm-neto-admite-erro-de-2022-e-diz-que-chapa-com-ze-ronaldo-teria-sido-mais-forte\/\"},\"author\":{\"name\":\"Reda\u00e7\u00e3o\",\"@id\":\"https:\/\/brasilnoticias.org\/site\/#\/schema\/person\/03bbbfe6c7634ad18c26444ea39049fa\"},\"headline\":\"ACM Neto admite erro de 2022 e diz que chapa com Z\u00e9 Ronaldo teria sido mais forte\",\"datePublished\":\"2026-03-31T09:01:48+00:00\",\"mainEntityOfPage\":{\"@id\":\"https:\/\/brasilnoticias.org\/site\/acm-neto-admite-erro-de-2022-e-diz-que-chapa-com-ze-ronaldo-teria-sido-mais-forte\/\"},\"wordCount\":355,\"commentCount\":0,\"publisher\":{\"@id\":\"https:\/\/brasilnoticias.org\/site\/#organization\"},\"image\":{\"@id\":\"https:\/\/brasilnoticias.org\/site\/acm-neto-admite-erro-de-2022-e-diz-que-chapa-com-ze-ronaldo-teria-sido-mais-forte\/#primaryimage\"},\"thumbnailUrl\":\"https:\/\/brasilnoticias.org\/site\/wp-content\/uploads\/2026\/03\/WhatsApp-Image-2026-03-30-at-20.03.50.jpeg\",\"articleSection\":[\"Pol\u00edtica\",\"\u00daltimas\"],\"inLanguage\":\"pt-PT\",\"potentialAction\":[{\"@type\":\"CommentAction\",\"name\":\"Comment\",\"target\":[\"https:\/\/brasilnoticias.org\/site\/acm-neto-admite-erro-de-2022-e-diz-que-chapa-com-ze-ronaldo-teria-sido-mais-forte\/#respond\"]}]},{\"@type\":\"WebPage\",\"@id\":\"https:\/\/brasilnoticias.org\/site\/acm-neto-admite-erro-de-2022-e-diz-que-chapa-com-ze-ronaldo-teria-sido-mais-forte\/\",\"url\":\"https:\/\/brasilnoticias.org\/site\/acm-neto-admite-erro-de-2022-e-diz-que-chapa-com-ze-ronaldo-teria-sido-mais-forte\/\",\"name\":\"ACM Neto admite erro de 2022 e diz que chapa com Z\u00e9 Ronaldo teria sido mais forte - Brasil not\u00edcias\",\"isPartOf\":{\"@id\":\"https:\/\/brasilnoticias.org\/site\/#website\"},\"primaryImageOfPage\":{\"@id\":\"https:\/\/brasilnoticias.org\/site\/acm-neto-admite-erro-de-2022-e-diz-que-chapa-com-ze-ronaldo-teria-sido-mais-forte\/#primaryimage\"},\"image\":{\"@id\":\"https:\/\/brasilnoticias.org\/site\/acm-neto-admite-erro-de-2022-e-diz-que-chapa-com-ze-ronaldo-teria-sido-mais-forte\/#primaryimage\"},\"thumbnailUrl\":\"https:\/\/brasilnoticias.org\/site\/wp-content\/uploads\/2026\/03\/WhatsApp-Image-2026-03-30-at-20.03.50.jpeg\",\"datePublished\":\"2026-03-31T09:01:48+00:00\",\"breadcrumb\":{\"@id\":\"https:\/\/brasilnoticias.org\/site\/acm-neto-admite-erro-de-2022-e-diz-que-chapa-com-ze-ronaldo-teria-sido-mais-forte\/#breadcrumb\"},\"inLanguage\":\"pt-PT\",\"potentialAction\":[{\"@type\":\"ReadAction\",\"target\":[\"https:\/\/brasilnoticias.org\/site\/acm-neto-admite-erro-de-2022-e-diz-que-chapa-com-ze-ronaldo-teria-sido-mais-forte\/\"]}]},{\"@type\":\"ImageObject\",\"inLanguage\":\"pt-PT\",\"@id\":\"https:\/\/brasilnoticias.org\/site\/acm-neto-admite-erro-de-2022-e-diz-que-chapa-com-ze-ronaldo-teria-sido-mais-forte\/#primaryimage\",\"url\":\"https:\/\/brasilnoticias.org\/site\/wp-content\/uploads\/2026\/03\/WhatsApp-Image-2026-03-30-at-20.03.50.jpeg\",\"contentUrl\":\"https:\/\/brasilnoticias.org\/site\/wp-content\/uploads\/2026\/03\/WhatsApp-Image-2026-03-30-at-20.03.50.jpeg\",\"width\":1280,\"height\":853,\"caption\":\"Foto: Divulga\u00e7\u00e3o\"},{\"@type\":\"BreadcrumbList\",\"@id\":\"https:\/\/brasilnoticias.org\/site\/acm-neto-admite-erro-de-2022-e-diz-que-chapa-com-ze-ronaldo-teria-sido-mais-forte\/#breadcrumb\",\"itemListElement\":[{\"@type\":\"ListItem\",\"position\":1,\"name\":\"In\u00edcio\",\"item\":\"https:\/\/brasilnoticias.org\/site\/\"},{\"@type\":\"ListItem\",\"position\":2,\"name\":\"ACM Neto admite erro de 2022 e diz que chapa com Z\u00e9 Ronaldo teria sido mais forte\"}]},{\"@type\":\"WebSite\",\"@id\":\"https:\/\/brasilnoticias.org\/site\/#website\",\"url\":\"https:\/\/brasilnoticias.org\/site\/\",\"name\":\"Brasil not\u00edcias\",\"description\":\"Brasil not\u00edcias\",\"publisher\":{\"@id\":\"https:\/\/brasilnoticias.org\/site\/#organization\"},\"potentialAction\":[{\"@type\":\"SearchAction\",\"target\":{\"@type\":\"EntryPoint\",\"urlTemplate\":\"https:\/\/brasilnoticias.org\/site\/?s={search_term_string}\"},\"query-input\":{\"@type\":\"PropertyValueSpecification\",\"valueRequired\":true,\"valueName\":\"search_term_string\"}}],\"inLanguage\":\"pt-PT\"},{\"@type\":\"Organization\",\"@id\":\"https:\/\/brasilnoticias.org\/site\/#organization\",\"name\":\"Brasil not\u00edcias\",\"url\":\"https:\/\/brasilnoticias.org\/site\/\",\"logo\":{\"@type\":\"ImageObject\",\"inLanguage\":\"pt-PT\",\"@id\":\"https:\/\/brasilnoticias.org\/site\/#\/schema\/logo\/image\/\",\"url\":\"https:\/\/brasilnoticias.org\/site\/wp-content\/uploads\/2022\/05\/cropped-brasilnoticias-mini.jpg\",\"contentUrl\":\"https:\/\/brasilnoticias.org\/site\/wp-content\/uploads\/2022\/05\/cropped-brasilnoticias-mini.jpg\",\"width\":314,\"height\":86,\"caption\":\"Brasil not\u00edcias\"},\"image\":{\"@id\":\"https:\/\/brasilnoticias.org\/site\/#\/schema\/logo\/image\/\"}},{\"@type\":\"Person\",\"@id\":\"https:\/\/brasilnoticias.org\/site\/#\/schema\/person\/03bbbfe6c7634ad18c26444ea39049fa\",\"name\":\"Reda\u00e7\u00e3o\",\"image\":{\"@type\":\"ImageObject\",\"inLanguage\":\"pt-PT\",\"@id\":\"https:\/\/brasilnoticias.org\/site\/#\/schema\/person\/image\/\",\"url\":\"https:\/\/secure.gravatar.com\/avatar\/9ecaf7327a696cb23ad926fedded5f1f04d7049de9e445375d55b48c001a6e42?s=96&d=mm&r=g\",\"contentUrl\":\"https:\/\/secure.gravatar.com\/avatar\/9ecaf7327a696cb23ad926fedded5f1f04d7049de9e445375d55b48c001a6e42?s=96&d=mm&r=g\",\"caption\":\"Reda\u00e7\u00e3o\"},\"url\":\"https:\/\/brasilnoticias.org\/site\/author\/henrique\/\"}]}<\/script>\n<!-- \/ Yoast SEO plugin. -->","yoast_head_json":{"title":"ACM Neto admite erro de 2022 e diz que chapa com Z\u00e9 Ronaldo teria sido mais forte - Brasil not\u00edcias","robots":{"index":"index","follow":"follow","max-snippet":"max-snippet:-1","max-image-preview":"max-image-preview:large","max-video-preview":"max-video-preview:-1"},"canonical":"https:\/\/brasilnoticias.org\/site\/acm-neto-admite-erro-de-2022-e-diz-que-chapa-com-ze-ronaldo-teria-sido-mais-forte\/","og_locale":"pt_PT","og_type":"article","og_title":"ACM Neto admite erro de 2022 e diz que chapa com Z\u00e9 Ronaldo teria sido mais forte - Brasil not\u00edcias","og_description":"Pr\u00e9-candidato afirma ter aprendido com derrota, aposta em alian\u00e7a mais enxuta e diz que oposi\u00e7\u00e3o montou \u201ca melhor chapa\u201d poss\u00edvel","og_url":"https:\/\/brasilnoticias.org\/site\/acm-neto-admite-erro-de-2022-e-diz-que-chapa-com-ze-ronaldo-teria-sido-mais-forte\/","og_site_name":"Brasil not\u00edcias","article_published_time":"2026-03-31T09:01:48+00:00","og_image":[{"width":1280,"height":853,"url":"https:\/\/brasilnoticias.org\/site\/wp-content\/uploads\/2026\/03\/WhatsApp-Image-2026-03-30-at-20.03.50.jpeg","type":"image\/jpeg"}],"author":"Reda\u00e7\u00e3o","twitter_card":"summary_large_image","twitter_misc":{"Escrito por":"Reda\u00e7\u00e3o","Tempo estimado de leitura":"2 minutos"},"schema":{"@context":"https:\/\/schema.org","@graph":[{"@type":"Article","@id":"https:\/\/brasilnoticias.org\/site\/acm-neto-admite-erro-de-2022-e-diz-que-chapa-com-ze-ronaldo-teria-sido-mais-forte\/#article","isPartOf":{"@id":"https:\/\/brasilnoticias.org\/site\/acm-neto-admite-erro-de-2022-e-diz-que-chapa-com-ze-ronaldo-teria-sido-mais-forte\/"},"author":{"name":"Reda\u00e7\u00e3o","@id":"https:\/\/brasilnoticias.org\/site\/#\/schema\/person\/03bbbfe6c7634ad18c26444ea39049fa"},"headline":"ACM Neto admite erro de 2022 e diz que chapa com Z\u00e9 Ronaldo teria sido mais forte","datePublished":"2026-03-31T09:01:48+00:00","mainEntityOfPage":{"@id":"https:\/\/brasilnoticias.org\/site\/acm-neto-admite-erro-de-2022-e-diz-que-chapa-com-ze-ronaldo-teria-sido-mais-forte\/"},"wordCount":355,"commentCount":0,"publisher":{"@id":"https:\/\/brasilnoticias.org\/site\/#organization"},"image":{"@id":"https:\/\/brasilnoticias.org\/site\/acm-neto-admite-erro-de-2022-e-diz-que-chapa-com-ze-ronaldo-teria-sido-mais-forte\/#primaryimage"},"thumbnailUrl":"https:\/\/brasilnoticias.org\/site\/wp-content\/uploads\/2026\/03\/WhatsApp-Image-2026-03-30-at-20.03.50.jpeg","articleSection":["Pol\u00edtica","\u00daltimas"],"inLanguage":"pt-PT","potentialAction":[{"@type":"CommentAction","name":"Comment","target":["https:\/\/brasilnoticias.org\/site\/acm-neto-admite-erro-de-2022-e-diz-que-chapa-com-ze-ronaldo-teria-sido-mais-forte\/#respond"]}]},{"@type":"WebPage","@id":"https:\/\/brasilnoticias.org\/site\/acm-neto-admite-erro-de-2022-e-diz-que-chapa-com-ze-ronaldo-teria-sido-mais-forte\/","url":"https:\/\/brasilnoticias.org\/site\/acm-neto-admite-erro-de-2022-e-diz-que-chapa-com-ze-ronaldo-teria-sido-mais-forte\/","name":"ACM Neto admite erro de 2022 e diz que chapa com Z\u00e9 Ronaldo teria sido mais forte - Brasil not\u00edcias","isPartOf":{"@id":"https:\/\/brasilnoticias.org\/site\/#website"},"primaryImageOfPage":{"@id":"https:\/\/brasilnoticias.org\/site\/acm-neto-admite-erro-de-2022-e-diz-que-chapa-com-ze-ronaldo-teria-sido-mais-forte\/#primaryimage"},"image":{"@id":"https:\/\/brasilnoticias.org\/site\/acm-neto-admite-erro-de-2022-e-diz-que-chapa-com-ze-ronaldo-teria-sido-mais-forte\/#primaryimage"},"thumbnailUrl":"https:\/\/brasilnoticias.org\/site\/wp-content\/uploads\/2026\/03\/WhatsApp-Image-2026-03-30-at-20.03.50.jpeg","datePublished":"2026-03-31T09:01:48+00:00","breadcrumb":{"@id":"https:\/\/brasilnoticias.org\/site\/acm-neto-admite-erro-de-2022-e-diz-que-chapa-com-ze-ronaldo-teria-sido-mais-forte\/#breadcrumb"},"inLanguage":"pt-PT","potentialAction":[{"@type":"ReadAction","target":["https:\/\/brasilnoticias.org\/site\/acm-neto-admite-erro-de-2022-e-diz-que-chapa-com-ze-ronaldo-teria-sido-mais-forte\/"]}]},{"@type":"ImageObject","inLanguage":"pt-PT","@id":"https:\/\/brasilnoticias.org\/site\/acm-neto-admite-erro-de-2022-e-diz-que-chapa-com-ze-ronaldo-teria-sido-mais-forte\/#primaryimage","url":"https:\/\/brasilnoticias.org\/site\/wp-content\/uploads\/2026\/03\/WhatsApp-Image-2026-03-30-at-20.03.50.jpeg","contentUrl":"https:\/\/brasilnoticias.org\/site\/wp-content\/uploads\/2026\/03\/WhatsApp-Image-2026-03-30-at-20.03.50.jpeg","width":1280,"height":853,"caption":"Foto: Divulga\u00e7\u00e3o"},{"@type":"BreadcrumbList","@id":"https:\/\/brasilnoticias.org\/site\/acm-neto-admite-erro-de-2022-e-diz-que-chapa-com-ze-ronaldo-teria-sido-mais-forte\/#breadcrumb","itemListElement":[{"@type":"ListItem","position":1,"name":"In\u00edcio","item":"https:\/\/brasilnoticias.org\/site\/"},{"@type":"ListItem","position":2,"name":"ACM Neto admite erro de 2022 e diz que chapa com Z\u00e9 Ronaldo teria sido mais forte"}]},{"@type":"WebSite","@id":"https:\/\/brasilnoticias.org\/site\/#website","url":"https:\/\/brasilnoticias.org\/site\/","name":"Brasil not\u00edcias","description":"Brasil not\u00edcias","publisher":{"@id":"https:\/\/brasilnoticias.org\/site\/#organization"},"potentialAction":[{"@type":"SearchAction","target":{"@type":"EntryPoint","urlTemplate":"https:\/\/brasilnoticias.org\/site\/?s={search_term_string}"},"query-input":{"@type":"PropertyValueSpecification","valueRequired":true,"valueName":"search_term_string"}}],"inLanguage":"pt-PT"},{"@type":"Organization","@id":"https:\/\/brasilnoticias.org\/site\/#organization","name":"Brasil not\u00edcias","url":"https:\/\/brasilnoticias.org\/site\/","logo":{"@type":"ImageObject","inLanguage":"pt-PT","@id":"https:\/\/brasilnoticias.org\/site\/#\/schema\/logo\/image\/","url":"https:\/\/brasilnoticias.org\/site\/wp-content\/uploads\/2022\/05\/cropped-brasilnoticias-mini.jpg","contentUrl":"https:\/\/brasilnoticias.org\/site\/wp-content\/uploads\/2022\/05\/cropped-brasilnoticias-mini.jpg","width":314,"height":86,"caption":"Brasil not\u00edcias"},"image":{"@id":"https:\/\/brasilnoticias.org\/site\/#\/schema\/logo\/image\/"}},{"@type":"Person","@id":"https:\/\/brasilnoticias.org\/site\/#\/schema\/person\/03bbbfe6c7634ad18c26444ea39049fa","name":"Reda\u00e7\u00e3o","image":{"@type":"ImageObject","inLanguage":"pt-PT","@id":"https:\/\/brasilnoticias.org\/site\/#\/schema\/person\/image\/","url":"https:\/\/secure.gravatar.com\/avatar\/9ecaf7327a696cb23ad926fedded5f1f04d7049de9e445375d55b48c001a6e42?s=96&d=mm&r=g","contentUrl":"https:\/\/secure.gravatar.com\/avatar\/9ecaf7327a696cb23ad926fedded5f1f04d7049de9e445375d55b48c001a6e42?s=96&d=mm&r=g","caption":"Reda\u00e7\u00e3o"},"url":"https:\/\/brasilnoticias.org\/site\/author\/henrique\/"}]}},"_links":{"self":[{"href":"https:\/\/brasilnoticias.org\/site\/wp-json\/wp\/v2\/posts\/21264","targetHints":{"allow":["GET"]}}],"collection":[{"href":"https:\/\/brasilnoticias.org\/site\/wp-json\/wp\/v2\/posts"}],"about":[{"href":"https:\/\/brasilnoticias.org\/site\/wp-json\/wp\/v2\/types\/post"}],"author":[{"embeddable":true,"href":"https:\/\/brasilnoticias.org\/site\/wp-json\/wp\/v2\/users\/4"}],"replies":[{"embeddable":true,"href":"https:\/\/brasilnoticias.org\/site\/wp-json\/wp\/v2\/comments?post=21264"}],"version-history":[{"count":1,"href":"https:\/\/brasilnoticias.org\/site\/wp-json\/wp\/v2\/posts\/21264\/revisions"}],"predecessor-version":[{"id":21266,"href":"https:\/\/brasilnoticias.org\/site\/wp-json\/wp\/v2\/posts\/21264\/revisions\/21266"}],"wp:featuredmedia":[{"embeddable":true,"href":"https:\/\/brasilnoticias.org\/site\/wp-json\/wp\/v2\/media\/21265"}],"wp:attachment":[{"href":"https:\/\/brasilnoticias.org\/site\/wp-json\/wp\/v2\/media?parent=21264"}],"wp:term":[{"taxonomy":"category","embeddable":true,"href":"https:\/\/brasilnoticias.org\/site\/wp-json\/wp\/v2\/categories?post=21264"},{"taxonomy":"post_tag","embeddable":true,"href":"https:\/\/brasilnoticias.org\/site\/wp-json\/wp\/v2\/tags?post=21264"}],"curies":[{"name":"wp","href":"https:\/\/api.w.org\/{rel}","templated":true}]}}