{"id":21270,"date":"2026-03-31T06:12:00","date_gmt":"2026-03-31T09:12:00","guid":{"rendered":"https:\/\/brasilnoticias.org\/site\/?p=21270"},"modified":"2026-03-31T06:12:00","modified_gmt":"2026-03-31T09:12:00","slug":"roma-afirma-que-bahia-cansou-do-pt-e-preve-vitoria-de-acm-neto-e-da-chapa-ao-senado","status":"publish","type":"post","link":"https:\/\/brasilnoticias.org\/site\/roma-afirma-que-bahia-cansou-do-pt-e-preve-vitoria-de-acm-neto-e-da-chapa-ao-senado\/","title":{"rendered":"Roma afirma que Bahia &#8216;cansou&#8217; do PT e prev\u00ea vit\u00f3ria de ACM Neto e da chapa ao Senado"},"content":{"rendered":"<h2 class=\"self-stretch font-sans text-headline-6 font-normal tracking-tight text-neutral-50\">Presidente estadual do PL afirma que oposi\u00e7\u00e3o ter\u00e1 dois palanques presidenciais em 2026 e aposta em apoio de Caiado \u00e0 chapa baiana<\/h2>\n<p>&nbsp;<\/p>\n<p>O presidente estadual do PL e pr\u00e9-candidato ao Senado,\u00a0<strong>Jo\u00e3o Roma<\/strong>, afirmou nesta segunda-feira (30) que a popula\u00e7\u00e3o baiana quer mudan\u00e7a e demonstrou confian\u00e7a na vit\u00f3ria da chapa encabe\u00e7ada por\u00a0<strong>ACM Neto<\/strong>\u00a0(Uni\u00e3o Brasil) nas elei\u00e7\u00f5es de 2026.<\/p>\n<p>\u201c<strong>A sociedade baiana cansou, clama por uma mudan\u00e7a, e eu n\u00e3o tenho a menor d\u00favida que essa chapa encabe\u00e7ada por ACM Neto vai chegar ao governo da Bahia e n\u00f3s vamos fazer tamb\u00e9m as vagas ao Senado<\/strong>\u201d, declarou.<\/p>\n<p>Roma afirmou ainda que a oposi\u00e7\u00e3o tem ganhado for\u00e7a ao longo dos \u00faltimos meses e disse enxergar um crescimento da densidade pol\u00edtica do grupo.<\/p>\n<p>\u201c<strong>A mudan\u00e7a est\u00e1 estampada na cara de todos os baianos<\/strong>\u201d, disse.<\/p>\n<p>Ao comentar a disputa presidencial, o ex-ministro afirmou que a chapa de oposi\u00e7\u00e3o na Bahia poder\u00e1 ter mais de um palanque nacional, com espa\u00e7o tanto para uma eventual candidatura do governador de Goi\u00e1s,\u00a0<strong>Ronaldo Caiado<\/strong>\u00a0(PSD), quanto para um nome ligado ao bolsonarismo, como o senador\u00a0<strong>Fl\u00e1vio Bolsonaro<\/strong>\u00a0(PL-RJ).<\/p>\n<p>\u201c<strong>Quem quiser marchar com Caiado vai marchar, quem quiser marchar com Fl\u00e1vio vai marchar. Vamos ter duas op\u00e7\u00f5es<\/strong>\u201d, afirmou.<\/p>\n<p>Roma tamb\u00e9m disse acreditar que Caiado apoiar\u00e1 a chapa de ACM Neto na Bahia caso confirme sua candidatura \u00e0 Presid\u00eancia da Rep\u00fablica.<\/p>\n<p>\u201c<strong>Eu n\u00e3o tenho d\u00favidas que ele na Bahia vai apoiar a nossa chapa, e com certeza n\u00f3s vamos apoiar tamb\u00e9m a chapa dele<\/strong>\u201d, declarou.<\/p>\n<p><em><strong>Com informa\u00e7\u00f5es do rep\u00f3rter Luiz Henrique, da CBN Salvador.<\/strong><\/em><\/p>\n<p>&nbsp;<\/p>\n<p>Fonte: Blog do Vila<\/p>\n","protected":false},"excerpt":{"rendered":"<p>Presidente estadual do PL afirma que oposi\u00e7\u00e3o ter\u00e1 dois palanques presidenciais em 2026 e aposta em apoio de Caiado \u00e0<\/p>\n","protected":false},"author":4,"featured_media":21271,"comment_status":"open","ping_status":"open","sticky":false,"template":"","format":"standard","meta":{"colormag_page_container_layout":"default_layout","colormag_page_sidebar_layout":"default_layout","_FSMCFIC_featured_image_caption":"","_FSMCFIC_featured_image_nocaption":"","_FSMCFIC_featured_image_hide":"","footnotes":""},"categories":[5,1],"tags":[],"class_list":["post-21270","post","type-post","status-publish","format-standard","has-post-thumbnail","hentry","category-politica","category-ultimas"],"yoast_head":"<!-- This site is optimized with the Yoast SEO plugin v27.1.1 - https:\/\/yoast.com\/product\/yoast-seo-wordpress\/ -->\n<title>Roma afirma que Bahia &#039;cansou&#039; do PT e prev\u00ea vit\u00f3ria de ACM Neto e da chapa ao Senado - Brasil not\u00edcias<\/title>\n<meta name=\"robots\" content=\"index, follow, max-snippet:-1, max-image-preview:large, max-video-preview:-1\" \/>\n<link rel=\"canonical\" href=\"https:\/\/brasilnoticias.org\/site\/roma-afirma-que-bahia-cansou-do-pt-e-preve-vitoria-de-acm-neto-e-da-chapa-ao-senado\/\" \/>\n<meta property=\"og:locale\" content=\"pt_PT\" \/>\n<meta property=\"og:type\" content=\"article\" \/>\n<meta property=\"og:title\" content=\"Roma afirma que Bahia &#039;cansou&#039; do PT e prev\u00ea vit\u00f3ria de ACM Neto e da chapa ao Senado - Brasil not\u00edcias\" \/>\n<meta property=\"og:description\" content=\"Presidente estadual do PL afirma que oposi\u00e7\u00e3o ter\u00e1 dois palanques presidenciais em 2026 e aposta em apoio de Caiado \u00e0\" \/>\n<meta property=\"og:url\" content=\"https:\/\/brasilnoticias.org\/site\/roma-afirma-que-bahia-cansou-do-pt-e-preve-vitoria-de-acm-neto-e-da-chapa-ao-senado\/\" \/>\n<meta property=\"og:site_name\" content=\"Brasil not\u00edcias\" \/>\n<meta property=\"article:published_time\" content=\"2026-03-31T09:12:00+00:00\" \/>\n<meta property=\"og:image\" content=\"https:\/\/brasilnoticias.org\/site\/wp-content\/uploads\/2026\/03\/WhatsApp-Image-2026-03-30-at-20.03.51-1.jpeg\" \/>\n\t<meta property=\"og:image:width\" content=\"1040\" \/>\n\t<meta property=\"og:image:height\" content=\"866\" \/>\n\t<meta property=\"og:image:type\" content=\"image\/jpeg\" \/>\n<meta name=\"author\" content=\"Reda\u00e7\u00e3o\" \/>\n<meta name=\"twitter:card\" content=\"summary_large_image\" \/>\n<meta name=\"twitter:label1\" content=\"Escrito por\" \/>\n\t<meta name=\"twitter:data1\" content=\"Reda\u00e7\u00e3o\" \/>\n\t<meta name=\"twitter:label2\" content=\"Tempo estimado de leitura\" \/>\n\t<meta name=\"twitter:data2\" content=\"2 minutos\" \/>\n<script type=\"application\/ld+json\" class=\"yoast-schema-graph\">{\"@context\":\"https:\/\/schema.org\",\"@graph\":[{\"@type\":\"Article\",\"@id\":\"https:\/\/brasilnoticias.org\/site\/roma-afirma-que-bahia-cansou-do-pt-e-preve-vitoria-de-acm-neto-e-da-chapa-ao-senado\/#article\",\"isPartOf\":{\"@id\":\"https:\/\/brasilnoticias.org\/site\/roma-afirma-que-bahia-cansou-do-pt-e-preve-vitoria-de-acm-neto-e-da-chapa-ao-senado\/\"},\"author\":{\"name\":\"Reda\u00e7\u00e3o\",\"@id\":\"https:\/\/brasilnoticias.org\/site\/#\/schema\/person\/03bbbfe6c7634ad18c26444ea39049fa\"},\"headline\":\"Roma afirma que Bahia &#8216;cansou&#8217; do PT e prev\u00ea vit\u00f3ria de ACM Neto e da chapa ao Senado\",\"datePublished\":\"2026-03-31T09:12:00+00:00\",\"mainEntityOfPage\":{\"@id\":\"https:\/\/brasilnoticias.org\/site\/roma-afirma-que-bahia-cansou-do-pt-e-preve-vitoria-de-acm-neto-e-da-chapa-ao-senado\/\"},\"wordCount\":311,\"commentCount\":0,\"publisher\":{\"@id\":\"https:\/\/brasilnoticias.org\/site\/#organization\"},\"image\":{\"@id\":\"https:\/\/brasilnoticias.org\/site\/roma-afirma-que-bahia-cansou-do-pt-e-preve-vitoria-de-acm-neto-e-da-chapa-ao-senado\/#primaryimage\"},\"thumbnailUrl\":\"https:\/\/brasilnoticias.org\/site\/wp-content\/uploads\/2026\/03\/WhatsApp-Image-2026-03-30-at-20.03.51-1.jpeg\",\"articleSection\":[\"Pol\u00edtica\",\"\u00daltimas\"],\"inLanguage\":\"pt-PT\",\"potentialAction\":[{\"@type\":\"CommentAction\",\"name\":\"Comment\",\"target\":[\"https:\/\/brasilnoticias.org\/site\/roma-afirma-que-bahia-cansou-do-pt-e-preve-vitoria-de-acm-neto-e-da-chapa-ao-senado\/#respond\"]}]},{\"@type\":\"WebPage\",\"@id\":\"https:\/\/brasilnoticias.org\/site\/roma-afirma-que-bahia-cansou-do-pt-e-preve-vitoria-de-acm-neto-e-da-chapa-ao-senado\/\",\"url\":\"https:\/\/brasilnoticias.org\/site\/roma-afirma-que-bahia-cansou-do-pt-e-preve-vitoria-de-acm-neto-e-da-chapa-ao-senado\/\",\"name\":\"Roma afirma que Bahia 'cansou' do PT e prev\u00ea vit\u00f3ria de ACM Neto e da chapa ao Senado - Brasil not\u00edcias\",\"isPartOf\":{\"@id\":\"https:\/\/brasilnoticias.org\/site\/#website\"},\"primaryImageOfPage\":{\"@id\":\"https:\/\/brasilnoticias.org\/site\/roma-afirma-que-bahia-cansou-do-pt-e-preve-vitoria-de-acm-neto-e-da-chapa-ao-senado\/#primaryimage\"},\"image\":{\"@id\":\"https:\/\/brasilnoticias.org\/site\/roma-afirma-que-bahia-cansou-do-pt-e-preve-vitoria-de-acm-neto-e-da-chapa-ao-senado\/#primaryimage\"},\"thumbnailUrl\":\"https:\/\/brasilnoticias.org\/site\/wp-content\/uploads\/2026\/03\/WhatsApp-Image-2026-03-30-at-20.03.51-1.jpeg\",\"datePublished\":\"2026-03-31T09:12:00+00:00\",\"breadcrumb\":{\"@id\":\"https:\/\/brasilnoticias.org\/site\/roma-afirma-que-bahia-cansou-do-pt-e-preve-vitoria-de-acm-neto-e-da-chapa-ao-senado\/#breadcrumb\"},\"inLanguage\":\"pt-PT\",\"potentialAction\":[{\"@type\":\"ReadAction\",\"target\":[\"https:\/\/brasilnoticias.org\/site\/roma-afirma-que-bahia-cansou-do-pt-e-preve-vitoria-de-acm-neto-e-da-chapa-ao-senado\/\"]}]},{\"@type\":\"ImageObject\",\"inLanguage\":\"pt-PT\",\"@id\":\"https:\/\/brasilnoticias.org\/site\/roma-afirma-que-bahia-cansou-do-pt-e-preve-vitoria-de-acm-neto-e-da-chapa-ao-senado\/#primaryimage\",\"url\":\"https:\/\/brasilnoticias.org\/site\/wp-content\/uploads\/2026\/03\/WhatsApp-Image-2026-03-30-at-20.03.51-1.jpeg\",\"contentUrl\":\"https:\/\/brasilnoticias.org\/site\/wp-content\/uploads\/2026\/03\/WhatsApp-Image-2026-03-30-at-20.03.51-1.jpeg\",\"width\":1040,\"height\":866,\"caption\":\"Foto: Divulga\u00e7\u00e3o\"},{\"@type\":\"BreadcrumbList\",\"@id\":\"https:\/\/brasilnoticias.org\/site\/roma-afirma-que-bahia-cansou-do-pt-e-preve-vitoria-de-acm-neto-e-da-chapa-ao-senado\/#breadcrumb\",\"itemListElement\":[{\"@type\":\"ListItem\",\"position\":1,\"name\":\"In\u00edcio\",\"item\":\"https:\/\/brasilnoticias.org\/site\/\"},{\"@type\":\"ListItem\",\"position\":2,\"name\":\"Roma afirma que Bahia &#8216;cansou&#8217; do PT e prev\u00ea vit\u00f3ria de ACM Neto e da chapa ao Senado\"}]},{\"@type\":\"WebSite\",\"@id\":\"https:\/\/brasilnoticias.org\/site\/#website\",\"url\":\"https:\/\/brasilnoticias.org\/site\/\",\"name\":\"Brasil not\u00edcias\",\"description\":\"Brasil not\u00edcias\",\"publisher\":{\"@id\":\"https:\/\/brasilnoticias.org\/site\/#organization\"},\"potentialAction\":[{\"@type\":\"SearchAction\",\"target\":{\"@type\":\"EntryPoint\",\"urlTemplate\":\"https:\/\/brasilnoticias.org\/site\/?s={search_term_string}\"},\"query-input\":{\"@type\":\"PropertyValueSpecification\",\"valueRequired\":true,\"valueName\":\"search_term_string\"}}],\"inLanguage\":\"pt-PT\"},{\"@type\":\"Organization\",\"@id\":\"https:\/\/brasilnoticias.org\/site\/#organization\",\"name\":\"Brasil not\u00edcias\",\"url\":\"https:\/\/brasilnoticias.org\/site\/\",\"logo\":{\"@type\":\"ImageObject\",\"inLanguage\":\"pt-PT\",\"@id\":\"https:\/\/brasilnoticias.org\/site\/#\/schema\/logo\/image\/\",\"url\":\"https:\/\/brasilnoticias.org\/site\/wp-content\/uploads\/2022\/05\/cropped-brasilnoticias-mini.jpg\",\"contentUrl\":\"https:\/\/brasilnoticias.org\/site\/wp-content\/uploads\/2022\/05\/cropped-brasilnoticias-mini.jpg\",\"width\":314,\"height\":86,\"caption\":\"Brasil not\u00edcias\"},\"image\":{\"@id\":\"https:\/\/brasilnoticias.org\/site\/#\/schema\/logo\/image\/\"}},{\"@type\":\"Person\",\"@id\":\"https:\/\/brasilnoticias.org\/site\/#\/schema\/person\/03bbbfe6c7634ad18c26444ea39049fa\",\"name\":\"Reda\u00e7\u00e3o\",\"image\":{\"@type\":\"ImageObject\",\"inLanguage\":\"pt-PT\",\"@id\":\"https:\/\/brasilnoticias.org\/site\/#\/schema\/person\/image\/\",\"url\":\"https:\/\/secure.gravatar.com\/avatar\/9ecaf7327a696cb23ad926fedded5f1f04d7049de9e445375d55b48c001a6e42?s=96&d=mm&r=g\",\"contentUrl\":\"https:\/\/secure.gravatar.com\/avatar\/9ecaf7327a696cb23ad926fedded5f1f04d7049de9e445375d55b48c001a6e42?s=96&d=mm&r=g\",\"caption\":\"Reda\u00e7\u00e3o\"},\"url\":\"https:\/\/brasilnoticias.org\/site\/author\/henrique\/\"}]}<\/script>\n<!-- \/ Yoast SEO plugin. -->","yoast_head_json":{"title":"Roma afirma que Bahia 'cansou' do PT e prev\u00ea vit\u00f3ria de ACM Neto e da chapa ao Senado - Brasil not\u00edcias","robots":{"index":"index","follow":"follow","max-snippet":"max-snippet:-1","max-image-preview":"max-image-preview:large","max-video-preview":"max-video-preview:-1"},"canonical":"https:\/\/brasilnoticias.org\/site\/roma-afirma-que-bahia-cansou-do-pt-e-preve-vitoria-de-acm-neto-e-da-chapa-ao-senado\/","og_locale":"pt_PT","og_type":"article","og_title":"Roma afirma que Bahia 'cansou' do PT e prev\u00ea vit\u00f3ria de ACM Neto e da chapa ao Senado - Brasil not\u00edcias","og_description":"Presidente estadual do PL afirma que oposi\u00e7\u00e3o ter\u00e1 dois palanques presidenciais em 2026 e aposta em apoio de Caiado \u00e0","og_url":"https:\/\/brasilnoticias.org\/site\/roma-afirma-que-bahia-cansou-do-pt-e-preve-vitoria-de-acm-neto-e-da-chapa-ao-senado\/","og_site_name":"Brasil not\u00edcias","article_published_time":"2026-03-31T09:12:00+00:00","og_image":[{"width":1040,"height":866,"url":"https:\/\/brasilnoticias.org\/site\/wp-content\/uploads\/2026\/03\/WhatsApp-Image-2026-03-30-at-20.03.51-1.jpeg","type":"image\/jpeg"}],"author":"Reda\u00e7\u00e3o","twitter_card":"summary_large_image","twitter_misc":{"Escrito por":"Reda\u00e7\u00e3o","Tempo estimado de leitura":"2 minutos"},"schema":{"@context":"https:\/\/schema.org","@graph":[{"@type":"Article","@id":"https:\/\/brasilnoticias.org\/site\/roma-afirma-que-bahia-cansou-do-pt-e-preve-vitoria-de-acm-neto-e-da-chapa-ao-senado\/#article","isPartOf":{"@id":"https:\/\/brasilnoticias.org\/site\/roma-afirma-que-bahia-cansou-do-pt-e-preve-vitoria-de-acm-neto-e-da-chapa-ao-senado\/"},"author":{"name":"Reda\u00e7\u00e3o","@id":"https:\/\/brasilnoticias.org\/site\/#\/schema\/person\/03bbbfe6c7634ad18c26444ea39049fa"},"headline":"Roma afirma que Bahia &#8216;cansou&#8217; do PT e prev\u00ea vit\u00f3ria de ACM Neto e da chapa ao Senado","datePublished":"2026-03-31T09:12:00+00:00","mainEntityOfPage":{"@id":"https:\/\/brasilnoticias.org\/site\/roma-afirma-que-bahia-cansou-do-pt-e-preve-vitoria-de-acm-neto-e-da-chapa-ao-senado\/"},"wordCount":311,"commentCount":0,"publisher":{"@id":"https:\/\/brasilnoticias.org\/site\/#organization"},"image":{"@id":"https:\/\/brasilnoticias.org\/site\/roma-afirma-que-bahia-cansou-do-pt-e-preve-vitoria-de-acm-neto-e-da-chapa-ao-senado\/#primaryimage"},"thumbnailUrl":"https:\/\/brasilnoticias.org\/site\/wp-content\/uploads\/2026\/03\/WhatsApp-Image-2026-03-30-at-20.03.51-1.jpeg","articleSection":["Pol\u00edtica","\u00daltimas"],"inLanguage":"pt-PT","potentialAction":[{"@type":"CommentAction","name":"Comment","target":["https:\/\/brasilnoticias.org\/site\/roma-afirma-que-bahia-cansou-do-pt-e-preve-vitoria-de-acm-neto-e-da-chapa-ao-senado\/#respond"]}]},{"@type":"WebPage","@id":"https:\/\/brasilnoticias.org\/site\/roma-afirma-que-bahia-cansou-do-pt-e-preve-vitoria-de-acm-neto-e-da-chapa-ao-senado\/","url":"https:\/\/brasilnoticias.org\/site\/roma-afirma-que-bahia-cansou-do-pt-e-preve-vitoria-de-acm-neto-e-da-chapa-ao-senado\/","name":"Roma afirma que Bahia 'cansou' do PT e prev\u00ea vit\u00f3ria de ACM Neto e da chapa ao Senado - Brasil not\u00edcias","isPartOf":{"@id":"https:\/\/brasilnoticias.org\/site\/#website"},"primaryImageOfPage":{"@id":"https:\/\/brasilnoticias.org\/site\/roma-afirma-que-bahia-cansou-do-pt-e-preve-vitoria-de-acm-neto-e-da-chapa-ao-senado\/#primaryimage"},"image":{"@id":"https:\/\/brasilnoticias.org\/site\/roma-afirma-que-bahia-cansou-do-pt-e-preve-vitoria-de-acm-neto-e-da-chapa-ao-senado\/#primaryimage"},"thumbnailUrl":"https:\/\/brasilnoticias.org\/site\/wp-content\/uploads\/2026\/03\/WhatsApp-Image-2026-03-30-at-20.03.51-1.jpeg","datePublished":"2026-03-31T09:12:00+00:00","breadcrumb":{"@id":"https:\/\/brasilnoticias.org\/site\/roma-afirma-que-bahia-cansou-do-pt-e-preve-vitoria-de-acm-neto-e-da-chapa-ao-senado\/#breadcrumb"},"inLanguage":"pt-PT","potentialAction":[{"@type":"ReadAction","target":["https:\/\/brasilnoticias.org\/site\/roma-afirma-que-bahia-cansou-do-pt-e-preve-vitoria-de-acm-neto-e-da-chapa-ao-senado\/"]}]},{"@type":"ImageObject","inLanguage":"pt-PT","@id":"https:\/\/brasilnoticias.org\/site\/roma-afirma-que-bahia-cansou-do-pt-e-preve-vitoria-de-acm-neto-e-da-chapa-ao-senado\/#primaryimage","url":"https:\/\/brasilnoticias.org\/site\/wp-content\/uploads\/2026\/03\/WhatsApp-Image-2026-03-30-at-20.03.51-1.jpeg","contentUrl":"https:\/\/brasilnoticias.org\/site\/wp-content\/uploads\/2026\/03\/WhatsApp-Image-2026-03-30-at-20.03.51-1.jpeg","width":1040,"height":866,"caption":"Foto: Divulga\u00e7\u00e3o"},{"@type":"BreadcrumbList","@id":"https:\/\/brasilnoticias.org\/site\/roma-afirma-que-bahia-cansou-do-pt-e-preve-vitoria-de-acm-neto-e-da-chapa-ao-senado\/#breadcrumb","itemListElement":[{"@type":"ListItem","position":1,"name":"In\u00edcio","item":"https:\/\/brasilnoticias.org\/site\/"},{"@type":"ListItem","position":2,"name":"Roma afirma que Bahia &#8216;cansou&#8217; do PT e prev\u00ea vit\u00f3ria de ACM Neto e da chapa ao Senado"}]},{"@type":"WebSite","@id":"https:\/\/brasilnoticias.org\/site\/#website","url":"https:\/\/brasilnoticias.org\/site\/","name":"Brasil not\u00edcias","description":"Brasil not\u00edcias","publisher":{"@id":"https:\/\/brasilnoticias.org\/site\/#organization"},"potentialAction":[{"@type":"SearchAction","target":{"@type":"EntryPoint","urlTemplate":"https:\/\/brasilnoticias.org\/site\/?s={search_term_string}"},"query-input":{"@type":"PropertyValueSpecification","valueRequired":true,"valueName":"search_term_string"}}],"inLanguage":"pt-PT"},{"@type":"Organization","@id":"https:\/\/brasilnoticias.org\/site\/#organization","name":"Brasil not\u00edcias","url":"https:\/\/brasilnoticias.org\/site\/","logo":{"@type":"ImageObject","inLanguage":"pt-PT","@id":"https:\/\/brasilnoticias.org\/site\/#\/schema\/logo\/image\/","url":"https:\/\/brasilnoticias.org\/site\/wp-content\/uploads\/2022\/05\/cropped-brasilnoticias-mini.jpg","contentUrl":"https:\/\/brasilnoticias.org\/site\/wp-content\/uploads\/2022\/05\/cropped-brasilnoticias-mini.jpg","width":314,"height":86,"caption":"Brasil not\u00edcias"},"image":{"@id":"https:\/\/brasilnoticias.org\/site\/#\/schema\/logo\/image\/"}},{"@type":"Person","@id":"https:\/\/brasilnoticias.org\/site\/#\/schema\/person\/03bbbfe6c7634ad18c26444ea39049fa","name":"Reda\u00e7\u00e3o","image":{"@type":"ImageObject","inLanguage":"pt-PT","@id":"https:\/\/brasilnoticias.org\/site\/#\/schema\/person\/image\/","url":"https:\/\/secure.gravatar.com\/avatar\/9ecaf7327a696cb23ad926fedded5f1f04d7049de9e445375d55b48c001a6e42?s=96&d=mm&r=g","contentUrl":"https:\/\/secure.gravatar.com\/avatar\/9ecaf7327a696cb23ad926fedded5f1f04d7049de9e445375d55b48c001a6e42?s=96&d=mm&r=g","caption":"Reda\u00e7\u00e3o"},"url":"https:\/\/brasilnoticias.org\/site\/author\/henrique\/"}]}},"_links":{"self":[{"href":"https:\/\/brasilnoticias.org\/site\/wp-json\/wp\/v2\/posts\/21270","targetHints":{"allow":["GET"]}}],"collection":[{"href":"https:\/\/brasilnoticias.org\/site\/wp-json\/wp\/v2\/posts"}],"about":[{"href":"https:\/\/brasilnoticias.org\/site\/wp-json\/wp\/v2\/types\/post"}],"author":[{"embeddable":true,"href":"https:\/\/brasilnoticias.org\/site\/wp-json\/wp\/v2\/users\/4"}],"replies":[{"embeddable":true,"href":"https:\/\/brasilnoticias.org\/site\/wp-json\/wp\/v2\/comments?post=21270"}],"version-history":[{"count":1,"href":"https:\/\/brasilnoticias.org\/site\/wp-json\/wp\/v2\/posts\/21270\/revisions"}],"predecessor-version":[{"id":21272,"href":"https:\/\/brasilnoticias.org\/site\/wp-json\/wp\/v2\/posts\/21270\/revisions\/21272"}],"wp:featuredmedia":[{"embeddable":true,"href":"https:\/\/brasilnoticias.org\/site\/wp-json\/wp\/v2\/media\/21271"}],"wp:attachment":[{"href":"https:\/\/brasilnoticias.org\/site\/wp-json\/wp\/v2\/media?parent=21270"}],"wp:term":[{"taxonomy":"category","embeddable":true,"href":"https:\/\/brasilnoticias.org\/site\/wp-json\/wp\/v2\/categories?post=21270"},{"taxonomy":"post_tag","embeddable":true,"href":"https:\/\/brasilnoticias.org\/site\/wp-json\/wp\/v2\/tags?post=21270"}],"curies":[{"name":"wp","href":"https:\/\/api.w.org\/{rel}","templated":true}]}}