{"id":21279,"date":"2026-03-31T06:31:01","date_gmt":"2026-03-31T09:31:01","guid":{"rendered":"https:\/\/brasilnoticias.org\/site\/?p=21279"},"modified":"2026-03-31T06:31:01","modified_gmt":"2026-03-31T09:31:01","slug":"acm-neto-entra-em-campo-para-segurar-elmar-e-promete-fazer-todo-esforco-para-mante-lo-na-oposicao","status":"publish","type":"post","link":"https:\/\/brasilnoticias.org\/site\/acm-neto-entra-em-campo-para-segurar-elmar-e-promete-fazer-todo-esforco-para-mante-lo-na-oposicao\/","title":{"rendered":"ACM Neto entra em campo para segurar Elmar e promete fazer &#8216;todo esfor\u00e7o&#8217; para mant\u00ea-lo na oposi\u00e7\u00e3o"},"content":{"rendered":"<h2 class=\"self-stretch font-sans text-headline-6 font-normal tracking-tight text-neutral-50\">Pr\u00e9-candidato ao governo afirma que pretende conversar com deputado assim que ele voltar de Bras\u00edlia e aposta na perman\u00eancia do aliado no grupo<\/h2>\n<p>&nbsp;<\/p>\n<p>O vice-presidente nacional do Uni\u00e3o Brasil e pr\u00e9-candidato ao governo da Bahia,\u00a0<strong>ACM Neto<\/strong>, afirmou nesta segunda-feira (30) que vai atuar pessoalmente para manter o deputado federal\u00a0<strong>Elmar Nascimento<\/strong>\u00a0em sua base pol\u00edtica, ap\u00f3s o parlamentar ser\u00a0<a href=\"https:\/\/www.blogdovila.com.br\/noticia\/lucio-elmar\" target=\"_blank\" rel=\"noopener\"><strong>convidado para ocupar a vice<\/strong><\/a>\u00a0na chapa do governador\u00a0<strong>Jer\u00f4nimo Rodrigues<\/strong>\u00a0(PT).<\/p>\n<p>Durante o lan\u00e7amento oficial da chapa oposicionista, no Teatro CDL, em Feira de Santana, o ex-prefeito de Salvador destacou a rela\u00e7\u00e3o de amizade e parceria constru\u00edda com o correligion\u00e1rio ao longo dos \u00faltimos anos e lembrou que esteve ao lado dele em disputas importantes dentro do partido e da C\u00e2mara.<\/p>\n<p>\u201c<strong>Elmar sempre contou com o nosso apoio nas quest\u00f5es internas do partido, quando foi l\u00edder do Uni\u00e3o Brasil, quando foi pr\u00e9-candidato a presidente da C\u00e2mara dos Deputados<\/strong>\u201d, afirmou.<\/p>\n<p><a href=\"https:\/\/www.blogdovila.com.br\/noticia\/bruno-elmar\" target=\"_blank\" rel=\"noopener\"><strong>Assim como o prefeito Bruno Reis<\/strong><\/a>, Neto disse acreditar que Elmar permanecer\u00e1 no grupo oposicionista e garantiu que far\u00e1 o poss\u00edvel para manter o aliado ao seu lado.<\/p>\n<p>\u201c<strong>Eu quero crer que n\u00f3s vamos seguir juntos e n\u00f3s vamos caminhar juntos, pelo menos \u00e9 o esfor\u00e7o que eu farei para que Elmar e o grupo que ele lidera caminhem conosco nessa nossa luta at\u00e9 outubro<\/strong>\u201d, declarou.<\/p>\n<p>ACM Neto tamb\u00e9m revelou que ainda n\u00e3o conversou diretamente com Elmar sobre o convite feito pelo governo estadual, mas afirmou que pretende fazer isso assim que o deputado retornar de Bras\u00edlia.<\/p>\n<p>\u201c<strong>Estou aguardando o retorno dele para que a gente possa conversar como sempre fizemos, num clima de respeito, de amizade e de sinceridade<\/strong>\u201d, disse.<\/p>\n<p><em><strong>Com informa\u00e7\u00f5es do rep\u00f3rter Luiz Henrique, da CBN Salvador.<\/strong><\/em><\/p>\n<p>&nbsp;<\/p>\n<p>Fonte: Blog do Vila<\/p>\n","protected":false},"excerpt":{"rendered":"<p>Pr\u00e9-candidato ao governo afirma que pretende conversar com deputado assim que ele voltar de Bras\u00edlia e aposta na perman\u00eancia do<\/p>\n","protected":false},"author":4,"featured_media":21280,"comment_status":"open","ping_status":"open","sticky":false,"template":"","format":"standard","meta":{"colormag_page_container_layout":"default_layout","colormag_page_sidebar_layout":"default_layout","_FSMCFIC_featured_image_caption":"","_FSMCFIC_featured_image_nocaption":"","_FSMCFIC_featured_image_hide":"","footnotes":""},"categories":[5,1],"tags":[],"class_list":["post-21279","post","type-post","status-publish","format-standard","has-post-thumbnail","hentry","category-politica","category-ultimas"],"yoast_head":"<!-- This site is optimized with the Yoast SEO plugin v27.1.1 - https:\/\/yoast.com\/product\/yoast-seo-wordpress\/ -->\n<title>ACM Neto entra em campo para segurar Elmar e promete fazer &#039;todo esfor\u00e7o&#039; para mant\u00ea-lo na oposi\u00e7\u00e3o - Brasil not\u00edcias<\/title>\n<meta name=\"robots\" content=\"index, follow, max-snippet:-1, max-image-preview:large, max-video-preview:-1\" \/>\n<link rel=\"canonical\" href=\"https:\/\/brasilnoticias.org\/site\/acm-neto-entra-em-campo-para-segurar-elmar-e-promete-fazer-todo-esforco-para-mante-lo-na-oposicao\/\" \/>\n<meta property=\"og:locale\" content=\"pt_PT\" \/>\n<meta property=\"og:type\" content=\"article\" \/>\n<meta property=\"og:title\" content=\"ACM Neto entra em campo para segurar Elmar e promete fazer &#039;todo esfor\u00e7o&#039; para mant\u00ea-lo na oposi\u00e7\u00e3o - Brasil not\u00edcias\" \/>\n<meta property=\"og:description\" content=\"Pr\u00e9-candidato ao governo afirma que pretende conversar com deputado assim que ele voltar de Bras\u00edlia e aposta na perman\u00eancia do\" \/>\n<meta property=\"og:url\" content=\"https:\/\/brasilnoticias.org\/site\/acm-neto-entra-em-campo-para-segurar-elmar-e-promete-fazer-todo-esforco-para-mante-lo-na-oposicao\/\" \/>\n<meta property=\"og:site_name\" content=\"Brasil not\u00edcias\" \/>\n<meta property=\"article:published_time\" content=\"2026-03-31T09:31:01+00:00\" \/>\n<meta property=\"og:image\" content=\"https:\/\/brasilnoticias.org\/site\/wp-content\/uploads\/2026\/03\/WhatsApp-Image-2026-03-30-at-20.52.00.jpeg\" \/>\n\t<meta property=\"og:image:width\" content=\"1280\" \/>\n\t<meta property=\"og:image:height\" content=\"853\" \/>\n\t<meta property=\"og:image:type\" content=\"image\/jpeg\" \/>\n<meta name=\"author\" content=\"Reda\u00e7\u00e3o\" \/>\n<meta name=\"twitter:card\" content=\"summary_large_image\" \/>\n<meta name=\"twitter:label1\" content=\"Escrito por\" \/>\n\t<meta name=\"twitter:data1\" content=\"Reda\u00e7\u00e3o\" \/>\n\t<meta name=\"twitter:label2\" content=\"Tempo estimado de leitura\" \/>\n\t<meta name=\"twitter:data2\" content=\"2 minutos\" \/>\n<script type=\"application\/ld+json\" class=\"yoast-schema-graph\">{\"@context\":\"https:\/\/schema.org\",\"@graph\":[{\"@type\":\"Article\",\"@id\":\"https:\/\/brasilnoticias.org\/site\/acm-neto-entra-em-campo-para-segurar-elmar-e-promete-fazer-todo-esforco-para-mante-lo-na-oposicao\/#article\",\"isPartOf\":{\"@id\":\"https:\/\/brasilnoticias.org\/site\/acm-neto-entra-em-campo-para-segurar-elmar-e-promete-fazer-todo-esforco-para-mante-lo-na-oposicao\/\"},\"author\":{\"name\":\"Reda\u00e7\u00e3o\",\"@id\":\"https:\/\/brasilnoticias.org\/site\/#\/schema\/person\/03bbbfe6c7634ad18c26444ea39049fa\"},\"headline\":\"ACM Neto entra em campo para segurar Elmar e promete fazer &#8216;todo esfor\u00e7o&#8217; para mant\u00ea-lo na oposi\u00e7\u00e3o\",\"datePublished\":\"2026-03-31T09:31:01+00:00\",\"mainEntityOfPage\":{\"@id\":\"https:\/\/brasilnoticias.org\/site\/acm-neto-entra-em-campo-para-segurar-elmar-e-promete-fazer-todo-esforco-para-mante-lo-na-oposicao\/\"},\"wordCount\":331,\"commentCount\":0,\"publisher\":{\"@id\":\"https:\/\/brasilnoticias.org\/site\/#organization\"},\"image\":{\"@id\":\"https:\/\/brasilnoticias.org\/site\/acm-neto-entra-em-campo-para-segurar-elmar-e-promete-fazer-todo-esforco-para-mante-lo-na-oposicao\/#primaryimage\"},\"thumbnailUrl\":\"https:\/\/brasilnoticias.org\/site\/wp-content\/uploads\/2026\/03\/WhatsApp-Image-2026-03-30-at-20.52.00.jpeg\",\"articleSection\":[\"Pol\u00edtica\",\"\u00daltimas\"],\"inLanguage\":\"pt-PT\",\"potentialAction\":[{\"@type\":\"CommentAction\",\"name\":\"Comment\",\"target\":[\"https:\/\/brasilnoticias.org\/site\/acm-neto-entra-em-campo-para-segurar-elmar-e-promete-fazer-todo-esforco-para-mante-lo-na-oposicao\/#respond\"]}]},{\"@type\":\"WebPage\",\"@id\":\"https:\/\/brasilnoticias.org\/site\/acm-neto-entra-em-campo-para-segurar-elmar-e-promete-fazer-todo-esforco-para-mante-lo-na-oposicao\/\",\"url\":\"https:\/\/brasilnoticias.org\/site\/acm-neto-entra-em-campo-para-segurar-elmar-e-promete-fazer-todo-esforco-para-mante-lo-na-oposicao\/\",\"name\":\"ACM Neto entra em campo para segurar Elmar e promete fazer 'todo esfor\u00e7o' para mant\u00ea-lo na oposi\u00e7\u00e3o - Brasil not\u00edcias\",\"isPartOf\":{\"@id\":\"https:\/\/brasilnoticias.org\/site\/#website\"},\"primaryImageOfPage\":{\"@id\":\"https:\/\/brasilnoticias.org\/site\/acm-neto-entra-em-campo-para-segurar-elmar-e-promete-fazer-todo-esforco-para-mante-lo-na-oposicao\/#primaryimage\"},\"image\":{\"@id\":\"https:\/\/brasilnoticias.org\/site\/acm-neto-entra-em-campo-para-segurar-elmar-e-promete-fazer-todo-esforco-para-mante-lo-na-oposicao\/#primaryimage\"},\"thumbnailUrl\":\"https:\/\/brasilnoticias.org\/site\/wp-content\/uploads\/2026\/03\/WhatsApp-Image-2026-03-30-at-20.52.00.jpeg\",\"datePublished\":\"2026-03-31T09:31:01+00:00\",\"breadcrumb\":{\"@id\":\"https:\/\/brasilnoticias.org\/site\/acm-neto-entra-em-campo-para-segurar-elmar-e-promete-fazer-todo-esforco-para-mante-lo-na-oposicao\/#breadcrumb\"},\"inLanguage\":\"pt-PT\",\"potentialAction\":[{\"@type\":\"ReadAction\",\"target\":[\"https:\/\/brasilnoticias.org\/site\/acm-neto-entra-em-campo-para-segurar-elmar-e-promete-fazer-todo-esforco-para-mante-lo-na-oposicao\/\"]}]},{\"@type\":\"ImageObject\",\"inLanguage\":\"pt-PT\",\"@id\":\"https:\/\/brasilnoticias.org\/site\/acm-neto-entra-em-campo-para-segurar-elmar-e-promete-fazer-todo-esforco-para-mante-lo-na-oposicao\/#primaryimage\",\"url\":\"https:\/\/brasilnoticias.org\/site\/wp-content\/uploads\/2026\/03\/WhatsApp-Image-2026-03-30-at-20.52.00.jpeg\",\"contentUrl\":\"https:\/\/brasilnoticias.org\/site\/wp-content\/uploads\/2026\/03\/WhatsApp-Image-2026-03-30-at-20.52.00.jpeg\",\"width\":1280,\"height\":853,\"caption\":\"Foto: Divulga\u00e7\u00e3o\"},{\"@type\":\"BreadcrumbList\",\"@id\":\"https:\/\/brasilnoticias.org\/site\/acm-neto-entra-em-campo-para-segurar-elmar-e-promete-fazer-todo-esforco-para-mante-lo-na-oposicao\/#breadcrumb\",\"itemListElement\":[{\"@type\":\"ListItem\",\"position\":1,\"name\":\"In\u00edcio\",\"item\":\"https:\/\/brasilnoticias.org\/site\/\"},{\"@type\":\"ListItem\",\"position\":2,\"name\":\"ACM Neto entra em campo para segurar Elmar e promete fazer &#8216;todo esfor\u00e7o&#8217; para mant\u00ea-lo na oposi\u00e7\u00e3o\"}]},{\"@type\":\"WebSite\",\"@id\":\"https:\/\/brasilnoticias.org\/site\/#website\",\"url\":\"https:\/\/brasilnoticias.org\/site\/\",\"name\":\"Brasil not\u00edcias\",\"description\":\"Brasil not\u00edcias\",\"publisher\":{\"@id\":\"https:\/\/brasilnoticias.org\/site\/#organization\"},\"potentialAction\":[{\"@type\":\"SearchAction\",\"target\":{\"@type\":\"EntryPoint\",\"urlTemplate\":\"https:\/\/brasilnoticias.org\/site\/?s={search_term_string}\"},\"query-input\":{\"@type\":\"PropertyValueSpecification\",\"valueRequired\":true,\"valueName\":\"search_term_string\"}}],\"inLanguage\":\"pt-PT\"},{\"@type\":\"Organization\",\"@id\":\"https:\/\/brasilnoticias.org\/site\/#organization\",\"name\":\"Brasil not\u00edcias\",\"url\":\"https:\/\/brasilnoticias.org\/site\/\",\"logo\":{\"@type\":\"ImageObject\",\"inLanguage\":\"pt-PT\",\"@id\":\"https:\/\/brasilnoticias.org\/site\/#\/schema\/logo\/image\/\",\"url\":\"https:\/\/brasilnoticias.org\/site\/wp-content\/uploads\/2022\/05\/cropped-brasilnoticias-mini.jpg\",\"contentUrl\":\"https:\/\/brasilnoticias.org\/site\/wp-content\/uploads\/2022\/05\/cropped-brasilnoticias-mini.jpg\",\"width\":314,\"height\":86,\"caption\":\"Brasil not\u00edcias\"},\"image\":{\"@id\":\"https:\/\/brasilnoticias.org\/site\/#\/schema\/logo\/image\/\"}},{\"@type\":\"Person\",\"@id\":\"https:\/\/brasilnoticias.org\/site\/#\/schema\/person\/03bbbfe6c7634ad18c26444ea39049fa\",\"name\":\"Reda\u00e7\u00e3o\",\"image\":{\"@type\":\"ImageObject\",\"inLanguage\":\"pt-PT\",\"@id\":\"https:\/\/brasilnoticias.org\/site\/#\/schema\/person\/image\/\",\"url\":\"https:\/\/secure.gravatar.com\/avatar\/9ecaf7327a696cb23ad926fedded5f1f04d7049de9e445375d55b48c001a6e42?s=96&d=mm&r=g\",\"contentUrl\":\"https:\/\/secure.gravatar.com\/avatar\/9ecaf7327a696cb23ad926fedded5f1f04d7049de9e445375d55b48c001a6e42?s=96&d=mm&r=g\",\"caption\":\"Reda\u00e7\u00e3o\"},\"url\":\"https:\/\/brasilnoticias.org\/site\/author\/henrique\/\"}]}<\/script>\n<!-- \/ Yoast SEO plugin. -->","yoast_head_json":{"title":"ACM Neto entra em campo para segurar Elmar e promete fazer 'todo esfor\u00e7o' para mant\u00ea-lo na oposi\u00e7\u00e3o - Brasil not\u00edcias","robots":{"index":"index","follow":"follow","max-snippet":"max-snippet:-1","max-image-preview":"max-image-preview:large","max-video-preview":"max-video-preview:-1"},"canonical":"https:\/\/brasilnoticias.org\/site\/acm-neto-entra-em-campo-para-segurar-elmar-e-promete-fazer-todo-esforco-para-mante-lo-na-oposicao\/","og_locale":"pt_PT","og_type":"article","og_title":"ACM Neto entra em campo para segurar Elmar e promete fazer 'todo esfor\u00e7o' para mant\u00ea-lo na oposi\u00e7\u00e3o - Brasil not\u00edcias","og_description":"Pr\u00e9-candidato ao governo afirma que pretende conversar com deputado assim que ele voltar de Bras\u00edlia e aposta na perman\u00eancia do","og_url":"https:\/\/brasilnoticias.org\/site\/acm-neto-entra-em-campo-para-segurar-elmar-e-promete-fazer-todo-esforco-para-mante-lo-na-oposicao\/","og_site_name":"Brasil not\u00edcias","article_published_time":"2026-03-31T09:31:01+00:00","og_image":[{"width":1280,"height":853,"url":"https:\/\/brasilnoticias.org\/site\/wp-content\/uploads\/2026\/03\/WhatsApp-Image-2026-03-30-at-20.52.00.jpeg","type":"image\/jpeg"}],"author":"Reda\u00e7\u00e3o","twitter_card":"summary_large_image","twitter_misc":{"Escrito por":"Reda\u00e7\u00e3o","Tempo estimado de leitura":"2 minutos"},"schema":{"@context":"https:\/\/schema.org","@graph":[{"@type":"Article","@id":"https:\/\/brasilnoticias.org\/site\/acm-neto-entra-em-campo-para-segurar-elmar-e-promete-fazer-todo-esforco-para-mante-lo-na-oposicao\/#article","isPartOf":{"@id":"https:\/\/brasilnoticias.org\/site\/acm-neto-entra-em-campo-para-segurar-elmar-e-promete-fazer-todo-esforco-para-mante-lo-na-oposicao\/"},"author":{"name":"Reda\u00e7\u00e3o","@id":"https:\/\/brasilnoticias.org\/site\/#\/schema\/person\/03bbbfe6c7634ad18c26444ea39049fa"},"headline":"ACM Neto entra em campo para segurar Elmar e promete fazer &#8216;todo esfor\u00e7o&#8217; para mant\u00ea-lo na oposi\u00e7\u00e3o","datePublished":"2026-03-31T09:31:01+00:00","mainEntityOfPage":{"@id":"https:\/\/brasilnoticias.org\/site\/acm-neto-entra-em-campo-para-segurar-elmar-e-promete-fazer-todo-esforco-para-mante-lo-na-oposicao\/"},"wordCount":331,"commentCount":0,"publisher":{"@id":"https:\/\/brasilnoticias.org\/site\/#organization"},"image":{"@id":"https:\/\/brasilnoticias.org\/site\/acm-neto-entra-em-campo-para-segurar-elmar-e-promete-fazer-todo-esforco-para-mante-lo-na-oposicao\/#primaryimage"},"thumbnailUrl":"https:\/\/brasilnoticias.org\/site\/wp-content\/uploads\/2026\/03\/WhatsApp-Image-2026-03-30-at-20.52.00.jpeg","articleSection":["Pol\u00edtica","\u00daltimas"],"inLanguage":"pt-PT","potentialAction":[{"@type":"CommentAction","name":"Comment","target":["https:\/\/brasilnoticias.org\/site\/acm-neto-entra-em-campo-para-segurar-elmar-e-promete-fazer-todo-esforco-para-mante-lo-na-oposicao\/#respond"]}]},{"@type":"WebPage","@id":"https:\/\/brasilnoticias.org\/site\/acm-neto-entra-em-campo-para-segurar-elmar-e-promete-fazer-todo-esforco-para-mante-lo-na-oposicao\/","url":"https:\/\/brasilnoticias.org\/site\/acm-neto-entra-em-campo-para-segurar-elmar-e-promete-fazer-todo-esforco-para-mante-lo-na-oposicao\/","name":"ACM Neto entra em campo para segurar Elmar e promete fazer 'todo esfor\u00e7o' para mant\u00ea-lo na oposi\u00e7\u00e3o - Brasil not\u00edcias","isPartOf":{"@id":"https:\/\/brasilnoticias.org\/site\/#website"},"primaryImageOfPage":{"@id":"https:\/\/brasilnoticias.org\/site\/acm-neto-entra-em-campo-para-segurar-elmar-e-promete-fazer-todo-esforco-para-mante-lo-na-oposicao\/#primaryimage"},"image":{"@id":"https:\/\/brasilnoticias.org\/site\/acm-neto-entra-em-campo-para-segurar-elmar-e-promete-fazer-todo-esforco-para-mante-lo-na-oposicao\/#primaryimage"},"thumbnailUrl":"https:\/\/brasilnoticias.org\/site\/wp-content\/uploads\/2026\/03\/WhatsApp-Image-2026-03-30-at-20.52.00.jpeg","datePublished":"2026-03-31T09:31:01+00:00","breadcrumb":{"@id":"https:\/\/brasilnoticias.org\/site\/acm-neto-entra-em-campo-para-segurar-elmar-e-promete-fazer-todo-esforco-para-mante-lo-na-oposicao\/#breadcrumb"},"inLanguage":"pt-PT","potentialAction":[{"@type":"ReadAction","target":["https:\/\/brasilnoticias.org\/site\/acm-neto-entra-em-campo-para-segurar-elmar-e-promete-fazer-todo-esforco-para-mante-lo-na-oposicao\/"]}]},{"@type":"ImageObject","inLanguage":"pt-PT","@id":"https:\/\/brasilnoticias.org\/site\/acm-neto-entra-em-campo-para-segurar-elmar-e-promete-fazer-todo-esforco-para-mante-lo-na-oposicao\/#primaryimage","url":"https:\/\/brasilnoticias.org\/site\/wp-content\/uploads\/2026\/03\/WhatsApp-Image-2026-03-30-at-20.52.00.jpeg","contentUrl":"https:\/\/brasilnoticias.org\/site\/wp-content\/uploads\/2026\/03\/WhatsApp-Image-2026-03-30-at-20.52.00.jpeg","width":1280,"height":853,"caption":"Foto: Divulga\u00e7\u00e3o"},{"@type":"BreadcrumbList","@id":"https:\/\/brasilnoticias.org\/site\/acm-neto-entra-em-campo-para-segurar-elmar-e-promete-fazer-todo-esforco-para-mante-lo-na-oposicao\/#breadcrumb","itemListElement":[{"@type":"ListItem","position":1,"name":"In\u00edcio","item":"https:\/\/brasilnoticias.org\/site\/"},{"@type":"ListItem","position":2,"name":"ACM Neto entra em campo para segurar Elmar e promete fazer &#8216;todo esfor\u00e7o&#8217; para mant\u00ea-lo na oposi\u00e7\u00e3o"}]},{"@type":"WebSite","@id":"https:\/\/brasilnoticias.org\/site\/#website","url":"https:\/\/brasilnoticias.org\/site\/","name":"Brasil not\u00edcias","description":"Brasil not\u00edcias","publisher":{"@id":"https:\/\/brasilnoticias.org\/site\/#organization"},"potentialAction":[{"@type":"SearchAction","target":{"@type":"EntryPoint","urlTemplate":"https:\/\/brasilnoticias.org\/site\/?s={search_term_string}"},"query-input":{"@type":"PropertyValueSpecification","valueRequired":true,"valueName":"search_term_string"}}],"inLanguage":"pt-PT"},{"@type":"Organization","@id":"https:\/\/brasilnoticias.org\/site\/#organization","name":"Brasil not\u00edcias","url":"https:\/\/brasilnoticias.org\/site\/","logo":{"@type":"ImageObject","inLanguage":"pt-PT","@id":"https:\/\/brasilnoticias.org\/site\/#\/schema\/logo\/image\/","url":"https:\/\/brasilnoticias.org\/site\/wp-content\/uploads\/2022\/05\/cropped-brasilnoticias-mini.jpg","contentUrl":"https:\/\/brasilnoticias.org\/site\/wp-content\/uploads\/2022\/05\/cropped-brasilnoticias-mini.jpg","width":314,"height":86,"caption":"Brasil not\u00edcias"},"image":{"@id":"https:\/\/brasilnoticias.org\/site\/#\/schema\/logo\/image\/"}},{"@type":"Person","@id":"https:\/\/brasilnoticias.org\/site\/#\/schema\/person\/03bbbfe6c7634ad18c26444ea39049fa","name":"Reda\u00e7\u00e3o","image":{"@type":"ImageObject","inLanguage":"pt-PT","@id":"https:\/\/brasilnoticias.org\/site\/#\/schema\/person\/image\/","url":"https:\/\/secure.gravatar.com\/avatar\/9ecaf7327a696cb23ad926fedded5f1f04d7049de9e445375d55b48c001a6e42?s=96&d=mm&r=g","contentUrl":"https:\/\/secure.gravatar.com\/avatar\/9ecaf7327a696cb23ad926fedded5f1f04d7049de9e445375d55b48c001a6e42?s=96&d=mm&r=g","caption":"Reda\u00e7\u00e3o"},"url":"https:\/\/brasilnoticias.org\/site\/author\/henrique\/"}]}},"_links":{"self":[{"href":"https:\/\/brasilnoticias.org\/site\/wp-json\/wp\/v2\/posts\/21279","targetHints":{"allow":["GET"]}}],"collection":[{"href":"https:\/\/brasilnoticias.org\/site\/wp-json\/wp\/v2\/posts"}],"about":[{"href":"https:\/\/brasilnoticias.org\/site\/wp-json\/wp\/v2\/types\/post"}],"author":[{"embeddable":true,"href":"https:\/\/brasilnoticias.org\/site\/wp-json\/wp\/v2\/users\/4"}],"replies":[{"embeddable":true,"href":"https:\/\/brasilnoticias.org\/site\/wp-json\/wp\/v2\/comments?post=21279"}],"version-history":[{"count":1,"href":"https:\/\/brasilnoticias.org\/site\/wp-json\/wp\/v2\/posts\/21279\/revisions"}],"predecessor-version":[{"id":21281,"href":"https:\/\/brasilnoticias.org\/site\/wp-json\/wp\/v2\/posts\/21279\/revisions\/21281"}],"wp:featuredmedia":[{"embeddable":true,"href":"https:\/\/brasilnoticias.org\/site\/wp-json\/wp\/v2\/media\/21280"}],"wp:attachment":[{"href":"https:\/\/brasilnoticias.org\/site\/wp-json\/wp\/v2\/media?parent=21279"}],"wp:term":[{"taxonomy":"category","embeddable":true,"href":"https:\/\/brasilnoticias.org\/site\/wp-json\/wp\/v2\/categories?post=21279"},{"taxonomy":"post_tag","embeddable":true,"href":"https:\/\/brasilnoticias.org\/site\/wp-json\/wp\/v2\/tags?post=21279"}],"curies":[{"name":"wp","href":"https:\/\/api.w.org\/{rel}","templated":true}]}}