{"id":21282,"date":"2026-03-31T06:37:00","date_gmt":"2026-03-31T09:37:00","guid":{"rendered":"https:\/\/brasilnoticias.org\/site\/?p=21282"},"modified":"2026-03-31T06:37:00","modified_gmt":"2026-03-31T09:37:00","slug":"ze-ronaldo-evita-rebater-governistas-e-diz-que-criticas-soam-como-elogios","status":"publish","type":"post","link":"https:\/\/brasilnoticias.org\/site\/ze-ronaldo-evita-rebater-governistas-e-diz-que-criticas-soam-como-elogios\/","title":{"rendered":"Z\u00e9 Ronaldo evita rebater governistas e diz que cr\u00edticas &#8216;soam como elogios&#8217;"},"content":{"rendered":"<h2 class=\"self-stretch font-sans text-headline-6 font-normal tracking-tight text-neutral-50\">Prefeito de Feira revela ter sido cortejado pelo PT por mais de um ano e diz que ACM Neto est\u00e1 mais preparado do que em 2022<\/h2>\n<p>&nbsp;<\/p>\n<p>O prefeito de Feira de Santana,\u00a0<strong>Jos\u00e9 Ronaldo de Carvalho<\/strong>\u00a0(Uni\u00e3o Brasil), evitou responder aos ataques de integrantes da base do governador\u00a0<strong>Jer\u00f4nimo Rodrigues<\/strong>\u00a0(PT) ap\u00f3s oficializar apoio \u00e0 pr\u00e9-candidatura do seu correligion\u00e1rio\u00a0<strong>ACM Neto<\/strong>\u00a0ao governo do Estado.<\/p>\n<p>Durante coletiva concedida ap\u00f3s o lan\u00e7amento da chapa oposicionista, nesta segunda-feira (30), no Teatro CDL, em Feira de Santana, o gestor afirmou que prefere responder \u00e0s cr\u00edticas com sua trajet\u00f3ria pol\u00edtica.<\/p>\n<p>\u201c<strong>Eu aprendi ao longo da minha vida que quando uma pessoa me critica eu respondo com resultados, com a\u00e7\u00f5es concretas da minha vida p\u00fablica<\/strong>\u201d, declarou.<\/p>\n<p>O prefeito revelou que, ao longo dos \u00faltimos meses, foi cortejado por integrantes do grupo governista, que chegaram a cogit\u00e1-lo como vice na chapa petista. Segundo ele, o mesmo aconteceu com o prefeito de Jequi\u00e9,\u00a0<strong>Z\u00e9 Coc\u00e1<\/strong>\u00a0(PP), confirmado na vice de Neto.<\/p>\n<p>\u201c<strong>Por um ano inteiro, o que a gente mais ouviu nesse Estado foram palavras de elogios, palavras de apoio, palavras de que tanto o meu apoio quanto o apoio de Z\u00e9 Coc\u00e1 seriam importantes<\/strong>\u201d, afirmou.<\/p>\n<p>Z\u00e9 Ronaldo disse ainda que os ataques recebidos ap\u00f3s sua decis\u00e3o pol\u00edtica acabam por produzir o efeito contr\u00e1rio junto \u00e0 popula\u00e7\u00e3o.<\/p>\n<p>\u201c<strong>Palavras de cr\u00edticas dessa natureza soam para o povo como elogios<\/strong>\u201d, disse.<\/p>\n<p>O prefeito tamb\u00e9m demonstrou confian\u00e7a na candidatura de ACM Neto e afirmou que o ex-prefeito de Salvador chega mais amadurecido para a disputa de 2026.<\/p>\n<p>\u201c<strong>Eu tenho a certeza que hoje Neto est\u00e1 muito mais preparado do que h\u00e1 quatro anos atr\u00e1s<\/strong>\u201d, declarou.<\/p>\n<p><em><strong>Com informa\u00e7\u00f5es do rep\u00f3rter Luiz Henrique, da CBN Salvador.<\/strong><\/em><\/p>\n<p>&nbsp;<\/p>\n<p>Fonte: Blog do Vila<\/p>\n","protected":false},"excerpt":{"rendered":"<p>Prefeito de Feira revela ter sido cortejado pelo PT por mais de um ano e diz que ACM Neto est\u00e1<\/p>\n","protected":false},"author":4,"featured_media":21283,"comment_status":"open","ping_status":"open","sticky":false,"template":"","format":"standard","meta":{"colormag_page_container_layout":"default_layout","colormag_page_sidebar_layout":"default_layout","_FSMCFIC_featured_image_caption":"","_FSMCFIC_featured_image_nocaption":"","_FSMCFIC_featured_image_hide":"","footnotes":""},"categories":[5,1],"tags":[],"class_list":["post-21282","post","type-post","status-publish","format-standard","has-post-thumbnail","hentry","category-politica","category-ultimas"],"yoast_head":"<!-- This site is optimized with the Yoast SEO plugin v27.1.1 - https:\/\/yoast.com\/product\/yoast-seo-wordpress\/ -->\n<title>Z\u00e9 Ronaldo evita rebater governistas e diz que cr\u00edticas &#039;soam como elogios&#039; - Brasil not\u00edcias<\/title>\n<meta name=\"robots\" content=\"index, follow, max-snippet:-1, max-image-preview:large, max-video-preview:-1\" \/>\n<link rel=\"canonical\" href=\"https:\/\/brasilnoticias.org\/site\/ze-ronaldo-evita-rebater-governistas-e-diz-que-criticas-soam-como-elogios\/\" \/>\n<meta property=\"og:locale\" content=\"pt_PT\" \/>\n<meta property=\"og:type\" content=\"article\" \/>\n<meta property=\"og:title\" content=\"Z\u00e9 Ronaldo evita rebater governistas e diz que cr\u00edticas &#039;soam como elogios&#039; - Brasil not\u00edcias\" \/>\n<meta property=\"og:description\" content=\"Prefeito de Feira revela ter sido cortejado pelo PT por mais de um ano e diz que ACM Neto est\u00e1\" \/>\n<meta property=\"og:url\" content=\"https:\/\/brasilnoticias.org\/site\/ze-ronaldo-evita-rebater-governistas-e-diz-que-criticas-soam-como-elogios\/\" \/>\n<meta property=\"og:site_name\" content=\"Brasil not\u00edcias\" \/>\n<meta property=\"article:published_time\" content=\"2026-03-31T09:37:00+00:00\" \/>\n<meta property=\"og:image\" content=\"https:\/\/brasilnoticias.org\/site\/wp-content\/uploads\/2026\/03\/WhatsApp-Image-2026-03-30-at-20.54.19.jpeg\" \/>\n\t<meta property=\"og:image:width\" content=\"1280\" \/>\n\t<meta property=\"og:image:height\" content=\"853\" \/>\n\t<meta property=\"og:image:type\" content=\"image\/jpeg\" \/>\n<meta name=\"author\" content=\"Reda\u00e7\u00e3o\" \/>\n<meta name=\"twitter:card\" content=\"summary_large_image\" \/>\n<meta name=\"twitter:label1\" content=\"Escrito por\" \/>\n\t<meta name=\"twitter:data1\" content=\"Reda\u00e7\u00e3o\" \/>\n\t<meta name=\"twitter:label2\" content=\"Tempo estimado de leitura\" \/>\n\t<meta name=\"twitter:data2\" content=\"2 minutos\" \/>\n<script type=\"application\/ld+json\" class=\"yoast-schema-graph\">{\"@context\":\"https:\/\/schema.org\",\"@graph\":[{\"@type\":\"Article\",\"@id\":\"https:\/\/brasilnoticias.org\/site\/ze-ronaldo-evita-rebater-governistas-e-diz-que-criticas-soam-como-elogios\/#article\",\"isPartOf\":{\"@id\":\"https:\/\/brasilnoticias.org\/site\/ze-ronaldo-evita-rebater-governistas-e-diz-que-criticas-soam-como-elogios\/\"},\"author\":{\"name\":\"Reda\u00e7\u00e3o\",\"@id\":\"https:\/\/brasilnoticias.org\/site\/#\/schema\/person\/03bbbfe6c7634ad18c26444ea39049fa\"},\"headline\":\"Z\u00e9 Ronaldo evita rebater governistas e diz que cr\u00edticas &#8216;soam como elogios&#8217;\",\"datePublished\":\"2026-03-31T09:37:00+00:00\",\"mainEntityOfPage\":{\"@id\":\"https:\/\/brasilnoticias.org\/site\/ze-ronaldo-evita-rebater-governistas-e-diz-que-criticas-soam-como-elogios\/\"},\"wordCount\":322,\"commentCount\":0,\"publisher\":{\"@id\":\"https:\/\/brasilnoticias.org\/site\/#organization\"},\"image\":{\"@id\":\"https:\/\/brasilnoticias.org\/site\/ze-ronaldo-evita-rebater-governistas-e-diz-que-criticas-soam-como-elogios\/#primaryimage\"},\"thumbnailUrl\":\"https:\/\/brasilnoticias.org\/site\/wp-content\/uploads\/2026\/03\/WhatsApp-Image-2026-03-30-at-20.54.19.jpeg\",\"articleSection\":[\"Pol\u00edtica\",\"\u00daltimas\"],\"inLanguage\":\"pt-PT\",\"potentialAction\":[{\"@type\":\"CommentAction\",\"name\":\"Comment\",\"target\":[\"https:\/\/brasilnoticias.org\/site\/ze-ronaldo-evita-rebater-governistas-e-diz-que-criticas-soam-como-elogios\/#respond\"]}]},{\"@type\":\"WebPage\",\"@id\":\"https:\/\/brasilnoticias.org\/site\/ze-ronaldo-evita-rebater-governistas-e-diz-que-criticas-soam-como-elogios\/\",\"url\":\"https:\/\/brasilnoticias.org\/site\/ze-ronaldo-evita-rebater-governistas-e-diz-que-criticas-soam-como-elogios\/\",\"name\":\"Z\u00e9 Ronaldo evita rebater governistas e diz que cr\u00edticas 'soam como elogios' - Brasil not\u00edcias\",\"isPartOf\":{\"@id\":\"https:\/\/brasilnoticias.org\/site\/#website\"},\"primaryImageOfPage\":{\"@id\":\"https:\/\/brasilnoticias.org\/site\/ze-ronaldo-evita-rebater-governistas-e-diz-que-criticas-soam-como-elogios\/#primaryimage\"},\"image\":{\"@id\":\"https:\/\/brasilnoticias.org\/site\/ze-ronaldo-evita-rebater-governistas-e-diz-que-criticas-soam-como-elogios\/#primaryimage\"},\"thumbnailUrl\":\"https:\/\/brasilnoticias.org\/site\/wp-content\/uploads\/2026\/03\/WhatsApp-Image-2026-03-30-at-20.54.19.jpeg\",\"datePublished\":\"2026-03-31T09:37:00+00:00\",\"breadcrumb\":{\"@id\":\"https:\/\/brasilnoticias.org\/site\/ze-ronaldo-evita-rebater-governistas-e-diz-que-criticas-soam-como-elogios\/#breadcrumb\"},\"inLanguage\":\"pt-PT\",\"potentialAction\":[{\"@type\":\"ReadAction\",\"target\":[\"https:\/\/brasilnoticias.org\/site\/ze-ronaldo-evita-rebater-governistas-e-diz-que-criticas-soam-como-elogios\/\"]}]},{\"@type\":\"ImageObject\",\"inLanguage\":\"pt-PT\",\"@id\":\"https:\/\/brasilnoticias.org\/site\/ze-ronaldo-evita-rebater-governistas-e-diz-que-criticas-soam-como-elogios\/#primaryimage\",\"url\":\"https:\/\/brasilnoticias.org\/site\/wp-content\/uploads\/2026\/03\/WhatsApp-Image-2026-03-30-at-20.54.19.jpeg\",\"contentUrl\":\"https:\/\/brasilnoticias.org\/site\/wp-content\/uploads\/2026\/03\/WhatsApp-Image-2026-03-30-at-20.54.19.jpeg\",\"width\":1280,\"height\":853,\"caption\":\"Foto: Divulga\u00e7\u00e3o\"},{\"@type\":\"BreadcrumbList\",\"@id\":\"https:\/\/brasilnoticias.org\/site\/ze-ronaldo-evita-rebater-governistas-e-diz-que-criticas-soam-como-elogios\/#breadcrumb\",\"itemListElement\":[{\"@type\":\"ListItem\",\"position\":1,\"name\":\"In\u00edcio\",\"item\":\"https:\/\/brasilnoticias.org\/site\/\"},{\"@type\":\"ListItem\",\"position\":2,\"name\":\"Z\u00e9 Ronaldo evita rebater governistas e diz que cr\u00edticas &#8216;soam como elogios&#8217;\"}]},{\"@type\":\"WebSite\",\"@id\":\"https:\/\/brasilnoticias.org\/site\/#website\",\"url\":\"https:\/\/brasilnoticias.org\/site\/\",\"name\":\"Brasil not\u00edcias\",\"description\":\"Brasil not\u00edcias\",\"publisher\":{\"@id\":\"https:\/\/brasilnoticias.org\/site\/#organization\"},\"potentialAction\":[{\"@type\":\"SearchAction\",\"target\":{\"@type\":\"EntryPoint\",\"urlTemplate\":\"https:\/\/brasilnoticias.org\/site\/?s={search_term_string}\"},\"query-input\":{\"@type\":\"PropertyValueSpecification\",\"valueRequired\":true,\"valueName\":\"search_term_string\"}}],\"inLanguage\":\"pt-PT\"},{\"@type\":\"Organization\",\"@id\":\"https:\/\/brasilnoticias.org\/site\/#organization\",\"name\":\"Brasil not\u00edcias\",\"url\":\"https:\/\/brasilnoticias.org\/site\/\",\"logo\":{\"@type\":\"ImageObject\",\"inLanguage\":\"pt-PT\",\"@id\":\"https:\/\/brasilnoticias.org\/site\/#\/schema\/logo\/image\/\",\"url\":\"https:\/\/brasilnoticias.org\/site\/wp-content\/uploads\/2022\/05\/cropped-brasilnoticias-mini.jpg\",\"contentUrl\":\"https:\/\/brasilnoticias.org\/site\/wp-content\/uploads\/2022\/05\/cropped-brasilnoticias-mini.jpg\",\"width\":314,\"height\":86,\"caption\":\"Brasil not\u00edcias\"},\"image\":{\"@id\":\"https:\/\/brasilnoticias.org\/site\/#\/schema\/logo\/image\/\"}},{\"@type\":\"Person\",\"@id\":\"https:\/\/brasilnoticias.org\/site\/#\/schema\/person\/03bbbfe6c7634ad18c26444ea39049fa\",\"name\":\"Reda\u00e7\u00e3o\",\"image\":{\"@type\":\"ImageObject\",\"inLanguage\":\"pt-PT\",\"@id\":\"https:\/\/brasilnoticias.org\/site\/#\/schema\/person\/image\/\",\"url\":\"https:\/\/secure.gravatar.com\/avatar\/9ecaf7327a696cb23ad926fedded5f1f04d7049de9e445375d55b48c001a6e42?s=96&d=mm&r=g\",\"contentUrl\":\"https:\/\/secure.gravatar.com\/avatar\/9ecaf7327a696cb23ad926fedded5f1f04d7049de9e445375d55b48c001a6e42?s=96&d=mm&r=g\",\"caption\":\"Reda\u00e7\u00e3o\"},\"url\":\"https:\/\/brasilnoticias.org\/site\/author\/henrique\/\"}]}<\/script>\n<!-- \/ Yoast SEO plugin. -->","yoast_head_json":{"title":"Z\u00e9 Ronaldo evita rebater governistas e diz que cr\u00edticas 'soam como elogios' - Brasil not\u00edcias","robots":{"index":"index","follow":"follow","max-snippet":"max-snippet:-1","max-image-preview":"max-image-preview:large","max-video-preview":"max-video-preview:-1"},"canonical":"https:\/\/brasilnoticias.org\/site\/ze-ronaldo-evita-rebater-governistas-e-diz-que-criticas-soam-como-elogios\/","og_locale":"pt_PT","og_type":"article","og_title":"Z\u00e9 Ronaldo evita rebater governistas e diz que cr\u00edticas 'soam como elogios' - Brasil not\u00edcias","og_description":"Prefeito de Feira revela ter sido cortejado pelo PT por mais de um ano e diz que ACM Neto est\u00e1","og_url":"https:\/\/brasilnoticias.org\/site\/ze-ronaldo-evita-rebater-governistas-e-diz-que-criticas-soam-como-elogios\/","og_site_name":"Brasil not\u00edcias","article_published_time":"2026-03-31T09:37:00+00:00","og_image":[{"width":1280,"height":853,"url":"https:\/\/brasilnoticias.org\/site\/wp-content\/uploads\/2026\/03\/WhatsApp-Image-2026-03-30-at-20.54.19.jpeg","type":"image\/jpeg"}],"author":"Reda\u00e7\u00e3o","twitter_card":"summary_large_image","twitter_misc":{"Escrito por":"Reda\u00e7\u00e3o","Tempo estimado de leitura":"2 minutos"},"schema":{"@context":"https:\/\/schema.org","@graph":[{"@type":"Article","@id":"https:\/\/brasilnoticias.org\/site\/ze-ronaldo-evita-rebater-governistas-e-diz-que-criticas-soam-como-elogios\/#article","isPartOf":{"@id":"https:\/\/brasilnoticias.org\/site\/ze-ronaldo-evita-rebater-governistas-e-diz-que-criticas-soam-como-elogios\/"},"author":{"name":"Reda\u00e7\u00e3o","@id":"https:\/\/brasilnoticias.org\/site\/#\/schema\/person\/03bbbfe6c7634ad18c26444ea39049fa"},"headline":"Z\u00e9 Ronaldo evita rebater governistas e diz que cr\u00edticas &#8216;soam como elogios&#8217;","datePublished":"2026-03-31T09:37:00+00:00","mainEntityOfPage":{"@id":"https:\/\/brasilnoticias.org\/site\/ze-ronaldo-evita-rebater-governistas-e-diz-que-criticas-soam-como-elogios\/"},"wordCount":322,"commentCount":0,"publisher":{"@id":"https:\/\/brasilnoticias.org\/site\/#organization"},"image":{"@id":"https:\/\/brasilnoticias.org\/site\/ze-ronaldo-evita-rebater-governistas-e-diz-que-criticas-soam-como-elogios\/#primaryimage"},"thumbnailUrl":"https:\/\/brasilnoticias.org\/site\/wp-content\/uploads\/2026\/03\/WhatsApp-Image-2026-03-30-at-20.54.19.jpeg","articleSection":["Pol\u00edtica","\u00daltimas"],"inLanguage":"pt-PT","potentialAction":[{"@type":"CommentAction","name":"Comment","target":["https:\/\/brasilnoticias.org\/site\/ze-ronaldo-evita-rebater-governistas-e-diz-que-criticas-soam-como-elogios\/#respond"]}]},{"@type":"WebPage","@id":"https:\/\/brasilnoticias.org\/site\/ze-ronaldo-evita-rebater-governistas-e-diz-que-criticas-soam-como-elogios\/","url":"https:\/\/brasilnoticias.org\/site\/ze-ronaldo-evita-rebater-governistas-e-diz-que-criticas-soam-como-elogios\/","name":"Z\u00e9 Ronaldo evita rebater governistas e diz que cr\u00edticas 'soam como elogios' - Brasil not\u00edcias","isPartOf":{"@id":"https:\/\/brasilnoticias.org\/site\/#website"},"primaryImageOfPage":{"@id":"https:\/\/brasilnoticias.org\/site\/ze-ronaldo-evita-rebater-governistas-e-diz-que-criticas-soam-como-elogios\/#primaryimage"},"image":{"@id":"https:\/\/brasilnoticias.org\/site\/ze-ronaldo-evita-rebater-governistas-e-diz-que-criticas-soam-como-elogios\/#primaryimage"},"thumbnailUrl":"https:\/\/brasilnoticias.org\/site\/wp-content\/uploads\/2026\/03\/WhatsApp-Image-2026-03-30-at-20.54.19.jpeg","datePublished":"2026-03-31T09:37:00+00:00","breadcrumb":{"@id":"https:\/\/brasilnoticias.org\/site\/ze-ronaldo-evita-rebater-governistas-e-diz-que-criticas-soam-como-elogios\/#breadcrumb"},"inLanguage":"pt-PT","potentialAction":[{"@type":"ReadAction","target":["https:\/\/brasilnoticias.org\/site\/ze-ronaldo-evita-rebater-governistas-e-diz-que-criticas-soam-como-elogios\/"]}]},{"@type":"ImageObject","inLanguage":"pt-PT","@id":"https:\/\/brasilnoticias.org\/site\/ze-ronaldo-evita-rebater-governistas-e-diz-que-criticas-soam-como-elogios\/#primaryimage","url":"https:\/\/brasilnoticias.org\/site\/wp-content\/uploads\/2026\/03\/WhatsApp-Image-2026-03-30-at-20.54.19.jpeg","contentUrl":"https:\/\/brasilnoticias.org\/site\/wp-content\/uploads\/2026\/03\/WhatsApp-Image-2026-03-30-at-20.54.19.jpeg","width":1280,"height":853,"caption":"Foto: Divulga\u00e7\u00e3o"},{"@type":"BreadcrumbList","@id":"https:\/\/brasilnoticias.org\/site\/ze-ronaldo-evita-rebater-governistas-e-diz-que-criticas-soam-como-elogios\/#breadcrumb","itemListElement":[{"@type":"ListItem","position":1,"name":"In\u00edcio","item":"https:\/\/brasilnoticias.org\/site\/"},{"@type":"ListItem","position":2,"name":"Z\u00e9 Ronaldo evita rebater governistas e diz que cr\u00edticas &#8216;soam como elogios&#8217;"}]},{"@type":"WebSite","@id":"https:\/\/brasilnoticias.org\/site\/#website","url":"https:\/\/brasilnoticias.org\/site\/","name":"Brasil not\u00edcias","description":"Brasil not\u00edcias","publisher":{"@id":"https:\/\/brasilnoticias.org\/site\/#organization"},"potentialAction":[{"@type":"SearchAction","target":{"@type":"EntryPoint","urlTemplate":"https:\/\/brasilnoticias.org\/site\/?s={search_term_string}"},"query-input":{"@type":"PropertyValueSpecification","valueRequired":true,"valueName":"search_term_string"}}],"inLanguage":"pt-PT"},{"@type":"Organization","@id":"https:\/\/brasilnoticias.org\/site\/#organization","name":"Brasil not\u00edcias","url":"https:\/\/brasilnoticias.org\/site\/","logo":{"@type":"ImageObject","inLanguage":"pt-PT","@id":"https:\/\/brasilnoticias.org\/site\/#\/schema\/logo\/image\/","url":"https:\/\/brasilnoticias.org\/site\/wp-content\/uploads\/2022\/05\/cropped-brasilnoticias-mini.jpg","contentUrl":"https:\/\/brasilnoticias.org\/site\/wp-content\/uploads\/2022\/05\/cropped-brasilnoticias-mini.jpg","width":314,"height":86,"caption":"Brasil not\u00edcias"},"image":{"@id":"https:\/\/brasilnoticias.org\/site\/#\/schema\/logo\/image\/"}},{"@type":"Person","@id":"https:\/\/brasilnoticias.org\/site\/#\/schema\/person\/03bbbfe6c7634ad18c26444ea39049fa","name":"Reda\u00e7\u00e3o","image":{"@type":"ImageObject","inLanguage":"pt-PT","@id":"https:\/\/brasilnoticias.org\/site\/#\/schema\/person\/image\/","url":"https:\/\/secure.gravatar.com\/avatar\/9ecaf7327a696cb23ad926fedded5f1f04d7049de9e445375d55b48c001a6e42?s=96&d=mm&r=g","contentUrl":"https:\/\/secure.gravatar.com\/avatar\/9ecaf7327a696cb23ad926fedded5f1f04d7049de9e445375d55b48c001a6e42?s=96&d=mm&r=g","caption":"Reda\u00e7\u00e3o"},"url":"https:\/\/brasilnoticias.org\/site\/author\/henrique\/"}]}},"_links":{"self":[{"href":"https:\/\/brasilnoticias.org\/site\/wp-json\/wp\/v2\/posts\/21282","targetHints":{"allow":["GET"]}}],"collection":[{"href":"https:\/\/brasilnoticias.org\/site\/wp-json\/wp\/v2\/posts"}],"about":[{"href":"https:\/\/brasilnoticias.org\/site\/wp-json\/wp\/v2\/types\/post"}],"author":[{"embeddable":true,"href":"https:\/\/brasilnoticias.org\/site\/wp-json\/wp\/v2\/users\/4"}],"replies":[{"embeddable":true,"href":"https:\/\/brasilnoticias.org\/site\/wp-json\/wp\/v2\/comments?post=21282"}],"version-history":[{"count":1,"href":"https:\/\/brasilnoticias.org\/site\/wp-json\/wp\/v2\/posts\/21282\/revisions"}],"predecessor-version":[{"id":21284,"href":"https:\/\/brasilnoticias.org\/site\/wp-json\/wp\/v2\/posts\/21282\/revisions\/21284"}],"wp:featuredmedia":[{"embeddable":true,"href":"https:\/\/brasilnoticias.org\/site\/wp-json\/wp\/v2\/media\/21283"}],"wp:attachment":[{"href":"https:\/\/brasilnoticias.org\/site\/wp-json\/wp\/v2\/media?parent=21282"}],"wp:term":[{"taxonomy":"category","embeddable":true,"href":"https:\/\/brasilnoticias.org\/site\/wp-json\/wp\/v2\/categories?post=21282"},{"taxonomy":"post_tag","embeddable":true,"href":"https:\/\/brasilnoticias.org\/site\/wp-json\/wp\/v2\/tags?post=21282"}],"curies":[{"name":"wp","href":"https:\/\/api.w.org\/{rel}","templated":true}]}}