{"id":21285,"date":"2026-03-31T06:40:37","date_gmt":"2026-03-31T09:40:37","guid":{"rendered":"https:\/\/brasilnoticias.org\/site\/?p=21285"},"modified":"2026-03-31T06:40:37","modified_gmt":"2026-03-31T09:40:37","slug":"ze-coca-diz-que-rui-perdeu-a-chance-de-ficar-calado-e-acusa-pt-de-arrogancia-apos-20-anos-no-poder","status":"publish","type":"post","link":"https:\/\/brasilnoticias.org\/site\/ze-coca-diz-que-rui-perdeu-a-chance-de-ficar-calado-e-acusa-pt-de-arrogancia-apos-20-anos-no-poder\/","title":{"rendered":"Z\u00e9 Coc\u00e1 diz que Rui &#8216;perdeu a chance de ficar calado&#8217; e acusa PT de arrog\u00e2ncia ap\u00f3s 20 anos no poder"},"content":{"rendered":"<h2 class=\"self-stretch font-sans text-headline-6 font-normal tracking-tight text-neutral-50\">Vice de ACM Neto rebate ataques do ministro da Casa Civil e afirma que governo estadual se sente \u201cdono\u201d da Bahia<\/h2>\n<p>Escolhido como vice na chapa de\u00a0<strong>ACM Neto<\/strong>\u00a0(Uni\u00e3o Brasil), o prefeito de Jequi\u00e9,\u00a0<strong>Z\u00e9 Coc\u00e1<\/strong>\u00a0(PP), reagiu nesta segunda-feira (30) \u00e0s declara\u00e7\u00f5es do ministro da Casa Civil,\u00a0<strong>Rui Costa<\/strong>, que o chamou de traidor e disse ter procurado um psiquiatra por acreditar que o pepista tem \u201cproblema de car\u00e1ter\u201d.<\/p>\n<p>Durante entrevista ap\u00f3s o lan\u00e7amento oficial da chapa oposicionista, em Feira de Santana, o gestor da cidade do sudoeste baiano criticou a postura do pr\u00e9-candidato ao Senado e afirmou que o petista \u201cperdeu a chance de ficar calado\u201d.<\/p>\n<p>\u201c<strong>Se ele ficasse calado, ele teria tido mais&#8230; Como eu disse, acho que a\u00a0<a href=\"https:\/\/www.blogdovila.com.br\/noticia\/zeronaldo-neto\" target=\"_blank\" rel=\"noopener\">fala de Z\u00e9 Ronaldo<\/a>\u00a0j\u00e1 reflete o nosso pensamento. Voc\u00ea \u00e9 bom hoje, amanh\u00e3 voc\u00ea vira ruim<\/strong>\u201d, declarou.<\/p>\n<p>O prefeito tamb\u00e9m rebateu a cobran\u00e7a por gratid\u00e3o ao grupo governista e disse que a regi\u00e3o de Jequi\u00e9 deixou de receber investimentos considerados estrat\u00e9gicos ao longo dos \u00faltimos anos.<\/p>\n<p>\u201c<strong>As obras prometidas eram necess\u00e1rias, foram prometidas e, na sua maioria, n\u00e3o aconteceram<\/strong>\u201d, afirmou. \u201c<strong>Falavam em porto regional, novo centro industrial, universidade. Eram pautas necess\u00e1rias e que deveriam ter acontecido<\/strong>\u201d, acrescentou.<\/p>\n<p>Z\u00e9 Coc\u00e1 ainda acusou o PT de agir com arrog\u00e2ncia ap\u00f3s duas d\u00e9cadas no comando do estado.<\/p>\n<p>\u201c<strong>Quando voc\u00ea quer se perpetuar no poder por 20 anos, come\u00e7a a se sentir dono. Acha que manda em todo mundo e que todo mundo tem que baixar a cabe\u00e7a<\/strong>\u201d, disse.<\/p>\n<p>Segundo ele, a popula\u00e7\u00e3o baiana come\u00e7a a demonstrar insatisfa\u00e7\u00e3o com tal comportamento. \u201c<strong>A arrog\u00e2ncia e a prepot\u00eancia est\u00e3o passando, gra\u00e7as a Deus<\/strong>\u201d, afirmou.<\/p>\n<p><em><strong>Com informa\u00e7\u00f5es do rep\u00f3rter Luiz Henrique, da CBN Salvador.<\/strong><\/em><\/p>\n<p>&nbsp;<\/p>\n<p>Fonte: Blog do Vila<\/p>\n","protected":false},"excerpt":{"rendered":"<p>Vice de ACM Neto rebate ataques do ministro da Casa Civil e afirma que governo estadual se sente \u201cdono\u201d da<\/p>\n","protected":false},"author":4,"featured_media":21286,"comment_status":"open","ping_status":"open","sticky":false,"template":"","format":"standard","meta":{"colormag_page_container_layout":"default_layout","colormag_page_sidebar_layout":"default_layout","_FSMCFIC_featured_image_caption":"","_FSMCFIC_featured_image_nocaption":"","_FSMCFIC_featured_image_hide":"","footnotes":""},"categories":[5,1],"tags":[],"class_list":["post-21285","post","type-post","status-publish","format-standard","has-post-thumbnail","hentry","category-politica","category-ultimas"],"yoast_head":"<!-- This site is optimized with the Yoast SEO plugin v27.1.1 - https:\/\/yoast.com\/product\/yoast-seo-wordpress\/ -->\n<title>Z\u00e9 Coc\u00e1 diz que Rui &#039;perdeu a chance de ficar calado&#039; e acusa PT de arrog\u00e2ncia ap\u00f3s 20 anos no poder - Brasil not\u00edcias<\/title>\n<meta name=\"robots\" content=\"index, follow, max-snippet:-1, max-image-preview:large, max-video-preview:-1\" \/>\n<link rel=\"canonical\" href=\"https:\/\/brasilnoticias.org\/site\/ze-coca-diz-que-rui-perdeu-a-chance-de-ficar-calado-e-acusa-pt-de-arrogancia-apos-20-anos-no-poder\/\" \/>\n<meta property=\"og:locale\" content=\"pt_PT\" \/>\n<meta property=\"og:type\" content=\"article\" \/>\n<meta property=\"og:title\" content=\"Z\u00e9 Coc\u00e1 diz que Rui &#039;perdeu a chance de ficar calado&#039; e acusa PT de arrog\u00e2ncia ap\u00f3s 20 anos no poder - Brasil not\u00edcias\" \/>\n<meta property=\"og:description\" content=\"Vice de ACM Neto rebate ataques do ministro da Casa Civil e afirma que governo estadual se sente \u201cdono\u201d da\" \/>\n<meta property=\"og:url\" content=\"https:\/\/brasilnoticias.org\/site\/ze-coca-diz-que-rui-perdeu-a-chance-de-ficar-calado-e-acusa-pt-de-arrogancia-apos-20-anos-no-poder\/\" \/>\n<meta property=\"og:site_name\" content=\"Brasil not\u00edcias\" \/>\n<meta property=\"article:published_time\" content=\"2026-03-31T09:40:37+00:00\" \/>\n<meta property=\"og:image\" content=\"https:\/\/brasilnoticias.org\/site\/wp-content\/uploads\/2026\/03\/WhatsApp-Image-2026-03-30-at-22.42.19.jpeg\" \/>\n\t<meta property=\"og:image:width\" content=\"1280\" \/>\n\t<meta property=\"og:image:height\" content=\"853\" \/>\n\t<meta property=\"og:image:type\" content=\"image\/jpeg\" \/>\n<meta name=\"author\" content=\"Reda\u00e7\u00e3o\" \/>\n<meta name=\"twitter:card\" content=\"summary_large_image\" \/>\n<meta name=\"twitter:label1\" content=\"Escrito por\" \/>\n\t<meta name=\"twitter:data1\" content=\"Reda\u00e7\u00e3o\" \/>\n\t<meta name=\"twitter:label2\" content=\"Tempo estimado de leitura\" \/>\n\t<meta name=\"twitter:data2\" content=\"2 minutos\" \/>\n<script type=\"application\/ld+json\" class=\"yoast-schema-graph\">{\"@context\":\"https:\/\/schema.org\",\"@graph\":[{\"@type\":\"Article\",\"@id\":\"https:\/\/brasilnoticias.org\/site\/ze-coca-diz-que-rui-perdeu-a-chance-de-ficar-calado-e-acusa-pt-de-arrogancia-apos-20-anos-no-poder\/#article\",\"isPartOf\":{\"@id\":\"https:\/\/brasilnoticias.org\/site\/ze-coca-diz-que-rui-perdeu-a-chance-de-ficar-calado-e-acusa-pt-de-arrogancia-apos-20-anos-no-poder\/\"},\"author\":{\"name\":\"Reda\u00e7\u00e3o\",\"@id\":\"https:\/\/brasilnoticias.org\/site\/#\/schema\/person\/03bbbfe6c7634ad18c26444ea39049fa\"},\"headline\":\"Z\u00e9 Coc\u00e1 diz que Rui &#8216;perdeu a chance de ficar calado&#8217; e acusa PT de arrog\u00e2ncia ap\u00f3s 20 anos no poder\",\"datePublished\":\"2026-03-31T09:40:37+00:00\",\"mainEntityOfPage\":{\"@id\":\"https:\/\/brasilnoticias.org\/site\/ze-coca-diz-que-rui-perdeu-a-chance-de-ficar-calado-e-acusa-pt-de-arrogancia-apos-20-anos-no-poder\/\"},\"wordCount\":333,\"commentCount\":0,\"publisher\":{\"@id\":\"https:\/\/brasilnoticias.org\/site\/#organization\"},\"image\":{\"@id\":\"https:\/\/brasilnoticias.org\/site\/ze-coca-diz-que-rui-perdeu-a-chance-de-ficar-calado-e-acusa-pt-de-arrogancia-apos-20-anos-no-poder\/#primaryimage\"},\"thumbnailUrl\":\"https:\/\/brasilnoticias.org\/site\/wp-content\/uploads\/2026\/03\/WhatsApp-Image-2026-03-30-at-22.42.19.jpeg\",\"articleSection\":[\"Pol\u00edtica\",\"\u00daltimas\"],\"inLanguage\":\"pt-PT\",\"potentialAction\":[{\"@type\":\"CommentAction\",\"name\":\"Comment\",\"target\":[\"https:\/\/brasilnoticias.org\/site\/ze-coca-diz-que-rui-perdeu-a-chance-de-ficar-calado-e-acusa-pt-de-arrogancia-apos-20-anos-no-poder\/#respond\"]}]},{\"@type\":\"WebPage\",\"@id\":\"https:\/\/brasilnoticias.org\/site\/ze-coca-diz-que-rui-perdeu-a-chance-de-ficar-calado-e-acusa-pt-de-arrogancia-apos-20-anos-no-poder\/\",\"url\":\"https:\/\/brasilnoticias.org\/site\/ze-coca-diz-que-rui-perdeu-a-chance-de-ficar-calado-e-acusa-pt-de-arrogancia-apos-20-anos-no-poder\/\",\"name\":\"Z\u00e9 Coc\u00e1 diz que Rui 'perdeu a chance de ficar calado' e acusa PT de arrog\u00e2ncia ap\u00f3s 20 anos no poder - Brasil not\u00edcias\",\"isPartOf\":{\"@id\":\"https:\/\/brasilnoticias.org\/site\/#website\"},\"primaryImageOfPage\":{\"@id\":\"https:\/\/brasilnoticias.org\/site\/ze-coca-diz-que-rui-perdeu-a-chance-de-ficar-calado-e-acusa-pt-de-arrogancia-apos-20-anos-no-poder\/#primaryimage\"},\"image\":{\"@id\":\"https:\/\/brasilnoticias.org\/site\/ze-coca-diz-que-rui-perdeu-a-chance-de-ficar-calado-e-acusa-pt-de-arrogancia-apos-20-anos-no-poder\/#primaryimage\"},\"thumbnailUrl\":\"https:\/\/brasilnoticias.org\/site\/wp-content\/uploads\/2026\/03\/WhatsApp-Image-2026-03-30-at-22.42.19.jpeg\",\"datePublished\":\"2026-03-31T09:40:37+00:00\",\"breadcrumb\":{\"@id\":\"https:\/\/brasilnoticias.org\/site\/ze-coca-diz-que-rui-perdeu-a-chance-de-ficar-calado-e-acusa-pt-de-arrogancia-apos-20-anos-no-poder\/#breadcrumb\"},\"inLanguage\":\"pt-PT\",\"potentialAction\":[{\"@type\":\"ReadAction\",\"target\":[\"https:\/\/brasilnoticias.org\/site\/ze-coca-diz-que-rui-perdeu-a-chance-de-ficar-calado-e-acusa-pt-de-arrogancia-apos-20-anos-no-poder\/\"]}]},{\"@type\":\"ImageObject\",\"inLanguage\":\"pt-PT\",\"@id\":\"https:\/\/brasilnoticias.org\/site\/ze-coca-diz-que-rui-perdeu-a-chance-de-ficar-calado-e-acusa-pt-de-arrogancia-apos-20-anos-no-poder\/#primaryimage\",\"url\":\"https:\/\/brasilnoticias.org\/site\/wp-content\/uploads\/2026\/03\/WhatsApp-Image-2026-03-30-at-22.42.19.jpeg\",\"contentUrl\":\"https:\/\/brasilnoticias.org\/site\/wp-content\/uploads\/2026\/03\/WhatsApp-Image-2026-03-30-at-22.42.19.jpeg\",\"width\":1280,\"height\":853,\"caption\":\"Foto: Divulga\u00e7\u00e3o\"},{\"@type\":\"BreadcrumbList\",\"@id\":\"https:\/\/brasilnoticias.org\/site\/ze-coca-diz-que-rui-perdeu-a-chance-de-ficar-calado-e-acusa-pt-de-arrogancia-apos-20-anos-no-poder\/#breadcrumb\",\"itemListElement\":[{\"@type\":\"ListItem\",\"position\":1,\"name\":\"In\u00edcio\",\"item\":\"https:\/\/brasilnoticias.org\/site\/\"},{\"@type\":\"ListItem\",\"position\":2,\"name\":\"Z\u00e9 Coc\u00e1 diz que Rui &#8216;perdeu a chance de ficar calado&#8217; e acusa PT de arrog\u00e2ncia ap\u00f3s 20 anos no poder\"}]},{\"@type\":\"WebSite\",\"@id\":\"https:\/\/brasilnoticias.org\/site\/#website\",\"url\":\"https:\/\/brasilnoticias.org\/site\/\",\"name\":\"Brasil not\u00edcias\",\"description\":\"Brasil not\u00edcias\",\"publisher\":{\"@id\":\"https:\/\/brasilnoticias.org\/site\/#organization\"},\"potentialAction\":[{\"@type\":\"SearchAction\",\"target\":{\"@type\":\"EntryPoint\",\"urlTemplate\":\"https:\/\/brasilnoticias.org\/site\/?s={search_term_string}\"},\"query-input\":{\"@type\":\"PropertyValueSpecification\",\"valueRequired\":true,\"valueName\":\"search_term_string\"}}],\"inLanguage\":\"pt-PT\"},{\"@type\":\"Organization\",\"@id\":\"https:\/\/brasilnoticias.org\/site\/#organization\",\"name\":\"Brasil not\u00edcias\",\"url\":\"https:\/\/brasilnoticias.org\/site\/\",\"logo\":{\"@type\":\"ImageObject\",\"inLanguage\":\"pt-PT\",\"@id\":\"https:\/\/brasilnoticias.org\/site\/#\/schema\/logo\/image\/\",\"url\":\"https:\/\/brasilnoticias.org\/site\/wp-content\/uploads\/2022\/05\/cropped-brasilnoticias-mini.jpg\",\"contentUrl\":\"https:\/\/brasilnoticias.org\/site\/wp-content\/uploads\/2022\/05\/cropped-brasilnoticias-mini.jpg\",\"width\":314,\"height\":86,\"caption\":\"Brasil not\u00edcias\"},\"image\":{\"@id\":\"https:\/\/brasilnoticias.org\/site\/#\/schema\/logo\/image\/\"}},{\"@type\":\"Person\",\"@id\":\"https:\/\/brasilnoticias.org\/site\/#\/schema\/person\/03bbbfe6c7634ad18c26444ea39049fa\",\"name\":\"Reda\u00e7\u00e3o\",\"image\":{\"@type\":\"ImageObject\",\"inLanguage\":\"pt-PT\",\"@id\":\"https:\/\/brasilnoticias.org\/site\/#\/schema\/person\/image\/\",\"url\":\"https:\/\/secure.gravatar.com\/avatar\/9ecaf7327a696cb23ad926fedded5f1f04d7049de9e445375d55b48c001a6e42?s=96&d=mm&r=g\",\"contentUrl\":\"https:\/\/secure.gravatar.com\/avatar\/9ecaf7327a696cb23ad926fedded5f1f04d7049de9e445375d55b48c001a6e42?s=96&d=mm&r=g\",\"caption\":\"Reda\u00e7\u00e3o\"},\"url\":\"https:\/\/brasilnoticias.org\/site\/author\/henrique\/\"}]}<\/script>\n<!-- \/ Yoast SEO plugin. -->","yoast_head_json":{"title":"Z\u00e9 Coc\u00e1 diz que Rui 'perdeu a chance de ficar calado' e acusa PT de arrog\u00e2ncia ap\u00f3s 20 anos no poder - Brasil not\u00edcias","robots":{"index":"index","follow":"follow","max-snippet":"max-snippet:-1","max-image-preview":"max-image-preview:large","max-video-preview":"max-video-preview:-1"},"canonical":"https:\/\/brasilnoticias.org\/site\/ze-coca-diz-que-rui-perdeu-a-chance-de-ficar-calado-e-acusa-pt-de-arrogancia-apos-20-anos-no-poder\/","og_locale":"pt_PT","og_type":"article","og_title":"Z\u00e9 Coc\u00e1 diz que Rui 'perdeu a chance de ficar calado' e acusa PT de arrog\u00e2ncia ap\u00f3s 20 anos no poder - Brasil not\u00edcias","og_description":"Vice de ACM Neto rebate ataques do ministro da Casa Civil e afirma que governo estadual se sente \u201cdono\u201d da","og_url":"https:\/\/brasilnoticias.org\/site\/ze-coca-diz-que-rui-perdeu-a-chance-de-ficar-calado-e-acusa-pt-de-arrogancia-apos-20-anos-no-poder\/","og_site_name":"Brasil not\u00edcias","article_published_time":"2026-03-31T09:40:37+00:00","og_image":[{"width":1280,"height":853,"url":"https:\/\/brasilnoticias.org\/site\/wp-content\/uploads\/2026\/03\/WhatsApp-Image-2026-03-30-at-22.42.19.jpeg","type":"image\/jpeg"}],"author":"Reda\u00e7\u00e3o","twitter_card":"summary_large_image","twitter_misc":{"Escrito por":"Reda\u00e7\u00e3o","Tempo estimado de leitura":"2 minutos"},"schema":{"@context":"https:\/\/schema.org","@graph":[{"@type":"Article","@id":"https:\/\/brasilnoticias.org\/site\/ze-coca-diz-que-rui-perdeu-a-chance-de-ficar-calado-e-acusa-pt-de-arrogancia-apos-20-anos-no-poder\/#article","isPartOf":{"@id":"https:\/\/brasilnoticias.org\/site\/ze-coca-diz-que-rui-perdeu-a-chance-de-ficar-calado-e-acusa-pt-de-arrogancia-apos-20-anos-no-poder\/"},"author":{"name":"Reda\u00e7\u00e3o","@id":"https:\/\/brasilnoticias.org\/site\/#\/schema\/person\/03bbbfe6c7634ad18c26444ea39049fa"},"headline":"Z\u00e9 Coc\u00e1 diz que Rui &#8216;perdeu a chance de ficar calado&#8217; e acusa PT de arrog\u00e2ncia ap\u00f3s 20 anos no poder","datePublished":"2026-03-31T09:40:37+00:00","mainEntityOfPage":{"@id":"https:\/\/brasilnoticias.org\/site\/ze-coca-diz-que-rui-perdeu-a-chance-de-ficar-calado-e-acusa-pt-de-arrogancia-apos-20-anos-no-poder\/"},"wordCount":333,"commentCount":0,"publisher":{"@id":"https:\/\/brasilnoticias.org\/site\/#organization"},"image":{"@id":"https:\/\/brasilnoticias.org\/site\/ze-coca-diz-que-rui-perdeu-a-chance-de-ficar-calado-e-acusa-pt-de-arrogancia-apos-20-anos-no-poder\/#primaryimage"},"thumbnailUrl":"https:\/\/brasilnoticias.org\/site\/wp-content\/uploads\/2026\/03\/WhatsApp-Image-2026-03-30-at-22.42.19.jpeg","articleSection":["Pol\u00edtica","\u00daltimas"],"inLanguage":"pt-PT","potentialAction":[{"@type":"CommentAction","name":"Comment","target":["https:\/\/brasilnoticias.org\/site\/ze-coca-diz-que-rui-perdeu-a-chance-de-ficar-calado-e-acusa-pt-de-arrogancia-apos-20-anos-no-poder\/#respond"]}]},{"@type":"WebPage","@id":"https:\/\/brasilnoticias.org\/site\/ze-coca-diz-que-rui-perdeu-a-chance-de-ficar-calado-e-acusa-pt-de-arrogancia-apos-20-anos-no-poder\/","url":"https:\/\/brasilnoticias.org\/site\/ze-coca-diz-que-rui-perdeu-a-chance-de-ficar-calado-e-acusa-pt-de-arrogancia-apos-20-anos-no-poder\/","name":"Z\u00e9 Coc\u00e1 diz que Rui 'perdeu a chance de ficar calado' e acusa PT de arrog\u00e2ncia ap\u00f3s 20 anos no poder - Brasil not\u00edcias","isPartOf":{"@id":"https:\/\/brasilnoticias.org\/site\/#website"},"primaryImageOfPage":{"@id":"https:\/\/brasilnoticias.org\/site\/ze-coca-diz-que-rui-perdeu-a-chance-de-ficar-calado-e-acusa-pt-de-arrogancia-apos-20-anos-no-poder\/#primaryimage"},"image":{"@id":"https:\/\/brasilnoticias.org\/site\/ze-coca-diz-que-rui-perdeu-a-chance-de-ficar-calado-e-acusa-pt-de-arrogancia-apos-20-anos-no-poder\/#primaryimage"},"thumbnailUrl":"https:\/\/brasilnoticias.org\/site\/wp-content\/uploads\/2026\/03\/WhatsApp-Image-2026-03-30-at-22.42.19.jpeg","datePublished":"2026-03-31T09:40:37+00:00","breadcrumb":{"@id":"https:\/\/brasilnoticias.org\/site\/ze-coca-diz-que-rui-perdeu-a-chance-de-ficar-calado-e-acusa-pt-de-arrogancia-apos-20-anos-no-poder\/#breadcrumb"},"inLanguage":"pt-PT","potentialAction":[{"@type":"ReadAction","target":["https:\/\/brasilnoticias.org\/site\/ze-coca-diz-que-rui-perdeu-a-chance-de-ficar-calado-e-acusa-pt-de-arrogancia-apos-20-anos-no-poder\/"]}]},{"@type":"ImageObject","inLanguage":"pt-PT","@id":"https:\/\/brasilnoticias.org\/site\/ze-coca-diz-que-rui-perdeu-a-chance-de-ficar-calado-e-acusa-pt-de-arrogancia-apos-20-anos-no-poder\/#primaryimage","url":"https:\/\/brasilnoticias.org\/site\/wp-content\/uploads\/2026\/03\/WhatsApp-Image-2026-03-30-at-22.42.19.jpeg","contentUrl":"https:\/\/brasilnoticias.org\/site\/wp-content\/uploads\/2026\/03\/WhatsApp-Image-2026-03-30-at-22.42.19.jpeg","width":1280,"height":853,"caption":"Foto: Divulga\u00e7\u00e3o"},{"@type":"BreadcrumbList","@id":"https:\/\/brasilnoticias.org\/site\/ze-coca-diz-que-rui-perdeu-a-chance-de-ficar-calado-e-acusa-pt-de-arrogancia-apos-20-anos-no-poder\/#breadcrumb","itemListElement":[{"@type":"ListItem","position":1,"name":"In\u00edcio","item":"https:\/\/brasilnoticias.org\/site\/"},{"@type":"ListItem","position":2,"name":"Z\u00e9 Coc\u00e1 diz que Rui &#8216;perdeu a chance de ficar calado&#8217; e acusa PT de arrog\u00e2ncia ap\u00f3s 20 anos no poder"}]},{"@type":"WebSite","@id":"https:\/\/brasilnoticias.org\/site\/#website","url":"https:\/\/brasilnoticias.org\/site\/","name":"Brasil not\u00edcias","description":"Brasil not\u00edcias","publisher":{"@id":"https:\/\/brasilnoticias.org\/site\/#organization"},"potentialAction":[{"@type":"SearchAction","target":{"@type":"EntryPoint","urlTemplate":"https:\/\/brasilnoticias.org\/site\/?s={search_term_string}"},"query-input":{"@type":"PropertyValueSpecification","valueRequired":true,"valueName":"search_term_string"}}],"inLanguage":"pt-PT"},{"@type":"Organization","@id":"https:\/\/brasilnoticias.org\/site\/#organization","name":"Brasil not\u00edcias","url":"https:\/\/brasilnoticias.org\/site\/","logo":{"@type":"ImageObject","inLanguage":"pt-PT","@id":"https:\/\/brasilnoticias.org\/site\/#\/schema\/logo\/image\/","url":"https:\/\/brasilnoticias.org\/site\/wp-content\/uploads\/2022\/05\/cropped-brasilnoticias-mini.jpg","contentUrl":"https:\/\/brasilnoticias.org\/site\/wp-content\/uploads\/2022\/05\/cropped-brasilnoticias-mini.jpg","width":314,"height":86,"caption":"Brasil not\u00edcias"},"image":{"@id":"https:\/\/brasilnoticias.org\/site\/#\/schema\/logo\/image\/"}},{"@type":"Person","@id":"https:\/\/brasilnoticias.org\/site\/#\/schema\/person\/03bbbfe6c7634ad18c26444ea39049fa","name":"Reda\u00e7\u00e3o","image":{"@type":"ImageObject","inLanguage":"pt-PT","@id":"https:\/\/brasilnoticias.org\/site\/#\/schema\/person\/image\/","url":"https:\/\/secure.gravatar.com\/avatar\/9ecaf7327a696cb23ad926fedded5f1f04d7049de9e445375d55b48c001a6e42?s=96&d=mm&r=g","contentUrl":"https:\/\/secure.gravatar.com\/avatar\/9ecaf7327a696cb23ad926fedded5f1f04d7049de9e445375d55b48c001a6e42?s=96&d=mm&r=g","caption":"Reda\u00e7\u00e3o"},"url":"https:\/\/brasilnoticias.org\/site\/author\/henrique\/"}]}},"_links":{"self":[{"href":"https:\/\/brasilnoticias.org\/site\/wp-json\/wp\/v2\/posts\/21285","targetHints":{"allow":["GET"]}}],"collection":[{"href":"https:\/\/brasilnoticias.org\/site\/wp-json\/wp\/v2\/posts"}],"about":[{"href":"https:\/\/brasilnoticias.org\/site\/wp-json\/wp\/v2\/types\/post"}],"author":[{"embeddable":true,"href":"https:\/\/brasilnoticias.org\/site\/wp-json\/wp\/v2\/users\/4"}],"replies":[{"embeddable":true,"href":"https:\/\/brasilnoticias.org\/site\/wp-json\/wp\/v2\/comments?post=21285"}],"version-history":[{"count":1,"href":"https:\/\/brasilnoticias.org\/site\/wp-json\/wp\/v2\/posts\/21285\/revisions"}],"predecessor-version":[{"id":21287,"href":"https:\/\/brasilnoticias.org\/site\/wp-json\/wp\/v2\/posts\/21285\/revisions\/21287"}],"wp:featuredmedia":[{"embeddable":true,"href":"https:\/\/brasilnoticias.org\/site\/wp-json\/wp\/v2\/media\/21286"}],"wp:attachment":[{"href":"https:\/\/brasilnoticias.org\/site\/wp-json\/wp\/v2\/media?parent=21285"}],"wp:term":[{"taxonomy":"category","embeddable":true,"href":"https:\/\/brasilnoticias.org\/site\/wp-json\/wp\/v2\/categories?post=21285"},{"taxonomy":"post_tag","embeddable":true,"href":"https:\/\/brasilnoticias.org\/site\/wp-json\/wp\/v2\/tags?post=21285"}],"curies":[{"name":"wp","href":"https:\/\/api.w.org\/{rel}","templated":true}]}}