{"id":21365,"date":"2026-04-06T06:15:14","date_gmt":"2026-04-06T09:15:14","guid":{"rendered":"https:\/\/brasilnoticias.org\/site\/?p=21365"},"modified":"2026-04-06T06:15:14","modified_gmt":"2026-04-06T09:15:14","slug":"unidades-de-conservacao-do-brasil-ganham-destaque-em-exposicao-na-alemanha","status":"publish","type":"post","link":"https:\/\/brasilnoticias.org\/site\/unidades-de-conservacao-do-brasil-ganham-destaque-em-exposicao-na-alemanha\/","title":{"rendered":"Unidades de conserva\u00e7\u00e3o do Brasil ganham destaque em exposi\u00e7\u00e3o na Alemanha"},"content":{"rendered":"<p data-start=\"192\" data-end=\"428\">A biodiversidade brasileira est\u00e1 em evid\u00eancia na Europa por meio de uma exposi\u00e7\u00e3o realizada na Alemanha, que destaca duas importantes unidades de conserva\u00e7\u00e3o do pa\u00eds: o Parque Nacional do Itatiaia e o Parque Nacional do Pico da Neblina.<\/p>\n<p data-start=\"430\" data-end=\"717\">A mostra, intitulada <strong data-start=\"451\" data-end=\"542\">\u201cTesouros Verdes do Brasil \u2013 Diversidade Tropical sob a Prote\u00e7\u00e3o dos Parques Nacionais\u201d<\/strong>, ocorre no Centro de Visitantes do Parque Nacional da Floresta Negra e teve in\u00edcio em 19 de mar\u00e7o, com dura\u00e7\u00e3o prevista de seis meses.<\/p>\n<h3 data-section-id=\"fx7s4m\" data-start=\"719\" data-end=\"760\">Biodiversidade brasileira em destaque<\/h3>\n<p data-start=\"762\" data-end=\"1055\">A exposi\u00e7\u00e3o apresenta imagens e express\u00f5es art\u00edsticas que retratam os dois parques brasileiros, promovendo o contato do p\u00fablico europeu com biomas distintos do pa\u00eds: a Mata Atl\u00e2ntica, representada por Itatiaia, e a Amaz\u00f4nia, por meio do Pico da Neblina.<\/p>\n<p data-start=\"1057\" data-end=\"1292\">A iniciativa busca ampliar a visibilidade internacional das unidades de conserva\u00e7\u00e3o brasileiras e refor\u00e7ar a import\u00e2ncia dessas \u00e1reas para a preserva\u00e7\u00e3o ambiental e o equil\u00edbrio clim\u00e1tico global.<\/p>\n<h3 data-section-id=\"ykaech\" data-start=\"1294\" data-end=\"1332\">Coopera\u00e7\u00e3o entre Brasil e Alemanha<\/h3>\n<p data-start=\"1334\" data-end=\"1645\">Al\u00e9m da divulga\u00e7\u00e3o ambiental, a mostra tamb\u00e9m abre espa\u00e7o para o fortalecimento da coopera\u00e7\u00e3o entre Brasil e Alemanha. A troca de experi\u00eancias entre os parques pode resultar em parcerias voltadas \u00e0 pesquisa cient\u00edfica, conserva\u00e7\u00e3o da biodiversidade e turismo sustent\u00e1vel.<\/p>\n<p data-start=\"1647\" data-end=\"1898\">Segundo representantes do Parque Nacional do Pico da Neblina, o interc\u00e2mbio com institui\u00e7\u00f5es alem\u00e3s pode contribuir para o desenvolvimento de projetos de monitoramento ambiental e prote\u00e7\u00e3o de esp\u00e9cies amea\u00e7adas.<\/p>\n<h3 data-section-id=\"ck1fcf\" data-start=\"1900\" data-end=\"1941\">Envolvimento de comunidades ind\u00edgenas<\/h3>\n<p data-start=\"1943\" data-end=\"2177\">Outro ponto destacado \u00e9 o incentivo ao turismo de base comunit\u00e1ria, especialmente com a participa\u00e7\u00e3o de povos ind\u00edgenas, como os Yanomami, que habitam \u00e1reas dentro do parque na regi\u00e3o amaz\u00f4nica.<\/p>\n<p data-start=\"2179\" data-end=\"2373\">A proposta \u00e9 integrar conserva\u00e7\u00e3o ambiental com desenvolvimento sustent\u00e1vel, respeitando as comunidades tradicionais e fortalecendo sua participa\u00e7\u00e3o nas atividades econ\u00f4micas e de preserva\u00e7\u00e3o.<\/p>\n<h3 data-section-id=\"1aivunz\" data-start=\"2375\" data-end=\"2425\">Import\u00e2ncia global das unidades de conserva\u00e7\u00e3o<\/h3>\n<p data-start=\"2427\" data-end=\"2767\">As unidades de conserva\u00e7\u00e3o desempenham papel essencial na prote\u00e7\u00e3o da biodiversidade e no enfrentamento das mudan\u00e7as clim\u00e1ticas. No Brasil, essas \u00e1reas s\u00e3o regulamentadas pelo Sistema Nacional de Unidades de Conserva\u00e7\u00e3o (SNUC) e t\u00eam como objetivo preservar ecossistemas, esp\u00e9cies e recursos naturais.<\/p>\n<p data-start=\"2769\" data-end=\"2951\">A exposi\u00e7\u00e3o refor\u00e7a o protagonismo do Brasil na conserva\u00e7\u00e3o ambiental e amplia o di\u00e1logo internacional sobre a import\u00e2ncia de proteger florestas e biomas estrat\u00e9gicos para o planeta.<\/p>\n<p data-start=\"2769\" data-end=\"2951\">\n<p data-start=\"2769\" data-end=\"2951\">Fonte: Ag\u00eancia Brasil<\/p>\n","protected":false},"excerpt":{"rendered":"<p>A biodiversidade brasileira est\u00e1 em evid\u00eancia na Europa por meio de uma exposi\u00e7\u00e3o realizada na Alemanha, que destaca duas importantes<\/p>\n","protected":false},"author":4,"featured_media":21366,"comment_status":"open","ping_status":"open","sticky":false,"template":"","format":"standard","meta":{"colormag_page_container_layout":"default_layout","colormag_page_sidebar_layout":"default_layout","_FSMCFIC_featured_image_caption":"","_FSMCFIC_featured_image_nocaption":"","_FSMCFIC_featured_image_hide":"","footnotes":""},"categories":[8,1],"tags":[],"class_list":["post-21365","post","type-post","status-publish","format-standard","has-post-thumbnail","hentry","category-entretenimento","category-ultimas"],"yoast_head":"<!-- This site is optimized with the Yoast SEO plugin v27.1.1 - https:\/\/yoast.com\/product\/yoast-seo-wordpress\/ -->\n<title>Unidades de conserva\u00e7\u00e3o do Brasil ganham destaque em exposi\u00e7\u00e3o na Alemanha - Brasil not\u00edcias<\/title>\n<meta name=\"robots\" content=\"index, follow, max-snippet:-1, max-image-preview:large, max-video-preview:-1\" \/>\n<link rel=\"canonical\" href=\"https:\/\/brasilnoticias.org\/site\/unidades-de-conservacao-do-brasil-ganham-destaque-em-exposicao-na-alemanha\/\" \/>\n<meta property=\"og:locale\" content=\"pt_PT\" \/>\n<meta property=\"og:type\" content=\"article\" \/>\n<meta property=\"og:title\" content=\"Unidades de conserva\u00e7\u00e3o do Brasil ganham destaque em exposi\u00e7\u00e3o na Alemanha - Brasil not\u00edcias\" \/>\n<meta property=\"og:description\" content=\"A biodiversidade brasileira est\u00e1 em evid\u00eancia na Europa por meio de uma exposi\u00e7\u00e3o realizada na Alemanha, que destaca duas importantes\" \/>\n<meta property=\"og:url\" content=\"https:\/\/brasilnoticias.org\/site\/unidades-de-conservacao-do-brasil-ganham-destaque-em-exposicao-na-alemanha\/\" \/>\n<meta property=\"og:site_name\" content=\"Brasil not\u00edcias\" \/>\n<meta property=\"article:published_time\" content=\"2026-04-06T09:15:14+00:00\" \/>\n<meta property=\"og:image\" content=\"https:\/\/brasilnoticias.org\/site\/wp-content\/uploads\/2026\/04\/whatsapp_image_2026-03-23_at_09.26.24.webp\" \/>\n\t<meta property=\"og:image:width\" content=\"1170\" \/>\n\t<meta property=\"og:image:height\" content=\"700\" \/>\n\t<meta property=\"og:image:type\" content=\"image\/webp\" \/>\n<meta name=\"author\" content=\"Reda\u00e7\u00e3o\" \/>\n<meta name=\"twitter:card\" content=\"summary_large_image\" \/>\n<meta name=\"twitter:label1\" content=\"Escrito por\" \/>\n\t<meta name=\"twitter:data1\" content=\"Reda\u00e7\u00e3o\" \/>\n\t<meta name=\"twitter:label2\" content=\"Tempo estimado de leitura\" \/>\n\t<meta name=\"twitter:data2\" content=\"3 minutos\" \/>\n<script type=\"application\/ld+json\" class=\"yoast-schema-graph\">{\"@context\":\"https:\/\/schema.org\",\"@graph\":[{\"@type\":\"Article\",\"@id\":\"https:\/\/brasilnoticias.org\/site\/unidades-de-conservacao-do-brasil-ganham-destaque-em-exposicao-na-alemanha\/#article\",\"isPartOf\":{\"@id\":\"https:\/\/brasilnoticias.org\/site\/unidades-de-conservacao-do-brasil-ganham-destaque-em-exposicao-na-alemanha\/\"},\"author\":{\"name\":\"Reda\u00e7\u00e3o\",\"@id\":\"https:\/\/brasilnoticias.org\/site\/#\/schema\/person\/03bbbfe6c7634ad18c26444ea39049fa\"},\"headline\":\"Unidades de conserva\u00e7\u00e3o do Brasil ganham destaque em exposi\u00e7\u00e3o na Alemanha\",\"datePublished\":\"2026-04-06T09:15:14+00:00\",\"mainEntityOfPage\":{\"@id\":\"https:\/\/brasilnoticias.org\/site\/unidades-de-conservacao-do-brasil-ganham-destaque-em-exposicao-na-alemanha\/\"},\"wordCount\":428,\"commentCount\":0,\"publisher\":{\"@id\":\"https:\/\/brasilnoticias.org\/site\/#organization\"},\"image\":{\"@id\":\"https:\/\/brasilnoticias.org\/site\/unidades-de-conservacao-do-brasil-ganham-destaque-em-exposicao-na-alemanha\/#primaryimage\"},\"thumbnailUrl\":\"https:\/\/brasilnoticias.org\/site\/wp-content\/uploads\/2026\/04\/whatsapp_image_2026-03-23_at_09.26.24.webp\",\"articleSection\":[\"Entretenimento\",\"\u00daltimas\"],\"inLanguage\":\"pt-PT\",\"potentialAction\":[{\"@type\":\"CommentAction\",\"name\":\"Comment\",\"target\":[\"https:\/\/brasilnoticias.org\/site\/unidades-de-conservacao-do-brasil-ganham-destaque-em-exposicao-na-alemanha\/#respond\"]}]},{\"@type\":\"WebPage\",\"@id\":\"https:\/\/brasilnoticias.org\/site\/unidades-de-conservacao-do-brasil-ganham-destaque-em-exposicao-na-alemanha\/\",\"url\":\"https:\/\/brasilnoticias.org\/site\/unidades-de-conservacao-do-brasil-ganham-destaque-em-exposicao-na-alemanha\/\",\"name\":\"Unidades de conserva\u00e7\u00e3o do Brasil ganham destaque em exposi\u00e7\u00e3o na Alemanha - Brasil not\u00edcias\",\"isPartOf\":{\"@id\":\"https:\/\/brasilnoticias.org\/site\/#website\"},\"primaryImageOfPage\":{\"@id\":\"https:\/\/brasilnoticias.org\/site\/unidades-de-conservacao-do-brasil-ganham-destaque-em-exposicao-na-alemanha\/#primaryimage\"},\"image\":{\"@id\":\"https:\/\/brasilnoticias.org\/site\/unidades-de-conservacao-do-brasil-ganham-destaque-em-exposicao-na-alemanha\/#primaryimage\"},\"thumbnailUrl\":\"https:\/\/brasilnoticias.org\/site\/wp-content\/uploads\/2026\/04\/whatsapp_image_2026-03-23_at_09.26.24.webp\",\"datePublished\":\"2026-04-06T09:15:14+00:00\",\"breadcrumb\":{\"@id\":\"https:\/\/brasilnoticias.org\/site\/unidades-de-conservacao-do-brasil-ganham-destaque-em-exposicao-na-alemanha\/#breadcrumb\"},\"inLanguage\":\"pt-PT\",\"potentialAction\":[{\"@type\":\"ReadAction\",\"target\":[\"https:\/\/brasilnoticias.org\/site\/unidades-de-conservacao-do-brasil-ganham-destaque-em-exposicao-na-alemanha\/\"]}]},{\"@type\":\"ImageObject\",\"inLanguage\":\"pt-PT\",\"@id\":\"https:\/\/brasilnoticias.org\/site\/unidades-de-conservacao-do-brasil-ganham-destaque-em-exposicao-na-alemanha\/#primaryimage\",\"url\":\"https:\/\/brasilnoticias.org\/site\/wp-content\/uploads\/2026\/04\/whatsapp_image_2026-03-23_at_09.26.24.webp\",\"contentUrl\":\"https:\/\/brasilnoticias.org\/site\/wp-content\/uploads\/2026\/04\/whatsapp_image_2026-03-23_at_09.26.24.webp\",\"width\":1170,\"height\":700,\"caption\":\"Parque Nacional da Floresta Negra da Alemanha\/Divulga\u00e7\u00e3o\"},{\"@type\":\"BreadcrumbList\",\"@id\":\"https:\/\/brasilnoticias.org\/site\/unidades-de-conservacao-do-brasil-ganham-destaque-em-exposicao-na-alemanha\/#breadcrumb\",\"itemListElement\":[{\"@type\":\"ListItem\",\"position\":1,\"name\":\"In\u00edcio\",\"item\":\"https:\/\/brasilnoticias.org\/site\/\"},{\"@type\":\"ListItem\",\"position\":2,\"name\":\"Unidades de conserva\u00e7\u00e3o do Brasil ganham destaque em exposi\u00e7\u00e3o na Alemanha\"}]},{\"@type\":\"WebSite\",\"@id\":\"https:\/\/brasilnoticias.org\/site\/#website\",\"url\":\"https:\/\/brasilnoticias.org\/site\/\",\"name\":\"Brasil not\u00edcias\",\"description\":\"Brasil not\u00edcias\",\"publisher\":{\"@id\":\"https:\/\/brasilnoticias.org\/site\/#organization\"},\"potentialAction\":[{\"@type\":\"SearchAction\",\"target\":{\"@type\":\"EntryPoint\",\"urlTemplate\":\"https:\/\/brasilnoticias.org\/site\/?s={search_term_string}\"},\"query-input\":{\"@type\":\"PropertyValueSpecification\",\"valueRequired\":true,\"valueName\":\"search_term_string\"}}],\"inLanguage\":\"pt-PT\"},{\"@type\":\"Organization\",\"@id\":\"https:\/\/brasilnoticias.org\/site\/#organization\",\"name\":\"Brasil not\u00edcias\",\"url\":\"https:\/\/brasilnoticias.org\/site\/\",\"logo\":{\"@type\":\"ImageObject\",\"inLanguage\":\"pt-PT\",\"@id\":\"https:\/\/brasilnoticias.org\/site\/#\/schema\/logo\/image\/\",\"url\":\"https:\/\/brasilnoticias.org\/site\/wp-content\/uploads\/2022\/05\/cropped-brasilnoticias-mini.jpg\",\"contentUrl\":\"https:\/\/brasilnoticias.org\/site\/wp-content\/uploads\/2022\/05\/cropped-brasilnoticias-mini.jpg\",\"width\":314,\"height\":86,\"caption\":\"Brasil not\u00edcias\"},\"image\":{\"@id\":\"https:\/\/brasilnoticias.org\/site\/#\/schema\/logo\/image\/\"}},{\"@type\":\"Person\",\"@id\":\"https:\/\/brasilnoticias.org\/site\/#\/schema\/person\/03bbbfe6c7634ad18c26444ea39049fa\",\"name\":\"Reda\u00e7\u00e3o\",\"image\":{\"@type\":\"ImageObject\",\"inLanguage\":\"pt-PT\",\"@id\":\"https:\/\/brasilnoticias.org\/site\/#\/schema\/person\/image\/\",\"url\":\"https:\/\/secure.gravatar.com\/avatar\/9ecaf7327a696cb23ad926fedded5f1f04d7049de9e445375d55b48c001a6e42?s=96&d=mm&r=g\",\"contentUrl\":\"https:\/\/secure.gravatar.com\/avatar\/9ecaf7327a696cb23ad926fedded5f1f04d7049de9e445375d55b48c001a6e42?s=96&d=mm&r=g\",\"caption\":\"Reda\u00e7\u00e3o\"},\"url\":\"https:\/\/brasilnoticias.org\/site\/author\/henrique\/\"}]}<\/script>\n<!-- \/ Yoast SEO plugin. -->","yoast_head_json":{"title":"Unidades de conserva\u00e7\u00e3o do Brasil ganham destaque em exposi\u00e7\u00e3o na Alemanha - Brasil not\u00edcias","robots":{"index":"index","follow":"follow","max-snippet":"max-snippet:-1","max-image-preview":"max-image-preview:large","max-video-preview":"max-video-preview:-1"},"canonical":"https:\/\/brasilnoticias.org\/site\/unidades-de-conservacao-do-brasil-ganham-destaque-em-exposicao-na-alemanha\/","og_locale":"pt_PT","og_type":"article","og_title":"Unidades de conserva\u00e7\u00e3o do Brasil ganham destaque em exposi\u00e7\u00e3o na Alemanha - Brasil not\u00edcias","og_description":"A biodiversidade brasileira est\u00e1 em evid\u00eancia na Europa por meio de uma exposi\u00e7\u00e3o realizada na Alemanha, que destaca duas importantes","og_url":"https:\/\/brasilnoticias.org\/site\/unidades-de-conservacao-do-brasil-ganham-destaque-em-exposicao-na-alemanha\/","og_site_name":"Brasil not\u00edcias","article_published_time":"2026-04-06T09:15:14+00:00","og_image":[{"width":1170,"height":700,"url":"https:\/\/brasilnoticias.org\/site\/wp-content\/uploads\/2026\/04\/whatsapp_image_2026-03-23_at_09.26.24.webp","type":"image\/webp"}],"author":"Reda\u00e7\u00e3o","twitter_card":"summary_large_image","twitter_misc":{"Escrito por":"Reda\u00e7\u00e3o","Tempo estimado de leitura":"3 minutos"},"schema":{"@context":"https:\/\/schema.org","@graph":[{"@type":"Article","@id":"https:\/\/brasilnoticias.org\/site\/unidades-de-conservacao-do-brasil-ganham-destaque-em-exposicao-na-alemanha\/#article","isPartOf":{"@id":"https:\/\/brasilnoticias.org\/site\/unidades-de-conservacao-do-brasil-ganham-destaque-em-exposicao-na-alemanha\/"},"author":{"name":"Reda\u00e7\u00e3o","@id":"https:\/\/brasilnoticias.org\/site\/#\/schema\/person\/03bbbfe6c7634ad18c26444ea39049fa"},"headline":"Unidades de conserva\u00e7\u00e3o do Brasil ganham destaque em exposi\u00e7\u00e3o na Alemanha","datePublished":"2026-04-06T09:15:14+00:00","mainEntityOfPage":{"@id":"https:\/\/brasilnoticias.org\/site\/unidades-de-conservacao-do-brasil-ganham-destaque-em-exposicao-na-alemanha\/"},"wordCount":428,"commentCount":0,"publisher":{"@id":"https:\/\/brasilnoticias.org\/site\/#organization"},"image":{"@id":"https:\/\/brasilnoticias.org\/site\/unidades-de-conservacao-do-brasil-ganham-destaque-em-exposicao-na-alemanha\/#primaryimage"},"thumbnailUrl":"https:\/\/brasilnoticias.org\/site\/wp-content\/uploads\/2026\/04\/whatsapp_image_2026-03-23_at_09.26.24.webp","articleSection":["Entretenimento","\u00daltimas"],"inLanguage":"pt-PT","potentialAction":[{"@type":"CommentAction","name":"Comment","target":["https:\/\/brasilnoticias.org\/site\/unidades-de-conservacao-do-brasil-ganham-destaque-em-exposicao-na-alemanha\/#respond"]}]},{"@type":"WebPage","@id":"https:\/\/brasilnoticias.org\/site\/unidades-de-conservacao-do-brasil-ganham-destaque-em-exposicao-na-alemanha\/","url":"https:\/\/brasilnoticias.org\/site\/unidades-de-conservacao-do-brasil-ganham-destaque-em-exposicao-na-alemanha\/","name":"Unidades de conserva\u00e7\u00e3o do Brasil ganham destaque em exposi\u00e7\u00e3o na Alemanha - Brasil not\u00edcias","isPartOf":{"@id":"https:\/\/brasilnoticias.org\/site\/#website"},"primaryImageOfPage":{"@id":"https:\/\/brasilnoticias.org\/site\/unidades-de-conservacao-do-brasil-ganham-destaque-em-exposicao-na-alemanha\/#primaryimage"},"image":{"@id":"https:\/\/brasilnoticias.org\/site\/unidades-de-conservacao-do-brasil-ganham-destaque-em-exposicao-na-alemanha\/#primaryimage"},"thumbnailUrl":"https:\/\/brasilnoticias.org\/site\/wp-content\/uploads\/2026\/04\/whatsapp_image_2026-03-23_at_09.26.24.webp","datePublished":"2026-04-06T09:15:14+00:00","breadcrumb":{"@id":"https:\/\/brasilnoticias.org\/site\/unidades-de-conservacao-do-brasil-ganham-destaque-em-exposicao-na-alemanha\/#breadcrumb"},"inLanguage":"pt-PT","potentialAction":[{"@type":"ReadAction","target":["https:\/\/brasilnoticias.org\/site\/unidades-de-conservacao-do-brasil-ganham-destaque-em-exposicao-na-alemanha\/"]}]},{"@type":"ImageObject","inLanguage":"pt-PT","@id":"https:\/\/brasilnoticias.org\/site\/unidades-de-conservacao-do-brasil-ganham-destaque-em-exposicao-na-alemanha\/#primaryimage","url":"https:\/\/brasilnoticias.org\/site\/wp-content\/uploads\/2026\/04\/whatsapp_image_2026-03-23_at_09.26.24.webp","contentUrl":"https:\/\/brasilnoticias.org\/site\/wp-content\/uploads\/2026\/04\/whatsapp_image_2026-03-23_at_09.26.24.webp","width":1170,"height":700,"caption":"Parque Nacional da Floresta Negra da Alemanha\/Divulga\u00e7\u00e3o"},{"@type":"BreadcrumbList","@id":"https:\/\/brasilnoticias.org\/site\/unidades-de-conservacao-do-brasil-ganham-destaque-em-exposicao-na-alemanha\/#breadcrumb","itemListElement":[{"@type":"ListItem","position":1,"name":"In\u00edcio","item":"https:\/\/brasilnoticias.org\/site\/"},{"@type":"ListItem","position":2,"name":"Unidades de conserva\u00e7\u00e3o do Brasil ganham destaque em exposi\u00e7\u00e3o na Alemanha"}]},{"@type":"WebSite","@id":"https:\/\/brasilnoticias.org\/site\/#website","url":"https:\/\/brasilnoticias.org\/site\/","name":"Brasil not\u00edcias","description":"Brasil not\u00edcias","publisher":{"@id":"https:\/\/brasilnoticias.org\/site\/#organization"},"potentialAction":[{"@type":"SearchAction","target":{"@type":"EntryPoint","urlTemplate":"https:\/\/brasilnoticias.org\/site\/?s={search_term_string}"},"query-input":{"@type":"PropertyValueSpecification","valueRequired":true,"valueName":"search_term_string"}}],"inLanguage":"pt-PT"},{"@type":"Organization","@id":"https:\/\/brasilnoticias.org\/site\/#organization","name":"Brasil not\u00edcias","url":"https:\/\/brasilnoticias.org\/site\/","logo":{"@type":"ImageObject","inLanguage":"pt-PT","@id":"https:\/\/brasilnoticias.org\/site\/#\/schema\/logo\/image\/","url":"https:\/\/brasilnoticias.org\/site\/wp-content\/uploads\/2022\/05\/cropped-brasilnoticias-mini.jpg","contentUrl":"https:\/\/brasilnoticias.org\/site\/wp-content\/uploads\/2022\/05\/cropped-brasilnoticias-mini.jpg","width":314,"height":86,"caption":"Brasil not\u00edcias"},"image":{"@id":"https:\/\/brasilnoticias.org\/site\/#\/schema\/logo\/image\/"}},{"@type":"Person","@id":"https:\/\/brasilnoticias.org\/site\/#\/schema\/person\/03bbbfe6c7634ad18c26444ea39049fa","name":"Reda\u00e7\u00e3o","image":{"@type":"ImageObject","inLanguage":"pt-PT","@id":"https:\/\/brasilnoticias.org\/site\/#\/schema\/person\/image\/","url":"https:\/\/secure.gravatar.com\/avatar\/9ecaf7327a696cb23ad926fedded5f1f04d7049de9e445375d55b48c001a6e42?s=96&d=mm&r=g","contentUrl":"https:\/\/secure.gravatar.com\/avatar\/9ecaf7327a696cb23ad926fedded5f1f04d7049de9e445375d55b48c001a6e42?s=96&d=mm&r=g","caption":"Reda\u00e7\u00e3o"},"url":"https:\/\/brasilnoticias.org\/site\/author\/henrique\/"}]}},"_links":{"self":[{"href":"https:\/\/brasilnoticias.org\/site\/wp-json\/wp\/v2\/posts\/21365","targetHints":{"allow":["GET"]}}],"collection":[{"href":"https:\/\/brasilnoticias.org\/site\/wp-json\/wp\/v2\/posts"}],"about":[{"href":"https:\/\/brasilnoticias.org\/site\/wp-json\/wp\/v2\/types\/post"}],"author":[{"embeddable":true,"href":"https:\/\/brasilnoticias.org\/site\/wp-json\/wp\/v2\/users\/4"}],"replies":[{"embeddable":true,"href":"https:\/\/brasilnoticias.org\/site\/wp-json\/wp\/v2\/comments?post=21365"}],"version-history":[{"count":1,"href":"https:\/\/brasilnoticias.org\/site\/wp-json\/wp\/v2\/posts\/21365\/revisions"}],"predecessor-version":[{"id":21367,"href":"https:\/\/brasilnoticias.org\/site\/wp-json\/wp\/v2\/posts\/21365\/revisions\/21367"}],"wp:featuredmedia":[{"embeddable":true,"href":"https:\/\/brasilnoticias.org\/site\/wp-json\/wp\/v2\/media\/21366"}],"wp:attachment":[{"href":"https:\/\/brasilnoticias.org\/site\/wp-json\/wp\/v2\/media?parent=21365"}],"wp:term":[{"taxonomy":"category","embeddable":true,"href":"https:\/\/brasilnoticias.org\/site\/wp-json\/wp\/v2\/categories?post=21365"},{"taxonomy":"post_tag","embeddable":true,"href":"https:\/\/brasilnoticias.org\/site\/wp-json\/wp\/v2\/tags?post=21365"}],"curies":[{"name":"wp","href":"https:\/\/api.w.org\/{rel}","templated":true}]}}