{"id":21428,"date":"2026-04-08T07:50:27","date_gmt":"2026-04-08T10:50:27","guid":{"rendered":"https:\/\/brasilnoticias.org\/site\/?p=21428"},"modified":"2026-04-08T07:50:27","modified_gmt":"2026-04-08T10:50:27","slug":"dossie-aponta-que-projetos-de-lei-sobre-ia-priorizam-controle-e-vigilancia-no-brasil","status":"publish","type":"post","link":"https:\/\/brasilnoticias.org\/site\/dossie-aponta-que-projetos-de-lei-sobre-ia-priorizam-controle-e-vigilancia-no-brasil\/","title":{"rendered":"Dossi\u00ea aponta que projetos de lei sobre IA priorizam controle e vigil\u00e2ncia no Brasil"},"content":{"rendered":"<p data-start=\"205\" data-end=\"437\">Um dossi\u00ea divulgado por organiza\u00e7\u00f5es da sociedade civil revelou que a maior parte das propostas legislativas sobre intelig\u00eancia artificial (IA) no Brasil tem foco em controle e vigil\u00e2ncia, especialmente na \u00e1rea de seguran\u00e7a p\u00fablica.<\/p>\n<p data-start=\"439\" data-end=\"735\">O levantamento foi elaborado pela <strong data-start=\"473\" data-end=\"530\">Iniciativa Direito \u00e0 Mem\u00f3ria e Justi\u00e7a Racial (IDMJR)<\/strong> e analisou projetos apresentados entre 2023 e 2025 em assembleias legislativas de cinco estados: Rio de Janeiro, S\u00e3o Paulo, Esp\u00edrito Santo, Paran\u00e1 e Santa Catarina.<\/p>\n<h3 data-section-id=\"1p9nrwm\" data-start=\"737\" data-end=\"775\">Seguran\u00e7a p\u00fablica lidera propostas<\/h3>\n<p data-start=\"777\" data-end=\"1041\">De acordo com o estudo, foram identificadas 183 proposi\u00e7\u00f5es legislativas envolvendo IA, sendo que <strong data-start=\"875\" data-end=\"927\">48% delas est\u00e3o relacionadas \u00e0 seguran\u00e7a p\u00fablica<\/strong>. J\u00e1 a \u00e1rea de educa\u00e7\u00e3o aparece em segundo lugar, com 22% das iniciativas.<\/p>\n<p data-start=\"1043\" data-end=\"1244\">Outros temas como sa\u00fade, meio ambiente, trabalho e prote\u00e7\u00e3o ao consumidor tiveram participa\u00e7\u00e3o bem menor, n\u00e3o ultrapassando 10% do total de propostas analisadas.<\/p>\n<h3 data-section-id=\"ddyn37\" data-start=\"1246\" data-end=\"1286\">Uso de tecnologia para monitoramento<\/h3>\n<p data-start=\"1288\" data-end=\"1363\">O relat\u00f3rio aponta que muitos projetos tratam do uso de tecnologias como:<\/p>\n<ul data-start=\"1364\" data-end=\"1481\">\n<li data-section-id=\"nl996v\" data-start=\"1364\" data-end=\"1389\">Reconhecimento facial<\/li>\n<li data-section-id=\"1tc5r98\" data-start=\"1390\" data-end=\"1419\">Monitoramento por c\u00e2meras<\/li>\n<li data-section-id=\"1luj7a9\" data-start=\"1420\" data-end=\"1437\">Uso de drones<\/li>\n<li data-section-id=\"o8dcu1\" data-start=\"1438\" data-end=\"1481\">Cria\u00e7\u00e3o de centros de vigil\u00e2ncia urbana<\/li>\n<\/ul>\n<p data-start=\"1483\" data-end=\"1637\">Essas ferramentas s\u00e3o propostas principalmente para refor\u00e7ar a\u00e7\u00f5es de policiamento e controle em espa\u00e7os p\u00fablicos.<\/p>\n<h3 data-section-id=\"1yv2d5a\" data-start=\"1639\" data-end=\"1675\">Alerta para riscos \u00e0 privacidade<\/h3>\n<p data-start=\"1677\" data-end=\"1804\">Os autores do dossi\u00ea alertam que o avan\u00e7o dessas propostas pode representar riscos a direitos fundamentais, como a privacidade.<\/p>\n<p data-start=\"1806\" data-end=\"2083\">Segundo o documento, o uso intensivo de tecnologias de vigil\u00e2ncia pode entrar em conflito com garantias previstas na Constitui\u00e7\u00e3o e na Lei Geral de Prote\u00e7\u00e3o de Dados (LGPD), especialmente no que diz respeito \u00e0 prote\u00e7\u00e3o de dados pessoais.<\/p>\n<h3 data-section-id=\"r32b63\" data-start=\"2085\" data-end=\"2122\">Influ\u00eancia pol\u00edtica nas propostas<\/h3>\n<p data-start=\"2124\" data-end=\"2311\">O levantamento tamb\u00e9m destaca que partidos como PSDB, Uni\u00e3o Brasil e PSD concentram grande parte das iniciativas sobre intelig\u00eancia artificial, principalmente ligadas \u00e0 seguran\u00e7a p\u00fablica.<\/p>\n<p data-start=\"2313\" data-end=\"2539\">De acordo com o estudo, esses grupos t\u00eam forte atua\u00e7\u00e3o em comiss\u00f5es legislativas da \u00e1rea, o que influencia a prioriza\u00e7\u00e3o de projetos voltados ao policiamento e monitoramento tecnol\u00f3gico.<\/p>\n<h3 data-section-id=\"1bi4733\" data-start=\"2541\" data-end=\"2580\">Debate sobre o futuro da IA no pa\u00eds<\/h3>\n<p data-start=\"2582\" data-end=\"2768\">Especialistas avaliam que o Brasil ainda est\u00e1 em fase inicial de regulamenta\u00e7\u00e3o da intelig\u00eancia artificial, com diferentes propostas em discuss\u00e3o tanto no \u00e2mbito estadual quanto federal.<\/p>\n<p data-start=\"2770\" data-end=\"2923\">O desafio, segundo analistas, \u00e9 equilibrar o uso da tecnologia para seguran\u00e7a e inova\u00e7\u00e3o com a prote\u00e7\u00e3o de direitos individuais e garantias democr\u00e1ticas.<\/p>\n<p data-start=\"2770\" data-end=\"2923\">\n<p data-start=\"2770\" data-end=\"2923\">Fonte: Ag\u00eancia Brasil<\/p>\n","protected":false},"excerpt":{"rendered":"<p>Um dossi\u00ea divulgado por organiza\u00e7\u00f5es da sociedade civil revelou que a maior parte das propostas legislativas sobre intelig\u00eancia artificial (IA)<\/p>\n","protected":false},"author":4,"featured_media":21429,"comment_status":"open","ping_status":"open","sticky":false,"template":"","format":"standard","meta":{"colormag_page_container_layout":"default_layout","colormag_page_sidebar_layout":"default_layout","_FSMCFIC_featured_image_caption":"","_FSMCFIC_featured_image_nocaption":"","_FSMCFIC_featured_image_hide":"","footnotes":""},"categories":[5,1],"tags":[],"class_list":["post-21428","post","type-post","status-publish","format-standard","has-post-thumbnail","hentry","category-politica","category-ultimas"],"yoast_head":"<!-- This site is optimized with the Yoast SEO plugin v27.1.1 - https:\/\/yoast.com\/product\/yoast-seo-wordpress\/ -->\n<title>Dossi\u00ea aponta que projetos de lei sobre IA priorizam controle e vigil\u00e2ncia no Brasil - Brasil not\u00edcias<\/title>\n<meta name=\"robots\" content=\"index, follow, max-snippet:-1, max-image-preview:large, max-video-preview:-1\" \/>\n<link rel=\"canonical\" href=\"https:\/\/brasilnoticias.org\/site\/dossie-aponta-que-projetos-de-lei-sobre-ia-priorizam-controle-e-vigilancia-no-brasil\/\" \/>\n<meta property=\"og:locale\" content=\"pt_PT\" \/>\n<meta property=\"og:type\" content=\"article\" \/>\n<meta property=\"og:title\" content=\"Dossi\u00ea aponta que projetos de lei sobre IA priorizam controle e vigil\u00e2ncia no Brasil - Brasil not\u00edcias\" \/>\n<meta property=\"og:description\" content=\"Um dossi\u00ea divulgado por organiza\u00e7\u00f5es da sociedade civil revelou que a maior parte das propostas legislativas sobre intelig\u00eancia artificial (IA)\" \/>\n<meta property=\"og:url\" content=\"https:\/\/brasilnoticias.org\/site\/dossie-aponta-que-projetos-de-lei-sobre-ia-priorizam-controle-e-vigilancia-no-brasil\/\" \/>\n<meta property=\"og:site_name\" content=\"Brasil not\u00edcias\" \/>\n<meta property=\"article:published_time\" content=\"2026-04-08T10:50:27+00:00\" \/>\n<meta property=\"og:image\" content=\"https:\/\/brasilnoticias.org\/site\/wp-content\/uploads\/2026\/04\/mg_8156.webp\" \/>\n\t<meta property=\"og:image:width\" content=\"1170\" \/>\n\t<meta property=\"og:image:height\" content=\"700\" \/>\n\t<meta property=\"og:image:type\" content=\"image\/webp\" \/>\n<meta name=\"author\" content=\"Reda\u00e7\u00e3o\" \/>\n<meta name=\"twitter:card\" content=\"summary_large_image\" \/>\n<meta name=\"twitter:label1\" content=\"Escrito por\" \/>\n\t<meta name=\"twitter:data1\" content=\"Reda\u00e7\u00e3o\" \/>\n\t<meta name=\"twitter:label2\" content=\"Tempo estimado de leitura\" \/>\n\t<meta name=\"twitter:data2\" content=\"3 minutos\" \/>\n<script type=\"application\/ld+json\" class=\"yoast-schema-graph\">{\"@context\":\"https:\/\/schema.org\",\"@graph\":[{\"@type\":\"Article\",\"@id\":\"https:\/\/brasilnoticias.org\/site\/dossie-aponta-que-projetos-de-lei-sobre-ia-priorizam-controle-e-vigilancia-no-brasil\/#article\",\"isPartOf\":{\"@id\":\"https:\/\/brasilnoticias.org\/site\/dossie-aponta-que-projetos-de-lei-sobre-ia-priorizam-controle-e-vigilancia-no-brasil\/\"},\"author\":{\"name\":\"Reda\u00e7\u00e3o\",\"@id\":\"https:\/\/brasilnoticias.org\/site\/#\/schema\/person\/03bbbfe6c7634ad18c26444ea39049fa\"},\"headline\":\"Dossi\u00ea aponta que projetos de lei sobre IA priorizam controle e vigil\u00e2ncia no Brasil\",\"datePublished\":\"2026-04-08T10:50:27+00:00\",\"mainEntityOfPage\":{\"@id\":\"https:\/\/brasilnoticias.org\/site\/dossie-aponta-que-projetos-de-lei-sobre-ia-priorizam-controle-e-vigilancia-no-brasil\/\"},\"wordCount\":416,\"commentCount\":0,\"publisher\":{\"@id\":\"https:\/\/brasilnoticias.org\/site\/#organization\"},\"image\":{\"@id\":\"https:\/\/brasilnoticias.org\/site\/dossie-aponta-que-projetos-de-lei-sobre-ia-priorizam-controle-e-vigilancia-no-brasil\/#primaryimage\"},\"thumbnailUrl\":\"https:\/\/brasilnoticias.org\/site\/wp-content\/uploads\/2026\/04\/mg_8156.webp\",\"articleSection\":[\"Pol\u00edtica\",\"\u00daltimas\"],\"inLanguage\":\"pt-PT\",\"potentialAction\":[{\"@type\":\"CommentAction\",\"name\":\"Comment\",\"target\":[\"https:\/\/brasilnoticias.org\/site\/dossie-aponta-que-projetos-de-lei-sobre-ia-priorizam-controle-e-vigilancia-no-brasil\/#respond\"]}]},{\"@type\":\"WebPage\",\"@id\":\"https:\/\/brasilnoticias.org\/site\/dossie-aponta-que-projetos-de-lei-sobre-ia-priorizam-controle-e-vigilancia-no-brasil\/\",\"url\":\"https:\/\/brasilnoticias.org\/site\/dossie-aponta-que-projetos-de-lei-sobre-ia-priorizam-controle-e-vigilancia-no-brasil\/\",\"name\":\"Dossi\u00ea aponta que projetos de lei sobre IA priorizam controle e vigil\u00e2ncia no Brasil - Brasil not\u00edcias\",\"isPartOf\":{\"@id\":\"https:\/\/brasilnoticias.org\/site\/#website\"},\"primaryImageOfPage\":{\"@id\":\"https:\/\/brasilnoticias.org\/site\/dossie-aponta-que-projetos-de-lei-sobre-ia-priorizam-controle-e-vigilancia-no-brasil\/#primaryimage\"},\"image\":{\"@id\":\"https:\/\/brasilnoticias.org\/site\/dossie-aponta-que-projetos-de-lei-sobre-ia-priorizam-controle-e-vigilancia-no-brasil\/#primaryimage\"},\"thumbnailUrl\":\"https:\/\/brasilnoticias.org\/site\/wp-content\/uploads\/2026\/04\/mg_8156.webp\",\"datePublished\":\"2026-04-08T10:50:27+00:00\",\"breadcrumb\":{\"@id\":\"https:\/\/brasilnoticias.org\/site\/dossie-aponta-que-projetos-de-lei-sobre-ia-priorizam-controle-e-vigilancia-no-brasil\/#breadcrumb\"},\"inLanguage\":\"pt-PT\",\"potentialAction\":[{\"@type\":\"ReadAction\",\"target\":[\"https:\/\/brasilnoticias.org\/site\/dossie-aponta-que-projetos-de-lei-sobre-ia-priorizam-controle-e-vigilancia-no-brasil\/\"]}]},{\"@type\":\"ImageObject\",\"inLanguage\":\"pt-PT\",\"@id\":\"https:\/\/brasilnoticias.org\/site\/dossie-aponta-que-projetos-de-lei-sobre-ia-priorizam-controle-e-vigilancia-no-brasil\/#primaryimage\",\"url\":\"https:\/\/brasilnoticias.org\/site\/wp-content\/uploads\/2026\/04\/mg_8156.webp\",\"contentUrl\":\"https:\/\/brasilnoticias.org\/site\/wp-content\/uploads\/2026\/04\/mg_8156.webp\",\"width\":1170,\"height\":700,\"caption\":\"Fernando Fraz\u00e3o\/Ag\u00eancia Brasil\"},{\"@type\":\"BreadcrumbList\",\"@id\":\"https:\/\/brasilnoticias.org\/site\/dossie-aponta-que-projetos-de-lei-sobre-ia-priorizam-controle-e-vigilancia-no-brasil\/#breadcrumb\",\"itemListElement\":[{\"@type\":\"ListItem\",\"position\":1,\"name\":\"In\u00edcio\",\"item\":\"https:\/\/brasilnoticias.org\/site\/\"},{\"@type\":\"ListItem\",\"position\":2,\"name\":\"Dossi\u00ea aponta que projetos de lei sobre IA priorizam controle e vigil\u00e2ncia no Brasil\"}]},{\"@type\":\"WebSite\",\"@id\":\"https:\/\/brasilnoticias.org\/site\/#website\",\"url\":\"https:\/\/brasilnoticias.org\/site\/\",\"name\":\"Brasil not\u00edcias\",\"description\":\"Brasil not\u00edcias\",\"publisher\":{\"@id\":\"https:\/\/brasilnoticias.org\/site\/#organization\"},\"potentialAction\":[{\"@type\":\"SearchAction\",\"target\":{\"@type\":\"EntryPoint\",\"urlTemplate\":\"https:\/\/brasilnoticias.org\/site\/?s={search_term_string}\"},\"query-input\":{\"@type\":\"PropertyValueSpecification\",\"valueRequired\":true,\"valueName\":\"search_term_string\"}}],\"inLanguage\":\"pt-PT\"},{\"@type\":\"Organization\",\"@id\":\"https:\/\/brasilnoticias.org\/site\/#organization\",\"name\":\"Brasil not\u00edcias\",\"url\":\"https:\/\/brasilnoticias.org\/site\/\",\"logo\":{\"@type\":\"ImageObject\",\"inLanguage\":\"pt-PT\",\"@id\":\"https:\/\/brasilnoticias.org\/site\/#\/schema\/logo\/image\/\",\"url\":\"https:\/\/brasilnoticias.org\/site\/wp-content\/uploads\/2022\/05\/cropped-brasilnoticias-mini.jpg\",\"contentUrl\":\"https:\/\/brasilnoticias.org\/site\/wp-content\/uploads\/2022\/05\/cropped-brasilnoticias-mini.jpg\",\"width\":314,\"height\":86,\"caption\":\"Brasil not\u00edcias\"},\"image\":{\"@id\":\"https:\/\/brasilnoticias.org\/site\/#\/schema\/logo\/image\/\"}},{\"@type\":\"Person\",\"@id\":\"https:\/\/brasilnoticias.org\/site\/#\/schema\/person\/03bbbfe6c7634ad18c26444ea39049fa\",\"name\":\"Reda\u00e7\u00e3o\",\"image\":{\"@type\":\"ImageObject\",\"inLanguage\":\"pt-PT\",\"@id\":\"https:\/\/brasilnoticias.org\/site\/#\/schema\/person\/image\/\",\"url\":\"https:\/\/secure.gravatar.com\/avatar\/9ecaf7327a696cb23ad926fedded5f1f04d7049de9e445375d55b48c001a6e42?s=96&d=mm&r=g\",\"contentUrl\":\"https:\/\/secure.gravatar.com\/avatar\/9ecaf7327a696cb23ad926fedded5f1f04d7049de9e445375d55b48c001a6e42?s=96&d=mm&r=g\",\"caption\":\"Reda\u00e7\u00e3o\"},\"url\":\"https:\/\/brasilnoticias.org\/site\/author\/henrique\/\"}]}<\/script>\n<!-- \/ Yoast SEO plugin. -->","yoast_head_json":{"title":"Dossi\u00ea aponta que projetos de lei sobre IA priorizam controle e vigil\u00e2ncia no Brasil - Brasil not\u00edcias","robots":{"index":"index","follow":"follow","max-snippet":"max-snippet:-1","max-image-preview":"max-image-preview:large","max-video-preview":"max-video-preview:-1"},"canonical":"https:\/\/brasilnoticias.org\/site\/dossie-aponta-que-projetos-de-lei-sobre-ia-priorizam-controle-e-vigilancia-no-brasil\/","og_locale":"pt_PT","og_type":"article","og_title":"Dossi\u00ea aponta que projetos de lei sobre IA priorizam controle e vigil\u00e2ncia no Brasil - Brasil not\u00edcias","og_description":"Um dossi\u00ea divulgado por organiza\u00e7\u00f5es da sociedade civil revelou que a maior parte das propostas legislativas sobre intelig\u00eancia artificial (IA)","og_url":"https:\/\/brasilnoticias.org\/site\/dossie-aponta-que-projetos-de-lei-sobre-ia-priorizam-controle-e-vigilancia-no-brasil\/","og_site_name":"Brasil not\u00edcias","article_published_time":"2026-04-08T10:50:27+00:00","og_image":[{"width":1170,"height":700,"url":"https:\/\/brasilnoticias.org\/site\/wp-content\/uploads\/2026\/04\/mg_8156.webp","type":"image\/webp"}],"author":"Reda\u00e7\u00e3o","twitter_card":"summary_large_image","twitter_misc":{"Escrito por":"Reda\u00e7\u00e3o","Tempo estimado de leitura":"3 minutos"},"schema":{"@context":"https:\/\/schema.org","@graph":[{"@type":"Article","@id":"https:\/\/brasilnoticias.org\/site\/dossie-aponta-que-projetos-de-lei-sobre-ia-priorizam-controle-e-vigilancia-no-brasil\/#article","isPartOf":{"@id":"https:\/\/brasilnoticias.org\/site\/dossie-aponta-que-projetos-de-lei-sobre-ia-priorizam-controle-e-vigilancia-no-brasil\/"},"author":{"name":"Reda\u00e7\u00e3o","@id":"https:\/\/brasilnoticias.org\/site\/#\/schema\/person\/03bbbfe6c7634ad18c26444ea39049fa"},"headline":"Dossi\u00ea aponta que projetos de lei sobre IA priorizam controle e vigil\u00e2ncia no Brasil","datePublished":"2026-04-08T10:50:27+00:00","mainEntityOfPage":{"@id":"https:\/\/brasilnoticias.org\/site\/dossie-aponta-que-projetos-de-lei-sobre-ia-priorizam-controle-e-vigilancia-no-brasil\/"},"wordCount":416,"commentCount":0,"publisher":{"@id":"https:\/\/brasilnoticias.org\/site\/#organization"},"image":{"@id":"https:\/\/brasilnoticias.org\/site\/dossie-aponta-que-projetos-de-lei-sobre-ia-priorizam-controle-e-vigilancia-no-brasil\/#primaryimage"},"thumbnailUrl":"https:\/\/brasilnoticias.org\/site\/wp-content\/uploads\/2026\/04\/mg_8156.webp","articleSection":["Pol\u00edtica","\u00daltimas"],"inLanguage":"pt-PT","potentialAction":[{"@type":"CommentAction","name":"Comment","target":["https:\/\/brasilnoticias.org\/site\/dossie-aponta-que-projetos-de-lei-sobre-ia-priorizam-controle-e-vigilancia-no-brasil\/#respond"]}]},{"@type":"WebPage","@id":"https:\/\/brasilnoticias.org\/site\/dossie-aponta-que-projetos-de-lei-sobre-ia-priorizam-controle-e-vigilancia-no-brasil\/","url":"https:\/\/brasilnoticias.org\/site\/dossie-aponta-que-projetos-de-lei-sobre-ia-priorizam-controle-e-vigilancia-no-brasil\/","name":"Dossi\u00ea aponta que projetos de lei sobre IA priorizam controle e vigil\u00e2ncia no Brasil - Brasil not\u00edcias","isPartOf":{"@id":"https:\/\/brasilnoticias.org\/site\/#website"},"primaryImageOfPage":{"@id":"https:\/\/brasilnoticias.org\/site\/dossie-aponta-que-projetos-de-lei-sobre-ia-priorizam-controle-e-vigilancia-no-brasil\/#primaryimage"},"image":{"@id":"https:\/\/brasilnoticias.org\/site\/dossie-aponta-que-projetos-de-lei-sobre-ia-priorizam-controle-e-vigilancia-no-brasil\/#primaryimage"},"thumbnailUrl":"https:\/\/brasilnoticias.org\/site\/wp-content\/uploads\/2026\/04\/mg_8156.webp","datePublished":"2026-04-08T10:50:27+00:00","breadcrumb":{"@id":"https:\/\/brasilnoticias.org\/site\/dossie-aponta-que-projetos-de-lei-sobre-ia-priorizam-controle-e-vigilancia-no-brasil\/#breadcrumb"},"inLanguage":"pt-PT","potentialAction":[{"@type":"ReadAction","target":["https:\/\/brasilnoticias.org\/site\/dossie-aponta-que-projetos-de-lei-sobre-ia-priorizam-controle-e-vigilancia-no-brasil\/"]}]},{"@type":"ImageObject","inLanguage":"pt-PT","@id":"https:\/\/brasilnoticias.org\/site\/dossie-aponta-que-projetos-de-lei-sobre-ia-priorizam-controle-e-vigilancia-no-brasil\/#primaryimage","url":"https:\/\/brasilnoticias.org\/site\/wp-content\/uploads\/2026\/04\/mg_8156.webp","contentUrl":"https:\/\/brasilnoticias.org\/site\/wp-content\/uploads\/2026\/04\/mg_8156.webp","width":1170,"height":700,"caption":"Fernando Fraz\u00e3o\/Ag\u00eancia Brasil"},{"@type":"BreadcrumbList","@id":"https:\/\/brasilnoticias.org\/site\/dossie-aponta-que-projetos-de-lei-sobre-ia-priorizam-controle-e-vigilancia-no-brasil\/#breadcrumb","itemListElement":[{"@type":"ListItem","position":1,"name":"In\u00edcio","item":"https:\/\/brasilnoticias.org\/site\/"},{"@type":"ListItem","position":2,"name":"Dossi\u00ea aponta que projetos de lei sobre IA priorizam controle e vigil\u00e2ncia no Brasil"}]},{"@type":"WebSite","@id":"https:\/\/brasilnoticias.org\/site\/#website","url":"https:\/\/brasilnoticias.org\/site\/","name":"Brasil not\u00edcias","description":"Brasil not\u00edcias","publisher":{"@id":"https:\/\/brasilnoticias.org\/site\/#organization"},"potentialAction":[{"@type":"SearchAction","target":{"@type":"EntryPoint","urlTemplate":"https:\/\/brasilnoticias.org\/site\/?s={search_term_string}"},"query-input":{"@type":"PropertyValueSpecification","valueRequired":true,"valueName":"search_term_string"}}],"inLanguage":"pt-PT"},{"@type":"Organization","@id":"https:\/\/brasilnoticias.org\/site\/#organization","name":"Brasil not\u00edcias","url":"https:\/\/brasilnoticias.org\/site\/","logo":{"@type":"ImageObject","inLanguage":"pt-PT","@id":"https:\/\/brasilnoticias.org\/site\/#\/schema\/logo\/image\/","url":"https:\/\/brasilnoticias.org\/site\/wp-content\/uploads\/2022\/05\/cropped-brasilnoticias-mini.jpg","contentUrl":"https:\/\/brasilnoticias.org\/site\/wp-content\/uploads\/2022\/05\/cropped-brasilnoticias-mini.jpg","width":314,"height":86,"caption":"Brasil not\u00edcias"},"image":{"@id":"https:\/\/brasilnoticias.org\/site\/#\/schema\/logo\/image\/"}},{"@type":"Person","@id":"https:\/\/brasilnoticias.org\/site\/#\/schema\/person\/03bbbfe6c7634ad18c26444ea39049fa","name":"Reda\u00e7\u00e3o","image":{"@type":"ImageObject","inLanguage":"pt-PT","@id":"https:\/\/brasilnoticias.org\/site\/#\/schema\/person\/image\/","url":"https:\/\/secure.gravatar.com\/avatar\/9ecaf7327a696cb23ad926fedded5f1f04d7049de9e445375d55b48c001a6e42?s=96&d=mm&r=g","contentUrl":"https:\/\/secure.gravatar.com\/avatar\/9ecaf7327a696cb23ad926fedded5f1f04d7049de9e445375d55b48c001a6e42?s=96&d=mm&r=g","caption":"Reda\u00e7\u00e3o"},"url":"https:\/\/brasilnoticias.org\/site\/author\/henrique\/"}]}},"_links":{"self":[{"href":"https:\/\/brasilnoticias.org\/site\/wp-json\/wp\/v2\/posts\/21428","targetHints":{"allow":["GET"]}}],"collection":[{"href":"https:\/\/brasilnoticias.org\/site\/wp-json\/wp\/v2\/posts"}],"about":[{"href":"https:\/\/brasilnoticias.org\/site\/wp-json\/wp\/v2\/types\/post"}],"author":[{"embeddable":true,"href":"https:\/\/brasilnoticias.org\/site\/wp-json\/wp\/v2\/users\/4"}],"replies":[{"embeddable":true,"href":"https:\/\/brasilnoticias.org\/site\/wp-json\/wp\/v2\/comments?post=21428"}],"version-history":[{"count":1,"href":"https:\/\/brasilnoticias.org\/site\/wp-json\/wp\/v2\/posts\/21428\/revisions"}],"predecessor-version":[{"id":21430,"href":"https:\/\/brasilnoticias.org\/site\/wp-json\/wp\/v2\/posts\/21428\/revisions\/21430"}],"wp:featuredmedia":[{"embeddable":true,"href":"https:\/\/brasilnoticias.org\/site\/wp-json\/wp\/v2\/media\/21429"}],"wp:attachment":[{"href":"https:\/\/brasilnoticias.org\/site\/wp-json\/wp\/v2\/media?parent=21428"}],"wp:term":[{"taxonomy":"category","embeddable":true,"href":"https:\/\/brasilnoticias.org\/site\/wp-json\/wp\/v2\/categories?post=21428"},{"taxonomy":"post_tag","embeddable":true,"href":"https:\/\/brasilnoticias.org\/site\/wp-json\/wp\/v2\/tags?post=21428"}],"curies":[{"name":"wp","href":"https:\/\/api.w.org\/{rel}","templated":true}]}}