{"id":21431,"date":"2026-04-08T07:54:47","date_gmt":"2026-04-08T10:54:47","guid":{"rendered":"https:\/\/brasilnoticias.org\/site\/?p=21431"},"modified":"2026-04-08T07:54:47","modified_gmt":"2026-04-08T10:54:47","slug":"saiba-o-porque-de-aleluia-desistir-de-pre-candidatura-e-declarar-apoio-a-acm-neto-ao-governo","status":"publish","type":"post","link":"https:\/\/brasilnoticias.org\/site\/saiba-o-porque-de-aleluia-desistir-de-pre-candidatura-e-declarar-apoio-a-acm-neto-ao-governo\/","title":{"rendered":"Saiba o porqu\u00ea de Aleluia desistir de pr\u00e9-candidatura e declarar apoio a ACM Neto ao governo"},"content":{"rendered":"<h2 class=\"self-stretch font-sans text-headline-6 font-normal tracking-tight text-neutral-50\">Acordo entre Uni\u00e3o Brasil e Novo envolve muito mais do que a chamada \u201cuni\u00e3o das oposi\u00e7\u00f5es\u201d contra os 20 anos de governo do PT<\/h2>\n<p>&nbsp;<\/p>\n<p>A\u00a0<a href=\"https:\/\/www.blogdovila.com.br\/noticia\/aleluia-desiste\" target=\"_blank\" rel=\"noopener\"><strong>desist\u00eancia<\/strong><\/a>\u00a0da pr\u00e9-candidatura de\u00a0<strong>Jos\u00e9 Carlos Aleluia<\/strong>\u00a0(Novo) ao Governo da Bahia e o an\u00fancio de apoio a\u00a0<strong>ACM Neto<\/strong>\u00a0(Uni\u00e3o Brasil), oficializados nesta ter\u00e7a-feira (7), no Mercure Hotel, no Rio Vermelho, envolveram muito mais do que um gesto pol\u00edtico simb\u00f3lico.<\/p>\n<p>Nos bastidores, o\u00a0<a href=\"https:\/\/www.blogdovila.com.br\/\" target=\"_blank\" rel=\"noopener\"><strong>Blog do Vila<\/strong>\u00a0<\/a>apurou que o acordo entre Novo e Uni\u00e3o Brasil prev\u00ea uma prioridade clara: fortalecer a chapa de deputados federais da legenda, sob lideran\u00e7a do vereador\u00a0<strong>Alexandre Aleluia<\/strong>, com apoio direto do prefeito\u00a0<strong>Bruno Reis<\/strong>\u00a0(Uni\u00e3o Brasil).<\/p>\n<p>Pela primeira vez na hist\u00f3ria,\u00a0<strong>o Novo pretende lan\u00e7ar uma nominata completa para a C\u00e2mara dos Deputados na Bahia, com 40 nomes<\/strong>. Diferentemente do que era especulado,\u00a0<strong>o partido n\u00e3o ter\u00e1 candidatos a deputado estadual<\/strong>.<\/p>\n<p>A prioridade ser\u00e1 exclusivamente federal e, dentro do entendimento firmado, o objetivo \u00e9 garantir a elei\u00e7\u00e3o de pelo menos um parlamentar.\u00a0<strong>O favorito \u00e9 justamente Alexandre Aleluia<\/strong>.<\/p>\n<p><strong>N\u00e3o faz parte do acordo, por exemplo, a indica\u00e7\u00e3o de Jos\u00e9 Carlos Aleluia para supl\u00eancia de Senado<\/strong>, seja na chapa de\u00a0<strong>Angelo Coronel<\/strong>\u00a0(Republicanos) ou na de\u00a0<strong>Jo\u00e3o Roma<\/strong>\u00a0(PL).<\/p>\n<p>Nos bastidores, aliados admitem que, caso Alexandre Aleluia tenha a candidatura homologada nas conven\u00e7\u00f5es partid\u00e1rias, entre 20 de julho e 5 de agosto, isso ser\u00e1 interpretado como sinal de que ele est\u00e1\u00a0<strong><a href=\"https:\/\/www.blogdovila.com.br\/noticia\/aleluia-muniz\" target=\"_blank\" rel=\"noopener\">fora da disputa pela sucess\u00e3o de Carlos Muniz<\/a><\/strong>\u00a0(PSDB) na presid\u00eancia da C\u00e2mara de Salvador.<\/p>\n<p>Uma fonte de alta patente do Pal\u00e1cio Thom\u00e9 de Souza disse ao blog que as\u00a0<strong>conversas sobre a Mesa Diretora n\u00e3o fazem parte das negocia\u00e7\u00f5es atuais e que o tema s\u00f3 dever\u00e1 ser tratado \u201cmais adiante\u201d<\/strong>, ap\u00f3s as elei\u00e7\u00f5es de outubro.<\/p>\n<h2><strong>Aus\u00eancias chamam aten\u00e7\u00e3o<\/p>\n<p><\/strong><\/h2>\n<p>Apesar do discurso de unidade, algumas aus\u00eancias importantes chamaram aten\u00e7\u00e3o no evento.<\/p>\n<p>Assim como no\u00a0<a href=\"https:\/\/www.blogdovila.com.br\/noticia\/neto-erro\" target=\"_blank\" rel=\"noopener\"><strong>lan\u00e7amento da chapa em Feira de Santana<\/strong><\/a>, novamente nenhum parlamentar da c\u00fapula do PL compareceu. Em seu discurso,\u00a0<strong>ACM Neto<\/strong>\u00a0justificou a aus\u00eancia de\u00a0<strong>Jo\u00e3o Roma<\/strong>, sob alega\u00e7\u00e3o de que o ex-ministro tinha agenda em Bras\u00edlia no mesmo dia.<\/p>\n<p>\u201cO vereador\u00a0<strong>Alexandre Aleluia<\/strong>, que era filiado ao PL, se definiu em comum acordo, Jo\u00e3o Roma deu a carta dele de libera\u00e7\u00e3o, ele foi para o partido Novo, e isso fez parte dessa composi\u00e7\u00e3o\u201d, afirmou Neto.<\/p>\n<p>O \u00fanico integrante do PL presente foi o ex-vereador de Salvador\u00a0<strong>Isnard Ara\u00fajo<\/strong>, que ser\u00e1 pr\u00e9-candidato a deputado federal.<\/p>\n<p>No Republicanos, tamb\u00e9m houve baixas importantes. O presidente estadual da sigla,\u00a0<strong>M\u00e1rcio Marinho<\/strong>, e o deputado federal\u00a0<strong>Leo Prates<\/strong>\u00a0n\u00e3o compareceram. Ainda assim, o partido foi representado pelo vereador\u00a0<strong>Luiz Carlos<\/strong>, pelo senador\u00a0<strong>Angelo Coronel<\/strong>, pelo deputado estadual\u00a0<strong>Angelo Coronel Filho<\/strong>\u00a0e pela vereadora\u00a0<strong>Roberta Caires<\/strong>, que recentemente ingressou na legenda.<\/p>\n<p>Tamb\u00e9m ficaram fora do evento os deputados federais\u00a0<strong>Paulo Azi, Leur Lomanto J\u00fanior, Arthur Maia e Adolfo Viana<\/strong>, todos com compromissos no Congresso.<\/p>\n<p>J\u00e1 o presidente da C\u00e2mara de Salvador,\u00a0<strong>Carlos Muniz<\/strong>, evitou novamente uma apari\u00e7\u00e3o p\u00fablica, mesmo ap\u00f3s o\u00a0<a href=\"https:\/\/www.blogdovila.com.br\/noticia\/munizfilho-psdb\" target=\"_blank\" rel=\"noopener\"><strong>PSDB ter resolvido o impasse<\/strong><\/a>\u00a0referente \u00e0 candidatura do filho.<\/p>\n<h2><strong>ACM Neto diz que oposi\u00e7\u00e3o est\u00e1 unificada<\/p>\n<p><\/strong><\/h2>\n<p>Durante a coletiva, Neto afirmou que a ades\u00e3o de Aleluia consolida a unidade das oposi\u00e7\u00f5es.<\/p>\n<p>\u201cDiferentemente da vez passada, que a gente se dividiu com mais de uma candidatura e aquilo influenciou na nossa derrota, agora a gente n\u00e3o s\u00f3 constr\u00f3i uma chapa muito forte, como consegue obter o apoio de todas as lideran\u00e7as pol\u00edticas\u201d, disse.<\/p>\n<p>O pr\u00e9-candidato ao Pal\u00e1cio de Ondina tamb\u00e9m minimizou as aus\u00eancias do PL e refor\u00e7ou que acredita na mobiliza\u00e7\u00e3o total da alian\u00e7a.<\/p>\n<p>\u201cVamos seguir juntos e com toda a for\u00e7a para vencer as elei\u00e7\u00f5es, tendo o apoio de todos os principais membros dos partidos que integram a nossa coliga\u00e7\u00e3o.\u201d<\/p>\n<p>O ex-prefeito tamb\u00e9m confirmou a<a href=\"https:\/\/www.blogdovila.com.br\/noticia\/janela-final\" target=\"_blank\" rel=\"noopener\"><strong>\u00a0informa\u00e7\u00e3o veiculada pelo Blog do Vila<\/strong><\/a>, de que o Podemos estar\u00e1 na alian\u00e7a oposicionista e revelou que a ida de\u00a0<strong>Marcelo Guimar\u00e3es Filho<\/strong>\u00a0para a legenda foi resultado de um acordo nacional ap\u00f3s insatisfa\u00e7\u00e3o do partido com o governo estadual.<\/p>\n<h2><strong>Bruno Reis fala em \u201cunidade total\u201d e provoca governo<\/p>\n<p><\/strong><\/h2>\n<p>Al\u00e9m de\u00a0<a href=\"https:\/\/www.blogdovila.com.br\/noticia\/bruno-lula-binho\" target=\"_blank\" rel=\"noopener\"><strong>atacar Lula e a filia\u00e7\u00e3o de Binho Galinha ao Avante<\/strong><\/a>, o prefeito\u00a0<strong>Bruno Reis<\/strong>\u00a0tamb\u00e9m aproveitou o evento para refor\u00e7ar o discurso de unidade da oposi\u00e7\u00e3o e criticar duramente o grupo governista.<\/p>\n<p>\u201cFizemos tudo certo, unimos os melhores quadros que n\u00f3s t\u00ednhamos da oposi\u00e7\u00e3o e hoje apresentamos \u00e0 sociedade uma chapa robusta e consistente\u201d, afirmou.<\/p>\n<p>Bruno disse ainda que o time advers\u00e1rio enfrenta dificuldades para fechar alian\u00e7as e organizar as chapas.<\/p>\n<p>\u201cPerderam o Podemos, v\u00e3o perder o PRD, Solidariedade e at\u00e9 as conven\u00e7\u00f5es pode inclusive ainda ter mais baixas.\u201d<\/p>\n<p>Em outro momento, ironizou a escolha de\u00a0<strong>Geraldo J\u00fanior<\/strong>\u00a0(MDB) como vice na chapa governista.<\/p>\n<p>\u201cA vice foi oferecida a mais de 20 pessoas diferentes e todos rejeitaram. O que ficou claro para a sociedade \u00e9 que, por falta de op\u00e7\u00e3o, quando n\u00e3o tem tu, vai tu mesmo.\u201d<\/p>\n<h2><strong>Coronel descarta disputa interna no Republicanos<\/p>\n<p><\/strong><\/h2>\n<p>J\u00e1 o senador\u00a0<strong>Angelo Coronel<\/strong>\u00a0tentou passar uma imagem de pluralidade na composi\u00e7\u00e3o da chapa oposicionista.<\/p>\n<p>\u201cN\u00e3o \u00e9 s\u00f3 a uni\u00e3o da direita, \u00e9 a uni\u00e3o de quem \u00e9 de centro, esquerda, de centro-direita. Essa chapa representa todas as for\u00e7as da Bahia\u201d, declarou.<\/p>\n<p>Coronel tamb\u00e9m negou qualquer movimenta\u00e7\u00e3o para assumir o comando do Republicanos na Bahia, hoje presidido por\u00a0<strong>M\u00e1rcio Marinho<\/strong>.<\/p>\n<p>\u201cIsso \u00e9 fofoca. Ningu\u00e9m entra em partido de um pela janela. N\u00f3s entramos pela porta da frente\u201d, disse.<\/p>\n<p>O senador ainda avaliou que a elei\u00e7\u00e3o n\u00e3o dever\u00e1 ser nacionalizada e rejeitou a ideia de que a polariza\u00e7\u00e3o entre Lula e Jair Bolsonaro ter\u00e1 peso decisivo na Bahia.<\/p>\n<p>\u201cAs pessoas v\u00e3o votar na chapa do Estado porque conhecem seus candidatos, conhecem sua for\u00e7a, seu modus operandi.\u201d<\/p>\n<h2><strong>Z\u00e9 Coc\u00e1 refor\u00e7a cr\u00edticas a Jer\u00f4nimo<\/p>\n<p><\/strong><\/h2>\n<p>O ex-prefeito de Jequi\u00e9,\u00a0<strong>Z\u00e9 Coc\u00e1<\/strong>\u00a0(PP), voltou a afirmar que esperava mais obras estruturantes do governador\u00a0<strong>Jer\u00f4nimo Rodrigues<\/strong>\u00a0(PT), motivo pelo qual n\u00e3o aceitou o convite para mudar de lado.<\/p>\n<p>\u201cEu sonhava que o governador fizesse obras estruturantes na nossa regi\u00e3o. Mas, infelizmente, isso n\u00e3o aconteceu\u201d, afirmou.<\/p>\n<p>Segundo Coc\u00e1, foi justamente essa frustra\u00e7\u00e3o que o aproximou de ACM Neto.<\/p>\n<p>\u201cQuando eu conversei com Neto, vi um plano ordenado e organizado para mudar a Bahia. Isso me motivou a estar aqui hoje.\u201d<\/p>\n<p>Ele tamb\u00e9m defendeu maior aten\u00e7\u00e3o ao interior, ao citar projetos como a Ferrovia de Integra\u00e7\u00e3o Oeste-Leste (Fiol), duplica\u00e7\u00e3o de rodovias, polos de irriga\u00e7\u00e3o e novos centros industriais.<\/p>\n<h2><strong>Aleluia diz que desistiu para evitar segundo turno<\/p>\n<p><\/strong><\/h2>\n<p>Principal personagem do evento,\u00a0<strong>Jos\u00e9 Carlos Aleluia<\/strong>\u00a0afirmou que a decis\u00e3o de retirar a pr\u00e9-candidatura foi baseada em n\u00fameros e na possibilidade de derrotar o PT ainda no primeiro turno.<\/p>\n<p>\u201cEu sou engenheiro e estudei muito Estat\u00edstica. As estat\u00edsticas mostram com clareza: se eu for candidato, n\u00f3s teremos segundo turno. Se eu n\u00e3o for candidato, a probabilidade de ganharmos no primeiro turno \u00e9 muito grande\u201d, disse.<\/p>\n<p>Aleluia tamb\u00e9m deixou claro que o foco do Novo ser\u00e1 ultrapassar a cl\u00e1usula de barreira e construir uma bancada forte na C\u00e2mara dos Deputados.<\/p>\n<p>\u201cO Novo tem um objetivo: fazer uma bancada de deputados federais. Estamos muito fortes em v\u00e1rios estados e esperamos nos sair muito bem na Bahia.\u201d<\/p>\n<p>Sobre o filho,\u00a0<strong>Alexandre Aleluia<\/strong>, ele disse que a prioridade agora ser\u00e1 ajud\u00e1-lo na campanha.<\/p>\n<p>\u201cEle tem que fazer a campanha dele. Eu vou voltar a trabalhar, sou engenheiro. Vou ajudar na campanha dele e todos os deputados do Novo v\u00e3o ajudar na campanha de Neto.\u201d<\/p>\n<p><em><strong>Com informa\u00e7\u00f5es do rep\u00f3rter Luiz Henrique, da CBN Salvador.<\/strong><\/em><\/p>\n<p>&nbsp;<\/p>\n<p>&nbsp;<\/p>\n","protected":false},"excerpt":{"rendered":"<p>Acordo entre Uni\u00e3o Brasil e Novo envolve muito mais do que a chamada \u201cuni\u00e3o das oposi\u00e7\u00f5es\u201d contra os 20 anos<\/p>\n","protected":false},"author":4,"featured_media":21432,"comment_status":"open","ping_status":"open","sticky":false,"template":"","format":"standard","meta":{"colormag_page_container_layout":"default_layout","colormag_page_sidebar_layout":"default_layout","_FSMCFIC_featured_image_caption":"","_FSMCFIC_featured_image_nocaption":"","_FSMCFIC_featured_image_hide":"","footnotes":""},"categories":[5,1],"tags":[],"class_list":["post-21431","post","type-post","status-publish","format-standard","has-post-thumbnail","hentry","category-politica","category-ultimas"],"yoast_head":"<!-- This site is optimized with the Yoast SEO plugin v27.1.1 - https:\/\/yoast.com\/product\/yoast-seo-wordpress\/ -->\n<title>Saiba o porqu\u00ea de Aleluia desistir de pr\u00e9-candidatura e declarar apoio a ACM Neto ao governo - Brasil not\u00edcias<\/title>\n<meta name=\"robots\" content=\"index, follow, max-snippet:-1, max-image-preview:large, max-video-preview:-1\" \/>\n<link rel=\"canonical\" href=\"https:\/\/brasilnoticias.org\/site\/saiba-o-porque-de-aleluia-desistir-de-pre-candidatura-e-declarar-apoio-a-acm-neto-ao-governo\/\" \/>\n<meta property=\"og:locale\" content=\"pt_PT\" \/>\n<meta property=\"og:type\" content=\"article\" \/>\n<meta property=\"og:title\" content=\"Saiba o porqu\u00ea de Aleluia desistir de pr\u00e9-candidatura e declarar apoio a ACM Neto ao governo - Brasil not\u00edcias\" \/>\n<meta property=\"og:description\" content=\"Acordo entre Uni\u00e3o Brasil e Novo envolve muito mais do que a chamada \u201cuni\u00e3o das oposi\u00e7\u00f5es\u201d contra os 20 anos\" \/>\n<meta property=\"og:url\" content=\"https:\/\/brasilnoticias.org\/site\/saiba-o-porque-de-aleluia-desistir-de-pre-candidatura-e-declarar-apoio-a-acm-neto-ao-governo\/\" \/>\n<meta property=\"og:site_name\" content=\"Brasil not\u00edcias\" \/>\n<meta property=\"article:published_time\" content=\"2026-04-08T10:54:47+00:00\" \/>\n<meta property=\"og:image\" content=\"https:\/\/brasilnoticias.org\/site\/wp-content\/uploads\/2026\/04\/WhatsApp-Image-2026-04-07-at-16.26.22.jpeg\" \/>\n\t<meta property=\"og:image:width\" content=\"1280\" \/>\n\t<meta property=\"og:image:height\" content=\"854\" \/>\n\t<meta property=\"og:image:type\" content=\"image\/jpeg\" \/>\n<meta name=\"author\" content=\"Reda\u00e7\u00e3o\" \/>\n<meta name=\"twitter:card\" content=\"summary_large_image\" \/>\n<meta name=\"twitter:label1\" content=\"Escrito por\" \/>\n\t<meta name=\"twitter:data1\" content=\"Reda\u00e7\u00e3o\" \/>\n\t<meta name=\"twitter:label2\" content=\"Tempo estimado de leitura\" \/>\n\t<meta name=\"twitter:data2\" content=\"7 minutos\" \/>\n<script type=\"application\/ld+json\" class=\"yoast-schema-graph\">{\"@context\":\"https:\/\/schema.org\",\"@graph\":[{\"@type\":\"Article\",\"@id\":\"https:\/\/brasilnoticias.org\/site\/saiba-o-porque-de-aleluia-desistir-de-pre-candidatura-e-declarar-apoio-a-acm-neto-ao-governo\/#article\",\"isPartOf\":{\"@id\":\"https:\/\/brasilnoticias.org\/site\/saiba-o-porque-de-aleluia-desistir-de-pre-candidatura-e-declarar-apoio-a-acm-neto-ao-governo\/\"},\"author\":{\"name\":\"Reda\u00e7\u00e3o\",\"@id\":\"https:\/\/brasilnoticias.org\/site\/#\/schema\/person\/03bbbfe6c7634ad18c26444ea39049fa\"},\"headline\":\"Saiba o porqu\u00ea de Aleluia desistir de pr\u00e9-candidatura e declarar apoio a ACM Neto ao governo\",\"datePublished\":\"2026-04-08T10:54:47+00:00\",\"mainEntityOfPage\":{\"@id\":\"https:\/\/brasilnoticias.org\/site\/saiba-o-porque-de-aleluia-desistir-de-pre-candidatura-e-declarar-apoio-a-acm-neto-ao-governo\/\"},\"wordCount\":1371,\"commentCount\":0,\"publisher\":{\"@id\":\"https:\/\/brasilnoticias.org\/site\/#organization\"},\"image\":{\"@id\":\"https:\/\/brasilnoticias.org\/site\/saiba-o-porque-de-aleluia-desistir-de-pre-candidatura-e-declarar-apoio-a-acm-neto-ao-governo\/#primaryimage\"},\"thumbnailUrl\":\"https:\/\/brasilnoticias.org\/site\/wp-content\/uploads\/2026\/04\/WhatsApp-Image-2026-04-07-at-16.26.22.jpeg\",\"articleSection\":[\"Pol\u00edtica\",\"\u00daltimas\"],\"inLanguage\":\"pt-PT\",\"potentialAction\":[{\"@type\":\"CommentAction\",\"name\":\"Comment\",\"target\":[\"https:\/\/brasilnoticias.org\/site\/saiba-o-porque-de-aleluia-desistir-de-pre-candidatura-e-declarar-apoio-a-acm-neto-ao-governo\/#respond\"]}]},{\"@type\":\"WebPage\",\"@id\":\"https:\/\/brasilnoticias.org\/site\/saiba-o-porque-de-aleluia-desistir-de-pre-candidatura-e-declarar-apoio-a-acm-neto-ao-governo\/\",\"url\":\"https:\/\/brasilnoticias.org\/site\/saiba-o-porque-de-aleluia-desistir-de-pre-candidatura-e-declarar-apoio-a-acm-neto-ao-governo\/\",\"name\":\"Saiba o porqu\u00ea de Aleluia desistir de pr\u00e9-candidatura e declarar apoio a ACM Neto ao governo - Brasil not\u00edcias\",\"isPartOf\":{\"@id\":\"https:\/\/brasilnoticias.org\/site\/#website\"},\"primaryImageOfPage\":{\"@id\":\"https:\/\/brasilnoticias.org\/site\/saiba-o-porque-de-aleluia-desistir-de-pre-candidatura-e-declarar-apoio-a-acm-neto-ao-governo\/#primaryimage\"},\"image\":{\"@id\":\"https:\/\/brasilnoticias.org\/site\/saiba-o-porque-de-aleluia-desistir-de-pre-candidatura-e-declarar-apoio-a-acm-neto-ao-governo\/#primaryimage\"},\"thumbnailUrl\":\"https:\/\/brasilnoticias.org\/site\/wp-content\/uploads\/2026\/04\/WhatsApp-Image-2026-04-07-at-16.26.22.jpeg\",\"datePublished\":\"2026-04-08T10:54:47+00:00\",\"breadcrumb\":{\"@id\":\"https:\/\/brasilnoticias.org\/site\/saiba-o-porque-de-aleluia-desistir-de-pre-candidatura-e-declarar-apoio-a-acm-neto-ao-governo\/#breadcrumb\"},\"inLanguage\":\"pt-PT\",\"potentialAction\":[{\"@type\":\"ReadAction\",\"target\":[\"https:\/\/brasilnoticias.org\/site\/saiba-o-porque-de-aleluia-desistir-de-pre-candidatura-e-declarar-apoio-a-acm-neto-ao-governo\/\"]}]},{\"@type\":\"ImageObject\",\"inLanguage\":\"pt-PT\",\"@id\":\"https:\/\/brasilnoticias.org\/site\/saiba-o-porque-de-aleluia-desistir-de-pre-candidatura-e-declarar-apoio-a-acm-neto-ao-governo\/#primaryimage\",\"url\":\"https:\/\/brasilnoticias.org\/site\/wp-content\/uploads\/2026\/04\/WhatsApp-Image-2026-04-07-at-16.26.22.jpeg\",\"contentUrl\":\"https:\/\/brasilnoticias.org\/site\/wp-content\/uploads\/2026\/04\/WhatsApp-Image-2026-04-07-at-16.26.22.jpeg\",\"width\":1280,\"height\":854,\"caption\":\"Foto: Divulga\u00e7\u00e3o\"},{\"@type\":\"BreadcrumbList\",\"@id\":\"https:\/\/brasilnoticias.org\/site\/saiba-o-porque-de-aleluia-desistir-de-pre-candidatura-e-declarar-apoio-a-acm-neto-ao-governo\/#breadcrumb\",\"itemListElement\":[{\"@type\":\"ListItem\",\"position\":1,\"name\":\"In\u00edcio\",\"item\":\"https:\/\/brasilnoticias.org\/site\/\"},{\"@type\":\"ListItem\",\"position\":2,\"name\":\"Saiba o porqu\u00ea de Aleluia desistir de pr\u00e9-candidatura e declarar apoio a ACM Neto ao governo\"}]},{\"@type\":\"WebSite\",\"@id\":\"https:\/\/brasilnoticias.org\/site\/#website\",\"url\":\"https:\/\/brasilnoticias.org\/site\/\",\"name\":\"Brasil not\u00edcias\",\"description\":\"Brasil not\u00edcias\",\"publisher\":{\"@id\":\"https:\/\/brasilnoticias.org\/site\/#organization\"},\"potentialAction\":[{\"@type\":\"SearchAction\",\"target\":{\"@type\":\"EntryPoint\",\"urlTemplate\":\"https:\/\/brasilnoticias.org\/site\/?s={search_term_string}\"},\"query-input\":{\"@type\":\"PropertyValueSpecification\",\"valueRequired\":true,\"valueName\":\"search_term_string\"}}],\"inLanguage\":\"pt-PT\"},{\"@type\":\"Organization\",\"@id\":\"https:\/\/brasilnoticias.org\/site\/#organization\",\"name\":\"Brasil not\u00edcias\",\"url\":\"https:\/\/brasilnoticias.org\/site\/\",\"logo\":{\"@type\":\"ImageObject\",\"inLanguage\":\"pt-PT\",\"@id\":\"https:\/\/brasilnoticias.org\/site\/#\/schema\/logo\/image\/\",\"url\":\"https:\/\/brasilnoticias.org\/site\/wp-content\/uploads\/2022\/05\/cropped-brasilnoticias-mini.jpg\",\"contentUrl\":\"https:\/\/brasilnoticias.org\/site\/wp-content\/uploads\/2022\/05\/cropped-brasilnoticias-mini.jpg\",\"width\":314,\"height\":86,\"caption\":\"Brasil not\u00edcias\"},\"image\":{\"@id\":\"https:\/\/brasilnoticias.org\/site\/#\/schema\/logo\/image\/\"}},{\"@type\":\"Person\",\"@id\":\"https:\/\/brasilnoticias.org\/site\/#\/schema\/person\/03bbbfe6c7634ad18c26444ea39049fa\",\"name\":\"Reda\u00e7\u00e3o\",\"image\":{\"@type\":\"ImageObject\",\"inLanguage\":\"pt-PT\",\"@id\":\"https:\/\/brasilnoticias.org\/site\/#\/schema\/person\/image\/\",\"url\":\"https:\/\/secure.gravatar.com\/avatar\/9ecaf7327a696cb23ad926fedded5f1f04d7049de9e445375d55b48c001a6e42?s=96&d=mm&r=g\",\"contentUrl\":\"https:\/\/secure.gravatar.com\/avatar\/9ecaf7327a696cb23ad926fedded5f1f04d7049de9e445375d55b48c001a6e42?s=96&d=mm&r=g\",\"caption\":\"Reda\u00e7\u00e3o\"},\"url\":\"https:\/\/brasilnoticias.org\/site\/author\/henrique\/\"}]}<\/script>\n<!-- \/ Yoast SEO plugin. -->","yoast_head_json":{"title":"Saiba o porqu\u00ea de Aleluia desistir de pr\u00e9-candidatura e declarar apoio a ACM Neto ao governo - Brasil not\u00edcias","robots":{"index":"index","follow":"follow","max-snippet":"max-snippet:-1","max-image-preview":"max-image-preview:large","max-video-preview":"max-video-preview:-1"},"canonical":"https:\/\/brasilnoticias.org\/site\/saiba-o-porque-de-aleluia-desistir-de-pre-candidatura-e-declarar-apoio-a-acm-neto-ao-governo\/","og_locale":"pt_PT","og_type":"article","og_title":"Saiba o porqu\u00ea de Aleluia desistir de pr\u00e9-candidatura e declarar apoio a ACM Neto ao governo - Brasil not\u00edcias","og_description":"Acordo entre Uni\u00e3o Brasil e Novo envolve muito mais do que a chamada \u201cuni\u00e3o das oposi\u00e7\u00f5es\u201d contra os 20 anos","og_url":"https:\/\/brasilnoticias.org\/site\/saiba-o-porque-de-aleluia-desistir-de-pre-candidatura-e-declarar-apoio-a-acm-neto-ao-governo\/","og_site_name":"Brasil not\u00edcias","article_published_time":"2026-04-08T10:54:47+00:00","og_image":[{"width":1280,"height":854,"url":"https:\/\/brasilnoticias.org\/site\/wp-content\/uploads\/2026\/04\/WhatsApp-Image-2026-04-07-at-16.26.22.jpeg","type":"image\/jpeg"}],"author":"Reda\u00e7\u00e3o","twitter_card":"summary_large_image","twitter_misc":{"Escrito por":"Reda\u00e7\u00e3o","Tempo estimado de leitura":"7 minutos"},"schema":{"@context":"https:\/\/schema.org","@graph":[{"@type":"Article","@id":"https:\/\/brasilnoticias.org\/site\/saiba-o-porque-de-aleluia-desistir-de-pre-candidatura-e-declarar-apoio-a-acm-neto-ao-governo\/#article","isPartOf":{"@id":"https:\/\/brasilnoticias.org\/site\/saiba-o-porque-de-aleluia-desistir-de-pre-candidatura-e-declarar-apoio-a-acm-neto-ao-governo\/"},"author":{"name":"Reda\u00e7\u00e3o","@id":"https:\/\/brasilnoticias.org\/site\/#\/schema\/person\/03bbbfe6c7634ad18c26444ea39049fa"},"headline":"Saiba o porqu\u00ea de Aleluia desistir de pr\u00e9-candidatura e declarar apoio a ACM Neto ao governo","datePublished":"2026-04-08T10:54:47+00:00","mainEntityOfPage":{"@id":"https:\/\/brasilnoticias.org\/site\/saiba-o-porque-de-aleluia-desistir-de-pre-candidatura-e-declarar-apoio-a-acm-neto-ao-governo\/"},"wordCount":1371,"commentCount":0,"publisher":{"@id":"https:\/\/brasilnoticias.org\/site\/#organization"},"image":{"@id":"https:\/\/brasilnoticias.org\/site\/saiba-o-porque-de-aleluia-desistir-de-pre-candidatura-e-declarar-apoio-a-acm-neto-ao-governo\/#primaryimage"},"thumbnailUrl":"https:\/\/brasilnoticias.org\/site\/wp-content\/uploads\/2026\/04\/WhatsApp-Image-2026-04-07-at-16.26.22.jpeg","articleSection":["Pol\u00edtica","\u00daltimas"],"inLanguage":"pt-PT","potentialAction":[{"@type":"CommentAction","name":"Comment","target":["https:\/\/brasilnoticias.org\/site\/saiba-o-porque-de-aleluia-desistir-de-pre-candidatura-e-declarar-apoio-a-acm-neto-ao-governo\/#respond"]}]},{"@type":"WebPage","@id":"https:\/\/brasilnoticias.org\/site\/saiba-o-porque-de-aleluia-desistir-de-pre-candidatura-e-declarar-apoio-a-acm-neto-ao-governo\/","url":"https:\/\/brasilnoticias.org\/site\/saiba-o-porque-de-aleluia-desistir-de-pre-candidatura-e-declarar-apoio-a-acm-neto-ao-governo\/","name":"Saiba o porqu\u00ea de Aleluia desistir de pr\u00e9-candidatura e declarar apoio a ACM Neto ao governo - Brasil not\u00edcias","isPartOf":{"@id":"https:\/\/brasilnoticias.org\/site\/#website"},"primaryImageOfPage":{"@id":"https:\/\/brasilnoticias.org\/site\/saiba-o-porque-de-aleluia-desistir-de-pre-candidatura-e-declarar-apoio-a-acm-neto-ao-governo\/#primaryimage"},"image":{"@id":"https:\/\/brasilnoticias.org\/site\/saiba-o-porque-de-aleluia-desistir-de-pre-candidatura-e-declarar-apoio-a-acm-neto-ao-governo\/#primaryimage"},"thumbnailUrl":"https:\/\/brasilnoticias.org\/site\/wp-content\/uploads\/2026\/04\/WhatsApp-Image-2026-04-07-at-16.26.22.jpeg","datePublished":"2026-04-08T10:54:47+00:00","breadcrumb":{"@id":"https:\/\/brasilnoticias.org\/site\/saiba-o-porque-de-aleluia-desistir-de-pre-candidatura-e-declarar-apoio-a-acm-neto-ao-governo\/#breadcrumb"},"inLanguage":"pt-PT","potentialAction":[{"@type":"ReadAction","target":["https:\/\/brasilnoticias.org\/site\/saiba-o-porque-de-aleluia-desistir-de-pre-candidatura-e-declarar-apoio-a-acm-neto-ao-governo\/"]}]},{"@type":"ImageObject","inLanguage":"pt-PT","@id":"https:\/\/brasilnoticias.org\/site\/saiba-o-porque-de-aleluia-desistir-de-pre-candidatura-e-declarar-apoio-a-acm-neto-ao-governo\/#primaryimage","url":"https:\/\/brasilnoticias.org\/site\/wp-content\/uploads\/2026\/04\/WhatsApp-Image-2026-04-07-at-16.26.22.jpeg","contentUrl":"https:\/\/brasilnoticias.org\/site\/wp-content\/uploads\/2026\/04\/WhatsApp-Image-2026-04-07-at-16.26.22.jpeg","width":1280,"height":854,"caption":"Foto: Divulga\u00e7\u00e3o"},{"@type":"BreadcrumbList","@id":"https:\/\/brasilnoticias.org\/site\/saiba-o-porque-de-aleluia-desistir-de-pre-candidatura-e-declarar-apoio-a-acm-neto-ao-governo\/#breadcrumb","itemListElement":[{"@type":"ListItem","position":1,"name":"In\u00edcio","item":"https:\/\/brasilnoticias.org\/site\/"},{"@type":"ListItem","position":2,"name":"Saiba o porqu\u00ea de Aleluia desistir de pr\u00e9-candidatura e declarar apoio a ACM Neto ao governo"}]},{"@type":"WebSite","@id":"https:\/\/brasilnoticias.org\/site\/#website","url":"https:\/\/brasilnoticias.org\/site\/","name":"Brasil not\u00edcias","description":"Brasil not\u00edcias","publisher":{"@id":"https:\/\/brasilnoticias.org\/site\/#organization"},"potentialAction":[{"@type":"SearchAction","target":{"@type":"EntryPoint","urlTemplate":"https:\/\/brasilnoticias.org\/site\/?s={search_term_string}"},"query-input":{"@type":"PropertyValueSpecification","valueRequired":true,"valueName":"search_term_string"}}],"inLanguage":"pt-PT"},{"@type":"Organization","@id":"https:\/\/brasilnoticias.org\/site\/#organization","name":"Brasil not\u00edcias","url":"https:\/\/brasilnoticias.org\/site\/","logo":{"@type":"ImageObject","inLanguage":"pt-PT","@id":"https:\/\/brasilnoticias.org\/site\/#\/schema\/logo\/image\/","url":"https:\/\/brasilnoticias.org\/site\/wp-content\/uploads\/2022\/05\/cropped-brasilnoticias-mini.jpg","contentUrl":"https:\/\/brasilnoticias.org\/site\/wp-content\/uploads\/2022\/05\/cropped-brasilnoticias-mini.jpg","width":314,"height":86,"caption":"Brasil not\u00edcias"},"image":{"@id":"https:\/\/brasilnoticias.org\/site\/#\/schema\/logo\/image\/"}},{"@type":"Person","@id":"https:\/\/brasilnoticias.org\/site\/#\/schema\/person\/03bbbfe6c7634ad18c26444ea39049fa","name":"Reda\u00e7\u00e3o","image":{"@type":"ImageObject","inLanguage":"pt-PT","@id":"https:\/\/brasilnoticias.org\/site\/#\/schema\/person\/image\/","url":"https:\/\/secure.gravatar.com\/avatar\/9ecaf7327a696cb23ad926fedded5f1f04d7049de9e445375d55b48c001a6e42?s=96&d=mm&r=g","contentUrl":"https:\/\/secure.gravatar.com\/avatar\/9ecaf7327a696cb23ad926fedded5f1f04d7049de9e445375d55b48c001a6e42?s=96&d=mm&r=g","caption":"Reda\u00e7\u00e3o"},"url":"https:\/\/brasilnoticias.org\/site\/author\/henrique\/"}]}},"_links":{"self":[{"href":"https:\/\/brasilnoticias.org\/site\/wp-json\/wp\/v2\/posts\/21431","targetHints":{"allow":["GET"]}}],"collection":[{"href":"https:\/\/brasilnoticias.org\/site\/wp-json\/wp\/v2\/posts"}],"about":[{"href":"https:\/\/brasilnoticias.org\/site\/wp-json\/wp\/v2\/types\/post"}],"author":[{"embeddable":true,"href":"https:\/\/brasilnoticias.org\/site\/wp-json\/wp\/v2\/users\/4"}],"replies":[{"embeddable":true,"href":"https:\/\/brasilnoticias.org\/site\/wp-json\/wp\/v2\/comments?post=21431"}],"version-history":[{"count":1,"href":"https:\/\/brasilnoticias.org\/site\/wp-json\/wp\/v2\/posts\/21431\/revisions"}],"predecessor-version":[{"id":21433,"href":"https:\/\/brasilnoticias.org\/site\/wp-json\/wp\/v2\/posts\/21431\/revisions\/21433"}],"wp:featuredmedia":[{"embeddable":true,"href":"https:\/\/brasilnoticias.org\/site\/wp-json\/wp\/v2\/media\/21432"}],"wp:attachment":[{"href":"https:\/\/brasilnoticias.org\/site\/wp-json\/wp\/v2\/media?parent=21431"}],"wp:term":[{"taxonomy":"category","embeddable":true,"href":"https:\/\/brasilnoticias.org\/site\/wp-json\/wp\/v2\/categories?post=21431"},{"taxonomy":"post_tag","embeddable":true,"href":"https:\/\/brasilnoticias.org\/site\/wp-json\/wp\/v2\/tags?post=21431"}],"curies":[{"name":"wp","href":"https:\/\/api.w.org\/{rel}","templated":true}]}}