{"id":21440,"date":"2026-04-08T12:50:22","date_gmt":"2026-04-08T15:50:22","guid":{"rendered":"https:\/\/brasilnoticias.org\/site\/?p=21440"},"modified":"2026-04-08T12:50:22","modified_gmt":"2026-04-08T15:50:22","slug":"aleluia-ve-filiacao-de-binho-galinha-ao-avante-como-deploravel-e-mira-rui-e-jeronimo","status":"publish","type":"post","link":"https:\/\/brasilnoticias.org\/site\/aleluia-ve-filiacao-de-binho-galinha-ao-avante-como-deploravel-e-mira-rui-e-jeronimo\/","title":{"rendered":"Aleluia v\u00ea filia\u00e7\u00e3o de Binho Galinha ao Avante como &#8216;deplor\u00e1vel&#8217; e mira Rui e Jer\u00f4nimo"},"content":{"rendered":"<h2 class=\"self-stretch font-sans text-headline-6 font-normal tracking-tight text-neutral-50\">Ex-deputado afirma que entrada do parlamentar preso no partido n\u00e3o ocorreria sem aval da c\u00fapula e diz que governador erra ao permitir associa\u00e7\u00e3o de imagem com acusado de integrar organiza\u00e7\u00e3o criminosa<\/h2>\n<p>&nbsp;<\/p>\n<p>O ex-deputado federal\u00a0<strong>Jos\u00e9 Carlos Aleluia<\/strong>\u00a0(Novo) elevou o tom contra a filia\u00e7\u00e3o do deputado estadual\u00a0<strong>Binho Galinha<\/strong>\u00a0ao<a href=\"https:\/\/www.blogdovila.com.br\/noticia\/binho-avante\" target=\"_blank\" rel=\"noopener\"><strong>\u00a0Avante\u00a0<\/strong><\/a>e afirmou que a decis\u00e3o exp\u00f5e diretamente o ministro da Casa Civil,\u00a0<strong>Rui Costa<\/strong>\u00a0(PT), e o governador\u00a0<strong>Jer\u00f4nimo Rodrigues<\/strong>\u00a0(PT).<\/p>\n<p>Durante entrevista \u00e0\u00a0<strong><em>CBN Salvador<\/em><\/strong>, nesta ter\u00e7a-feira (7),\u00a0<a href=\"https:\/\/www.blogdovila.com.br\/noticia\/aleluia-motivo\" target=\"_blank\" rel=\"noopener\"><strong>um dia ap\u00f3s anunciar a desist\u00eancia da pr\u00e9-candidatura ao Governo da Bahia<\/strong><\/a>\u00a0e declarar apoio a\u00a0<strong>ACM Neto<\/strong>\u00a0(Uni\u00e3o Brasil), Aleluia afirmou que uma filia\u00e7\u00e3o jamais aconteceria sem o aval da c\u00fapula partid\u00e1ria.<\/p>\n<p><strong>\u201cImposs\u00edvel. N\u00e3o h\u00e1 como algu\u00e9m entrar em um partido sem o aval da dire\u00e7\u00e3o. Jamais algu\u00e9m entraria no PFL ou no DEM quando eu fui presidente sem meu aval e sem o aval das principais lideran\u00e7as\u201d<\/strong>, comparou.<\/p>\n<p>Preso preventivamente desde outubro do ano passado, Binho Galinha \u00e9 investigado por suspeita de chefiar uma organiza\u00e7\u00e3o criminosa em Feira de Santana. Entre os crimes apontados nas investiga\u00e7\u00f5es est\u00e3o lavagem de dinheiro, tr\u00e1fico de drogas, com\u00e9rcio ilegal de armas, agiotagem, recepta\u00e7\u00e3o qualificada, obstru\u00e7\u00e3o de Justi\u00e7a e jogo do bicho.<\/p>\n<p>Para Aleluia, ainda que n\u00e3o haja condena\u00e7\u00e3o definitiva, a perman\u00eancia de Binho no partido gera desgaste pol\u00edtico e atinge a credibilidade da legenda.<\/p>\n<p><strong>\u201cO partido deixa de ser um avalista para ser algu\u00e9m que aceita qualquer um. Eu n\u00e3o estou condenando Binho Galinha, mas ele tem muito a prestar contas\u201d<\/strong>, declarou.<\/p>\n<p>O ex-deputado foi al\u00e9m e responsabilizou diretamente Rui Costa pela entrada de Binho Galinha no Avante.<\/p>\n<p><strong>\u201cFoi um grande erro de Rui Costa, que \u00e9 o respons\u00e1vel pela cria\u00e7\u00e3o do Avante na Bahia. Ele est\u00e1 comprometendo tamb\u00e9m o nome dele\u201d<\/strong>, disse.<\/p>\n<p>Aleluia poupou o presidente estadual do partido,\u00a0<strong>Ronaldo Carletto<\/strong>, e afirmou acreditar que ele esteja desconfort\u00e1vel com a situa\u00e7\u00e3o.<\/p>\n<p><strong>\u201cCarletto \u00e9 um homem de bem. Deve estar muito incomodado com isso\u201d<\/strong>, avaliou.<\/p>\n<p>O ex-deputado tamb\u00e9m criticou a associa\u00e7\u00e3o p\u00fablica entre Binho Galinha e Jer\u00f4nimo Rodrigues, ap\u00f3s o parlamentar preso divulgar imagens ao lado do governador em suas redes sociais.<\/p>\n<p><strong>\u201cIsso mostra, no m\u00ednimo, que o governador convive pacificamente com o crime organizado. Quem v\u00ea isso entende assim\u201d<\/strong>, afirmou.<\/p>\n<p>Segundo Aleluia, Jer\u00f4nimo deveria ter reagido \u00e0 utiliza\u00e7\u00e3o de sua imagem.<\/p>\n<p><strong>\u201cO governador tinha que ter autoridade para dizer: esse rapaz n\u00e3o vai entrar na minha chapa, esse rapaz n\u00e3o vai estar na minha campanha\u201d<\/strong>, disparou.<\/p>\n<p>Ao comentar o cen\u00e1rio pol\u00edtico, Aleluia voltou a dizer que a decis\u00e3o de retirar sua pr\u00e9-candidatura foi tomada para evitar um segundo turno e aumentar as chances de vit\u00f3ria de ACM Neto logo na primeira etapa da disputa.<\/p>\n<p><strong>\u201cOs n\u00fameros mostraram que minha candidatura poderia provocar um segundo turno. E, no segundo turno, fica mais dif\u00edcil vencer a m\u00e1quina do governo\u201d<\/strong>, projetou.<\/p>\n<p>Mesmo fora da disputa pelo Pal\u00e1cio de Ondina, Aleluia disse que seguir\u00e1 na atua\u00e7\u00e3o pol\u00edtica e trabalhando pela forma\u00e7\u00e3o de uma chapa competitiva do Novo para deputado federal na Bahia.<\/p>\n<p>&nbsp;<\/p>\n<p>Fonte: Blog do Vila<\/p>\n","protected":false},"excerpt":{"rendered":"<p>Ex-deputado afirma que entrada do parlamentar preso no partido n\u00e3o ocorreria sem aval da c\u00fapula e diz que governador erra<\/p>\n","protected":false},"author":4,"featured_media":21441,"comment_status":"open","ping_status":"open","sticky":false,"template":"","format":"standard","meta":{"colormag_page_container_layout":"default_layout","colormag_page_sidebar_layout":"default_layout","_FSMCFIC_featured_image_caption":"","_FSMCFIC_featured_image_nocaption":"","_FSMCFIC_featured_image_hide":"","footnotes":""},"categories":[5,1],"tags":[],"class_list":["post-21440","post","type-post","status-publish","format-standard","has-post-thumbnail","hentry","category-politica","category-ultimas"],"yoast_head":"<!-- This site is optimized with the Yoast SEO plugin v27.1.1 - https:\/\/yoast.com\/product\/yoast-seo-wordpress\/ -->\n<title>Aleluia v\u00ea filia\u00e7\u00e3o de Binho Galinha ao Avante como &#039;deplor\u00e1vel&#039; e mira Rui e Jer\u00f4nimo - Brasil not\u00edcias<\/title>\n<meta name=\"robots\" content=\"index, follow, max-snippet:-1, max-image-preview:large, max-video-preview:-1\" \/>\n<link rel=\"canonical\" href=\"https:\/\/brasilnoticias.org\/site\/aleluia-ve-filiacao-de-binho-galinha-ao-avante-como-deploravel-e-mira-rui-e-jeronimo\/\" \/>\n<meta property=\"og:locale\" content=\"pt_PT\" \/>\n<meta property=\"og:type\" content=\"article\" \/>\n<meta property=\"og:title\" content=\"Aleluia v\u00ea filia\u00e7\u00e3o de Binho Galinha ao Avante como &#039;deplor\u00e1vel&#039; e mira Rui e Jer\u00f4nimo - Brasil not\u00edcias\" \/>\n<meta property=\"og:description\" content=\"Ex-deputado afirma que entrada do parlamentar preso no partido n\u00e3o ocorreria sem aval da c\u00fapula e diz que governador erra\" \/>\n<meta property=\"og:url\" content=\"https:\/\/brasilnoticias.org\/site\/aleluia-ve-filiacao-de-binho-galinha-ao-avante-como-deploravel-e-mira-rui-e-jeronimo\/\" \/>\n<meta property=\"og:site_name\" content=\"Brasil not\u00edcias\" \/>\n<meta property=\"article:published_time\" content=\"2026-04-08T15:50:22+00:00\" \/>\n<meta property=\"og:image\" content=\"https:\/\/brasilnoticias.org\/site\/wp-content\/uploads\/2026\/04\/WhatsApp-Image-2026-04-08-at-12.18.36.jpeg\" \/>\n\t<meta property=\"og:image:width\" content=\"1600\" \/>\n\t<meta property=\"og:image:height\" content=\"900\" \/>\n\t<meta property=\"og:image:type\" content=\"image\/jpeg\" \/>\n<meta name=\"author\" content=\"Reda\u00e7\u00e3o\" \/>\n<meta name=\"twitter:card\" content=\"summary_large_image\" \/>\n<meta name=\"twitter:label1\" content=\"Escrito por\" \/>\n\t<meta name=\"twitter:data1\" content=\"Reda\u00e7\u00e3o\" \/>\n\t<meta name=\"twitter:label2\" content=\"Tempo estimado de leitura\" \/>\n\t<meta name=\"twitter:data2\" content=\"3 minutos\" \/>\n<script type=\"application\/ld+json\" class=\"yoast-schema-graph\">{\"@context\":\"https:\/\/schema.org\",\"@graph\":[{\"@type\":\"Article\",\"@id\":\"https:\/\/brasilnoticias.org\/site\/aleluia-ve-filiacao-de-binho-galinha-ao-avante-como-deploravel-e-mira-rui-e-jeronimo\/#article\",\"isPartOf\":{\"@id\":\"https:\/\/brasilnoticias.org\/site\/aleluia-ve-filiacao-de-binho-galinha-ao-avante-como-deploravel-e-mira-rui-e-jeronimo\/\"},\"author\":{\"name\":\"Reda\u00e7\u00e3o\",\"@id\":\"https:\/\/brasilnoticias.org\/site\/#\/schema\/person\/03bbbfe6c7634ad18c26444ea39049fa\"},\"headline\":\"Aleluia v\u00ea filia\u00e7\u00e3o de Binho Galinha ao Avante como &#8216;deplor\u00e1vel&#8217; e mira Rui e Jer\u00f4nimo\",\"datePublished\":\"2026-04-08T15:50:22+00:00\",\"mainEntityOfPage\":{\"@id\":\"https:\/\/brasilnoticias.org\/site\/aleluia-ve-filiacao-de-binho-galinha-ao-avante-como-deploravel-e-mira-rui-e-jeronimo\/\"},\"wordCount\":579,\"commentCount\":0,\"publisher\":{\"@id\":\"https:\/\/brasilnoticias.org\/site\/#organization\"},\"image\":{\"@id\":\"https:\/\/brasilnoticias.org\/site\/aleluia-ve-filiacao-de-binho-galinha-ao-avante-como-deploravel-e-mira-rui-e-jeronimo\/#primaryimage\"},\"thumbnailUrl\":\"https:\/\/brasilnoticias.org\/site\/wp-content\/uploads\/2026\/04\/WhatsApp-Image-2026-04-08-at-12.18.36.jpeg\",\"articleSection\":[\"Pol\u00edtica\",\"\u00daltimas\"],\"inLanguage\":\"pt-PT\",\"potentialAction\":[{\"@type\":\"CommentAction\",\"name\":\"Comment\",\"target\":[\"https:\/\/brasilnoticias.org\/site\/aleluia-ve-filiacao-de-binho-galinha-ao-avante-como-deploravel-e-mira-rui-e-jeronimo\/#respond\"]}]},{\"@type\":\"WebPage\",\"@id\":\"https:\/\/brasilnoticias.org\/site\/aleluia-ve-filiacao-de-binho-galinha-ao-avante-como-deploravel-e-mira-rui-e-jeronimo\/\",\"url\":\"https:\/\/brasilnoticias.org\/site\/aleluia-ve-filiacao-de-binho-galinha-ao-avante-como-deploravel-e-mira-rui-e-jeronimo\/\",\"name\":\"Aleluia v\u00ea filia\u00e7\u00e3o de Binho Galinha ao Avante como 'deplor\u00e1vel' e mira Rui e Jer\u00f4nimo - Brasil not\u00edcias\",\"isPartOf\":{\"@id\":\"https:\/\/brasilnoticias.org\/site\/#website\"},\"primaryImageOfPage\":{\"@id\":\"https:\/\/brasilnoticias.org\/site\/aleluia-ve-filiacao-de-binho-galinha-ao-avante-como-deploravel-e-mira-rui-e-jeronimo\/#primaryimage\"},\"image\":{\"@id\":\"https:\/\/brasilnoticias.org\/site\/aleluia-ve-filiacao-de-binho-galinha-ao-avante-como-deploravel-e-mira-rui-e-jeronimo\/#primaryimage\"},\"thumbnailUrl\":\"https:\/\/brasilnoticias.org\/site\/wp-content\/uploads\/2026\/04\/WhatsApp-Image-2026-04-08-at-12.18.36.jpeg\",\"datePublished\":\"2026-04-08T15:50:22+00:00\",\"breadcrumb\":{\"@id\":\"https:\/\/brasilnoticias.org\/site\/aleluia-ve-filiacao-de-binho-galinha-ao-avante-como-deploravel-e-mira-rui-e-jeronimo\/#breadcrumb\"},\"inLanguage\":\"pt-PT\",\"potentialAction\":[{\"@type\":\"ReadAction\",\"target\":[\"https:\/\/brasilnoticias.org\/site\/aleluia-ve-filiacao-de-binho-galinha-ao-avante-como-deploravel-e-mira-rui-e-jeronimo\/\"]}]},{\"@type\":\"ImageObject\",\"inLanguage\":\"pt-PT\",\"@id\":\"https:\/\/brasilnoticias.org\/site\/aleluia-ve-filiacao-de-binho-galinha-ao-avante-como-deploravel-e-mira-rui-e-jeronimo\/#primaryimage\",\"url\":\"https:\/\/brasilnoticias.org\/site\/wp-content\/uploads\/2026\/04\/WhatsApp-Image-2026-04-08-at-12.18.36.jpeg\",\"contentUrl\":\"https:\/\/brasilnoticias.org\/site\/wp-content\/uploads\/2026\/04\/WhatsApp-Image-2026-04-08-at-12.18.36.jpeg\",\"width\":1600,\"height\":900,\"caption\":\"Foto: Evil\u00e1sio J\u00fanior\"},{\"@type\":\"BreadcrumbList\",\"@id\":\"https:\/\/brasilnoticias.org\/site\/aleluia-ve-filiacao-de-binho-galinha-ao-avante-como-deploravel-e-mira-rui-e-jeronimo\/#breadcrumb\",\"itemListElement\":[{\"@type\":\"ListItem\",\"position\":1,\"name\":\"In\u00edcio\",\"item\":\"https:\/\/brasilnoticias.org\/site\/\"},{\"@type\":\"ListItem\",\"position\":2,\"name\":\"Aleluia v\u00ea filia\u00e7\u00e3o de Binho Galinha ao Avante como &#8216;deplor\u00e1vel&#8217; e mira Rui e Jer\u00f4nimo\"}]},{\"@type\":\"WebSite\",\"@id\":\"https:\/\/brasilnoticias.org\/site\/#website\",\"url\":\"https:\/\/brasilnoticias.org\/site\/\",\"name\":\"Brasil not\u00edcias\",\"description\":\"Brasil not\u00edcias\",\"publisher\":{\"@id\":\"https:\/\/brasilnoticias.org\/site\/#organization\"},\"potentialAction\":[{\"@type\":\"SearchAction\",\"target\":{\"@type\":\"EntryPoint\",\"urlTemplate\":\"https:\/\/brasilnoticias.org\/site\/?s={search_term_string}\"},\"query-input\":{\"@type\":\"PropertyValueSpecification\",\"valueRequired\":true,\"valueName\":\"search_term_string\"}}],\"inLanguage\":\"pt-PT\"},{\"@type\":\"Organization\",\"@id\":\"https:\/\/brasilnoticias.org\/site\/#organization\",\"name\":\"Brasil not\u00edcias\",\"url\":\"https:\/\/brasilnoticias.org\/site\/\",\"logo\":{\"@type\":\"ImageObject\",\"inLanguage\":\"pt-PT\",\"@id\":\"https:\/\/brasilnoticias.org\/site\/#\/schema\/logo\/image\/\",\"url\":\"https:\/\/brasilnoticias.org\/site\/wp-content\/uploads\/2022\/05\/cropped-brasilnoticias-mini.jpg\",\"contentUrl\":\"https:\/\/brasilnoticias.org\/site\/wp-content\/uploads\/2022\/05\/cropped-brasilnoticias-mini.jpg\",\"width\":314,\"height\":86,\"caption\":\"Brasil not\u00edcias\"},\"image\":{\"@id\":\"https:\/\/brasilnoticias.org\/site\/#\/schema\/logo\/image\/\"}},{\"@type\":\"Person\",\"@id\":\"https:\/\/brasilnoticias.org\/site\/#\/schema\/person\/03bbbfe6c7634ad18c26444ea39049fa\",\"name\":\"Reda\u00e7\u00e3o\",\"image\":{\"@type\":\"ImageObject\",\"inLanguage\":\"pt-PT\",\"@id\":\"https:\/\/brasilnoticias.org\/site\/#\/schema\/person\/image\/\",\"url\":\"https:\/\/secure.gravatar.com\/avatar\/9ecaf7327a696cb23ad926fedded5f1f04d7049de9e445375d55b48c001a6e42?s=96&d=mm&r=g\",\"contentUrl\":\"https:\/\/secure.gravatar.com\/avatar\/9ecaf7327a696cb23ad926fedded5f1f04d7049de9e445375d55b48c001a6e42?s=96&d=mm&r=g\",\"caption\":\"Reda\u00e7\u00e3o\"},\"url\":\"https:\/\/brasilnoticias.org\/site\/author\/henrique\/\"}]}<\/script>\n<!-- \/ Yoast SEO plugin. -->","yoast_head_json":{"title":"Aleluia v\u00ea filia\u00e7\u00e3o de Binho Galinha ao Avante como 'deplor\u00e1vel' e mira Rui e Jer\u00f4nimo - Brasil not\u00edcias","robots":{"index":"index","follow":"follow","max-snippet":"max-snippet:-1","max-image-preview":"max-image-preview:large","max-video-preview":"max-video-preview:-1"},"canonical":"https:\/\/brasilnoticias.org\/site\/aleluia-ve-filiacao-de-binho-galinha-ao-avante-como-deploravel-e-mira-rui-e-jeronimo\/","og_locale":"pt_PT","og_type":"article","og_title":"Aleluia v\u00ea filia\u00e7\u00e3o de Binho Galinha ao Avante como 'deplor\u00e1vel' e mira Rui e Jer\u00f4nimo - Brasil not\u00edcias","og_description":"Ex-deputado afirma que entrada do parlamentar preso no partido n\u00e3o ocorreria sem aval da c\u00fapula e diz que governador erra","og_url":"https:\/\/brasilnoticias.org\/site\/aleluia-ve-filiacao-de-binho-galinha-ao-avante-como-deploravel-e-mira-rui-e-jeronimo\/","og_site_name":"Brasil not\u00edcias","article_published_time":"2026-04-08T15:50:22+00:00","og_image":[{"width":1600,"height":900,"url":"https:\/\/brasilnoticias.org\/site\/wp-content\/uploads\/2026\/04\/WhatsApp-Image-2026-04-08-at-12.18.36.jpeg","type":"image\/jpeg"}],"author":"Reda\u00e7\u00e3o","twitter_card":"summary_large_image","twitter_misc":{"Escrito por":"Reda\u00e7\u00e3o","Tempo estimado de leitura":"3 minutos"},"schema":{"@context":"https:\/\/schema.org","@graph":[{"@type":"Article","@id":"https:\/\/brasilnoticias.org\/site\/aleluia-ve-filiacao-de-binho-galinha-ao-avante-como-deploravel-e-mira-rui-e-jeronimo\/#article","isPartOf":{"@id":"https:\/\/brasilnoticias.org\/site\/aleluia-ve-filiacao-de-binho-galinha-ao-avante-como-deploravel-e-mira-rui-e-jeronimo\/"},"author":{"name":"Reda\u00e7\u00e3o","@id":"https:\/\/brasilnoticias.org\/site\/#\/schema\/person\/03bbbfe6c7634ad18c26444ea39049fa"},"headline":"Aleluia v\u00ea filia\u00e7\u00e3o de Binho Galinha ao Avante como &#8216;deplor\u00e1vel&#8217; e mira Rui e Jer\u00f4nimo","datePublished":"2026-04-08T15:50:22+00:00","mainEntityOfPage":{"@id":"https:\/\/brasilnoticias.org\/site\/aleluia-ve-filiacao-de-binho-galinha-ao-avante-como-deploravel-e-mira-rui-e-jeronimo\/"},"wordCount":579,"commentCount":0,"publisher":{"@id":"https:\/\/brasilnoticias.org\/site\/#organization"},"image":{"@id":"https:\/\/brasilnoticias.org\/site\/aleluia-ve-filiacao-de-binho-galinha-ao-avante-como-deploravel-e-mira-rui-e-jeronimo\/#primaryimage"},"thumbnailUrl":"https:\/\/brasilnoticias.org\/site\/wp-content\/uploads\/2026\/04\/WhatsApp-Image-2026-04-08-at-12.18.36.jpeg","articleSection":["Pol\u00edtica","\u00daltimas"],"inLanguage":"pt-PT","potentialAction":[{"@type":"CommentAction","name":"Comment","target":["https:\/\/brasilnoticias.org\/site\/aleluia-ve-filiacao-de-binho-galinha-ao-avante-como-deploravel-e-mira-rui-e-jeronimo\/#respond"]}]},{"@type":"WebPage","@id":"https:\/\/brasilnoticias.org\/site\/aleluia-ve-filiacao-de-binho-galinha-ao-avante-como-deploravel-e-mira-rui-e-jeronimo\/","url":"https:\/\/brasilnoticias.org\/site\/aleluia-ve-filiacao-de-binho-galinha-ao-avante-como-deploravel-e-mira-rui-e-jeronimo\/","name":"Aleluia v\u00ea filia\u00e7\u00e3o de Binho Galinha ao Avante como 'deplor\u00e1vel' e mira Rui e Jer\u00f4nimo - Brasil not\u00edcias","isPartOf":{"@id":"https:\/\/brasilnoticias.org\/site\/#website"},"primaryImageOfPage":{"@id":"https:\/\/brasilnoticias.org\/site\/aleluia-ve-filiacao-de-binho-galinha-ao-avante-como-deploravel-e-mira-rui-e-jeronimo\/#primaryimage"},"image":{"@id":"https:\/\/brasilnoticias.org\/site\/aleluia-ve-filiacao-de-binho-galinha-ao-avante-como-deploravel-e-mira-rui-e-jeronimo\/#primaryimage"},"thumbnailUrl":"https:\/\/brasilnoticias.org\/site\/wp-content\/uploads\/2026\/04\/WhatsApp-Image-2026-04-08-at-12.18.36.jpeg","datePublished":"2026-04-08T15:50:22+00:00","breadcrumb":{"@id":"https:\/\/brasilnoticias.org\/site\/aleluia-ve-filiacao-de-binho-galinha-ao-avante-como-deploravel-e-mira-rui-e-jeronimo\/#breadcrumb"},"inLanguage":"pt-PT","potentialAction":[{"@type":"ReadAction","target":["https:\/\/brasilnoticias.org\/site\/aleluia-ve-filiacao-de-binho-galinha-ao-avante-como-deploravel-e-mira-rui-e-jeronimo\/"]}]},{"@type":"ImageObject","inLanguage":"pt-PT","@id":"https:\/\/brasilnoticias.org\/site\/aleluia-ve-filiacao-de-binho-galinha-ao-avante-como-deploravel-e-mira-rui-e-jeronimo\/#primaryimage","url":"https:\/\/brasilnoticias.org\/site\/wp-content\/uploads\/2026\/04\/WhatsApp-Image-2026-04-08-at-12.18.36.jpeg","contentUrl":"https:\/\/brasilnoticias.org\/site\/wp-content\/uploads\/2026\/04\/WhatsApp-Image-2026-04-08-at-12.18.36.jpeg","width":1600,"height":900,"caption":"Foto: Evil\u00e1sio J\u00fanior"},{"@type":"BreadcrumbList","@id":"https:\/\/brasilnoticias.org\/site\/aleluia-ve-filiacao-de-binho-galinha-ao-avante-como-deploravel-e-mira-rui-e-jeronimo\/#breadcrumb","itemListElement":[{"@type":"ListItem","position":1,"name":"In\u00edcio","item":"https:\/\/brasilnoticias.org\/site\/"},{"@type":"ListItem","position":2,"name":"Aleluia v\u00ea filia\u00e7\u00e3o de Binho Galinha ao Avante como &#8216;deplor\u00e1vel&#8217; e mira Rui e Jer\u00f4nimo"}]},{"@type":"WebSite","@id":"https:\/\/brasilnoticias.org\/site\/#website","url":"https:\/\/brasilnoticias.org\/site\/","name":"Brasil not\u00edcias","description":"Brasil not\u00edcias","publisher":{"@id":"https:\/\/brasilnoticias.org\/site\/#organization"},"potentialAction":[{"@type":"SearchAction","target":{"@type":"EntryPoint","urlTemplate":"https:\/\/brasilnoticias.org\/site\/?s={search_term_string}"},"query-input":{"@type":"PropertyValueSpecification","valueRequired":true,"valueName":"search_term_string"}}],"inLanguage":"pt-PT"},{"@type":"Organization","@id":"https:\/\/brasilnoticias.org\/site\/#organization","name":"Brasil not\u00edcias","url":"https:\/\/brasilnoticias.org\/site\/","logo":{"@type":"ImageObject","inLanguage":"pt-PT","@id":"https:\/\/brasilnoticias.org\/site\/#\/schema\/logo\/image\/","url":"https:\/\/brasilnoticias.org\/site\/wp-content\/uploads\/2022\/05\/cropped-brasilnoticias-mini.jpg","contentUrl":"https:\/\/brasilnoticias.org\/site\/wp-content\/uploads\/2022\/05\/cropped-brasilnoticias-mini.jpg","width":314,"height":86,"caption":"Brasil not\u00edcias"},"image":{"@id":"https:\/\/brasilnoticias.org\/site\/#\/schema\/logo\/image\/"}},{"@type":"Person","@id":"https:\/\/brasilnoticias.org\/site\/#\/schema\/person\/03bbbfe6c7634ad18c26444ea39049fa","name":"Reda\u00e7\u00e3o","image":{"@type":"ImageObject","inLanguage":"pt-PT","@id":"https:\/\/brasilnoticias.org\/site\/#\/schema\/person\/image\/","url":"https:\/\/secure.gravatar.com\/avatar\/9ecaf7327a696cb23ad926fedded5f1f04d7049de9e445375d55b48c001a6e42?s=96&d=mm&r=g","contentUrl":"https:\/\/secure.gravatar.com\/avatar\/9ecaf7327a696cb23ad926fedded5f1f04d7049de9e445375d55b48c001a6e42?s=96&d=mm&r=g","caption":"Reda\u00e7\u00e3o"},"url":"https:\/\/brasilnoticias.org\/site\/author\/henrique\/"}]}},"_links":{"self":[{"href":"https:\/\/brasilnoticias.org\/site\/wp-json\/wp\/v2\/posts\/21440","targetHints":{"allow":["GET"]}}],"collection":[{"href":"https:\/\/brasilnoticias.org\/site\/wp-json\/wp\/v2\/posts"}],"about":[{"href":"https:\/\/brasilnoticias.org\/site\/wp-json\/wp\/v2\/types\/post"}],"author":[{"embeddable":true,"href":"https:\/\/brasilnoticias.org\/site\/wp-json\/wp\/v2\/users\/4"}],"replies":[{"embeddable":true,"href":"https:\/\/brasilnoticias.org\/site\/wp-json\/wp\/v2\/comments?post=21440"}],"version-history":[{"count":1,"href":"https:\/\/brasilnoticias.org\/site\/wp-json\/wp\/v2\/posts\/21440\/revisions"}],"predecessor-version":[{"id":21442,"href":"https:\/\/brasilnoticias.org\/site\/wp-json\/wp\/v2\/posts\/21440\/revisions\/21442"}],"wp:featuredmedia":[{"embeddable":true,"href":"https:\/\/brasilnoticias.org\/site\/wp-json\/wp\/v2\/media\/21441"}],"wp:attachment":[{"href":"https:\/\/brasilnoticias.org\/site\/wp-json\/wp\/v2\/media?parent=21440"}],"wp:term":[{"taxonomy":"category","embeddable":true,"href":"https:\/\/brasilnoticias.org\/site\/wp-json\/wp\/v2\/categories?post=21440"},{"taxonomy":"post_tag","embeddable":true,"href":"https:\/\/brasilnoticias.org\/site\/wp-json\/wp\/v2\/tags?post=21440"}],"curies":[{"name":"wp","href":"https:\/\/api.w.org\/{rel}","templated":true}]}}