{"id":21445,"date":"2026-04-08T21:33:05","date_gmt":"2026-04-09T00:33:05","guid":{"rendered":"https:\/\/brasilnoticias.org\/site\/?p=21445"},"modified":"2026-04-09T06:36:57","modified_gmt":"2026-04-09T09:36:57","slug":"nao-caberia-no-partido-afirma-presidente-do-pt-sobre-filiacao-de-binho-galinha-ao-avante","status":"publish","type":"post","link":"https:\/\/brasilnoticias.org\/site\/nao-caberia-no-partido-afirma-presidente-do-pt-sobre-filiacao-de-binho-galinha-ao-avante\/","title":{"rendered":"&#8216;N\u00e3o caberia no partido&#8217;, afirma presidente do PT sobre filia\u00e7\u00e3o de Binho Galinha ao Avante"},"content":{"rendered":"<h2 class=\"self-stretch font-sans text-headline-6 font-normal tracking-tight text-neutral-50\">T\u00e1ssio Brito evita atacar aliados, mas deixa claro desconforto com decis\u00e3o do partido aliado de abrigar deputado preso e investigado por suposta atua\u00e7\u00e3o em mil\u00edcia<\/h2>\n<p>Pela primeira vez desde a filia\u00e7\u00e3o do deputado estadual\u00a0<strong>Binho Galinha<\/strong>\u00a0ao Avante, um integrante da base do governador\u00a0<strong>Jer\u00f4nimo Rodrigues<\/strong>\u00a0comentou publicamente o assunto. E a manifesta\u00e7\u00e3o veio justamente do presidente estadual do PT,\u00a0<strong>T\u00e1ssio Brito<\/strong>.<\/p>\n<p>Em entrevista ao programa\u00a0<em><strong>Boa Tarde Bahia, da Band News FM<\/strong><\/em>, apresentado pelo jornalista\u00a0<strong>Victor Pinto<\/strong>, o dirigente adotou um tom diplom\u00e1tico, mas deixou claro que a sigla n\u00e3o concordaria com uma movimenta\u00e7\u00e3o semelhante.<\/p>\n<p>\u201c<strong>Olha, eu respeito muito as movimenta\u00e7\u00f5es dos partidos aliados para disputar a elei\u00e7\u00e3o. Cada partido toma sua decis\u00e3o, cada partido entende qual \u00e9 o melhor momento, qual \u00e9 o melhor time que monta. O que eu posso falar \u00e9 pelo PT. No PT a gente n\u00e3o faria um movimento desse. Agora, eu respeito os partidos que debatem e que acham que devem fazer as movimenta\u00e7\u00f5es suas. N\u00e3o cabe a mim julgar se est\u00e1 certo ou se est\u00e1 errado. N\u00e3o caberia no PT essa movimenta\u00e7\u00e3o<\/strong>\u201d, afirmou.<\/p>\n<p>A declara\u00e7\u00e3o ocorre ap\u00f3s dias de\u00a0<a href=\"https:\/\/www.blogdovila.com.br\/noticia\/aleluia-binho\" target=\"_blank\" rel=\"noopener\"><strong>forte repercuss\u00e3o<\/strong><\/a>\u00a0nos bastidores da pol\u00edtica baiana\u00a0<a href=\"https:\/\/www.blogdovila.com.br\/noticia\/bruno-lula-binho\" target=\"_blank\" rel=\"noopener\"><strong>em torno da ida do parlamentar para o Avante<\/strong><\/a>. Preso desde outubro do ano passado, ele deixou o PRD, acertou filia\u00e7\u00e3o \u00e0 legenda aliada do governo\u00a0<a href=\"https:\/\/www.blogdovila.com.br\/noticia\/binho-avante\" target=\"_blank\" rel=\"noopener\"><strong>no \u00faltima dia 12 de janeiro, como mostrou com exclusividade o Blog do Vila<\/strong><\/a>, e mant\u00e9m a inten\u00e7\u00e3o de disputar a reelei\u00e7\u00e3o.<\/p>\n<p>Aliados relataram ao blog que\u00a0<strong>a filia\u00e7\u00e3o gerou desconforto entre partidos da pr\u00f3pria base<\/strong>, sobretudo porque o Avante \u00e9 apontado como uma das legendas em processo de fortalecimento para a disputa proporcional, com\u00a0<a href=\"https:\/\/www.blogdovila.com.br\/noticia\/janela-final\" target=\"_blank\" rel=\"noopener\"><strong>crescimento acelerado na Assembleia Legislativa<\/strong><\/a>, de onde passou de um para sete representantes e passou a formar uma das maiores bancadas.<\/p>\n<p>O pr\u00e9-candidato ao Senado pelo PT,\u00a0<strong>Rui Costa<\/strong>, dito nos bastidores como\u00a0<strong>principal articulador da agremia\u00e7\u00e3o<\/strong>, o governador\u00a0<strong>Jer\u00f4nimo Rodrigues<\/strong>\u00a0(PT),\u00a0<a href=\"https:\/\/www.instagram.com\/binho.galinha\/\" target=\"_blank\" rel=\"noopener\"><strong>figura frequente nas redes sociais de Binho Galinha<\/strong><\/a>, e a dire\u00e7\u00e3o do partido na Bahia, comandado pelo ex-deputado federal\u00a0<strong>Ronaldo Carletto<\/strong>, ainda n\u00e3o se manifestaram sobre o assunto.<\/p>\n<p>O deputado \u00e9 investigado por suposta lideran\u00e7a de uma mil\u00edcia com atua\u00e7\u00e3o em Feira de Santana.\u00a0<strong>Binho Galinha \u00e9 apontado pelas investiga\u00e7\u00f5es como chefe de uma organiza\u00e7\u00e3o criminosa<\/strong>\u00a0com atua\u00e7\u00e3o sobretudo na regi\u00e3o de Feira de Santana. Segundo as apura\u00e7\u00f5es das opera\u00e7\u00f5es El Patr\u00f3n e Estado An\u00f4mico, o grupo \u00e9\u00a0<strong>suspeito de envolvimento com lavagem de dinheiro, obstru\u00e7\u00e3o da Justi\u00e7a, jogo do bicho, agiotagem, recepta\u00e7\u00e3o qualificada, usurpa\u00e7\u00e3o de fun\u00e7\u00e3o p\u00fablica, embara\u00e7o a investiga\u00e7\u00f5es, com\u00e9rcio ilegal de armas e tr\u00e1fico de drogas<\/strong>.<\/p>\n<p>A defesa nega as acusa\u00e7\u00f5es e afirma que ele colabora com as investiga\u00e7\u00f5es do processo.<\/p>\n<p>&nbsp;<\/p>\n<p>Fonte: Blog do Vila<\/p>\n","protected":false},"excerpt":{"rendered":"<p>T\u00e1ssio Brito evita atacar aliados, mas deixa claro desconforto com decis\u00e3o do partido aliado de abrigar deputado preso e investigado<\/p>\n","protected":false},"author":4,"featured_media":21446,"comment_status":"open","ping_status":"open","sticky":false,"template":"","format":"standard","meta":{"colormag_page_container_layout":"default_layout","colormag_page_sidebar_layout":"default_layout","_FSMCFIC_featured_image_caption":"","_FSMCFIC_featured_image_nocaption":"","_FSMCFIC_featured_image_hide":"","footnotes":""},"categories":[5,1],"tags":[],"class_list":["post-21445","post","type-post","status-publish","format-standard","has-post-thumbnail","hentry","category-politica","category-ultimas"],"yoast_head":"<!-- This site is optimized with the Yoast SEO plugin v27.1.1 - https:\/\/yoast.com\/product\/yoast-seo-wordpress\/ -->\n<title>&#039;N\u00e3o caberia no partido&#039;, afirma presidente do PT sobre filia\u00e7\u00e3o de Binho Galinha ao Avante - Brasil not\u00edcias<\/title>\n<meta name=\"robots\" content=\"index, follow, max-snippet:-1, max-image-preview:large, max-video-preview:-1\" \/>\n<link rel=\"canonical\" href=\"https:\/\/brasilnoticias.org\/site\/nao-caberia-no-partido-afirma-presidente-do-pt-sobre-filiacao-de-binho-galinha-ao-avante\/\" \/>\n<meta property=\"og:locale\" content=\"pt_PT\" \/>\n<meta property=\"og:type\" content=\"article\" \/>\n<meta property=\"og:title\" content=\"&#039;N\u00e3o caberia no partido&#039;, afirma presidente do PT sobre filia\u00e7\u00e3o de Binho Galinha ao Avante - Brasil not\u00edcias\" \/>\n<meta property=\"og:description\" content=\"T\u00e1ssio Brito evita atacar aliados, mas deixa claro desconforto com decis\u00e3o do partido aliado de abrigar deputado preso e investigado\" \/>\n<meta property=\"og:url\" content=\"https:\/\/brasilnoticias.org\/site\/nao-caberia-no-partido-afirma-presidente-do-pt-sobre-filiacao-de-binho-galinha-ao-avante\/\" \/>\n<meta property=\"og:site_name\" content=\"Brasil not\u00edcias\" \/>\n<meta property=\"article:published_time\" content=\"2026-04-09T00:33:05+00:00\" \/>\n<meta property=\"article:modified_time\" content=\"2026-04-09T09:36:57+00:00\" \/>\n<meta property=\"og:image\" content=\"https:\/\/brasilnoticias.org\/site\/wp-content\/uploads\/2026\/04\/WhatsApp-Image-2026-04-08-at-15.08.05.jpeg\" \/>\n\t<meta property=\"og:image:width\" content=\"1600\" \/>\n\t<meta property=\"og:image:height\" content=\"900\" \/>\n\t<meta property=\"og:image:type\" content=\"image\/jpeg\" \/>\n<meta name=\"author\" content=\"Reda\u00e7\u00e3o\" \/>\n<meta name=\"twitter:card\" content=\"summary_large_image\" \/>\n<meta name=\"twitter:label1\" content=\"Escrito por\" \/>\n\t<meta name=\"twitter:data1\" content=\"Reda\u00e7\u00e3o\" \/>\n\t<meta name=\"twitter:label2\" content=\"Tempo estimado de leitura\" \/>\n\t<meta name=\"twitter:data2\" content=\"3 minutos\" \/>\n<script type=\"application\/ld+json\" class=\"yoast-schema-graph\">{\"@context\":\"https:\/\/schema.org\",\"@graph\":[{\"@type\":\"Article\",\"@id\":\"https:\/\/brasilnoticias.org\/site\/nao-caberia-no-partido-afirma-presidente-do-pt-sobre-filiacao-de-binho-galinha-ao-avante\/#article\",\"isPartOf\":{\"@id\":\"https:\/\/brasilnoticias.org\/site\/nao-caberia-no-partido-afirma-presidente-do-pt-sobre-filiacao-de-binho-galinha-ao-avante\/\"},\"author\":{\"name\":\"Reda\u00e7\u00e3o\",\"@id\":\"https:\/\/brasilnoticias.org\/site\/#\/schema\/person\/03bbbfe6c7634ad18c26444ea39049fa\"},\"headline\":\"&#8216;N\u00e3o caberia no partido&#8217;, afirma presidente do PT sobre filia\u00e7\u00e3o de Binho Galinha ao Avante\",\"datePublished\":\"2026-04-09T00:33:05+00:00\",\"dateModified\":\"2026-04-09T09:36:57+00:00\",\"mainEntityOfPage\":{\"@id\":\"https:\/\/brasilnoticias.org\/site\/nao-caberia-no-partido-afirma-presidente-do-pt-sobre-filiacao-de-binho-galinha-ao-avante\/\"},\"wordCount\":511,\"commentCount\":0,\"publisher\":{\"@id\":\"https:\/\/brasilnoticias.org\/site\/#organization\"},\"image\":{\"@id\":\"https:\/\/brasilnoticias.org\/site\/nao-caberia-no-partido-afirma-presidente-do-pt-sobre-filiacao-de-binho-galinha-ao-avante\/#primaryimage\"},\"thumbnailUrl\":\"https:\/\/brasilnoticias.org\/site\/wp-content\/uploads\/2026\/04\/WhatsApp-Image-2026-04-08-at-15.08.05.jpeg\",\"articleSection\":[\"Pol\u00edtica\",\"\u00daltimas\"],\"inLanguage\":\"pt-PT\",\"potentialAction\":[{\"@type\":\"CommentAction\",\"name\":\"Comment\",\"target\":[\"https:\/\/brasilnoticias.org\/site\/nao-caberia-no-partido-afirma-presidente-do-pt-sobre-filiacao-de-binho-galinha-ao-avante\/#respond\"]}]},{\"@type\":\"WebPage\",\"@id\":\"https:\/\/brasilnoticias.org\/site\/nao-caberia-no-partido-afirma-presidente-do-pt-sobre-filiacao-de-binho-galinha-ao-avante\/\",\"url\":\"https:\/\/brasilnoticias.org\/site\/nao-caberia-no-partido-afirma-presidente-do-pt-sobre-filiacao-de-binho-galinha-ao-avante\/\",\"name\":\"'N\u00e3o caberia no partido', afirma presidente do PT sobre filia\u00e7\u00e3o de Binho Galinha ao Avante - Brasil not\u00edcias\",\"isPartOf\":{\"@id\":\"https:\/\/brasilnoticias.org\/site\/#website\"},\"primaryImageOfPage\":{\"@id\":\"https:\/\/brasilnoticias.org\/site\/nao-caberia-no-partido-afirma-presidente-do-pt-sobre-filiacao-de-binho-galinha-ao-avante\/#primaryimage\"},\"image\":{\"@id\":\"https:\/\/brasilnoticias.org\/site\/nao-caberia-no-partido-afirma-presidente-do-pt-sobre-filiacao-de-binho-galinha-ao-avante\/#primaryimage\"},\"thumbnailUrl\":\"https:\/\/brasilnoticias.org\/site\/wp-content\/uploads\/2026\/04\/WhatsApp-Image-2026-04-08-at-15.08.05.jpeg\",\"datePublished\":\"2026-04-09T00:33:05+00:00\",\"dateModified\":\"2026-04-09T09:36:57+00:00\",\"breadcrumb\":{\"@id\":\"https:\/\/brasilnoticias.org\/site\/nao-caberia-no-partido-afirma-presidente-do-pt-sobre-filiacao-de-binho-galinha-ao-avante\/#breadcrumb\"},\"inLanguage\":\"pt-PT\",\"potentialAction\":[{\"@type\":\"ReadAction\",\"target\":[\"https:\/\/brasilnoticias.org\/site\/nao-caberia-no-partido-afirma-presidente-do-pt-sobre-filiacao-de-binho-galinha-ao-avante\/\"]}]},{\"@type\":\"ImageObject\",\"inLanguage\":\"pt-PT\",\"@id\":\"https:\/\/brasilnoticias.org\/site\/nao-caberia-no-partido-afirma-presidente-do-pt-sobre-filiacao-de-binho-galinha-ao-avante\/#primaryimage\",\"url\":\"https:\/\/brasilnoticias.org\/site\/wp-content\/uploads\/2026\/04\/WhatsApp-Image-2026-04-08-at-15.08.05.jpeg\",\"contentUrl\":\"https:\/\/brasilnoticias.org\/site\/wp-content\/uploads\/2026\/04\/WhatsApp-Image-2026-04-08-at-15.08.05.jpeg\",\"width\":1600,\"height\":900,\"caption\":\"Foto: Divulga\u00e7\u00e3o\"},{\"@type\":\"BreadcrumbList\",\"@id\":\"https:\/\/brasilnoticias.org\/site\/nao-caberia-no-partido-afirma-presidente-do-pt-sobre-filiacao-de-binho-galinha-ao-avante\/#breadcrumb\",\"itemListElement\":[{\"@type\":\"ListItem\",\"position\":1,\"name\":\"In\u00edcio\",\"item\":\"https:\/\/brasilnoticias.org\/site\/\"},{\"@type\":\"ListItem\",\"position\":2,\"name\":\"&#8216;N\u00e3o caberia no partido&#8217;, afirma presidente do PT sobre filia\u00e7\u00e3o de Binho Galinha ao Avante\"}]},{\"@type\":\"WebSite\",\"@id\":\"https:\/\/brasilnoticias.org\/site\/#website\",\"url\":\"https:\/\/brasilnoticias.org\/site\/\",\"name\":\"Brasil not\u00edcias\",\"description\":\"Brasil not\u00edcias\",\"publisher\":{\"@id\":\"https:\/\/brasilnoticias.org\/site\/#organization\"},\"potentialAction\":[{\"@type\":\"SearchAction\",\"target\":{\"@type\":\"EntryPoint\",\"urlTemplate\":\"https:\/\/brasilnoticias.org\/site\/?s={search_term_string}\"},\"query-input\":{\"@type\":\"PropertyValueSpecification\",\"valueRequired\":true,\"valueName\":\"search_term_string\"}}],\"inLanguage\":\"pt-PT\"},{\"@type\":\"Organization\",\"@id\":\"https:\/\/brasilnoticias.org\/site\/#organization\",\"name\":\"Brasil not\u00edcias\",\"url\":\"https:\/\/brasilnoticias.org\/site\/\",\"logo\":{\"@type\":\"ImageObject\",\"inLanguage\":\"pt-PT\",\"@id\":\"https:\/\/brasilnoticias.org\/site\/#\/schema\/logo\/image\/\",\"url\":\"https:\/\/brasilnoticias.org\/site\/wp-content\/uploads\/2022\/05\/cropped-brasilnoticias-mini.jpg\",\"contentUrl\":\"https:\/\/brasilnoticias.org\/site\/wp-content\/uploads\/2022\/05\/cropped-brasilnoticias-mini.jpg\",\"width\":314,\"height\":86,\"caption\":\"Brasil not\u00edcias\"},\"image\":{\"@id\":\"https:\/\/brasilnoticias.org\/site\/#\/schema\/logo\/image\/\"}},{\"@type\":\"Person\",\"@id\":\"https:\/\/brasilnoticias.org\/site\/#\/schema\/person\/03bbbfe6c7634ad18c26444ea39049fa\",\"name\":\"Reda\u00e7\u00e3o\",\"image\":{\"@type\":\"ImageObject\",\"inLanguage\":\"pt-PT\",\"@id\":\"https:\/\/brasilnoticias.org\/site\/#\/schema\/person\/image\/\",\"url\":\"https:\/\/secure.gravatar.com\/avatar\/9ecaf7327a696cb23ad926fedded5f1f04d7049de9e445375d55b48c001a6e42?s=96&d=mm&r=g\",\"contentUrl\":\"https:\/\/secure.gravatar.com\/avatar\/9ecaf7327a696cb23ad926fedded5f1f04d7049de9e445375d55b48c001a6e42?s=96&d=mm&r=g\",\"caption\":\"Reda\u00e7\u00e3o\"},\"url\":\"https:\/\/brasilnoticias.org\/site\/author\/henrique\/\"}]}<\/script>\n<!-- \/ Yoast SEO plugin. -->","yoast_head_json":{"title":"'N\u00e3o caberia no partido', afirma presidente do PT sobre filia\u00e7\u00e3o de Binho Galinha ao Avante - Brasil not\u00edcias","robots":{"index":"index","follow":"follow","max-snippet":"max-snippet:-1","max-image-preview":"max-image-preview:large","max-video-preview":"max-video-preview:-1"},"canonical":"https:\/\/brasilnoticias.org\/site\/nao-caberia-no-partido-afirma-presidente-do-pt-sobre-filiacao-de-binho-galinha-ao-avante\/","og_locale":"pt_PT","og_type":"article","og_title":"'N\u00e3o caberia no partido', afirma presidente do PT sobre filia\u00e7\u00e3o de Binho Galinha ao Avante - Brasil not\u00edcias","og_description":"T\u00e1ssio Brito evita atacar aliados, mas deixa claro desconforto com decis\u00e3o do partido aliado de abrigar deputado preso e investigado","og_url":"https:\/\/brasilnoticias.org\/site\/nao-caberia-no-partido-afirma-presidente-do-pt-sobre-filiacao-de-binho-galinha-ao-avante\/","og_site_name":"Brasil not\u00edcias","article_published_time":"2026-04-09T00:33:05+00:00","article_modified_time":"2026-04-09T09:36:57+00:00","og_image":[{"width":1600,"height":900,"url":"https:\/\/brasilnoticias.org\/site\/wp-content\/uploads\/2026\/04\/WhatsApp-Image-2026-04-08-at-15.08.05.jpeg","type":"image\/jpeg"}],"author":"Reda\u00e7\u00e3o","twitter_card":"summary_large_image","twitter_misc":{"Escrito por":"Reda\u00e7\u00e3o","Tempo estimado de leitura":"3 minutos"},"schema":{"@context":"https:\/\/schema.org","@graph":[{"@type":"Article","@id":"https:\/\/brasilnoticias.org\/site\/nao-caberia-no-partido-afirma-presidente-do-pt-sobre-filiacao-de-binho-galinha-ao-avante\/#article","isPartOf":{"@id":"https:\/\/brasilnoticias.org\/site\/nao-caberia-no-partido-afirma-presidente-do-pt-sobre-filiacao-de-binho-galinha-ao-avante\/"},"author":{"name":"Reda\u00e7\u00e3o","@id":"https:\/\/brasilnoticias.org\/site\/#\/schema\/person\/03bbbfe6c7634ad18c26444ea39049fa"},"headline":"&#8216;N\u00e3o caberia no partido&#8217;, afirma presidente do PT sobre filia\u00e7\u00e3o de Binho Galinha ao Avante","datePublished":"2026-04-09T00:33:05+00:00","dateModified":"2026-04-09T09:36:57+00:00","mainEntityOfPage":{"@id":"https:\/\/brasilnoticias.org\/site\/nao-caberia-no-partido-afirma-presidente-do-pt-sobre-filiacao-de-binho-galinha-ao-avante\/"},"wordCount":511,"commentCount":0,"publisher":{"@id":"https:\/\/brasilnoticias.org\/site\/#organization"},"image":{"@id":"https:\/\/brasilnoticias.org\/site\/nao-caberia-no-partido-afirma-presidente-do-pt-sobre-filiacao-de-binho-galinha-ao-avante\/#primaryimage"},"thumbnailUrl":"https:\/\/brasilnoticias.org\/site\/wp-content\/uploads\/2026\/04\/WhatsApp-Image-2026-04-08-at-15.08.05.jpeg","articleSection":["Pol\u00edtica","\u00daltimas"],"inLanguage":"pt-PT","potentialAction":[{"@type":"CommentAction","name":"Comment","target":["https:\/\/brasilnoticias.org\/site\/nao-caberia-no-partido-afirma-presidente-do-pt-sobre-filiacao-de-binho-galinha-ao-avante\/#respond"]}]},{"@type":"WebPage","@id":"https:\/\/brasilnoticias.org\/site\/nao-caberia-no-partido-afirma-presidente-do-pt-sobre-filiacao-de-binho-galinha-ao-avante\/","url":"https:\/\/brasilnoticias.org\/site\/nao-caberia-no-partido-afirma-presidente-do-pt-sobre-filiacao-de-binho-galinha-ao-avante\/","name":"'N\u00e3o caberia no partido', afirma presidente do PT sobre filia\u00e7\u00e3o de Binho Galinha ao Avante - Brasil not\u00edcias","isPartOf":{"@id":"https:\/\/brasilnoticias.org\/site\/#website"},"primaryImageOfPage":{"@id":"https:\/\/brasilnoticias.org\/site\/nao-caberia-no-partido-afirma-presidente-do-pt-sobre-filiacao-de-binho-galinha-ao-avante\/#primaryimage"},"image":{"@id":"https:\/\/brasilnoticias.org\/site\/nao-caberia-no-partido-afirma-presidente-do-pt-sobre-filiacao-de-binho-galinha-ao-avante\/#primaryimage"},"thumbnailUrl":"https:\/\/brasilnoticias.org\/site\/wp-content\/uploads\/2026\/04\/WhatsApp-Image-2026-04-08-at-15.08.05.jpeg","datePublished":"2026-04-09T00:33:05+00:00","dateModified":"2026-04-09T09:36:57+00:00","breadcrumb":{"@id":"https:\/\/brasilnoticias.org\/site\/nao-caberia-no-partido-afirma-presidente-do-pt-sobre-filiacao-de-binho-galinha-ao-avante\/#breadcrumb"},"inLanguage":"pt-PT","potentialAction":[{"@type":"ReadAction","target":["https:\/\/brasilnoticias.org\/site\/nao-caberia-no-partido-afirma-presidente-do-pt-sobre-filiacao-de-binho-galinha-ao-avante\/"]}]},{"@type":"ImageObject","inLanguage":"pt-PT","@id":"https:\/\/brasilnoticias.org\/site\/nao-caberia-no-partido-afirma-presidente-do-pt-sobre-filiacao-de-binho-galinha-ao-avante\/#primaryimage","url":"https:\/\/brasilnoticias.org\/site\/wp-content\/uploads\/2026\/04\/WhatsApp-Image-2026-04-08-at-15.08.05.jpeg","contentUrl":"https:\/\/brasilnoticias.org\/site\/wp-content\/uploads\/2026\/04\/WhatsApp-Image-2026-04-08-at-15.08.05.jpeg","width":1600,"height":900,"caption":"Foto: Divulga\u00e7\u00e3o"},{"@type":"BreadcrumbList","@id":"https:\/\/brasilnoticias.org\/site\/nao-caberia-no-partido-afirma-presidente-do-pt-sobre-filiacao-de-binho-galinha-ao-avante\/#breadcrumb","itemListElement":[{"@type":"ListItem","position":1,"name":"In\u00edcio","item":"https:\/\/brasilnoticias.org\/site\/"},{"@type":"ListItem","position":2,"name":"&#8216;N\u00e3o caberia no partido&#8217;, afirma presidente do PT sobre filia\u00e7\u00e3o de Binho Galinha ao Avante"}]},{"@type":"WebSite","@id":"https:\/\/brasilnoticias.org\/site\/#website","url":"https:\/\/brasilnoticias.org\/site\/","name":"Brasil not\u00edcias","description":"Brasil not\u00edcias","publisher":{"@id":"https:\/\/brasilnoticias.org\/site\/#organization"},"potentialAction":[{"@type":"SearchAction","target":{"@type":"EntryPoint","urlTemplate":"https:\/\/brasilnoticias.org\/site\/?s={search_term_string}"},"query-input":{"@type":"PropertyValueSpecification","valueRequired":true,"valueName":"search_term_string"}}],"inLanguage":"pt-PT"},{"@type":"Organization","@id":"https:\/\/brasilnoticias.org\/site\/#organization","name":"Brasil not\u00edcias","url":"https:\/\/brasilnoticias.org\/site\/","logo":{"@type":"ImageObject","inLanguage":"pt-PT","@id":"https:\/\/brasilnoticias.org\/site\/#\/schema\/logo\/image\/","url":"https:\/\/brasilnoticias.org\/site\/wp-content\/uploads\/2022\/05\/cropped-brasilnoticias-mini.jpg","contentUrl":"https:\/\/brasilnoticias.org\/site\/wp-content\/uploads\/2022\/05\/cropped-brasilnoticias-mini.jpg","width":314,"height":86,"caption":"Brasil not\u00edcias"},"image":{"@id":"https:\/\/brasilnoticias.org\/site\/#\/schema\/logo\/image\/"}},{"@type":"Person","@id":"https:\/\/brasilnoticias.org\/site\/#\/schema\/person\/03bbbfe6c7634ad18c26444ea39049fa","name":"Reda\u00e7\u00e3o","image":{"@type":"ImageObject","inLanguage":"pt-PT","@id":"https:\/\/brasilnoticias.org\/site\/#\/schema\/person\/image\/","url":"https:\/\/secure.gravatar.com\/avatar\/9ecaf7327a696cb23ad926fedded5f1f04d7049de9e445375d55b48c001a6e42?s=96&d=mm&r=g","contentUrl":"https:\/\/secure.gravatar.com\/avatar\/9ecaf7327a696cb23ad926fedded5f1f04d7049de9e445375d55b48c001a6e42?s=96&d=mm&r=g","caption":"Reda\u00e7\u00e3o"},"url":"https:\/\/brasilnoticias.org\/site\/author\/henrique\/"}]}},"_links":{"self":[{"href":"https:\/\/brasilnoticias.org\/site\/wp-json\/wp\/v2\/posts\/21445","targetHints":{"allow":["GET"]}}],"collection":[{"href":"https:\/\/brasilnoticias.org\/site\/wp-json\/wp\/v2\/posts"}],"about":[{"href":"https:\/\/brasilnoticias.org\/site\/wp-json\/wp\/v2\/types\/post"}],"author":[{"embeddable":true,"href":"https:\/\/brasilnoticias.org\/site\/wp-json\/wp\/v2\/users\/4"}],"replies":[{"embeddable":true,"href":"https:\/\/brasilnoticias.org\/site\/wp-json\/wp\/v2\/comments?post=21445"}],"version-history":[{"count":1,"href":"https:\/\/brasilnoticias.org\/site\/wp-json\/wp\/v2\/posts\/21445\/revisions"}],"predecessor-version":[{"id":21447,"href":"https:\/\/brasilnoticias.org\/site\/wp-json\/wp\/v2\/posts\/21445\/revisions\/21447"}],"wp:featuredmedia":[{"embeddable":true,"href":"https:\/\/brasilnoticias.org\/site\/wp-json\/wp\/v2\/media\/21446"}],"wp:attachment":[{"href":"https:\/\/brasilnoticias.org\/site\/wp-json\/wp\/v2\/media?parent=21445"}],"wp:term":[{"taxonomy":"category","embeddable":true,"href":"https:\/\/brasilnoticias.org\/site\/wp-json\/wp\/v2\/categories?post=21445"},{"taxonomy":"post_tag","embeddable":true,"href":"https:\/\/brasilnoticias.org\/site\/wp-json\/wp\/v2\/tags?post=21445"}],"curies":[{"name":"wp","href":"https:\/\/api.w.org\/{rel}","templated":true}]}}