{"id":21448,"date":"2026-04-08T22:38:20","date_gmt":"2026-04-09T01:38:20","guid":{"rendered":"https:\/\/brasilnoticias.org\/site\/?p=21448"},"modified":"2026-04-09T06:41:27","modified_gmt":"2026-04-09T09:41:27","slug":"vitoria-goleia-a-juazeirense-e-conquista-segunda-vitoria-consecutiva-na-copa-do-nordeste","status":"publish","type":"post","link":"https:\/\/brasilnoticias.org\/site\/vitoria-goleia-a-juazeirense-e-conquista-segunda-vitoria-consecutiva-na-copa-do-nordeste\/","title":{"rendered":"Vit\u00f3ria goleia a Juazeirense e conquista segunda vit\u00f3ria consecutiva na Copa do Nordeste"},"content":{"rendered":"<p data-start=\"204\" data-end=\"385\">O Esporte Clube Vit\u00f3ria venceu a Juazeirense por 4 a 0 na noite desta quarta-feira (9), no Barrad\u00e3o, pela Copa do Nordeste, e garantiu sua segunda vit\u00f3ria consecutiva na competi\u00e7\u00e3o.<\/p>\n<p data-start=\"387\" data-end=\"538\">Com atua\u00e7\u00e3o dominante e utilizando a equipe titular, o Rubro-Negro n\u00e3o deu chances ao advers\u00e1rio e construiu o placar com autoridade diante da torcida.<\/p>\n<h3 data-section-id=\"1snvne5\" data-start=\"540\" data-end=\"568\">Dom\u00ednio do in\u00edcio ao fim<\/h3>\n<p data-start=\"570\" data-end=\"708\">Desde os primeiros minutos, o Vit\u00f3ria mostrou superioridade em campo, controlando a posse de bola e criando diversas oportunidades de gol.<\/p>\n<p data-start=\"710\" data-end=\"872\">O primeiro gol saiu ainda na etapa inicial, dando tranquilidade \u00e0 equipe. Na sequ\u00eancia, o time ampliou o marcador e foi para o intervalo com vantagem confort\u00e1vel.<\/p>\n<h3 data-section-id=\"l1d0mi\" data-start=\"874\" data-end=\"913\">Goleada constru\u00edda no segundo tempo<\/h3>\n<p data-start=\"915\" data-end=\"1106\">Na segunda etapa, o Vit\u00f3ria manteve o ritmo e confirmou a goleada. Com boa movimenta\u00e7\u00e3o ofensiva e aproveitamento das chances criadas, o time marcou mais dois gols e fechou o placar em 4 a 0.<\/p>\n<p data-start=\"1108\" data-end=\"1181\">A atua\u00e7\u00e3o s\u00f3lida refor\u00e7ou o bom momento da equipe na competi\u00e7\u00e3o regional.<\/p>\n<h3 data-section-id=\"k0d1em\" data-start=\"1183\" data-end=\"1215\">Situa\u00e7\u00e3o na Copa do Nordeste<\/h3>\n<p data-start=\"1217\" data-end=\"1343\">Com o resultado, o Vit\u00f3ria soma mais tr\u00eas pontos e ganha for\u00e7a na briga pela classifica\u00e7\u00e3o \u00e0 pr\u00f3xima fase da Copa do Nordeste.<\/p>\n<p data-start=\"1345\" data-end=\"1471\">A sequ\u00eancia positiva aumenta a confian\u00e7a do elenco e da comiss\u00e3o t\u00e9cnica, que buscam manter o desempenho nas pr\u00f3ximas rodadas.<\/p>\n<h3 data-section-id=\"p4orvb\" data-start=\"1473\" data-end=\"1492\">Pr\u00f3ximo desafio<\/h3>\n<p data-start=\"1494\" data-end=\"1623\">Ap\u00f3s o triunfo no Nordest\u00e3o, o Vit\u00f3ria volta a focar no Campeonato Brasileiro, onde tenta se afastar da parte de baixo da tabela.<\/p>\n<p data-start=\"1625\" data-end=\"1721\">O pr\u00f3ximo compromisso da equipe ser\u00e1 fora de casa, em mais um confronto importante na temporada.<\/p>\n","protected":false},"excerpt":{"rendered":"<p>O Esporte Clube Vit\u00f3ria venceu a Juazeirense por 4 a 0 na noite desta quarta-feira (9), no Barrad\u00e3o, pela Copa<\/p>\n","protected":false},"author":4,"featured_media":21449,"comment_status":"open","ping_status":"open","sticky":false,"template":"","format":"standard","meta":{"colormag_page_container_layout":"default_layout","colormag_page_sidebar_layout":"default_layout","_FSMCFIC_featured_image_caption":"","_FSMCFIC_featured_image_nocaption":"","_FSMCFIC_featured_image_hide":"","footnotes":""},"categories":[4,1],"tags":[],"class_list":["post-21448","post","type-post","status-publish","format-standard","has-post-thumbnail","hentry","category-esporte","category-ultimas"],"yoast_head":"<!-- This site is optimized with the Yoast SEO plugin v27.1.1 - https:\/\/yoast.com\/product\/yoast-seo-wordpress\/ -->\n<title>Vit\u00f3ria goleia a Juazeirense e conquista segunda vit\u00f3ria consecutiva na Copa do Nordeste - Brasil not\u00edcias<\/title>\n<meta name=\"robots\" content=\"index, follow, max-snippet:-1, max-image-preview:large, max-video-preview:-1\" \/>\n<link rel=\"canonical\" href=\"https:\/\/brasilnoticias.org\/site\/vitoria-goleia-a-juazeirense-e-conquista-segunda-vitoria-consecutiva-na-copa-do-nordeste\/\" \/>\n<meta property=\"og:locale\" content=\"pt_PT\" \/>\n<meta property=\"og:type\" content=\"article\" \/>\n<meta property=\"og:title\" content=\"Vit\u00f3ria goleia a Juazeirense e conquista segunda vit\u00f3ria consecutiva na Copa do Nordeste - Brasil not\u00edcias\" \/>\n<meta property=\"og:description\" content=\"O Esporte Clube Vit\u00f3ria venceu a Juazeirense por 4 a 0 na noite desta quarta-feira (9), no Barrad\u00e3o, pela Copa\" \/>\n<meta property=\"og:url\" content=\"https:\/\/brasilnoticias.org\/site\/vitoria-goleia-a-juazeirense-e-conquista-segunda-vitoria-consecutiva-na-copa-do-nordeste\/\" \/>\n<meta property=\"og:site_name\" content=\"Brasil not\u00edcias\" \/>\n<meta property=\"article:published_time\" content=\"2026-04-09T01:38:20+00:00\" \/>\n<meta property=\"article:modified_time\" content=\"2026-04-09T09:41:27+00:00\" \/>\n<meta property=\"og:image\" content=\"https:\/\/brasilnoticias.org\/site\/wp-content\/uploads\/2026\/04\/180727com-titulares-vitoria-goleia-a-juazeirense-e-vence-a-segunda-no-nordestao-3.jpg\" \/>\n\t<meta property=\"og:image:width\" content=\"1600\" \/>\n\t<meta property=\"og:image:height\" content=\"752\" \/>\n\t<meta property=\"og:image:type\" content=\"image\/jpeg\" \/>\n<meta name=\"author\" content=\"Reda\u00e7\u00e3o\" \/>\n<meta name=\"twitter:card\" content=\"summary_large_image\" \/>\n<meta name=\"twitter:label1\" content=\"Escrito por\" \/>\n\t<meta name=\"twitter:data1\" content=\"Reda\u00e7\u00e3o\" \/>\n\t<meta name=\"twitter:label2\" content=\"Tempo estimado de leitura\" \/>\n\t<meta name=\"twitter:data2\" content=\"2 minutos\" \/>\n<script type=\"application\/ld+json\" class=\"yoast-schema-graph\">{\"@context\":\"https:\/\/schema.org\",\"@graph\":[{\"@type\":\"Article\",\"@id\":\"https:\/\/brasilnoticias.org\/site\/vitoria-goleia-a-juazeirense-e-conquista-segunda-vitoria-consecutiva-na-copa-do-nordeste\/#article\",\"isPartOf\":{\"@id\":\"https:\/\/brasilnoticias.org\/site\/vitoria-goleia-a-juazeirense-e-conquista-segunda-vitoria-consecutiva-na-copa-do-nordeste\/\"},\"author\":{\"name\":\"Reda\u00e7\u00e3o\",\"@id\":\"https:\/\/brasilnoticias.org\/site\/#\/schema\/person\/03bbbfe6c7634ad18c26444ea39049fa\"},\"headline\":\"Vit\u00f3ria goleia a Juazeirense e conquista segunda vit\u00f3ria consecutiva na Copa do Nordeste\",\"datePublished\":\"2026-04-09T01:38:20+00:00\",\"dateModified\":\"2026-04-09T09:41:27+00:00\",\"mainEntityOfPage\":{\"@id\":\"https:\/\/brasilnoticias.org\/site\/vitoria-goleia-a-juazeirense-e-conquista-segunda-vitoria-consecutiva-na-copa-do-nordeste\/\"},\"wordCount\":291,\"commentCount\":0,\"publisher\":{\"@id\":\"https:\/\/brasilnoticias.org\/site\/#organization\"},\"image\":{\"@id\":\"https:\/\/brasilnoticias.org\/site\/vitoria-goleia-a-juazeirense-e-conquista-segunda-vitoria-consecutiva-na-copa-do-nordeste\/#primaryimage\"},\"thumbnailUrl\":\"https:\/\/brasilnoticias.org\/site\/wp-content\/uploads\/2026\/04\/180727com-titulares-vitoria-goleia-a-juazeirense-e-vence-a-segunda-no-nordestao-3.jpg\",\"articleSection\":[\"Esporte\",\"\u00daltimas\"],\"inLanguage\":\"pt-PT\",\"potentialAction\":[{\"@type\":\"CommentAction\",\"name\":\"Comment\",\"target\":[\"https:\/\/brasilnoticias.org\/site\/vitoria-goleia-a-juazeirense-e-conquista-segunda-vitoria-consecutiva-na-copa-do-nordeste\/#respond\"]}]},{\"@type\":\"WebPage\",\"@id\":\"https:\/\/brasilnoticias.org\/site\/vitoria-goleia-a-juazeirense-e-conquista-segunda-vitoria-consecutiva-na-copa-do-nordeste\/\",\"url\":\"https:\/\/brasilnoticias.org\/site\/vitoria-goleia-a-juazeirense-e-conquista-segunda-vitoria-consecutiva-na-copa-do-nordeste\/\",\"name\":\"Vit\u00f3ria goleia a Juazeirense e conquista segunda vit\u00f3ria consecutiva na Copa do Nordeste - Brasil not\u00edcias\",\"isPartOf\":{\"@id\":\"https:\/\/brasilnoticias.org\/site\/#website\"},\"primaryImageOfPage\":{\"@id\":\"https:\/\/brasilnoticias.org\/site\/vitoria-goleia-a-juazeirense-e-conquista-segunda-vitoria-consecutiva-na-copa-do-nordeste\/#primaryimage\"},\"image\":{\"@id\":\"https:\/\/brasilnoticias.org\/site\/vitoria-goleia-a-juazeirense-e-conquista-segunda-vitoria-consecutiva-na-copa-do-nordeste\/#primaryimage\"},\"thumbnailUrl\":\"https:\/\/brasilnoticias.org\/site\/wp-content\/uploads\/2026\/04\/180727com-titulares-vitoria-goleia-a-juazeirense-e-vence-a-segunda-no-nordestao-3.jpg\",\"datePublished\":\"2026-04-09T01:38:20+00:00\",\"dateModified\":\"2026-04-09T09:41:27+00:00\",\"breadcrumb\":{\"@id\":\"https:\/\/brasilnoticias.org\/site\/vitoria-goleia-a-juazeirense-e-conquista-segunda-vitoria-consecutiva-na-copa-do-nordeste\/#breadcrumb\"},\"inLanguage\":\"pt-PT\",\"potentialAction\":[{\"@type\":\"ReadAction\",\"target\":[\"https:\/\/brasilnoticias.org\/site\/vitoria-goleia-a-juazeirense-e-conquista-segunda-vitoria-consecutiva-na-copa-do-nordeste\/\"]}]},{\"@type\":\"ImageObject\",\"inLanguage\":\"pt-PT\",\"@id\":\"https:\/\/brasilnoticias.org\/site\/vitoria-goleia-a-juazeirense-e-conquista-segunda-vitoria-consecutiva-na-copa-do-nordeste\/#primaryimage\",\"url\":\"https:\/\/brasilnoticias.org\/site\/wp-content\/uploads\/2026\/04\/180727com-titulares-vitoria-goleia-a-juazeirense-e-vence-a-segunda-no-nordestao-3.jpg\",\"contentUrl\":\"https:\/\/brasilnoticias.org\/site\/wp-content\/uploads\/2026\/04\/180727com-titulares-vitoria-goleia-a-juazeirense-e-vence-a-segunda-no-nordestao-3.jpg\",\"width\":1600,\"height\":752,\"caption\":\"Foto: Victor Ferreira\/EC Vit\u00f3ria\"},{\"@type\":\"BreadcrumbList\",\"@id\":\"https:\/\/brasilnoticias.org\/site\/vitoria-goleia-a-juazeirense-e-conquista-segunda-vitoria-consecutiva-na-copa-do-nordeste\/#breadcrumb\",\"itemListElement\":[{\"@type\":\"ListItem\",\"position\":1,\"name\":\"In\u00edcio\",\"item\":\"https:\/\/brasilnoticias.org\/site\/\"},{\"@type\":\"ListItem\",\"position\":2,\"name\":\"Vit\u00f3ria goleia a Juazeirense e conquista segunda vit\u00f3ria consecutiva na Copa do Nordeste\"}]},{\"@type\":\"WebSite\",\"@id\":\"https:\/\/brasilnoticias.org\/site\/#website\",\"url\":\"https:\/\/brasilnoticias.org\/site\/\",\"name\":\"Brasil not\u00edcias\",\"description\":\"Brasil not\u00edcias\",\"publisher\":{\"@id\":\"https:\/\/brasilnoticias.org\/site\/#organization\"},\"potentialAction\":[{\"@type\":\"SearchAction\",\"target\":{\"@type\":\"EntryPoint\",\"urlTemplate\":\"https:\/\/brasilnoticias.org\/site\/?s={search_term_string}\"},\"query-input\":{\"@type\":\"PropertyValueSpecification\",\"valueRequired\":true,\"valueName\":\"search_term_string\"}}],\"inLanguage\":\"pt-PT\"},{\"@type\":\"Organization\",\"@id\":\"https:\/\/brasilnoticias.org\/site\/#organization\",\"name\":\"Brasil not\u00edcias\",\"url\":\"https:\/\/brasilnoticias.org\/site\/\",\"logo\":{\"@type\":\"ImageObject\",\"inLanguage\":\"pt-PT\",\"@id\":\"https:\/\/brasilnoticias.org\/site\/#\/schema\/logo\/image\/\",\"url\":\"https:\/\/brasilnoticias.org\/site\/wp-content\/uploads\/2022\/05\/cropped-brasilnoticias-mini.jpg\",\"contentUrl\":\"https:\/\/brasilnoticias.org\/site\/wp-content\/uploads\/2022\/05\/cropped-brasilnoticias-mini.jpg\",\"width\":314,\"height\":86,\"caption\":\"Brasil not\u00edcias\"},\"image\":{\"@id\":\"https:\/\/brasilnoticias.org\/site\/#\/schema\/logo\/image\/\"}},{\"@type\":\"Person\",\"@id\":\"https:\/\/brasilnoticias.org\/site\/#\/schema\/person\/03bbbfe6c7634ad18c26444ea39049fa\",\"name\":\"Reda\u00e7\u00e3o\",\"image\":{\"@type\":\"ImageObject\",\"inLanguage\":\"pt-PT\",\"@id\":\"https:\/\/brasilnoticias.org\/site\/#\/schema\/person\/image\/\",\"url\":\"https:\/\/secure.gravatar.com\/avatar\/9ecaf7327a696cb23ad926fedded5f1f04d7049de9e445375d55b48c001a6e42?s=96&d=mm&r=g\",\"contentUrl\":\"https:\/\/secure.gravatar.com\/avatar\/9ecaf7327a696cb23ad926fedded5f1f04d7049de9e445375d55b48c001a6e42?s=96&d=mm&r=g\",\"caption\":\"Reda\u00e7\u00e3o\"},\"url\":\"https:\/\/brasilnoticias.org\/site\/author\/henrique\/\"}]}<\/script>\n<!-- \/ Yoast SEO plugin. -->","yoast_head_json":{"title":"Vit\u00f3ria goleia a Juazeirense e conquista segunda vit\u00f3ria consecutiva na Copa do Nordeste - Brasil not\u00edcias","robots":{"index":"index","follow":"follow","max-snippet":"max-snippet:-1","max-image-preview":"max-image-preview:large","max-video-preview":"max-video-preview:-1"},"canonical":"https:\/\/brasilnoticias.org\/site\/vitoria-goleia-a-juazeirense-e-conquista-segunda-vitoria-consecutiva-na-copa-do-nordeste\/","og_locale":"pt_PT","og_type":"article","og_title":"Vit\u00f3ria goleia a Juazeirense e conquista segunda vit\u00f3ria consecutiva na Copa do Nordeste - Brasil not\u00edcias","og_description":"O Esporte Clube Vit\u00f3ria venceu a Juazeirense por 4 a 0 na noite desta quarta-feira (9), no Barrad\u00e3o, pela Copa","og_url":"https:\/\/brasilnoticias.org\/site\/vitoria-goleia-a-juazeirense-e-conquista-segunda-vitoria-consecutiva-na-copa-do-nordeste\/","og_site_name":"Brasil not\u00edcias","article_published_time":"2026-04-09T01:38:20+00:00","article_modified_time":"2026-04-09T09:41:27+00:00","og_image":[{"width":1600,"height":752,"url":"https:\/\/brasilnoticias.org\/site\/wp-content\/uploads\/2026\/04\/180727com-titulares-vitoria-goleia-a-juazeirense-e-vence-a-segunda-no-nordestao-3.jpg","type":"image\/jpeg"}],"author":"Reda\u00e7\u00e3o","twitter_card":"summary_large_image","twitter_misc":{"Escrito por":"Reda\u00e7\u00e3o","Tempo estimado de leitura":"2 minutos"},"schema":{"@context":"https:\/\/schema.org","@graph":[{"@type":"Article","@id":"https:\/\/brasilnoticias.org\/site\/vitoria-goleia-a-juazeirense-e-conquista-segunda-vitoria-consecutiva-na-copa-do-nordeste\/#article","isPartOf":{"@id":"https:\/\/brasilnoticias.org\/site\/vitoria-goleia-a-juazeirense-e-conquista-segunda-vitoria-consecutiva-na-copa-do-nordeste\/"},"author":{"name":"Reda\u00e7\u00e3o","@id":"https:\/\/brasilnoticias.org\/site\/#\/schema\/person\/03bbbfe6c7634ad18c26444ea39049fa"},"headline":"Vit\u00f3ria goleia a Juazeirense e conquista segunda vit\u00f3ria consecutiva na Copa do Nordeste","datePublished":"2026-04-09T01:38:20+00:00","dateModified":"2026-04-09T09:41:27+00:00","mainEntityOfPage":{"@id":"https:\/\/brasilnoticias.org\/site\/vitoria-goleia-a-juazeirense-e-conquista-segunda-vitoria-consecutiva-na-copa-do-nordeste\/"},"wordCount":291,"commentCount":0,"publisher":{"@id":"https:\/\/brasilnoticias.org\/site\/#organization"},"image":{"@id":"https:\/\/brasilnoticias.org\/site\/vitoria-goleia-a-juazeirense-e-conquista-segunda-vitoria-consecutiva-na-copa-do-nordeste\/#primaryimage"},"thumbnailUrl":"https:\/\/brasilnoticias.org\/site\/wp-content\/uploads\/2026\/04\/180727com-titulares-vitoria-goleia-a-juazeirense-e-vence-a-segunda-no-nordestao-3.jpg","articleSection":["Esporte","\u00daltimas"],"inLanguage":"pt-PT","potentialAction":[{"@type":"CommentAction","name":"Comment","target":["https:\/\/brasilnoticias.org\/site\/vitoria-goleia-a-juazeirense-e-conquista-segunda-vitoria-consecutiva-na-copa-do-nordeste\/#respond"]}]},{"@type":"WebPage","@id":"https:\/\/brasilnoticias.org\/site\/vitoria-goleia-a-juazeirense-e-conquista-segunda-vitoria-consecutiva-na-copa-do-nordeste\/","url":"https:\/\/brasilnoticias.org\/site\/vitoria-goleia-a-juazeirense-e-conquista-segunda-vitoria-consecutiva-na-copa-do-nordeste\/","name":"Vit\u00f3ria goleia a Juazeirense e conquista segunda vit\u00f3ria consecutiva na Copa do Nordeste - Brasil not\u00edcias","isPartOf":{"@id":"https:\/\/brasilnoticias.org\/site\/#website"},"primaryImageOfPage":{"@id":"https:\/\/brasilnoticias.org\/site\/vitoria-goleia-a-juazeirense-e-conquista-segunda-vitoria-consecutiva-na-copa-do-nordeste\/#primaryimage"},"image":{"@id":"https:\/\/brasilnoticias.org\/site\/vitoria-goleia-a-juazeirense-e-conquista-segunda-vitoria-consecutiva-na-copa-do-nordeste\/#primaryimage"},"thumbnailUrl":"https:\/\/brasilnoticias.org\/site\/wp-content\/uploads\/2026\/04\/180727com-titulares-vitoria-goleia-a-juazeirense-e-vence-a-segunda-no-nordestao-3.jpg","datePublished":"2026-04-09T01:38:20+00:00","dateModified":"2026-04-09T09:41:27+00:00","breadcrumb":{"@id":"https:\/\/brasilnoticias.org\/site\/vitoria-goleia-a-juazeirense-e-conquista-segunda-vitoria-consecutiva-na-copa-do-nordeste\/#breadcrumb"},"inLanguage":"pt-PT","potentialAction":[{"@type":"ReadAction","target":["https:\/\/brasilnoticias.org\/site\/vitoria-goleia-a-juazeirense-e-conquista-segunda-vitoria-consecutiva-na-copa-do-nordeste\/"]}]},{"@type":"ImageObject","inLanguage":"pt-PT","@id":"https:\/\/brasilnoticias.org\/site\/vitoria-goleia-a-juazeirense-e-conquista-segunda-vitoria-consecutiva-na-copa-do-nordeste\/#primaryimage","url":"https:\/\/brasilnoticias.org\/site\/wp-content\/uploads\/2026\/04\/180727com-titulares-vitoria-goleia-a-juazeirense-e-vence-a-segunda-no-nordestao-3.jpg","contentUrl":"https:\/\/brasilnoticias.org\/site\/wp-content\/uploads\/2026\/04\/180727com-titulares-vitoria-goleia-a-juazeirense-e-vence-a-segunda-no-nordestao-3.jpg","width":1600,"height":752,"caption":"Foto: Victor Ferreira\/EC Vit\u00f3ria"},{"@type":"BreadcrumbList","@id":"https:\/\/brasilnoticias.org\/site\/vitoria-goleia-a-juazeirense-e-conquista-segunda-vitoria-consecutiva-na-copa-do-nordeste\/#breadcrumb","itemListElement":[{"@type":"ListItem","position":1,"name":"In\u00edcio","item":"https:\/\/brasilnoticias.org\/site\/"},{"@type":"ListItem","position":2,"name":"Vit\u00f3ria goleia a Juazeirense e conquista segunda vit\u00f3ria consecutiva na Copa do Nordeste"}]},{"@type":"WebSite","@id":"https:\/\/brasilnoticias.org\/site\/#website","url":"https:\/\/brasilnoticias.org\/site\/","name":"Brasil not\u00edcias","description":"Brasil not\u00edcias","publisher":{"@id":"https:\/\/brasilnoticias.org\/site\/#organization"},"potentialAction":[{"@type":"SearchAction","target":{"@type":"EntryPoint","urlTemplate":"https:\/\/brasilnoticias.org\/site\/?s={search_term_string}"},"query-input":{"@type":"PropertyValueSpecification","valueRequired":true,"valueName":"search_term_string"}}],"inLanguage":"pt-PT"},{"@type":"Organization","@id":"https:\/\/brasilnoticias.org\/site\/#organization","name":"Brasil not\u00edcias","url":"https:\/\/brasilnoticias.org\/site\/","logo":{"@type":"ImageObject","inLanguage":"pt-PT","@id":"https:\/\/brasilnoticias.org\/site\/#\/schema\/logo\/image\/","url":"https:\/\/brasilnoticias.org\/site\/wp-content\/uploads\/2022\/05\/cropped-brasilnoticias-mini.jpg","contentUrl":"https:\/\/brasilnoticias.org\/site\/wp-content\/uploads\/2022\/05\/cropped-brasilnoticias-mini.jpg","width":314,"height":86,"caption":"Brasil not\u00edcias"},"image":{"@id":"https:\/\/brasilnoticias.org\/site\/#\/schema\/logo\/image\/"}},{"@type":"Person","@id":"https:\/\/brasilnoticias.org\/site\/#\/schema\/person\/03bbbfe6c7634ad18c26444ea39049fa","name":"Reda\u00e7\u00e3o","image":{"@type":"ImageObject","inLanguage":"pt-PT","@id":"https:\/\/brasilnoticias.org\/site\/#\/schema\/person\/image\/","url":"https:\/\/secure.gravatar.com\/avatar\/9ecaf7327a696cb23ad926fedded5f1f04d7049de9e445375d55b48c001a6e42?s=96&d=mm&r=g","contentUrl":"https:\/\/secure.gravatar.com\/avatar\/9ecaf7327a696cb23ad926fedded5f1f04d7049de9e445375d55b48c001a6e42?s=96&d=mm&r=g","caption":"Reda\u00e7\u00e3o"},"url":"https:\/\/brasilnoticias.org\/site\/author\/henrique\/"}]}},"_links":{"self":[{"href":"https:\/\/brasilnoticias.org\/site\/wp-json\/wp\/v2\/posts\/21448","targetHints":{"allow":["GET"]}}],"collection":[{"href":"https:\/\/brasilnoticias.org\/site\/wp-json\/wp\/v2\/posts"}],"about":[{"href":"https:\/\/brasilnoticias.org\/site\/wp-json\/wp\/v2\/types\/post"}],"author":[{"embeddable":true,"href":"https:\/\/brasilnoticias.org\/site\/wp-json\/wp\/v2\/users\/4"}],"replies":[{"embeddable":true,"href":"https:\/\/brasilnoticias.org\/site\/wp-json\/wp\/v2\/comments?post=21448"}],"version-history":[{"count":1,"href":"https:\/\/brasilnoticias.org\/site\/wp-json\/wp\/v2\/posts\/21448\/revisions"}],"predecessor-version":[{"id":21450,"href":"https:\/\/brasilnoticias.org\/site\/wp-json\/wp\/v2\/posts\/21448\/revisions\/21450"}],"wp:featuredmedia":[{"embeddable":true,"href":"https:\/\/brasilnoticias.org\/site\/wp-json\/wp\/v2\/media\/21449"}],"wp:attachment":[{"href":"https:\/\/brasilnoticias.org\/site\/wp-json\/wp\/v2\/media?parent=21448"}],"wp:term":[{"taxonomy":"category","embeddable":true,"href":"https:\/\/brasilnoticias.org\/site\/wp-json\/wp\/v2\/categories?post=21448"},{"taxonomy":"post_tag","embeddable":true,"href":"https:\/\/brasilnoticias.org\/site\/wp-json\/wp\/v2\/tags?post=21448"}],"curies":[{"name":"wp","href":"https:\/\/api.w.org\/{rel}","templated":true}]}}